{"id":40754,"date":"2018-02-14T11:18:45","date_gmt":"2018-02-14T13:18:45","guid":{"rendered":"http:\/\/folhapopular.info\/?p=40754"},"modified":"2018-02-14T11:19:04","modified_gmt":"2018-02-14T13:19:04","slug":"homem-de-51-anos-e-preso-apos-agredir-ex-namorada-de-17","status":"publish","type":"post","link":"https:\/\/folhapopular.info\/index.php\/2018\/02\/14\/homem-de-51-anos-e-preso-apos-agredir-ex-namorada-de-17\/","title":{"rendered":"Homem de 51 anos \u00e9 preso ap\u00f3s agredir ex-namorada de 17"},"content":{"rendered":"<p>Por volta das 4h da madrugada desta quarta-feira (14\/02), a Brigada Militar de Teut\u00f4nia foi acionada para atender um caso de viol\u00eancia dom\u00e9stica, na localidade de Posses, em Teut\u00f4nia. Conforme relatado \u00e0 pol\u00edcia, um homem de 51 anos tentou agredir sua ex-namorada, uma mo\u00e7a de 17 anos, com golpes de fac\u00e3o.<\/p>\n<p>Ele tentou atingir a cabe\u00e7a, quando a jovem se defendeu com os bra\u00e7os e sofreu ferimentos. A m\u00e3e da jovem presenciou a cena e tamb\u00e9m testemunhou contra o agressor. O caso foi enquadrado na Lei Maria da Penha. Ap\u00f3s atendimento no Hospital Ouro Branco, o registro foi efetuado na Delegacia de Pol\u00edcia de Pronto Atendimento (DPPA), em Lajeado.<\/p>\n<p>O homem de 51 anos restou preso por tentativa de homic\u00eddio.<\/p>\n","protected":false},"excerpt":{"rendered":"<p>Por volta das 4h da madrugada desta quarta-feira (14\/02), a Brigada Militar de Teut\u00f4nia foi acionada para atender um caso de viol\u00eancia dom\u00e9stica, na localidade de Posses, em Teut\u00f4nia. Conforme relatado \u00e0 pol\u00edcia, um homem de 51 anos tentou agredir sua ex-namorada, uma mo\u00e7a de 17 anos, com golpes de fac\u00e3o. Ele tentou atingir a [&hellip;]<\/p>\n","protected":false},"author":8,"featured_media":31970,"comment_status":"open","ping_status":"open","sticky":false,"template":"","format":"standard","meta":{"pmpro_default_level":"","_jetpack_memberships_contains_paid_content":false,"footnotes":""},"categories":[3,7],"tags":[2060,2059,2266,2016,26],"class_list":{"0":"post-40754","1":"post","2":"type-post","3":"status-publish","4":"format-standard","5":"has-post-thumbnail","7":"category-geral","8":"category-seguranca","9":"tag-agressao","10":"tag-lei-maria-da-penha","11":"tag-posses","12":"tag-tentativa-de-homicidio","13":"tag-teutonia","14":"pmpro-has-access"},"yoast_head":"<!-- This site is optimized with the Yoast SEO plugin v27.5 - https:\/\/yoast.com\/product\/yoast-seo-wordpress\/ -->\n<title>Homem de 51 anos \u00e9 preso ap\u00f3s agredir ex-namorada de 17 - Folha Popular<\/title>\n<meta name=\"robots\" content=\"index, follow, max-snippet:-1, max-image-preview:large, max-video-preview:-1\" \/>\n<link rel=\"canonical\" href=\"https:\/\/folhapopular.info\/index.php\/2018\/02\/14\/homem-de-51-anos-e-preso-apos-agredir-ex-namorada-de-17\/\" \/>\n<meta property=\"og:locale\" content=\"pt_BR\" \/>\n<meta property=\"og:type\" content=\"article\" \/>\n<meta property=\"og:title\" content=\"Homem de 51 anos \u00e9 preso ap\u00f3s agredir ex-namorada de 17 - Folha Popular\" \/>\n<meta property=\"og:description\" content=\"Por volta das 4h da madrugada desta quarta-feira (14\/02), a Brigada Militar de Teut\u00f4nia foi acionada para atender um caso de viol\u00eancia dom\u00e9stica, na localidade de Posses, em Teut\u00f4nia. Conforme relatado \u00e0 pol\u00edcia, um homem de 51 anos tentou agredir sua ex-namorada, uma mo\u00e7a de 17 anos, com golpes de fac\u00e3o. Ele tentou atingir a [&hellip;]\" \/>\n<meta property=\"og:url\" content=\"https:\/\/folhapopular.info\/index.php\/2018\/02\/14\/homem-de-51-anos-e-preso-apos-agredir-ex-namorada-de-17\/\" \/>\n<meta property=\"og:site_name\" content=\"Folha Popular\" \/>\n<meta property=\"article:published_time\" content=\"2018-02-14T13:18:45+00:00\" \/>\n<meta property=\"article:modified_time\" content=\"2018-02-14T13:19:04+00:00\" \/>\n<meta property=\"og:image\" content=\"https:\/\/folhapopular.info\/wp-content\/uploads\/2017\/07\/Pol\u00edcia_SITE-e1544690850833.jpg\" \/>\n\t<meta property=\"og:image:width\" content=\"800\" \/>\n\t<meta property=\"og:image:height\" content=\"514\" \/>\n\t<meta property=\"og:image:type\" content=\"image\/jpeg\" \/>\n<meta name=\"author\" content=\"Reda\u00e7\u00e3o Folha Popular\" \/>\n<meta name=\"twitter:card\" content=\"summary_large_image\" \/>\n<meta name=\"twitter:label1\" content=\"Escrito por\" \/>\n\t<meta name=\"twitter:data1\" content=\"Reda\u00e7\u00e3o Folha Popular\" \/>\n\t<meta name=\"twitter:label2\" content=\"Est. tempo de leitura\" \/>\n\t<meta name=\"twitter:data2\" content=\"1 minuto\" \/>\n<script type=\"application\/ld+json\" class=\"yoast-schema-graph\">{\"@context\":\"https:\\\/\\\/schema.org\",\"@graph\":[{\"@type\":\"Article\",\"@id\":\"https:\\\/\\\/folhapopular.info\\\/index.php\\\/2018\\\/02\\\/14\\\/homem-de-51-anos-e-preso-apos-agredir-ex-namorada-de-17\\\/#article\",\"isPartOf\":{\"@id\":\"https:\\\/\\\/folhapopular.info\\\/index.php\\\/2018\\\/02\\\/14\\\/homem-de-51-anos-e-preso-apos-agredir-ex-namorada-de-17\\\/\"},\"author\":{\"name\":\"Reda\u00e7\u00e3o Folha Popular\",\"@id\":\"https:\\\/\\\/folhapopular.info\\\/#\\\/schema\\\/person\\\/2814e8a0df7643585a9ca38bc6eb9d4b\"},\"headline\":\"Homem de 51 anos \u00e9 preso ap\u00f3s agredir ex-namorada de 17\",\"datePublished\":\"2018-02-14T13:18:45+00:00\",\"dateModified\":\"2018-02-14T13:19:04+00:00\",\"mainEntityOfPage\":{\"@id\":\"https:\\\/\\\/folhapopular.info\\\/index.php\\\/2018\\\/02\\\/14\\\/homem-de-51-anos-e-preso-apos-agredir-ex-namorada-de-17\\\/\"},\"wordCount\":138,\"commentCount\":0,\"image\":{\"@id\":\"https:\\\/\\\/folhapopular.info\\\/index.php\\\/2018\\\/02\\\/14\\\/homem-de-51-anos-e-preso-apos-agredir-ex-namorada-de-17\\\/#primaryimage\"},\"thumbnailUrl\":\"https:\\\/\\\/folhapopular.info\\\/wp-content\\\/uploads\\\/2017\\\/07\\\/Pol\u00edcia_SITE-e1544690850833.jpg\",\"keywords\":[\"agress\u00e3o\",\"Lei Maria da Penha\",\"Posses\",\"Tentativa de homic\u00eddio\",\"Teut\u00f4nia\"],\"articleSection\":[\"Geral\",\"Seguran\u00e7a\"],\"inLanguage\":\"pt-BR\",\"potentialAction\":[{\"@type\":\"CommentAction\",\"name\":\"Comment\",\"target\":[\"https:\\\/\\\/folhapopular.info\\\/index.php\\\/2018\\\/02\\\/14\\\/homem-de-51-anos-e-preso-apos-agredir-ex-namorada-de-17\\\/#respond\"]}]},{\"@type\":\"WebPage\",\"@id\":\"https:\\\/\\\/folhapopular.info\\\/index.php\\\/2018\\\/02\\\/14\\\/homem-de-51-anos-e-preso-apos-agredir-ex-namorada-de-17\\\/\",\"url\":\"https:\\\/\\\/folhapopular.info\\\/index.php\\\/2018\\\/02\\\/14\\\/homem-de-51-anos-e-preso-apos-agredir-ex-namorada-de-17\\\/\",\"name\":\"Homem de 51 anos \u00e9 preso ap\u00f3s agredir ex-namorada de 17 - Folha Popular\",\"isPartOf\":{\"@id\":\"https:\\\/\\\/folhapopular.info\\\/#website\"},\"primaryImageOfPage\":{\"@id\":\"https:\\\/\\\/folhapopular.info\\\/index.php\\\/2018\\\/02\\\/14\\\/homem-de-51-anos-e-preso-apos-agredir-ex-namorada-de-17\\\/#primaryimage\"},\"image\":{\"@id\":\"https:\\\/\\\/folhapopular.info\\\/index.php\\\/2018\\\/02\\\/14\\\/homem-de-51-anos-e-preso-apos-agredir-ex-namorada-de-17\\\/#primaryimage\"},\"thumbnailUrl\":\"https:\\\/\\\/folhapopular.info\\\/wp-content\\\/uploads\\\/2017\\\/07\\\/Pol\u00edcia_SITE-e1544690850833.jpg\",\"datePublished\":\"2018-02-14T13:18:45+00:00\",\"dateModified\":\"2018-02-14T13:19:04+00:00\",\"author\":{\"@id\":\"https:\\\/\\\/folhapopular.info\\\/#\\\/schema\\\/person\\\/2814e8a0df7643585a9ca38bc6eb9d4b\"},\"breadcrumb\":{\"@id\":\"https:\\\/\\\/folhapopular.info\\\/index.php\\\/2018\\\/02\\\/14\\\/homem-de-51-anos-e-preso-apos-agredir-ex-namorada-de-17\\\/#breadcrumb\"},\"inLanguage\":\"pt-BR\",\"potentialAction\":[{\"@type\":\"ReadAction\",\"target\":[\"https:\\\/\\\/folhapopular.info\\\/index.php\\\/2018\\\/02\\\/14\\\/homem-de-51-anos-e-preso-apos-agredir-ex-namorada-de-17\\\/\"]}]},{\"@type\":\"ImageObject\",\"inLanguage\":\"pt-BR\",\"@id\":\"https:\\\/\\\/folhapopular.info\\\/index.php\\\/2018\\\/02\\\/14\\\/homem-de-51-anos-e-preso-apos-agredir-ex-namorada-de-17\\\/#primaryimage\",\"url\":\"https:\\\/\\\/folhapopular.info\\\/wp-content\\\/uploads\\\/2017\\\/07\\\/Pol\u00edcia_SITE-e1544690850833.jpg\",\"contentUrl\":\"https:\\\/\\\/folhapopular.info\\\/wp-content\\\/uploads\\\/2017\\\/07\\\/Pol\u00edcia_SITE-e1544690850833.jpg\",\"width\":800,\"height\":514},{\"@type\":\"BreadcrumbList\",\"@id\":\"https:\\\/\\\/folhapopular.info\\\/index.php\\\/2018\\\/02\\\/14\\\/homem-de-51-anos-e-preso-apos-agredir-ex-namorada-de-17\\\/#breadcrumb\",\"itemListElement\":[{\"@type\":\"ListItem\",\"position\":1,\"name\":\"In\u00edcio\",\"item\":\"https:\\\/\\\/folhapopular.info\\\/\"},{\"@type\":\"ListItem\",\"position\":2,\"name\":\"Homem de 51 anos \u00e9 preso ap\u00f3s agredir ex-namorada de 17\"}]},{\"@type\":\"WebSite\",\"@id\":\"https:\\\/\\\/folhapopular.info\\\/#website\",\"url\":\"https:\\\/\\\/folhapopular.info\\\/\",\"name\":\"Folha Popular\",\"description\":\"Onde voc\u00ea tem vez e voz\",\"potentialAction\":[{\"@type\":\"SearchAction\",\"target\":{\"@type\":\"EntryPoint\",\"urlTemplate\":\"https:\\\/\\\/folhapopular.info\\\/?s={search_term_string}\"},\"query-input\":{\"@type\":\"PropertyValueSpecification\",\"valueRequired\":true,\"valueName\":\"search_term_string\"}}],\"inLanguage\":\"pt-BR\"},{\"@type\":\"Person\",\"@id\":\"https:\\\/\\\/folhapopular.info\\\/#\\\/schema\\\/person\\\/2814e8a0df7643585a9ca38bc6eb9d4b\",\"name\":\"Reda\u00e7\u00e3o Folha Popular\",\"image\":{\"@type\":\"ImageObject\",\"inLanguage\":\"pt-BR\",\"@id\":\"https:\\\/\\\/folhapopular.info\\\/wp-content\\\/uploads\\\/2026\\\/04\\\/Folha-1.webp\",\"url\":\"https:\\\/\\\/folhapopular.info\\\/wp-content\\\/uploads\\\/2026\\\/04\\\/Folha-1.webp\",\"contentUrl\":\"https:\\\/\\\/folhapopular.info\\\/wp-content\\\/uploads\\\/2026\\\/04\\\/Folha-1.webp\",\"caption\":\"Reda\u00e7\u00e3o Folha Popular\"},\"url\":\"https:\\\/\\\/folhapopular.info\\\/index.php\\\/author\\\/redacao\\\/\"}]}<\/script>\n<!-- \/ Yoast SEO plugin. -->","yoast_head_json":{"title":"Homem de 51 anos \u00e9 preso ap\u00f3s agredir ex-namorada de 17 - Folha Popular","robots":{"index":"index","follow":"follow","max-snippet":"max-snippet:-1","max-image-preview":"max-image-preview:large","max-video-preview":"max-video-preview:-1"},"canonical":"https:\/\/folhapopular.info\/index.php\/2018\/02\/14\/homem-de-51-anos-e-preso-apos-agredir-ex-namorada-de-17\/","og_locale":"pt_BR","og_type":"article","og_title":"Homem de 51 anos \u00e9 preso ap\u00f3s agredir ex-namorada de 17 - Folha Popular","og_description":"Por volta das 4h da madrugada desta quarta-feira (14\/02), a Brigada Militar de Teut\u00f4nia foi acionada para atender um caso de viol\u00eancia dom\u00e9stica, na localidade de Posses, em Teut\u00f4nia. Conforme relatado \u00e0 pol\u00edcia, um homem de 51 anos tentou agredir sua ex-namorada, uma mo\u00e7a de 17 anos, com golpes de fac\u00e3o. Ele tentou atingir a [&hellip;]","og_url":"https:\/\/folhapopular.info\/index.php\/2018\/02\/14\/homem-de-51-anos-e-preso-apos-agredir-ex-namorada-de-17\/","og_site_name":"Folha Popular","article_published_time":"2018-02-14T13:18:45+00:00","article_modified_time":"2018-02-14T13:19:04+00:00","og_image":[{"width":800,"height":514,"url":"https:\/\/folhapopular.info\/wp-content\/uploads\/2017\/07\/Pol\u00edcia_SITE-e1544690850833.jpg","type":"image\/jpeg"}],"author":"Reda\u00e7\u00e3o Folha Popular","twitter_card":"summary_large_image","twitter_misc":{"Escrito por":"Reda\u00e7\u00e3o Folha Popular","Est. tempo de leitura":"1 minuto"},"schema":{"@context":"https:\/\/schema.org","@graph":[{"@type":"Article","@id":"https:\/\/folhapopular.info\/index.php\/2018\/02\/14\/homem-de-51-anos-e-preso-apos-agredir-ex-namorada-de-17\/#article","isPartOf":{"@id":"https:\/\/folhapopular.info\/index.php\/2018\/02\/14\/homem-de-51-anos-e-preso-apos-agredir-ex-namorada-de-17\/"},"author":{"name":"Reda\u00e7\u00e3o Folha Popular","@id":"https:\/\/folhapopular.info\/#\/schema\/person\/2814e8a0df7643585a9ca38bc6eb9d4b"},"headline":"Homem de 51 anos \u00e9 preso ap\u00f3s agredir ex-namorada de 17","datePublished":"2018-02-14T13:18:45+00:00","dateModified":"2018-02-14T13:19:04+00:00","mainEntityOfPage":{"@id":"https:\/\/folhapopular.info\/index.php\/2018\/02\/14\/homem-de-51-anos-e-preso-apos-agredir-ex-namorada-de-17\/"},"wordCount":138,"commentCount":0,"image":{"@id":"https:\/\/folhapopular.info\/index.php\/2018\/02\/14\/homem-de-51-anos-e-preso-apos-agredir-ex-namorada-de-17\/#primaryimage"},"thumbnailUrl":"https:\/\/folhapopular.info\/wp-content\/uploads\/2017\/07\/Pol\u00edcia_SITE-e1544690850833.jpg","keywords":["agress\u00e3o","Lei Maria da Penha","Posses","Tentativa de homic\u00eddio","Teut\u00f4nia"],"articleSection":["Geral","Seguran\u00e7a"],"inLanguage":"pt-BR","potentialAction":[{"@type":"CommentAction","name":"Comment","target":["https:\/\/folhapopular.info\/index.php\/2018\/02\/14\/homem-de-51-anos-e-preso-apos-agredir-ex-namorada-de-17\/#respond"]}]},{"@type":"WebPage","@id":"https:\/\/folhapopular.info\/index.php\/2018\/02\/14\/homem-de-51-anos-e-preso-apos-agredir-ex-namorada-de-17\/","url":"https:\/\/folhapopular.info\/index.php\/2018\/02\/14\/homem-de-51-anos-e-preso-apos-agredir-ex-namorada-de-17\/","name":"Homem de 51 anos \u00e9 preso ap\u00f3s agredir ex-namorada de 17 - Folha Popular","isPartOf":{"@id":"https:\/\/folhapopular.info\/#website"},"primaryImageOfPage":{"@id":"https:\/\/folhapopular.info\/index.php\/2018\/02\/14\/homem-de-51-anos-e-preso-apos-agredir-ex-namorada-de-17\/#primaryimage"},"image":{"@id":"https:\/\/folhapopular.info\/index.php\/2018\/02\/14\/homem-de-51-anos-e-preso-apos-agredir-ex-namorada-de-17\/#primaryimage"},"thumbnailUrl":"https:\/\/folhapopular.info\/wp-content\/uploads\/2017\/07\/Pol\u00edcia_SITE-e1544690850833.jpg","datePublished":"2018-02-14T13:18:45+00:00","dateModified":"2018-02-14T13:19:04+00:00","author":{"@id":"https:\/\/folhapopular.info\/#\/schema\/person\/2814e8a0df7643585a9ca38bc6eb9d4b"},"breadcrumb":{"@id":"https:\/\/folhapopular.info\/index.php\/2018\/02\/14\/homem-de-51-anos-e-preso-apos-agredir-ex-namorada-de-17\/#breadcrumb"},"inLanguage":"pt-BR","potentialAction":[{"@type":"ReadAction","target":["https:\/\/folhapopular.info\/index.php\/2018\/02\/14\/homem-de-51-anos-e-preso-apos-agredir-ex-namorada-de-17\/"]}]},{"@type":"ImageObject","inLanguage":"pt-BR","@id":"https:\/\/folhapopular.info\/index.php\/2018\/02\/14\/homem-de-51-anos-e-preso-apos-agredir-ex-namorada-de-17\/#primaryimage","url":"https:\/\/folhapopular.info\/wp-content\/uploads\/2017\/07\/Pol\u00edcia_SITE-e1544690850833.jpg","contentUrl":"https:\/\/folhapopular.info\/wp-content\/uploads\/2017\/07\/Pol\u00edcia_SITE-e1544690850833.jpg","width":800,"height":514},{"@type":"BreadcrumbList","@id":"https:\/\/folhapopular.info\/index.php\/2018\/02\/14\/homem-de-51-anos-e-preso-apos-agredir-ex-namorada-de-17\/#breadcrumb","itemListElement":[{"@type":"ListItem","position":1,"name":"In\u00edcio","item":"https:\/\/folhapopular.info\/"},{"@type":"ListItem","position":2,"name":"Homem de 51 anos \u00e9 preso ap\u00f3s agredir ex-namorada de 17"}]},{"@type":"WebSite","@id":"https:\/\/folhapopular.info\/#website","url":"https:\/\/folhapopular.info\/","name":"Folha Popular","description":"Onde voc\u00ea tem vez e voz","potentialAction":[{"@type":"SearchAction","target":{"@type":"EntryPoint","urlTemplate":"https:\/\/folhapopular.info\/?s={search_term_string}"},"query-input":{"@type":"PropertyValueSpecification","valueRequired":true,"valueName":"search_term_string"}}],"inLanguage":"pt-BR"},{"@type":"Person","@id":"https:\/\/folhapopular.info\/#\/schema\/person\/2814e8a0df7643585a9ca38bc6eb9d4b","name":"Reda\u00e7\u00e3o Folha Popular","image":{"@type":"ImageObject","inLanguage":"pt-BR","@id":"https:\/\/folhapopular.info\/wp-content\/uploads\/2026\/04\/Folha-1.webp","url":"https:\/\/folhapopular.info\/wp-content\/uploads\/2026\/04\/Folha-1.webp","contentUrl":"https:\/\/folhapopular.info\/wp-content\/uploads\/2026\/04\/Folha-1.webp","caption":"Reda\u00e7\u00e3o Folha Popular"},"url":"https:\/\/folhapopular.info\/index.php\/author\/redacao\/"}]}},"jetpack_featured_media_url":"https:\/\/folhapopular.info\/wp-content\/uploads\/2017\/07\/Pol\u00edcia_SITE-e1544690850833.jpg","jetpack_sharing_enabled":true,"amp_enabled":true,"_links":{"self":[{"href":"https:\/\/folhapopular.info\/index.php\/wp-json\/wp\/v2\/posts\/40754","targetHints":{"allow":["GET"]}}],"collection":[{"href":"https:\/\/folhapopular.info\/index.php\/wp-json\/wp\/v2\/posts"}],"about":[{"href":"https:\/\/folhapopular.info\/index.php\/wp-json\/wp\/v2\/types\/post"}],"author":[{"embeddable":true,"href":"https:\/\/folhapopular.info\/index.php\/wp-json\/wp\/v2\/users\/8"}],"replies":[{"embeddable":true,"href":"https:\/\/folhapopular.info\/index.php\/wp-json\/wp\/v2\/comments?post=40754"}],"version-history":[{"count":0,"href":"https:\/\/folhapopular.info\/index.php\/wp-json\/wp\/v2\/posts\/40754\/revisions"}],"wp:featuredmedia":[{"embeddable":true,"href":"https:\/\/folhapopular.info\/index.php\/wp-json\/wp\/v2\/media\/31970"}],"wp:attachment":[{"href":"https:\/\/folhapopular.info\/index.php\/wp-json\/wp\/v2\/media?parent=40754"}],"wp:term":[{"taxonomy":"category","embeddable":true,"href":"https:\/\/folhapopular.info\/index.php\/wp-json\/wp\/v2\/categories?post=40754"},{"taxonomy":"post_tag","embeddable":true,"href":"https:\/\/folhapopular.info\/index.php\/wp-json\/wp\/v2\/tags?post=40754"}],"curies":[{"name":"wp","href":"https:\/\/api.w.org\/{rel}","templated":true}]}}