{"id":41144,"date":"2018-02-26T12:00:17","date_gmt":"2018-02-26T15:00:17","guid":{"rendered":"http:\/\/folhapopular.info\/?p=41144"},"modified":"2018-02-26T10:51:32","modified_gmt":"2018-02-26T13:51:32","slug":"terceira-etapa-de-triagens-para-proteses-dentarias-sera-dia-17-de-marco-em-imigrante","status":"publish","type":"post","link":"https:\/\/folhapopular.info\/index.php\/2018\/02\/26\/terceira-etapa-de-triagens-para-proteses-dentarias-sera-dia-17-de-marco-em-imigrante\/","title":{"rendered":"Terceira etapa de triagens para pr\u00f3teses dent\u00e1rias ser\u00e1 dia 17 de mar\u00e7o\u00a0em Imigrante"},"content":{"rendered":"<p>Em 2017 o munic\u00edpio de Imigrante aderiu ao Programa Brasil Sorridente, voltado para a\u00e7\u00f5es de promo\u00e7\u00e3o, preven\u00e7\u00e3o e recupera\u00e7\u00e3o da sa\u00fade bucal. Entre outros servi\u00e7os, o munic\u00edpio passou a fornecer pr\u00f3teses dent\u00e1rias por meio do Sistema \u00danico de Sa\u00fade.<br \/>\nForam realizadas duas etapas de triagem, no qual foram cadastrados mais de 120 pacientes. S\u00e3o fornecidas pr\u00f3teses totais, superiores e inferiores, e pr\u00f3teses parciais remov\u00edveis, tamb\u00e9m superiores e inferiores.<br \/>\nOs interessados em participar da pr\u00f3xima etapa devem participar da triagem e avalia\u00e7\u00e3o do dentista que ser\u00e1 realizada no s\u00e1bado, dia 17 de mar\u00e7o, a partir das 8 horas, no Centro de Sa\u00fade da Fam\u00edlia. Os atendimentos ir\u00e3o ocorrer por ordem de chegada.<br \/>\nA avalia\u00e7\u00e3o ser\u00e1 realizada somente neste dia e os interessados que n\u00e3o puderem comparecer, dever\u00e3o aguardar a abertura de uma nova etapa.<br \/>\nMais informa\u00e7\u00f5es podem ser obtidas pelo telefone (51) 3754.1031, em hor\u00e1rio de expediente.<\/p>\n","protected":false},"excerpt":{"rendered":"<p>Em 2017 o munic\u00edpio de Imigrante aderiu ao Programa Brasil Sorridente, voltado para a\u00e7\u00f5es de promo\u00e7\u00e3o, preven\u00e7\u00e3o e recupera\u00e7\u00e3o da sa\u00fade bucal. Entre outros servi\u00e7os, o munic\u00edpio passou a fornecer pr\u00f3teses dent\u00e1rias por meio do Sistema \u00danico de Sa\u00fade. Foram realizadas duas etapas de triagem, no qual foram cadastrados mais de 120 pacientes. S\u00e3o fornecidas [&hellip;]<\/p>\n","protected":false},"author":8,"featured_media":31867,"comment_status":"open","ping_status":"open","sticky":false,"template":"","format":"standard","meta":{"pmpro_default_level":"","_jetpack_memberships_contains_paid_content":false,"footnotes":""},"categories":[3],"tags":[34,2334,1275],"class_list":{"0":"post-41144","1":"post","2":"type-post","3":"status-publish","4":"format-standard","5":"has-post-thumbnail","7":"category-geral","8":"tag-imigrante","9":"tag-programa-brasil-sorridente","10":"tag-proteses-dentarias","11":"pmpro-has-access"},"yoast_head":"<!-- This site is optimized with the Yoast SEO plugin v27.5 - https:\/\/yoast.com\/product\/yoast-seo-wordpress\/ -->\n<title>Terceira etapa de triagens para pr\u00f3teses dent\u00e1rias ser\u00e1 dia 17 de mar\u00e7o\u00a0em Imigrante - Folha Popular<\/title>\n<meta name=\"robots\" content=\"index, follow, max-snippet:-1, max-image-preview:large, max-video-preview:-1\" \/>\n<link rel=\"canonical\" href=\"https:\/\/folhapopular.info\/index.php\/2018\/02\/26\/terceira-etapa-de-triagens-para-proteses-dentarias-sera-dia-17-de-marco-em-imigrante\/\" \/>\n<meta property=\"og:locale\" content=\"pt_BR\" \/>\n<meta property=\"og:type\" content=\"article\" \/>\n<meta property=\"og:title\" content=\"Terceira etapa de triagens para pr\u00f3teses dent\u00e1rias ser\u00e1 dia 17 de mar\u00e7o\u00a0em Imigrante - Folha Popular\" \/>\n<meta property=\"og:description\" content=\"Em 2017 o munic\u00edpio de Imigrante aderiu ao Programa Brasil Sorridente, voltado para a\u00e7\u00f5es de promo\u00e7\u00e3o, preven\u00e7\u00e3o e recupera\u00e7\u00e3o da sa\u00fade bucal. Entre outros servi\u00e7os, o munic\u00edpio passou a fornecer pr\u00f3teses dent\u00e1rias por meio do Sistema \u00danico de Sa\u00fade. Foram realizadas duas etapas de triagem, no qual foram cadastrados mais de 120 pacientes. S\u00e3o fornecidas [&hellip;]\" \/>\n<meta property=\"og:url\" content=\"https:\/\/folhapopular.info\/index.php\/2018\/02\/26\/terceira-etapa-de-triagens-para-proteses-dentarias-sera-dia-17-de-marco-em-imigrante\/\" \/>\n<meta property=\"og:site_name\" content=\"Folha Popular\" \/>\n<meta property=\"article:published_time\" content=\"2018-02-26T15:00:17+00:00\" \/>\n<meta property=\"og:image\" content=\"https:\/\/folhapopular.info\/wp-content\/uploads\/2017\/06\/Not\u00edcias_SITE-1-e1543404686907.jpg\" \/>\n\t<meta property=\"og:image:width\" content=\"800\" \/>\n\t<meta property=\"og:image:height\" content=\"514\" \/>\n\t<meta property=\"og:image:type\" content=\"image\/jpeg\" \/>\n<meta name=\"author\" content=\"Reda\u00e7\u00e3o Folha Popular\" \/>\n<meta name=\"twitter:card\" content=\"summary_large_image\" \/>\n<meta name=\"twitter:label1\" content=\"Escrito por\" \/>\n\t<meta name=\"twitter:data1\" content=\"Reda\u00e7\u00e3o Folha Popular\" \/>\n\t<meta name=\"twitter:label2\" content=\"Est. tempo de leitura\" \/>\n\t<meta name=\"twitter:data2\" content=\"1 minuto\" \/>\n<script type=\"application\/ld+json\" class=\"yoast-schema-graph\">{\"@context\":\"https:\\\/\\\/schema.org\",\"@graph\":[{\"@type\":\"Article\",\"@id\":\"https:\\\/\\\/folhapopular.info\\\/index.php\\\/2018\\\/02\\\/26\\\/terceira-etapa-de-triagens-para-proteses-dentarias-sera-dia-17-de-marco-em-imigrante\\\/#article\",\"isPartOf\":{\"@id\":\"https:\\\/\\\/folhapopular.info\\\/index.php\\\/2018\\\/02\\\/26\\\/terceira-etapa-de-triagens-para-proteses-dentarias-sera-dia-17-de-marco-em-imigrante\\\/\"},\"author\":{\"name\":\"Reda\u00e7\u00e3o Folha Popular\",\"@id\":\"https:\\\/\\\/folhapopular.info\\\/#\\\/schema\\\/person\\\/2814e8a0df7643585a9ca38bc6eb9d4b\"},\"headline\":\"Terceira etapa de triagens para pr\u00f3teses dent\u00e1rias ser\u00e1 dia 17 de mar\u00e7o\u00a0em Imigrante\",\"datePublished\":\"2018-02-26T15:00:17+00:00\",\"mainEntityOfPage\":{\"@id\":\"https:\\\/\\\/folhapopular.info\\\/index.php\\\/2018\\\/02\\\/26\\\/terceira-etapa-de-triagens-para-proteses-dentarias-sera-dia-17-de-marco-em-imigrante\\\/\"},\"wordCount\":184,\"commentCount\":0,\"image\":{\"@id\":\"https:\\\/\\\/folhapopular.info\\\/index.php\\\/2018\\\/02\\\/26\\\/terceira-etapa-de-triagens-para-proteses-dentarias-sera-dia-17-de-marco-em-imigrante\\\/#primaryimage\"},\"thumbnailUrl\":\"https:\\\/\\\/folhapopular.info\\\/wp-content\\\/uploads\\\/2017\\\/06\\\/Not\u00edcias_SITE-1-e1543404686907.jpg\",\"keywords\":[\"Imigrante\",\"Programa Brasil Sorridente\",\"Pr\u00f3teses Dent\u00e1rias\"],\"articleSection\":[\"Geral\"],\"inLanguage\":\"pt-BR\",\"potentialAction\":[{\"@type\":\"CommentAction\",\"name\":\"Comment\",\"target\":[\"https:\\\/\\\/folhapopular.info\\\/index.php\\\/2018\\\/02\\\/26\\\/terceira-etapa-de-triagens-para-proteses-dentarias-sera-dia-17-de-marco-em-imigrante\\\/#respond\"]}]},{\"@type\":\"WebPage\",\"@id\":\"https:\\\/\\\/folhapopular.info\\\/index.php\\\/2018\\\/02\\\/26\\\/terceira-etapa-de-triagens-para-proteses-dentarias-sera-dia-17-de-marco-em-imigrante\\\/\",\"url\":\"https:\\\/\\\/folhapopular.info\\\/index.php\\\/2018\\\/02\\\/26\\\/terceira-etapa-de-triagens-para-proteses-dentarias-sera-dia-17-de-marco-em-imigrante\\\/\",\"name\":\"Terceira etapa de triagens para pr\u00f3teses dent\u00e1rias ser\u00e1 dia 17 de mar\u00e7o\u00a0em Imigrante - Folha Popular\",\"isPartOf\":{\"@id\":\"https:\\\/\\\/folhapopular.info\\\/#website\"},\"primaryImageOfPage\":{\"@id\":\"https:\\\/\\\/folhapopular.info\\\/index.php\\\/2018\\\/02\\\/26\\\/terceira-etapa-de-triagens-para-proteses-dentarias-sera-dia-17-de-marco-em-imigrante\\\/#primaryimage\"},\"image\":{\"@id\":\"https:\\\/\\\/folhapopular.info\\\/index.php\\\/2018\\\/02\\\/26\\\/terceira-etapa-de-triagens-para-proteses-dentarias-sera-dia-17-de-marco-em-imigrante\\\/#primaryimage\"},\"thumbnailUrl\":\"https:\\\/\\\/folhapopular.info\\\/wp-content\\\/uploads\\\/2017\\\/06\\\/Not\u00edcias_SITE-1-e1543404686907.jpg\",\"datePublished\":\"2018-02-26T15:00:17+00:00\",\"author\":{\"@id\":\"https:\\\/\\\/folhapopular.info\\\/#\\\/schema\\\/person\\\/2814e8a0df7643585a9ca38bc6eb9d4b\"},\"breadcrumb\":{\"@id\":\"https:\\\/\\\/folhapopular.info\\\/index.php\\\/2018\\\/02\\\/26\\\/terceira-etapa-de-triagens-para-proteses-dentarias-sera-dia-17-de-marco-em-imigrante\\\/#breadcrumb\"},\"inLanguage\":\"pt-BR\",\"potentialAction\":[{\"@type\":\"ReadAction\",\"target\":[\"https:\\\/\\\/folhapopular.info\\\/index.php\\\/2018\\\/02\\\/26\\\/terceira-etapa-de-triagens-para-proteses-dentarias-sera-dia-17-de-marco-em-imigrante\\\/\"]}]},{\"@type\":\"ImageObject\",\"inLanguage\":\"pt-BR\",\"@id\":\"https:\\\/\\\/folhapopular.info\\\/index.php\\\/2018\\\/02\\\/26\\\/terceira-etapa-de-triagens-para-proteses-dentarias-sera-dia-17-de-marco-em-imigrante\\\/#primaryimage\",\"url\":\"https:\\\/\\\/folhapopular.info\\\/wp-content\\\/uploads\\\/2017\\\/06\\\/Not\u00edcias_SITE-1-e1543404686907.jpg\",\"contentUrl\":\"https:\\\/\\\/folhapopular.info\\\/wp-content\\\/uploads\\\/2017\\\/06\\\/Not\u00edcias_SITE-1-e1543404686907.jpg\",\"width\":800,\"height\":514,\"caption\":\"Cadastro reserva ser\u00e1 para cinco \u00e1reas de atua\u00e7\u00e3o nas salas de aula\"},{\"@type\":\"BreadcrumbList\",\"@id\":\"https:\\\/\\\/folhapopular.info\\\/index.php\\\/2018\\\/02\\\/26\\\/terceira-etapa-de-triagens-para-proteses-dentarias-sera-dia-17-de-marco-em-imigrante\\\/#breadcrumb\",\"itemListElement\":[{\"@type\":\"ListItem\",\"position\":1,\"name\":\"In\u00edcio\",\"item\":\"https:\\\/\\\/folhapopular.info\\\/\"},{\"@type\":\"ListItem\",\"position\":2,\"name\":\"Terceira etapa de triagens para pr\u00f3teses dent\u00e1rias ser\u00e1 dia 17 de mar\u00e7o\u00a0em Imigrante\"}]},{\"@type\":\"WebSite\",\"@id\":\"https:\\\/\\\/folhapopular.info\\\/#website\",\"url\":\"https:\\\/\\\/folhapopular.info\\\/\",\"name\":\"Folha Popular\",\"description\":\"Onde voc\u00ea tem vez e voz\",\"potentialAction\":[{\"@type\":\"SearchAction\",\"target\":{\"@type\":\"EntryPoint\",\"urlTemplate\":\"https:\\\/\\\/folhapopular.info\\\/?s={search_term_string}\"},\"query-input\":{\"@type\":\"PropertyValueSpecification\",\"valueRequired\":true,\"valueName\":\"search_term_string\"}}],\"inLanguage\":\"pt-BR\"},{\"@type\":\"Person\",\"@id\":\"https:\\\/\\\/folhapopular.info\\\/#\\\/schema\\\/person\\\/2814e8a0df7643585a9ca38bc6eb9d4b\",\"name\":\"Reda\u00e7\u00e3o Folha Popular\",\"image\":{\"@type\":\"ImageObject\",\"inLanguage\":\"pt-BR\",\"@id\":\"https:\\\/\\\/folhapopular.info\\\/wp-content\\\/uploads\\\/2026\\\/04\\\/Folha-1.webp\",\"url\":\"https:\\\/\\\/folhapopular.info\\\/wp-content\\\/uploads\\\/2026\\\/04\\\/Folha-1.webp\",\"contentUrl\":\"https:\\\/\\\/folhapopular.info\\\/wp-content\\\/uploads\\\/2026\\\/04\\\/Folha-1.webp\",\"caption\":\"Reda\u00e7\u00e3o Folha Popular\"},\"url\":\"https:\\\/\\\/folhapopular.info\\\/index.php\\\/author\\\/redacao\\\/\"}]}<\/script>\n<!-- \/ Yoast SEO plugin. -->","yoast_head_json":{"title":"Terceira etapa de triagens para pr\u00f3teses dent\u00e1rias ser\u00e1 dia 17 de mar\u00e7o\u00a0em Imigrante - Folha Popular","robots":{"index":"index","follow":"follow","max-snippet":"max-snippet:-1","max-image-preview":"max-image-preview:large","max-video-preview":"max-video-preview:-1"},"canonical":"https:\/\/folhapopular.info\/index.php\/2018\/02\/26\/terceira-etapa-de-triagens-para-proteses-dentarias-sera-dia-17-de-marco-em-imigrante\/","og_locale":"pt_BR","og_type":"article","og_title":"Terceira etapa de triagens para pr\u00f3teses dent\u00e1rias ser\u00e1 dia 17 de mar\u00e7o\u00a0em Imigrante - Folha Popular","og_description":"Em 2017 o munic\u00edpio de Imigrante aderiu ao Programa Brasil Sorridente, voltado para a\u00e7\u00f5es de promo\u00e7\u00e3o, preven\u00e7\u00e3o e recupera\u00e7\u00e3o da sa\u00fade bucal. Entre outros servi\u00e7os, o munic\u00edpio passou a fornecer pr\u00f3teses dent\u00e1rias por meio do Sistema \u00danico de Sa\u00fade. Foram realizadas duas etapas de triagem, no qual foram cadastrados mais de 120 pacientes. S\u00e3o fornecidas [&hellip;]","og_url":"https:\/\/folhapopular.info\/index.php\/2018\/02\/26\/terceira-etapa-de-triagens-para-proteses-dentarias-sera-dia-17-de-marco-em-imigrante\/","og_site_name":"Folha Popular","article_published_time":"2018-02-26T15:00:17+00:00","og_image":[{"width":800,"height":514,"url":"https:\/\/folhapopular.info\/wp-content\/uploads\/2017\/06\/Not\u00edcias_SITE-1-e1543404686907.jpg","type":"image\/jpeg"}],"author":"Reda\u00e7\u00e3o Folha Popular","twitter_card":"summary_large_image","twitter_misc":{"Escrito por":"Reda\u00e7\u00e3o Folha Popular","Est. tempo de leitura":"1 minuto"},"schema":{"@context":"https:\/\/schema.org","@graph":[{"@type":"Article","@id":"https:\/\/folhapopular.info\/index.php\/2018\/02\/26\/terceira-etapa-de-triagens-para-proteses-dentarias-sera-dia-17-de-marco-em-imigrante\/#article","isPartOf":{"@id":"https:\/\/folhapopular.info\/index.php\/2018\/02\/26\/terceira-etapa-de-triagens-para-proteses-dentarias-sera-dia-17-de-marco-em-imigrante\/"},"author":{"name":"Reda\u00e7\u00e3o Folha Popular","@id":"https:\/\/folhapopular.info\/#\/schema\/person\/2814e8a0df7643585a9ca38bc6eb9d4b"},"headline":"Terceira etapa de triagens para pr\u00f3teses dent\u00e1rias ser\u00e1 dia 17 de mar\u00e7o\u00a0em Imigrante","datePublished":"2018-02-26T15:00:17+00:00","mainEntityOfPage":{"@id":"https:\/\/folhapopular.info\/index.php\/2018\/02\/26\/terceira-etapa-de-triagens-para-proteses-dentarias-sera-dia-17-de-marco-em-imigrante\/"},"wordCount":184,"commentCount":0,"image":{"@id":"https:\/\/folhapopular.info\/index.php\/2018\/02\/26\/terceira-etapa-de-triagens-para-proteses-dentarias-sera-dia-17-de-marco-em-imigrante\/#primaryimage"},"thumbnailUrl":"https:\/\/folhapopular.info\/wp-content\/uploads\/2017\/06\/Not\u00edcias_SITE-1-e1543404686907.jpg","keywords":["Imigrante","Programa Brasil Sorridente","Pr\u00f3teses Dent\u00e1rias"],"articleSection":["Geral"],"inLanguage":"pt-BR","potentialAction":[{"@type":"CommentAction","name":"Comment","target":["https:\/\/folhapopular.info\/index.php\/2018\/02\/26\/terceira-etapa-de-triagens-para-proteses-dentarias-sera-dia-17-de-marco-em-imigrante\/#respond"]}]},{"@type":"WebPage","@id":"https:\/\/folhapopular.info\/index.php\/2018\/02\/26\/terceira-etapa-de-triagens-para-proteses-dentarias-sera-dia-17-de-marco-em-imigrante\/","url":"https:\/\/folhapopular.info\/index.php\/2018\/02\/26\/terceira-etapa-de-triagens-para-proteses-dentarias-sera-dia-17-de-marco-em-imigrante\/","name":"Terceira etapa de triagens para pr\u00f3teses dent\u00e1rias ser\u00e1 dia 17 de mar\u00e7o\u00a0em Imigrante - Folha Popular","isPartOf":{"@id":"https:\/\/folhapopular.info\/#website"},"primaryImageOfPage":{"@id":"https:\/\/folhapopular.info\/index.php\/2018\/02\/26\/terceira-etapa-de-triagens-para-proteses-dentarias-sera-dia-17-de-marco-em-imigrante\/#primaryimage"},"image":{"@id":"https:\/\/folhapopular.info\/index.php\/2018\/02\/26\/terceira-etapa-de-triagens-para-proteses-dentarias-sera-dia-17-de-marco-em-imigrante\/#primaryimage"},"thumbnailUrl":"https:\/\/folhapopular.info\/wp-content\/uploads\/2017\/06\/Not\u00edcias_SITE-1-e1543404686907.jpg","datePublished":"2018-02-26T15:00:17+00:00","author":{"@id":"https:\/\/folhapopular.info\/#\/schema\/person\/2814e8a0df7643585a9ca38bc6eb9d4b"},"breadcrumb":{"@id":"https:\/\/folhapopular.info\/index.php\/2018\/02\/26\/terceira-etapa-de-triagens-para-proteses-dentarias-sera-dia-17-de-marco-em-imigrante\/#breadcrumb"},"inLanguage":"pt-BR","potentialAction":[{"@type":"ReadAction","target":["https:\/\/folhapopular.info\/index.php\/2018\/02\/26\/terceira-etapa-de-triagens-para-proteses-dentarias-sera-dia-17-de-marco-em-imigrante\/"]}]},{"@type":"ImageObject","inLanguage":"pt-BR","@id":"https:\/\/folhapopular.info\/index.php\/2018\/02\/26\/terceira-etapa-de-triagens-para-proteses-dentarias-sera-dia-17-de-marco-em-imigrante\/#primaryimage","url":"https:\/\/folhapopular.info\/wp-content\/uploads\/2017\/06\/Not\u00edcias_SITE-1-e1543404686907.jpg","contentUrl":"https:\/\/folhapopular.info\/wp-content\/uploads\/2017\/06\/Not\u00edcias_SITE-1-e1543404686907.jpg","width":800,"height":514,"caption":"Cadastro reserva ser\u00e1 para cinco \u00e1reas de atua\u00e7\u00e3o nas salas de aula"},{"@type":"BreadcrumbList","@id":"https:\/\/folhapopular.info\/index.php\/2018\/02\/26\/terceira-etapa-de-triagens-para-proteses-dentarias-sera-dia-17-de-marco-em-imigrante\/#breadcrumb","itemListElement":[{"@type":"ListItem","position":1,"name":"In\u00edcio","item":"https:\/\/folhapopular.info\/"},{"@type":"ListItem","position":2,"name":"Terceira etapa de triagens para pr\u00f3teses dent\u00e1rias ser\u00e1 dia 17 de mar\u00e7o\u00a0em Imigrante"}]},{"@type":"WebSite","@id":"https:\/\/folhapopular.info\/#website","url":"https:\/\/folhapopular.info\/","name":"Folha Popular","description":"Onde voc\u00ea tem vez e voz","potentialAction":[{"@type":"SearchAction","target":{"@type":"EntryPoint","urlTemplate":"https:\/\/folhapopular.info\/?s={search_term_string}"},"query-input":{"@type":"PropertyValueSpecification","valueRequired":true,"valueName":"search_term_string"}}],"inLanguage":"pt-BR"},{"@type":"Person","@id":"https:\/\/folhapopular.info\/#\/schema\/person\/2814e8a0df7643585a9ca38bc6eb9d4b","name":"Reda\u00e7\u00e3o Folha Popular","image":{"@type":"ImageObject","inLanguage":"pt-BR","@id":"https:\/\/folhapopular.info\/wp-content\/uploads\/2026\/04\/Folha-1.webp","url":"https:\/\/folhapopular.info\/wp-content\/uploads\/2026\/04\/Folha-1.webp","contentUrl":"https:\/\/folhapopular.info\/wp-content\/uploads\/2026\/04\/Folha-1.webp","caption":"Reda\u00e7\u00e3o Folha Popular"},"url":"https:\/\/folhapopular.info\/index.php\/author\/redacao\/"}]}},"jetpack_featured_media_url":"https:\/\/folhapopular.info\/wp-content\/uploads\/2017\/06\/Not\u00edcias_SITE-1-e1543404686907.jpg","jetpack_sharing_enabled":true,"amp_enabled":true,"_links":{"self":[{"href":"https:\/\/folhapopular.info\/index.php\/wp-json\/wp\/v2\/posts\/41144","targetHints":{"allow":["GET"]}}],"collection":[{"href":"https:\/\/folhapopular.info\/index.php\/wp-json\/wp\/v2\/posts"}],"about":[{"href":"https:\/\/folhapopular.info\/index.php\/wp-json\/wp\/v2\/types\/post"}],"author":[{"embeddable":true,"href":"https:\/\/folhapopular.info\/index.php\/wp-json\/wp\/v2\/users\/8"}],"replies":[{"embeddable":true,"href":"https:\/\/folhapopular.info\/index.php\/wp-json\/wp\/v2\/comments?post=41144"}],"version-history":[{"count":0,"href":"https:\/\/folhapopular.info\/index.php\/wp-json\/wp\/v2\/posts\/41144\/revisions"}],"wp:featuredmedia":[{"embeddable":true,"href":"https:\/\/folhapopular.info\/index.php\/wp-json\/wp\/v2\/media\/31867"}],"wp:attachment":[{"href":"https:\/\/folhapopular.info\/index.php\/wp-json\/wp\/v2\/media?parent=41144"}],"wp:term":[{"taxonomy":"category","embeddable":true,"href":"https:\/\/folhapopular.info\/index.php\/wp-json\/wp\/v2\/categories?post=41144"},{"taxonomy":"post_tag","embeddable":true,"href":"https:\/\/folhapopular.info\/index.php\/wp-json\/wp\/v2\/tags?post=41144"}],"curies":[{"name":"wp","href":"https:\/\/api.w.org\/{rel}","templated":true}]}}