{"id":41531,"date":"2018-03-09T16:00:09","date_gmt":"2018-03-09T19:00:09","guid":{"rendered":"http:\/\/folhapopular.info\/?p=41531"},"modified":"2018-03-09T14:07:21","modified_gmt":"2018-03-09T17:07:21","slug":"prefeitura-de-lajeado-emater-e-produtores-se-organizam-para-abrir-feira-de-organicos","status":"publish","type":"post","link":"https:\/\/folhapopular.info\/index.php\/2018\/03\/09\/prefeitura-de-lajeado-emater-e-produtores-se-organizam-para-abrir-feira-de-organicos\/","title":{"rendered":"Prefeitura de Lajeado, Emater e produtores se organizam para abrir feira de org\u00e2nicos"},"content":{"rendered":"<p>Os primeiros passos para o estabelecimento\u00a0de uma Feira\u00a0Agroecol\u00f3gica Regional em Lajeado est\u00e3o sendo dados. Nesta sexta-feira (09), no sal\u00e3o de eventos da Prefeituira de Lajeado, produtores rurais e feirantes de Lajeado e regi\u00e3o se reuniram com t\u00e9cnicos da Emater e com o secret\u00e1rio do Desenvolvimento Econ\u00f4mico, Turismo e Agricultura (Sedetag), Douglas Sandri, para tirar o projeto do papel.\u00a0De in\u00edcio, o t\u00e9cnico da Emater, Lauro Bernardi, fez uma explana\u00e7\u00e3o que abordou o cen\u00e1rio regional da produ\u00e7\u00e3o org\u00e2nica, mencionando a experi\u00eancia da Feira realizada na Univates, crit\u00e9rios para poder participar na feira, entre outros detalhes pertinentes a organiza\u00e7\u00e3o de uma feira que consiga ser bem sucedida,\u00a0contemplando as necessidades dos produtores rurais e atendendo aos interesses do consumidor final.<\/p>\n<p>Conforme ficou estabelecido\u00a0na reuni\u00e3o, a feira ter\u00e1 como fornecedores agricultores familiares agroecologistas, que fornecer\u00e3o produtos que tenham origem conhecida e qualidade devidamente comprovada atrav\u00e9s de Organismo de Avalia\u00e7\u00e3o de Conformidade. Tamb\u00e9m dever\u00e1 ser formalmente criada uma Comiss\u00e3o de Regulamenta\u00e7\u00e3o da Feira Regional de Agricultores Familiares Agroecologistas. Ser\u00e3o aceitos como fornecedores os agricultores familiares que estiverem em fase de convers\u00e3o mediante ado\u00e7\u00e3o de um Plano de Manejo Org\u00e2nico (PMO). Contudo, este prazo de convers\u00e3o cessar\u00e1 ap\u00f3s um ano de funcionamento da feira, de modo que os agricultores realmente se credenciem legalmente como produtores de alimentos org\u00e2nicos.<\/p>\n<p>Em seguida, o titular da Sedetag, Douglas Sandri, explicou sobre a Pra\u00e7a Jo\u00e3o Zart Sobrinho, popularmente conhecida como Pra\u00e7a do Papai Noel, onde dever\u00e1 se estabelecer a feira. Reuni\u00e3o com a Associa\u00e7\u00e3o de Moradores do Bairro Americano, onde se localiza a pra\u00e7a, bem como com a Construtora Diamond, que adotou a pra\u00e7a alguns anos atr\u00e1s e \u00e9 respons\u00e1vel pela sua manuten\u00e7\u00e3o,\u00a0j\u00e1 foram realizadas para concord\u00e2ncia com a proposta.\u00a0Inicialmente,\u00a0a feira\u00a0ser\u00e1 montada a cada dia em que se realizar, sendo avaliadas as necessidades e o seu andamento para, posteriormente, a administra\u00e7\u00e3o municipal investir recursos na constru\u00e7\u00e3o da estrutura permanente que acomodar\u00e1 a feira. A princ\u00edpio, os produtores decidiram por realizar a feira semanalmente, sempre nas segundas-feiras \u00e0 tarde. O hor\u00e1rio definido ser\u00e1\u00a0das 15h \u00e0s 19h, podendo sofrer ajustes conforme a \u00e9poca do ano e delibera\u00e7\u00f5es do Grupo Gestor, que est\u00e1 em forma\u00e7\u00e3o. A inten\u00e7\u00e3o \u00e9 iniciar no m\u00eas de maio de 2018 a feira. At\u00e9 o momento, os grupos de produtores interessados na feira s\u00e3o Org\u00e2nicos de Alto Arroio Alegre, Sa\u00fade com Org\u00e2nicos, Org\u00e2nicos do Vale e Defensores da Natureza.\u00a0A pr\u00f3xima reuni\u00e3o para tratar sobre o assunto ser\u00e1 no dia 16\/03, \u00e0s 9h30, na Sedetag, localizada na Rua J\u00falio de Castilhos, 171, centro de Lajeado.<\/p>\n","protected":false},"excerpt":{"rendered":"<p>Os primeiros passos para o estabelecimento\u00a0de uma Feira\u00a0Agroecol\u00f3gica Regional em Lajeado est\u00e3o sendo dados. Nesta sexta-feira (09), no sal\u00e3o de eventos da Prefeituira de Lajeado, produtores rurais e feirantes de Lajeado e regi\u00e3o se reuniram com t\u00e9cnicos da Emater e com o secret\u00e1rio do Desenvolvimento Econ\u00f4mico, Turismo e Agricultura (Sedetag), Douglas Sandri, para tirar o [&hellip;]<\/p>\n","protected":false},"author":8,"featured_media":41532,"comment_status":"open","ping_status":"open","sticky":false,"template":"","format":"standard","meta":{"pmpro_default_level":"","_jetpack_memberships_contains_paid_content":false,"footnotes":""},"categories":[3],"tags":[2397,173,27,788],"class_list":{"0":"post-41531","1":"post","2":"type-post","3":"status-publish","4":"format-standard","5":"has-post-thumbnail","7":"category-geral","8":"tag-agroecologia","9":"tag-emater","10":"tag-lajeado","11":"tag-organicos","12":"pmpro-has-access"},"yoast_head":"<!-- This site is optimized with the Yoast SEO plugin v27.5 - https:\/\/yoast.com\/product\/yoast-seo-wordpress\/ -->\n<title>Prefeitura de Lajeado, Emater e produtores se organizam para abrir feira de org\u00e2nicos - Folha Popular<\/title>\n<meta name=\"robots\" content=\"index, follow, max-snippet:-1, max-image-preview:large, max-video-preview:-1\" \/>\n<link rel=\"canonical\" href=\"https:\/\/folhapopular.info\/index.php\/2018\/03\/09\/prefeitura-de-lajeado-emater-e-produtores-se-organizam-para-abrir-feira-de-organicos\/\" \/>\n<meta property=\"og:locale\" content=\"pt_BR\" \/>\n<meta property=\"og:type\" content=\"article\" \/>\n<meta property=\"og:title\" content=\"Prefeitura de Lajeado, Emater e produtores se organizam para abrir feira de org\u00e2nicos - Folha Popular\" \/>\n<meta property=\"og:description\" content=\"Os primeiros passos para o estabelecimento\u00a0de uma Feira\u00a0Agroecol\u00f3gica Regional em Lajeado est\u00e3o sendo dados. Nesta sexta-feira (09), no sal\u00e3o de eventos da Prefeituira de Lajeado, produtores rurais e feirantes de Lajeado e regi\u00e3o se reuniram com t\u00e9cnicos da Emater e com o secret\u00e1rio do Desenvolvimento Econ\u00f4mico, Turismo e Agricultura (Sedetag), Douglas Sandri, para tirar o [&hellip;]\" \/>\n<meta property=\"og:url\" content=\"https:\/\/folhapopular.info\/index.php\/2018\/03\/09\/prefeitura-de-lajeado-emater-e-produtores-se-organizam-para-abrir-feira-de-organicos\/\" \/>\n<meta property=\"og:site_name\" content=\"Folha Popular\" \/>\n<meta property=\"article:published_time\" content=\"2018-03-09T19:00:09+00:00\" \/>\n<meta property=\"og:image\" content=\"https:\/\/folhapopular.info\/wp-content\/uploads\/2018\/03\/Sandri-com-produtores-e-Emater-Feira-Agroecol\u00f3gica-Regional-em-forma\u00e7\u00e3o.jpg\" \/>\n\t<meta property=\"og:image:width\" content=\"960\" \/>\n\t<meta property=\"og:image:height\" content=\"720\" \/>\n\t<meta property=\"og:image:type\" content=\"image\/jpeg\" \/>\n<meta name=\"author\" content=\"Reda\u00e7\u00e3o Folha Popular\" \/>\n<meta name=\"twitter:card\" content=\"summary_large_image\" \/>\n<meta name=\"twitter:label1\" content=\"Escrito por\" \/>\n\t<meta name=\"twitter:data1\" content=\"Reda\u00e7\u00e3o Folha Popular\" \/>\n\t<meta name=\"twitter:label2\" content=\"Est. tempo de leitura\" \/>\n\t<meta name=\"twitter:data2\" content=\"2 minutos\" \/>\n<script type=\"application\/ld+json\" class=\"yoast-schema-graph\">{\"@context\":\"https:\\\/\\\/schema.org\",\"@graph\":[{\"@type\":\"Article\",\"@id\":\"https:\\\/\\\/folhapopular.info\\\/index.php\\\/2018\\\/03\\\/09\\\/prefeitura-de-lajeado-emater-e-produtores-se-organizam-para-abrir-feira-de-organicos\\\/#article\",\"isPartOf\":{\"@id\":\"https:\\\/\\\/folhapopular.info\\\/index.php\\\/2018\\\/03\\\/09\\\/prefeitura-de-lajeado-emater-e-produtores-se-organizam-para-abrir-feira-de-organicos\\\/\"},\"author\":{\"name\":\"Reda\u00e7\u00e3o Folha Popular\",\"@id\":\"https:\\\/\\\/folhapopular.info\\\/#\\\/schema\\\/person\\\/2814e8a0df7643585a9ca38bc6eb9d4b\"},\"headline\":\"Prefeitura de Lajeado, Emater e produtores se organizam para abrir feira de org\u00e2nicos\",\"datePublished\":\"2018-03-09T19:00:09+00:00\",\"mainEntityOfPage\":{\"@id\":\"https:\\\/\\\/folhapopular.info\\\/index.php\\\/2018\\\/03\\\/09\\\/prefeitura-de-lajeado-emater-e-produtores-se-organizam-para-abrir-feira-de-organicos\\\/\"},\"wordCount\":489,\"commentCount\":0,\"image\":{\"@id\":\"https:\\\/\\\/folhapopular.info\\\/index.php\\\/2018\\\/03\\\/09\\\/prefeitura-de-lajeado-emater-e-produtores-se-organizam-para-abrir-feira-de-organicos\\\/#primaryimage\"},\"thumbnailUrl\":\"https:\\\/\\\/folhapopular.info\\\/wp-content\\\/uploads\\\/2018\\\/03\\\/Sandri-com-produtores-e-Emater-Feira-Agroecol\u00f3gica-Regional-em-forma\u00e7\u00e3o.jpg\",\"keywords\":[\"Agroecologia\",\"Emater\",\"Lajeado\",\"Org\u00e2nicos\"],\"articleSection\":[\"Geral\"],\"inLanguage\":\"pt-BR\",\"potentialAction\":[{\"@type\":\"CommentAction\",\"name\":\"Comment\",\"target\":[\"https:\\\/\\\/folhapopular.info\\\/index.php\\\/2018\\\/03\\\/09\\\/prefeitura-de-lajeado-emater-e-produtores-se-organizam-para-abrir-feira-de-organicos\\\/#respond\"]}]},{\"@type\":\"WebPage\",\"@id\":\"https:\\\/\\\/folhapopular.info\\\/index.php\\\/2018\\\/03\\\/09\\\/prefeitura-de-lajeado-emater-e-produtores-se-organizam-para-abrir-feira-de-organicos\\\/\",\"url\":\"https:\\\/\\\/folhapopular.info\\\/index.php\\\/2018\\\/03\\\/09\\\/prefeitura-de-lajeado-emater-e-produtores-se-organizam-para-abrir-feira-de-organicos\\\/\",\"name\":\"Prefeitura de Lajeado, Emater e produtores se organizam para abrir feira de org\u00e2nicos - Folha Popular\",\"isPartOf\":{\"@id\":\"https:\\\/\\\/folhapopular.info\\\/#website\"},\"primaryImageOfPage\":{\"@id\":\"https:\\\/\\\/folhapopular.info\\\/index.php\\\/2018\\\/03\\\/09\\\/prefeitura-de-lajeado-emater-e-produtores-se-organizam-para-abrir-feira-de-organicos\\\/#primaryimage\"},\"image\":{\"@id\":\"https:\\\/\\\/folhapopular.info\\\/index.php\\\/2018\\\/03\\\/09\\\/prefeitura-de-lajeado-emater-e-produtores-se-organizam-para-abrir-feira-de-organicos\\\/#primaryimage\"},\"thumbnailUrl\":\"https:\\\/\\\/folhapopular.info\\\/wp-content\\\/uploads\\\/2018\\\/03\\\/Sandri-com-produtores-e-Emater-Feira-Agroecol\u00f3gica-Regional-em-forma\u00e7\u00e3o.jpg\",\"datePublished\":\"2018-03-09T19:00:09+00:00\",\"author\":{\"@id\":\"https:\\\/\\\/folhapopular.info\\\/#\\\/schema\\\/person\\\/2814e8a0df7643585a9ca38bc6eb9d4b\"},\"breadcrumb\":{\"@id\":\"https:\\\/\\\/folhapopular.info\\\/index.php\\\/2018\\\/03\\\/09\\\/prefeitura-de-lajeado-emater-e-produtores-se-organizam-para-abrir-feira-de-organicos\\\/#breadcrumb\"},\"inLanguage\":\"pt-BR\",\"potentialAction\":[{\"@type\":\"ReadAction\",\"target\":[\"https:\\\/\\\/folhapopular.info\\\/index.php\\\/2018\\\/03\\\/09\\\/prefeitura-de-lajeado-emater-e-produtores-se-organizam-para-abrir-feira-de-organicos\\\/\"]}]},{\"@type\":\"ImageObject\",\"inLanguage\":\"pt-BR\",\"@id\":\"https:\\\/\\\/folhapopular.info\\\/index.php\\\/2018\\\/03\\\/09\\\/prefeitura-de-lajeado-emater-e-produtores-se-organizam-para-abrir-feira-de-organicos\\\/#primaryimage\",\"url\":\"https:\\\/\\\/folhapopular.info\\\/wp-content\\\/uploads\\\/2018\\\/03\\\/Sandri-com-produtores-e-Emater-Feira-Agroecol\u00f3gica-Regional-em-forma\u00e7\u00e3o.jpg\",\"contentUrl\":\"https:\\\/\\\/folhapopular.info\\\/wp-content\\\/uploads\\\/2018\\\/03\\\/Sandri-com-produtores-e-Emater-Feira-Agroecol\u00f3gica-Regional-em-forma\u00e7\u00e3o.jpg\",\"width\":960,\"height\":720,\"caption\":\"Sandri explicou sobre a Pra\u00e7a do Papai Noel, local onde funcionar\u00e1 a Feira Agroecol\u00f3gica Regional\\\/Cr\u00e9dito da foto: Rafael Scheeren Gr\u00fcn\\\/Divulga\u00e7\u00e3o\"},{\"@type\":\"BreadcrumbList\",\"@id\":\"https:\\\/\\\/folhapopular.info\\\/index.php\\\/2018\\\/03\\\/09\\\/prefeitura-de-lajeado-emater-e-produtores-se-organizam-para-abrir-feira-de-organicos\\\/#breadcrumb\",\"itemListElement\":[{\"@type\":\"ListItem\",\"position\":1,\"name\":\"In\u00edcio\",\"item\":\"https:\\\/\\\/folhapopular.info\\\/\"},{\"@type\":\"ListItem\",\"position\":2,\"name\":\"Prefeitura de Lajeado, Emater e produtores se organizam para abrir feira de org\u00e2nicos\"}]},{\"@type\":\"WebSite\",\"@id\":\"https:\\\/\\\/folhapopular.info\\\/#website\",\"url\":\"https:\\\/\\\/folhapopular.info\\\/\",\"name\":\"Folha Popular\",\"description\":\"Onde voc\u00ea tem vez e voz\",\"potentialAction\":[{\"@type\":\"SearchAction\",\"target\":{\"@type\":\"EntryPoint\",\"urlTemplate\":\"https:\\\/\\\/folhapopular.info\\\/?s={search_term_string}\"},\"query-input\":{\"@type\":\"PropertyValueSpecification\",\"valueRequired\":true,\"valueName\":\"search_term_string\"}}],\"inLanguage\":\"pt-BR\"},{\"@type\":\"Person\",\"@id\":\"https:\\\/\\\/folhapopular.info\\\/#\\\/schema\\\/person\\\/2814e8a0df7643585a9ca38bc6eb9d4b\",\"name\":\"Reda\u00e7\u00e3o Folha Popular\",\"image\":{\"@type\":\"ImageObject\",\"inLanguage\":\"pt-BR\",\"@id\":\"https:\\\/\\\/folhapopular.info\\\/wp-content\\\/uploads\\\/2026\\\/04\\\/Folha-1.webp\",\"url\":\"https:\\\/\\\/folhapopular.info\\\/wp-content\\\/uploads\\\/2026\\\/04\\\/Folha-1.webp\",\"contentUrl\":\"https:\\\/\\\/folhapopular.info\\\/wp-content\\\/uploads\\\/2026\\\/04\\\/Folha-1.webp\",\"caption\":\"Reda\u00e7\u00e3o Folha Popular\"},\"url\":\"https:\\\/\\\/folhapopular.info\\\/index.php\\\/author\\\/redacao\\\/\"}]}<\/script>\n<!-- \/ Yoast SEO plugin. -->","yoast_head_json":{"title":"Prefeitura de Lajeado, Emater e produtores se organizam para abrir feira de org\u00e2nicos - Folha Popular","robots":{"index":"index","follow":"follow","max-snippet":"max-snippet:-1","max-image-preview":"max-image-preview:large","max-video-preview":"max-video-preview:-1"},"canonical":"https:\/\/folhapopular.info\/index.php\/2018\/03\/09\/prefeitura-de-lajeado-emater-e-produtores-se-organizam-para-abrir-feira-de-organicos\/","og_locale":"pt_BR","og_type":"article","og_title":"Prefeitura de Lajeado, Emater e produtores se organizam para abrir feira de org\u00e2nicos - Folha Popular","og_description":"Os primeiros passos para o estabelecimento\u00a0de uma Feira\u00a0Agroecol\u00f3gica Regional em Lajeado est\u00e3o sendo dados. Nesta sexta-feira (09), no sal\u00e3o de eventos da Prefeituira de Lajeado, produtores rurais e feirantes de Lajeado e regi\u00e3o se reuniram com t\u00e9cnicos da Emater e com o secret\u00e1rio do Desenvolvimento Econ\u00f4mico, Turismo e Agricultura (Sedetag), Douglas Sandri, para tirar o [&hellip;]","og_url":"https:\/\/folhapopular.info\/index.php\/2018\/03\/09\/prefeitura-de-lajeado-emater-e-produtores-se-organizam-para-abrir-feira-de-organicos\/","og_site_name":"Folha Popular","article_published_time":"2018-03-09T19:00:09+00:00","og_image":[{"width":960,"height":720,"url":"https:\/\/folhapopular.info\/wp-content\/uploads\/2018\/03\/Sandri-com-produtores-e-Emater-Feira-Agroecol\u00f3gica-Regional-em-forma\u00e7\u00e3o.jpg","type":"image\/jpeg"}],"author":"Reda\u00e7\u00e3o Folha Popular","twitter_card":"summary_large_image","twitter_misc":{"Escrito por":"Reda\u00e7\u00e3o Folha Popular","Est. tempo de leitura":"2 minutos"},"schema":{"@context":"https:\/\/schema.org","@graph":[{"@type":"Article","@id":"https:\/\/folhapopular.info\/index.php\/2018\/03\/09\/prefeitura-de-lajeado-emater-e-produtores-se-organizam-para-abrir-feira-de-organicos\/#article","isPartOf":{"@id":"https:\/\/folhapopular.info\/index.php\/2018\/03\/09\/prefeitura-de-lajeado-emater-e-produtores-se-organizam-para-abrir-feira-de-organicos\/"},"author":{"name":"Reda\u00e7\u00e3o Folha Popular","@id":"https:\/\/folhapopular.info\/#\/schema\/person\/2814e8a0df7643585a9ca38bc6eb9d4b"},"headline":"Prefeitura de Lajeado, Emater e produtores se organizam para abrir feira de org\u00e2nicos","datePublished":"2018-03-09T19:00:09+00:00","mainEntityOfPage":{"@id":"https:\/\/folhapopular.info\/index.php\/2018\/03\/09\/prefeitura-de-lajeado-emater-e-produtores-se-organizam-para-abrir-feira-de-organicos\/"},"wordCount":489,"commentCount":0,"image":{"@id":"https:\/\/folhapopular.info\/index.php\/2018\/03\/09\/prefeitura-de-lajeado-emater-e-produtores-se-organizam-para-abrir-feira-de-organicos\/#primaryimage"},"thumbnailUrl":"https:\/\/folhapopular.info\/wp-content\/uploads\/2018\/03\/Sandri-com-produtores-e-Emater-Feira-Agroecol\u00f3gica-Regional-em-forma\u00e7\u00e3o.jpg","keywords":["Agroecologia","Emater","Lajeado","Org\u00e2nicos"],"articleSection":["Geral"],"inLanguage":"pt-BR","potentialAction":[{"@type":"CommentAction","name":"Comment","target":["https:\/\/folhapopular.info\/index.php\/2018\/03\/09\/prefeitura-de-lajeado-emater-e-produtores-se-organizam-para-abrir-feira-de-organicos\/#respond"]}]},{"@type":"WebPage","@id":"https:\/\/folhapopular.info\/index.php\/2018\/03\/09\/prefeitura-de-lajeado-emater-e-produtores-se-organizam-para-abrir-feira-de-organicos\/","url":"https:\/\/folhapopular.info\/index.php\/2018\/03\/09\/prefeitura-de-lajeado-emater-e-produtores-se-organizam-para-abrir-feira-de-organicos\/","name":"Prefeitura de Lajeado, Emater e produtores se organizam para abrir feira de org\u00e2nicos - Folha Popular","isPartOf":{"@id":"https:\/\/folhapopular.info\/#website"},"primaryImageOfPage":{"@id":"https:\/\/folhapopular.info\/index.php\/2018\/03\/09\/prefeitura-de-lajeado-emater-e-produtores-se-organizam-para-abrir-feira-de-organicos\/#primaryimage"},"image":{"@id":"https:\/\/folhapopular.info\/index.php\/2018\/03\/09\/prefeitura-de-lajeado-emater-e-produtores-se-organizam-para-abrir-feira-de-organicos\/#primaryimage"},"thumbnailUrl":"https:\/\/folhapopular.info\/wp-content\/uploads\/2018\/03\/Sandri-com-produtores-e-Emater-Feira-Agroecol\u00f3gica-Regional-em-forma\u00e7\u00e3o.jpg","datePublished":"2018-03-09T19:00:09+00:00","author":{"@id":"https:\/\/folhapopular.info\/#\/schema\/person\/2814e8a0df7643585a9ca38bc6eb9d4b"},"breadcrumb":{"@id":"https:\/\/folhapopular.info\/index.php\/2018\/03\/09\/prefeitura-de-lajeado-emater-e-produtores-se-organizam-para-abrir-feira-de-organicos\/#breadcrumb"},"inLanguage":"pt-BR","potentialAction":[{"@type":"ReadAction","target":["https:\/\/folhapopular.info\/index.php\/2018\/03\/09\/prefeitura-de-lajeado-emater-e-produtores-se-organizam-para-abrir-feira-de-organicos\/"]}]},{"@type":"ImageObject","inLanguage":"pt-BR","@id":"https:\/\/folhapopular.info\/index.php\/2018\/03\/09\/prefeitura-de-lajeado-emater-e-produtores-se-organizam-para-abrir-feira-de-organicos\/#primaryimage","url":"https:\/\/folhapopular.info\/wp-content\/uploads\/2018\/03\/Sandri-com-produtores-e-Emater-Feira-Agroecol\u00f3gica-Regional-em-forma\u00e7\u00e3o.jpg","contentUrl":"https:\/\/folhapopular.info\/wp-content\/uploads\/2018\/03\/Sandri-com-produtores-e-Emater-Feira-Agroecol\u00f3gica-Regional-em-forma\u00e7\u00e3o.jpg","width":960,"height":720,"caption":"Sandri explicou sobre a Pra\u00e7a do Papai Noel, local onde funcionar\u00e1 a Feira Agroecol\u00f3gica Regional\/Cr\u00e9dito da foto: Rafael Scheeren Gr\u00fcn\/Divulga\u00e7\u00e3o"},{"@type":"BreadcrumbList","@id":"https:\/\/folhapopular.info\/index.php\/2018\/03\/09\/prefeitura-de-lajeado-emater-e-produtores-se-organizam-para-abrir-feira-de-organicos\/#breadcrumb","itemListElement":[{"@type":"ListItem","position":1,"name":"In\u00edcio","item":"https:\/\/folhapopular.info\/"},{"@type":"ListItem","position":2,"name":"Prefeitura de Lajeado, Emater e produtores se organizam para abrir feira de org\u00e2nicos"}]},{"@type":"WebSite","@id":"https:\/\/folhapopular.info\/#website","url":"https:\/\/folhapopular.info\/","name":"Folha Popular","description":"Onde voc\u00ea tem vez e voz","potentialAction":[{"@type":"SearchAction","target":{"@type":"EntryPoint","urlTemplate":"https:\/\/folhapopular.info\/?s={search_term_string}"},"query-input":{"@type":"PropertyValueSpecification","valueRequired":true,"valueName":"search_term_string"}}],"inLanguage":"pt-BR"},{"@type":"Person","@id":"https:\/\/folhapopular.info\/#\/schema\/person\/2814e8a0df7643585a9ca38bc6eb9d4b","name":"Reda\u00e7\u00e3o Folha Popular","image":{"@type":"ImageObject","inLanguage":"pt-BR","@id":"https:\/\/folhapopular.info\/wp-content\/uploads\/2026\/04\/Folha-1.webp","url":"https:\/\/folhapopular.info\/wp-content\/uploads\/2026\/04\/Folha-1.webp","contentUrl":"https:\/\/folhapopular.info\/wp-content\/uploads\/2026\/04\/Folha-1.webp","caption":"Reda\u00e7\u00e3o Folha Popular"},"url":"https:\/\/folhapopular.info\/index.php\/author\/redacao\/"}]}},"jetpack_featured_media_url":"https:\/\/folhapopular.info\/wp-content\/uploads\/2018\/03\/Sandri-com-produtores-e-Emater-Feira-Agroecol\u00f3gica-Regional-em-forma\u00e7\u00e3o.jpg","jetpack_sharing_enabled":true,"amp_enabled":true,"_links":{"self":[{"href":"https:\/\/folhapopular.info\/index.php\/wp-json\/wp\/v2\/posts\/41531","targetHints":{"allow":["GET"]}}],"collection":[{"href":"https:\/\/folhapopular.info\/index.php\/wp-json\/wp\/v2\/posts"}],"about":[{"href":"https:\/\/folhapopular.info\/index.php\/wp-json\/wp\/v2\/types\/post"}],"author":[{"embeddable":true,"href":"https:\/\/folhapopular.info\/index.php\/wp-json\/wp\/v2\/users\/8"}],"replies":[{"embeddable":true,"href":"https:\/\/folhapopular.info\/index.php\/wp-json\/wp\/v2\/comments?post=41531"}],"version-history":[{"count":0,"href":"https:\/\/folhapopular.info\/index.php\/wp-json\/wp\/v2\/posts\/41531\/revisions"}],"wp:featuredmedia":[{"embeddable":true,"href":"https:\/\/folhapopular.info\/index.php\/wp-json\/wp\/v2\/media\/41532"}],"wp:attachment":[{"href":"https:\/\/folhapopular.info\/index.php\/wp-json\/wp\/v2\/media?parent=41531"}],"wp:term":[{"taxonomy":"category","embeddable":true,"href":"https:\/\/folhapopular.info\/index.php\/wp-json\/wp\/v2\/categories?post=41531"},{"taxonomy":"post_tag","embeddable":true,"href":"https:\/\/folhapopular.info\/index.php\/wp-json\/wp\/v2\/tags?post=41531"}],"curies":[{"name":"wp","href":"https:\/\/api.w.org\/{rel}","templated":true}]}}