{"id":41545,"date":"2018-03-10T09:00:12","date_gmt":"2018-03-10T12:00:12","guid":{"rendered":"http:\/\/folhapopular.info\/?p=41545"},"modified":"2018-03-10T07:44:05","modified_gmt":"2018-03-10T10:44:05","slug":"associacao-de-coros-de-teutonia-avalia-trabalho-realizado-e-planeja-acoes-para-2018","status":"publish","type":"post","link":"https:\/\/folhapopular.info\/index.php\/2018\/03\/10\/associacao-de-coros-de-teutonia-avalia-trabalho-realizado-e-planeja-acoes-para-2018\/","title":{"rendered":"Associa\u00e7\u00e3o de Coros de Teut\u00f4nia avalia trabalho realizado e planeja a\u00e7\u00f5es para 2018"},"content":{"rendered":"<p>Na quarta-feira (07\/03), a Associa\u00e7\u00e3o dos Coros de Teut\u00f4nia (Acote) reuniu-se com a Secretaria de Juventude, Cultura, Esporte e Lazer para realizar o primeiro encontro do ano. Na oportunidade, a presidente da Acote, Rosita Schneider, apresentou as atividades realizadas no ano de 2017, e avaliou o sucesso do Projeto Encantando Gera\u00e7\u00f5es, que foi trabalhado no munic\u00edpio envolvendo todos os corais e a comunidade. Rosita entregou ainda um question\u00e1rio com a finalidade de coletar informa\u00e7\u00f5es sobre os corais e coralistas, al\u00e9m de uma avalia\u00e7\u00e3o sobre o Projeto Encantando Gera\u00e7\u00f5es e sugest\u00f5es para este ano.<\/p>\n<p>Esteve em pauta tamb\u00e9m a presta\u00e7\u00e3o de contas da Associa\u00e7\u00e3o, pelo tesoureiro Romeu Bayer aos associados e representantes da Secretaria. Al\u00e9m disso, o planejamento para 2018.<br \/>\nA Administra\u00e7\u00e3o Municipal, por meio da Secretaria\u00a0de Juventude, Cultura, Esporte e Lazer, convidou os coros do munic\u00edpio para a Festa de Maio, em 23 de maio, \u00e0s 18h, no Centro Administrativo. Neste dia haver\u00e1 a abertura oficial do evento, o lan\u00e7amento do selo e a inaugura\u00e7\u00e3o do monumento em homenagem \u00e0 &#8220;Capital Nacional do Canto Coral&#8221;. Tamb\u00e9m haver\u00e1 a apresenta\u00e7\u00e3o do Grande Coral de Teut\u00f4nia, formado pelos coros associados \u00e0 Acote.<\/p>\n<p>Estavam presentes na reuni\u00e3o a diretoria da Associa\u00e7\u00e3o, os presidentes dos corais de Teut\u00f4nia e seus regentes e os representantes da Secretaria.<\/p>\n","protected":false},"excerpt":{"rendered":"<p>Na quarta-feira (07\/03), a Associa\u00e7\u00e3o dos Coros de Teut\u00f4nia (Acote) reuniu-se com a Secretaria de Juventude, Cultura, Esporte e Lazer para realizar o primeiro encontro do ano. Na oportunidade, a presidente da Acote, Rosita Schneider, apresentou as atividades realizadas no ano de 2017, e avaliou o sucesso do Projeto Encantando Gera\u00e7\u00f5es, que foi trabalhado no [&hellip;]<\/p>\n","protected":false},"author":8,"featured_media":41546,"comment_status":"open","ping_status":"open","sticky":false,"template":"","format":"standard","meta":{"pmpro_default_level":"","_jetpack_memberships_contains_paid_content":false,"footnotes":""},"categories":[2,6],"tags":[553,552,2401],"class_list":{"0":"post-41545","1":"post","2":"type-post","3":"status-publish","4":"format-standard","5":"has-post-thumbnail","7":"category-featured","8":"category-inclusive","9":"tag-canto-coral","10":"tag-corais","11":"tag-teutonia-acote","12":"pmpro-has-access"},"yoast_head":"<!-- This site is optimized with the Yoast SEO plugin v27.5 - https:\/\/yoast.com\/product\/yoast-seo-wordpress\/ -->\n<title>Associa\u00e7\u00e3o de Coros de Teut\u00f4nia avalia trabalho realizado e planeja a\u00e7\u00f5es para 2018 - Folha Popular<\/title>\n<meta name=\"robots\" content=\"index, follow, max-snippet:-1, max-image-preview:large, max-video-preview:-1\" \/>\n<link rel=\"canonical\" href=\"https:\/\/folhapopular.info\/index.php\/2018\/03\/10\/associacao-de-coros-de-teutonia-avalia-trabalho-realizado-e-planeja-acoes-para-2018\/\" \/>\n<meta property=\"og:locale\" content=\"pt_BR\" \/>\n<meta property=\"og:type\" content=\"article\" \/>\n<meta property=\"og:title\" content=\"Associa\u00e7\u00e3o de Coros de Teut\u00f4nia avalia trabalho realizado e planeja a\u00e7\u00f5es para 2018 - Folha Popular\" \/>\n<meta property=\"og:description\" content=\"Na quarta-feira (07\/03), a Associa\u00e7\u00e3o dos Coros de Teut\u00f4nia (Acote) reuniu-se com a Secretaria de Juventude, Cultura, Esporte e Lazer para realizar o primeiro encontro do ano. Na oportunidade, a presidente da Acote, Rosita Schneider, apresentou as atividades realizadas no ano de 2017, e avaliou o sucesso do Projeto Encantando Gera\u00e7\u00f5es, que foi trabalhado no [&hellip;]\" \/>\n<meta property=\"og:url\" content=\"https:\/\/folhapopular.info\/index.php\/2018\/03\/10\/associacao-de-coros-de-teutonia-avalia-trabalho-realizado-e-planeja-acoes-para-2018\/\" \/>\n<meta property=\"og:site_name\" content=\"Folha Popular\" \/>\n<meta property=\"article:published_time\" content=\"2018-03-10T12:00:12+00:00\" \/>\n<meta property=\"og:image\" content=\"https:\/\/folhapopular.info\/wp-content\/uploads\/2018\/03\/DSCN6331-e1520678608241.jpg\" \/>\n\t<meta property=\"og:image:width\" content=\"1000\" \/>\n\t<meta property=\"og:image:height\" content=\"750\" \/>\n\t<meta property=\"og:image:type\" content=\"image\/jpeg\" \/>\n<meta name=\"author\" content=\"Reda\u00e7\u00e3o Folha Popular\" \/>\n<meta name=\"twitter:card\" content=\"summary_large_image\" \/>\n<meta name=\"twitter:label1\" content=\"Escrito por\" \/>\n\t<meta name=\"twitter:data1\" content=\"Reda\u00e7\u00e3o Folha Popular\" \/>\n\t<meta name=\"twitter:label2\" content=\"Est. tempo de leitura\" \/>\n\t<meta name=\"twitter:data2\" content=\"1 minuto\" \/>\n<script type=\"application\/ld+json\" class=\"yoast-schema-graph\">{\"@context\":\"https:\\\/\\\/schema.org\",\"@graph\":[{\"@type\":\"Article\",\"@id\":\"https:\\\/\\\/folhapopular.info\\\/index.php\\\/2018\\\/03\\\/10\\\/associacao-de-coros-de-teutonia-avalia-trabalho-realizado-e-planeja-acoes-para-2018\\\/#article\",\"isPartOf\":{\"@id\":\"https:\\\/\\\/folhapopular.info\\\/index.php\\\/2018\\\/03\\\/10\\\/associacao-de-coros-de-teutonia-avalia-trabalho-realizado-e-planeja-acoes-para-2018\\\/\"},\"author\":{\"name\":\"Reda\u00e7\u00e3o Folha Popular\",\"@id\":\"https:\\\/\\\/folhapopular.info\\\/#\\\/schema\\\/person\\\/2814e8a0df7643585a9ca38bc6eb9d4b\"},\"headline\":\"Associa\u00e7\u00e3o de Coros de Teut\u00f4nia avalia trabalho realizado e planeja a\u00e7\u00f5es para 2018\",\"datePublished\":\"2018-03-10T12:00:12+00:00\",\"mainEntityOfPage\":{\"@id\":\"https:\\\/\\\/folhapopular.info\\\/index.php\\\/2018\\\/03\\\/10\\\/associacao-de-coros-de-teutonia-avalia-trabalho-realizado-e-planeja-acoes-para-2018\\\/\"},\"wordCount\":246,\"commentCount\":0,\"image\":{\"@id\":\"https:\\\/\\\/folhapopular.info\\\/index.php\\\/2018\\\/03\\\/10\\\/associacao-de-coros-de-teutonia-avalia-trabalho-realizado-e-planeja-acoes-para-2018\\\/#primaryimage\"},\"thumbnailUrl\":\"https:\\\/\\\/folhapopular.info\\\/wp-content\\\/uploads\\\/2018\\\/03\\\/DSCN6331-e1520678608241.jpg\",\"keywords\":[\"Canto Coral\",\"Corais\",\"Teut\u00f4nia Acote\"],\"articleSection\":[\"Destaques\",\"Inclusive\"],\"inLanguage\":\"pt-BR\",\"potentialAction\":[{\"@type\":\"CommentAction\",\"name\":\"Comment\",\"target\":[\"https:\\\/\\\/folhapopular.info\\\/index.php\\\/2018\\\/03\\\/10\\\/associacao-de-coros-de-teutonia-avalia-trabalho-realizado-e-planeja-acoes-para-2018\\\/#respond\"]}]},{\"@type\":\"WebPage\",\"@id\":\"https:\\\/\\\/folhapopular.info\\\/index.php\\\/2018\\\/03\\\/10\\\/associacao-de-coros-de-teutonia-avalia-trabalho-realizado-e-planeja-acoes-para-2018\\\/\",\"url\":\"https:\\\/\\\/folhapopular.info\\\/index.php\\\/2018\\\/03\\\/10\\\/associacao-de-coros-de-teutonia-avalia-trabalho-realizado-e-planeja-acoes-para-2018\\\/\",\"name\":\"Associa\u00e7\u00e3o de Coros de Teut\u00f4nia avalia trabalho realizado e planeja a\u00e7\u00f5es para 2018 - Folha Popular\",\"isPartOf\":{\"@id\":\"https:\\\/\\\/folhapopular.info\\\/#website\"},\"primaryImageOfPage\":{\"@id\":\"https:\\\/\\\/folhapopular.info\\\/index.php\\\/2018\\\/03\\\/10\\\/associacao-de-coros-de-teutonia-avalia-trabalho-realizado-e-planeja-acoes-para-2018\\\/#primaryimage\"},\"image\":{\"@id\":\"https:\\\/\\\/folhapopular.info\\\/index.php\\\/2018\\\/03\\\/10\\\/associacao-de-coros-de-teutonia-avalia-trabalho-realizado-e-planeja-acoes-para-2018\\\/#primaryimage\"},\"thumbnailUrl\":\"https:\\\/\\\/folhapopular.info\\\/wp-content\\\/uploads\\\/2018\\\/03\\\/DSCN6331-e1520678608241.jpg\",\"datePublished\":\"2018-03-10T12:00:12+00:00\",\"author\":{\"@id\":\"https:\\\/\\\/folhapopular.info\\\/#\\\/schema\\\/person\\\/2814e8a0df7643585a9ca38bc6eb9d4b\"},\"breadcrumb\":{\"@id\":\"https:\\\/\\\/folhapopular.info\\\/index.php\\\/2018\\\/03\\\/10\\\/associacao-de-coros-de-teutonia-avalia-trabalho-realizado-e-planeja-acoes-para-2018\\\/#breadcrumb\"},\"inLanguage\":\"pt-BR\",\"potentialAction\":[{\"@type\":\"ReadAction\",\"target\":[\"https:\\\/\\\/folhapopular.info\\\/index.php\\\/2018\\\/03\\\/10\\\/associacao-de-coros-de-teutonia-avalia-trabalho-realizado-e-planeja-acoes-para-2018\\\/\"]}]},{\"@type\":\"ImageObject\",\"inLanguage\":\"pt-BR\",\"@id\":\"https:\\\/\\\/folhapopular.info\\\/index.php\\\/2018\\\/03\\\/10\\\/associacao-de-coros-de-teutonia-avalia-trabalho-realizado-e-planeja-acoes-para-2018\\\/#primaryimage\",\"url\":\"https:\\\/\\\/folhapopular.info\\\/wp-content\\\/uploads\\\/2018\\\/03\\\/DSCN6331-e1520678608241.jpg\",\"contentUrl\":\"https:\\\/\\\/folhapopular.info\\\/wp-content\\\/uploads\\\/2018\\\/03\\\/DSCN6331-e1520678608241.jpg\",\"width\":1000,\"height\":750,\"caption\":\"Acote realizou o primeiro encontro do ano\"},{\"@type\":\"BreadcrumbList\",\"@id\":\"https:\\\/\\\/folhapopular.info\\\/index.php\\\/2018\\\/03\\\/10\\\/associacao-de-coros-de-teutonia-avalia-trabalho-realizado-e-planeja-acoes-para-2018\\\/#breadcrumb\",\"itemListElement\":[{\"@type\":\"ListItem\",\"position\":1,\"name\":\"In\u00edcio\",\"item\":\"https:\\\/\\\/folhapopular.info\\\/\"},{\"@type\":\"ListItem\",\"position\":2,\"name\":\"Associa\u00e7\u00e3o de Coros de Teut\u00f4nia avalia trabalho realizado e planeja a\u00e7\u00f5es para 2018\"}]},{\"@type\":\"WebSite\",\"@id\":\"https:\\\/\\\/folhapopular.info\\\/#website\",\"url\":\"https:\\\/\\\/folhapopular.info\\\/\",\"name\":\"Folha Popular\",\"description\":\"Onde voc\u00ea tem vez e voz\",\"potentialAction\":[{\"@type\":\"SearchAction\",\"target\":{\"@type\":\"EntryPoint\",\"urlTemplate\":\"https:\\\/\\\/folhapopular.info\\\/?s={search_term_string}\"},\"query-input\":{\"@type\":\"PropertyValueSpecification\",\"valueRequired\":true,\"valueName\":\"search_term_string\"}}],\"inLanguage\":\"pt-BR\"},{\"@type\":\"Person\",\"@id\":\"https:\\\/\\\/folhapopular.info\\\/#\\\/schema\\\/person\\\/2814e8a0df7643585a9ca38bc6eb9d4b\",\"name\":\"Reda\u00e7\u00e3o Folha Popular\",\"image\":{\"@type\":\"ImageObject\",\"inLanguage\":\"pt-BR\",\"@id\":\"https:\\\/\\\/folhapopular.info\\\/wp-content\\\/uploads\\\/2026\\\/04\\\/Folha-1.webp\",\"url\":\"https:\\\/\\\/folhapopular.info\\\/wp-content\\\/uploads\\\/2026\\\/04\\\/Folha-1.webp\",\"contentUrl\":\"https:\\\/\\\/folhapopular.info\\\/wp-content\\\/uploads\\\/2026\\\/04\\\/Folha-1.webp\",\"caption\":\"Reda\u00e7\u00e3o Folha Popular\"},\"url\":\"https:\\\/\\\/folhapopular.info\\\/index.php\\\/author\\\/redacao\\\/\"}]}<\/script>\n<!-- \/ Yoast SEO plugin. -->","yoast_head_json":{"title":"Associa\u00e7\u00e3o de Coros de Teut\u00f4nia avalia trabalho realizado e planeja a\u00e7\u00f5es para 2018 - Folha Popular","robots":{"index":"index","follow":"follow","max-snippet":"max-snippet:-1","max-image-preview":"max-image-preview:large","max-video-preview":"max-video-preview:-1"},"canonical":"https:\/\/folhapopular.info\/index.php\/2018\/03\/10\/associacao-de-coros-de-teutonia-avalia-trabalho-realizado-e-planeja-acoes-para-2018\/","og_locale":"pt_BR","og_type":"article","og_title":"Associa\u00e7\u00e3o de Coros de Teut\u00f4nia avalia trabalho realizado e planeja a\u00e7\u00f5es para 2018 - Folha Popular","og_description":"Na quarta-feira (07\/03), a Associa\u00e7\u00e3o dos Coros de Teut\u00f4nia (Acote) reuniu-se com a Secretaria de Juventude, Cultura, Esporte e Lazer para realizar o primeiro encontro do ano. Na oportunidade, a presidente da Acote, Rosita Schneider, apresentou as atividades realizadas no ano de 2017, e avaliou o sucesso do Projeto Encantando Gera\u00e7\u00f5es, que foi trabalhado no [&hellip;]","og_url":"https:\/\/folhapopular.info\/index.php\/2018\/03\/10\/associacao-de-coros-de-teutonia-avalia-trabalho-realizado-e-planeja-acoes-para-2018\/","og_site_name":"Folha Popular","article_published_time":"2018-03-10T12:00:12+00:00","og_image":[{"width":1000,"height":750,"url":"https:\/\/folhapopular.info\/wp-content\/uploads\/2018\/03\/DSCN6331-e1520678608241.jpg","type":"image\/jpeg"}],"author":"Reda\u00e7\u00e3o Folha Popular","twitter_card":"summary_large_image","twitter_misc":{"Escrito por":"Reda\u00e7\u00e3o Folha Popular","Est. tempo de leitura":"1 minuto"},"schema":{"@context":"https:\/\/schema.org","@graph":[{"@type":"Article","@id":"https:\/\/folhapopular.info\/index.php\/2018\/03\/10\/associacao-de-coros-de-teutonia-avalia-trabalho-realizado-e-planeja-acoes-para-2018\/#article","isPartOf":{"@id":"https:\/\/folhapopular.info\/index.php\/2018\/03\/10\/associacao-de-coros-de-teutonia-avalia-trabalho-realizado-e-planeja-acoes-para-2018\/"},"author":{"name":"Reda\u00e7\u00e3o Folha Popular","@id":"https:\/\/folhapopular.info\/#\/schema\/person\/2814e8a0df7643585a9ca38bc6eb9d4b"},"headline":"Associa\u00e7\u00e3o de Coros de Teut\u00f4nia avalia trabalho realizado e planeja a\u00e7\u00f5es para 2018","datePublished":"2018-03-10T12:00:12+00:00","mainEntityOfPage":{"@id":"https:\/\/folhapopular.info\/index.php\/2018\/03\/10\/associacao-de-coros-de-teutonia-avalia-trabalho-realizado-e-planeja-acoes-para-2018\/"},"wordCount":246,"commentCount":0,"image":{"@id":"https:\/\/folhapopular.info\/index.php\/2018\/03\/10\/associacao-de-coros-de-teutonia-avalia-trabalho-realizado-e-planeja-acoes-para-2018\/#primaryimage"},"thumbnailUrl":"https:\/\/folhapopular.info\/wp-content\/uploads\/2018\/03\/DSCN6331-e1520678608241.jpg","keywords":["Canto Coral","Corais","Teut\u00f4nia Acote"],"articleSection":["Destaques","Inclusive"],"inLanguage":"pt-BR","potentialAction":[{"@type":"CommentAction","name":"Comment","target":["https:\/\/folhapopular.info\/index.php\/2018\/03\/10\/associacao-de-coros-de-teutonia-avalia-trabalho-realizado-e-planeja-acoes-para-2018\/#respond"]}]},{"@type":"WebPage","@id":"https:\/\/folhapopular.info\/index.php\/2018\/03\/10\/associacao-de-coros-de-teutonia-avalia-trabalho-realizado-e-planeja-acoes-para-2018\/","url":"https:\/\/folhapopular.info\/index.php\/2018\/03\/10\/associacao-de-coros-de-teutonia-avalia-trabalho-realizado-e-planeja-acoes-para-2018\/","name":"Associa\u00e7\u00e3o de Coros de Teut\u00f4nia avalia trabalho realizado e planeja a\u00e7\u00f5es para 2018 - Folha Popular","isPartOf":{"@id":"https:\/\/folhapopular.info\/#website"},"primaryImageOfPage":{"@id":"https:\/\/folhapopular.info\/index.php\/2018\/03\/10\/associacao-de-coros-de-teutonia-avalia-trabalho-realizado-e-planeja-acoes-para-2018\/#primaryimage"},"image":{"@id":"https:\/\/folhapopular.info\/index.php\/2018\/03\/10\/associacao-de-coros-de-teutonia-avalia-trabalho-realizado-e-planeja-acoes-para-2018\/#primaryimage"},"thumbnailUrl":"https:\/\/folhapopular.info\/wp-content\/uploads\/2018\/03\/DSCN6331-e1520678608241.jpg","datePublished":"2018-03-10T12:00:12+00:00","author":{"@id":"https:\/\/folhapopular.info\/#\/schema\/person\/2814e8a0df7643585a9ca38bc6eb9d4b"},"breadcrumb":{"@id":"https:\/\/folhapopular.info\/index.php\/2018\/03\/10\/associacao-de-coros-de-teutonia-avalia-trabalho-realizado-e-planeja-acoes-para-2018\/#breadcrumb"},"inLanguage":"pt-BR","potentialAction":[{"@type":"ReadAction","target":["https:\/\/folhapopular.info\/index.php\/2018\/03\/10\/associacao-de-coros-de-teutonia-avalia-trabalho-realizado-e-planeja-acoes-para-2018\/"]}]},{"@type":"ImageObject","inLanguage":"pt-BR","@id":"https:\/\/folhapopular.info\/index.php\/2018\/03\/10\/associacao-de-coros-de-teutonia-avalia-trabalho-realizado-e-planeja-acoes-para-2018\/#primaryimage","url":"https:\/\/folhapopular.info\/wp-content\/uploads\/2018\/03\/DSCN6331-e1520678608241.jpg","contentUrl":"https:\/\/folhapopular.info\/wp-content\/uploads\/2018\/03\/DSCN6331-e1520678608241.jpg","width":1000,"height":750,"caption":"Acote realizou o primeiro encontro do ano"},{"@type":"BreadcrumbList","@id":"https:\/\/folhapopular.info\/index.php\/2018\/03\/10\/associacao-de-coros-de-teutonia-avalia-trabalho-realizado-e-planeja-acoes-para-2018\/#breadcrumb","itemListElement":[{"@type":"ListItem","position":1,"name":"In\u00edcio","item":"https:\/\/folhapopular.info\/"},{"@type":"ListItem","position":2,"name":"Associa\u00e7\u00e3o de Coros de Teut\u00f4nia avalia trabalho realizado e planeja a\u00e7\u00f5es para 2018"}]},{"@type":"WebSite","@id":"https:\/\/folhapopular.info\/#website","url":"https:\/\/folhapopular.info\/","name":"Folha Popular","description":"Onde voc\u00ea tem vez e voz","potentialAction":[{"@type":"SearchAction","target":{"@type":"EntryPoint","urlTemplate":"https:\/\/folhapopular.info\/?s={search_term_string}"},"query-input":{"@type":"PropertyValueSpecification","valueRequired":true,"valueName":"search_term_string"}}],"inLanguage":"pt-BR"},{"@type":"Person","@id":"https:\/\/folhapopular.info\/#\/schema\/person\/2814e8a0df7643585a9ca38bc6eb9d4b","name":"Reda\u00e7\u00e3o Folha Popular","image":{"@type":"ImageObject","inLanguage":"pt-BR","@id":"https:\/\/folhapopular.info\/wp-content\/uploads\/2026\/04\/Folha-1.webp","url":"https:\/\/folhapopular.info\/wp-content\/uploads\/2026\/04\/Folha-1.webp","contentUrl":"https:\/\/folhapopular.info\/wp-content\/uploads\/2026\/04\/Folha-1.webp","caption":"Reda\u00e7\u00e3o Folha Popular"},"url":"https:\/\/folhapopular.info\/index.php\/author\/redacao\/"}]}},"jetpack_featured_media_url":"https:\/\/folhapopular.info\/wp-content\/uploads\/2018\/03\/DSCN6331-e1520678608241.jpg","jetpack_sharing_enabled":true,"amp_enabled":true,"_links":{"self":[{"href":"https:\/\/folhapopular.info\/index.php\/wp-json\/wp\/v2\/posts\/41545","targetHints":{"allow":["GET"]}}],"collection":[{"href":"https:\/\/folhapopular.info\/index.php\/wp-json\/wp\/v2\/posts"}],"about":[{"href":"https:\/\/folhapopular.info\/index.php\/wp-json\/wp\/v2\/types\/post"}],"author":[{"embeddable":true,"href":"https:\/\/folhapopular.info\/index.php\/wp-json\/wp\/v2\/users\/8"}],"replies":[{"embeddable":true,"href":"https:\/\/folhapopular.info\/index.php\/wp-json\/wp\/v2\/comments?post=41545"}],"version-history":[{"count":0,"href":"https:\/\/folhapopular.info\/index.php\/wp-json\/wp\/v2\/posts\/41545\/revisions"}],"wp:featuredmedia":[{"embeddable":true,"href":"https:\/\/folhapopular.info\/index.php\/wp-json\/wp\/v2\/media\/41546"}],"wp:attachment":[{"href":"https:\/\/folhapopular.info\/index.php\/wp-json\/wp\/v2\/media?parent=41545"}],"wp:term":[{"taxonomy":"category","embeddable":true,"href":"https:\/\/folhapopular.info\/index.php\/wp-json\/wp\/v2\/categories?post=41545"},{"taxonomy":"post_tag","embeddable":true,"href":"https:\/\/folhapopular.info\/index.php\/wp-json\/wp\/v2\/tags?post=41545"}],"curies":[{"name":"wp","href":"https:\/\/api.w.org\/{rel}","templated":true}]}}