{"id":41595,"date":"2018-03-12T08:38:37","date_gmt":"2018-03-12T11:38:37","guid":{"rendered":"http:\/\/folhapopular.info\/?p=41595"},"modified":"2018-03-12T08:38:37","modified_gmt":"2018-03-12T11:38:37","slug":"dois-sao-presos-apos-duas-perseguicoes-e-troca-de-tiros-em-estrela","status":"publish","type":"post","link":"https:\/\/folhapopular.info\/index.php\/2018\/03\/12\/dois-sao-presos-apos-duas-perseguicoes-e-troca-de-tiros-em-estrela\/","title":{"rendered":"Dois s\u00e3o presos ap\u00f3s duas persegui\u00e7\u00f5es e troca de tiros em Estrela"},"content":{"rendered":"<p>A Brigada Militar de Estrela prendeu dois indiv\u00edduos ap\u00f3s persegui\u00e7\u00e3o e troca de tiros. O primeiro caso ocorreu na noite deste domingo (11\/03), ap\u00f3s o condutor fugir de uma tentativa de abordagem. A persegui\u00e7\u00e3o seguiu at\u00e9 a Transantarita, quando o motorista perdeu o controle e colidiu o ve\u00edculo em um barranco.<\/p>\n<p>Tr\u00eas indiv\u00edduos armados desceram e atiraram contra os policiais, que revidaram. Um deles foi preso, natural de Estrela e com antecedentes criminais. Os demais fugiram para o mato e n\u00e3o foram localizados. Foi recuperado um ve\u00edculo Onix, clonado e em situa\u00e7\u00e3o de furto\/roubo.<\/p>\n<p>Na manh\u00e3 desta segunda-feira (12\/03), a Brigada Militar foi avisada do roubo de um P\u00e1lio, como havia uma viatura pr\u00f3ximo do local, se iniciou uma nova persegui\u00e7\u00e3o pela BR-386 at\u00e9 a Estrada de Aterrados, pr\u00f3ximo a Paverama.<\/p>\n<p>O condutor tamb\u00e9m perdeu o controle e saiu da pista. Houve troca de tiros e o suspeito foi atingido de rasp\u00e3o na cabe\u00e7a, mas sem gravidade. Ele foi encaminhado para atendimento e, depois, ser\u00e1 apresentado na Delegacia de Pol\u00edcia. Al\u00e9m do ve\u00edculo, foi apreendida uma pistola 9mm.<\/p>\n<p>E tamb\u00e9m na manh\u00e3 de hoje (12\/03), foi informada a situa\u00e7\u00e3o de um terceiro furto de um ve\u00edculo, de um funcion\u00e1rio do Hospital de Estrela. O ve\u00edculo foi um Jetta, cor preta, placa de Taquari, que ainda n\u00e3o foi localizado.<\/p>\n<p>Os policiais acreditam que os dois primeiros crimes est\u00e3o interligados e, suspeitam que o terceiro envolvido realizou o roubo do Jetta.<\/p>\n<p>&nbsp;<\/p>\n<p><img loading=\"lazy\" decoding=\"async\" class=\"alignleft size-medium wp-image-41597\" src=\"https:\/\/folhapopular.info\/wp-content\/uploads\/2018\/03\/WhatsApp-Image-2018-03-12-at-08.04.58-169x300.jpeg\" alt=\"\" width=\"169\" height=\"300\" srcset=\"https:\/\/folhapopular.info\/wp-content\/uploads\/2018\/03\/WhatsApp-Image-2018-03-12-at-08.04.58-169x300.jpeg 169w, https:\/\/folhapopular.info\/wp-content\/uploads\/2018\/03\/WhatsApp-Image-2018-03-12-at-08.04.58-576x1024.jpeg 576w, https:\/\/folhapopular.info\/wp-content\/uploads\/2018\/03\/WhatsApp-Image-2018-03-12-at-08.04.58-696x1237.jpeg 696w, https:\/\/folhapopular.info\/wp-content\/uploads\/2018\/03\/WhatsApp-Image-2018-03-12-at-08.04.58-236x420.jpeg 236w, https:\/\/folhapopular.info\/wp-content\/uploads\/2018\/03\/WhatsApp-Image-2018-03-12-at-08.04.58.jpeg 720w\" sizes=\"auto, (max-width: 169px) 100vw, 169px\" \/><img loading=\"lazy\" decoding=\"async\" class=\"alignleft size-medium wp-image-41598\" src=\"https:\/\/folhapopular.info\/wp-content\/uploads\/2018\/03\/WhatsApp-Image-2018-03-12-at-08.02.22-1-225x300.jpeg\" alt=\"\" width=\"225\" height=\"300\" srcset=\"https:\/\/folhapopular.info\/wp-content\/uploads\/2018\/03\/WhatsApp-Image-2018-03-12-at-08.02.22-1-225x300.jpeg 225w, https:\/\/folhapopular.info\/wp-content\/uploads\/2018\/03\/WhatsApp-Image-2018-03-12-at-08.02.22-1-768x1024.jpeg 768w, https:\/\/folhapopular.info\/wp-content\/uploads\/2018\/03\/WhatsApp-Image-2018-03-12-at-08.02.22-1-696x928.jpeg 696w, https:\/\/folhapopular.info\/wp-content\/uploads\/2018\/03\/WhatsApp-Image-2018-03-12-at-08.02.22-1-315x420.jpeg 315w, https:\/\/folhapopular.info\/wp-content\/uploads\/2018\/03\/WhatsApp-Image-2018-03-12-at-08.02.22-1.jpeg 780w\" sizes=\"auto, (max-width: 225px) 100vw, 225px\" \/><img loading=\"lazy\" decoding=\"async\" class=\"alignleft size-medium wp-image-41599\" src=\"https:\/\/folhapopular.info\/wp-content\/uploads\/2018\/03\/WhatsApp-Image-2018-03-12-at-08.03.04-169x300.jpeg\" alt=\"\" width=\"169\" height=\"300\" srcset=\"https:\/\/folhapopular.info\/wp-content\/uploads\/2018\/03\/WhatsApp-Image-2018-03-12-at-08.03.04-169x300.jpeg 169w, https:\/\/folhapopular.info\/wp-content\/uploads\/2018\/03\/WhatsApp-Image-2018-03-12-at-08.03.04-576x1024.jpeg 576w, https:\/\/folhapopular.info\/wp-content\/uploads\/2018\/03\/WhatsApp-Image-2018-03-12-at-08.03.04-236x420.jpeg 236w, https:\/\/folhapopular.info\/wp-content\/uploads\/2018\/03\/WhatsApp-Image-2018-03-12-at-08.03.04.jpeg 585w\" sizes=\"auto, (max-width: 169px) 100vw, 169px\" \/><\/p>\n","protected":false},"excerpt":{"rendered":"<p>A Brigada Militar de Estrela prendeu dois indiv\u00edduos ap\u00f3s persegui\u00e7\u00e3o e troca de tiros. O primeiro caso ocorreu na noite deste domingo (11\/03), ap\u00f3s o condutor fugir de uma tentativa de abordagem. A persegui\u00e7\u00e3o seguiu at\u00e9 a Transantarita, quando o motorista perdeu o controle e colidiu o ve\u00edculo em um barranco. Tr\u00eas indiv\u00edduos armados desceram [&hellip;]<\/p>\n","protected":false},"author":8,"featured_media":41596,"comment_status":"open","ping_status":"open","sticky":false,"template":"","format":"standard","meta":{"pmpro_default_level":"","_jetpack_memberships_contains_paid_content":false,"footnotes":""},"categories":[7],"tags":[8,1534,1917],"class_list":{"0":"post-41595","1":"post","2":"type-post","3":"status-publish","4":"format-standard","5":"has-post-thumbnail","7":"category-seguranca","8":"tag-estrela","9":"tag-perseguicao","10":"tag-troca-de-tiros","11":"pmpro-has-access"},"yoast_head":"<!-- This site is optimized with the Yoast SEO plugin v27.5 - https:\/\/yoast.com\/product\/yoast-seo-wordpress\/ -->\n<title>Dois s\u00e3o presos ap\u00f3s duas persegui\u00e7\u00f5es e troca de tiros em Estrela - Folha Popular<\/title>\n<meta name=\"robots\" content=\"index, follow, max-snippet:-1, max-image-preview:large, max-video-preview:-1\" \/>\n<link rel=\"canonical\" href=\"https:\/\/folhapopular.info\/index.php\/2018\/03\/12\/dois-sao-presos-apos-duas-perseguicoes-e-troca-de-tiros-em-estrela\/\" \/>\n<meta property=\"og:locale\" content=\"pt_BR\" \/>\n<meta property=\"og:type\" content=\"article\" \/>\n<meta property=\"og:title\" content=\"Dois s\u00e3o presos ap\u00f3s duas persegui\u00e7\u00f5es e troca de tiros em Estrela - Folha Popular\" \/>\n<meta property=\"og:description\" content=\"A Brigada Militar de Estrela prendeu dois indiv\u00edduos ap\u00f3s persegui\u00e7\u00e3o e troca de tiros. O primeiro caso ocorreu na noite deste domingo (11\/03), ap\u00f3s o condutor fugir de uma tentativa de abordagem. A persegui\u00e7\u00e3o seguiu at\u00e9 a Transantarita, quando o motorista perdeu o controle e colidiu o ve\u00edculo em um barranco. Tr\u00eas indiv\u00edduos armados desceram [&hellip;]\" \/>\n<meta property=\"og:url\" content=\"https:\/\/folhapopular.info\/index.php\/2018\/03\/12\/dois-sao-presos-apos-duas-perseguicoes-e-troca-de-tiros-em-estrela\/\" \/>\n<meta property=\"og:site_name\" content=\"Folha Popular\" \/>\n<meta property=\"article:published_time\" content=\"2018-03-12T11:38:37+00:00\" \/>\n<meta property=\"og:image\" content=\"https:\/\/folhapopular.info\/wp-content\/uploads\/2018\/03\/WhatsApp-Image-2018-03-12-at-08.03.26.jpeg\" \/>\n\t<meta property=\"og:image:width\" content=\"1280\" \/>\n\t<meta property=\"og:image:height\" content=\"960\" \/>\n\t<meta property=\"og:image:type\" content=\"image\/jpeg\" \/>\n<meta name=\"author\" content=\"Reda\u00e7\u00e3o Folha Popular\" \/>\n<meta name=\"twitter:card\" content=\"summary_large_image\" \/>\n<meta name=\"twitter:label1\" content=\"Escrito por\" \/>\n\t<meta name=\"twitter:data1\" content=\"Reda\u00e7\u00e3o Folha Popular\" \/>\n\t<meta name=\"twitter:label2\" content=\"Est. tempo de leitura\" \/>\n\t<meta name=\"twitter:data2\" content=\"1 minuto\" \/>\n<script type=\"application\/ld+json\" class=\"yoast-schema-graph\">{\"@context\":\"https:\\\/\\\/schema.org\",\"@graph\":[{\"@type\":\"Article\",\"@id\":\"https:\\\/\\\/folhapopular.info\\\/index.php\\\/2018\\\/03\\\/12\\\/dois-sao-presos-apos-duas-perseguicoes-e-troca-de-tiros-em-estrela\\\/#article\",\"isPartOf\":{\"@id\":\"https:\\\/\\\/folhapopular.info\\\/index.php\\\/2018\\\/03\\\/12\\\/dois-sao-presos-apos-duas-perseguicoes-e-troca-de-tiros-em-estrela\\\/\"},\"author\":{\"name\":\"Reda\u00e7\u00e3o Folha Popular\",\"@id\":\"https:\\\/\\\/folhapopular.info\\\/#\\\/schema\\\/person\\\/2814e8a0df7643585a9ca38bc6eb9d4b\"},\"headline\":\"Dois s\u00e3o presos ap\u00f3s duas persegui\u00e7\u00f5es e troca de tiros em Estrela\",\"datePublished\":\"2018-03-12T11:38:37+00:00\",\"mainEntityOfPage\":{\"@id\":\"https:\\\/\\\/folhapopular.info\\\/index.php\\\/2018\\\/03\\\/12\\\/dois-sao-presos-apos-duas-perseguicoes-e-troca-de-tiros-em-estrela\\\/\"},\"wordCount\":281,\"commentCount\":0,\"image\":{\"@id\":\"https:\\\/\\\/folhapopular.info\\\/index.php\\\/2018\\\/03\\\/12\\\/dois-sao-presos-apos-duas-perseguicoes-e-troca-de-tiros-em-estrela\\\/#primaryimage\"},\"thumbnailUrl\":\"https:\\\/\\\/folhapopular.info\\\/wp-content\\\/uploads\\\/2018\\\/03\\\/WhatsApp-Image-2018-03-12-at-08.03.26.jpeg\",\"keywords\":[\"Estrela\",\"persegui\u00e7\u00e3o\",\"troca de tiros\"],\"articleSection\":[\"Seguran\u00e7a\"],\"inLanguage\":\"pt-BR\",\"potentialAction\":[{\"@type\":\"CommentAction\",\"name\":\"Comment\",\"target\":[\"https:\\\/\\\/folhapopular.info\\\/index.php\\\/2018\\\/03\\\/12\\\/dois-sao-presos-apos-duas-perseguicoes-e-troca-de-tiros-em-estrela\\\/#respond\"]}]},{\"@type\":\"WebPage\",\"@id\":\"https:\\\/\\\/folhapopular.info\\\/index.php\\\/2018\\\/03\\\/12\\\/dois-sao-presos-apos-duas-perseguicoes-e-troca-de-tiros-em-estrela\\\/\",\"url\":\"https:\\\/\\\/folhapopular.info\\\/index.php\\\/2018\\\/03\\\/12\\\/dois-sao-presos-apos-duas-perseguicoes-e-troca-de-tiros-em-estrela\\\/\",\"name\":\"Dois s\u00e3o presos ap\u00f3s duas persegui\u00e7\u00f5es e troca de tiros em Estrela - Folha Popular\",\"isPartOf\":{\"@id\":\"https:\\\/\\\/folhapopular.info\\\/#website\"},\"primaryImageOfPage\":{\"@id\":\"https:\\\/\\\/folhapopular.info\\\/index.php\\\/2018\\\/03\\\/12\\\/dois-sao-presos-apos-duas-perseguicoes-e-troca-de-tiros-em-estrela\\\/#primaryimage\"},\"image\":{\"@id\":\"https:\\\/\\\/folhapopular.info\\\/index.php\\\/2018\\\/03\\\/12\\\/dois-sao-presos-apos-duas-perseguicoes-e-troca-de-tiros-em-estrela\\\/#primaryimage\"},\"thumbnailUrl\":\"https:\\\/\\\/folhapopular.info\\\/wp-content\\\/uploads\\\/2018\\\/03\\\/WhatsApp-Image-2018-03-12-at-08.03.26.jpeg\",\"datePublished\":\"2018-03-12T11:38:37+00:00\",\"author\":{\"@id\":\"https:\\\/\\\/folhapopular.info\\\/#\\\/schema\\\/person\\\/2814e8a0df7643585a9ca38bc6eb9d4b\"},\"breadcrumb\":{\"@id\":\"https:\\\/\\\/folhapopular.info\\\/index.php\\\/2018\\\/03\\\/12\\\/dois-sao-presos-apos-duas-perseguicoes-e-troca-de-tiros-em-estrela\\\/#breadcrumb\"},\"inLanguage\":\"pt-BR\",\"potentialAction\":[{\"@type\":\"ReadAction\",\"target\":[\"https:\\\/\\\/folhapopular.info\\\/index.php\\\/2018\\\/03\\\/12\\\/dois-sao-presos-apos-duas-perseguicoes-e-troca-de-tiros-em-estrela\\\/\"]}]},{\"@type\":\"ImageObject\",\"inLanguage\":\"pt-BR\",\"@id\":\"https:\\\/\\\/folhapopular.info\\\/index.php\\\/2018\\\/03\\\/12\\\/dois-sao-presos-apos-duas-perseguicoes-e-troca-de-tiros-em-estrela\\\/#primaryimage\",\"url\":\"https:\\\/\\\/folhapopular.info\\\/wp-content\\\/uploads\\\/2018\\\/03\\\/WhatsApp-Image-2018-03-12-at-08.03.26.jpeg\",\"contentUrl\":\"https:\\\/\\\/folhapopular.info\\\/wp-content\\\/uploads\\\/2018\\\/03\\\/WhatsApp-Image-2018-03-12-at-08.03.26.jpeg\",\"width\":1280,\"height\":960,\"caption\":\"Cr\u00e9ditos: BM de Estrela\"},{\"@type\":\"BreadcrumbList\",\"@id\":\"https:\\\/\\\/folhapopular.info\\\/index.php\\\/2018\\\/03\\\/12\\\/dois-sao-presos-apos-duas-perseguicoes-e-troca-de-tiros-em-estrela\\\/#breadcrumb\",\"itemListElement\":[{\"@type\":\"ListItem\",\"position\":1,\"name\":\"In\u00edcio\",\"item\":\"https:\\\/\\\/folhapopular.info\\\/\"},{\"@type\":\"ListItem\",\"position\":2,\"name\":\"Dois s\u00e3o presos ap\u00f3s duas persegui\u00e7\u00f5es e troca de tiros em Estrela\"}]},{\"@type\":\"WebSite\",\"@id\":\"https:\\\/\\\/folhapopular.info\\\/#website\",\"url\":\"https:\\\/\\\/folhapopular.info\\\/\",\"name\":\"Folha Popular\",\"description\":\"Onde voc\u00ea tem vez e voz\",\"potentialAction\":[{\"@type\":\"SearchAction\",\"target\":{\"@type\":\"EntryPoint\",\"urlTemplate\":\"https:\\\/\\\/folhapopular.info\\\/?s={search_term_string}\"},\"query-input\":{\"@type\":\"PropertyValueSpecification\",\"valueRequired\":true,\"valueName\":\"search_term_string\"}}],\"inLanguage\":\"pt-BR\"},{\"@type\":\"Person\",\"@id\":\"https:\\\/\\\/folhapopular.info\\\/#\\\/schema\\\/person\\\/2814e8a0df7643585a9ca38bc6eb9d4b\",\"name\":\"Reda\u00e7\u00e3o Folha Popular\",\"image\":{\"@type\":\"ImageObject\",\"inLanguage\":\"pt-BR\",\"@id\":\"https:\\\/\\\/folhapopular.info\\\/wp-content\\\/uploads\\\/2026\\\/04\\\/Folha-1.webp\",\"url\":\"https:\\\/\\\/folhapopular.info\\\/wp-content\\\/uploads\\\/2026\\\/04\\\/Folha-1.webp\",\"contentUrl\":\"https:\\\/\\\/folhapopular.info\\\/wp-content\\\/uploads\\\/2026\\\/04\\\/Folha-1.webp\",\"caption\":\"Reda\u00e7\u00e3o Folha Popular\"},\"url\":\"https:\\\/\\\/folhapopular.info\\\/index.php\\\/author\\\/redacao\\\/\"}]}<\/script>\n<!-- \/ Yoast SEO plugin. -->","yoast_head_json":{"title":"Dois s\u00e3o presos ap\u00f3s duas persegui\u00e7\u00f5es e troca de tiros em Estrela - Folha Popular","robots":{"index":"index","follow":"follow","max-snippet":"max-snippet:-1","max-image-preview":"max-image-preview:large","max-video-preview":"max-video-preview:-1"},"canonical":"https:\/\/folhapopular.info\/index.php\/2018\/03\/12\/dois-sao-presos-apos-duas-perseguicoes-e-troca-de-tiros-em-estrela\/","og_locale":"pt_BR","og_type":"article","og_title":"Dois s\u00e3o presos ap\u00f3s duas persegui\u00e7\u00f5es e troca de tiros em Estrela - Folha Popular","og_description":"A Brigada Militar de Estrela prendeu dois indiv\u00edduos ap\u00f3s persegui\u00e7\u00e3o e troca de tiros. O primeiro caso ocorreu na noite deste domingo (11\/03), ap\u00f3s o condutor fugir de uma tentativa de abordagem. A persegui\u00e7\u00e3o seguiu at\u00e9 a Transantarita, quando o motorista perdeu o controle e colidiu o ve\u00edculo em um barranco. Tr\u00eas indiv\u00edduos armados desceram [&hellip;]","og_url":"https:\/\/folhapopular.info\/index.php\/2018\/03\/12\/dois-sao-presos-apos-duas-perseguicoes-e-troca-de-tiros-em-estrela\/","og_site_name":"Folha Popular","article_published_time":"2018-03-12T11:38:37+00:00","og_image":[{"width":1280,"height":960,"url":"https:\/\/folhapopular.info\/wp-content\/uploads\/2018\/03\/WhatsApp-Image-2018-03-12-at-08.03.26.jpeg","type":"image\/jpeg"}],"author":"Reda\u00e7\u00e3o Folha Popular","twitter_card":"summary_large_image","twitter_misc":{"Escrito por":"Reda\u00e7\u00e3o Folha Popular","Est. tempo de leitura":"1 minuto"},"schema":{"@context":"https:\/\/schema.org","@graph":[{"@type":"Article","@id":"https:\/\/folhapopular.info\/index.php\/2018\/03\/12\/dois-sao-presos-apos-duas-perseguicoes-e-troca-de-tiros-em-estrela\/#article","isPartOf":{"@id":"https:\/\/folhapopular.info\/index.php\/2018\/03\/12\/dois-sao-presos-apos-duas-perseguicoes-e-troca-de-tiros-em-estrela\/"},"author":{"name":"Reda\u00e7\u00e3o Folha Popular","@id":"https:\/\/folhapopular.info\/#\/schema\/person\/2814e8a0df7643585a9ca38bc6eb9d4b"},"headline":"Dois s\u00e3o presos ap\u00f3s duas persegui\u00e7\u00f5es e troca de tiros em Estrela","datePublished":"2018-03-12T11:38:37+00:00","mainEntityOfPage":{"@id":"https:\/\/folhapopular.info\/index.php\/2018\/03\/12\/dois-sao-presos-apos-duas-perseguicoes-e-troca-de-tiros-em-estrela\/"},"wordCount":281,"commentCount":0,"image":{"@id":"https:\/\/folhapopular.info\/index.php\/2018\/03\/12\/dois-sao-presos-apos-duas-perseguicoes-e-troca-de-tiros-em-estrela\/#primaryimage"},"thumbnailUrl":"https:\/\/folhapopular.info\/wp-content\/uploads\/2018\/03\/WhatsApp-Image-2018-03-12-at-08.03.26.jpeg","keywords":["Estrela","persegui\u00e7\u00e3o","troca de tiros"],"articleSection":["Seguran\u00e7a"],"inLanguage":"pt-BR","potentialAction":[{"@type":"CommentAction","name":"Comment","target":["https:\/\/folhapopular.info\/index.php\/2018\/03\/12\/dois-sao-presos-apos-duas-perseguicoes-e-troca-de-tiros-em-estrela\/#respond"]}]},{"@type":"WebPage","@id":"https:\/\/folhapopular.info\/index.php\/2018\/03\/12\/dois-sao-presos-apos-duas-perseguicoes-e-troca-de-tiros-em-estrela\/","url":"https:\/\/folhapopular.info\/index.php\/2018\/03\/12\/dois-sao-presos-apos-duas-perseguicoes-e-troca-de-tiros-em-estrela\/","name":"Dois s\u00e3o presos ap\u00f3s duas persegui\u00e7\u00f5es e troca de tiros em Estrela - Folha Popular","isPartOf":{"@id":"https:\/\/folhapopular.info\/#website"},"primaryImageOfPage":{"@id":"https:\/\/folhapopular.info\/index.php\/2018\/03\/12\/dois-sao-presos-apos-duas-perseguicoes-e-troca-de-tiros-em-estrela\/#primaryimage"},"image":{"@id":"https:\/\/folhapopular.info\/index.php\/2018\/03\/12\/dois-sao-presos-apos-duas-perseguicoes-e-troca-de-tiros-em-estrela\/#primaryimage"},"thumbnailUrl":"https:\/\/folhapopular.info\/wp-content\/uploads\/2018\/03\/WhatsApp-Image-2018-03-12-at-08.03.26.jpeg","datePublished":"2018-03-12T11:38:37+00:00","author":{"@id":"https:\/\/folhapopular.info\/#\/schema\/person\/2814e8a0df7643585a9ca38bc6eb9d4b"},"breadcrumb":{"@id":"https:\/\/folhapopular.info\/index.php\/2018\/03\/12\/dois-sao-presos-apos-duas-perseguicoes-e-troca-de-tiros-em-estrela\/#breadcrumb"},"inLanguage":"pt-BR","potentialAction":[{"@type":"ReadAction","target":["https:\/\/folhapopular.info\/index.php\/2018\/03\/12\/dois-sao-presos-apos-duas-perseguicoes-e-troca-de-tiros-em-estrela\/"]}]},{"@type":"ImageObject","inLanguage":"pt-BR","@id":"https:\/\/folhapopular.info\/index.php\/2018\/03\/12\/dois-sao-presos-apos-duas-perseguicoes-e-troca-de-tiros-em-estrela\/#primaryimage","url":"https:\/\/folhapopular.info\/wp-content\/uploads\/2018\/03\/WhatsApp-Image-2018-03-12-at-08.03.26.jpeg","contentUrl":"https:\/\/folhapopular.info\/wp-content\/uploads\/2018\/03\/WhatsApp-Image-2018-03-12-at-08.03.26.jpeg","width":1280,"height":960,"caption":"Cr\u00e9ditos: BM de Estrela"},{"@type":"BreadcrumbList","@id":"https:\/\/folhapopular.info\/index.php\/2018\/03\/12\/dois-sao-presos-apos-duas-perseguicoes-e-troca-de-tiros-em-estrela\/#breadcrumb","itemListElement":[{"@type":"ListItem","position":1,"name":"In\u00edcio","item":"https:\/\/folhapopular.info\/"},{"@type":"ListItem","position":2,"name":"Dois s\u00e3o presos ap\u00f3s duas persegui\u00e7\u00f5es e troca de tiros em Estrela"}]},{"@type":"WebSite","@id":"https:\/\/folhapopular.info\/#website","url":"https:\/\/folhapopular.info\/","name":"Folha Popular","description":"Onde voc\u00ea tem vez e voz","potentialAction":[{"@type":"SearchAction","target":{"@type":"EntryPoint","urlTemplate":"https:\/\/folhapopular.info\/?s={search_term_string}"},"query-input":{"@type":"PropertyValueSpecification","valueRequired":true,"valueName":"search_term_string"}}],"inLanguage":"pt-BR"},{"@type":"Person","@id":"https:\/\/folhapopular.info\/#\/schema\/person\/2814e8a0df7643585a9ca38bc6eb9d4b","name":"Reda\u00e7\u00e3o Folha Popular","image":{"@type":"ImageObject","inLanguage":"pt-BR","@id":"https:\/\/folhapopular.info\/wp-content\/uploads\/2026\/04\/Folha-1.webp","url":"https:\/\/folhapopular.info\/wp-content\/uploads\/2026\/04\/Folha-1.webp","contentUrl":"https:\/\/folhapopular.info\/wp-content\/uploads\/2026\/04\/Folha-1.webp","caption":"Reda\u00e7\u00e3o Folha Popular"},"url":"https:\/\/folhapopular.info\/index.php\/author\/redacao\/"}]}},"jetpack_featured_media_url":"https:\/\/folhapopular.info\/wp-content\/uploads\/2018\/03\/WhatsApp-Image-2018-03-12-at-08.03.26.jpeg","jetpack_sharing_enabled":true,"amp_enabled":true,"_links":{"self":[{"href":"https:\/\/folhapopular.info\/index.php\/wp-json\/wp\/v2\/posts\/41595","targetHints":{"allow":["GET"]}}],"collection":[{"href":"https:\/\/folhapopular.info\/index.php\/wp-json\/wp\/v2\/posts"}],"about":[{"href":"https:\/\/folhapopular.info\/index.php\/wp-json\/wp\/v2\/types\/post"}],"author":[{"embeddable":true,"href":"https:\/\/folhapopular.info\/index.php\/wp-json\/wp\/v2\/users\/8"}],"replies":[{"embeddable":true,"href":"https:\/\/folhapopular.info\/index.php\/wp-json\/wp\/v2\/comments?post=41595"}],"version-history":[{"count":0,"href":"https:\/\/folhapopular.info\/index.php\/wp-json\/wp\/v2\/posts\/41595\/revisions"}],"wp:featuredmedia":[{"embeddable":true,"href":"https:\/\/folhapopular.info\/index.php\/wp-json\/wp\/v2\/media\/41596"}],"wp:attachment":[{"href":"https:\/\/folhapopular.info\/index.php\/wp-json\/wp\/v2\/media?parent=41595"}],"wp:term":[{"taxonomy":"category","embeddable":true,"href":"https:\/\/folhapopular.info\/index.php\/wp-json\/wp\/v2\/categories?post=41595"},{"taxonomy":"post_tag","embeddable":true,"href":"https:\/\/folhapopular.info\/index.php\/wp-json\/wp\/v2\/tags?post=41595"}],"curies":[{"name":"wp","href":"https:\/\/api.w.org\/{rel}","templated":true}]}}