{"id":41949,"date":"2018-03-24T10:06:21","date_gmt":"2018-03-24T13:06:21","guid":{"rendered":"http:\/\/folhapopular.info\/?p=41949"},"modified":"2018-03-24T10:06:46","modified_gmt":"2018-03-24T13:06:46","slug":"menina-atropelada-em-teutonia-foi-liberada-do-hospital","status":"publish","type":"post","link":"https:\/\/folhapopular.info\/index.php\/2018\/03\/24\/menina-atropelada-em-teutonia-foi-liberada-do-hospital\/","title":{"rendered":"Menina atropelada em Teut\u00f4nia foi liberada do hospital"},"content":{"rendered":"<p>Uma menina de 11 anos foi atropelada por volta das 18 horas desta sexta-feira (23\/03), pr\u00f3ximo \u00e0 Fruteira Bakibom, no Bairro Languiru \u2013 Teut\u00f4nia. Conforme a Brigada Militar, ela desembarcou de um \u00f4nibus e passou correndo atr\u00e1s do ve\u00edculo, quando foi colhida por um ve\u00edculo e caiu sobre o cap\u00f4. A menina teve les\u00f5es leves, foi atendida no Hospital Ouro Branco e j\u00e1 liberada.<\/p>\n","protected":false},"excerpt":{"rendered":"<p>Uma menina de 11 anos foi atropelada por volta das 18 horas desta sexta-feira (23\/03), pr\u00f3ximo \u00e0 Fruteira Bakibom, no Bairro Languiru \u2013 Teut\u00f4nia. Conforme a Brigada Militar, ela desembarcou de um \u00f4nibus e passou correndo atr\u00e1s do ve\u00edculo, quando foi colhida por um ve\u00edculo e caiu sobre o cap\u00f4. A menina teve les\u00f5es leves, [&hellip;]<\/p>\n","protected":false},"author":8,"featured_media":32487,"comment_status":"open","ping_status":"open","sticky":false,"template":"","format":"standard","meta":{"pmpro_default_level":"","_jetpack_memberships_contains_paid_content":false,"footnotes":""},"categories":[3,7],"tags":[249,217,26],"class_list":{"0":"post-41949","1":"post","2":"type-post","3":"status-publish","4":"format-standard","5":"has-post-thumbnail","7":"category-geral","8":"category-seguranca","9":"tag-atropelamento","10":"tag-bairro-languiru","11":"tag-teutonia","12":"pmpro-has-access"},"yoast_head":"<!-- This site is optimized with the Yoast SEO plugin v27.5 - https:\/\/yoast.com\/product\/yoast-seo-wordpress\/ -->\n<title>Menina atropelada em Teut\u00f4nia foi liberada do hospital - Folha Popular<\/title>\n<meta name=\"robots\" content=\"index, follow, max-snippet:-1, max-image-preview:large, max-video-preview:-1\" \/>\n<link rel=\"canonical\" href=\"https:\/\/folhapopular.info\/index.php\/2018\/03\/24\/menina-atropelada-em-teutonia-foi-liberada-do-hospital\/\" \/>\n<meta property=\"og:locale\" content=\"pt_BR\" \/>\n<meta property=\"og:type\" content=\"article\" \/>\n<meta property=\"og:title\" content=\"Menina atropelada em Teut\u00f4nia foi liberada do hospital - Folha Popular\" \/>\n<meta property=\"og:description\" content=\"Uma menina de 11 anos foi atropelada por volta das 18 horas desta sexta-feira (23\/03), pr\u00f3ximo \u00e0 Fruteira Bakibom, no Bairro Languiru \u2013 Teut\u00f4nia. Conforme a Brigada Militar, ela desembarcou de um \u00f4nibus e passou correndo atr\u00e1s do ve\u00edculo, quando foi colhida por um ve\u00edculo e caiu sobre o cap\u00f4. A menina teve les\u00f5es leves, [&hellip;]\" \/>\n<meta property=\"og:url\" content=\"https:\/\/folhapopular.info\/index.php\/2018\/03\/24\/menina-atropelada-em-teutonia-foi-liberada-do-hospital\/\" \/>\n<meta property=\"og:site_name\" content=\"Folha Popular\" \/>\n<meta property=\"article:published_time\" content=\"2018-03-24T13:06:21+00:00\" \/>\n<meta property=\"article:modified_time\" content=\"2018-03-24T13:06:46+00:00\" \/>\n<meta property=\"og:image\" content=\"https:\/\/folhapopular.info\/wp-content\/uploads\/2017\/07\/Tr\u00e2nsito_SITE-e1500062800181.jpg\" \/>\n\t<meta property=\"og:image:width\" content=\"1000\" \/>\n\t<meta property=\"og:image:height\" content=\"643\" \/>\n\t<meta property=\"og:image:type\" content=\"image\/jpeg\" \/>\n<meta name=\"author\" content=\"Reda\u00e7\u00e3o Folha Popular\" \/>\n<meta name=\"twitter:card\" content=\"summary_large_image\" \/>\n<meta name=\"twitter:label1\" content=\"Escrito por\" \/>\n\t<meta name=\"twitter:data1\" content=\"Reda\u00e7\u00e3o Folha Popular\" \/>\n<script type=\"application\/ld+json\" class=\"yoast-schema-graph\">{\"@context\":\"https:\\\/\\\/schema.org\",\"@graph\":[{\"@type\":\"Article\",\"@id\":\"https:\\\/\\\/folhapopular.info\\\/index.php\\\/2018\\\/03\\\/24\\\/menina-atropelada-em-teutonia-foi-liberada-do-hospital\\\/#article\",\"isPartOf\":{\"@id\":\"https:\\\/\\\/folhapopular.info\\\/index.php\\\/2018\\\/03\\\/24\\\/menina-atropelada-em-teutonia-foi-liberada-do-hospital\\\/\"},\"author\":{\"name\":\"Reda\u00e7\u00e3o Folha Popular\",\"@id\":\"https:\\\/\\\/folhapopular.info\\\/#\\\/schema\\\/person\\\/2814e8a0df7643585a9ca38bc6eb9d4b\"},\"headline\":\"Menina atropelada em Teut\u00f4nia foi liberada do hospital\",\"datePublished\":\"2018-03-24T13:06:21+00:00\",\"dateModified\":\"2018-03-24T13:06:46+00:00\",\"mainEntityOfPage\":{\"@id\":\"https:\\\/\\\/folhapopular.info\\\/index.php\\\/2018\\\/03\\\/24\\\/menina-atropelada-em-teutonia-foi-liberada-do-hospital\\\/\"},\"wordCount\":74,\"commentCount\":0,\"image\":{\"@id\":\"https:\\\/\\\/folhapopular.info\\\/index.php\\\/2018\\\/03\\\/24\\\/menina-atropelada-em-teutonia-foi-liberada-do-hospital\\\/#primaryimage\"},\"thumbnailUrl\":\"https:\\\/\\\/folhapopular.info\\\/wp-content\\\/uploads\\\/2017\\\/07\\\/Tr\u00e2nsito_SITE-e1500062800181.jpg\",\"keywords\":[\"Atropelamento\",\"Bairro Languiru\",\"Teut\u00f4nia\"],\"articleSection\":[\"Geral\",\"Seguran\u00e7a\"],\"inLanguage\":\"pt-BR\",\"potentialAction\":[{\"@type\":\"CommentAction\",\"name\":\"Comment\",\"target\":[\"https:\\\/\\\/folhapopular.info\\\/index.php\\\/2018\\\/03\\\/24\\\/menina-atropelada-em-teutonia-foi-liberada-do-hospital\\\/#respond\"]}]},{\"@type\":\"WebPage\",\"@id\":\"https:\\\/\\\/folhapopular.info\\\/index.php\\\/2018\\\/03\\\/24\\\/menina-atropelada-em-teutonia-foi-liberada-do-hospital\\\/\",\"url\":\"https:\\\/\\\/folhapopular.info\\\/index.php\\\/2018\\\/03\\\/24\\\/menina-atropelada-em-teutonia-foi-liberada-do-hospital\\\/\",\"name\":\"Menina atropelada em Teut\u00f4nia foi liberada do hospital - Folha Popular\",\"isPartOf\":{\"@id\":\"https:\\\/\\\/folhapopular.info\\\/#website\"},\"primaryImageOfPage\":{\"@id\":\"https:\\\/\\\/folhapopular.info\\\/index.php\\\/2018\\\/03\\\/24\\\/menina-atropelada-em-teutonia-foi-liberada-do-hospital\\\/#primaryimage\"},\"image\":{\"@id\":\"https:\\\/\\\/folhapopular.info\\\/index.php\\\/2018\\\/03\\\/24\\\/menina-atropelada-em-teutonia-foi-liberada-do-hospital\\\/#primaryimage\"},\"thumbnailUrl\":\"https:\\\/\\\/folhapopular.info\\\/wp-content\\\/uploads\\\/2017\\\/07\\\/Tr\u00e2nsito_SITE-e1500062800181.jpg\",\"datePublished\":\"2018-03-24T13:06:21+00:00\",\"dateModified\":\"2018-03-24T13:06:46+00:00\",\"author\":{\"@id\":\"https:\\\/\\\/folhapopular.info\\\/#\\\/schema\\\/person\\\/2814e8a0df7643585a9ca38bc6eb9d4b\"},\"breadcrumb\":{\"@id\":\"https:\\\/\\\/folhapopular.info\\\/index.php\\\/2018\\\/03\\\/24\\\/menina-atropelada-em-teutonia-foi-liberada-do-hospital\\\/#breadcrumb\"},\"inLanguage\":\"pt-BR\",\"potentialAction\":[{\"@type\":\"ReadAction\",\"target\":[\"https:\\\/\\\/folhapopular.info\\\/index.php\\\/2018\\\/03\\\/24\\\/menina-atropelada-em-teutonia-foi-liberada-do-hospital\\\/\"]}]},{\"@type\":\"ImageObject\",\"inLanguage\":\"pt-BR\",\"@id\":\"https:\\\/\\\/folhapopular.info\\\/index.php\\\/2018\\\/03\\\/24\\\/menina-atropelada-em-teutonia-foi-liberada-do-hospital\\\/#primaryimage\",\"url\":\"https:\\\/\\\/folhapopular.info\\\/wp-content\\\/uploads\\\/2017\\\/07\\\/Tr\u00e2nsito_SITE-e1500062800181.jpg\",\"contentUrl\":\"https:\\\/\\\/folhapopular.info\\\/wp-content\\\/uploads\\\/2017\\\/07\\\/Tr\u00e2nsito_SITE-e1500062800181.jpg\",\"width\":1000,\"height\":643},{\"@type\":\"BreadcrumbList\",\"@id\":\"https:\\\/\\\/folhapopular.info\\\/index.php\\\/2018\\\/03\\\/24\\\/menina-atropelada-em-teutonia-foi-liberada-do-hospital\\\/#breadcrumb\",\"itemListElement\":[{\"@type\":\"ListItem\",\"position\":1,\"name\":\"In\u00edcio\",\"item\":\"https:\\\/\\\/folhapopular.info\\\/\"},{\"@type\":\"ListItem\",\"position\":2,\"name\":\"Menina atropelada em Teut\u00f4nia foi liberada do hospital\"}]},{\"@type\":\"WebSite\",\"@id\":\"https:\\\/\\\/folhapopular.info\\\/#website\",\"url\":\"https:\\\/\\\/folhapopular.info\\\/\",\"name\":\"Folha Popular\",\"description\":\"Onde voc\u00ea tem vez e voz\",\"potentialAction\":[{\"@type\":\"SearchAction\",\"target\":{\"@type\":\"EntryPoint\",\"urlTemplate\":\"https:\\\/\\\/folhapopular.info\\\/?s={search_term_string}\"},\"query-input\":{\"@type\":\"PropertyValueSpecification\",\"valueRequired\":true,\"valueName\":\"search_term_string\"}}],\"inLanguage\":\"pt-BR\"},{\"@type\":\"Person\",\"@id\":\"https:\\\/\\\/folhapopular.info\\\/#\\\/schema\\\/person\\\/2814e8a0df7643585a9ca38bc6eb9d4b\",\"name\":\"Reda\u00e7\u00e3o Folha Popular\",\"image\":{\"@type\":\"ImageObject\",\"inLanguage\":\"pt-BR\",\"@id\":\"https:\\\/\\\/folhapopular.info\\\/wp-content\\\/uploads\\\/2026\\\/04\\\/Folha-1.webp\",\"url\":\"https:\\\/\\\/folhapopular.info\\\/wp-content\\\/uploads\\\/2026\\\/04\\\/Folha-1.webp\",\"contentUrl\":\"https:\\\/\\\/folhapopular.info\\\/wp-content\\\/uploads\\\/2026\\\/04\\\/Folha-1.webp\",\"caption\":\"Reda\u00e7\u00e3o Folha Popular\"},\"url\":\"https:\\\/\\\/folhapopular.info\\\/index.php\\\/author\\\/redacao\\\/\"}]}<\/script>\n<!-- \/ Yoast SEO plugin. -->","yoast_head_json":{"title":"Menina atropelada em Teut\u00f4nia foi liberada do hospital - Folha Popular","robots":{"index":"index","follow":"follow","max-snippet":"max-snippet:-1","max-image-preview":"max-image-preview:large","max-video-preview":"max-video-preview:-1"},"canonical":"https:\/\/folhapopular.info\/index.php\/2018\/03\/24\/menina-atropelada-em-teutonia-foi-liberada-do-hospital\/","og_locale":"pt_BR","og_type":"article","og_title":"Menina atropelada em Teut\u00f4nia foi liberada do hospital - Folha Popular","og_description":"Uma menina de 11 anos foi atropelada por volta das 18 horas desta sexta-feira (23\/03), pr\u00f3ximo \u00e0 Fruteira Bakibom, no Bairro Languiru \u2013 Teut\u00f4nia. Conforme a Brigada Militar, ela desembarcou de um \u00f4nibus e passou correndo atr\u00e1s do ve\u00edculo, quando foi colhida por um ve\u00edculo e caiu sobre o cap\u00f4. A menina teve les\u00f5es leves, [&hellip;]","og_url":"https:\/\/folhapopular.info\/index.php\/2018\/03\/24\/menina-atropelada-em-teutonia-foi-liberada-do-hospital\/","og_site_name":"Folha Popular","article_published_time":"2018-03-24T13:06:21+00:00","article_modified_time":"2018-03-24T13:06:46+00:00","og_image":[{"width":1000,"height":643,"url":"https:\/\/folhapopular.info\/wp-content\/uploads\/2017\/07\/Tr\u00e2nsito_SITE-e1500062800181.jpg","type":"image\/jpeg"}],"author":"Reda\u00e7\u00e3o Folha Popular","twitter_card":"summary_large_image","twitter_misc":{"Escrito por":"Reda\u00e7\u00e3o Folha Popular"},"schema":{"@context":"https:\/\/schema.org","@graph":[{"@type":"Article","@id":"https:\/\/folhapopular.info\/index.php\/2018\/03\/24\/menina-atropelada-em-teutonia-foi-liberada-do-hospital\/#article","isPartOf":{"@id":"https:\/\/folhapopular.info\/index.php\/2018\/03\/24\/menina-atropelada-em-teutonia-foi-liberada-do-hospital\/"},"author":{"name":"Reda\u00e7\u00e3o Folha Popular","@id":"https:\/\/folhapopular.info\/#\/schema\/person\/2814e8a0df7643585a9ca38bc6eb9d4b"},"headline":"Menina atropelada em Teut\u00f4nia foi liberada do hospital","datePublished":"2018-03-24T13:06:21+00:00","dateModified":"2018-03-24T13:06:46+00:00","mainEntityOfPage":{"@id":"https:\/\/folhapopular.info\/index.php\/2018\/03\/24\/menina-atropelada-em-teutonia-foi-liberada-do-hospital\/"},"wordCount":74,"commentCount":0,"image":{"@id":"https:\/\/folhapopular.info\/index.php\/2018\/03\/24\/menina-atropelada-em-teutonia-foi-liberada-do-hospital\/#primaryimage"},"thumbnailUrl":"https:\/\/folhapopular.info\/wp-content\/uploads\/2017\/07\/Tr\u00e2nsito_SITE-e1500062800181.jpg","keywords":["Atropelamento","Bairro Languiru","Teut\u00f4nia"],"articleSection":["Geral","Seguran\u00e7a"],"inLanguage":"pt-BR","potentialAction":[{"@type":"CommentAction","name":"Comment","target":["https:\/\/folhapopular.info\/index.php\/2018\/03\/24\/menina-atropelada-em-teutonia-foi-liberada-do-hospital\/#respond"]}]},{"@type":"WebPage","@id":"https:\/\/folhapopular.info\/index.php\/2018\/03\/24\/menina-atropelada-em-teutonia-foi-liberada-do-hospital\/","url":"https:\/\/folhapopular.info\/index.php\/2018\/03\/24\/menina-atropelada-em-teutonia-foi-liberada-do-hospital\/","name":"Menina atropelada em Teut\u00f4nia foi liberada do hospital - Folha Popular","isPartOf":{"@id":"https:\/\/folhapopular.info\/#website"},"primaryImageOfPage":{"@id":"https:\/\/folhapopular.info\/index.php\/2018\/03\/24\/menina-atropelada-em-teutonia-foi-liberada-do-hospital\/#primaryimage"},"image":{"@id":"https:\/\/folhapopular.info\/index.php\/2018\/03\/24\/menina-atropelada-em-teutonia-foi-liberada-do-hospital\/#primaryimage"},"thumbnailUrl":"https:\/\/folhapopular.info\/wp-content\/uploads\/2017\/07\/Tr\u00e2nsito_SITE-e1500062800181.jpg","datePublished":"2018-03-24T13:06:21+00:00","dateModified":"2018-03-24T13:06:46+00:00","author":{"@id":"https:\/\/folhapopular.info\/#\/schema\/person\/2814e8a0df7643585a9ca38bc6eb9d4b"},"breadcrumb":{"@id":"https:\/\/folhapopular.info\/index.php\/2018\/03\/24\/menina-atropelada-em-teutonia-foi-liberada-do-hospital\/#breadcrumb"},"inLanguage":"pt-BR","potentialAction":[{"@type":"ReadAction","target":["https:\/\/folhapopular.info\/index.php\/2018\/03\/24\/menina-atropelada-em-teutonia-foi-liberada-do-hospital\/"]}]},{"@type":"ImageObject","inLanguage":"pt-BR","@id":"https:\/\/folhapopular.info\/index.php\/2018\/03\/24\/menina-atropelada-em-teutonia-foi-liberada-do-hospital\/#primaryimage","url":"https:\/\/folhapopular.info\/wp-content\/uploads\/2017\/07\/Tr\u00e2nsito_SITE-e1500062800181.jpg","contentUrl":"https:\/\/folhapopular.info\/wp-content\/uploads\/2017\/07\/Tr\u00e2nsito_SITE-e1500062800181.jpg","width":1000,"height":643},{"@type":"BreadcrumbList","@id":"https:\/\/folhapopular.info\/index.php\/2018\/03\/24\/menina-atropelada-em-teutonia-foi-liberada-do-hospital\/#breadcrumb","itemListElement":[{"@type":"ListItem","position":1,"name":"In\u00edcio","item":"https:\/\/folhapopular.info\/"},{"@type":"ListItem","position":2,"name":"Menina atropelada em Teut\u00f4nia foi liberada do hospital"}]},{"@type":"WebSite","@id":"https:\/\/folhapopular.info\/#website","url":"https:\/\/folhapopular.info\/","name":"Folha Popular","description":"Onde voc\u00ea tem vez e voz","potentialAction":[{"@type":"SearchAction","target":{"@type":"EntryPoint","urlTemplate":"https:\/\/folhapopular.info\/?s={search_term_string}"},"query-input":{"@type":"PropertyValueSpecification","valueRequired":true,"valueName":"search_term_string"}}],"inLanguage":"pt-BR"},{"@type":"Person","@id":"https:\/\/folhapopular.info\/#\/schema\/person\/2814e8a0df7643585a9ca38bc6eb9d4b","name":"Reda\u00e7\u00e3o Folha Popular","image":{"@type":"ImageObject","inLanguage":"pt-BR","@id":"https:\/\/folhapopular.info\/wp-content\/uploads\/2026\/04\/Folha-1.webp","url":"https:\/\/folhapopular.info\/wp-content\/uploads\/2026\/04\/Folha-1.webp","contentUrl":"https:\/\/folhapopular.info\/wp-content\/uploads\/2026\/04\/Folha-1.webp","caption":"Reda\u00e7\u00e3o Folha Popular"},"url":"https:\/\/folhapopular.info\/index.php\/author\/redacao\/"}]}},"jetpack_featured_media_url":"https:\/\/folhapopular.info\/wp-content\/uploads\/2017\/07\/Tr\u00e2nsito_SITE-e1500062800181.jpg","jetpack_sharing_enabled":true,"amp_enabled":true,"_links":{"self":[{"href":"https:\/\/folhapopular.info\/index.php\/wp-json\/wp\/v2\/posts\/41949","targetHints":{"allow":["GET"]}}],"collection":[{"href":"https:\/\/folhapopular.info\/index.php\/wp-json\/wp\/v2\/posts"}],"about":[{"href":"https:\/\/folhapopular.info\/index.php\/wp-json\/wp\/v2\/types\/post"}],"author":[{"embeddable":true,"href":"https:\/\/folhapopular.info\/index.php\/wp-json\/wp\/v2\/users\/8"}],"replies":[{"embeddable":true,"href":"https:\/\/folhapopular.info\/index.php\/wp-json\/wp\/v2\/comments?post=41949"}],"version-history":[{"count":0,"href":"https:\/\/folhapopular.info\/index.php\/wp-json\/wp\/v2\/posts\/41949\/revisions"}],"wp:featuredmedia":[{"embeddable":true,"href":"https:\/\/folhapopular.info\/index.php\/wp-json\/wp\/v2\/media\/32487"}],"wp:attachment":[{"href":"https:\/\/folhapopular.info\/index.php\/wp-json\/wp\/v2\/media?parent=41949"}],"wp:term":[{"taxonomy":"category","embeddable":true,"href":"https:\/\/folhapopular.info\/index.php\/wp-json\/wp\/v2\/categories?post=41949"},{"taxonomy":"post_tag","embeddable":true,"href":"https:\/\/folhapopular.info\/index.php\/wp-json\/wp\/v2\/tags?post=41949"}],"curies":[{"name":"wp","href":"https:\/\/api.w.org\/{rel}","templated":true}]}}