{"id":41956,"date":"2018-03-25T21:43:37","date_gmt":"2018-03-26T00:43:37","guid":{"rendered":"http:\/\/folhapopular.info\/?p=41956"},"modified":"2018-03-25T21:43:37","modified_gmt":"2018-03-26T00:43:37","slug":"relacoes-profissionais-e-tema-em-evento-de-networking-nesta-segunda","status":"publish","type":"post","link":"https:\/\/folhapopular.info\/index.php\/2018\/03\/25\/relacoes-profissionais-e-tema-em-evento-de-networking-nesta-segunda\/","title":{"rendered":"Rela\u00e7\u00f5es profissionais \u00e9 tema em evento de networking nesta segunda"},"content":{"rendered":"<p>&#8220;Rela\u00e7\u00f5es profissionais de sucesso&#8221; ser\u00e1 tema da palestra da segunda edi\u00e7\u00e3o do evento Mulheres e Neg\u00f3cios, nesta segunda-feira (26), em Lajeado. A especialista em Intelig\u00eancia Emocional e s\u00f3cia diretora da Escola da Mente, Kelly Freire, abordar\u00e1 o assunto na noite.<\/p>\n<p>O evento, voltado ao networking entre mulheres, ter\u00e1 tamb\u00e9m espa\u00e7o para a reflex\u00e3o, com a palestrante, sobre a aplica\u00e7\u00e3o da Intelig\u00eancia Emocional nas rela\u00e7\u00f5es de trabalho, a fim de que se possa prosperar e alcan\u00e7ar objetivos.<\/p>\n<p>Kelly Freire \u00e9 arquiteta e urbanista e, desde 2007, atua como coach. \u201cDecidi trocar a arquitetura da constru\u00e7\u00e3o pela arquitetura da mente humana\u201d, comenta. \u00c9 autora do livro Amor, Prazer &amp; Felicidade e coautora do livro Empreendedoras de Alta Performance.<\/p>\n<p><strong>Programa\u00e7\u00e3o do Mulheres e Neg\u00f3cios<\/strong><\/p>\n<p>Na programa\u00e7\u00e3o da noite, haver\u00e1 rodada de neg\u00f3cios, para que as cerca de 100 profissionais participantes troquem contatos e divulguem sua organiza\u00e7\u00e3o a outras mulheres. Al\u00e9m disso, representantes de empresas parceiras participar\u00e3o do espa\u00e7o \u201cMeu Neg\u00f3cio em um Minuto\u201d, explanando sobre o seu trabalho a todas as empresas presentes.<\/p>\n<p>O Mulheres e Neg\u00f3cios ocorre entre 19 e 22 horas, no Garden Centro de Eventos. A organiza\u00e7\u00e3o \u00e9 da Pipocando Marketing \u2013 Escola de Neg\u00f3cios para Mulheres e EngajeCom \u2013 Consultoria em Relacionamento Corporativo. O programa Mais Elas, da r\u00e1dio Popular FM, estar\u00e1 participando do evento.<\/p>\n<p>&nbsp;<\/p>\n","protected":false},"excerpt":{"rendered":"<p>&#8220;Rela\u00e7\u00f5es profissionais de sucesso&#8221; ser\u00e1 tema da palestra da segunda edi\u00e7\u00e3o do evento Mulheres e Neg\u00f3cios, nesta segunda-feira (26), em Lajeado. A especialista em Intelig\u00eancia Emocional e s\u00f3cia diretora da Escola da Mente, Kelly Freire, abordar\u00e1 o assunto na noite. O evento, voltado ao networking entre mulheres, ter\u00e1 tamb\u00e9m espa\u00e7o para a reflex\u00e3o, com a [&hellip;]<\/p>\n","protected":false},"author":11,"featured_media":41958,"comment_status":"open","ping_status":"open","sticky":false,"template":"","format":"standard","meta":{"pmpro_default_level":"","_jetpack_memberships_contains_paid_content":false,"footnotes":""},"categories":[2,3],"tags":[102,2450,2451],"class_list":{"0":"post-41956","1":"post","2":"type-post","3":"status-publish","4":"format-standard","5":"has-post-thumbnail","7":"category-featured","8":"category-geral","9":"tag-empreendedorismo","10":"tag-evento-para-mulheres","11":"tag-mulheres-e-negocios","12":"pmpro-has-access"},"yoast_head":"<!-- This site is optimized with the Yoast SEO plugin v27.5 - https:\/\/yoast.com\/product\/yoast-seo-wordpress\/ -->\n<title>Rela\u00e7\u00f5es profissionais \u00e9 tema em evento de networking nesta segunda - Folha Popular<\/title>\n<meta name=\"robots\" content=\"index, follow, max-snippet:-1, max-image-preview:large, max-video-preview:-1\" \/>\n<link rel=\"canonical\" href=\"https:\/\/folhapopular.info\/index.php\/2018\/03\/25\/relacoes-profissionais-e-tema-em-evento-de-networking-nesta-segunda\/\" \/>\n<meta property=\"og:locale\" content=\"pt_BR\" \/>\n<meta property=\"og:type\" content=\"article\" \/>\n<meta property=\"og:title\" content=\"Rela\u00e7\u00f5es profissionais \u00e9 tema em evento de networking nesta segunda - Folha Popular\" \/>\n<meta property=\"og:description\" content=\"&#8220;Rela\u00e7\u00f5es profissionais de sucesso&#8221; ser\u00e1 tema da palestra da segunda edi\u00e7\u00e3o do evento Mulheres e Neg\u00f3cios, nesta segunda-feira (26), em Lajeado. A especialista em Intelig\u00eancia Emocional e s\u00f3cia diretora da Escola da Mente, Kelly Freire, abordar\u00e1 o assunto na noite. O evento, voltado ao networking entre mulheres, ter\u00e1 tamb\u00e9m espa\u00e7o para a reflex\u00e3o, com a [&hellip;]\" \/>\n<meta property=\"og:url\" content=\"https:\/\/folhapopular.info\/index.php\/2018\/03\/25\/relacoes-profissionais-e-tema-em-evento-de-networking-nesta-segunda\/\" \/>\n<meta property=\"og:site_name\" content=\"Folha Popular\" \/>\n<meta property=\"article:published_time\" content=\"2018-03-26T00:43:37+00:00\" \/>\n<meta property=\"og:image\" content=\"https:\/\/folhapopular.info\/wp-content\/uploads\/2018\/03\/KellyFreire_-e1522024980965.jpg\" \/>\n\t<meta property=\"og:image:width\" content=\"600\" \/>\n\t<meta property=\"og:image:height\" content=\"900\" \/>\n\t<meta property=\"og:image:type\" content=\"image\/jpeg\" \/>\n<meta name=\"author\" content=\"Luciana Brune\" \/>\n<meta name=\"twitter:card\" content=\"summary_large_image\" \/>\n<meta name=\"twitter:label1\" content=\"Escrito por\" \/>\n\t<meta name=\"twitter:data1\" content=\"Luciana Brune\" \/>\n\t<meta name=\"twitter:label2\" content=\"Est. tempo de leitura\" \/>\n\t<meta name=\"twitter:data2\" content=\"1 minuto\" \/>\n<script type=\"application\/ld+json\" class=\"yoast-schema-graph\">{\"@context\":\"https:\\\/\\\/schema.org\",\"@graph\":[{\"@type\":\"Article\",\"@id\":\"https:\\\/\\\/folhapopular.info\\\/index.php\\\/2018\\\/03\\\/25\\\/relacoes-profissionais-e-tema-em-evento-de-networking-nesta-segunda\\\/#article\",\"isPartOf\":{\"@id\":\"https:\\\/\\\/folhapopular.info\\\/index.php\\\/2018\\\/03\\\/25\\\/relacoes-profissionais-e-tema-em-evento-de-networking-nesta-segunda\\\/\"},\"author\":{\"name\":\"Luciana Brune\",\"@id\":\"https:\\\/\\\/folhapopular.info\\\/#\\\/schema\\\/person\\\/0999cafa38c1fde22acd2026b3a3ec1f\"},\"headline\":\"Rela\u00e7\u00f5es profissionais \u00e9 tema em evento de networking nesta segunda\",\"datePublished\":\"2018-03-26T00:43:37+00:00\",\"mainEntityOfPage\":{\"@id\":\"https:\\\/\\\/folhapopular.info\\\/index.php\\\/2018\\\/03\\\/25\\\/relacoes-profissionais-e-tema-em-evento-de-networking-nesta-segunda\\\/\"},\"wordCount\":243,\"commentCount\":0,\"image\":{\"@id\":\"https:\\\/\\\/folhapopular.info\\\/index.php\\\/2018\\\/03\\\/25\\\/relacoes-profissionais-e-tema-em-evento-de-networking-nesta-segunda\\\/#primaryimage\"},\"thumbnailUrl\":\"https:\\\/\\\/folhapopular.info\\\/wp-content\\\/uploads\\\/2018\\\/03\\\/KellyFreire_-e1522024980965.jpg\",\"keywords\":[\"Empreendedorismo\",\"evento para mulheres\",\"mulheres e neg\u00f3cios\"],\"articleSection\":[\"Destaques\",\"Geral\"],\"inLanguage\":\"pt-BR\",\"potentialAction\":[{\"@type\":\"CommentAction\",\"name\":\"Comment\",\"target\":[\"https:\\\/\\\/folhapopular.info\\\/index.php\\\/2018\\\/03\\\/25\\\/relacoes-profissionais-e-tema-em-evento-de-networking-nesta-segunda\\\/#respond\"]}]},{\"@type\":\"WebPage\",\"@id\":\"https:\\\/\\\/folhapopular.info\\\/index.php\\\/2018\\\/03\\\/25\\\/relacoes-profissionais-e-tema-em-evento-de-networking-nesta-segunda\\\/\",\"url\":\"https:\\\/\\\/folhapopular.info\\\/index.php\\\/2018\\\/03\\\/25\\\/relacoes-profissionais-e-tema-em-evento-de-networking-nesta-segunda\\\/\",\"name\":\"Rela\u00e7\u00f5es profissionais \u00e9 tema em evento de networking nesta segunda - Folha Popular\",\"isPartOf\":{\"@id\":\"https:\\\/\\\/folhapopular.info\\\/#website\"},\"primaryImageOfPage\":{\"@id\":\"https:\\\/\\\/folhapopular.info\\\/index.php\\\/2018\\\/03\\\/25\\\/relacoes-profissionais-e-tema-em-evento-de-networking-nesta-segunda\\\/#primaryimage\"},\"image\":{\"@id\":\"https:\\\/\\\/folhapopular.info\\\/index.php\\\/2018\\\/03\\\/25\\\/relacoes-profissionais-e-tema-em-evento-de-networking-nesta-segunda\\\/#primaryimage\"},\"thumbnailUrl\":\"https:\\\/\\\/folhapopular.info\\\/wp-content\\\/uploads\\\/2018\\\/03\\\/KellyFreire_-e1522024980965.jpg\",\"datePublished\":\"2018-03-26T00:43:37+00:00\",\"author\":{\"@id\":\"https:\\\/\\\/folhapopular.info\\\/#\\\/schema\\\/person\\\/0999cafa38c1fde22acd2026b3a3ec1f\"},\"breadcrumb\":{\"@id\":\"https:\\\/\\\/folhapopular.info\\\/index.php\\\/2018\\\/03\\\/25\\\/relacoes-profissionais-e-tema-em-evento-de-networking-nesta-segunda\\\/#breadcrumb\"},\"inLanguage\":\"pt-BR\",\"potentialAction\":[{\"@type\":\"ReadAction\",\"target\":[\"https:\\\/\\\/folhapopular.info\\\/index.php\\\/2018\\\/03\\\/25\\\/relacoes-profissionais-e-tema-em-evento-de-networking-nesta-segunda\\\/\"]}]},{\"@type\":\"ImageObject\",\"inLanguage\":\"pt-BR\",\"@id\":\"https:\\\/\\\/folhapopular.info\\\/index.php\\\/2018\\\/03\\\/25\\\/relacoes-profissionais-e-tema-em-evento-de-networking-nesta-segunda\\\/#primaryimage\",\"url\":\"https:\\\/\\\/folhapopular.info\\\/wp-content\\\/uploads\\\/2018\\\/03\\\/KellyFreire_-e1522024980965.jpg\",\"contentUrl\":\"https:\\\/\\\/folhapopular.info\\\/wp-content\\\/uploads\\\/2018\\\/03\\\/KellyFreire_-e1522024980965.jpg\",\"width\":600,\"height\":900,\"caption\":\"Kelly Freire ser\u00e1 a palestrante\"},{\"@type\":\"BreadcrumbList\",\"@id\":\"https:\\\/\\\/folhapopular.info\\\/index.php\\\/2018\\\/03\\\/25\\\/relacoes-profissionais-e-tema-em-evento-de-networking-nesta-segunda\\\/#breadcrumb\",\"itemListElement\":[{\"@type\":\"ListItem\",\"position\":1,\"name\":\"In\u00edcio\",\"item\":\"https:\\\/\\\/folhapopular.info\\\/\"},{\"@type\":\"ListItem\",\"position\":2,\"name\":\"Rela\u00e7\u00f5es profissionais \u00e9 tema em evento de networking nesta segunda\"}]},{\"@type\":\"WebSite\",\"@id\":\"https:\\\/\\\/folhapopular.info\\\/#website\",\"url\":\"https:\\\/\\\/folhapopular.info\\\/\",\"name\":\"Folha Popular\",\"description\":\"Onde voc\u00ea tem vez e voz\",\"potentialAction\":[{\"@type\":\"SearchAction\",\"target\":{\"@type\":\"EntryPoint\",\"urlTemplate\":\"https:\\\/\\\/folhapopular.info\\\/?s={search_term_string}\"},\"query-input\":{\"@type\":\"PropertyValueSpecification\",\"valueRequired\":true,\"valueName\":\"search_term_string\"}}],\"inLanguage\":\"pt-BR\"},{\"@type\":\"Person\",\"@id\":\"https:\\\/\\\/folhapopular.info\\\/#\\\/schema\\\/person\\\/0999cafa38c1fde22acd2026b3a3ec1f\",\"name\":\"Luciana Brune\",\"image\":{\"@type\":\"ImageObject\",\"inLanguage\":\"pt-BR\",\"@id\":\"https:\\\/\\\/folhapopular.info\\\/wp-content\\\/uploads\\\/2026\\\/04\\\/LUCIANA-1-1.webp\",\"url\":\"https:\\\/\\\/folhapopular.info\\\/wp-content\\\/uploads\\\/2026\\\/04\\\/LUCIANA-1-1.webp\",\"contentUrl\":\"https:\\\/\\\/folhapopular.info\\\/wp-content\\\/uploads\\\/2026\\\/04\\\/LUCIANA-1-1.webp\",\"caption\":\"Luciana Brune\"},\"url\":\"https:\\\/\\\/folhapopular.info\\\/index.php\\\/author\\\/luciana-brune\\\/\"}]}<\/script>\n<!-- \/ Yoast SEO plugin. -->","yoast_head_json":{"title":"Rela\u00e7\u00f5es profissionais \u00e9 tema em evento de networking nesta segunda - Folha Popular","robots":{"index":"index","follow":"follow","max-snippet":"max-snippet:-1","max-image-preview":"max-image-preview:large","max-video-preview":"max-video-preview:-1"},"canonical":"https:\/\/folhapopular.info\/index.php\/2018\/03\/25\/relacoes-profissionais-e-tema-em-evento-de-networking-nesta-segunda\/","og_locale":"pt_BR","og_type":"article","og_title":"Rela\u00e7\u00f5es profissionais \u00e9 tema em evento de networking nesta segunda - Folha Popular","og_description":"&#8220;Rela\u00e7\u00f5es profissionais de sucesso&#8221; ser\u00e1 tema da palestra da segunda edi\u00e7\u00e3o do evento Mulheres e Neg\u00f3cios, nesta segunda-feira (26), em Lajeado. A especialista em Intelig\u00eancia Emocional e s\u00f3cia diretora da Escola da Mente, Kelly Freire, abordar\u00e1 o assunto na noite. O evento, voltado ao networking entre mulheres, ter\u00e1 tamb\u00e9m espa\u00e7o para a reflex\u00e3o, com a [&hellip;]","og_url":"https:\/\/folhapopular.info\/index.php\/2018\/03\/25\/relacoes-profissionais-e-tema-em-evento-de-networking-nesta-segunda\/","og_site_name":"Folha Popular","article_published_time":"2018-03-26T00:43:37+00:00","og_image":[{"width":600,"height":900,"url":"https:\/\/folhapopular.info\/wp-content\/uploads\/2018\/03\/KellyFreire_-e1522024980965.jpg","type":"image\/jpeg"}],"author":"Luciana Brune","twitter_card":"summary_large_image","twitter_misc":{"Escrito por":"Luciana Brune","Est. tempo de leitura":"1 minuto"},"schema":{"@context":"https:\/\/schema.org","@graph":[{"@type":"Article","@id":"https:\/\/folhapopular.info\/index.php\/2018\/03\/25\/relacoes-profissionais-e-tema-em-evento-de-networking-nesta-segunda\/#article","isPartOf":{"@id":"https:\/\/folhapopular.info\/index.php\/2018\/03\/25\/relacoes-profissionais-e-tema-em-evento-de-networking-nesta-segunda\/"},"author":{"name":"Luciana Brune","@id":"https:\/\/folhapopular.info\/#\/schema\/person\/0999cafa38c1fde22acd2026b3a3ec1f"},"headline":"Rela\u00e7\u00f5es profissionais \u00e9 tema em evento de networking nesta segunda","datePublished":"2018-03-26T00:43:37+00:00","mainEntityOfPage":{"@id":"https:\/\/folhapopular.info\/index.php\/2018\/03\/25\/relacoes-profissionais-e-tema-em-evento-de-networking-nesta-segunda\/"},"wordCount":243,"commentCount":0,"image":{"@id":"https:\/\/folhapopular.info\/index.php\/2018\/03\/25\/relacoes-profissionais-e-tema-em-evento-de-networking-nesta-segunda\/#primaryimage"},"thumbnailUrl":"https:\/\/folhapopular.info\/wp-content\/uploads\/2018\/03\/KellyFreire_-e1522024980965.jpg","keywords":["Empreendedorismo","evento para mulheres","mulheres e neg\u00f3cios"],"articleSection":["Destaques","Geral"],"inLanguage":"pt-BR","potentialAction":[{"@type":"CommentAction","name":"Comment","target":["https:\/\/folhapopular.info\/index.php\/2018\/03\/25\/relacoes-profissionais-e-tema-em-evento-de-networking-nesta-segunda\/#respond"]}]},{"@type":"WebPage","@id":"https:\/\/folhapopular.info\/index.php\/2018\/03\/25\/relacoes-profissionais-e-tema-em-evento-de-networking-nesta-segunda\/","url":"https:\/\/folhapopular.info\/index.php\/2018\/03\/25\/relacoes-profissionais-e-tema-em-evento-de-networking-nesta-segunda\/","name":"Rela\u00e7\u00f5es profissionais \u00e9 tema em evento de networking nesta segunda - Folha Popular","isPartOf":{"@id":"https:\/\/folhapopular.info\/#website"},"primaryImageOfPage":{"@id":"https:\/\/folhapopular.info\/index.php\/2018\/03\/25\/relacoes-profissionais-e-tema-em-evento-de-networking-nesta-segunda\/#primaryimage"},"image":{"@id":"https:\/\/folhapopular.info\/index.php\/2018\/03\/25\/relacoes-profissionais-e-tema-em-evento-de-networking-nesta-segunda\/#primaryimage"},"thumbnailUrl":"https:\/\/folhapopular.info\/wp-content\/uploads\/2018\/03\/KellyFreire_-e1522024980965.jpg","datePublished":"2018-03-26T00:43:37+00:00","author":{"@id":"https:\/\/folhapopular.info\/#\/schema\/person\/0999cafa38c1fde22acd2026b3a3ec1f"},"breadcrumb":{"@id":"https:\/\/folhapopular.info\/index.php\/2018\/03\/25\/relacoes-profissionais-e-tema-em-evento-de-networking-nesta-segunda\/#breadcrumb"},"inLanguage":"pt-BR","potentialAction":[{"@type":"ReadAction","target":["https:\/\/folhapopular.info\/index.php\/2018\/03\/25\/relacoes-profissionais-e-tema-em-evento-de-networking-nesta-segunda\/"]}]},{"@type":"ImageObject","inLanguage":"pt-BR","@id":"https:\/\/folhapopular.info\/index.php\/2018\/03\/25\/relacoes-profissionais-e-tema-em-evento-de-networking-nesta-segunda\/#primaryimage","url":"https:\/\/folhapopular.info\/wp-content\/uploads\/2018\/03\/KellyFreire_-e1522024980965.jpg","contentUrl":"https:\/\/folhapopular.info\/wp-content\/uploads\/2018\/03\/KellyFreire_-e1522024980965.jpg","width":600,"height":900,"caption":"Kelly Freire ser\u00e1 a palestrante"},{"@type":"BreadcrumbList","@id":"https:\/\/folhapopular.info\/index.php\/2018\/03\/25\/relacoes-profissionais-e-tema-em-evento-de-networking-nesta-segunda\/#breadcrumb","itemListElement":[{"@type":"ListItem","position":1,"name":"In\u00edcio","item":"https:\/\/folhapopular.info\/"},{"@type":"ListItem","position":2,"name":"Rela\u00e7\u00f5es profissionais \u00e9 tema em evento de networking nesta segunda"}]},{"@type":"WebSite","@id":"https:\/\/folhapopular.info\/#website","url":"https:\/\/folhapopular.info\/","name":"Folha Popular","description":"Onde voc\u00ea tem vez e voz","potentialAction":[{"@type":"SearchAction","target":{"@type":"EntryPoint","urlTemplate":"https:\/\/folhapopular.info\/?s={search_term_string}"},"query-input":{"@type":"PropertyValueSpecification","valueRequired":true,"valueName":"search_term_string"}}],"inLanguage":"pt-BR"},{"@type":"Person","@id":"https:\/\/folhapopular.info\/#\/schema\/person\/0999cafa38c1fde22acd2026b3a3ec1f","name":"Luciana Brune","image":{"@type":"ImageObject","inLanguage":"pt-BR","@id":"https:\/\/folhapopular.info\/wp-content\/uploads\/2026\/04\/LUCIANA-1-1.webp","url":"https:\/\/folhapopular.info\/wp-content\/uploads\/2026\/04\/LUCIANA-1-1.webp","contentUrl":"https:\/\/folhapopular.info\/wp-content\/uploads\/2026\/04\/LUCIANA-1-1.webp","caption":"Luciana Brune"},"url":"https:\/\/folhapopular.info\/index.php\/author\/luciana-brune\/"}]}},"jetpack_featured_media_url":"https:\/\/folhapopular.info\/wp-content\/uploads\/2018\/03\/KellyFreire_-e1522024980965.jpg","jetpack_sharing_enabled":true,"amp_enabled":true,"_links":{"self":[{"href":"https:\/\/folhapopular.info\/index.php\/wp-json\/wp\/v2\/posts\/41956","targetHints":{"allow":["GET"]}}],"collection":[{"href":"https:\/\/folhapopular.info\/index.php\/wp-json\/wp\/v2\/posts"}],"about":[{"href":"https:\/\/folhapopular.info\/index.php\/wp-json\/wp\/v2\/types\/post"}],"author":[{"embeddable":true,"href":"https:\/\/folhapopular.info\/index.php\/wp-json\/wp\/v2\/users\/11"}],"replies":[{"embeddable":true,"href":"https:\/\/folhapopular.info\/index.php\/wp-json\/wp\/v2\/comments?post=41956"}],"version-history":[{"count":0,"href":"https:\/\/folhapopular.info\/index.php\/wp-json\/wp\/v2\/posts\/41956\/revisions"}],"wp:featuredmedia":[{"embeddable":true,"href":"https:\/\/folhapopular.info\/index.php\/wp-json\/wp\/v2\/media\/41958"}],"wp:attachment":[{"href":"https:\/\/folhapopular.info\/index.php\/wp-json\/wp\/v2\/media?parent=41956"}],"wp:term":[{"taxonomy":"category","embeddable":true,"href":"https:\/\/folhapopular.info\/index.php\/wp-json\/wp\/v2\/categories?post=41956"},{"taxonomy":"post_tag","embeddable":true,"href":"https:\/\/folhapopular.info\/index.php\/wp-json\/wp\/v2\/tags?post=41956"}],"curies":[{"name":"wp","href":"https:\/\/api.w.org\/{rel}","templated":true}]}}