{"id":42019,"date":"2018-03-28T10:03:38","date_gmt":"2018-03-28T13:03:38","guid":{"rendered":"http:\/\/folhapopular.info\/?p=42019"},"modified":"2018-03-28T13:13:42","modified_gmt":"2018-03-28T16:13:42","slug":"policia-civil-e-ministerio-publico-realizam-operacao-na-prefeitura-de-teutonia","status":"publish","type":"post","link":"https:\/\/folhapopular.info\/index.php\/2018\/03\/28\/policia-civil-e-ministerio-publico-realizam-operacao-na-prefeitura-de-teutonia\/","title":{"rendered":"Minist\u00e9rio P\u00fablico e Pol\u00edcia Civil realizam opera\u00e7\u00e3o na Prefeitura de Teut\u00f4nia"},"content":{"rendered":"<p>A promotoria de Justi\u00e7a de Teut\u00f4nia desencadeou na manh\u00e3 desta quarta-feira (28\/03), a Opera\u00e7\u00e3o Schmutzige H\u00e4nde (\u201cM\u00e3os sujas\u201d, traduzido do alem\u00e3o), que prendeu o secret\u00e1rio municipal de Sa\u00fade e chefe de Gabinete Alexandre Peters, o procurador-geral do Munic\u00edpio Gustavo Fregapani, o chefe do setor de compras da Prefeitura Caciano Krahl e o ex-prefeito municipal Ricardo Jos\u00e9 Br\u00f6nstrup, pai do atual prefeito Jonatan Br\u00f6nstrup.<\/p>\n<p>Policiais civis do Vale do Taquari cumpriram mandados de busca e apreens\u00e3o no Setor de Compras, Gabinete do Prefeito, Secretaria de Sa\u00fade, outros setores da Prefeitura e em outros locais da cidade. Al\u00e9m dos quatro mandados de pris\u00e3o, tamb\u00e9m foram cumpridos oito de busca e apreens\u00e3o e cinco de condu\u00e7\u00e3o coercitiva. O grupo foi levado para interrogat\u00f3rio na Delegacia de Pol\u00edcia Civil de Teut\u00f4nia.<\/p>\n<p>O chefe do setor de Compras, Caciano Krahl, o secret\u00e1rio Alexandre Peters e o procurador Gustavo Fregapani, ap\u00f3s serem interrogados, j\u00e1 foram conduzidos ao Pres\u00eddio Estadual de Lajeado. O ex-prefeito Ricardo Br\u00f6nstrup tamb\u00e9m prestou depoimento na DP de Teut\u00f4nia e logo depois tamb\u00e9m foi encaminhado ao pres\u00eddio.<\/p>\n<p>Conforme o promotor de Justi\u00e7a de Teut\u00f4nia, Jair Jo\u00e3o Franz, a a\u00e7\u00e3o do Minist\u00e9rio P\u00fablico tem como foco a Prefeitura e apurar crimes de organiza\u00e7\u00e3o criminosa, corrup\u00e7\u00e3o, fraude em licita\u00e7\u00f5es, lavagem de dinheiro e tr\u00e1fico de influ\u00eancia.<\/p>\n<p>Ainda n\u00e3o foram divulgadas informa\u00e7\u00f5es oficiais sobre a opera\u00e7\u00e3o, como: alvos, motivos, fatos, documentos ou objetivos. O Minist\u00e9rio P\u00fablico destacou que haver\u00e1 uma coletiva de imprensa para esclarecer os detalhes da opera\u00e7\u00e3o, mas ainda n\u00e3o informou o hor\u00e1rio. A ordem judicial teria sido expedida pela Comarca de Teut\u00f4nia.<\/p>\n<p>A opera\u00e7\u00e3o conta com a participa\u00e7\u00e3o do Grupo de Atua\u00e7\u00e3o Especial de Combate ao Crime Organizado (Gaeco), N\u00facleo de Intelig\u00eancia do Minist\u00e9rio P\u00fablico (Nimp), Pol\u00edcia Civil e Tribunal de Contas do Estado (TCE). O coordenador do Nimp, promotor de Justi\u00e7a Diego Rosito de Vilas, tamb\u00e9m participa da opera\u00e7\u00e3o.<\/p>\n<p>O prefeito Jonatan Br\u00f6nstrup est\u00e1 retornando de Porto Alegre e n\u00e3o tem detalhes da opera\u00e7\u00e3o. Pretende se inteirar do assunto antes de dar qualquer declara\u00e7\u00e3o.<\/p>\n<p>Ao que se tem conhecimento, \u00e9 a primeira vez na hist\u00f3ria de 37 anos do Munic\u00edpio que a Pol\u00edcia Civil e o Minist\u00e9rio P\u00fablico realizam opera\u00e7\u00e3o de tamanha envergadura na Prefeitura de Teut\u00f4nia.<\/p>\n","protected":false},"excerpt":{"rendered":"<p>A promotoria de Justi\u00e7a de Teut\u00f4nia desencadeou na manh\u00e3 desta quarta-feira (28\/03), a Opera\u00e7\u00e3o Schmutzige H\u00e4nde (\u201cM\u00e3os sujas\u201d, traduzido do alem\u00e3o), que prendeu o secret\u00e1rio municipal de Sa\u00fade e chefe de Gabinete Alexandre Peters, o procurador-geral do Munic\u00edpio Gustavo Fregapani, o chefe do setor de compras da Prefeitura Caciano Krahl e o ex-prefeito municipal Ricardo [&hellip;]<\/p>\n","protected":false},"author":7,"featured_media":42023,"comment_status":"open","ping_status":"open","sticky":false,"template":"","format":"standard","meta":{"pmpro_default_level":"","_jetpack_memberships_contains_paid_content":false,"footnotes":""},"categories":[2,3,7],"tags":[2457,880,881,26],"class_list":{"0":"post-42019","1":"post","2":"type-post","3":"status-publish","4":"format-standard","5":"has-post-thumbnail","7":"category-featured","8":"category-geral","9":"category-seguranca","10":"tag-ministerio-publico","11":"tag-operacao","12":"tag-policia-civil","13":"tag-teutonia","14":"pmpro-has-access"},"yoast_head":"<!-- This site is optimized with the Yoast SEO plugin v27.5 - https:\/\/yoast.com\/product\/yoast-seo-wordpress\/ -->\n<title>Minist\u00e9rio P\u00fablico e Pol\u00edcia Civil realizam opera\u00e7\u00e3o na Prefeitura de Teut\u00f4nia - Folha Popular<\/title>\n<meta name=\"robots\" content=\"index, follow, max-snippet:-1, max-image-preview:large, max-video-preview:-1\" \/>\n<link rel=\"canonical\" href=\"https:\/\/folhapopular.info\/index.php\/2018\/03\/28\/policia-civil-e-ministerio-publico-realizam-operacao-na-prefeitura-de-teutonia\/\" \/>\n<meta property=\"og:locale\" content=\"pt_BR\" \/>\n<meta property=\"og:type\" content=\"article\" \/>\n<meta property=\"og:title\" content=\"Minist\u00e9rio P\u00fablico e Pol\u00edcia Civil realizam opera\u00e7\u00e3o na Prefeitura de Teut\u00f4nia - Folha Popular\" \/>\n<meta property=\"og:description\" content=\"A promotoria de Justi\u00e7a de Teut\u00f4nia desencadeou na manh\u00e3 desta quarta-feira (28\/03), a Opera\u00e7\u00e3o Schmutzige H\u00e4nde (\u201cM\u00e3os sujas\u201d, traduzido do alem\u00e3o), que prendeu o secret\u00e1rio municipal de Sa\u00fade e chefe de Gabinete Alexandre Peters, o procurador-geral do Munic\u00edpio Gustavo Fregapani, o chefe do setor de compras da Prefeitura Caciano Krahl e o ex-prefeito municipal Ricardo [&hellip;]\" \/>\n<meta property=\"og:url\" content=\"https:\/\/folhapopular.info\/index.php\/2018\/03\/28\/policia-civil-e-ministerio-publico-realizam-operacao-na-prefeitura-de-teutonia\/\" \/>\n<meta property=\"og:site_name\" content=\"Folha Popular\" \/>\n<meta property=\"article:published_time\" content=\"2018-03-28T13:03:38+00:00\" \/>\n<meta property=\"article:modified_time\" content=\"2018-03-28T16:13:42+00:00\" \/>\n<meta property=\"og:image\" content=\"https:\/\/folhapopular.info\/wp-content\/uploads\/2018\/03\/IMG_1845-e1522241708956.jpg\" \/>\n\t<meta property=\"og:image:width\" content=\"1000\" \/>\n\t<meta property=\"og:image:height\" content=\"668\" \/>\n\t<meta property=\"og:image:type\" content=\"image\/jpeg\" \/>\n<meta name=\"author\" content=\"Lucas Leandro Brune\" \/>\n<meta name=\"twitter:card\" content=\"summary_large_image\" \/>\n<meta name=\"twitter:label1\" content=\"Escrito por\" \/>\n\t<meta name=\"twitter:data1\" content=\"Lucas Leandro Brune\" \/>\n\t<meta name=\"twitter:label2\" content=\"Est. tempo de leitura\" \/>\n\t<meta name=\"twitter:data2\" content=\"2 minutos\" \/>\n<script type=\"application\/ld+json\" class=\"yoast-schema-graph\">{\"@context\":\"https:\\\/\\\/schema.org\",\"@graph\":[{\"@type\":\"Article\",\"@id\":\"https:\\\/\\\/folhapopular.info\\\/index.php\\\/2018\\\/03\\\/28\\\/policia-civil-e-ministerio-publico-realizam-operacao-na-prefeitura-de-teutonia\\\/#article\",\"isPartOf\":{\"@id\":\"https:\\\/\\\/folhapopular.info\\\/index.php\\\/2018\\\/03\\\/28\\\/policia-civil-e-ministerio-publico-realizam-operacao-na-prefeitura-de-teutonia\\\/\"},\"author\":{\"name\":\"Lucas Leandro Brune\",\"@id\":\"https:\\\/\\\/folhapopular.info\\\/#\\\/schema\\\/person\\\/533a15f60cd49e81ab3a90b4ca33cb36\"},\"headline\":\"Minist\u00e9rio P\u00fablico e Pol\u00edcia Civil realizam opera\u00e7\u00e3o na Prefeitura de Teut\u00f4nia\",\"datePublished\":\"2018-03-28T13:03:38+00:00\",\"dateModified\":\"2018-03-28T16:13:42+00:00\",\"mainEntityOfPage\":{\"@id\":\"https:\\\/\\\/folhapopular.info\\\/index.php\\\/2018\\\/03\\\/28\\\/policia-civil-e-ministerio-publico-realizam-operacao-na-prefeitura-de-teutonia\\\/\"},\"wordCount\":449,\"commentCount\":0,\"image\":{\"@id\":\"https:\\\/\\\/folhapopular.info\\\/index.php\\\/2018\\\/03\\\/28\\\/policia-civil-e-ministerio-publico-realizam-operacao-na-prefeitura-de-teutonia\\\/#primaryimage\"},\"thumbnailUrl\":\"https:\\\/\\\/folhapopular.info\\\/wp-content\\\/uploads\\\/2018\\\/03\\\/IMG_1845-e1522241708956.jpg\",\"keywords\":[\"Minist\u00e9rio P\u00fablico\",\"Opera\u00e7\u00e3o\",\"Policia Civil\",\"Teut\u00f4nia\"],\"articleSection\":[\"Destaques\",\"Geral\",\"Seguran\u00e7a\"],\"inLanguage\":\"pt-BR\",\"potentialAction\":[{\"@type\":\"CommentAction\",\"name\":\"Comment\",\"target\":[\"https:\\\/\\\/folhapopular.info\\\/index.php\\\/2018\\\/03\\\/28\\\/policia-civil-e-ministerio-publico-realizam-operacao-na-prefeitura-de-teutonia\\\/#respond\"]}]},{\"@type\":\"WebPage\",\"@id\":\"https:\\\/\\\/folhapopular.info\\\/index.php\\\/2018\\\/03\\\/28\\\/policia-civil-e-ministerio-publico-realizam-operacao-na-prefeitura-de-teutonia\\\/\",\"url\":\"https:\\\/\\\/folhapopular.info\\\/index.php\\\/2018\\\/03\\\/28\\\/policia-civil-e-ministerio-publico-realizam-operacao-na-prefeitura-de-teutonia\\\/\",\"name\":\"Minist\u00e9rio P\u00fablico e Pol\u00edcia Civil realizam opera\u00e7\u00e3o na Prefeitura de Teut\u00f4nia - Folha Popular\",\"isPartOf\":{\"@id\":\"https:\\\/\\\/folhapopular.info\\\/#website\"},\"primaryImageOfPage\":{\"@id\":\"https:\\\/\\\/folhapopular.info\\\/index.php\\\/2018\\\/03\\\/28\\\/policia-civil-e-ministerio-publico-realizam-operacao-na-prefeitura-de-teutonia\\\/#primaryimage\"},\"image\":{\"@id\":\"https:\\\/\\\/folhapopular.info\\\/index.php\\\/2018\\\/03\\\/28\\\/policia-civil-e-ministerio-publico-realizam-operacao-na-prefeitura-de-teutonia\\\/#primaryimage\"},\"thumbnailUrl\":\"https:\\\/\\\/folhapopular.info\\\/wp-content\\\/uploads\\\/2018\\\/03\\\/IMG_1845-e1522241708956.jpg\",\"datePublished\":\"2018-03-28T13:03:38+00:00\",\"dateModified\":\"2018-03-28T16:13:42+00:00\",\"author\":{\"@id\":\"https:\\\/\\\/folhapopular.info\\\/#\\\/schema\\\/person\\\/533a15f60cd49e81ab3a90b4ca33cb36\"},\"breadcrumb\":{\"@id\":\"https:\\\/\\\/folhapopular.info\\\/index.php\\\/2018\\\/03\\\/28\\\/policia-civil-e-ministerio-publico-realizam-operacao-na-prefeitura-de-teutonia\\\/#breadcrumb\"},\"inLanguage\":\"pt-BR\",\"potentialAction\":[{\"@type\":\"ReadAction\",\"target\":[\"https:\\\/\\\/folhapopular.info\\\/index.php\\\/2018\\\/03\\\/28\\\/policia-civil-e-ministerio-publico-realizam-operacao-na-prefeitura-de-teutonia\\\/\"]}]},{\"@type\":\"ImageObject\",\"inLanguage\":\"pt-BR\",\"@id\":\"https:\\\/\\\/folhapopular.info\\\/index.php\\\/2018\\\/03\\\/28\\\/policia-civil-e-ministerio-publico-realizam-operacao-na-prefeitura-de-teutonia\\\/#primaryimage\",\"url\":\"https:\\\/\\\/folhapopular.info\\\/wp-content\\\/uploads\\\/2018\\\/03\\\/IMG_1845-e1522241708956.jpg\",\"contentUrl\":\"https:\\\/\\\/folhapopular.info\\\/wp-content\\\/uploads\\\/2018\\\/03\\\/IMG_1845-e1522241708956.jpg\",\"width\":1000,\"height\":668,\"caption\":\"Opera\u00e7\u00e3o da Pol\u00edcia Civil foi realizada na Prefeitura de Teut\u00f4nia \\\/ Cr\u00e9dito da foto: Gabriela Hautrive\"},{\"@type\":\"BreadcrumbList\",\"@id\":\"https:\\\/\\\/folhapopular.info\\\/index.php\\\/2018\\\/03\\\/28\\\/policia-civil-e-ministerio-publico-realizam-operacao-na-prefeitura-de-teutonia\\\/#breadcrumb\",\"itemListElement\":[{\"@type\":\"ListItem\",\"position\":1,\"name\":\"In\u00edcio\",\"item\":\"https:\\\/\\\/folhapopular.info\\\/\"},{\"@type\":\"ListItem\",\"position\":2,\"name\":\"Minist\u00e9rio P\u00fablico e Pol\u00edcia Civil realizam opera\u00e7\u00e3o na Prefeitura de Teut\u00f4nia\"}]},{\"@type\":\"WebSite\",\"@id\":\"https:\\\/\\\/folhapopular.info\\\/#website\",\"url\":\"https:\\\/\\\/folhapopular.info\\\/\",\"name\":\"Folha Popular\",\"description\":\"Onde voc\u00ea tem vez e voz\",\"potentialAction\":[{\"@type\":\"SearchAction\",\"target\":{\"@type\":\"EntryPoint\",\"urlTemplate\":\"https:\\\/\\\/folhapopular.info\\\/?s={search_term_string}\"},\"query-input\":{\"@type\":\"PropertyValueSpecification\",\"valueRequired\":true,\"valueName\":\"search_term_string\"}}],\"inLanguage\":\"pt-BR\"},{\"@type\":\"Person\",\"@id\":\"https:\\\/\\\/folhapopular.info\\\/#\\\/schema\\\/person\\\/533a15f60cd49e81ab3a90b4ca33cb36\",\"name\":\"Lucas Leandro Brune\",\"image\":{\"@type\":\"ImageObject\",\"inLanguage\":\"pt-BR\",\"@id\":\"https:\\\/\\\/folhapopular.info\\\/wp-content\\\/uploads\\\/2026\\\/04\\\/LUCAS-1-1.webp\",\"url\":\"https:\\\/\\\/folhapopular.info\\\/wp-content\\\/uploads\\\/2026\\\/04\\\/LUCAS-1-1.webp\",\"contentUrl\":\"https:\\\/\\\/folhapopular.info\\\/wp-content\\\/uploads\\\/2026\\\/04\\\/LUCAS-1-1.webp\",\"caption\":\"Lucas Leandro Brune\"},\"description\":\"Jornalista Profissional Diplomado MTB\\\/RS 14.333\",\"url\":\"https:\\\/\\\/folhapopular.info\\\/index.php\\\/author\\\/lucas-brune\\\/\"}]}<\/script>\n<!-- \/ Yoast SEO plugin. -->","yoast_head_json":{"title":"Minist\u00e9rio P\u00fablico e Pol\u00edcia Civil realizam opera\u00e7\u00e3o na Prefeitura de Teut\u00f4nia - Folha Popular","robots":{"index":"index","follow":"follow","max-snippet":"max-snippet:-1","max-image-preview":"max-image-preview:large","max-video-preview":"max-video-preview:-1"},"canonical":"https:\/\/folhapopular.info\/index.php\/2018\/03\/28\/policia-civil-e-ministerio-publico-realizam-operacao-na-prefeitura-de-teutonia\/","og_locale":"pt_BR","og_type":"article","og_title":"Minist\u00e9rio P\u00fablico e Pol\u00edcia Civil realizam opera\u00e7\u00e3o na Prefeitura de Teut\u00f4nia - Folha Popular","og_description":"A promotoria de Justi\u00e7a de Teut\u00f4nia desencadeou na manh\u00e3 desta quarta-feira (28\/03), a Opera\u00e7\u00e3o Schmutzige H\u00e4nde (\u201cM\u00e3os sujas\u201d, traduzido do alem\u00e3o), que prendeu o secret\u00e1rio municipal de Sa\u00fade e chefe de Gabinete Alexandre Peters, o procurador-geral do Munic\u00edpio Gustavo Fregapani, o chefe do setor de compras da Prefeitura Caciano Krahl e o ex-prefeito municipal Ricardo [&hellip;]","og_url":"https:\/\/folhapopular.info\/index.php\/2018\/03\/28\/policia-civil-e-ministerio-publico-realizam-operacao-na-prefeitura-de-teutonia\/","og_site_name":"Folha Popular","article_published_time":"2018-03-28T13:03:38+00:00","article_modified_time":"2018-03-28T16:13:42+00:00","og_image":[{"width":1000,"height":668,"url":"https:\/\/folhapopular.info\/wp-content\/uploads\/2018\/03\/IMG_1845-e1522241708956.jpg","type":"image\/jpeg"}],"author":"Lucas Leandro Brune","twitter_card":"summary_large_image","twitter_misc":{"Escrito por":"Lucas Leandro Brune","Est. tempo de leitura":"2 minutos"},"schema":{"@context":"https:\/\/schema.org","@graph":[{"@type":"Article","@id":"https:\/\/folhapopular.info\/index.php\/2018\/03\/28\/policia-civil-e-ministerio-publico-realizam-operacao-na-prefeitura-de-teutonia\/#article","isPartOf":{"@id":"https:\/\/folhapopular.info\/index.php\/2018\/03\/28\/policia-civil-e-ministerio-publico-realizam-operacao-na-prefeitura-de-teutonia\/"},"author":{"name":"Lucas Leandro Brune","@id":"https:\/\/folhapopular.info\/#\/schema\/person\/533a15f60cd49e81ab3a90b4ca33cb36"},"headline":"Minist\u00e9rio P\u00fablico e Pol\u00edcia Civil realizam opera\u00e7\u00e3o na Prefeitura de Teut\u00f4nia","datePublished":"2018-03-28T13:03:38+00:00","dateModified":"2018-03-28T16:13:42+00:00","mainEntityOfPage":{"@id":"https:\/\/folhapopular.info\/index.php\/2018\/03\/28\/policia-civil-e-ministerio-publico-realizam-operacao-na-prefeitura-de-teutonia\/"},"wordCount":449,"commentCount":0,"image":{"@id":"https:\/\/folhapopular.info\/index.php\/2018\/03\/28\/policia-civil-e-ministerio-publico-realizam-operacao-na-prefeitura-de-teutonia\/#primaryimage"},"thumbnailUrl":"https:\/\/folhapopular.info\/wp-content\/uploads\/2018\/03\/IMG_1845-e1522241708956.jpg","keywords":["Minist\u00e9rio P\u00fablico","Opera\u00e7\u00e3o","Policia Civil","Teut\u00f4nia"],"articleSection":["Destaques","Geral","Seguran\u00e7a"],"inLanguage":"pt-BR","potentialAction":[{"@type":"CommentAction","name":"Comment","target":["https:\/\/folhapopular.info\/index.php\/2018\/03\/28\/policia-civil-e-ministerio-publico-realizam-operacao-na-prefeitura-de-teutonia\/#respond"]}]},{"@type":"WebPage","@id":"https:\/\/folhapopular.info\/index.php\/2018\/03\/28\/policia-civil-e-ministerio-publico-realizam-operacao-na-prefeitura-de-teutonia\/","url":"https:\/\/folhapopular.info\/index.php\/2018\/03\/28\/policia-civil-e-ministerio-publico-realizam-operacao-na-prefeitura-de-teutonia\/","name":"Minist\u00e9rio P\u00fablico e Pol\u00edcia Civil realizam opera\u00e7\u00e3o na Prefeitura de Teut\u00f4nia - Folha Popular","isPartOf":{"@id":"https:\/\/folhapopular.info\/#website"},"primaryImageOfPage":{"@id":"https:\/\/folhapopular.info\/index.php\/2018\/03\/28\/policia-civil-e-ministerio-publico-realizam-operacao-na-prefeitura-de-teutonia\/#primaryimage"},"image":{"@id":"https:\/\/folhapopular.info\/index.php\/2018\/03\/28\/policia-civil-e-ministerio-publico-realizam-operacao-na-prefeitura-de-teutonia\/#primaryimage"},"thumbnailUrl":"https:\/\/folhapopular.info\/wp-content\/uploads\/2018\/03\/IMG_1845-e1522241708956.jpg","datePublished":"2018-03-28T13:03:38+00:00","dateModified":"2018-03-28T16:13:42+00:00","author":{"@id":"https:\/\/folhapopular.info\/#\/schema\/person\/533a15f60cd49e81ab3a90b4ca33cb36"},"breadcrumb":{"@id":"https:\/\/folhapopular.info\/index.php\/2018\/03\/28\/policia-civil-e-ministerio-publico-realizam-operacao-na-prefeitura-de-teutonia\/#breadcrumb"},"inLanguage":"pt-BR","potentialAction":[{"@type":"ReadAction","target":["https:\/\/folhapopular.info\/index.php\/2018\/03\/28\/policia-civil-e-ministerio-publico-realizam-operacao-na-prefeitura-de-teutonia\/"]}]},{"@type":"ImageObject","inLanguage":"pt-BR","@id":"https:\/\/folhapopular.info\/index.php\/2018\/03\/28\/policia-civil-e-ministerio-publico-realizam-operacao-na-prefeitura-de-teutonia\/#primaryimage","url":"https:\/\/folhapopular.info\/wp-content\/uploads\/2018\/03\/IMG_1845-e1522241708956.jpg","contentUrl":"https:\/\/folhapopular.info\/wp-content\/uploads\/2018\/03\/IMG_1845-e1522241708956.jpg","width":1000,"height":668,"caption":"Opera\u00e7\u00e3o da Pol\u00edcia Civil foi realizada na Prefeitura de Teut\u00f4nia \/ Cr\u00e9dito da foto: Gabriela Hautrive"},{"@type":"BreadcrumbList","@id":"https:\/\/folhapopular.info\/index.php\/2018\/03\/28\/policia-civil-e-ministerio-publico-realizam-operacao-na-prefeitura-de-teutonia\/#breadcrumb","itemListElement":[{"@type":"ListItem","position":1,"name":"In\u00edcio","item":"https:\/\/folhapopular.info\/"},{"@type":"ListItem","position":2,"name":"Minist\u00e9rio P\u00fablico e Pol\u00edcia Civil realizam opera\u00e7\u00e3o na Prefeitura de Teut\u00f4nia"}]},{"@type":"WebSite","@id":"https:\/\/folhapopular.info\/#website","url":"https:\/\/folhapopular.info\/","name":"Folha Popular","description":"Onde voc\u00ea tem vez e voz","potentialAction":[{"@type":"SearchAction","target":{"@type":"EntryPoint","urlTemplate":"https:\/\/folhapopular.info\/?s={search_term_string}"},"query-input":{"@type":"PropertyValueSpecification","valueRequired":true,"valueName":"search_term_string"}}],"inLanguage":"pt-BR"},{"@type":"Person","@id":"https:\/\/folhapopular.info\/#\/schema\/person\/533a15f60cd49e81ab3a90b4ca33cb36","name":"Lucas Leandro Brune","image":{"@type":"ImageObject","inLanguage":"pt-BR","@id":"https:\/\/folhapopular.info\/wp-content\/uploads\/2026\/04\/LUCAS-1-1.webp","url":"https:\/\/folhapopular.info\/wp-content\/uploads\/2026\/04\/LUCAS-1-1.webp","contentUrl":"https:\/\/folhapopular.info\/wp-content\/uploads\/2026\/04\/LUCAS-1-1.webp","caption":"Lucas Leandro Brune"},"description":"Jornalista Profissional Diplomado MTB\/RS 14.333","url":"https:\/\/folhapopular.info\/index.php\/author\/lucas-brune\/"}]}},"jetpack_featured_media_url":"https:\/\/folhapopular.info\/wp-content\/uploads\/2018\/03\/IMG_1845-e1522241708956.jpg","jetpack_sharing_enabled":true,"amp_enabled":true,"_links":{"self":[{"href":"https:\/\/folhapopular.info\/index.php\/wp-json\/wp\/v2\/posts\/42019","targetHints":{"allow":["GET"]}}],"collection":[{"href":"https:\/\/folhapopular.info\/index.php\/wp-json\/wp\/v2\/posts"}],"about":[{"href":"https:\/\/folhapopular.info\/index.php\/wp-json\/wp\/v2\/types\/post"}],"author":[{"embeddable":true,"href":"https:\/\/folhapopular.info\/index.php\/wp-json\/wp\/v2\/users\/7"}],"replies":[{"embeddable":true,"href":"https:\/\/folhapopular.info\/index.php\/wp-json\/wp\/v2\/comments?post=42019"}],"version-history":[{"count":0,"href":"https:\/\/folhapopular.info\/index.php\/wp-json\/wp\/v2\/posts\/42019\/revisions"}],"wp:featuredmedia":[{"embeddable":true,"href":"https:\/\/folhapopular.info\/index.php\/wp-json\/wp\/v2\/media\/42023"}],"wp:attachment":[{"href":"https:\/\/folhapopular.info\/index.php\/wp-json\/wp\/v2\/media?parent=42019"}],"wp:term":[{"taxonomy":"category","embeddable":true,"href":"https:\/\/folhapopular.info\/index.php\/wp-json\/wp\/v2\/categories?post=42019"},{"taxonomy":"post_tag","embeddable":true,"href":"https:\/\/folhapopular.info\/index.php\/wp-json\/wp\/v2\/tags?post=42019"}],"curies":[{"name":"wp","href":"https:\/\/api.w.org\/{rel}","templated":true}]}}