{"id":42052,"date":"2018-03-29T15:28:43","date_gmt":"2018-03-29T18:28:43","guid":{"rendered":"http:\/\/folhapopular.info\/?p=42052"},"modified":"2018-03-30T11:49:30","modified_gmt":"2018-03-30T14:49:30","slug":"oposicao-espera-providencias-em-relacao-a-operacao-maos-sujas-em-teutonia","status":"publish","type":"post","link":"https:\/\/folhapopular.info\/index.php\/2018\/03\/29\/oposicao-espera-providencias-em-relacao-a-operacao-maos-sujas-em-teutonia\/","title":{"rendered":"Oposi\u00e7\u00e3o espera provid\u00eancias em rela\u00e7\u00e3o \u00e0 Opera\u00e7\u00e3o \u201cM\u00e3os sujas\u201d em Teut\u00f4nia"},"content":{"rendered":"<p>A reportagem da Folha Popular conversou com dois vereadores de Teut\u00f4nia, Diego Tenn Pass (PDT) e Aline R\u00f6hrig Kohl (PP), que fazem parte da oposi\u00e7\u00e3o ao atual governo. Os membros do Legislativo declaram suas opini\u00f5es sobre o que est\u00e1 acontecendo no munic\u00edpio, como receberam a not\u00edcia sobre a<a href=\"https:\/\/folhapopular.info\/index.php\/2018\/03\/28\/policia-civil-e-ministerio-publico-realizam-operacao-na-prefeitura-de-teutonia\/\"> Opera\u00e7\u00e3o &#8220;M\u00e3os Sujas&#8221;<\/a> e provid\u00eancias que esperam que sejam tomadas.<\/p>\n<figure id=\"attachment_42056\" aria-describedby=\"caption-attachment-42056\" style=\"width: 300px\" class=\"wp-caption alignright\"><img loading=\"lazy\" decoding=\"async\" class=\"size-medium wp-image-42056\" src=\"https:\/\/folhapopular.info\/wp-content\/uploads\/2018\/03\/Aline-R\u00f6hrig-Kohl-300x296.jpg\" alt=\"\" width=\"300\" height=\"296\" srcset=\"https:\/\/folhapopular.info\/wp-content\/uploads\/2018\/03\/Aline-R\u00f6hrig-Kohl-300x296.jpg 300w, https:\/\/folhapopular.info\/wp-content\/uploads\/2018\/03\/Aline-R\u00f6hrig-Kohl-768x758.jpg 768w, https:\/\/folhapopular.info\/wp-content\/uploads\/2018\/03\/Aline-R\u00f6hrig-Kohl-696x687.jpg 696w, https:\/\/folhapopular.info\/wp-content\/uploads\/2018\/03\/Aline-R\u00f6hrig-Kohl-425x420.jpg 425w, https:\/\/folhapopular.info\/wp-content\/uploads\/2018\/03\/Aline-R\u00f6hrig-Kohl.jpg 960w\" sizes=\"auto, (max-width: 300px) 100vw, 300px\" \/><figcaption id=\"caption-attachment-42056\" class=\"wp-caption-text\">Vereadora Aline R\u00f6hrig Kohl (PP)<\/figcaption><\/figure>\n<p><strong>&#8220;Vergonha para o Munic\u00edpio&#8221;<\/strong><br \/>\nSegundo Aline Rohrig Kohl (PP), a not\u00edcia leva Teut\u00f4nia para todo o Brasil e \u00e9 uma grande vergonha para o munic\u00edpio que est\u00e1 \u00e0s v\u00e9speras de completar seus 37 anos. \u201cDever\u00edamos estar comemorando bons \u00edndices e obras. Por\u00e9m estamos at\u00e9 na m\u00eddia nacional estampando not\u00edcia de corrup\u00e7\u00e3o, do que muitos falam que s\u00f3 acontece em Bras\u00edlia, mas o qual eu j\u00e1 alertava que temos que estar com os olhos voltados para o munic\u00edpio, onde muita coisa acontece\u201d, declara Aline.<\/p>\n<figure id=\"attachment_42055\" aria-describedby=\"caption-attachment-42055\" style=\"width: 204px\" class=\"wp-caption alignleft\"><img loading=\"lazy\" decoding=\"async\" class=\"size-medium wp-image-42055\" src=\"https:\/\/folhapopular.info\/wp-content\/uploads\/2018\/03\/Diego-Tenn-Pass-Copia-e1522347751922-204x300.jpg\" alt=\"\" width=\"204\" height=\"300\" srcset=\"https:\/\/folhapopular.info\/wp-content\/uploads\/2018\/03\/Diego-Tenn-Pass-Copia-e1522347751922-204x300.jpg 204w, https:\/\/folhapopular.info\/wp-content\/uploads\/2018\/03\/Diego-Tenn-Pass-Copia-e1522347751922.jpg 275w\" sizes=\"auto, (max-width: 204px) 100vw, 204px\" \/><figcaption id=\"caption-attachment-42055\" class=\"wp-caption-text\">Diego Tenn Pass (PDT)<\/figcaption><\/figure>\n<p><strong>&#8220;Mancha a imagem de Teut\u00f4nia&#8221;\u00a0<\/strong><br \/>\nO vereador Diego Tenn Pass (PDT) declara que pensando na ideia de munic\u00edpio, a situa\u00e7\u00e3o \u00e9 extremamente preocupante. \u201cMancha o nome da cidade, fica marcado que em Teut\u00f4nia t\u00eam picareta, que fazem mau uso do dinheiro p\u00fablico, mesmo que sejam pessoas pontuais. Acredito que tenha mais nomes, porque sozinhos eles n\u00e3o faziam o servi\u00e7o todo\u201d, diz o vereador. Por outro lado, Tenn Pass relata que fica feliz pelo fato de ocorrerem investiga\u00e7\u00f5es como esta.<\/p>\n<p>&nbsp;<\/p>\n<p>A reportagem completa voc\u00ea confere na edi\u00e7\u00e3o impressa da Folha Popular desta quinta-feira (29\/03).<\/p>\n","protected":false},"excerpt":{"rendered":"<p>A reportagem da Folha Popular conversou com dois vereadores de Teut\u00f4nia, Diego Tenn Pass (PDT) e Aline R\u00f6hrig Kohl (PP), que fazem parte da oposi\u00e7\u00e3o ao atual governo. Os membros do Legislativo declaram suas opini\u00f5es sobre o que est\u00e1 acontecendo no munic\u00edpio, como receberam a not\u00edcia sobre a Opera\u00e7\u00e3o &#8220;M\u00e3os Sujas&#8221; e provid\u00eancias que esperam [&hellip;]<\/p>\n","protected":false},"author":8,"featured_media":31867,"comment_status":"open","ping_status":"open","sticky":false,"template":"","format":"standard","meta":{"pmpro_default_level":"","_jetpack_memberships_contains_paid_content":false,"footnotes":""},"categories":[2,3],"tags":[2457,2468,2461,2464,106,881,2465,26],"class_list":{"0":"post-42052","1":"post","2":"type-post","3":"status-publish","4":"format-standard","5":"has-post-thumbnail","7":"category-featured","8":"category-geral","9":"tag-ministerio-publico","10":"tag-operacao-maos-sujas","11":"tag-operacao-schmutzige-hande","12":"tag-oposicao","13":"tag-policia","14":"tag-policia-civil","15":"tag-providencias","16":"tag-teutonia","17":"pmpro-has-access"},"yoast_head":"<!-- This site is optimized with the Yoast SEO plugin v27.5 - https:\/\/yoast.com\/product\/yoast-seo-wordpress\/ -->\n<title>Oposi\u00e7\u00e3o espera provid\u00eancias em rela\u00e7\u00e3o \u00e0 Opera\u00e7\u00e3o \u201cM\u00e3os sujas\u201d em Teut\u00f4nia - Folha Popular<\/title>\n<meta name=\"robots\" content=\"index, follow, max-snippet:-1, max-image-preview:large, max-video-preview:-1\" \/>\n<link rel=\"canonical\" href=\"https:\/\/folhapopular.info\/index.php\/2018\/03\/29\/oposicao-espera-providencias-em-relacao-a-operacao-maos-sujas-em-teutonia\/\" \/>\n<meta property=\"og:locale\" content=\"pt_BR\" \/>\n<meta property=\"og:type\" content=\"article\" \/>\n<meta property=\"og:title\" content=\"Oposi\u00e7\u00e3o espera provid\u00eancias em rela\u00e7\u00e3o \u00e0 Opera\u00e7\u00e3o \u201cM\u00e3os sujas\u201d em Teut\u00f4nia - Folha Popular\" \/>\n<meta property=\"og:description\" content=\"A reportagem da Folha Popular conversou com dois vereadores de Teut\u00f4nia, Diego Tenn Pass (PDT) e Aline R\u00f6hrig Kohl (PP), que fazem parte da oposi\u00e7\u00e3o ao atual governo. Os membros do Legislativo declaram suas opini\u00f5es sobre o que est\u00e1 acontecendo no munic\u00edpio, como receberam a not\u00edcia sobre a Opera\u00e7\u00e3o &#8220;M\u00e3os Sujas&#8221; e provid\u00eancias que esperam [&hellip;]\" \/>\n<meta property=\"og:url\" content=\"https:\/\/folhapopular.info\/index.php\/2018\/03\/29\/oposicao-espera-providencias-em-relacao-a-operacao-maos-sujas-em-teutonia\/\" \/>\n<meta property=\"og:site_name\" content=\"Folha Popular\" \/>\n<meta property=\"article:published_time\" content=\"2018-03-29T18:28:43+00:00\" \/>\n<meta property=\"article:modified_time\" content=\"2018-03-30T14:49:30+00:00\" \/>\n<meta property=\"og:image\" content=\"https:\/\/folhapopular.info\/wp-content\/uploads\/2017\/06\/Not\u00edcias_SITE-1-e1543404686907.jpg\" \/>\n\t<meta property=\"og:image:width\" content=\"800\" \/>\n\t<meta property=\"og:image:height\" content=\"514\" \/>\n\t<meta property=\"og:image:type\" content=\"image\/jpeg\" \/>\n<meta name=\"author\" content=\"Reda\u00e7\u00e3o Folha Popular\" \/>\n<meta name=\"twitter:card\" content=\"summary_large_image\" \/>\n<meta name=\"twitter:label1\" content=\"Escrito por\" \/>\n\t<meta name=\"twitter:data1\" content=\"Reda\u00e7\u00e3o Folha Popular\" \/>\n\t<meta name=\"twitter:label2\" content=\"Est. tempo de leitura\" \/>\n\t<meta name=\"twitter:data2\" content=\"1 minuto\" \/>\n<script type=\"application\/ld+json\" class=\"yoast-schema-graph\">{\"@context\":\"https:\\\/\\\/schema.org\",\"@graph\":[{\"@type\":\"Article\",\"@id\":\"https:\\\/\\\/folhapopular.info\\\/index.php\\\/2018\\\/03\\\/29\\\/oposicao-espera-providencias-em-relacao-a-operacao-maos-sujas-em-teutonia\\\/#article\",\"isPartOf\":{\"@id\":\"https:\\\/\\\/folhapopular.info\\\/index.php\\\/2018\\\/03\\\/29\\\/oposicao-espera-providencias-em-relacao-a-operacao-maos-sujas-em-teutonia\\\/\"},\"author\":{\"name\":\"Reda\u00e7\u00e3o Folha Popular\",\"@id\":\"https:\\\/\\\/folhapopular.info\\\/#\\\/schema\\\/person\\\/2814e8a0df7643585a9ca38bc6eb9d4b\"},\"headline\":\"Oposi\u00e7\u00e3o espera provid\u00eancias em rela\u00e7\u00e3o \u00e0 Opera\u00e7\u00e3o \u201cM\u00e3os sujas\u201d em Teut\u00f4nia\",\"datePublished\":\"2018-03-29T18:28:43+00:00\",\"dateModified\":\"2018-03-30T14:49:30+00:00\",\"mainEntityOfPage\":{\"@id\":\"https:\\\/\\\/folhapopular.info\\\/index.php\\\/2018\\\/03\\\/29\\\/oposicao-espera-providencias-em-relacao-a-operacao-maos-sujas-em-teutonia\\\/\"},\"wordCount\":302,\"commentCount\":0,\"image\":{\"@id\":\"https:\\\/\\\/folhapopular.info\\\/index.php\\\/2018\\\/03\\\/29\\\/oposicao-espera-providencias-em-relacao-a-operacao-maos-sujas-em-teutonia\\\/#primaryimage\"},\"thumbnailUrl\":\"https:\\\/\\\/folhapopular.info\\\/wp-content\\\/uploads\\\/2017\\\/06\\\/Not\u00edcias_SITE-1-e1543404686907.jpg\",\"keywords\":[\"Minist\u00e9rio P\u00fablico\",\"Opera\u00e7\u00e3o M\u00e3os Sujas\",\"Opera\u00e7\u00e3o Schmutzige H\u00e4nde\",\"Oposi\u00e7\u00e3o\",\"Pol\u00edcia\",\"Policia Civil\",\"Provid\u00eancias\",\"Teut\u00f4nia\"],\"articleSection\":[\"Destaques\",\"Geral\"],\"inLanguage\":\"pt-BR\",\"potentialAction\":[{\"@type\":\"CommentAction\",\"name\":\"Comment\",\"target\":[\"https:\\\/\\\/folhapopular.info\\\/index.php\\\/2018\\\/03\\\/29\\\/oposicao-espera-providencias-em-relacao-a-operacao-maos-sujas-em-teutonia\\\/#respond\"]}]},{\"@type\":\"WebPage\",\"@id\":\"https:\\\/\\\/folhapopular.info\\\/index.php\\\/2018\\\/03\\\/29\\\/oposicao-espera-providencias-em-relacao-a-operacao-maos-sujas-em-teutonia\\\/\",\"url\":\"https:\\\/\\\/folhapopular.info\\\/index.php\\\/2018\\\/03\\\/29\\\/oposicao-espera-providencias-em-relacao-a-operacao-maos-sujas-em-teutonia\\\/\",\"name\":\"Oposi\u00e7\u00e3o espera provid\u00eancias em rela\u00e7\u00e3o \u00e0 Opera\u00e7\u00e3o \u201cM\u00e3os sujas\u201d em Teut\u00f4nia - Folha Popular\",\"isPartOf\":{\"@id\":\"https:\\\/\\\/folhapopular.info\\\/#website\"},\"primaryImageOfPage\":{\"@id\":\"https:\\\/\\\/folhapopular.info\\\/index.php\\\/2018\\\/03\\\/29\\\/oposicao-espera-providencias-em-relacao-a-operacao-maos-sujas-em-teutonia\\\/#primaryimage\"},\"image\":{\"@id\":\"https:\\\/\\\/folhapopular.info\\\/index.php\\\/2018\\\/03\\\/29\\\/oposicao-espera-providencias-em-relacao-a-operacao-maos-sujas-em-teutonia\\\/#primaryimage\"},\"thumbnailUrl\":\"https:\\\/\\\/folhapopular.info\\\/wp-content\\\/uploads\\\/2017\\\/06\\\/Not\u00edcias_SITE-1-e1543404686907.jpg\",\"datePublished\":\"2018-03-29T18:28:43+00:00\",\"dateModified\":\"2018-03-30T14:49:30+00:00\",\"author\":{\"@id\":\"https:\\\/\\\/folhapopular.info\\\/#\\\/schema\\\/person\\\/2814e8a0df7643585a9ca38bc6eb9d4b\"},\"breadcrumb\":{\"@id\":\"https:\\\/\\\/folhapopular.info\\\/index.php\\\/2018\\\/03\\\/29\\\/oposicao-espera-providencias-em-relacao-a-operacao-maos-sujas-em-teutonia\\\/#breadcrumb\"},\"inLanguage\":\"pt-BR\",\"potentialAction\":[{\"@type\":\"ReadAction\",\"target\":[\"https:\\\/\\\/folhapopular.info\\\/index.php\\\/2018\\\/03\\\/29\\\/oposicao-espera-providencias-em-relacao-a-operacao-maos-sujas-em-teutonia\\\/\"]}]},{\"@type\":\"ImageObject\",\"inLanguage\":\"pt-BR\",\"@id\":\"https:\\\/\\\/folhapopular.info\\\/index.php\\\/2018\\\/03\\\/29\\\/oposicao-espera-providencias-em-relacao-a-operacao-maos-sujas-em-teutonia\\\/#primaryimage\",\"url\":\"https:\\\/\\\/folhapopular.info\\\/wp-content\\\/uploads\\\/2017\\\/06\\\/Not\u00edcias_SITE-1-e1543404686907.jpg\",\"contentUrl\":\"https:\\\/\\\/folhapopular.info\\\/wp-content\\\/uploads\\\/2017\\\/06\\\/Not\u00edcias_SITE-1-e1543404686907.jpg\",\"width\":800,\"height\":514,\"caption\":\"Cadastro reserva ser\u00e1 para cinco \u00e1reas de atua\u00e7\u00e3o nas salas de aula\"},{\"@type\":\"BreadcrumbList\",\"@id\":\"https:\\\/\\\/folhapopular.info\\\/index.php\\\/2018\\\/03\\\/29\\\/oposicao-espera-providencias-em-relacao-a-operacao-maos-sujas-em-teutonia\\\/#breadcrumb\",\"itemListElement\":[{\"@type\":\"ListItem\",\"position\":1,\"name\":\"In\u00edcio\",\"item\":\"https:\\\/\\\/folhapopular.info\\\/\"},{\"@type\":\"ListItem\",\"position\":2,\"name\":\"Oposi\u00e7\u00e3o espera provid\u00eancias em rela\u00e7\u00e3o \u00e0 Opera\u00e7\u00e3o \u201cM\u00e3os sujas\u201d em Teut\u00f4nia\"}]},{\"@type\":\"WebSite\",\"@id\":\"https:\\\/\\\/folhapopular.info\\\/#website\",\"url\":\"https:\\\/\\\/folhapopular.info\\\/\",\"name\":\"Folha Popular\",\"description\":\"Onde voc\u00ea tem vez e voz\",\"potentialAction\":[{\"@type\":\"SearchAction\",\"target\":{\"@type\":\"EntryPoint\",\"urlTemplate\":\"https:\\\/\\\/folhapopular.info\\\/?s={search_term_string}\"},\"query-input\":{\"@type\":\"PropertyValueSpecification\",\"valueRequired\":true,\"valueName\":\"search_term_string\"}}],\"inLanguage\":\"pt-BR\"},{\"@type\":\"Person\",\"@id\":\"https:\\\/\\\/folhapopular.info\\\/#\\\/schema\\\/person\\\/2814e8a0df7643585a9ca38bc6eb9d4b\",\"name\":\"Reda\u00e7\u00e3o Folha Popular\",\"image\":{\"@type\":\"ImageObject\",\"inLanguage\":\"pt-BR\",\"@id\":\"https:\\\/\\\/folhapopular.info\\\/wp-content\\\/uploads\\\/2026\\\/04\\\/Folha-1.webp\",\"url\":\"https:\\\/\\\/folhapopular.info\\\/wp-content\\\/uploads\\\/2026\\\/04\\\/Folha-1.webp\",\"contentUrl\":\"https:\\\/\\\/folhapopular.info\\\/wp-content\\\/uploads\\\/2026\\\/04\\\/Folha-1.webp\",\"caption\":\"Reda\u00e7\u00e3o Folha Popular\"},\"url\":\"https:\\\/\\\/folhapopular.info\\\/index.php\\\/author\\\/redacao\\\/\"}]}<\/script>\n<!-- \/ Yoast SEO plugin. -->","yoast_head_json":{"title":"Oposi\u00e7\u00e3o espera provid\u00eancias em rela\u00e7\u00e3o \u00e0 Opera\u00e7\u00e3o \u201cM\u00e3os sujas\u201d em Teut\u00f4nia - Folha Popular","robots":{"index":"index","follow":"follow","max-snippet":"max-snippet:-1","max-image-preview":"max-image-preview:large","max-video-preview":"max-video-preview:-1"},"canonical":"https:\/\/folhapopular.info\/index.php\/2018\/03\/29\/oposicao-espera-providencias-em-relacao-a-operacao-maos-sujas-em-teutonia\/","og_locale":"pt_BR","og_type":"article","og_title":"Oposi\u00e7\u00e3o espera provid\u00eancias em rela\u00e7\u00e3o \u00e0 Opera\u00e7\u00e3o \u201cM\u00e3os sujas\u201d em Teut\u00f4nia - Folha Popular","og_description":"A reportagem da Folha Popular conversou com dois vereadores de Teut\u00f4nia, Diego Tenn Pass (PDT) e Aline R\u00f6hrig Kohl (PP), que fazem parte da oposi\u00e7\u00e3o ao atual governo. Os membros do Legislativo declaram suas opini\u00f5es sobre o que est\u00e1 acontecendo no munic\u00edpio, como receberam a not\u00edcia sobre a Opera\u00e7\u00e3o &#8220;M\u00e3os Sujas&#8221; e provid\u00eancias que esperam [&hellip;]","og_url":"https:\/\/folhapopular.info\/index.php\/2018\/03\/29\/oposicao-espera-providencias-em-relacao-a-operacao-maos-sujas-em-teutonia\/","og_site_name":"Folha Popular","article_published_time":"2018-03-29T18:28:43+00:00","article_modified_time":"2018-03-30T14:49:30+00:00","og_image":[{"width":800,"height":514,"url":"https:\/\/folhapopular.info\/wp-content\/uploads\/2017\/06\/Not\u00edcias_SITE-1-e1543404686907.jpg","type":"image\/jpeg"}],"author":"Reda\u00e7\u00e3o Folha Popular","twitter_card":"summary_large_image","twitter_misc":{"Escrito por":"Reda\u00e7\u00e3o Folha Popular","Est. tempo de leitura":"1 minuto"},"schema":{"@context":"https:\/\/schema.org","@graph":[{"@type":"Article","@id":"https:\/\/folhapopular.info\/index.php\/2018\/03\/29\/oposicao-espera-providencias-em-relacao-a-operacao-maos-sujas-em-teutonia\/#article","isPartOf":{"@id":"https:\/\/folhapopular.info\/index.php\/2018\/03\/29\/oposicao-espera-providencias-em-relacao-a-operacao-maos-sujas-em-teutonia\/"},"author":{"name":"Reda\u00e7\u00e3o Folha Popular","@id":"https:\/\/folhapopular.info\/#\/schema\/person\/2814e8a0df7643585a9ca38bc6eb9d4b"},"headline":"Oposi\u00e7\u00e3o espera provid\u00eancias em rela\u00e7\u00e3o \u00e0 Opera\u00e7\u00e3o \u201cM\u00e3os sujas\u201d em Teut\u00f4nia","datePublished":"2018-03-29T18:28:43+00:00","dateModified":"2018-03-30T14:49:30+00:00","mainEntityOfPage":{"@id":"https:\/\/folhapopular.info\/index.php\/2018\/03\/29\/oposicao-espera-providencias-em-relacao-a-operacao-maos-sujas-em-teutonia\/"},"wordCount":302,"commentCount":0,"image":{"@id":"https:\/\/folhapopular.info\/index.php\/2018\/03\/29\/oposicao-espera-providencias-em-relacao-a-operacao-maos-sujas-em-teutonia\/#primaryimage"},"thumbnailUrl":"https:\/\/folhapopular.info\/wp-content\/uploads\/2017\/06\/Not\u00edcias_SITE-1-e1543404686907.jpg","keywords":["Minist\u00e9rio P\u00fablico","Opera\u00e7\u00e3o M\u00e3os Sujas","Opera\u00e7\u00e3o Schmutzige H\u00e4nde","Oposi\u00e7\u00e3o","Pol\u00edcia","Policia Civil","Provid\u00eancias","Teut\u00f4nia"],"articleSection":["Destaques","Geral"],"inLanguage":"pt-BR","potentialAction":[{"@type":"CommentAction","name":"Comment","target":["https:\/\/folhapopular.info\/index.php\/2018\/03\/29\/oposicao-espera-providencias-em-relacao-a-operacao-maos-sujas-em-teutonia\/#respond"]}]},{"@type":"WebPage","@id":"https:\/\/folhapopular.info\/index.php\/2018\/03\/29\/oposicao-espera-providencias-em-relacao-a-operacao-maos-sujas-em-teutonia\/","url":"https:\/\/folhapopular.info\/index.php\/2018\/03\/29\/oposicao-espera-providencias-em-relacao-a-operacao-maos-sujas-em-teutonia\/","name":"Oposi\u00e7\u00e3o espera provid\u00eancias em rela\u00e7\u00e3o \u00e0 Opera\u00e7\u00e3o \u201cM\u00e3os sujas\u201d em Teut\u00f4nia - Folha Popular","isPartOf":{"@id":"https:\/\/folhapopular.info\/#website"},"primaryImageOfPage":{"@id":"https:\/\/folhapopular.info\/index.php\/2018\/03\/29\/oposicao-espera-providencias-em-relacao-a-operacao-maos-sujas-em-teutonia\/#primaryimage"},"image":{"@id":"https:\/\/folhapopular.info\/index.php\/2018\/03\/29\/oposicao-espera-providencias-em-relacao-a-operacao-maos-sujas-em-teutonia\/#primaryimage"},"thumbnailUrl":"https:\/\/folhapopular.info\/wp-content\/uploads\/2017\/06\/Not\u00edcias_SITE-1-e1543404686907.jpg","datePublished":"2018-03-29T18:28:43+00:00","dateModified":"2018-03-30T14:49:30+00:00","author":{"@id":"https:\/\/folhapopular.info\/#\/schema\/person\/2814e8a0df7643585a9ca38bc6eb9d4b"},"breadcrumb":{"@id":"https:\/\/folhapopular.info\/index.php\/2018\/03\/29\/oposicao-espera-providencias-em-relacao-a-operacao-maos-sujas-em-teutonia\/#breadcrumb"},"inLanguage":"pt-BR","potentialAction":[{"@type":"ReadAction","target":["https:\/\/folhapopular.info\/index.php\/2018\/03\/29\/oposicao-espera-providencias-em-relacao-a-operacao-maos-sujas-em-teutonia\/"]}]},{"@type":"ImageObject","inLanguage":"pt-BR","@id":"https:\/\/folhapopular.info\/index.php\/2018\/03\/29\/oposicao-espera-providencias-em-relacao-a-operacao-maos-sujas-em-teutonia\/#primaryimage","url":"https:\/\/folhapopular.info\/wp-content\/uploads\/2017\/06\/Not\u00edcias_SITE-1-e1543404686907.jpg","contentUrl":"https:\/\/folhapopular.info\/wp-content\/uploads\/2017\/06\/Not\u00edcias_SITE-1-e1543404686907.jpg","width":800,"height":514,"caption":"Cadastro reserva ser\u00e1 para cinco \u00e1reas de atua\u00e7\u00e3o nas salas de aula"},{"@type":"BreadcrumbList","@id":"https:\/\/folhapopular.info\/index.php\/2018\/03\/29\/oposicao-espera-providencias-em-relacao-a-operacao-maos-sujas-em-teutonia\/#breadcrumb","itemListElement":[{"@type":"ListItem","position":1,"name":"In\u00edcio","item":"https:\/\/folhapopular.info\/"},{"@type":"ListItem","position":2,"name":"Oposi\u00e7\u00e3o espera provid\u00eancias em rela\u00e7\u00e3o \u00e0 Opera\u00e7\u00e3o \u201cM\u00e3os sujas\u201d em Teut\u00f4nia"}]},{"@type":"WebSite","@id":"https:\/\/folhapopular.info\/#website","url":"https:\/\/folhapopular.info\/","name":"Folha Popular","description":"Onde voc\u00ea tem vez e voz","potentialAction":[{"@type":"SearchAction","target":{"@type":"EntryPoint","urlTemplate":"https:\/\/folhapopular.info\/?s={search_term_string}"},"query-input":{"@type":"PropertyValueSpecification","valueRequired":true,"valueName":"search_term_string"}}],"inLanguage":"pt-BR"},{"@type":"Person","@id":"https:\/\/folhapopular.info\/#\/schema\/person\/2814e8a0df7643585a9ca38bc6eb9d4b","name":"Reda\u00e7\u00e3o Folha Popular","image":{"@type":"ImageObject","inLanguage":"pt-BR","@id":"https:\/\/folhapopular.info\/wp-content\/uploads\/2026\/04\/Folha-1.webp","url":"https:\/\/folhapopular.info\/wp-content\/uploads\/2026\/04\/Folha-1.webp","contentUrl":"https:\/\/folhapopular.info\/wp-content\/uploads\/2026\/04\/Folha-1.webp","caption":"Reda\u00e7\u00e3o Folha Popular"},"url":"https:\/\/folhapopular.info\/index.php\/author\/redacao\/"}]}},"jetpack_featured_media_url":"https:\/\/folhapopular.info\/wp-content\/uploads\/2017\/06\/Not\u00edcias_SITE-1-e1543404686907.jpg","jetpack_sharing_enabled":true,"amp_enabled":true,"_links":{"self":[{"href":"https:\/\/folhapopular.info\/index.php\/wp-json\/wp\/v2\/posts\/42052","targetHints":{"allow":["GET"]}}],"collection":[{"href":"https:\/\/folhapopular.info\/index.php\/wp-json\/wp\/v2\/posts"}],"about":[{"href":"https:\/\/folhapopular.info\/index.php\/wp-json\/wp\/v2\/types\/post"}],"author":[{"embeddable":true,"href":"https:\/\/folhapopular.info\/index.php\/wp-json\/wp\/v2\/users\/8"}],"replies":[{"embeddable":true,"href":"https:\/\/folhapopular.info\/index.php\/wp-json\/wp\/v2\/comments?post=42052"}],"version-history":[{"count":0,"href":"https:\/\/folhapopular.info\/index.php\/wp-json\/wp\/v2\/posts\/42052\/revisions"}],"wp:featuredmedia":[{"embeddable":true,"href":"https:\/\/folhapopular.info\/index.php\/wp-json\/wp\/v2\/media\/31867"}],"wp:attachment":[{"href":"https:\/\/folhapopular.info\/index.php\/wp-json\/wp\/v2\/media?parent=42052"}],"wp:term":[{"taxonomy":"category","embeddable":true,"href":"https:\/\/folhapopular.info\/index.php\/wp-json\/wp\/v2\/categories?post=42052"},{"taxonomy":"post_tag","embeddable":true,"href":"https:\/\/folhapopular.info\/index.php\/wp-json\/wp\/v2\/tags?post=42052"}],"curies":[{"name":"wp","href":"https:\/\/api.w.org\/{rel}","templated":true}]}}