{"id":43079,"date":"2018-04-25T16:00:43","date_gmt":"2018-04-25T19:00:43","guid":{"rendered":"http:\/\/folhapopular.info\/?p=43079"},"modified":"2018-04-25T15:24:43","modified_gmt":"2018-04-25T18:24:43","slug":"arte-na-universidade-incentiva-a-sensibilizacao","status":"publish","type":"post","link":"https:\/\/folhapopular.info\/index.php\/2018\/04\/25\/arte-na-universidade-incentiva-a-sensibilizacao\/","title":{"rendered":"Arte na Universidade incentiva a sensibiliza\u00e7\u00e3o"},"content":{"rendered":"<p>A cultura e a arte ocuparam a Universidade desde cedo nesta quarta-feira, dia 25. Com oficinas de cria\u00e7\u00e3o tridimensional, fotolivros, grafite, colagens, dan\u00e7a e teatro, a segunda edi\u00e7\u00e3o do Arte na Universidade envolveu a Univates com criatividade e singularidades.<\/p>\n<p>Pela manh\u00e3, dez atividades foram realizadas. Entre elas, uma oficina de cria\u00e7\u00e3o tridimensional, ministrada por integrantes do projeto de extens\u00e3o Interarte, que envolveu a turma da 6\u00aa s\u00e9rie da Escola Municipal de Ensino Fundamental Porto Novo, de Lajeado. Leonardo Mendes, de 11 anos, participou da atividade pela primeira vez. \u201cO mais pr\u00f3ximo disso que fizemos em aula foram maquetes, \u00e9 muito legal fazer algo novo\u201d, afirma. Ele e seus colegas Gabriel Jos\u00e9, Vicente e Matheus modelaram um gato. A escolha foi resposta ao desafio proposto na atividade, que questionava qual animal melhor governaria o Pa\u00eds.<\/p>\n<p>Para a professora de L\u00edngua Portuguesa da turma, Margarete Conrad, a oficina envolveu n\u00e3o s\u00f3 a quest\u00e3o cultural, mas o trabalho em grupo. \u201cCom o questionamento, os alunos tiveram que entrar em consenso, ouvir o outro e pensar em conjunto em um motivo para escolher aquele animal\u201d, explica.<\/p>\n<p>J\u00e1 no estacionamento do Pr\u00e9dio 12, o muro ganhou um pouco mais de cor com a oficina de grafite. A atividade contou com uma parte te\u00f3rica e um teste em papel antes de partir para a parede. \u201cEu educo pela arte, o visual fala muito\u201d, salienta o ministrante Samuel Hergesell. Professor de Artes h\u00e1 15 anos e trabalhando com grafite h\u00e1 12, Hergesell conta que o grafite \u00e9 uma arte moderna e possui um importante papel social de express\u00e3o.<\/p>\n<figure id=\"attachment_43081\" aria-describedby=\"caption-attachment-43081\" style=\"width: 300px\" class=\"wp-caption alignleft\"><img loading=\"lazy\" decoding=\"async\" class=\"size-medium wp-image-43081\" src=\"https:\/\/folhapopular.info\/wp-content\/uploads\/2018\/04\/bordando_memorias-300x200.jpg\" alt=\"\" width=\"300\" height=\"200\" \/><figcaption id=\"caption-attachment-43081\" class=\"wp-caption-text\">Cr\u00e9dito da foto: Gabriela Longo\/Divulga\u00e7\u00e3o<\/figcaption><\/figure>\n<p><strong>Ainda d\u00e1 tempo de participar<\/strong><\/p>\n<p>O evento continua nos turnos da tarde e da noite com mais de 40 atividades. \u201cO Arte na Universidade celebra e consolida o prop\u00f3sito de educar para a cultura e para o desenvolvimento de um olhar est\u00e9tico, sens\u00edvel e perspectivista voltado ao mundo contempor\u00e2neo\u201d, explica a organizadora do Arte na Universidade, K\u00e1ri Forneck.<\/p>\n<p>Al\u00e9m de oficinas, o Arte na Universidade recebe no Teatro Univates o recital de alunos da Escola de M\u00fasica Jos\u00e9lia Jantsch Ferla, das 19h30min \u00e0s 20h45min, e o espet\u00e1culo \u201cA hist\u00f3ria de n\u00f3s dois\u201d, do Grupo de Teatro da Univates, das 21h \u00e0s 22h30min. Mais informa\u00e7\u00f5es podem ser conferidas no site www.univates.br\/evento\/arte- na-universidade.<\/p>\n","protected":false},"excerpt":{"rendered":"<p>A cultura e a arte ocuparam a Universidade desde cedo nesta quarta-feira, dia 25. Com oficinas de cria\u00e7\u00e3o tridimensional, fotolivros, grafite, colagens, dan\u00e7a e teatro, a segunda edi\u00e7\u00e3o do Arte na Universidade envolveu a Univates com criatividade e singularidades. Pela manh\u00e3, dez atividades foram realizadas. Entre elas, uma oficina de cria\u00e7\u00e3o tridimensional, ministrada por integrantes [&hellip;]<\/p>\n","protected":false},"author":8,"featured_media":43080,"comment_status":"open","ping_status":"open","sticky":false,"template":"","format":"standard","meta":{"pmpro_default_level":"","_jetpack_memberships_contains_paid_content":false,"footnotes":""},"categories":[2,6],"tags":[2486,27,83],"class_list":{"0":"post-43079","1":"post","2":"type-post","3":"status-publish","4":"format-standard","5":"has-post-thumbnail","7":"category-featured","8":"category-inclusive","9":"tag-arte-na-universidade","10":"tag-lajeado","11":"tag-univates","12":"pmpro-has-access"},"yoast_head":"<!-- This site is optimized with the Yoast SEO plugin v27.5 - https:\/\/yoast.com\/product\/yoast-seo-wordpress\/ -->\n<title>Arte na Universidade incentiva a sensibiliza\u00e7\u00e3o - Folha Popular<\/title>\n<meta name=\"robots\" content=\"index, follow, max-snippet:-1, max-image-preview:large, max-video-preview:-1\" \/>\n<link rel=\"canonical\" href=\"https:\/\/folhapopular.info\/index.php\/2018\/04\/25\/arte-na-universidade-incentiva-a-sensibilizacao\/\" \/>\n<meta property=\"og:locale\" content=\"pt_BR\" \/>\n<meta property=\"og:type\" content=\"article\" \/>\n<meta property=\"og:title\" content=\"Arte na Universidade incentiva a sensibiliza\u00e7\u00e3o - Folha Popular\" \/>\n<meta property=\"og:description\" content=\"A cultura e a arte ocuparam a Universidade desde cedo nesta quarta-feira, dia 25. Com oficinas de cria\u00e7\u00e3o tridimensional, fotolivros, grafite, colagens, dan\u00e7a e teatro, a segunda edi\u00e7\u00e3o do Arte na Universidade envolveu a Univates com criatividade e singularidades. Pela manh\u00e3, dez atividades foram realizadas. Entre elas, uma oficina de cria\u00e7\u00e3o tridimensional, ministrada por integrantes [&hellip;]\" \/>\n<meta property=\"og:url\" content=\"https:\/\/folhapopular.info\/index.php\/2018\/04\/25\/arte-na-universidade-incentiva-a-sensibilizacao\/\" \/>\n<meta property=\"og:site_name\" content=\"Folha Popular\" \/>\n<meta property=\"article:published_time\" content=\"2018-04-25T19:00:43+00:00\" \/>\n<meta property=\"og:image\" content=\"https:\/\/folhapopular.info\/wp-content\/uploads\/2018\/04\/arrebanhando-e1524680652189.jpg\" \/>\n\t<meta property=\"og:image:width\" content=\"1000\" \/>\n\t<meta property=\"og:image:height\" content=\"667\" \/>\n\t<meta property=\"og:image:type\" content=\"image\/jpeg\" \/>\n<meta name=\"author\" content=\"Reda\u00e7\u00e3o Folha Popular\" \/>\n<meta name=\"twitter:card\" content=\"summary_large_image\" \/>\n<meta name=\"twitter:label1\" content=\"Escrito por\" \/>\n\t<meta name=\"twitter:data1\" content=\"Reda\u00e7\u00e3o Folha Popular\" \/>\n\t<meta name=\"twitter:label2\" content=\"Est. tempo de leitura\" \/>\n\t<meta name=\"twitter:data2\" content=\"2 minutos\" \/>\n<script type=\"application\/ld+json\" class=\"yoast-schema-graph\">{\"@context\":\"https:\\\/\\\/schema.org\",\"@graph\":[{\"@type\":\"Article\",\"@id\":\"https:\\\/\\\/folhapopular.info\\\/index.php\\\/2018\\\/04\\\/25\\\/arte-na-universidade-incentiva-a-sensibilizacao\\\/#article\",\"isPartOf\":{\"@id\":\"https:\\\/\\\/folhapopular.info\\\/index.php\\\/2018\\\/04\\\/25\\\/arte-na-universidade-incentiva-a-sensibilizacao\\\/\"},\"author\":{\"name\":\"Reda\u00e7\u00e3o Folha Popular\",\"@id\":\"https:\\\/\\\/folhapopular.info\\\/#\\\/schema\\\/person\\\/2814e8a0df7643585a9ca38bc6eb9d4b\"},\"headline\":\"Arte na Universidade incentiva a sensibiliza\u00e7\u00e3o\",\"datePublished\":\"2018-04-25T19:00:43+00:00\",\"mainEntityOfPage\":{\"@id\":\"https:\\\/\\\/folhapopular.info\\\/index.php\\\/2018\\\/04\\\/25\\\/arte-na-universidade-incentiva-a-sensibilizacao\\\/\"},\"wordCount\":418,\"commentCount\":0,\"image\":{\"@id\":\"https:\\\/\\\/folhapopular.info\\\/index.php\\\/2018\\\/04\\\/25\\\/arte-na-universidade-incentiva-a-sensibilizacao\\\/#primaryimage\"},\"thumbnailUrl\":\"https:\\\/\\\/folhapopular.info\\\/wp-content\\\/uploads\\\/2018\\\/04\\\/arrebanhando-e1524680652189.jpg\",\"keywords\":[\"Arte na Universidade\",\"Lajeado\",\"Univates\"],\"articleSection\":[\"Destaques\",\"Inclusive\"],\"inLanguage\":\"pt-BR\",\"potentialAction\":[{\"@type\":\"CommentAction\",\"name\":\"Comment\",\"target\":[\"https:\\\/\\\/folhapopular.info\\\/index.php\\\/2018\\\/04\\\/25\\\/arte-na-universidade-incentiva-a-sensibilizacao\\\/#respond\"]}]},{\"@type\":\"WebPage\",\"@id\":\"https:\\\/\\\/folhapopular.info\\\/index.php\\\/2018\\\/04\\\/25\\\/arte-na-universidade-incentiva-a-sensibilizacao\\\/\",\"url\":\"https:\\\/\\\/folhapopular.info\\\/index.php\\\/2018\\\/04\\\/25\\\/arte-na-universidade-incentiva-a-sensibilizacao\\\/\",\"name\":\"Arte na Universidade incentiva a sensibiliza\u00e7\u00e3o - Folha Popular\",\"isPartOf\":{\"@id\":\"https:\\\/\\\/folhapopular.info\\\/#website\"},\"primaryImageOfPage\":{\"@id\":\"https:\\\/\\\/folhapopular.info\\\/index.php\\\/2018\\\/04\\\/25\\\/arte-na-universidade-incentiva-a-sensibilizacao\\\/#primaryimage\"},\"image\":{\"@id\":\"https:\\\/\\\/folhapopular.info\\\/index.php\\\/2018\\\/04\\\/25\\\/arte-na-universidade-incentiva-a-sensibilizacao\\\/#primaryimage\"},\"thumbnailUrl\":\"https:\\\/\\\/folhapopular.info\\\/wp-content\\\/uploads\\\/2018\\\/04\\\/arrebanhando-e1524680652189.jpg\",\"datePublished\":\"2018-04-25T19:00:43+00:00\",\"author\":{\"@id\":\"https:\\\/\\\/folhapopular.info\\\/#\\\/schema\\\/person\\\/2814e8a0df7643585a9ca38bc6eb9d4b\"},\"breadcrumb\":{\"@id\":\"https:\\\/\\\/folhapopular.info\\\/index.php\\\/2018\\\/04\\\/25\\\/arte-na-universidade-incentiva-a-sensibilizacao\\\/#breadcrumb\"},\"inLanguage\":\"pt-BR\",\"potentialAction\":[{\"@type\":\"ReadAction\",\"target\":[\"https:\\\/\\\/folhapopular.info\\\/index.php\\\/2018\\\/04\\\/25\\\/arte-na-universidade-incentiva-a-sensibilizacao\\\/\"]}]},{\"@type\":\"ImageObject\",\"inLanguage\":\"pt-BR\",\"@id\":\"https:\\\/\\\/folhapopular.info\\\/index.php\\\/2018\\\/04\\\/25\\\/arte-na-universidade-incentiva-a-sensibilizacao\\\/#primaryimage\",\"url\":\"https:\\\/\\\/folhapopular.info\\\/wp-content\\\/uploads\\\/2018\\\/04\\\/arrebanhando-e1524680652189.jpg\",\"contentUrl\":\"https:\\\/\\\/folhapopular.info\\\/wp-content\\\/uploads\\\/2018\\\/04\\\/arrebanhando-e1524680652189.jpg\",\"width\":1000,\"height\":667,\"caption\":\"Cr\u00e9dito da foto: Gabriela Longo\\\/Divulga\u00e7\u00e3o\"},{\"@type\":\"BreadcrumbList\",\"@id\":\"https:\\\/\\\/folhapopular.info\\\/index.php\\\/2018\\\/04\\\/25\\\/arte-na-universidade-incentiva-a-sensibilizacao\\\/#breadcrumb\",\"itemListElement\":[{\"@type\":\"ListItem\",\"position\":1,\"name\":\"In\u00edcio\",\"item\":\"https:\\\/\\\/folhapopular.info\\\/\"},{\"@type\":\"ListItem\",\"position\":2,\"name\":\"Arte na Universidade incentiva a sensibiliza\u00e7\u00e3o\"}]},{\"@type\":\"WebSite\",\"@id\":\"https:\\\/\\\/folhapopular.info\\\/#website\",\"url\":\"https:\\\/\\\/folhapopular.info\\\/\",\"name\":\"Folha Popular\",\"description\":\"Onde voc\u00ea tem vez e voz\",\"potentialAction\":[{\"@type\":\"SearchAction\",\"target\":{\"@type\":\"EntryPoint\",\"urlTemplate\":\"https:\\\/\\\/folhapopular.info\\\/?s={search_term_string}\"},\"query-input\":{\"@type\":\"PropertyValueSpecification\",\"valueRequired\":true,\"valueName\":\"search_term_string\"}}],\"inLanguage\":\"pt-BR\"},{\"@type\":\"Person\",\"@id\":\"https:\\\/\\\/folhapopular.info\\\/#\\\/schema\\\/person\\\/2814e8a0df7643585a9ca38bc6eb9d4b\",\"name\":\"Reda\u00e7\u00e3o Folha Popular\",\"image\":{\"@type\":\"ImageObject\",\"inLanguage\":\"pt-BR\",\"@id\":\"https:\\\/\\\/folhapopular.info\\\/wp-content\\\/uploads\\\/2026\\\/04\\\/Folha-1.webp\",\"url\":\"https:\\\/\\\/folhapopular.info\\\/wp-content\\\/uploads\\\/2026\\\/04\\\/Folha-1.webp\",\"contentUrl\":\"https:\\\/\\\/folhapopular.info\\\/wp-content\\\/uploads\\\/2026\\\/04\\\/Folha-1.webp\",\"caption\":\"Reda\u00e7\u00e3o Folha Popular\"},\"url\":\"https:\\\/\\\/folhapopular.info\\\/index.php\\\/author\\\/redacao\\\/\"}]}<\/script>\n<!-- \/ Yoast SEO plugin. -->","yoast_head_json":{"title":"Arte na Universidade incentiva a sensibiliza\u00e7\u00e3o - Folha Popular","robots":{"index":"index","follow":"follow","max-snippet":"max-snippet:-1","max-image-preview":"max-image-preview:large","max-video-preview":"max-video-preview:-1"},"canonical":"https:\/\/folhapopular.info\/index.php\/2018\/04\/25\/arte-na-universidade-incentiva-a-sensibilizacao\/","og_locale":"pt_BR","og_type":"article","og_title":"Arte na Universidade incentiva a sensibiliza\u00e7\u00e3o - Folha Popular","og_description":"A cultura e a arte ocuparam a Universidade desde cedo nesta quarta-feira, dia 25. Com oficinas de cria\u00e7\u00e3o tridimensional, fotolivros, grafite, colagens, dan\u00e7a e teatro, a segunda edi\u00e7\u00e3o do Arte na Universidade envolveu a Univates com criatividade e singularidades. Pela manh\u00e3, dez atividades foram realizadas. Entre elas, uma oficina de cria\u00e7\u00e3o tridimensional, ministrada por integrantes [&hellip;]","og_url":"https:\/\/folhapopular.info\/index.php\/2018\/04\/25\/arte-na-universidade-incentiva-a-sensibilizacao\/","og_site_name":"Folha Popular","article_published_time":"2018-04-25T19:00:43+00:00","og_image":[{"width":1000,"height":667,"url":"https:\/\/folhapopular.info\/wp-content\/uploads\/2018\/04\/arrebanhando-e1524680652189.jpg","type":"image\/jpeg"}],"author":"Reda\u00e7\u00e3o Folha Popular","twitter_card":"summary_large_image","twitter_misc":{"Escrito por":"Reda\u00e7\u00e3o Folha Popular","Est. tempo de leitura":"2 minutos"},"schema":{"@context":"https:\/\/schema.org","@graph":[{"@type":"Article","@id":"https:\/\/folhapopular.info\/index.php\/2018\/04\/25\/arte-na-universidade-incentiva-a-sensibilizacao\/#article","isPartOf":{"@id":"https:\/\/folhapopular.info\/index.php\/2018\/04\/25\/arte-na-universidade-incentiva-a-sensibilizacao\/"},"author":{"name":"Reda\u00e7\u00e3o Folha Popular","@id":"https:\/\/folhapopular.info\/#\/schema\/person\/2814e8a0df7643585a9ca38bc6eb9d4b"},"headline":"Arte na Universidade incentiva a sensibiliza\u00e7\u00e3o","datePublished":"2018-04-25T19:00:43+00:00","mainEntityOfPage":{"@id":"https:\/\/folhapopular.info\/index.php\/2018\/04\/25\/arte-na-universidade-incentiva-a-sensibilizacao\/"},"wordCount":418,"commentCount":0,"image":{"@id":"https:\/\/folhapopular.info\/index.php\/2018\/04\/25\/arte-na-universidade-incentiva-a-sensibilizacao\/#primaryimage"},"thumbnailUrl":"https:\/\/folhapopular.info\/wp-content\/uploads\/2018\/04\/arrebanhando-e1524680652189.jpg","keywords":["Arte na Universidade","Lajeado","Univates"],"articleSection":["Destaques","Inclusive"],"inLanguage":"pt-BR","potentialAction":[{"@type":"CommentAction","name":"Comment","target":["https:\/\/folhapopular.info\/index.php\/2018\/04\/25\/arte-na-universidade-incentiva-a-sensibilizacao\/#respond"]}]},{"@type":"WebPage","@id":"https:\/\/folhapopular.info\/index.php\/2018\/04\/25\/arte-na-universidade-incentiva-a-sensibilizacao\/","url":"https:\/\/folhapopular.info\/index.php\/2018\/04\/25\/arte-na-universidade-incentiva-a-sensibilizacao\/","name":"Arte na Universidade incentiva a sensibiliza\u00e7\u00e3o - Folha Popular","isPartOf":{"@id":"https:\/\/folhapopular.info\/#website"},"primaryImageOfPage":{"@id":"https:\/\/folhapopular.info\/index.php\/2018\/04\/25\/arte-na-universidade-incentiva-a-sensibilizacao\/#primaryimage"},"image":{"@id":"https:\/\/folhapopular.info\/index.php\/2018\/04\/25\/arte-na-universidade-incentiva-a-sensibilizacao\/#primaryimage"},"thumbnailUrl":"https:\/\/folhapopular.info\/wp-content\/uploads\/2018\/04\/arrebanhando-e1524680652189.jpg","datePublished":"2018-04-25T19:00:43+00:00","author":{"@id":"https:\/\/folhapopular.info\/#\/schema\/person\/2814e8a0df7643585a9ca38bc6eb9d4b"},"breadcrumb":{"@id":"https:\/\/folhapopular.info\/index.php\/2018\/04\/25\/arte-na-universidade-incentiva-a-sensibilizacao\/#breadcrumb"},"inLanguage":"pt-BR","potentialAction":[{"@type":"ReadAction","target":["https:\/\/folhapopular.info\/index.php\/2018\/04\/25\/arte-na-universidade-incentiva-a-sensibilizacao\/"]}]},{"@type":"ImageObject","inLanguage":"pt-BR","@id":"https:\/\/folhapopular.info\/index.php\/2018\/04\/25\/arte-na-universidade-incentiva-a-sensibilizacao\/#primaryimage","url":"https:\/\/folhapopular.info\/wp-content\/uploads\/2018\/04\/arrebanhando-e1524680652189.jpg","contentUrl":"https:\/\/folhapopular.info\/wp-content\/uploads\/2018\/04\/arrebanhando-e1524680652189.jpg","width":1000,"height":667,"caption":"Cr\u00e9dito da foto: Gabriela Longo\/Divulga\u00e7\u00e3o"},{"@type":"BreadcrumbList","@id":"https:\/\/folhapopular.info\/index.php\/2018\/04\/25\/arte-na-universidade-incentiva-a-sensibilizacao\/#breadcrumb","itemListElement":[{"@type":"ListItem","position":1,"name":"In\u00edcio","item":"https:\/\/folhapopular.info\/"},{"@type":"ListItem","position":2,"name":"Arte na Universidade incentiva a sensibiliza\u00e7\u00e3o"}]},{"@type":"WebSite","@id":"https:\/\/folhapopular.info\/#website","url":"https:\/\/folhapopular.info\/","name":"Folha Popular","description":"Onde voc\u00ea tem vez e voz","potentialAction":[{"@type":"SearchAction","target":{"@type":"EntryPoint","urlTemplate":"https:\/\/folhapopular.info\/?s={search_term_string}"},"query-input":{"@type":"PropertyValueSpecification","valueRequired":true,"valueName":"search_term_string"}}],"inLanguage":"pt-BR"},{"@type":"Person","@id":"https:\/\/folhapopular.info\/#\/schema\/person\/2814e8a0df7643585a9ca38bc6eb9d4b","name":"Reda\u00e7\u00e3o Folha Popular","image":{"@type":"ImageObject","inLanguage":"pt-BR","@id":"https:\/\/folhapopular.info\/wp-content\/uploads\/2026\/04\/Folha-1.webp","url":"https:\/\/folhapopular.info\/wp-content\/uploads\/2026\/04\/Folha-1.webp","contentUrl":"https:\/\/folhapopular.info\/wp-content\/uploads\/2026\/04\/Folha-1.webp","caption":"Reda\u00e7\u00e3o Folha Popular"},"url":"https:\/\/folhapopular.info\/index.php\/author\/redacao\/"}]}},"jetpack_featured_media_url":"https:\/\/folhapopular.info\/wp-content\/uploads\/2018\/04\/arrebanhando-e1524680652189.jpg","jetpack_sharing_enabled":true,"amp_enabled":true,"_links":{"self":[{"href":"https:\/\/folhapopular.info\/index.php\/wp-json\/wp\/v2\/posts\/43079","targetHints":{"allow":["GET"]}}],"collection":[{"href":"https:\/\/folhapopular.info\/index.php\/wp-json\/wp\/v2\/posts"}],"about":[{"href":"https:\/\/folhapopular.info\/index.php\/wp-json\/wp\/v2\/types\/post"}],"author":[{"embeddable":true,"href":"https:\/\/folhapopular.info\/index.php\/wp-json\/wp\/v2\/users\/8"}],"replies":[{"embeddable":true,"href":"https:\/\/folhapopular.info\/index.php\/wp-json\/wp\/v2\/comments?post=43079"}],"version-history":[{"count":0,"href":"https:\/\/folhapopular.info\/index.php\/wp-json\/wp\/v2\/posts\/43079\/revisions"}],"wp:featuredmedia":[{"embeddable":true,"href":"https:\/\/folhapopular.info\/index.php\/wp-json\/wp\/v2\/media\/43080"}],"wp:attachment":[{"href":"https:\/\/folhapopular.info\/index.php\/wp-json\/wp\/v2\/media?parent=43079"}],"wp:term":[{"taxonomy":"category","embeddable":true,"href":"https:\/\/folhapopular.info\/index.php\/wp-json\/wp\/v2\/categories?post=43079"},{"taxonomy":"post_tag","embeddable":true,"href":"https:\/\/folhapopular.info\/index.php\/wp-json\/wp\/v2\/tags?post=43079"}],"curies":[{"name":"wp","href":"https:\/\/api.w.org\/{rel}","templated":true}]}}