{"id":43183,"date":"2018-04-27T12:00:14","date_gmt":"2018-04-27T15:00:14","guid":{"rendered":"http:\/\/folhapopular.info\/?p=43183"},"modified":"2018-04-27T11:02:20","modified_gmt":"2018-04-27T14:02:20","slug":"tenda-da-cidadania-aproxima-assistencia-social-da-comunidade","status":"publish","type":"post","link":"https:\/\/folhapopular.info\/index.php\/2018\/04\/27\/tenda-da-cidadania-aproxima-assistencia-social-da-comunidade\/","title":{"rendered":"Tenda da Cidadania aproxima Assist\u00eancia Social da comunidade"},"content":{"rendered":"<p>Com o objetivo de aproximar os servi\u00e7os da Secretaria de Assist\u00eancia Social e do Centro de Refer\u00eancia de Assist\u00eancia Social (CRAS) da comunidade teutoniense, ocorreu nesta semana a Tenda da Cidadania. A iniciativa foi realizada no Loteamento Morada do Sol, no Bairro Canabarro, e oportunizou aos mun\u00edcipes da localidade e arredores a atualiza\u00e7\u00e3o do Cadastro \u00danico, visando, assim, que os benefici\u00e1rios de programas sociais possam continuar usufruindo os mesmos, bem como receber atendimentos da Assist\u00eancia Social. A a\u00e7\u00e3o ocorreu na ter\u00e7a-feira, dia 24, e nesta quinta-feira, dia 26.<\/p>\n<p>A tenda foi montada na Rua M\u00e1rio Schaeffer, em frente \u00e0 resid\u00eancia de S\u00f4nia da Rosa Leon Brummelhaus, presidente da Associa\u00e7\u00e3o de Moradores do Loteamento Morada do Sol. Ela fez quest\u00e3o de ceder a internet e o espa\u00e7o defronte \u00e0 sua resid\u00eancia \u00e0 equipe do CRAS. \u201c\u00c9 muito bom quando a Assist\u00eancia Social vem para mais perto de n\u00f3s. Nem sempre temos condi\u00e7\u00f5es de ir at\u00e9 o CRAS, seja por falta tempo, seja por quest\u00f5es de mobilidade. Agora, perto de casa, facilitou muito para os moradores atualizem o seu cadastro\u201d, colocou.<\/p>\n<p>Sueli dos Santos tamb\u00e9m aproveitou a oportunidade para atualizar os seus dados junto ao CRAS. \u201cAchei muito boa a iniciativa do CRAS de vir at\u00e9 n\u00f3s. Agora n\u00e3o tem desculpa para atualizarmos o nosso Cadastro \u00danico, porque \u00e9 praticamente do lado de casa. Foi uma oportunidade de, tamb\u00e9m, conhecer a equipe do CRAS. Toda a comunidade saiu ganhando com esta iniciativa\u201d, frisou.<\/p>\n<p>Segundo a coordenadora do CRAS, Cl\u00e1udia Cristina R\u00f6hrig, com a Tenda da Cidadania se oportuniza que todos os benefici\u00e1rios de programas sociais tenham a oportunidade de atualizar seus dados no Cadastro \u00danico, tendo em vista o hor\u00e1rio diferenciado e a proximidade com a comunidade. \u201cNem todos tem disponibilidade de locomo\u00e7\u00e3o ou de hor\u00e1rios para vir at\u00e9 n\u00f3s. Com a Tenda da Cidadania, n\u00f3s vamos at\u00e9 o territ\u00f3rio familiar. E, muito mais que uma oportunidade para atualizar o seu cadastro, a comunidade pode conhecer melhor as in\u00fameras a\u00e7\u00f5es que desenvolvemos em prol dela\u201d, ressaltou.<\/p>\n<p>A primeira-dama e secret\u00e1ria de Assist\u00eancia Social, Jaqueline Musskopf, tamb\u00e9m observou a import\u00e2ncia da Tenda da Cidadania. \u201cA Assist\u00eancia Social precisa estar mais perto da comunidade, de olhar com carinho para cada cidad\u00e3o. A Tenda da Cidadania oportuniza este processo, pois aproximamos o nosso servi\u00e7o a aqueles que t\u00eam dificuldades de chegar at\u00e9 n\u00f3s. Com isto, tamb\u00e9m acompanhamos de perto os anseios da popula\u00e7\u00e3o\u201d, exp\u00f4s.<\/p>\n<p>A a\u00e7\u00e3o foi acompanhada pelo prefeito, Jonatan Br\u00f6nstrup, que enalteceu a iniciativa e parabenizou toda a equipe da Assist\u00eancia social por oportunizar esta proximidade com a comunidade. \u201cNossa proposta de governo \u00e9 cuidar das pessoas. Ent\u00e3o, quando levamos a Assist\u00eancia Social e seus servi\u00e7os para mais perto da comunidade, outorgamos a nossa proposta\u201d, sublinhou.<\/p>\n<p>Outras localidades tamb\u00e9m devem receber a Tenda da Cidadania em breve. Calend\u00e1rio ainda est\u00e1 sendo definido.<\/p>\n","protected":false},"excerpt":{"rendered":"<p>Com o objetivo de aproximar os servi\u00e7os da Secretaria de Assist\u00eancia Social e do Centro de Refer\u00eancia de Assist\u00eancia Social (CRAS) da comunidade teutoniense, ocorreu nesta semana a Tenda da Cidadania. A iniciativa foi realizada no Loteamento Morada do Sol, no Bairro Canabarro, e oportunizou aos mun\u00edcipes da localidade e arredores a atualiza\u00e7\u00e3o do Cadastro [&hellip;]<\/p>\n","protected":false},"author":8,"featured_media":43184,"comment_status":"open","ping_status":"open","sticky":false,"template":"","format":"standard","meta":{"pmpro_default_level":"","_jetpack_memberships_contains_paid_content":false,"footnotes":""},"categories":[3],"tags":[35,2645,2590,26],"class_list":{"0":"post-43183","1":"post","2":"type-post","3":"status-publish","4":"format-standard","5":"has-post-thumbnail","7":"category-geral","8":"tag-assistencia-social","9":"tag-morada-do-sol","10":"tag-tenda-da-cidadania","11":"tag-teutonia","12":"pmpro-has-access"},"yoast_head":"<!-- This site is optimized with the Yoast SEO plugin v27.5 - https:\/\/yoast.com\/product\/yoast-seo-wordpress\/ -->\n<title>Tenda da Cidadania aproxima Assist\u00eancia Social da comunidade - Folha Popular<\/title>\n<meta name=\"robots\" content=\"index, follow, max-snippet:-1, max-image-preview:large, max-video-preview:-1\" \/>\n<link rel=\"canonical\" href=\"https:\/\/folhapopular.info\/index.php\/2018\/04\/27\/tenda-da-cidadania-aproxima-assistencia-social-da-comunidade\/\" \/>\n<meta property=\"og:locale\" content=\"pt_BR\" \/>\n<meta property=\"og:type\" content=\"article\" \/>\n<meta property=\"og:title\" content=\"Tenda da Cidadania aproxima Assist\u00eancia Social da comunidade - Folha Popular\" \/>\n<meta property=\"og:description\" content=\"Com o objetivo de aproximar os servi\u00e7os da Secretaria de Assist\u00eancia Social e do Centro de Refer\u00eancia de Assist\u00eancia Social (CRAS) da comunidade teutoniense, ocorreu nesta semana a Tenda da Cidadania. A iniciativa foi realizada no Loteamento Morada do Sol, no Bairro Canabarro, e oportunizou aos mun\u00edcipes da localidade e arredores a atualiza\u00e7\u00e3o do Cadastro [&hellip;]\" \/>\n<meta property=\"og:url\" content=\"https:\/\/folhapopular.info\/index.php\/2018\/04\/27\/tenda-da-cidadania-aproxima-assistencia-social-da-comunidade\/\" \/>\n<meta property=\"og:site_name\" content=\"Folha Popular\" \/>\n<meta property=\"article:published_time\" content=\"2018-04-27T15:00:14+00:00\" \/>\n<meta property=\"og:image\" content=\"https:\/\/folhapopular.info\/wp-content\/uploads\/2018\/04\/Estrutura-foi-montada-em-frente-\u00e0-resid\u00eancia-de-S\u00f4nia-Brummelhaus-e1524837716480.jpg\" \/>\n\t<meta property=\"og:image:width\" content=\"1000\" \/>\n\t<meta property=\"og:image:height\" content=\"750\" \/>\n\t<meta property=\"og:image:type\" content=\"image\/jpeg\" \/>\n<meta name=\"author\" content=\"Reda\u00e7\u00e3o Folha Popular\" \/>\n<meta name=\"twitter:card\" content=\"summary_large_image\" \/>\n<meta name=\"twitter:label1\" content=\"Escrito por\" \/>\n\t<meta name=\"twitter:data1\" content=\"Reda\u00e7\u00e3o Folha Popular\" \/>\n\t<meta name=\"twitter:label2\" content=\"Est. tempo de leitura\" \/>\n\t<meta name=\"twitter:data2\" content=\"3 minutos\" \/>\n<script type=\"application\/ld+json\" class=\"yoast-schema-graph\">{\"@context\":\"https:\\\/\\\/schema.org\",\"@graph\":[{\"@type\":\"Article\",\"@id\":\"https:\\\/\\\/folhapopular.info\\\/index.php\\\/2018\\\/04\\\/27\\\/tenda-da-cidadania-aproxima-assistencia-social-da-comunidade\\\/#article\",\"isPartOf\":{\"@id\":\"https:\\\/\\\/folhapopular.info\\\/index.php\\\/2018\\\/04\\\/27\\\/tenda-da-cidadania-aproxima-assistencia-social-da-comunidade\\\/\"},\"author\":{\"name\":\"Reda\u00e7\u00e3o Folha Popular\",\"@id\":\"https:\\\/\\\/folhapopular.info\\\/#\\\/schema\\\/person\\\/2814e8a0df7643585a9ca38bc6eb9d4b\"},\"headline\":\"Tenda da Cidadania aproxima Assist\u00eancia Social da comunidade\",\"datePublished\":\"2018-04-27T15:00:14+00:00\",\"mainEntityOfPage\":{\"@id\":\"https:\\\/\\\/folhapopular.info\\\/index.php\\\/2018\\\/04\\\/27\\\/tenda-da-cidadania-aproxima-assistencia-social-da-comunidade\\\/\"},\"wordCount\":526,\"commentCount\":0,\"image\":{\"@id\":\"https:\\\/\\\/folhapopular.info\\\/index.php\\\/2018\\\/04\\\/27\\\/tenda-da-cidadania-aproxima-assistencia-social-da-comunidade\\\/#primaryimage\"},\"thumbnailUrl\":\"https:\\\/\\\/folhapopular.info\\\/wp-content\\\/uploads\\\/2018\\\/04\\\/Estrutura-foi-montada-em-frente-\u00e0-resid\u00eancia-de-S\u00f4nia-Brummelhaus-e1524837716480.jpg\",\"keywords\":[\"Assist\u00eancia Social\",\"Morada do Sol\",\"Tenda da Cidadania\",\"Teut\u00f4nia\"],\"articleSection\":[\"Geral\"],\"inLanguage\":\"pt-BR\",\"potentialAction\":[{\"@type\":\"CommentAction\",\"name\":\"Comment\",\"target\":[\"https:\\\/\\\/folhapopular.info\\\/index.php\\\/2018\\\/04\\\/27\\\/tenda-da-cidadania-aproxima-assistencia-social-da-comunidade\\\/#respond\"]}]},{\"@type\":\"WebPage\",\"@id\":\"https:\\\/\\\/folhapopular.info\\\/index.php\\\/2018\\\/04\\\/27\\\/tenda-da-cidadania-aproxima-assistencia-social-da-comunidade\\\/\",\"url\":\"https:\\\/\\\/folhapopular.info\\\/index.php\\\/2018\\\/04\\\/27\\\/tenda-da-cidadania-aproxima-assistencia-social-da-comunidade\\\/\",\"name\":\"Tenda da Cidadania aproxima Assist\u00eancia Social da comunidade - Folha Popular\",\"isPartOf\":{\"@id\":\"https:\\\/\\\/folhapopular.info\\\/#website\"},\"primaryImageOfPage\":{\"@id\":\"https:\\\/\\\/folhapopular.info\\\/index.php\\\/2018\\\/04\\\/27\\\/tenda-da-cidadania-aproxima-assistencia-social-da-comunidade\\\/#primaryimage\"},\"image\":{\"@id\":\"https:\\\/\\\/folhapopular.info\\\/index.php\\\/2018\\\/04\\\/27\\\/tenda-da-cidadania-aproxima-assistencia-social-da-comunidade\\\/#primaryimage\"},\"thumbnailUrl\":\"https:\\\/\\\/folhapopular.info\\\/wp-content\\\/uploads\\\/2018\\\/04\\\/Estrutura-foi-montada-em-frente-\u00e0-resid\u00eancia-de-S\u00f4nia-Brummelhaus-e1524837716480.jpg\",\"datePublished\":\"2018-04-27T15:00:14+00:00\",\"author\":{\"@id\":\"https:\\\/\\\/folhapopular.info\\\/#\\\/schema\\\/person\\\/2814e8a0df7643585a9ca38bc6eb9d4b\"},\"breadcrumb\":{\"@id\":\"https:\\\/\\\/folhapopular.info\\\/index.php\\\/2018\\\/04\\\/27\\\/tenda-da-cidadania-aproxima-assistencia-social-da-comunidade\\\/#breadcrumb\"},\"inLanguage\":\"pt-BR\",\"potentialAction\":[{\"@type\":\"ReadAction\",\"target\":[\"https:\\\/\\\/folhapopular.info\\\/index.php\\\/2018\\\/04\\\/27\\\/tenda-da-cidadania-aproxima-assistencia-social-da-comunidade\\\/\"]}]},{\"@type\":\"ImageObject\",\"inLanguage\":\"pt-BR\",\"@id\":\"https:\\\/\\\/folhapopular.info\\\/index.php\\\/2018\\\/04\\\/27\\\/tenda-da-cidadania-aproxima-assistencia-social-da-comunidade\\\/#primaryimage\",\"url\":\"https:\\\/\\\/folhapopular.info\\\/wp-content\\\/uploads\\\/2018\\\/04\\\/Estrutura-foi-montada-em-frente-\u00e0-resid\u00eancia-de-S\u00f4nia-Brummelhaus-e1524837716480.jpg\",\"contentUrl\":\"https:\\\/\\\/folhapopular.info\\\/wp-content\\\/uploads\\\/2018\\\/04\\\/Estrutura-foi-montada-em-frente-\u00e0-resid\u00eancia-de-S\u00f4nia-Brummelhaus-e1524837716480.jpg\",\"width\":1000,\"height\":750,\"caption\":\"Estrutura foi montada em frente \u00e0 resid\u00eancia de S\u00f4nia Brummelhaus\\\/Cr\u00e9dito da foto: Matheus Prates\\\/Divulga\u00e7\u00e3o\"},{\"@type\":\"BreadcrumbList\",\"@id\":\"https:\\\/\\\/folhapopular.info\\\/index.php\\\/2018\\\/04\\\/27\\\/tenda-da-cidadania-aproxima-assistencia-social-da-comunidade\\\/#breadcrumb\",\"itemListElement\":[{\"@type\":\"ListItem\",\"position\":1,\"name\":\"In\u00edcio\",\"item\":\"https:\\\/\\\/folhapopular.info\\\/\"},{\"@type\":\"ListItem\",\"position\":2,\"name\":\"Tenda da Cidadania aproxima Assist\u00eancia Social da comunidade\"}]},{\"@type\":\"WebSite\",\"@id\":\"https:\\\/\\\/folhapopular.info\\\/#website\",\"url\":\"https:\\\/\\\/folhapopular.info\\\/\",\"name\":\"Folha Popular\",\"description\":\"Onde voc\u00ea tem vez e voz\",\"potentialAction\":[{\"@type\":\"SearchAction\",\"target\":{\"@type\":\"EntryPoint\",\"urlTemplate\":\"https:\\\/\\\/folhapopular.info\\\/?s={search_term_string}\"},\"query-input\":{\"@type\":\"PropertyValueSpecification\",\"valueRequired\":true,\"valueName\":\"search_term_string\"}}],\"inLanguage\":\"pt-BR\"},{\"@type\":\"Person\",\"@id\":\"https:\\\/\\\/folhapopular.info\\\/#\\\/schema\\\/person\\\/2814e8a0df7643585a9ca38bc6eb9d4b\",\"name\":\"Reda\u00e7\u00e3o Folha Popular\",\"image\":{\"@type\":\"ImageObject\",\"inLanguage\":\"pt-BR\",\"@id\":\"https:\\\/\\\/folhapopular.info\\\/wp-content\\\/uploads\\\/2026\\\/04\\\/Folha-1.webp\",\"url\":\"https:\\\/\\\/folhapopular.info\\\/wp-content\\\/uploads\\\/2026\\\/04\\\/Folha-1.webp\",\"contentUrl\":\"https:\\\/\\\/folhapopular.info\\\/wp-content\\\/uploads\\\/2026\\\/04\\\/Folha-1.webp\",\"caption\":\"Reda\u00e7\u00e3o Folha Popular\"},\"url\":\"https:\\\/\\\/folhapopular.info\\\/index.php\\\/author\\\/redacao\\\/\"}]}<\/script>\n<!-- \/ Yoast SEO plugin. -->","yoast_head_json":{"title":"Tenda da Cidadania aproxima Assist\u00eancia Social da comunidade - Folha Popular","robots":{"index":"index","follow":"follow","max-snippet":"max-snippet:-1","max-image-preview":"max-image-preview:large","max-video-preview":"max-video-preview:-1"},"canonical":"https:\/\/folhapopular.info\/index.php\/2018\/04\/27\/tenda-da-cidadania-aproxima-assistencia-social-da-comunidade\/","og_locale":"pt_BR","og_type":"article","og_title":"Tenda da Cidadania aproxima Assist\u00eancia Social da comunidade - Folha Popular","og_description":"Com o objetivo de aproximar os servi\u00e7os da Secretaria de Assist\u00eancia Social e do Centro de Refer\u00eancia de Assist\u00eancia Social (CRAS) da comunidade teutoniense, ocorreu nesta semana a Tenda da Cidadania. A iniciativa foi realizada no Loteamento Morada do Sol, no Bairro Canabarro, e oportunizou aos mun\u00edcipes da localidade e arredores a atualiza\u00e7\u00e3o do Cadastro [&hellip;]","og_url":"https:\/\/folhapopular.info\/index.php\/2018\/04\/27\/tenda-da-cidadania-aproxima-assistencia-social-da-comunidade\/","og_site_name":"Folha Popular","article_published_time":"2018-04-27T15:00:14+00:00","og_image":[{"width":1000,"height":750,"url":"https:\/\/folhapopular.info\/wp-content\/uploads\/2018\/04\/Estrutura-foi-montada-em-frente-\u00e0-resid\u00eancia-de-S\u00f4nia-Brummelhaus-e1524837716480.jpg","type":"image\/jpeg"}],"author":"Reda\u00e7\u00e3o Folha Popular","twitter_card":"summary_large_image","twitter_misc":{"Escrito por":"Reda\u00e7\u00e3o Folha Popular","Est. tempo de leitura":"3 minutos"},"schema":{"@context":"https:\/\/schema.org","@graph":[{"@type":"Article","@id":"https:\/\/folhapopular.info\/index.php\/2018\/04\/27\/tenda-da-cidadania-aproxima-assistencia-social-da-comunidade\/#article","isPartOf":{"@id":"https:\/\/folhapopular.info\/index.php\/2018\/04\/27\/tenda-da-cidadania-aproxima-assistencia-social-da-comunidade\/"},"author":{"name":"Reda\u00e7\u00e3o Folha Popular","@id":"https:\/\/folhapopular.info\/#\/schema\/person\/2814e8a0df7643585a9ca38bc6eb9d4b"},"headline":"Tenda da Cidadania aproxima Assist\u00eancia Social da comunidade","datePublished":"2018-04-27T15:00:14+00:00","mainEntityOfPage":{"@id":"https:\/\/folhapopular.info\/index.php\/2018\/04\/27\/tenda-da-cidadania-aproxima-assistencia-social-da-comunidade\/"},"wordCount":526,"commentCount":0,"image":{"@id":"https:\/\/folhapopular.info\/index.php\/2018\/04\/27\/tenda-da-cidadania-aproxima-assistencia-social-da-comunidade\/#primaryimage"},"thumbnailUrl":"https:\/\/folhapopular.info\/wp-content\/uploads\/2018\/04\/Estrutura-foi-montada-em-frente-\u00e0-resid\u00eancia-de-S\u00f4nia-Brummelhaus-e1524837716480.jpg","keywords":["Assist\u00eancia Social","Morada do Sol","Tenda da Cidadania","Teut\u00f4nia"],"articleSection":["Geral"],"inLanguage":"pt-BR","potentialAction":[{"@type":"CommentAction","name":"Comment","target":["https:\/\/folhapopular.info\/index.php\/2018\/04\/27\/tenda-da-cidadania-aproxima-assistencia-social-da-comunidade\/#respond"]}]},{"@type":"WebPage","@id":"https:\/\/folhapopular.info\/index.php\/2018\/04\/27\/tenda-da-cidadania-aproxima-assistencia-social-da-comunidade\/","url":"https:\/\/folhapopular.info\/index.php\/2018\/04\/27\/tenda-da-cidadania-aproxima-assistencia-social-da-comunidade\/","name":"Tenda da Cidadania aproxima Assist\u00eancia Social da comunidade - Folha Popular","isPartOf":{"@id":"https:\/\/folhapopular.info\/#website"},"primaryImageOfPage":{"@id":"https:\/\/folhapopular.info\/index.php\/2018\/04\/27\/tenda-da-cidadania-aproxima-assistencia-social-da-comunidade\/#primaryimage"},"image":{"@id":"https:\/\/folhapopular.info\/index.php\/2018\/04\/27\/tenda-da-cidadania-aproxima-assistencia-social-da-comunidade\/#primaryimage"},"thumbnailUrl":"https:\/\/folhapopular.info\/wp-content\/uploads\/2018\/04\/Estrutura-foi-montada-em-frente-\u00e0-resid\u00eancia-de-S\u00f4nia-Brummelhaus-e1524837716480.jpg","datePublished":"2018-04-27T15:00:14+00:00","author":{"@id":"https:\/\/folhapopular.info\/#\/schema\/person\/2814e8a0df7643585a9ca38bc6eb9d4b"},"breadcrumb":{"@id":"https:\/\/folhapopular.info\/index.php\/2018\/04\/27\/tenda-da-cidadania-aproxima-assistencia-social-da-comunidade\/#breadcrumb"},"inLanguage":"pt-BR","potentialAction":[{"@type":"ReadAction","target":["https:\/\/folhapopular.info\/index.php\/2018\/04\/27\/tenda-da-cidadania-aproxima-assistencia-social-da-comunidade\/"]}]},{"@type":"ImageObject","inLanguage":"pt-BR","@id":"https:\/\/folhapopular.info\/index.php\/2018\/04\/27\/tenda-da-cidadania-aproxima-assistencia-social-da-comunidade\/#primaryimage","url":"https:\/\/folhapopular.info\/wp-content\/uploads\/2018\/04\/Estrutura-foi-montada-em-frente-\u00e0-resid\u00eancia-de-S\u00f4nia-Brummelhaus-e1524837716480.jpg","contentUrl":"https:\/\/folhapopular.info\/wp-content\/uploads\/2018\/04\/Estrutura-foi-montada-em-frente-\u00e0-resid\u00eancia-de-S\u00f4nia-Brummelhaus-e1524837716480.jpg","width":1000,"height":750,"caption":"Estrutura foi montada em frente \u00e0 resid\u00eancia de S\u00f4nia Brummelhaus\/Cr\u00e9dito da foto: Matheus Prates\/Divulga\u00e7\u00e3o"},{"@type":"BreadcrumbList","@id":"https:\/\/folhapopular.info\/index.php\/2018\/04\/27\/tenda-da-cidadania-aproxima-assistencia-social-da-comunidade\/#breadcrumb","itemListElement":[{"@type":"ListItem","position":1,"name":"In\u00edcio","item":"https:\/\/folhapopular.info\/"},{"@type":"ListItem","position":2,"name":"Tenda da Cidadania aproxima Assist\u00eancia Social da comunidade"}]},{"@type":"WebSite","@id":"https:\/\/folhapopular.info\/#website","url":"https:\/\/folhapopular.info\/","name":"Folha Popular","description":"Onde voc\u00ea tem vez e voz","potentialAction":[{"@type":"SearchAction","target":{"@type":"EntryPoint","urlTemplate":"https:\/\/folhapopular.info\/?s={search_term_string}"},"query-input":{"@type":"PropertyValueSpecification","valueRequired":true,"valueName":"search_term_string"}}],"inLanguage":"pt-BR"},{"@type":"Person","@id":"https:\/\/folhapopular.info\/#\/schema\/person\/2814e8a0df7643585a9ca38bc6eb9d4b","name":"Reda\u00e7\u00e3o Folha Popular","image":{"@type":"ImageObject","inLanguage":"pt-BR","@id":"https:\/\/folhapopular.info\/wp-content\/uploads\/2026\/04\/Folha-1.webp","url":"https:\/\/folhapopular.info\/wp-content\/uploads\/2026\/04\/Folha-1.webp","contentUrl":"https:\/\/folhapopular.info\/wp-content\/uploads\/2026\/04\/Folha-1.webp","caption":"Reda\u00e7\u00e3o Folha Popular"},"url":"https:\/\/folhapopular.info\/index.php\/author\/redacao\/"}]}},"jetpack_featured_media_url":"https:\/\/folhapopular.info\/wp-content\/uploads\/2018\/04\/Estrutura-foi-montada-em-frente-\u00e0-resid\u00eancia-de-S\u00f4nia-Brummelhaus-e1524837716480.jpg","jetpack_sharing_enabled":true,"amp_enabled":true,"_links":{"self":[{"href":"https:\/\/folhapopular.info\/index.php\/wp-json\/wp\/v2\/posts\/43183","targetHints":{"allow":["GET"]}}],"collection":[{"href":"https:\/\/folhapopular.info\/index.php\/wp-json\/wp\/v2\/posts"}],"about":[{"href":"https:\/\/folhapopular.info\/index.php\/wp-json\/wp\/v2\/types\/post"}],"author":[{"embeddable":true,"href":"https:\/\/folhapopular.info\/index.php\/wp-json\/wp\/v2\/users\/8"}],"replies":[{"embeddable":true,"href":"https:\/\/folhapopular.info\/index.php\/wp-json\/wp\/v2\/comments?post=43183"}],"version-history":[{"count":0,"href":"https:\/\/folhapopular.info\/index.php\/wp-json\/wp\/v2\/posts\/43183\/revisions"}],"wp:featuredmedia":[{"embeddable":true,"href":"https:\/\/folhapopular.info\/index.php\/wp-json\/wp\/v2\/media\/43184"}],"wp:attachment":[{"href":"https:\/\/folhapopular.info\/index.php\/wp-json\/wp\/v2\/media?parent=43183"}],"wp:term":[{"taxonomy":"category","embeddable":true,"href":"https:\/\/folhapopular.info\/index.php\/wp-json\/wp\/v2\/categories?post=43183"},{"taxonomy":"post_tag","embeddable":true,"href":"https:\/\/folhapopular.info\/index.php\/wp-json\/wp\/v2\/tags?post=43183"}],"curies":[{"name":"wp","href":"https:\/\/api.w.org\/{rel}","templated":true}]}}