{"id":43471,"date":"2018-05-04T11:00:20","date_gmt":"2018-05-04T14:00:20","guid":{"rendered":"http:\/\/folhapopular.info\/?p=43471"},"modified":"2018-05-04T10:24:28","modified_gmt":"2018-05-04T13:24:28","slug":"aterro-sanitario-de-lajeado-tem-area-ampliada","status":"publish","type":"post","link":"https:\/\/folhapopular.info\/index.php\/2018\/05\/04\/aterro-sanitario-de-lajeado-tem-area-ampliada\/","title":{"rendered":"Aterro Sanit\u00e1rio de Lajeado tem \u00e1rea ampliada"},"content":{"rendered":"<p>Um terreno de 2,7 hectares rec\u00e9m-adquirido pela Prefeitura de Lajeado permitir\u00e1 a amplia\u00e7\u00e3o do Aterro Sanit\u00e1rio do munic\u00edpio. A \u00e1rea fica localizada ao lado do aterro, o que facilitar\u00e1 a continuidade do projeto de destina\u00e7\u00e3o dos res\u00edduos produzidos na cidade. Atualmente, Lajeado produz cerca de 60 toneladas de lixo por dia.<\/p>\n<p>A escolha de uma \u00e1rea vizinha foi considerada a alternativa menos invasiva para o meio ambiente. No entorno do Aterro Sanit\u00e1rio, que \u00e9 responsabilidade da Secretaria do Meio Ambiente (Sema), j\u00e1 existe uma zona de amortecimento e dispositivos de controle ambiental em opera\u00e7\u00e3o. Respons\u00e1vel t\u00e9cnico pelo Aterro,\u00a0o\u00a0Qu\u00edmico Industrial Renan Augusto Mallmann destaca a necessidade da amplia\u00e7\u00e3o. \u201cA aquisi\u00e7\u00e3o da nova \u00e1rea de terras garante o correto tratamento e disposi\u00e7\u00e3o final dos res\u00edduos gerados no munic\u00edpio. O espa\u00e7o f\u00edsico da \u00e1rea atual n\u00e3o comportaria a amplia\u00e7\u00e3o necess\u00e1ria\u201d, explicou Renan.<\/p>\n<p>Com a amplia\u00e7\u00e3o da \u00e1rea, tamb\u00e9m ser\u00e1 poss\u00edvel a moderniza\u00e7\u00e3o do Aterro.\u00a0Atualmente, o local conta com estrutura de seguran\u00e7a, monitoramento, balan\u00e7a rodovi\u00e1ria, maquin\u00e1rios e pessoal. \u201cA compra da \u00e1rea de terras era imprescind\u00edvel para a amplia\u00e7\u00e3o prevista. Queremos modernizar o espa\u00e7o e trazer t\u00e9cnicas que diminuam o impacto ao meio ambiente. Al\u00e9m de ser desvantajosa a instala\u00e7\u00e3o de outro empreendimento, seria mais agressiva \u00e0 natureza\u201d, apontou Luis Benoitt, secret\u00e1rio do Meio Ambiente.<\/p>\n<p>Para a amplia\u00e7\u00e3o, a Prefeitura desapropriou o terreno e indenizou os antigos propriet\u00e1rios. Ressalta-se que no final de 2017, foram apresentados quatro projetos referentes ao Chamamento P\u00fablico para Procedimento de Manifesta\u00e7\u00e3o de Interesse (PMI) 01-01\/2017, que tem o objetivo de buscar solu\u00e7\u00f5es ambientalmente corretas para a manuten\u00e7\u00e3o e moderniza\u00e7\u00e3o do aterro sanit\u00e1rio. Com o PMI recentemente encerrado, agora ser\u00e1 iniciado o processo de licita\u00e7\u00e3o.<\/p>\n","protected":false},"excerpt":{"rendered":"<p>Um terreno de 2,7 hectares rec\u00e9m-adquirido pela Prefeitura de Lajeado permitir\u00e1 a amplia\u00e7\u00e3o do Aterro Sanit\u00e1rio do munic\u00edpio. A \u00e1rea fica localizada ao lado do aterro, o que facilitar\u00e1 a continuidade do projeto de destina\u00e7\u00e3o dos res\u00edduos produzidos na cidade. Atualmente, Lajeado produz cerca de 60 toneladas de lixo por dia. A escolha de uma [&hellip;]<\/p>\n","protected":false},"author":8,"featured_media":43472,"comment_status":"open","ping_status":"open","sticky":false,"template":"","format":"standard","meta":{"pmpro_default_level":"","_jetpack_memberships_contains_paid_content":false,"footnotes":""},"categories":[3],"tags":[433,27],"class_list":{"0":"post-43471","1":"post","2":"type-post","3":"status-publish","4":"format-standard","5":"has-post-thumbnail","7":"category-geral","8":"tag-aterro-sanitario","9":"tag-lajeado","10":"pmpro-has-access"},"yoast_head":"<!-- This site is optimized with the Yoast SEO plugin v27.5 - https:\/\/yoast.com\/product\/yoast-seo-wordpress\/ -->\n<title>Aterro Sanit\u00e1rio de Lajeado tem \u00e1rea ampliada - Folha Popular<\/title>\n<meta name=\"robots\" content=\"index, follow, max-snippet:-1, max-image-preview:large, max-video-preview:-1\" \/>\n<link rel=\"canonical\" href=\"https:\/\/folhapopular.info\/index.php\/2018\/05\/04\/aterro-sanitario-de-lajeado-tem-area-ampliada\/\" \/>\n<meta property=\"og:locale\" content=\"pt_BR\" \/>\n<meta property=\"og:type\" content=\"article\" \/>\n<meta property=\"og:title\" content=\"Aterro Sanit\u00e1rio de Lajeado tem \u00e1rea ampliada - Folha Popular\" \/>\n<meta property=\"og:description\" content=\"Um terreno de 2,7 hectares rec\u00e9m-adquirido pela Prefeitura de Lajeado permitir\u00e1 a amplia\u00e7\u00e3o do Aterro Sanit\u00e1rio do munic\u00edpio. A \u00e1rea fica localizada ao lado do aterro, o que facilitar\u00e1 a continuidade do projeto de destina\u00e7\u00e3o dos res\u00edduos produzidos na cidade. Atualmente, Lajeado produz cerca de 60 toneladas de lixo por dia. A escolha de uma [&hellip;]\" \/>\n<meta property=\"og:url\" content=\"https:\/\/folhapopular.info\/index.php\/2018\/05\/04\/aterro-sanitario-de-lajeado-tem-area-ampliada\/\" \/>\n<meta property=\"og:site_name\" content=\"Folha Popular\" \/>\n<meta property=\"article:published_time\" content=\"2018-05-04T14:00:20+00:00\" \/>\n<meta property=\"og:image\" content=\"https:\/\/folhapopular.info\/wp-content\/uploads\/2018\/05\/1-1-e1525440199381.jpeg\" \/>\n\t<meta property=\"og:image:width\" content=\"1000\" \/>\n\t<meta property=\"og:image:height\" content=\"563\" \/>\n\t<meta property=\"og:image:type\" content=\"image\/jpeg\" \/>\n<meta name=\"author\" content=\"Reda\u00e7\u00e3o Folha Popular\" \/>\n<meta name=\"twitter:card\" content=\"summary_large_image\" \/>\n<meta name=\"twitter:label1\" content=\"Escrito por\" \/>\n\t<meta name=\"twitter:data1\" content=\"Reda\u00e7\u00e3o Folha Popular\" \/>\n\t<meta name=\"twitter:label2\" content=\"Est. tempo de leitura\" \/>\n\t<meta name=\"twitter:data2\" content=\"2 minutos\" \/>\n<script type=\"application\/ld+json\" class=\"yoast-schema-graph\">{\"@context\":\"https:\\\/\\\/schema.org\",\"@graph\":[{\"@type\":\"Article\",\"@id\":\"https:\\\/\\\/folhapopular.info\\\/index.php\\\/2018\\\/05\\\/04\\\/aterro-sanitario-de-lajeado-tem-area-ampliada\\\/#article\",\"isPartOf\":{\"@id\":\"https:\\\/\\\/folhapopular.info\\\/index.php\\\/2018\\\/05\\\/04\\\/aterro-sanitario-de-lajeado-tem-area-ampliada\\\/\"},\"author\":{\"name\":\"Reda\u00e7\u00e3o Folha Popular\",\"@id\":\"https:\\\/\\\/folhapopular.info\\\/#\\\/schema\\\/person\\\/2814e8a0df7643585a9ca38bc6eb9d4b\"},\"headline\":\"Aterro Sanit\u00e1rio de Lajeado tem \u00e1rea ampliada\",\"datePublished\":\"2018-05-04T14:00:20+00:00\",\"mainEntityOfPage\":{\"@id\":\"https:\\\/\\\/folhapopular.info\\\/index.php\\\/2018\\\/05\\\/04\\\/aterro-sanitario-de-lajeado-tem-area-ampliada\\\/\"},\"wordCount\":326,\"commentCount\":0,\"image\":{\"@id\":\"https:\\\/\\\/folhapopular.info\\\/index.php\\\/2018\\\/05\\\/04\\\/aterro-sanitario-de-lajeado-tem-area-ampliada\\\/#primaryimage\"},\"thumbnailUrl\":\"https:\\\/\\\/folhapopular.info\\\/wp-content\\\/uploads\\\/2018\\\/05\\\/1-1-e1525440199381.jpeg\",\"keywords\":[\"Aterro Sanit\u00e1rio\",\"Lajeado\"],\"articleSection\":[\"Geral\"],\"inLanguage\":\"pt-BR\",\"potentialAction\":[{\"@type\":\"CommentAction\",\"name\":\"Comment\",\"target\":[\"https:\\\/\\\/folhapopular.info\\\/index.php\\\/2018\\\/05\\\/04\\\/aterro-sanitario-de-lajeado-tem-area-ampliada\\\/#respond\"]}]},{\"@type\":\"WebPage\",\"@id\":\"https:\\\/\\\/folhapopular.info\\\/index.php\\\/2018\\\/05\\\/04\\\/aterro-sanitario-de-lajeado-tem-area-ampliada\\\/\",\"url\":\"https:\\\/\\\/folhapopular.info\\\/index.php\\\/2018\\\/05\\\/04\\\/aterro-sanitario-de-lajeado-tem-area-ampliada\\\/\",\"name\":\"Aterro Sanit\u00e1rio de Lajeado tem \u00e1rea ampliada - Folha Popular\",\"isPartOf\":{\"@id\":\"https:\\\/\\\/folhapopular.info\\\/#website\"},\"primaryImageOfPage\":{\"@id\":\"https:\\\/\\\/folhapopular.info\\\/index.php\\\/2018\\\/05\\\/04\\\/aterro-sanitario-de-lajeado-tem-area-ampliada\\\/#primaryimage\"},\"image\":{\"@id\":\"https:\\\/\\\/folhapopular.info\\\/index.php\\\/2018\\\/05\\\/04\\\/aterro-sanitario-de-lajeado-tem-area-ampliada\\\/#primaryimage\"},\"thumbnailUrl\":\"https:\\\/\\\/folhapopular.info\\\/wp-content\\\/uploads\\\/2018\\\/05\\\/1-1-e1525440199381.jpeg\",\"datePublished\":\"2018-05-04T14:00:20+00:00\",\"author\":{\"@id\":\"https:\\\/\\\/folhapopular.info\\\/#\\\/schema\\\/person\\\/2814e8a0df7643585a9ca38bc6eb9d4b\"},\"breadcrumb\":{\"@id\":\"https:\\\/\\\/folhapopular.info\\\/index.php\\\/2018\\\/05\\\/04\\\/aterro-sanitario-de-lajeado-tem-area-ampliada\\\/#breadcrumb\"},\"inLanguage\":\"pt-BR\",\"potentialAction\":[{\"@type\":\"ReadAction\",\"target\":[\"https:\\\/\\\/folhapopular.info\\\/index.php\\\/2018\\\/05\\\/04\\\/aterro-sanitario-de-lajeado-tem-area-ampliada\\\/\"]}]},{\"@type\":\"ImageObject\",\"inLanguage\":\"pt-BR\",\"@id\":\"https:\\\/\\\/folhapopular.info\\\/index.php\\\/2018\\\/05\\\/04\\\/aterro-sanitario-de-lajeado-tem-area-ampliada\\\/#primaryimage\",\"url\":\"https:\\\/\\\/folhapopular.info\\\/wp-content\\\/uploads\\\/2018\\\/05\\\/1-1-e1525440199381.jpeg\",\"contentUrl\":\"https:\\\/\\\/folhapopular.info\\\/wp-content\\\/uploads\\\/2018\\\/05\\\/1-1-e1525440199381.jpeg\",\"width\":1000,\"height\":563,\"caption\":\"O terreno de 2,7 hectares permitir\u00e1 a amplia\u00e7\u00e3o\"},{\"@type\":\"BreadcrumbList\",\"@id\":\"https:\\\/\\\/folhapopular.info\\\/index.php\\\/2018\\\/05\\\/04\\\/aterro-sanitario-de-lajeado-tem-area-ampliada\\\/#breadcrumb\",\"itemListElement\":[{\"@type\":\"ListItem\",\"position\":1,\"name\":\"In\u00edcio\",\"item\":\"https:\\\/\\\/folhapopular.info\\\/\"},{\"@type\":\"ListItem\",\"position\":2,\"name\":\"Aterro Sanit\u00e1rio de Lajeado tem \u00e1rea ampliada\"}]},{\"@type\":\"WebSite\",\"@id\":\"https:\\\/\\\/folhapopular.info\\\/#website\",\"url\":\"https:\\\/\\\/folhapopular.info\\\/\",\"name\":\"Folha Popular\",\"description\":\"Onde voc\u00ea tem vez e voz\",\"potentialAction\":[{\"@type\":\"SearchAction\",\"target\":{\"@type\":\"EntryPoint\",\"urlTemplate\":\"https:\\\/\\\/folhapopular.info\\\/?s={search_term_string}\"},\"query-input\":{\"@type\":\"PropertyValueSpecification\",\"valueRequired\":true,\"valueName\":\"search_term_string\"}}],\"inLanguage\":\"pt-BR\"},{\"@type\":\"Person\",\"@id\":\"https:\\\/\\\/folhapopular.info\\\/#\\\/schema\\\/person\\\/2814e8a0df7643585a9ca38bc6eb9d4b\",\"name\":\"Reda\u00e7\u00e3o Folha Popular\",\"image\":{\"@type\":\"ImageObject\",\"inLanguage\":\"pt-BR\",\"@id\":\"https:\\\/\\\/folhapopular.info\\\/wp-content\\\/uploads\\\/2026\\\/04\\\/Folha-1.webp\",\"url\":\"https:\\\/\\\/folhapopular.info\\\/wp-content\\\/uploads\\\/2026\\\/04\\\/Folha-1.webp\",\"contentUrl\":\"https:\\\/\\\/folhapopular.info\\\/wp-content\\\/uploads\\\/2026\\\/04\\\/Folha-1.webp\",\"caption\":\"Reda\u00e7\u00e3o Folha Popular\"},\"url\":\"https:\\\/\\\/folhapopular.info\\\/index.php\\\/author\\\/redacao\\\/\"}]}<\/script>\n<!-- \/ Yoast SEO plugin. -->","yoast_head_json":{"title":"Aterro Sanit\u00e1rio de Lajeado tem \u00e1rea ampliada - Folha Popular","robots":{"index":"index","follow":"follow","max-snippet":"max-snippet:-1","max-image-preview":"max-image-preview:large","max-video-preview":"max-video-preview:-1"},"canonical":"https:\/\/folhapopular.info\/index.php\/2018\/05\/04\/aterro-sanitario-de-lajeado-tem-area-ampliada\/","og_locale":"pt_BR","og_type":"article","og_title":"Aterro Sanit\u00e1rio de Lajeado tem \u00e1rea ampliada - Folha Popular","og_description":"Um terreno de 2,7 hectares rec\u00e9m-adquirido pela Prefeitura de Lajeado permitir\u00e1 a amplia\u00e7\u00e3o do Aterro Sanit\u00e1rio do munic\u00edpio. A \u00e1rea fica localizada ao lado do aterro, o que facilitar\u00e1 a continuidade do projeto de destina\u00e7\u00e3o dos res\u00edduos produzidos na cidade. Atualmente, Lajeado produz cerca de 60 toneladas de lixo por dia. A escolha de uma [&hellip;]","og_url":"https:\/\/folhapopular.info\/index.php\/2018\/05\/04\/aterro-sanitario-de-lajeado-tem-area-ampliada\/","og_site_name":"Folha Popular","article_published_time":"2018-05-04T14:00:20+00:00","og_image":[{"width":1000,"height":563,"url":"https:\/\/folhapopular.info\/wp-content\/uploads\/2018\/05\/1-1-e1525440199381.jpeg","type":"image\/jpeg"}],"author":"Reda\u00e7\u00e3o Folha Popular","twitter_card":"summary_large_image","twitter_misc":{"Escrito por":"Reda\u00e7\u00e3o Folha Popular","Est. tempo de leitura":"2 minutos"},"schema":{"@context":"https:\/\/schema.org","@graph":[{"@type":"Article","@id":"https:\/\/folhapopular.info\/index.php\/2018\/05\/04\/aterro-sanitario-de-lajeado-tem-area-ampliada\/#article","isPartOf":{"@id":"https:\/\/folhapopular.info\/index.php\/2018\/05\/04\/aterro-sanitario-de-lajeado-tem-area-ampliada\/"},"author":{"name":"Reda\u00e7\u00e3o Folha Popular","@id":"https:\/\/folhapopular.info\/#\/schema\/person\/2814e8a0df7643585a9ca38bc6eb9d4b"},"headline":"Aterro Sanit\u00e1rio de Lajeado tem \u00e1rea ampliada","datePublished":"2018-05-04T14:00:20+00:00","mainEntityOfPage":{"@id":"https:\/\/folhapopular.info\/index.php\/2018\/05\/04\/aterro-sanitario-de-lajeado-tem-area-ampliada\/"},"wordCount":326,"commentCount":0,"image":{"@id":"https:\/\/folhapopular.info\/index.php\/2018\/05\/04\/aterro-sanitario-de-lajeado-tem-area-ampliada\/#primaryimage"},"thumbnailUrl":"https:\/\/folhapopular.info\/wp-content\/uploads\/2018\/05\/1-1-e1525440199381.jpeg","keywords":["Aterro Sanit\u00e1rio","Lajeado"],"articleSection":["Geral"],"inLanguage":"pt-BR","potentialAction":[{"@type":"CommentAction","name":"Comment","target":["https:\/\/folhapopular.info\/index.php\/2018\/05\/04\/aterro-sanitario-de-lajeado-tem-area-ampliada\/#respond"]}]},{"@type":"WebPage","@id":"https:\/\/folhapopular.info\/index.php\/2018\/05\/04\/aterro-sanitario-de-lajeado-tem-area-ampliada\/","url":"https:\/\/folhapopular.info\/index.php\/2018\/05\/04\/aterro-sanitario-de-lajeado-tem-area-ampliada\/","name":"Aterro Sanit\u00e1rio de Lajeado tem \u00e1rea ampliada - Folha Popular","isPartOf":{"@id":"https:\/\/folhapopular.info\/#website"},"primaryImageOfPage":{"@id":"https:\/\/folhapopular.info\/index.php\/2018\/05\/04\/aterro-sanitario-de-lajeado-tem-area-ampliada\/#primaryimage"},"image":{"@id":"https:\/\/folhapopular.info\/index.php\/2018\/05\/04\/aterro-sanitario-de-lajeado-tem-area-ampliada\/#primaryimage"},"thumbnailUrl":"https:\/\/folhapopular.info\/wp-content\/uploads\/2018\/05\/1-1-e1525440199381.jpeg","datePublished":"2018-05-04T14:00:20+00:00","author":{"@id":"https:\/\/folhapopular.info\/#\/schema\/person\/2814e8a0df7643585a9ca38bc6eb9d4b"},"breadcrumb":{"@id":"https:\/\/folhapopular.info\/index.php\/2018\/05\/04\/aterro-sanitario-de-lajeado-tem-area-ampliada\/#breadcrumb"},"inLanguage":"pt-BR","potentialAction":[{"@type":"ReadAction","target":["https:\/\/folhapopular.info\/index.php\/2018\/05\/04\/aterro-sanitario-de-lajeado-tem-area-ampliada\/"]}]},{"@type":"ImageObject","inLanguage":"pt-BR","@id":"https:\/\/folhapopular.info\/index.php\/2018\/05\/04\/aterro-sanitario-de-lajeado-tem-area-ampliada\/#primaryimage","url":"https:\/\/folhapopular.info\/wp-content\/uploads\/2018\/05\/1-1-e1525440199381.jpeg","contentUrl":"https:\/\/folhapopular.info\/wp-content\/uploads\/2018\/05\/1-1-e1525440199381.jpeg","width":1000,"height":563,"caption":"O terreno de 2,7 hectares permitir\u00e1 a amplia\u00e7\u00e3o"},{"@type":"BreadcrumbList","@id":"https:\/\/folhapopular.info\/index.php\/2018\/05\/04\/aterro-sanitario-de-lajeado-tem-area-ampliada\/#breadcrumb","itemListElement":[{"@type":"ListItem","position":1,"name":"In\u00edcio","item":"https:\/\/folhapopular.info\/"},{"@type":"ListItem","position":2,"name":"Aterro Sanit\u00e1rio de Lajeado tem \u00e1rea ampliada"}]},{"@type":"WebSite","@id":"https:\/\/folhapopular.info\/#website","url":"https:\/\/folhapopular.info\/","name":"Folha Popular","description":"Onde voc\u00ea tem vez e voz","potentialAction":[{"@type":"SearchAction","target":{"@type":"EntryPoint","urlTemplate":"https:\/\/folhapopular.info\/?s={search_term_string}"},"query-input":{"@type":"PropertyValueSpecification","valueRequired":true,"valueName":"search_term_string"}}],"inLanguage":"pt-BR"},{"@type":"Person","@id":"https:\/\/folhapopular.info\/#\/schema\/person\/2814e8a0df7643585a9ca38bc6eb9d4b","name":"Reda\u00e7\u00e3o Folha Popular","image":{"@type":"ImageObject","inLanguage":"pt-BR","@id":"https:\/\/folhapopular.info\/wp-content\/uploads\/2026\/04\/Folha-1.webp","url":"https:\/\/folhapopular.info\/wp-content\/uploads\/2026\/04\/Folha-1.webp","contentUrl":"https:\/\/folhapopular.info\/wp-content\/uploads\/2026\/04\/Folha-1.webp","caption":"Reda\u00e7\u00e3o Folha Popular"},"url":"https:\/\/folhapopular.info\/index.php\/author\/redacao\/"}]}},"jetpack_featured_media_url":"https:\/\/folhapopular.info\/wp-content\/uploads\/2018\/05\/1-1-e1525440199381.jpeg","jetpack_sharing_enabled":true,"amp_enabled":true,"_links":{"self":[{"href":"https:\/\/folhapopular.info\/index.php\/wp-json\/wp\/v2\/posts\/43471","targetHints":{"allow":["GET"]}}],"collection":[{"href":"https:\/\/folhapopular.info\/index.php\/wp-json\/wp\/v2\/posts"}],"about":[{"href":"https:\/\/folhapopular.info\/index.php\/wp-json\/wp\/v2\/types\/post"}],"author":[{"embeddable":true,"href":"https:\/\/folhapopular.info\/index.php\/wp-json\/wp\/v2\/users\/8"}],"replies":[{"embeddable":true,"href":"https:\/\/folhapopular.info\/index.php\/wp-json\/wp\/v2\/comments?post=43471"}],"version-history":[{"count":0,"href":"https:\/\/folhapopular.info\/index.php\/wp-json\/wp\/v2\/posts\/43471\/revisions"}],"wp:featuredmedia":[{"embeddable":true,"href":"https:\/\/folhapopular.info\/index.php\/wp-json\/wp\/v2\/media\/43472"}],"wp:attachment":[{"href":"https:\/\/folhapopular.info\/index.php\/wp-json\/wp\/v2\/media?parent=43471"}],"wp:term":[{"taxonomy":"category","embeddable":true,"href":"https:\/\/folhapopular.info\/index.php\/wp-json\/wp\/v2\/categories?post=43471"},{"taxonomy":"post_tag","embeddable":true,"href":"https:\/\/folhapopular.info\/index.php\/wp-json\/wp\/v2\/tags?post=43471"}],"curies":[{"name":"wp","href":"https:\/\/api.w.org\/{rel}","templated":true}]}}