{"id":43543,"date":"2018-05-06T10:23:37","date_gmt":"2018-05-06T13:23:37","guid":{"rendered":"http:\/\/folhapopular.info\/?p=43543"},"modified":"2018-05-06T15:32:09","modified_gmt":"2018-05-06T18:32:09","slug":"homem-e-preso-apos-atirar-contra-menina-de-5-anos-em-taquari","status":"publish","type":"post","link":"https:\/\/folhapopular.info\/index.php\/2018\/05\/06\/homem-e-preso-apos-atirar-contra-menina-de-5-anos-em-taquari\/","title":{"rendered":"Homem \u00e9 preso ap\u00f3s atirar contra menina de 5 anos em Taquari"},"content":{"rendered":"<p>Por volta das 22 horas deste s\u00e1bado (05\/05), a Brigada Militar de Taquari foi informada que uma crian\u00e7a de 5 anos deu entrada no hospital local com ferimentos produzidos por disparo de arma de fogo. Chegando ao local, a m\u00e3e da crian\u00e7a relatou que o autor do disparo foi seu companheiro, ap\u00f3s uma discuss\u00e3o entre o companheiro e a outra filha dela, de 15 anos de idade.<\/p>\n<figure id=\"attachment_43544\" aria-describedby=\"caption-attachment-43544\" style=\"width: 150px\" class=\"wp-caption alignleft\"><a href=\"https:\/\/folhapopular.info\/wp-content\/uploads\/2018\/05\/WhatsApp-Image-2018-05-06-at-07.53.50.jpeg\"><img loading=\"lazy\" decoding=\"async\" class=\"size-thumbnail wp-image-43544\" src=\"https:\/\/folhapopular.info\/wp-content\/uploads\/2018\/05\/WhatsApp-Image-2018-05-06-at-07.53.50-150x150.jpeg\" alt=\"\" width=\"150\" height=\"150\" \/><\/a><figcaption id=\"caption-attachment-43544\" class=\"wp-caption-text\">Espingarda que causou o disparo e os ferimentos na crian\u00e7a de 5 anos<\/figcaption><\/figure>\n<p>Em dado momento da discuss\u00e3o, o homem apontou uma espingarda para a menina de 15 anos e a outra menina de 5 anos tentou proteger a irm\u00e3 maior, momento em que ocorreu o disparo e atingiu a menina de 5 anos. Ela foi atingida de rasp\u00e3o num bra\u00e7o e no pesco\u00e7o, mas passa bem, conforme relato policial. O fato ocorreu na Rua Riachuelo, no Bairro Praia \u2013 em Taquari.<\/p>\n<figure id=\"attachment_43545\" aria-describedby=\"caption-attachment-43545\" style=\"width: 300px\" class=\"wp-caption alignright\"><a href=\"https:\/\/folhapopular.info\/wp-content\/uploads\/2018\/05\/WhatsApp-Image-2018-05-06-at-07.53.52.jpeg\"><img loading=\"lazy\" decoding=\"async\" class=\"size-medium wp-image-43545\" src=\"https:\/\/folhapopular.info\/wp-content\/uploads\/2018\/05\/WhatsApp-Image-2018-05-06-at-07.53.52-300x225.jpeg\" alt=\"\" width=\"300\" height=\"225\" srcset=\"https:\/\/folhapopular.info\/wp-content\/uploads\/2018\/05\/WhatsApp-Image-2018-05-06-at-07.53.52-300x225.jpeg 300w, https:\/\/folhapopular.info\/wp-content\/uploads\/2018\/05\/WhatsApp-Image-2018-05-06-at-07.53.52-768x576.jpeg 768w, https:\/\/folhapopular.info\/wp-content\/uploads\/2018\/05\/WhatsApp-Image-2018-05-06-at-07.53.52-1024x768.jpeg 1024w, https:\/\/folhapopular.info\/wp-content\/uploads\/2018\/05\/WhatsApp-Image-2018-05-06-at-07.53.52-80x60.jpeg 80w, https:\/\/folhapopular.info\/wp-content\/uploads\/2018\/05\/WhatsApp-Image-2018-05-06-at-07.53.52-265x198.jpeg 265w, https:\/\/folhapopular.info\/wp-content\/uploads\/2018\/05\/WhatsApp-Image-2018-05-06-at-07.53.52-696x522.jpeg 696w, https:\/\/folhapopular.info\/wp-content\/uploads\/2018\/05\/WhatsApp-Image-2018-05-06-at-07.53.52-560x420.jpeg 560w, https:\/\/folhapopular.info\/wp-content\/uploads\/2018\/05\/WhatsApp-Image-2018-05-06-at-07.53.52.jpeg 1040w\" sizes=\"auto, (max-width: 300px) 100vw, 300px\" \/><\/a><figcaption id=\"caption-attachment-43545\" class=\"wp-caption-text\">No local, policiais apreenderam v\u00e1rias armas e munic\u00f5es<\/figcaption><\/figure>\n<p>O autor fugiu e foi localizado pela Brigada Militar escondido em uma casa pr\u00f3xima ao local do crime. Ele foi preso e informou onde a arma do crime estava. Ao localiz\u00e1-la, os policiais tamb\u00e9m encontraram outras armas, vasta quantidade de muni\u00e7\u00e3o e insumos para fabrica\u00e7\u00e3o de muni\u00e7\u00e3o, v\u00e1rias facas e fac\u00f5es e outros objetos que foram apreendidos.<\/p>\n<p>Os policiais ainda constataram que o homem mantinha a geladeira e os arm\u00e1rios trancados e fornecia comida a m\u00e3e e \u00e0s suas filhas somente quando ele queria, conforme o relato da companheira e m\u00e3e das meninas.<\/p>\n<figure id=\"attachment_43571\" aria-describedby=\"caption-attachment-43571\" style=\"width: 225px\" class=\"wp-caption alignleft\"><a href=\"https:\/\/folhapopular.info\/wp-content\/uploads\/2018\/05\/WhatsApp-Image-2018-05-06-at-07.58.45-1.jpeg\"><img loading=\"lazy\" decoding=\"async\" class=\"size-medium wp-image-43571\" src=\"https:\/\/folhapopular.info\/wp-content\/uploads\/2018\/05\/WhatsApp-Image-2018-05-06-at-07.58.45-1-225x300.jpeg\" alt=\"\" width=\"225\" height=\"300\" srcset=\"https:\/\/folhapopular.info\/wp-content\/uploads\/2018\/05\/WhatsApp-Image-2018-05-06-at-07.58.45-1-225x300.jpeg 225w, https:\/\/folhapopular.info\/wp-content\/uploads\/2018\/05\/WhatsApp-Image-2018-05-06-at-07.58.45-1-768x1024.jpeg 768w, https:\/\/folhapopular.info\/wp-content\/uploads\/2018\/05\/WhatsApp-Image-2018-05-06-at-07.58.45-1-696x928.jpeg 696w, https:\/\/folhapopular.info\/wp-content\/uploads\/2018\/05\/WhatsApp-Image-2018-05-06-at-07.58.45-1-315x420.jpeg 315w, https:\/\/folhapopular.info\/wp-content\/uploads\/2018\/05\/WhatsApp-Image-2018-05-06-at-07.58.45-1.jpeg 780w\" sizes=\"auto, (max-width: 225px) 100vw, 225px\" \/><\/a><figcaption id=\"caption-attachment-43571\" class=\"wp-caption-text\">Homem mantinha geladeira e arm\u00e1rios trancados e s\u00f3 dava comida quando queria para a mulher e as filhas dela<\/figcaption><\/figure>\n<p>O autor do disparo contra a crian\u00e7a, iniciais A.L.L.T., 63 anos, foi preso pelo crime de homic\u00eddio tentado. Possui hist\u00f3rico criminal por autoria de porte ilegal de arma de fogo de uso permitido, porte ilegal de arma de fogo de uso restrito, amea\u00e7a, viola\u00e7\u00e3o de domic\u00edlio, disparo de arma de fogo em via p\u00fablica e posse de arma branca.<\/p>\n","protected":false},"excerpt":{"rendered":"<p>Por volta das 22 horas deste s\u00e1bado (05\/05), a Brigada Militar de Taquari foi informada que uma crian\u00e7a de 5 anos deu entrada no hospital local com ferimentos produzidos por disparo de arma de fogo. Chegando ao local, a m\u00e3e da crian\u00e7a relatou que o autor do disparo foi seu companheiro, ap\u00f3s uma discuss\u00e3o entre [&hellip;]<\/p>\n","protected":false},"author":8,"featured_media":43546,"comment_status":"open","ping_status":"open","sticky":false,"template":"","format":"standard","meta":{"pmpro_default_level":"","_jetpack_memberships_contains_paid_content":false,"footnotes":""},"categories":[2,3,7],"tags":[2688,2443,1056],"class_list":{"0":"post-43543","1":"post","2":"type-post","3":"status-publish","4":"format-standard","5":"has-post-thumbnail","7":"category-featured","8":"category-geral","9":"category-seguranca","10":"tag-crianca","11":"tag-disparos-de-arma","12":"tag-taquari","13":"pmpro-has-access"},"yoast_head":"<!-- This site is optimized with the Yoast SEO plugin v27.5 - https:\/\/yoast.com\/product\/yoast-seo-wordpress\/ -->\n<title>Homem \u00e9 preso ap\u00f3s atirar contra menina de 5 anos em Taquari - Folha Popular<\/title>\n<meta name=\"robots\" content=\"index, follow, max-snippet:-1, max-image-preview:large, max-video-preview:-1\" \/>\n<link rel=\"canonical\" href=\"https:\/\/folhapopular.info\/index.php\/2018\/05\/06\/homem-e-preso-apos-atirar-contra-menina-de-5-anos-em-taquari\/\" \/>\n<meta property=\"og:locale\" content=\"pt_BR\" \/>\n<meta property=\"og:type\" content=\"article\" \/>\n<meta property=\"og:title\" content=\"Homem \u00e9 preso ap\u00f3s atirar contra menina de 5 anos em Taquari - Folha Popular\" \/>\n<meta property=\"og:description\" content=\"Por volta das 22 horas deste s\u00e1bado (05\/05), a Brigada Militar de Taquari foi informada que uma crian\u00e7a de 5 anos deu entrada no hospital local com ferimentos produzidos por disparo de arma de fogo. Chegando ao local, a m\u00e3e da crian\u00e7a relatou que o autor do disparo foi seu companheiro, ap\u00f3s uma discuss\u00e3o entre [&hellip;]\" \/>\n<meta property=\"og:url\" content=\"https:\/\/folhapopular.info\/index.php\/2018\/05\/06\/homem-e-preso-apos-atirar-contra-menina-de-5-anos-em-taquari\/\" \/>\n<meta property=\"og:site_name\" content=\"Folha Popular\" \/>\n<meta property=\"article:published_time\" content=\"2018-05-06T13:23:37+00:00\" \/>\n<meta property=\"article:modified_time\" content=\"2018-05-06T18:32:09+00:00\" \/>\n<meta property=\"og:image\" content=\"https:\/\/folhapopular.info\/wp-content\/uploads\/2018\/05\/WhatsApp-Image-2018-05-06-at-07.54.01.jpeg\" \/>\n\t<meta property=\"og:image:width\" content=\"960\" \/>\n\t<meta property=\"og:image:height\" content=\"1280\" \/>\n\t<meta property=\"og:image:type\" content=\"image\/jpeg\" \/>\n<meta name=\"author\" content=\"Reda\u00e7\u00e3o Folha Popular\" \/>\n<meta name=\"twitter:card\" content=\"summary_large_image\" \/>\n<meta name=\"twitter:label1\" content=\"Escrito por\" \/>\n\t<meta name=\"twitter:data1\" content=\"Reda\u00e7\u00e3o Folha Popular\" \/>\n\t<meta name=\"twitter:label2\" content=\"Est. tempo de leitura\" \/>\n\t<meta name=\"twitter:data2\" content=\"2 minutos\" \/>\n<script type=\"application\/ld+json\" class=\"yoast-schema-graph\">{\"@context\":\"https:\\\/\\\/schema.org\",\"@graph\":[{\"@type\":\"Article\",\"@id\":\"https:\\\/\\\/folhapopular.info\\\/index.php\\\/2018\\\/05\\\/06\\\/homem-e-preso-apos-atirar-contra-menina-de-5-anos-em-taquari\\\/#article\",\"isPartOf\":{\"@id\":\"https:\\\/\\\/folhapopular.info\\\/index.php\\\/2018\\\/05\\\/06\\\/homem-e-preso-apos-atirar-contra-menina-de-5-anos-em-taquari\\\/\"},\"author\":{\"name\":\"Reda\u00e7\u00e3o Folha Popular\",\"@id\":\"https:\\\/\\\/folhapopular.info\\\/#\\\/schema\\\/person\\\/2814e8a0df7643585a9ca38bc6eb9d4b\"},\"headline\":\"Homem \u00e9 preso ap\u00f3s atirar contra menina de 5 anos em Taquari\",\"datePublished\":\"2018-05-06T13:23:37+00:00\",\"dateModified\":\"2018-05-06T18:32:09+00:00\",\"mainEntityOfPage\":{\"@id\":\"https:\\\/\\\/folhapopular.info\\\/index.php\\\/2018\\\/05\\\/06\\\/homem-e-preso-apos-atirar-contra-menina-de-5-anos-em-taquari\\\/\"},\"wordCount\":385,\"commentCount\":0,\"image\":{\"@id\":\"https:\\\/\\\/folhapopular.info\\\/index.php\\\/2018\\\/05\\\/06\\\/homem-e-preso-apos-atirar-contra-menina-de-5-anos-em-taquari\\\/#primaryimage\"},\"thumbnailUrl\":\"https:\\\/\\\/folhapopular.info\\\/wp-content\\\/uploads\\\/2018\\\/05\\\/WhatsApp-Image-2018-05-06-at-07.54.01.jpeg\",\"keywords\":[\"crian\u00e7a\",\"disparos de arma\",\"Taquari\"],\"articleSection\":[\"Destaques\",\"Geral\",\"Seguran\u00e7a\"],\"inLanguage\":\"pt-BR\",\"potentialAction\":[{\"@type\":\"CommentAction\",\"name\":\"Comment\",\"target\":[\"https:\\\/\\\/folhapopular.info\\\/index.php\\\/2018\\\/05\\\/06\\\/homem-e-preso-apos-atirar-contra-menina-de-5-anos-em-taquari\\\/#respond\"]}]},{\"@type\":\"WebPage\",\"@id\":\"https:\\\/\\\/folhapopular.info\\\/index.php\\\/2018\\\/05\\\/06\\\/homem-e-preso-apos-atirar-contra-menina-de-5-anos-em-taquari\\\/\",\"url\":\"https:\\\/\\\/folhapopular.info\\\/index.php\\\/2018\\\/05\\\/06\\\/homem-e-preso-apos-atirar-contra-menina-de-5-anos-em-taquari\\\/\",\"name\":\"Homem \u00e9 preso ap\u00f3s atirar contra menina de 5 anos em Taquari - Folha Popular\",\"isPartOf\":{\"@id\":\"https:\\\/\\\/folhapopular.info\\\/#website\"},\"primaryImageOfPage\":{\"@id\":\"https:\\\/\\\/folhapopular.info\\\/index.php\\\/2018\\\/05\\\/06\\\/homem-e-preso-apos-atirar-contra-menina-de-5-anos-em-taquari\\\/#primaryimage\"},\"image\":{\"@id\":\"https:\\\/\\\/folhapopular.info\\\/index.php\\\/2018\\\/05\\\/06\\\/homem-e-preso-apos-atirar-contra-menina-de-5-anos-em-taquari\\\/#primaryimage\"},\"thumbnailUrl\":\"https:\\\/\\\/folhapopular.info\\\/wp-content\\\/uploads\\\/2018\\\/05\\\/WhatsApp-Image-2018-05-06-at-07.54.01.jpeg\",\"datePublished\":\"2018-05-06T13:23:37+00:00\",\"dateModified\":\"2018-05-06T18:32:09+00:00\",\"author\":{\"@id\":\"https:\\\/\\\/folhapopular.info\\\/#\\\/schema\\\/person\\\/2814e8a0df7643585a9ca38bc6eb9d4b\"},\"breadcrumb\":{\"@id\":\"https:\\\/\\\/folhapopular.info\\\/index.php\\\/2018\\\/05\\\/06\\\/homem-e-preso-apos-atirar-contra-menina-de-5-anos-em-taquari\\\/#breadcrumb\"},\"inLanguage\":\"pt-BR\",\"potentialAction\":[{\"@type\":\"ReadAction\",\"target\":[\"https:\\\/\\\/folhapopular.info\\\/index.php\\\/2018\\\/05\\\/06\\\/homem-e-preso-apos-atirar-contra-menina-de-5-anos-em-taquari\\\/\"]}]},{\"@type\":\"ImageObject\",\"inLanguage\":\"pt-BR\",\"@id\":\"https:\\\/\\\/folhapopular.info\\\/index.php\\\/2018\\\/05\\\/06\\\/homem-e-preso-apos-atirar-contra-menina-de-5-anos-em-taquari\\\/#primaryimage\",\"url\":\"https:\\\/\\\/folhapopular.info\\\/wp-content\\\/uploads\\\/2018\\\/05\\\/WhatsApp-Image-2018-05-06-at-07.54.01.jpeg\",\"contentUrl\":\"https:\\\/\\\/folhapopular.info\\\/wp-content\\\/uploads\\\/2018\\\/05\\\/WhatsApp-Image-2018-05-06-at-07.54.01.jpeg\",\"width\":960,\"height\":1280,\"caption\":\"Homem foi preso ap\u00f3s ser localizado pelo crime de homic\u00eddio tentado\"},{\"@type\":\"BreadcrumbList\",\"@id\":\"https:\\\/\\\/folhapopular.info\\\/index.php\\\/2018\\\/05\\\/06\\\/homem-e-preso-apos-atirar-contra-menina-de-5-anos-em-taquari\\\/#breadcrumb\",\"itemListElement\":[{\"@type\":\"ListItem\",\"position\":1,\"name\":\"In\u00edcio\",\"item\":\"https:\\\/\\\/folhapopular.info\\\/\"},{\"@type\":\"ListItem\",\"position\":2,\"name\":\"Homem \u00e9 preso ap\u00f3s atirar contra menina de 5 anos em Taquari\"}]},{\"@type\":\"WebSite\",\"@id\":\"https:\\\/\\\/folhapopular.info\\\/#website\",\"url\":\"https:\\\/\\\/folhapopular.info\\\/\",\"name\":\"Folha Popular\",\"description\":\"Onde voc\u00ea tem vez e voz\",\"potentialAction\":[{\"@type\":\"SearchAction\",\"target\":{\"@type\":\"EntryPoint\",\"urlTemplate\":\"https:\\\/\\\/folhapopular.info\\\/?s={search_term_string}\"},\"query-input\":{\"@type\":\"PropertyValueSpecification\",\"valueRequired\":true,\"valueName\":\"search_term_string\"}}],\"inLanguage\":\"pt-BR\"},{\"@type\":\"Person\",\"@id\":\"https:\\\/\\\/folhapopular.info\\\/#\\\/schema\\\/person\\\/2814e8a0df7643585a9ca38bc6eb9d4b\",\"name\":\"Reda\u00e7\u00e3o Folha Popular\",\"image\":{\"@type\":\"ImageObject\",\"inLanguage\":\"pt-BR\",\"@id\":\"https:\\\/\\\/folhapopular.info\\\/wp-content\\\/uploads\\\/2026\\\/04\\\/Folha-1.webp\",\"url\":\"https:\\\/\\\/folhapopular.info\\\/wp-content\\\/uploads\\\/2026\\\/04\\\/Folha-1.webp\",\"contentUrl\":\"https:\\\/\\\/folhapopular.info\\\/wp-content\\\/uploads\\\/2026\\\/04\\\/Folha-1.webp\",\"caption\":\"Reda\u00e7\u00e3o Folha Popular\"},\"url\":\"https:\\\/\\\/folhapopular.info\\\/index.php\\\/author\\\/redacao\\\/\"}]}<\/script>\n<!-- \/ Yoast SEO plugin. -->","yoast_head_json":{"title":"Homem \u00e9 preso ap\u00f3s atirar contra menina de 5 anos em Taquari - Folha Popular","robots":{"index":"index","follow":"follow","max-snippet":"max-snippet:-1","max-image-preview":"max-image-preview:large","max-video-preview":"max-video-preview:-1"},"canonical":"https:\/\/folhapopular.info\/index.php\/2018\/05\/06\/homem-e-preso-apos-atirar-contra-menina-de-5-anos-em-taquari\/","og_locale":"pt_BR","og_type":"article","og_title":"Homem \u00e9 preso ap\u00f3s atirar contra menina de 5 anos em Taquari - Folha Popular","og_description":"Por volta das 22 horas deste s\u00e1bado (05\/05), a Brigada Militar de Taquari foi informada que uma crian\u00e7a de 5 anos deu entrada no hospital local com ferimentos produzidos por disparo de arma de fogo. Chegando ao local, a m\u00e3e da crian\u00e7a relatou que o autor do disparo foi seu companheiro, ap\u00f3s uma discuss\u00e3o entre [&hellip;]","og_url":"https:\/\/folhapopular.info\/index.php\/2018\/05\/06\/homem-e-preso-apos-atirar-contra-menina-de-5-anos-em-taquari\/","og_site_name":"Folha Popular","article_published_time":"2018-05-06T13:23:37+00:00","article_modified_time":"2018-05-06T18:32:09+00:00","og_image":[{"width":960,"height":1280,"url":"https:\/\/folhapopular.info\/wp-content\/uploads\/2018\/05\/WhatsApp-Image-2018-05-06-at-07.54.01.jpeg","type":"image\/jpeg"}],"author":"Reda\u00e7\u00e3o Folha Popular","twitter_card":"summary_large_image","twitter_misc":{"Escrito por":"Reda\u00e7\u00e3o Folha Popular","Est. tempo de leitura":"2 minutos"},"schema":{"@context":"https:\/\/schema.org","@graph":[{"@type":"Article","@id":"https:\/\/folhapopular.info\/index.php\/2018\/05\/06\/homem-e-preso-apos-atirar-contra-menina-de-5-anos-em-taquari\/#article","isPartOf":{"@id":"https:\/\/folhapopular.info\/index.php\/2018\/05\/06\/homem-e-preso-apos-atirar-contra-menina-de-5-anos-em-taquari\/"},"author":{"name":"Reda\u00e7\u00e3o Folha Popular","@id":"https:\/\/folhapopular.info\/#\/schema\/person\/2814e8a0df7643585a9ca38bc6eb9d4b"},"headline":"Homem \u00e9 preso ap\u00f3s atirar contra menina de 5 anos em Taquari","datePublished":"2018-05-06T13:23:37+00:00","dateModified":"2018-05-06T18:32:09+00:00","mainEntityOfPage":{"@id":"https:\/\/folhapopular.info\/index.php\/2018\/05\/06\/homem-e-preso-apos-atirar-contra-menina-de-5-anos-em-taquari\/"},"wordCount":385,"commentCount":0,"image":{"@id":"https:\/\/folhapopular.info\/index.php\/2018\/05\/06\/homem-e-preso-apos-atirar-contra-menina-de-5-anos-em-taquari\/#primaryimage"},"thumbnailUrl":"https:\/\/folhapopular.info\/wp-content\/uploads\/2018\/05\/WhatsApp-Image-2018-05-06-at-07.54.01.jpeg","keywords":["crian\u00e7a","disparos de arma","Taquari"],"articleSection":["Destaques","Geral","Seguran\u00e7a"],"inLanguage":"pt-BR","potentialAction":[{"@type":"CommentAction","name":"Comment","target":["https:\/\/folhapopular.info\/index.php\/2018\/05\/06\/homem-e-preso-apos-atirar-contra-menina-de-5-anos-em-taquari\/#respond"]}]},{"@type":"WebPage","@id":"https:\/\/folhapopular.info\/index.php\/2018\/05\/06\/homem-e-preso-apos-atirar-contra-menina-de-5-anos-em-taquari\/","url":"https:\/\/folhapopular.info\/index.php\/2018\/05\/06\/homem-e-preso-apos-atirar-contra-menina-de-5-anos-em-taquari\/","name":"Homem \u00e9 preso ap\u00f3s atirar contra menina de 5 anos em Taquari - Folha Popular","isPartOf":{"@id":"https:\/\/folhapopular.info\/#website"},"primaryImageOfPage":{"@id":"https:\/\/folhapopular.info\/index.php\/2018\/05\/06\/homem-e-preso-apos-atirar-contra-menina-de-5-anos-em-taquari\/#primaryimage"},"image":{"@id":"https:\/\/folhapopular.info\/index.php\/2018\/05\/06\/homem-e-preso-apos-atirar-contra-menina-de-5-anos-em-taquari\/#primaryimage"},"thumbnailUrl":"https:\/\/folhapopular.info\/wp-content\/uploads\/2018\/05\/WhatsApp-Image-2018-05-06-at-07.54.01.jpeg","datePublished":"2018-05-06T13:23:37+00:00","dateModified":"2018-05-06T18:32:09+00:00","author":{"@id":"https:\/\/folhapopular.info\/#\/schema\/person\/2814e8a0df7643585a9ca38bc6eb9d4b"},"breadcrumb":{"@id":"https:\/\/folhapopular.info\/index.php\/2018\/05\/06\/homem-e-preso-apos-atirar-contra-menina-de-5-anos-em-taquari\/#breadcrumb"},"inLanguage":"pt-BR","potentialAction":[{"@type":"ReadAction","target":["https:\/\/folhapopular.info\/index.php\/2018\/05\/06\/homem-e-preso-apos-atirar-contra-menina-de-5-anos-em-taquari\/"]}]},{"@type":"ImageObject","inLanguage":"pt-BR","@id":"https:\/\/folhapopular.info\/index.php\/2018\/05\/06\/homem-e-preso-apos-atirar-contra-menina-de-5-anos-em-taquari\/#primaryimage","url":"https:\/\/folhapopular.info\/wp-content\/uploads\/2018\/05\/WhatsApp-Image-2018-05-06-at-07.54.01.jpeg","contentUrl":"https:\/\/folhapopular.info\/wp-content\/uploads\/2018\/05\/WhatsApp-Image-2018-05-06-at-07.54.01.jpeg","width":960,"height":1280,"caption":"Homem foi preso ap\u00f3s ser localizado pelo crime de homic\u00eddio tentado"},{"@type":"BreadcrumbList","@id":"https:\/\/folhapopular.info\/index.php\/2018\/05\/06\/homem-e-preso-apos-atirar-contra-menina-de-5-anos-em-taquari\/#breadcrumb","itemListElement":[{"@type":"ListItem","position":1,"name":"In\u00edcio","item":"https:\/\/folhapopular.info\/"},{"@type":"ListItem","position":2,"name":"Homem \u00e9 preso ap\u00f3s atirar contra menina de 5 anos em Taquari"}]},{"@type":"WebSite","@id":"https:\/\/folhapopular.info\/#website","url":"https:\/\/folhapopular.info\/","name":"Folha Popular","description":"Onde voc\u00ea tem vez e voz","potentialAction":[{"@type":"SearchAction","target":{"@type":"EntryPoint","urlTemplate":"https:\/\/folhapopular.info\/?s={search_term_string}"},"query-input":{"@type":"PropertyValueSpecification","valueRequired":true,"valueName":"search_term_string"}}],"inLanguage":"pt-BR"},{"@type":"Person","@id":"https:\/\/folhapopular.info\/#\/schema\/person\/2814e8a0df7643585a9ca38bc6eb9d4b","name":"Reda\u00e7\u00e3o Folha Popular","image":{"@type":"ImageObject","inLanguage":"pt-BR","@id":"https:\/\/folhapopular.info\/wp-content\/uploads\/2026\/04\/Folha-1.webp","url":"https:\/\/folhapopular.info\/wp-content\/uploads\/2026\/04\/Folha-1.webp","contentUrl":"https:\/\/folhapopular.info\/wp-content\/uploads\/2026\/04\/Folha-1.webp","caption":"Reda\u00e7\u00e3o Folha Popular"},"url":"https:\/\/folhapopular.info\/index.php\/author\/redacao\/"}]}},"jetpack_featured_media_url":"https:\/\/folhapopular.info\/wp-content\/uploads\/2018\/05\/WhatsApp-Image-2018-05-06-at-07.54.01.jpeg","jetpack_sharing_enabled":true,"amp_enabled":true,"_links":{"self":[{"href":"https:\/\/folhapopular.info\/index.php\/wp-json\/wp\/v2\/posts\/43543","targetHints":{"allow":["GET"]}}],"collection":[{"href":"https:\/\/folhapopular.info\/index.php\/wp-json\/wp\/v2\/posts"}],"about":[{"href":"https:\/\/folhapopular.info\/index.php\/wp-json\/wp\/v2\/types\/post"}],"author":[{"embeddable":true,"href":"https:\/\/folhapopular.info\/index.php\/wp-json\/wp\/v2\/users\/8"}],"replies":[{"embeddable":true,"href":"https:\/\/folhapopular.info\/index.php\/wp-json\/wp\/v2\/comments?post=43543"}],"version-history":[{"count":0,"href":"https:\/\/folhapopular.info\/index.php\/wp-json\/wp\/v2\/posts\/43543\/revisions"}],"wp:featuredmedia":[{"embeddable":true,"href":"https:\/\/folhapopular.info\/index.php\/wp-json\/wp\/v2\/media\/43546"}],"wp:attachment":[{"href":"https:\/\/folhapopular.info\/index.php\/wp-json\/wp\/v2\/media?parent=43543"}],"wp:term":[{"taxonomy":"category","embeddable":true,"href":"https:\/\/folhapopular.info\/index.php\/wp-json\/wp\/v2\/categories?post=43543"},{"taxonomy":"post_tag","embeddable":true,"href":"https:\/\/folhapopular.info\/index.php\/wp-json\/wp\/v2\/tags?post=43543"}],"curies":[{"name":"wp","href":"https:\/\/api.w.org\/{rel}","templated":true}]}}