{"id":43765,"date":"2018-05-11T16:00:10","date_gmt":"2018-05-11T19:00:10","guid":{"rendered":"http:\/\/folhapopular.info\/?p=43765"},"modified":"2018-05-11T15:30:09","modified_gmt":"2018-05-11T18:30:09","slug":"escola-leopoldo-klepker-participa-de-projeto-sobre-cyberbullying-em-relvado","status":"publish","type":"post","link":"https:\/\/folhapopular.info\/index.php\/2018\/05\/11\/escola-leopoldo-klepker-participa-de-projeto-sobre-cyberbullying-em-relvado\/","title":{"rendered":"Escola Leopoldo Klepker participa de projeto sobre Cyberbullying em Relvado"},"content":{"rendered":"<p>Na semana passada, a Escola Municipal de Ensino Fundamental Leopoldo Klepker, do Bairro Alesgut, participou de uma mostra de trabalhos sobre Seguran\u00e7a na Internet do Vale do Taquari, em Relvado.\u00a0O projeto, promovido pelo Minist\u00e9rio P\u00fablico Federal, tem como finalidade conscientizar os estudantes quanto ao uso indevido da internet, para praticar principalmente o cyberbullying.\u00a0De forma din\u00e2mica, na pra\u00e7a, em Relvado, o educand\u00e1rio de Teut\u00f4nia teve a oportunidade de expor as atividades desenvolvidas, bem como, trocar ideias, interagir e aprender mais sobre este tema de suma import\u00e2ncia.<\/p>\n<p>Durante a Mostra, a Procuradora Geral da Rep\u00fablica, Jaqueline Ana Buffon, do Minist\u00e9rio P\u00fablico Federal, comentou sobre a necessidade de tratar sobre esta tem\u00e1tica entre os alunos. Jaqueline aproveitou o momento para ver de perto todas as atividades expostas, ouvindo e interagindo com os grupos. Estava presente tamb\u00e9m no evento, o Diretor da Safernet Brasil, Rodrigo Nejm, que mostrou-se motivado pelos trabalhos apresentados pelas escolas presentes.<\/p>\n<p>A EMEF Leopoldo Klepker trabalha o cyberbullying de forma interativa, atrav\u00e9s de di\u00e1logos, v\u00eddeos educativos e informativos, palestras, cartazes com envolvimento eficaz dos alunos. Uma das atividades propostas e realizadas, foi a videoconfer\u00eancia entre os alunos do 9\u00ba ano da escola municipal com o Col\u00e9gio Teut\u00f4nia. Na oportunidade foi poss\u00edvel trabalhar os temas atuais na internet como nudes, bullying, entre outras formas de ofensas.<\/p>\n<p>O projeto no educand\u00e1rio visa conceituar Cyberbullying, viol\u00eancia virtual: o que \u00e9, os tipos mais frequentes, como prevenir e o que fazer. Os alunos aprendem, sobre os sentimentos de quem agride e de quem \u00e9 agredido \u2013 sobre o que leva a agress\u00e3o, e sobre as poss\u00edveis repercuss\u00f5es sociais e psicol\u00f3gicas \u00e0 v\u00edtima deste ato de viol\u00eancia. Eles aprendem tamb\u00e9m a como evitar e excluir o Cyberbullying no contexto escolar, divulgar e conscientizar outros adolescentes.<\/p>\n<p><strong>Import\u00e2ncia do projeto<\/strong><\/p>\n<p>A professora de inform\u00e1tica Ana L\u00facia dos Santos Hamester, explica que cyberbullying \u00e9 quando uma pessoa agride outra pelos meios de comunica\u00e7\u00e3o virtual, como nas redes sociais, telefones e nas demais m\u00eddias virtuais. &#8220;O abuso sofrido pela v\u00edtima do bullying virtual \u00e9, em sua maioria, de cunho psicol\u00f3gico, no entanto ela pode chegar a se tornar f\u00edsica em casos extremos. Amea\u00e7as de morte, agress\u00e3o f\u00edsica e publica\u00e7\u00e3o de informa\u00e7\u00f5es pessoais de v\u00edtimas s\u00e3o alguns dos meios mais violentos de cyberbullying, j\u00e1 que coloca a v\u00edtima em situa\u00e7\u00e3o de risco e constante apreens\u00e3o diante da possibilidade de um atentado contra sua vida.\u00a0Muito embora o cyberbullying n\u00e3o consista em agress\u00f5es f\u00edsicas, e por isso \u00e9 comumente visto como menos danoso, tem consequ\u00eancias t\u00e3o ou mais graves quanto as do bullying f\u00edsico\u201d, comenta.<\/p>\n<p>De acordo com o professor de matem\u00e1tica Guilherme Germano Kilp, os ataques sofridos por uma v\u00edtima de cyberbullying s\u00e3o geralmente direcionados a caracter\u00edsticas pessoais da v\u00edtima e s\u00e3o feitas em meio p\u00fablico, denegrindo a imagem p\u00fablica da v\u00edtima e afetando sua autoestima. \u201cO abuso \u00e9 constante e pode tomar grandes propor\u00e7\u00f5es, j\u00e1 que a din\u00e2mica do mundo online \u00e9 enorme e, na maioria das vezes, imposs\u00edvel de se controlar\u201d, explica.<\/p>\n<p>Para a diretora da escola, Roseli Hartmann, o projeto sobre cyberbullying desenvolvido na escola \u00e9 de grande import\u00e2ncia, assim como para a sociedade num todo. \u201cO tema \u00e9 atual e cotidiano da sociedade moderna.\u00a0Ele orienta e informa os nossos estudantes quanto ao uso das tecnologias e redes sociais, desenvolvendo uma consci\u00eancia mais segura no uso da internet por parte de nossas crian\u00e7as e adolescentes\u201d, ressalta.<\/p>\n","protected":false},"excerpt":{"rendered":"<p>Na semana passada, a Escola Municipal de Ensino Fundamental Leopoldo Klepker, do Bairro Alesgut, participou de uma mostra de trabalhos sobre Seguran\u00e7a na Internet do Vale do Taquari, em Relvado.\u00a0O projeto, promovido pelo Minist\u00e9rio P\u00fablico Federal, tem como finalidade conscientizar os estudantes quanto ao uso indevido da internet, para praticar principalmente o cyberbullying.\u00a0De forma din\u00e2mica, [&hellip;]<\/p>\n","protected":false},"author":8,"featured_media":43766,"comment_status":"open","ping_status":"open","sticky":false,"template":"","format":"standard","meta":{"pmpro_default_level":"","_jetpack_memberships_contains_paid_content":false,"footnotes":""},"categories":[3],"tags":[2721,700,26],"class_list":{"0":"post-43765","1":"post","2":"type-post","3":"status-publish","4":"format-standard","5":"has-post-thumbnail","7":"category-geral","8":"tag-cyberbullyng","9":"tag-emef-leopoldo-klepker","10":"tag-teutonia","11":"pmpro-has-access"},"yoast_head":"<!-- This site is optimized with the Yoast SEO plugin v27.5 - https:\/\/yoast.com\/product\/yoast-seo-wordpress\/ -->\n<title>Escola Leopoldo Klepker participa de projeto sobre Cyberbullying em Relvado - Folha Popular<\/title>\n<meta name=\"robots\" content=\"index, follow, max-snippet:-1, max-image-preview:large, max-video-preview:-1\" \/>\n<link rel=\"canonical\" href=\"https:\/\/folhapopular.info\/index.php\/2018\/05\/11\/escola-leopoldo-klepker-participa-de-projeto-sobre-cyberbullying-em-relvado\/\" \/>\n<meta property=\"og:locale\" content=\"pt_BR\" \/>\n<meta property=\"og:type\" content=\"article\" \/>\n<meta property=\"og:title\" content=\"Escola Leopoldo Klepker participa de projeto sobre Cyberbullying em Relvado - Folha Popular\" \/>\n<meta property=\"og:description\" content=\"Na semana passada, a Escola Municipal de Ensino Fundamental Leopoldo Klepker, do Bairro Alesgut, participou de uma mostra de trabalhos sobre Seguran\u00e7a na Internet do Vale do Taquari, em Relvado.\u00a0O projeto, promovido pelo Minist\u00e9rio P\u00fablico Federal, tem como finalidade conscientizar os estudantes quanto ao uso indevido da internet, para praticar principalmente o cyberbullying.\u00a0De forma din\u00e2mica, [&hellip;]\" \/>\n<meta property=\"og:url\" content=\"https:\/\/folhapopular.info\/index.php\/2018\/05\/11\/escola-leopoldo-klepker-participa-de-projeto-sobre-cyberbullying-em-relvado\/\" \/>\n<meta property=\"og:site_name\" content=\"Folha Popular\" \/>\n<meta property=\"article:published_time\" content=\"2018-05-11T19:00:10+00:00\" \/>\n<meta property=\"og:image\" content=\"https:\/\/folhapopular.info\/wp-content\/uploads\/2018\/05\/Representantes-da-EMEF-Leopoldo-Klepker-participam-de-projeto-sobre-Cyberbullying-em-Relvado-e1526063344263.jpg\" \/>\n\t<meta property=\"og:image:width\" content=\"1000\" \/>\n\t<meta property=\"og:image:height\" content=\"722\" \/>\n\t<meta property=\"og:image:type\" content=\"image\/jpeg\" \/>\n<meta name=\"author\" content=\"Reda\u00e7\u00e3o Folha Popular\" \/>\n<meta name=\"twitter:card\" content=\"summary_large_image\" \/>\n<meta name=\"twitter:label1\" content=\"Escrito por\" \/>\n\t<meta name=\"twitter:data1\" content=\"Reda\u00e7\u00e3o Folha Popular\" \/>\n\t<meta name=\"twitter:label2\" content=\"Est. tempo de leitura\" \/>\n\t<meta name=\"twitter:data2\" content=\"3 minutos\" \/>\n<script type=\"application\/ld+json\" class=\"yoast-schema-graph\">{\"@context\":\"https:\\\/\\\/schema.org\",\"@graph\":[{\"@type\":\"Article\",\"@id\":\"https:\\\/\\\/folhapopular.info\\\/index.php\\\/2018\\\/05\\\/11\\\/escola-leopoldo-klepker-participa-de-projeto-sobre-cyberbullying-em-relvado\\\/#article\",\"isPartOf\":{\"@id\":\"https:\\\/\\\/folhapopular.info\\\/index.php\\\/2018\\\/05\\\/11\\\/escola-leopoldo-klepker-participa-de-projeto-sobre-cyberbullying-em-relvado\\\/\"},\"author\":{\"name\":\"Reda\u00e7\u00e3o Folha Popular\",\"@id\":\"https:\\\/\\\/folhapopular.info\\\/#\\\/schema\\\/person\\\/2814e8a0df7643585a9ca38bc6eb9d4b\"},\"headline\":\"Escola Leopoldo Klepker participa de projeto sobre Cyberbullying em Relvado\",\"datePublished\":\"2018-05-11T19:00:10+00:00\",\"mainEntityOfPage\":{\"@id\":\"https:\\\/\\\/folhapopular.info\\\/index.php\\\/2018\\\/05\\\/11\\\/escola-leopoldo-klepker-participa-de-projeto-sobre-cyberbullying-em-relvado\\\/\"},\"wordCount\":628,\"commentCount\":0,\"image\":{\"@id\":\"https:\\\/\\\/folhapopular.info\\\/index.php\\\/2018\\\/05\\\/11\\\/escola-leopoldo-klepker-participa-de-projeto-sobre-cyberbullying-em-relvado\\\/#primaryimage\"},\"thumbnailUrl\":\"https:\\\/\\\/folhapopular.info\\\/wp-content\\\/uploads\\\/2018\\\/05\\\/Representantes-da-EMEF-Leopoldo-Klepker-participam-de-projeto-sobre-Cyberbullying-em-Relvado-e1526063344263.jpg\",\"keywords\":[\"Cyberbullyng\",\"EMEF Leopoldo Klepker\",\"Teut\u00f4nia\"],\"articleSection\":[\"Geral\"],\"inLanguage\":\"pt-BR\",\"potentialAction\":[{\"@type\":\"CommentAction\",\"name\":\"Comment\",\"target\":[\"https:\\\/\\\/folhapopular.info\\\/index.php\\\/2018\\\/05\\\/11\\\/escola-leopoldo-klepker-participa-de-projeto-sobre-cyberbullying-em-relvado\\\/#respond\"]}]},{\"@type\":\"WebPage\",\"@id\":\"https:\\\/\\\/folhapopular.info\\\/index.php\\\/2018\\\/05\\\/11\\\/escola-leopoldo-klepker-participa-de-projeto-sobre-cyberbullying-em-relvado\\\/\",\"url\":\"https:\\\/\\\/folhapopular.info\\\/index.php\\\/2018\\\/05\\\/11\\\/escola-leopoldo-klepker-participa-de-projeto-sobre-cyberbullying-em-relvado\\\/\",\"name\":\"Escola Leopoldo Klepker participa de projeto sobre Cyberbullying em Relvado - Folha Popular\",\"isPartOf\":{\"@id\":\"https:\\\/\\\/folhapopular.info\\\/#website\"},\"primaryImageOfPage\":{\"@id\":\"https:\\\/\\\/folhapopular.info\\\/index.php\\\/2018\\\/05\\\/11\\\/escola-leopoldo-klepker-participa-de-projeto-sobre-cyberbullying-em-relvado\\\/#primaryimage\"},\"image\":{\"@id\":\"https:\\\/\\\/folhapopular.info\\\/index.php\\\/2018\\\/05\\\/11\\\/escola-leopoldo-klepker-participa-de-projeto-sobre-cyberbullying-em-relvado\\\/#primaryimage\"},\"thumbnailUrl\":\"https:\\\/\\\/folhapopular.info\\\/wp-content\\\/uploads\\\/2018\\\/05\\\/Representantes-da-EMEF-Leopoldo-Klepker-participam-de-projeto-sobre-Cyberbullying-em-Relvado-e1526063344263.jpg\",\"datePublished\":\"2018-05-11T19:00:10+00:00\",\"author\":{\"@id\":\"https:\\\/\\\/folhapopular.info\\\/#\\\/schema\\\/person\\\/2814e8a0df7643585a9ca38bc6eb9d4b\"},\"breadcrumb\":{\"@id\":\"https:\\\/\\\/folhapopular.info\\\/index.php\\\/2018\\\/05\\\/11\\\/escola-leopoldo-klepker-participa-de-projeto-sobre-cyberbullying-em-relvado\\\/#breadcrumb\"},\"inLanguage\":\"pt-BR\",\"potentialAction\":[{\"@type\":\"ReadAction\",\"target\":[\"https:\\\/\\\/folhapopular.info\\\/index.php\\\/2018\\\/05\\\/11\\\/escola-leopoldo-klepker-participa-de-projeto-sobre-cyberbullying-em-relvado\\\/\"]}]},{\"@type\":\"ImageObject\",\"inLanguage\":\"pt-BR\",\"@id\":\"https:\\\/\\\/folhapopular.info\\\/index.php\\\/2018\\\/05\\\/11\\\/escola-leopoldo-klepker-participa-de-projeto-sobre-cyberbullying-em-relvado\\\/#primaryimage\",\"url\":\"https:\\\/\\\/folhapopular.info\\\/wp-content\\\/uploads\\\/2018\\\/05\\\/Representantes-da-EMEF-Leopoldo-Klepker-participam-de-projeto-sobre-Cyberbullying-em-Relvado-e1526063344263.jpg\",\"contentUrl\":\"https:\\\/\\\/folhapopular.info\\\/wp-content\\\/uploads\\\/2018\\\/05\\\/Representantes-da-EMEF-Leopoldo-Klepker-participam-de-projeto-sobre-Cyberbullying-em-Relvado-e1526063344263.jpg\",\"width\":1000,\"height\":722,\"caption\":\"Representantes da EMEF Leopoldo Klepker participam de projeto sobre Cyberbullying em Relvado\"},{\"@type\":\"BreadcrumbList\",\"@id\":\"https:\\\/\\\/folhapopular.info\\\/index.php\\\/2018\\\/05\\\/11\\\/escola-leopoldo-klepker-participa-de-projeto-sobre-cyberbullying-em-relvado\\\/#breadcrumb\",\"itemListElement\":[{\"@type\":\"ListItem\",\"position\":1,\"name\":\"In\u00edcio\",\"item\":\"https:\\\/\\\/folhapopular.info\\\/\"},{\"@type\":\"ListItem\",\"position\":2,\"name\":\"Escola Leopoldo Klepker participa de projeto sobre Cyberbullying em Relvado\"}]},{\"@type\":\"WebSite\",\"@id\":\"https:\\\/\\\/folhapopular.info\\\/#website\",\"url\":\"https:\\\/\\\/folhapopular.info\\\/\",\"name\":\"Folha Popular\",\"description\":\"Onde voc\u00ea tem vez e voz\",\"potentialAction\":[{\"@type\":\"SearchAction\",\"target\":{\"@type\":\"EntryPoint\",\"urlTemplate\":\"https:\\\/\\\/folhapopular.info\\\/?s={search_term_string}\"},\"query-input\":{\"@type\":\"PropertyValueSpecification\",\"valueRequired\":true,\"valueName\":\"search_term_string\"}}],\"inLanguage\":\"pt-BR\"},{\"@type\":\"Person\",\"@id\":\"https:\\\/\\\/folhapopular.info\\\/#\\\/schema\\\/person\\\/2814e8a0df7643585a9ca38bc6eb9d4b\",\"name\":\"Reda\u00e7\u00e3o Folha Popular\",\"image\":{\"@type\":\"ImageObject\",\"inLanguage\":\"pt-BR\",\"@id\":\"https:\\\/\\\/folhapopular.info\\\/wp-content\\\/uploads\\\/2026\\\/04\\\/Folha-1.webp\",\"url\":\"https:\\\/\\\/folhapopular.info\\\/wp-content\\\/uploads\\\/2026\\\/04\\\/Folha-1.webp\",\"contentUrl\":\"https:\\\/\\\/folhapopular.info\\\/wp-content\\\/uploads\\\/2026\\\/04\\\/Folha-1.webp\",\"caption\":\"Reda\u00e7\u00e3o Folha Popular\"},\"url\":\"https:\\\/\\\/folhapopular.info\\\/index.php\\\/author\\\/redacao\\\/\"}]}<\/script>\n<!-- \/ Yoast SEO plugin. -->","yoast_head_json":{"title":"Escola Leopoldo Klepker participa de projeto sobre Cyberbullying em Relvado - Folha Popular","robots":{"index":"index","follow":"follow","max-snippet":"max-snippet:-1","max-image-preview":"max-image-preview:large","max-video-preview":"max-video-preview:-1"},"canonical":"https:\/\/folhapopular.info\/index.php\/2018\/05\/11\/escola-leopoldo-klepker-participa-de-projeto-sobre-cyberbullying-em-relvado\/","og_locale":"pt_BR","og_type":"article","og_title":"Escola Leopoldo Klepker participa de projeto sobre Cyberbullying em Relvado - Folha Popular","og_description":"Na semana passada, a Escola Municipal de Ensino Fundamental Leopoldo Klepker, do Bairro Alesgut, participou de uma mostra de trabalhos sobre Seguran\u00e7a na Internet do Vale do Taquari, em Relvado.\u00a0O projeto, promovido pelo Minist\u00e9rio P\u00fablico Federal, tem como finalidade conscientizar os estudantes quanto ao uso indevido da internet, para praticar principalmente o cyberbullying.\u00a0De forma din\u00e2mica, [&hellip;]","og_url":"https:\/\/folhapopular.info\/index.php\/2018\/05\/11\/escola-leopoldo-klepker-participa-de-projeto-sobre-cyberbullying-em-relvado\/","og_site_name":"Folha Popular","article_published_time":"2018-05-11T19:00:10+00:00","og_image":[{"width":1000,"height":722,"url":"https:\/\/folhapopular.info\/wp-content\/uploads\/2018\/05\/Representantes-da-EMEF-Leopoldo-Klepker-participam-de-projeto-sobre-Cyberbullying-em-Relvado-e1526063344263.jpg","type":"image\/jpeg"}],"author":"Reda\u00e7\u00e3o Folha Popular","twitter_card":"summary_large_image","twitter_misc":{"Escrito por":"Reda\u00e7\u00e3o Folha Popular","Est. tempo de leitura":"3 minutos"},"schema":{"@context":"https:\/\/schema.org","@graph":[{"@type":"Article","@id":"https:\/\/folhapopular.info\/index.php\/2018\/05\/11\/escola-leopoldo-klepker-participa-de-projeto-sobre-cyberbullying-em-relvado\/#article","isPartOf":{"@id":"https:\/\/folhapopular.info\/index.php\/2018\/05\/11\/escola-leopoldo-klepker-participa-de-projeto-sobre-cyberbullying-em-relvado\/"},"author":{"name":"Reda\u00e7\u00e3o Folha Popular","@id":"https:\/\/folhapopular.info\/#\/schema\/person\/2814e8a0df7643585a9ca38bc6eb9d4b"},"headline":"Escola Leopoldo Klepker participa de projeto sobre Cyberbullying em Relvado","datePublished":"2018-05-11T19:00:10+00:00","mainEntityOfPage":{"@id":"https:\/\/folhapopular.info\/index.php\/2018\/05\/11\/escola-leopoldo-klepker-participa-de-projeto-sobre-cyberbullying-em-relvado\/"},"wordCount":628,"commentCount":0,"image":{"@id":"https:\/\/folhapopular.info\/index.php\/2018\/05\/11\/escola-leopoldo-klepker-participa-de-projeto-sobre-cyberbullying-em-relvado\/#primaryimage"},"thumbnailUrl":"https:\/\/folhapopular.info\/wp-content\/uploads\/2018\/05\/Representantes-da-EMEF-Leopoldo-Klepker-participam-de-projeto-sobre-Cyberbullying-em-Relvado-e1526063344263.jpg","keywords":["Cyberbullyng","EMEF Leopoldo Klepker","Teut\u00f4nia"],"articleSection":["Geral"],"inLanguage":"pt-BR","potentialAction":[{"@type":"CommentAction","name":"Comment","target":["https:\/\/folhapopular.info\/index.php\/2018\/05\/11\/escola-leopoldo-klepker-participa-de-projeto-sobre-cyberbullying-em-relvado\/#respond"]}]},{"@type":"WebPage","@id":"https:\/\/folhapopular.info\/index.php\/2018\/05\/11\/escola-leopoldo-klepker-participa-de-projeto-sobre-cyberbullying-em-relvado\/","url":"https:\/\/folhapopular.info\/index.php\/2018\/05\/11\/escola-leopoldo-klepker-participa-de-projeto-sobre-cyberbullying-em-relvado\/","name":"Escola Leopoldo Klepker participa de projeto sobre Cyberbullying em Relvado - Folha Popular","isPartOf":{"@id":"https:\/\/folhapopular.info\/#website"},"primaryImageOfPage":{"@id":"https:\/\/folhapopular.info\/index.php\/2018\/05\/11\/escola-leopoldo-klepker-participa-de-projeto-sobre-cyberbullying-em-relvado\/#primaryimage"},"image":{"@id":"https:\/\/folhapopular.info\/index.php\/2018\/05\/11\/escola-leopoldo-klepker-participa-de-projeto-sobre-cyberbullying-em-relvado\/#primaryimage"},"thumbnailUrl":"https:\/\/folhapopular.info\/wp-content\/uploads\/2018\/05\/Representantes-da-EMEF-Leopoldo-Klepker-participam-de-projeto-sobre-Cyberbullying-em-Relvado-e1526063344263.jpg","datePublished":"2018-05-11T19:00:10+00:00","author":{"@id":"https:\/\/folhapopular.info\/#\/schema\/person\/2814e8a0df7643585a9ca38bc6eb9d4b"},"breadcrumb":{"@id":"https:\/\/folhapopular.info\/index.php\/2018\/05\/11\/escola-leopoldo-klepker-participa-de-projeto-sobre-cyberbullying-em-relvado\/#breadcrumb"},"inLanguage":"pt-BR","potentialAction":[{"@type":"ReadAction","target":["https:\/\/folhapopular.info\/index.php\/2018\/05\/11\/escola-leopoldo-klepker-participa-de-projeto-sobre-cyberbullying-em-relvado\/"]}]},{"@type":"ImageObject","inLanguage":"pt-BR","@id":"https:\/\/folhapopular.info\/index.php\/2018\/05\/11\/escola-leopoldo-klepker-participa-de-projeto-sobre-cyberbullying-em-relvado\/#primaryimage","url":"https:\/\/folhapopular.info\/wp-content\/uploads\/2018\/05\/Representantes-da-EMEF-Leopoldo-Klepker-participam-de-projeto-sobre-Cyberbullying-em-Relvado-e1526063344263.jpg","contentUrl":"https:\/\/folhapopular.info\/wp-content\/uploads\/2018\/05\/Representantes-da-EMEF-Leopoldo-Klepker-participam-de-projeto-sobre-Cyberbullying-em-Relvado-e1526063344263.jpg","width":1000,"height":722,"caption":"Representantes da EMEF Leopoldo Klepker participam de projeto sobre Cyberbullying em Relvado"},{"@type":"BreadcrumbList","@id":"https:\/\/folhapopular.info\/index.php\/2018\/05\/11\/escola-leopoldo-klepker-participa-de-projeto-sobre-cyberbullying-em-relvado\/#breadcrumb","itemListElement":[{"@type":"ListItem","position":1,"name":"In\u00edcio","item":"https:\/\/folhapopular.info\/"},{"@type":"ListItem","position":2,"name":"Escola Leopoldo Klepker participa de projeto sobre Cyberbullying em Relvado"}]},{"@type":"WebSite","@id":"https:\/\/folhapopular.info\/#website","url":"https:\/\/folhapopular.info\/","name":"Folha Popular","description":"Onde voc\u00ea tem vez e voz","potentialAction":[{"@type":"SearchAction","target":{"@type":"EntryPoint","urlTemplate":"https:\/\/folhapopular.info\/?s={search_term_string}"},"query-input":{"@type":"PropertyValueSpecification","valueRequired":true,"valueName":"search_term_string"}}],"inLanguage":"pt-BR"},{"@type":"Person","@id":"https:\/\/folhapopular.info\/#\/schema\/person\/2814e8a0df7643585a9ca38bc6eb9d4b","name":"Reda\u00e7\u00e3o Folha Popular","image":{"@type":"ImageObject","inLanguage":"pt-BR","@id":"https:\/\/folhapopular.info\/wp-content\/uploads\/2026\/04\/Folha-1.webp","url":"https:\/\/folhapopular.info\/wp-content\/uploads\/2026\/04\/Folha-1.webp","contentUrl":"https:\/\/folhapopular.info\/wp-content\/uploads\/2026\/04\/Folha-1.webp","caption":"Reda\u00e7\u00e3o Folha Popular"},"url":"https:\/\/folhapopular.info\/index.php\/author\/redacao\/"}]}},"jetpack_featured_media_url":"https:\/\/folhapopular.info\/wp-content\/uploads\/2018\/05\/Representantes-da-EMEF-Leopoldo-Klepker-participam-de-projeto-sobre-Cyberbullying-em-Relvado-e1526063344263.jpg","jetpack_sharing_enabled":true,"amp_enabled":true,"_links":{"self":[{"href":"https:\/\/folhapopular.info\/index.php\/wp-json\/wp\/v2\/posts\/43765","targetHints":{"allow":["GET"]}}],"collection":[{"href":"https:\/\/folhapopular.info\/index.php\/wp-json\/wp\/v2\/posts"}],"about":[{"href":"https:\/\/folhapopular.info\/index.php\/wp-json\/wp\/v2\/types\/post"}],"author":[{"embeddable":true,"href":"https:\/\/folhapopular.info\/index.php\/wp-json\/wp\/v2\/users\/8"}],"replies":[{"embeddable":true,"href":"https:\/\/folhapopular.info\/index.php\/wp-json\/wp\/v2\/comments?post=43765"}],"version-history":[{"count":0,"href":"https:\/\/folhapopular.info\/index.php\/wp-json\/wp\/v2\/posts\/43765\/revisions"}],"wp:featuredmedia":[{"embeddable":true,"href":"https:\/\/folhapopular.info\/index.php\/wp-json\/wp\/v2\/media\/43766"}],"wp:attachment":[{"href":"https:\/\/folhapopular.info\/index.php\/wp-json\/wp\/v2\/media?parent=43765"}],"wp:term":[{"taxonomy":"category","embeddable":true,"href":"https:\/\/folhapopular.info\/index.php\/wp-json\/wp\/v2\/categories?post=43765"},{"taxonomy":"post_tag","embeddable":true,"href":"https:\/\/folhapopular.info\/index.php\/wp-json\/wp\/v2\/tags?post=43765"}],"curies":[{"name":"wp","href":"https:\/\/api.w.org\/{rel}","templated":true}]}}