{"id":43938,"date":"2018-05-13T18:15:33","date_gmt":"2018-05-13T21:15:33","guid":{"rendered":"http:\/\/folhapopular.info\/?p=43938"},"modified":"2018-05-13T18:15:33","modified_gmt":"2018-05-13T21:15:33","slug":"juventude-e-atletico-gaucho-sao-finalistas-do-amador-de-teutonia","status":"publish","type":"post","link":"https:\/\/folhapopular.info\/index.php\/2018\/05\/13\/juventude-e-atletico-gaucho-sao-finalistas-do-amador-de-teutonia\/","title":{"rendered":"Juventude e Atl\u00e9tico Ga\u00facho s\u00e3o finalistas do Amador de Teut\u00f4nia"},"content":{"rendered":"<p>O Campeonato Municipal de Teut\u00f4nia conheceu os finalistas na tarde deste domingo (13\/05), quando foram disputados os jogos de volta das semifinais da categoria Titulares. Juventude de Linha Frank e Atl\u00e9tico Ga\u00facho do Loteamento 8 conquistaram as vagas \u00e0 final da competi\u00e7\u00e3o e reeditam a decis\u00e3o de 2010, quando o Ju foi campe\u00e3o.<\/p>\n<p>O primeiro jogo da final est\u00e1 previsto para o pr\u00f3ximo domingo (20\/05), com mando do jogo de ida do Atl\u00e9tico Ga\u00facho (m\u00e9dia de 31,25 na disciplina). O jogo de volta ser\u00e1 dia 03\/06, com mando do Juventude (m\u00e9dia de 28,57 na disciplina). A vantagem dos empates, na categoria Titulares, \u00e9 do Juventude, que chega invicto e com a melhor campanha geral.<\/p>\n<p>Os detalhes da decis\u00e3o ser\u00e3o definidos nesta ter\u00e7a-feira (15\/05), \u00e0s 19\u00a0 horas, no Hotel Uni\u00e3o, no Bairro Languiru, quando a ACAT reunir\u00e1 as equipes finalistas.<\/p>\n<p>Nas partidas semifinais, em Linha Frank \/ Vila Cuba, o Juventude voltou a vencer no jogo de volta da semifinal, fazendo 2 a 1 no Alto Taquari da S\u00e3o Jac\u00f3. Alex J\u00fanior abriu o escore para o Ju no in\u00edcio da partida. Padilha empatou para o Alto Taquari: 1 a 1. No segundo tempo, Alex J\u00fanior recolocou o Juventude \u00e0 frente.\u00a0O Alto Taquari desperdi\u00e7ou um p\u00eanalti, aos 40min do 2\u00ba tempo, cuja cobran\u00e7a de Padilha foi defendida pelo goleiro Chaleira.<\/p>\n<figure id=\"attachment_43942\" aria-describedby=\"caption-attachment-43942\" style=\"width: 696px\" class=\"wp-caption aligncenter\"><a href=\"https:\/\/folhapopular.info\/wp-content\/uploads\/2018\/05\/WhatsApp-Image-2018-05-06-at-20.12.30.jpeg\"><img loading=\"lazy\" decoding=\"async\" class=\"size-large wp-image-43942\" src=\"https:\/\/folhapopular.info\/wp-content\/uploads\/2018\/05\/WhatsApp-Image-2018-05-06-at-20.12.30-1024x575.jpeg\" alt=\"\" width=\"696\" height=\"391\" srcset=\"https:\/\/folhapopular.info\/wp-content\/uploads\/2018\/05\/WhatsApp-Image-2018-05-06-at-20.12.30-1024x575.jpeg 1024w, https:\/\/folhapopular.info\/wp-content\/uploads\/2018\/05\/WhatsApp-Image-2018-05-06-at-20.12.30-300x168.jpeg 300w, https:\/\/folhapopular.info\/wp-content\/uploads\/2018\/05\/WhatsApp-Image-2018-05-06-at-20.12.30-768x431.jpeg 768w, https:\/\/folhapopular.info\/wp-content\/uploads\/2018\/05\/WhatsApp-Image-2018-05-06-at-20.12.30-696x391.jpeg 696w, https:\/\/folhapopular.info\/wp-content\/uploads\/2018\/05\/WhatsApp-Image-2018-05-06-at-20.12.30-748x420.jpeg 748w, https:\/\/folhapopular.info\/wp-content\/uploads\/2018\/05\/WhatsApp-Image-2018-05-06-at-20.12.30.jpeg 1040w\" sizes=\"auto, (max-width: 696px) 100vw, 696px\" \/><\/a><figcaption id=\"caption-attachment-43942\" class=\"wp-caption-text\">Juventude de Linha Frank \/ Vila Cuba<\/figcaption><\/figure>\n<figure id=\"attachment_43941\" aria-describedby=\"caption-attachment-43941\" style=\"width: 696px\" class=\"wp-caption aligncenter\"><a href=\"https:\/\/folhapopular.info\/wp-content\/uploads\/2018\/05\/WhatsApp-Image-2018-05-06-at-20.12.33.jpeg\"><img loading=\"lazy\" decoding=\"async\" class=\"size-large wp-image-43941\" src=\"https:\/\/folhapopular.info\/wp-content\/uploads\/2018\/05\/WhatsApp-Image-2018-05-06-at-20.12.33-1024x575.jpeg\" alt=\"\" width=\"696\" height=\"391\" srcset=\"https:\/\/folhapopular.info\/wp-content\/uploads\/2018\/05\/WhatsApp-Image-2018-05-06-at-20.12.33-1024x575.jpeg 1024w, https:\/\/folhapopular.info\/wp-content\/uploads\/2018\/05\/WhatsApp-Image-2018-05-06-at-20.12.33-300x168.jpeg 300w, https:\/\/folhapopular.info\/wp-content\/uploads\/2018\/05\/WhatsApp-Image-2018-05-06-at-20.12.33-768x431.jpeg 768w, https:\/\/folhapopular.info\/wp-content\/uploads\/2018\/05\/WhatsApp-Image-2018-05-06-at-20.12.33-696x391.jpeg 696w, https:\/\/folhapopular.info\/wp-content\/uploads\/2018\/05\/WhatsApp-Image-2018-05-06-at-20.12.33-748x420.jpeg 748w, https:\/\/folhapopular.info\/wp-content\/uploads\/2018\/05\/WhatsApp-Image-2018-05-06-at-20.12.33.jpeg 1040w\" sizes=\"auto, (max-width: 696px) 100vw, 696px\" \/><\/a><figcaption id=\"caption-attachment-43941\" class=\"wp-caption-text\">Alto Taquari de S\u00e3o Jac\u00f3<\/figcaption><\/figure>\n<p>No Loteamento 8, o Esperan\u00e7a venceu o Atl\u00e9tico Ga\u00facho por 3 a 0 no tempo normal de jogo. Igor abriu o escore aos 34min do 1\u00ba tempo, marcando 1 a 0 de cabe\u00e7a. No in\u00edcio do segundo tempo, logo com 5min, Mathias ampliou para 2 a 0. Scholz anotou 3 a 0 aos 45min do 2\u00ba tempo. Nas cobran\u00e7as de p\u00eanaltis, o Atl\u00e9tico Ga\u00facho conquistou a vaga para a final ap\u00f3s vencer a disputa por 6 a 5. O goleiro M\u00e1rio pegou dois p\u00eanaltis.<\/p>\n<figure id=\"attachment_43940\" aria-describedby=\"caption-attachment-43940\" style=\"width: 696px\" class=\"wp-caption aligncenter\"><a href=\"https:\/\/folhapopular.info\/wp-content\/uploads\/2018\/05\/PHOTO-2018-05-13-15-37-03.jpg\"><img loading=\"lazy\" decoding=\"async\" class=\"size-large wp-image-43940\" src=\"https:\/\/folhapopular.info\/wp-content\/uploads\/2018\/05\/PHOTO-2018-05-13-15-37-03-1024x576.jpg\" alt=\"\" width=\"696\" height=\"392\" srcset=\"https:\/\/folhapopular.info\/wp-content\/uploads\/2018\/05\/PHOTO-2018-05-13-15-37-03-1024x576.jpg 1024w, https:\/\/folhapopular.info\/wp-content\/uploads\/2018\/05\/PHOTO-2018-05-13-15-37-03-300x169.jpg 300w, https:\/\/folhapopular.info\/wp-content\/uploads\/2018\/05\/PHOTO-2018-05-13-15-37-03-768x432.jpg 768w, https:\/\/folhapopular.info\/wp-content\/uploads\/2018\/05\/PHOTO-2018-05-13-15-37-03-696x392.jpg 696w, https:\/\/folhapopular.info\/wp-content\/uploads\/2018\/05\/PHOTO-2018-05-13-15-37-03.jpg 1032w, https:\/\/folhapopular.info\/wp-content\/uploads\/2018\/05\/PHOTO-2018-05-13-15-37-03-746x420.jpg 746w\" sizes=\"auto, (max-width: 696px) 100vw, 696px\" \/><\/a><figcaption id=\"caption-attachment-43940\" class=\"wp-caption-text\">Atl\u00e9tico Ga\u00facho do Loteamento 8<\/figcaption><\/figure>\n<figure id=\"attachment_43939\" aria-describedby=\"caption-attachment-43939\" style=\"width: 696px\" class=\"wp-caption aligncenter\"><a href=\"https:\/\/folhapopular.info\/wp-content\/uploads\/2018\/05\/PHOTO-2018-05-13-15-38-07.jpg\"><img loading=\"lazy\" decoding=\"async\" class=\"size-large wp-image-43939\" src=\"https:\/\/folhapopular.info\/wp-content\/uploads\/2018\/05\/PHOTO-2018-05-13-15-38-07-1024x576.jpg\" alt=\"\" width=\"696\" height=\"392\" srcset=\"https:\/\/folhapopular.info\/wp-content\/uploads\/2018\/05\/PHOTO-2018-05-13-15-38-07-1024x576.jpg 1024w, https:\/\/folhapopular.info\/wp-content\/uploads\/2018\/05\/PHOTO-2018-05-13-15-38-07-300x169.jpg 300w, https:\/\/folhapopular.info\/wp-content\/uploads\/2018\/05\/PHOTO-2018-05-13-15-38-07-768x432.jpg 768w, https:\/\/folhapopular.info\/wp-content\/uploads\/2018\/05\/PHOTO-2018-05-13-15-38-07-696x392.jpg 696w, https:\/\/folhapopular.info\/wp-content\/uploads\/2018\/05\/PHOTO-2018-05-13-15-38-07.jpg 1032w, https:\/\/folhapopular.info\/wp-content\/uploads\/2018\/05\/PHOTO-2018-05-13-15-38-07-746x420.jpg 746w\" sizes=\"auto, (max-width: 696px) 100vw, 696px\" \/><\/a><figcaption id=\"caption-attachment-43939\" class=\"wp-caption-text\">Esperan\u00e7a do Bairro Languiru<\/figcaption><\/figure>\n","protected":false},"excerpt":{"rendered":"<p>O Campeonato Municipal de Teut\u00f4nia conheceu os finalistas na tarde deste domingo (13\/05), quando foram disputados os jogos de volta das semifinais da categoria Titulares. Juventude de Linha Frank e Atl\u00e9tico Ga\u00facho do Loteamento 8 conquistaram as vagas \u00e0 final da competi\u00e7\u00e3o e reeditam a decis\u00e3o de 2010, quando o Ju foi campe\u00e3o. O primeiro [&hellip;]<\/p>\n","protected":false},"author":7,"featured_media":43943,"comment_status":"open","ping_status":"open","sticky":false,"template":"","format":"standard","meta":{"pmpro_default_level":"","_jetpack_memberships_contains_paid_content":false,"footnotes":""},"categories":[2,5,240,49],"tags":[499,147,26],"class_list":{"0":"post-43938","1":"post","2":"type-post","3":"status-publish","4":"format-standard","5":"has-post-thumbnail","7":"category-featured","8":"category-esportes","9":"category-futebol-amador","10":"category-municipal_teutonia","11":"tag-campeonato-municipal","12":"tag-futebol-amador","13":"tag-teutonia","14":"pmpro-has-access"},"yoast_head":"<!-- This site is optimized with the Yoast SEO plugin v27.5 - https:\/\/yoast.com\/product\/yoast-seo-wordpress\/ -->\n<title>Juventude e Atl\u00e9tico Ga\u00facho s\u00e3o finalistas do Amador de Teut\u00f4nia - Folha Popular<\/title>\n<meta name=\"robots\" content=\"index, follow, max-snippet:-1, max-image-preview:large, max-video-preview:-1\" \/>\n<link rel=\"canonical\" href=\"https:\/\/folhapopular.info\/index.php\/2018\/05\/13\/juventude-e-atletico-gaucho-sao-finalistas-do-amador-de-teutonia\/\" \/>\n<meta property=\"og:locale\" content=\"pt_BR\" \/>\n<meta property=\"og:type\" content=\"article\" \/>\n<meta property=\"og:title\" content=\"Juventude e Atl\u00e9tico Ga\u00facho s\u00e3o finalistas do Amador de Teut\u00f4nia - Folha Popular\" \/>\n<meta property=\"og:description\" content=\"O Campeonato Municipal de Teut\u00f4nia conheceu os finalistas na tarde deste domingo (13\/05), quando foram disputados os jogos de volta das semifinais da categoria Titulares. Juventude de Linha Frank e Atl\u00e9tico Ga\u00facho do Loteamento 8 conquistaram as vagas \u00e0 final da competi\u00e7\u00e3o e reeditam a decis\u00e3o de 2010, quando o Ju foi campe\u00e3o. O primeiro [&hellip;]\" \/>\n<meta property=\"og:url\" content=\"https:\/\/folhapopular.info\/index.php\/2018\/05\/13\/juventude-e-atletico-gaucho-sao-finalistas-do-amador-de-teutonia\/\" \/>\n<meta property=\"og:site_name\" content=\"Folha Popular\" \/>\n<meta property=\"article:published_time\" content=\"2018-05-13T21:15:33+00:00\" \/>\n<meta property=\"og:image\" content=\"https:\/\/folhapopular.info\/wp-content\/uploads\/2018\/05\/Atl\u00e9tico-Ga\u00facho-vermelho-fez-o-gol-da-vit\u00f3ria-no-primeiro-minuto-e1526245474272.jpg\" \/>\n\t<meta property=\"og:image:width\" content=\"1000\" \/>\n\t<meta property=\"og:image:height\" content=\"750\" \/>\n\t<meta property=\"og:image:type\" content=\"image\/jpeg\" \/>\n<meta name=\"author\" content=\"Lucas Leandro Brune\" \/>\n<meta name=\"twitter:card\" content=\"summary_large_image\" \/>\n<meta name=\"twitter:label1\" content=\"Escrito por\" \/>\n\t<meta name=\"twitter:data1\" content=\"Lucas Leandro Brune\" \/>\n\t<meta name=\"twitter:label2\" content=\"Est. tempo de leitura\" \/>\n\t<meta name=\"twitter:data2\" content=\"2 minutos\" \/>\n<script type=\"application\/ld+json\" class=\"yoast-schema-graph\">{\"@context\":\"https:\\\/\\\/schema.org\",\"@graph\":[{\"@type\":\"Article\",\"@id\":\"https:\\\/\\\/folhapopular.info\\\/index.php\\\/2018\\\/05\\\/13\\\/juventude-e-atletico-gaucho-sao-finalistas-do-amador-de-teutonia\\\/#article\",\"isPartOf\":{\"@id\":\"https:\\\/\\\/folhapopular.info\\\/index.php\\\/2018\\\/05\\\/13\\\/juventude-e-atletico-gaucho-sao-finalistas-do-amador-de-teutonia\\\/\"},\"author\":{\"name\":\"Lucas Leandro Brune\",\"@id\":\"https:\\\/\\\/folhapopular.info\\\/#\\\/schema\\\/person\\\/533a15f60cd49e81ab3a90b4ca33cb36\"},\"headline\":\"Juventude e Atl\u00e9tico Ga\u00facho s\u00e3o finalistas do Amador de Teut\u00f4nia\",\"datePublished\":\"2018-05-13T21:15:33+00:00\",\"mainEntityOfPage\":{\"@id\":\"https:\\\/\\\/folhapopular.info\\\/index.php\\\/2018\\\/05\\\/13\\\/juventude-e-atletico-gaucho-sao-finalistas-do-amador-de-teutonia\\\/\"},\"wordCount\":372,\"commentCount\":0,\"image\":{\"@id\":\"https:\\\/\\\/folhapopular.info\\\/index.php\\\/2018\\\/05\\\/13\\\/juventude-e-atletico-gaucho-sao-finalistas-do-amador-de-teutonia\\\/#primaryimage\"},\"thumbnailUrl\":\"https:\\\/\\\/folhapopular.info\\\/wp-content\\\/uploads\\\/2018\\\/05\\\/Atl\u00e9tico-Ga\u00facho-vermelho-fez-o-gol-da-vit\u00f3ria-no-primeiro-minuto-e1526245474272.jpg\",\"keywords\":[\"Campeonato Municipal\",\"futebol amador\",\"Teut\u00f4nia\"],\"articleSection\":[\"Destaques\",\"Esportes\",\"Futebol Amador\",\"Municipal de Teut\u00f4nia\"],\"inLanguage\":\"pt-BR\",\"potentialAction\":[{\"@type\":\"CommentAction\",\"name\":\"Comment\",\"target\":[\"https:\\\/\\\/folhapopular.info\\\/index.php\\\/2018\\\/05\\\/13\\\/juventude-e-atletico-gaucho-sao-finalistas-do-amador-de-teutonia\\\/#respond\"]}]},{\"@type\":\"WebPage\",\"@id\":\"https:\\\/\\\/folhapopular.info\\\/index.php\\\/2018\\\/05\\\/13\\\/juventude-e-atletico-gaucho-sao-finalistas-do-amador-de-teutonia\\\/\",\"url\":\"https:\\\/\\\/folhapopular.info\\\/index.php\\\/2018\\\/05\\\/13\\\/juventude-e-atletico-gaucho-sao-finalistas-do-amador-de-teutonia\\\/\",\"name\":\"Juventude e Atl\u00e9tico Ga\u00facho s\u00e3o finalistas do Amador de Teut\u00f4nia - Folha Popular\",\"isPartOf\":{\"@id\":\"https:\\\/\\\/folhapopular.info\\\/#website\"},\"primaryImageOfPage\":{\"@id\":\"https:\\\/\\\/folhapopular.info\\\/index.php\\\/2018\\\/05\\\/13\\\/juventude-e-atletico-gaucho-sao-finalistas-do-amador-de-teutonia\\\/#primaryimage\"},\"image\":{\"@id\":\"https:\\\/\\\/folhapopular.info\\\/index.php\\\/2018\\\/05\\\/13\\\/juventude-e-atletico-gaucho-sao-finalistas-do-amador-de-teutonia\\\/#primaryimage\"},\"thumbnailUrl\":\"https:\\\/\\\/folhapopular.info\\\/wp-content\\\/uploads\\\/2018\\\/05\\\/Atl\u00e9tico-Ga\u00facho-vermelho-fez-o-gol-da-vit\u00f3ria-no-primeiro-minuto-e1526245474272.jpg\",\"datePublished\":\"2018-05-13T21:15:33+00:00\",\"author\":{\"@id\":\"https:\\\/\\\/folhapopular.info\\\/#\\\/schema\\\/person\\\/533a15f60cd49e81ab3a90b4ca33cb36\"},\"breadcrumb\":{\"@id\":\"https:\\\/\\\/folhapopular.info\\\/index.php\\\/2018\\\/05\\\/13\\\/juventude-e-atletico-gaucho-sao-finalistas-do-amador-de-teutonia\\\/#breadcrumb\"},\"inLanguage\":\"pt-BR\",\"potentialAction\":[{\"@type\":\"ReadAction\",\"target\":[\"https:\\\/\\\/folhapopular.info\\\/index.php\\\/2018\\\/05\\\/13\\\/juventude-e-atletico-gaucho-sao-finalistas-do-amador-de-teutonia\\\/\"]}]},{\"@type\":\"ImageObject\",\"inLanguage\":\"pt-BR\",\"@id\":\"https:\\\/\\\/folhapopular.info\\\/index.php\\\/2018\\\/05\\\/13\\\/juventude-e-atletico-gaucho-sao-finalistas-do-amador-de-teutonia\\\/#primaryimage\",\"url\":\"https:\\\/\\\/folhapopular.info\\\/wp-content\\\/uploads\\\/2018\\\/05\\\/Atl\u00e9tico-Ga\u00facho-vermelho-fez-o-gol-da-vit\u00f3ria-no-primeiro-minuto-e1526245474272.jpg\",\"contentUrl\":\"https:\\\/\\\/folhapopular.info\\\/wp-content\\\/uploads\\\/2018\\\/05\\\/Atl\u00e9tico-Ga\u00facho-vermelho-fez-o-gol-da-vit\u00f3ria-no-primeiro-minuto-e1526245474272.jpg\",\"width\":1000,\"height\":750,\"caption\":\"Esperan\u00e7a venceu o Atl\u00e9tico no Loteamento 8, mas o Atl\u00e9tico levou a vaga nos p\u00eanaltis\"},{\"@type\":\"BreadcrumbList\",\"@id\":\"https:\\\/\\\/folhapopular.info\\\/index.php\\\/2018\\\/05\\\/13\\\/juventude-e-atletico-gaucho-sao-finalistas-do-amador-de-teutonia\\\/#breadcrumb\",\"itemListElement\":[{\"@type\":\"ListItem\",\"position\":1,\"name\":\"In\u00edcio\",\"item\":\"https:\\\/\\\/folhapopular.info\\\/\"},{\"@type\":\"ListItem\",\"position\":2,\"name\":\"Juventude e Atl\u00e9tico Ga\u00facho s\u00e3o finalistas do Amador de Teut\u00f4nia\"}]},{\"@type\":\"WebSite\",\"@id\":\"https:\\\/\\\/folhapopular.info\\\/#website\",\"url\":\"https:\\\/\\\/folhapopular.info\\\/\",\"name\":\"Folha Popular\",\"description\":\"Onde voc\u00ea tem vez e voz\",\"potentialAction\":[{\"@type\":\"SearchAction\",\"target\":{\"@type\":\"EntryPoint\",\"urlTemplate\":\"https:\\\/\\\/folhapopular.info\\\/?s={search_term_string}\"},\"query-input\":{\"@type\":\"PropertyValueSpecification\",\"valueRequired\":true,\"valueName\":\"search_term_string\"}}],\"inLanguage\":\"pt-BR\"},{\"@type\":\"Person\",\"@id\":\"https:\\\/\\\/folhapopular.info\\\/#\\\/schema\\\/person\\\/533a15f60cd49e81ab3a90b4ca33cb36\",\"name\":\"Lucas Leandro Brune\",\"image\":{\"@type\":\"ImageObject\",\"inLanguage\":\"pt-BR\",\"@id\":\"https:\\\/\\\/folhapopular.info\\\/wp-content\\\/uploads\\\/2026\\\/04\\\/LUCAS-1-1.webp\",\"url\":\"https:\\\/\\\/folhapopular.info\\\/wp-content\\\/uploads\\\/2026\\\/04\\\/LUCAS-1-1.webp\",\"contentUrl\":\"https:\\\/\\\/folhapopular.info\\\/wp-content\\\/uploads\\\/2026\\\/04\\\/LUCAS-1-1.webp\",\"caption\":\"Lucas Leandro Brune\"},\"description\":\"Jornalista Profissional Diplomado MTB\\\/RS 14.333\",\"url\":\"https:\\\/\\\/folhapopular.info\\\/index.php\\\/author\\\/lucas-brune\\\/\"}]}<\/script>\n<!-- \/ Yoast SEO plugin. -->","yoast_head_json":{"title":"Juventude e Atl\u00e9tico Ga\u00facho s\u00e3o finalistas do Amador de Teut\u00f4nia - Folha Popular","robots":{"index":"index","follow":"follow","max-snippet":"max-snippet:-1","max-image-preview":"max-image-preview:large","max-video-preview":"max-video-preview:-1"},"canonical":"https:\/\/folhapopular.info\/index.php\/2018\/05\/13\/juventude-e-atletico-gaucho-sao-finalistas-do-amador-de-teutonia\/","og_locale":"pt_BR","og_type":"article","og_title":"Juventude e Atl\u00e9tico Ga\u00facho s\u00e3o finalistas do Amador de Teut\u00f4nia - Folha Popular","og_description":"O Campeonato Municipal de Teut\u00f4nia conheceu os finalistas na tarde deste domingo (13\/05), quando foram disputados os jogos de volta das semifinais da categoria Titulares. Juventude de Linha Frank e Atl\u00e9tico Ga\u00facho do Loteamento 8 conquistaram as vagas \u00e0 final da competi\u00e7\u00e3o e reeditam a decis\u00e3o de 2010, quando o Ju foi campe\u00e3o. O primeiro [&hellip;]","og_url":"https:\/\/folhapopular.info\/index.php\/2018\/05\/13\/juventude-e-atletico-gaucho-sao-finalistas-do-amador-de-teutonia\/","og_site_name":"Folha Popular","article_published_time":"2018-05-13T21:15:33+00:00","og_image":[{"width":1000,"height":750,"url":"https:\/\/folhapopular.info\/wp-content\/uploads\/2018\/05\/Atl\u00e9tico-Ga\u00facho-vermelho-fez-o-gol-da-vit\u00f3ria-no-primeiro-minuto-e1526245474272.jpg","type":"image\/jpeg"}],"author":"Lucas Leandro Brune","twitter_card":"summary_large_image","twitter_misc":{"Escrito por":"Lucas Leandro Brune","Est. tempo de leitura":"2 minutos"},"schema":{"@context":"https:\/\/schema.org","@graph":[{"@type":"Article","@id":"https:\/\/folhapopular.info\/index.php\/2018\/05\/13\/juventude-e-atletico-gaucho-sao-finalistas-do-amador-de-teutonia\/#article","isPartOf":{"@id":"https:\/\/folhapopular.info\/index.php\/2018\/05\/13\/juventude-e-atletico-gaucho-sao-finalistas-do-amador-de-teutonia\/"},"author":{"name":"Lucas Leandro Brune","@id":"https:\/\/folhapopular.info\/#\/schema\/person\/533a15f60cd49e81ab3a90b4ca33cb36"},"headline":"Juventude e Atl\u00e9tico Ga\u00facho s\u00e3o finalistas do Amador de Teut\u00f4nia","datePublished":"2018-05-13T21:15:33+00:00","mainEntityOfPage":{"@id":"https:\/\/folhapopular.info\/index.php\/2018\/05\/13\/juventude-e-atletico-gaucho-sao-finalistas-do-amador-de-teutonia\/"},"wordCount":372,"commentCount":0,"image":{"@id":"https:\/\/folhapopular.info\/index.php\/2018\/05\/13\/juventude-e-atletico-gaucho-sao-finalistas-do-amador-de-teutonia\/#primaryimage"},"thumbnailUrl":"https:\/\/folhapopular.info\/wp-content\/uploads\/2018\/05\/Atl\u00e9tico-Ga\u00facho-vermelho-fez-o-gol-da-vit\u00f3ria-no-primeiro-minuto-e1526245474272.jpg","keywords":["Campeonato Municipal","futebol amador","Teut\u00f4nia"],"articleSection":["Destaques","Esportes","Futebol Amador","Municipal de Teut\u00f4nia"],"inLanguage":"pt-BR","potentialAction":[{"@type":"CommentAction","name":"Comment","target":["https:\/\/folhapopular.info\/index.php\/2018\/05\/13\/juventude-e-atletico-gaucho-sao-finalistas-do-amador-de-teutonia\/#respond"]}]},{"@type":"WebPage","@id":"https:\/\/folhapopular.info\/index.php\/2018\/05\/13\/juventude-e-atletico-gaucho-sao-finalistas-do-amador-de-teutonia\/","url":"https:\/\/folhapopular.info\/index.php\/2018\/05\/13\/juventude-e-atletico-gaucho-sao-finalistas-do-amador-de-teutonia\/","name":"Juventude e Atl\u00e9tico Ga\u00facho s\u00e3o finalistas do Amador de Teut\u00f4nia - Folha Popular","isPartOf":{"@id":"https:\/\/folhapopular.info\/#website"},"primaryImageOfPage":{"@id":"https:\/\/folhapopular.info\/index.php\/2018\/05\/13\/juventude-e-atletico-gaucho-sao-finalistas-do-amador-de-teutonia\/#primaryimage"},"image":{"@id":"https:\/\/folhapopular.info\/index.php\/2018\/05\/13\/juventude-e-atletico-gaucho-sao-finalistas-do-amador-de-teutonia\/#primaryimage"},"thumbnailUrl":"https:\/\/folhapopular.info\/wp-content\/uploads\/2018\/05\/Atl\u00e9tico-Ga\u00facho-vermelho-fez-o-gol-da-vit\u00f3ria-no-primeiro-minuto-e1526245474272.jpg","datePublished":"2018-05-13T21:15:33+00:00","author":{"@id":"https:\/\/folhapopular.info\/#\/schema\/person\/533a15f60cd49e81ab3a90b4ca33cb36"},"breadcrumb":{"@id":"https:\/\/folhapopular.info\/index.php\/2018\/05\/13\/juventude-e-atletico-gaucho-sao-finalistas-do-amador-de-teutonia\/#breadcrumb"},"inLanguage":"pt-BR","potentialAction":[{"@type":"ReadAction","target":["https:\/\/folhapopular.info\/index.php\/2018\/05\/13\/juventude-e-atletico-gaucho-sao-finalistas-do-amador-de-teutonia\/"]}]},{"@type":"ImageObject","inLanguage":"pt-BR","@id":"https:\/\/folhapopular.info\/index.php\/2018\/05\/13\/juventude-e-atletico-gaucho-sao-finalistas-do-amador-de-teutonia\/#primaryimage","url":"https:\/\/folhapopular.info\/wp-content\/uploads\/2018\/05\/Atl\u00e9tico-Ga\u00facho-vermelho-fez-o-gol-da-vit\u00f3ria-no-primeiro-minuto-e1526245474272.jpg","contentUrl":"https:\/\/folhapopular.info\/wp-content\/uploads\/2018\/05\/Atl\u00e9tico-Ga\u00facho-vermelho-fez-o-gol-da-vit\u00f3ria-no-primeiro-minuto-e1526245474272.jpg","width":1000,"height":750,"caption":"Esperan\u00e7a venceu o Atl\u00e9tico no Loteamento 8, mas o Atl\u00e9tico levou a vaga nos p\u00eanaltis"},{"@type":"BreadcrumbList","@id":"https:\/\/folhapopular.info\/index.php\/2018\/05\/13\/juventude-e-atletico-gaucho-sao-finalistas-do-amador-de-teutonia\/#breadcrumb","itemListElement":[{"@type":"ListItem","position":1,"name":"In\u00edcio","item":"https:\/\/folhapopular.info\/"},{"@type":"ListItem","position":2,"name":"Juventude e Atl\u00e9tico Ga\u00facho s\u00e3o finalistas do Amador de Teut\u00f4nia"}]},{"@type":"WebSite","@id":"https:\/\/folhapopular.info\/#website","url":"https:\/\/folhapopular.info\/","name":"Folha Popular","description":"Onde voc\u00ea tem vez e voz","potentialAction":[{"@type":"SearchAction","target":{"@type":"EntryPoint","urlTemplate":"https:\/\/folhapopular.info\/?s={search_term_string}"},"query-input":{"@type":"PropertyValueSpecification","valueRequired":true,"valueName":"search_term_string"}}],"inLanguage":"pt-BR"},{"@type":"Person","@id":"https:\/\/folhapopular.info\/#\/schema\/person\/533a15f60cd49e81ab3a90b4ca33cb36","name":"Lucas Leandro Brune","image":{"@type":"ImageObject","inLanguage":"pt-BR","@id":"https:\/\/folhapopular.info\/wp-content\/uploads\/2026\/04\/LUCAS-1-1.webp","url":"https:\/\/folhapopular.info\/wp-content\/uploads\/2026\/04\/LUCAS-1-1.webp","contentUrl":"https:\/\/folhapopular.info\/wp-content\/uploads\/2026\/04\/LUCAS-1-1.webp","caption":"Lucas Leandro Brune"},"description":"Jornalista Profissional Diplomado MTB\/RS 14.333","url":"https:\/\/folhapopular.info\/index.php\/author\/lucas-brune\/"}]}},"jetpack_featured_media_url":"https:\/\/folhapopular.info\/wp-content\/uploads\/2018\/05\/Atl\u00e9tico-Ga\u00facho-vermelho-fez-o-gol-da-vit\u00f3ria-no-primeiro-minuto-e1526245474272.jpg","jetpack_sharing_enabled":true,"amp_enabled":true,"_links":{"self":[{"href":"https:\/\/folhapopular.info\/index.php\/wp-json\/wp\/v2\/posts\/43938","targetHints":{"allow":["GET"]}}],"collection":[{"href":"https:\/\/folhapopular.info\/index.php\/wp-json\/wp\/v2\/posts"}],"about":[{"href":"https:\/\/folhapopular.info\/index.php\/wp-json\/wp\/v2\/types\/post"}],"author":[{"embeddable":true,"href":"https:\/\/folhapopular.info\/index.php\/wp-json\/wp\/v2\/users\/7"}],"replies":[{"embeddable":true,"href":"https:\/\/folhapopular.info\/index.php\/wp-json\/wp\/v2\/comments?post=43938"}],"version-history":[{"count":0,"href":"https:\/\/folhapopular.info\/index.php\/wp-json\/wp\/v2\/posts\/43938\/revisions"}],"wp:featuredmedia":[{"embeddable":true,"href":"https:\/\/folhapopular.info\/index.php\/wp-json\/wp\/v2\/media\/43943"}],"wp:attachment":[{"href":"https:\/\/folhapopular.info\/index.php\/wp-json\/wp\/v2\/media?parent=43938"}],"wp:term":[{"taxonomy":"category","embeddable":true,"href":"https:\/\/folhapopular.info\/index.php\/wp-json\/wp\/v2\/categories?post=43938"},{"taxonomy":"post_tag","embeddable":true,"href":"https:\/\/folhapopular.info\/index.php\/wp-json\/wp\/v2\/tags?post=43938"}],"curies":[{"name":"wp","href":"https:\/\/api.w.org\/{rel}","templated":true}]}}