{"id":44263,"date":"2018-05-22T08:30:49","date_gmt":"2018-05-22T11:30:49","guid":{"rendered":"http:\/\/folhapopular.info\/?p=44263"},"modified":"2018-05-22T08:30:49","modified_gmt":"2018-05-22T11:30:49","slug":"palestras-e-cases-de-sucesso-marcaram-maratona-de-palestras","status":"publish","type":"post","link":"https:\/\/folhapopular.info\/index.php\/2018\/05\/22\/palestras-e-cases-de-sucesso-marcaram-maratona-de-palestras\/","title":{"rendered":"Palestras e cases de sucesso marcaram Maratona de Palestras"},"content":{"rendered":"<p>A noite de segunda-feira, dia 21 de maio, foi movimentada para as mulheres que participaram da Maratona de Palestras, promo\u00e7\u00e3o da Pipocando Marketing Escola de Neg\u00f3cios para Mulheres e EngajeCom, evento realizado no Aspen Hotel em Lajeado.\u00a0Muito conhecimento, confraterniza\u00e7\u00e3o e intera\u00e7\u00e3o entre as mulheres marcaram a programa\u00e7\u00e3o, que iniciou com coquetel com degusta\u00e7\u00e3o de salgados, doces e ch\u00e1s.<\/p>\n<p>Quatro palestras foram realizadas. A primeira ficou ao encargo de Let\u00edcia Paese Pires, que falou sobre a import\u00e2ncia da Marca Pessoal. Com questionamentos como &#8220;Qual o seu diferencial?&#8221; e &#8220;Como o mercado te v\u00ea?&#8221; ela instigou as mulheres a refletirem sobre seus posicionamentos. Na sequ\u00eancia, Josi M\u00fcller falou sobre Inova\u00e7\u00e3o, destacando a economia colaborativa e a necessidade de inovar o tempo todo. Ap\u00f3s o intervalo, mais dois cases buscarem motivar as mulheres a empreenderem, com a experi\u00eancia da Elegance Lingeries, empresa de Guapor\u00e9 apresentada pela empres\u00e1ria Eliane, e da Divine Chocolates de Encantado, apresentada pela jovem Fabiana Turatti. Eliane enfatizou a import\u00e2ncia\u00a0 de gerar experi\u00eancias e a oportunidade de proporcionar felicidade \u00e0s mulheres, pontos que acompanharam o crescimento e desenvolvimento da marca Elegance. J\u00e1 Fabiana contou a trajet\u00f3ria desta empresa familiar e recomendou muito planejamento e busca de consultorias externas para trazer conhecimento aos neg\u00f3cios.<\/p>\n<p>No dia 20 de agosto acontecer\u00e1 nova Maratona de Palestras, por\u00e9m no munic\u00edpio de Teut\u00f4nia. A Pipocando Marketing apresentou sua agenda do m\u00eas de maio, que possui diversos cursos e oficinas programados em Lajeado e convidou para outro evento que ser\u00e1 no dia 18 de julho, com espa\u00e7o para 40 empresas apresentarem seus neg\u00f3cios no &#8220;Meu neg\u00f3cio em 1 minuto&#8221;, em evento no Garden\u00a0 Centro de Eventos em Lajeado.<\/p>\n<p>&nbsp;<\/p>\n<figure id=\"attachment_44265\" aria-describedby=\"caption-attachment-44265\" style=\"width: 300px\" class=\"wp-caption aligncenter\"><img loading=\"lazy\" decoding=\"async\" class=\"size-medium wp-image-44265\" src=\"https:\/\/folhapopular.info\/wp-content\/uploads\/2018\/05\/WhatsApp-Image-2018-05-22-at-08.17.20-300x169.jpeg\" alt=\"\" width=\"300\" height=\"169\" srcset=\"https:\/\/folhapopular.info\/wp-content\/uploads\/2018\/05\/WhatsApp-Image-2018-05-22-at-08.17.20-300x169.jpeg 300w, https:\/\/folhapopular.info\/wp-content\/uploads\/2018\/05\/WhatsApp-Image-2018-05-22-at-08.17.20-768x432.jpeg 768w, https:\/\/folhapopular.info\/wp-content\/uploads\/2018\/05\/WhatsApp-Image-2018-05-22-at-08.17.20-1024x576.jpeg 1024w, https:\/\/folhapopular.info\/wp-content\/uploads\/2018\/05\/WhatsApp-Image-2018-05-22-at-08.17.20-696x392.jpeg 696w, https:\/\/folhapopular.info\/wp-content\/uploads\/2018\/05\/WhatsApp-Image-2018-05-22-at-08.17.20-1068x601.jpeg 1068w, https:\/\/folhapopular.info\/wp-content\/uploads\/2018\/05\/WhatsApp-Image-2018-05-22-at-08.17.20-747x420.jpeg 747w, https:\/\/folhapopular.info\/wp-content\/uploads\/2018\/05\/WhatsApp-Image-2018-05-22-at-08.17.20.jpeg 1280w\" sizes=\"auto, (max-width: 300px) 100vw, 300px\" \/><figcaption id=\"caption-attachment-44265\" class=\"wp-caption-text\">Palestras ocorreram no Aspen Hotel<\/figcaption><\/figure>\n","protected":false},"excerpt":{"rendered":"<p>A noite de segunda-feira, dia 21 de maio, foi movimentada para as mulheres que participaram da Maratona de Palestras, promo\u00e7\u00e3o da Pipocando Marketing Escola de Neg\u00f3cios para Mulheres e EngajeCom, evento realizado no Aspen Hotel em Lajeado.\u00a0Muito conhecimento, confraterniza\u00e7\u00e3o e intera\u00e7\u00e3o entre as mulheres marcaram a programa\u00e7\u00e3o, que iniciou com coquetel com degusta\u00e7\u00e3o de salgados, [&hellip;]<\/p>\n","protected":false},"author":11,"featured_media":44264,"comment_status":"open","ping_status":"open","sticky":false,"template":"","format":"standard","meta":{"pmpro_default_level":"","_jetpack_memberships_contains_paid_content":false,"footnotes":""},"categories":[2,3],"tags":[2450,27,1339],"class_list":{"0":"post-44263","1":"post","2":"type-post","3":"status-publish","4":"format-standard","5":"has-post-thumbnail","7":"category-featured","8":"category-geral","9":"tag-evento-para-mulheres","10":"tag-lajeado","11":"tag-maratona-de-palestras","12":"pmpro-has-access"},"yoast_head":"<!-- This site is optimized with the Yoast SEO plugin v27.5 - https:\/\/yoast.com\/product\/yoast-seo-wordpress\/ -->\n<title>Palestras e cases de sucesso marcaram Maratona de Palestras - Folha Popular<\/title>\n<meta name=\"robots\" content=\"index, follow, max-snippet:-1, max-image-preview:large, max-video-preview:-1\" \/>\n<link rel=\"canonical\" href=\"https:\/\/folhapopular.info\/index.php\/2018\/05\/22\/palestras-e-cases-de-sucesso-marcaram-maratona-de-palestras\/\" \/>\n<meta property=\"og:locale\" content=\"pt_BR\" \/>\n<meta property=\"og:type\" content=\"article\" \/>\n<meta property=\"og:title\" content=\"Palestras e cases de sucesso marcaram Maratona de Palestras - Folha Popular\" \/>\n<meta property=\"og:description\" content=\"A noite de segunda-feira, dia 21 de maio, foi movimentada para as mulheres que participaram da Maratona de Palestras, promo\u00e7\u00e3o da Pipocando Marketing Escola de Neg\u00f3cios para Mulheres e EngajeCom, evento realizado no Aspen Hotel em Lajeado.\u00a0Muito conhecimento, confraterniza\u00e7\u00e3o e intera\u00e7\u00e3o entre as mulheres marcaram a programa\u00e7\u00e3o, que iniciou com coquetel com degusta\u00e7\u00e3o de salgados, [&hellip;]\" \/>\n<meta property=\"og:url\" content=\"https:\/\/folhapopular.info\/index.php\/2018\/05\/22\/palestras-e-cases-de-sucesso-marcaram-maratona-de-palestras\/\" \/>\n<meta property=\"og:site_name\" content=\"Folha Popular\" \/>\n<meta property=\"article:published_time\" content=\"2018-05-22T11:30:49+00:00\" \/>\n<meta property=\"og:image\" content=\"https:\/\/folhapopular.info\/wp-content\/uploads\/2018\/05\/WhatsApp-Image-2018-05-22-at-08.18.12.jpeg\" \/>\n\t<meta property=\"og:image:width\" content=\"1280\" \/>\n\t<meta property=\"og:image:height\" content=\"720\" \/>\n\t<meta property=\"og:image:type\" content=\"image\/jpeg\" \/>\n<meta name=\"author\" content=\"Luciana Brune\" \/>\n<meta name=\"twitter:card\" content=\"summary_large_image\" \/>\n<meta name=\"twitter:label1\" content=\"Escrito por\" \/>\n\t<meta name=\"twitter:data1\" content=\"Luciana Brune\" \/>\n\t<meta name=\"twitter:label2\" content=\"Est. tempo de leitura\" \/>\n\t<meta name=\"twitter:data2\" content=\"2 minutos\" \/>\n<script type=\"application\/ld+json\" class=\"yoast-schema-graph\">{\"@context\":\"https:\\\/\\\/schema.org\",\"@graph\":[{\"@type\":\"Article\",\"@id\":\"https:\\\/\\\/folhapopular.info\\\/index.php\\\/2018\\\/05\\\/22\\\/palestras-e-cases-de-sucesso-marcaram-maratona-de-palestras\\\/#article\",\"isPartOf\":{\"@id\":\"https:\\\/\\\/folhapopular.info\\\/index.php\\\/2018\\\/05\\\/22\\\/palestras-e-cases-de-sucesso-marcaram-maratona-de-palestras\\\/\"},\"author\":{\"name\":\"Luciana Brune\",\"@id\":\"https:\\\/\\\/folhapopular.info\\\/#\\\/schema\\\/person\\\/0999cafa38c1fde22acd2026b3a3ec1f\"},\"headline\":\"Palestras e cases de sucesso marcaram Maratona de Palestras\",\"datePublished\":\"2018-05-22T11:30:49+00:00\",\"mainEntityOfPage\":{\"@id\":\"https:\\\/\\\/folhapopular.info\\\/index.php\\\/2018\\\/05\\\/22\\\/palestras-e-cases-de-sucesso-marcaram-maratona-de-palestras\\\/\"},\"wordCount\":316,\"commentCount\":0,\"image\":{\"@id\":\"https:\\\/\\\/folhapopular.info\\\/index.php\\\/2018\\\/05\\\/22\\\/palestras-e-cases-de-sucesso-marcaram-maratona-de-palestras\\\/#primaryimage\"},\"thumbnailUrl\":\"https:\\\/\\\/folhapopular.info\\\/wp-content\\\/uploads\\\/2018\\\/05\\\/WhatsApp-Image-2018-05-22-at-08.18.12.jpeg\",\"keywords\":[\"evento para mulheres\",\"Lajeado\",\"Maratona de Palestras\"],\"articleSection\":[\"Destaques\",\"Geral\"],\"inLanguage\":\"pt-BR\",\"potentialAction\":[{\"@type\":\"CommentAction\",\"name\":\"Comment\",\"target\":[\"https:\\\/\\\/folhapopular.info\\\/index.php\\\/2018\\\/05\\\/22\\\/palestras-e-cases-de-sucesso-marcaram-maratona-de-palestras\\\/#respond\"]}]},{\"@type\":\"WebPage\",\"@id\":\"https:\\\/\\\/folhapopular.info\\\/index.php\\\/2018\\\/05\\\/22\\\/palestras-e-cases-de-sucesso-marcaram-maratona-de-palestras\\\/\",\"url\":\"https:\\\/\\\/folhapopular.info\\\/index.php\\\/2018\\\/05\\\/22\\\/palestras-e-cases-de-sucesso-marcaram-maratona-de-palestras\\\/\",\"name\":\"Palestras e cases de sucesso marcaram Maratona de Palestras - Folha Popular\",\"isPartOf\":{\"@id\":\"https:\\\/\\\/folhapopular.info\\\/#website\"},\"primaryImageOfPage\":{\"@id\":\"https:\\\/\\\/folhapopular.info\\\/index.php\\\/2018\\\/05\\\/22\\\/palestras-e-cases-de-sucesso-marcaram-maratona-de-palestras\\\/#primaryimage\"},\"image\":{\"@id\":\"https:\\\/\\\/folhapopular.info\\\/index.php\\\/2018\\\/05\\\/22\\\/palestras-e-cases-de-sucesso-marcaram-maratona-de-palestras\\\/#primaryimage\"},\"thumbnailUrl\":\"https:\\\/\\\/folhapopular.info\\\/wp-content\\\/uploads\\\/2018\\\/05\\\/WhatsApp-Image-2018-05-22-at-08.18.12.jpeg\",\"datePublished\":\"2018-05-22T11:30:49+00:00\",\"author\":{\"@id\":\"https:\\\/\\\/folhapopular.info\\\/#\\\/schema\\\/person\\\/0999cafa38c1fde22acd2026b3a3ec1f\"},\"breadcrumb\":{\"@id\":\"https:\\\/\\\/folhapopular.info\\\/index.php\\\/2018\\\/05\\\/22\\\/palestras-e-cases-de-sucesso-marcaram-maratona-de-palestras\\\/#breadcrumb\"},\"inLanguage\":\"pt-BR\",\"potentialAction\":[{\"@type\":\"ReadAction\",\"target\":[\"https:\\\/\\\/folhapopular.info\\\/index.php\\\/2018\\\/05\\\/22\\\/palestras-e-cases-de-sucesso-marcaram-maratona-de-palestras\\\/\"]}]},{\"@type\":\"ImageObject\",\"inLanguage\":\"pt-BR\",\"@id\":\"https:\\\/\\\/folhapopular.info\\\/index.php\\\/2018\\\/05\\\/22\\\/palestras-e-cases-de-sucesso-marcaram-maratona-de-palestras\\\/#primaryimage\",\"url\":\"https:\\\/\\\/folhapopular.info\\\/wp-content\\\/uploads\\\/2018\\\/05\\\/WhatsApp-Image-2018-05-22-at-08.18.12.jpeg\",\"contentUrl\":\"https:\\\/\\\/folhapopular.info\\\/wp-content\\\/uploads\\\/2018\\\/05\\\/WhatsApp-Image-2018-05-22-at-08.18.12.jpeg\",\"width\":1280,\"height\":720,\"caption\":\"Palestrantes da noite com as organizadoras Patr\u00edcia Pichler e Graziela Muniz\"},{\"@type\":\"BreadcrumbList\",\"@id\":\"https:\\\/\\\/folhapopular.info\\\/index.php\\\/2018\\\/05\\\/22\\\/palestras-e-cases-de-sucesso-marcaram-maratona-de-palestras\\\/#breadcrumb\",\"itemListElement\":[{\"@type\":\"ListItem\",\"position\":1,\"name\":\"In\u00edcio\",\"item\":\"https:\\\/\\\/folhapopular.info\\\/\"},{\"@type\":\"ListItem\",\"position\":2,\"name\":\"Palestras e cases de sucesso marcaram Maratona de Palestras\"}]},{\"@type\":\"WebSite\",\"@id\":\"https:\\\/\\\/folhapopular.info\\\/#website\",\"url\":\"https:\\\/\\\/folhapopular.info\\\/\",\"name\":\"Folha Popular\",\"description\":\"Onde voc\u00ea tem vez e voz\",\"potentialAction\":[{\"@type\":\"SearchAction\",\"target\":{\"@type\":\"EntryPoint\",\"urlTemplate\":\"https:\\\/\\\/folhapopular.info\\\/?s={search_term_string}\"},\"query-input\":{\"@type\":\"PropertyValueSpecification\",\"valueRequired\":true,\"valueName\":\"search_term_string\"}}],\"inLanguage\":\"pt-BR\"},{\"@type\":\"Person\",\"@id\":\"https:\\\/\\\/folhapopular.info\\\/#\\\/schema\\\/person\\\/0999cafa38c1fde22acd2026b3a3ec1f\",\"name\":\"Luciana Brune\",\"image\":{\"@type\":\"ImageObject\",\"inLanguage\":\"pt-BR\",\"@id\":\"https:\\\/\\\/folhapopular.info\\\/wp-content\\\/uploads\\\/2026\\\/04\\\/LUCIANA-1-1.webp\",\"url\":\"https:\\\/\\\/folhapopular.info\\\/wp-content\\\/uploads\\\/2026\\\/04\\\/LUCIANA-1-1.webp\",\"contentUrl\":\"https:\\\/\\\/folhapopular.info\\\/wp-content\\\/uploads\\\/2026\\\/04\\\/LUCIANA-1-1.webp\",\"caption\":\"Luciana Brune\"},\"url\":\"https:\\\/\\\/folhapopular.info\\\/index.php\\\/author\\\/luciana-brune\\\/\"}]}<\/script>\n<!-- \/ Yoast SEO plugin. -->","yoast_head_json":{"title":"Palestras e cases de sucesso marcaram Maratona de Palestras - Folha Popular","robots":{"index":"index","follow":"follow","max-snippet":"max-snippet:-1","max-image-preview":"max-image-preview:large","max-video-preview":"max-video-preview:-1"},"canonical":"https:\/\/folhapopular.info\/index.php\/2018\/05\/22\/palestras-e-cases-de-sucesso-marcaram-maratona-de-palestras\/","og_locale":"pt_BR","og_type":"article","og_title":"Palestras e cases de sucesso marcaram Maratona de Palestras - Folha Popular","og_description":"A noite de segunda-feira, dia 21 de maio, foi movimentada para as mulheres que participaram da Maratona de Palestras, promo\u00e7\u00e3o da Pipocando Marketing Escola de Neg\u00f3cios para Mulheres e EngajeCom, evento realizado no Aspen Hotel em Lajeado.\u00a0Muito conhecimento, confraterniza\u00e7\u00e3o e intera\u00e7\u00e3o entre as mulheres marcaram a programa\u00e7\u00e3o, que iniciou com coquetel com degusta\u00e7\u00e3o de salgados, [&hellip;]","og_url":"https:\/\/folhapopular.info\/index.php\/2018\/05\/22\/palestras-e-cases-de-sucesso-marcaram-maratona-de-palestras\/","og_site_name":"Folha Popular","article_published_time":"2018-05-22T11:30:49+00:00","og_image":[{"width":1280,"height":720,"url":"https:\/\/folhapopular.info\/wp-content\/uploads\/2018\/05\/WhatsApp-Image-2018-05-22-at-08.18.12.jpeg","type":"image\/jpeg"}],"author":"Luciana Brune","twitter_card":"summary_large_image","twitter_misc":{"Escrito por":"Luciana Brune","Est. tempo de leitura":"2 minutos"},"schema":{"@context":"https:\/\/schema.org","@graph":[{"@type":"Article","@id":"https:\/\/folhapopular.info\/index.php\/2018\/05\/22\/palestras-e-cases-de-sucesso-marcaram-maratona-de-palestras\/#article","isPartOf":{"@id":"https:\/\/folhapopular.info\/index.php\/2018\/05\/22\/palestras-e-cases-de-sucesso-marcaram-maratona-de-palestras\/"},"author":{"name":"Luciana Brune","@id":"https:\/\/folhapopular.info\/#\/schema\/person\/0999cafa38c1fde22acd2026b3a3ec1f"},"headline":"Palestras e cases de sucesso marcaram Maratona de Palestras","datePublished":"2018-05-22T11:30:49+00:00","mainEntityOfPage":{"@id":"https:\/\/folhapopular.info\/index.php\/2018\/05\/22\/palestras-e-cases-de-sucesso-marcaram-maratona-de-palestras\/"},"wordCount":316,"commentCount":0,"image":{"@id":"https:\/\/folhapopular.info\/index.php\/2018\/05\/22\/palestras-e-cases-de-sucesso-marcaram-maratona-de-palestras\/#primaryimage"},"thumbnailUrl":"https:\/\/folhapopular.info\/wp-content\/uploads\/2018\/05\/WhatsApp-Image-2018-05-22-at-08.18.12.jpeg","keywords":["evento para mulheres","Lajeado","Maratona de Palestras"],"articleSection":["Destaques","Geral"],"inLanguage":"pt-BR","potentialAction":[{"@type":"CommentAction","name":"Comment","target":["https:\/\/folhapopular.info\/index.php\/2018\/05\/22\/palestras-e-cases-de-sucesso-marcaram-maratona-de-palestras\/#respond"]}]},{"@type":"WebPage","@id":"https:\/\/folhapopular.info\/index.php\/2018\/05\/22\/palestras-e-cases-de-sucesso-marcaram-maratona-de-palestras\/","url":"https:\/\/folhapopular.info\/index.php\/2018\/05\/22\/palestras-e-cases-de-sucesso-marcaram-maratona-de-palestras\/","name":"Palestras e cases de sucesso marcaram Maratona de Palestras - Folha Popular","isPartOf":{"@id":"https:\/\/folhapopular.info\/#website"},"primaryImageOfPage":{"@id":"https:\/\/folhapopular.info\/index.php\/2018\/05\/22\/palestras-e-cases-de-sucesso-marcaram-maratona-de-palestras\/#primaryimage"},"image":{"@id":"https:\/\/folhapopular.info\/index.php\/2018\/05\/22\/palestras-e-cases-de-sucesso-marcaram-maratona-de-palestras\/#primaryimage"},"thumbnailUrl":"https:\/\/folhapopular.info\/wp-content\/uploads\/2018\/05\/WhatsApp-Image-2018-05-22-at-08.18.12.jpeg","datePublished":"2018-05-22T11:30:49+00:00","author":{"@id":"https:\/\/folhapopular.info\/#\/schema\/person\/0999cafa38c1fde22acd2026b3a3ec1f"},"breadcrumb":{"@id":"https:\/\/folhapopular.info\/index.php\/2018\/05\/22\/palestras-e-cases-de-sucesso-marcaram-maratona-de-palestras\/#breadcrumb"},"inLanguage":"pt-BR","potentialAction":[{"@type":"ReadAction","target":["https:\/\/folhapopular.info\/index.php\/2018\/05\/22\/palestras-e-cases-de-sucesso-marcaram-maratona-de-palestras\/"]}]},{"@type":"ImageObject","inLanguage":"pt-BR","@id":"https:\/\/folhapopular.info\/index.php\/2018\/05\/22\/palestras-e-cases-de-sucesso-marcaram-maratona-de-palestras\/#primaryimage","url":"https:\/\/folhapopular.info\/wp-content\/uploads\/2018\/05\/WhatsApp-Image-2018-05-22-at-08.18.12.jpeg","contentUrl":"https:\/\/folhapopular.info\/wp-content\/uploads\/2018\/05\/WhatsApp-Image-2018-05-22-at-08.18.12.jpeg","width":1280,"height":720,"caption":"Palestrantes da noite com as organizadoras Patr\u00edcia Pichler e Graziela Muniz"},{"@type":"BreadcrumbList","@id":"https:\/\/folhapopular.info\/index.php\/2018\/05\/22\/palestras-e-cases-de-sucesso-marcaram-maratona-de-palestras\/#breadcrumb","itemListElement":[{"@type":"ListItem","position":1,"name":"In\u00edcio","item":"https:\/\/folhapopular.info\/"},{"@type":"ListItem","position":2,"name":"Palestras e cases de sucesso marcaram Maratona de Palestras"}]},{"@type":"WebSite","@id":"https:\/\/folhapopular.info\/#website","url":"https:\/\/folhapopular.info\/","name":"Folha Popular","description":"Onde voc\u00ea tem vez e voz","potentialAction":[{"@type":"SearchAction","target":{"@type":"EntryPoint","urlTemplate":"https:\/\/folhapopular.info\/?s={search_term_string}"},"query-input":{"@type":"PropertyValueSpecification","valueRequired":true,"valueName":"search_term_string"}}],"inLanguage":"pt-BR"},{"@type":"Person","@id":"https:\/\/folhapopular.info\/#\/schema\/person\/0999cafa38c1fde22acd2026b3a3ec1f","name":"Luciana Brune","image":{"@type":"ImageObject","inLanguage":"pt-BR","@id":"https:\/\/folhapopular.info\/wp-content\/uploads\/2026\/04\/LUCIANA-1-1.webp","url":"https:\/\/folhapopular.info\/wp-content\/uploads\/2026\/04\/LUCIANA-1-1.webp","contentUrl":"https:\/\/folhapopular.info\/wp-content\/uploads\/2026\/04\/LUCIANA-1-1.webp","caption":"Luciana Brune"},"url":"https:\/\/folhapopular.info\/index.php\/author\/luciana-brune\/"}]}},"jetpack_featured_media_url":"https:\/\/folhapopular.info\/wp-content\/uploads\/2018\/05\/WhatsApp-Image-2018-05-22-at-08.18.12.jpeg","jetpack_sharing_enabled":true,"amp_enabled":true,"_links":{"self":[{"href":"https:\/\/folhapopular.info\/index.php\/wp-json\/wp\/v2\/posts\/44263","targetHints":{"allow":["GET"]}}],"collection":[{"href":"https:\/\/folhapopular.info\/index.php\/wp-json\/wp\/v2\/posts"}],"about":[{"href":"https:\/\/folhapopular.info\/index.php\/wp-json\/wp\/v2\/types\/post"}],"author":[{"embeddable":true,"href":"https:\/\/folhapopular.info\/index.php\/wp-json\/wp\/v2\/users\/11"}],"replies":[{"embeddable":true,"href":"https:\/\/folhapopular.info\/index.php\/wp-json\/wp\/v2\/comments?post=44263"}],"version-history":[{"count":0,"href":"https:\/\/folhapopular.info\/index.php\/wp-json\/wp\/v2\/posts\/44263\/revisions"}],"wp:featuredmedia":[{"embeddable":true,"href":"https:\/\/folhapopular.info\/index.php\/wp-json\/wp\/v2\/media\/44264"}],"wp:attachment":[{"href":"https:\/\/folhapopular.info\/index.php\/wp-json\/wp\/v2\/media?parent=44263"}],"wp:term":[{"taxonomy":"category","embeddable":true,"href":"https:\/\/folhapopular.info\/index.php\/wp-json\/wp\/v2\/categories?post=44263"},{"taxonomy":"post_tag","embeddable":true,"href":"https:\/\/folhapopular.info\/index.php\/wp-json\/wp\/v2\/tags?post=44263"}],"curies":[{"name":"wp","href":"https:\/\/api.w.org\/{rel}","templated":true}]}}