{"id":44927,"date":"2018-06-05T10:00:27","date_gmt":"2018-06-05T13:00:27","guid":{"rendered":"http:\/\/folhapopular.info\/?p=44927"},"modified":"2018-06-04T17:02:02","modified_gmt":"2018-06-04T20:02:02","slug":"comeca-hoje-a-semana-do-meio-ambiente-de-estrela","status":"publish","type":"post","link":"https:\/\/folhapopular.info\/index.php\/2018\/06\/05\/comeca-hoje-a-semana-do-meio-ambiente-de-estrela\/","title":{"rendered":"Come\u00e7a hoje a Semana do Meio Ambiente de Estrela"},"content":{"rendered":"<p>Come\u00e7a nesta ter\u00e7a-feira (05.06) &#8211; Dia Mundial do Meio Ambiente &#8211; a Semana do Meio Ambiente de Estrela. \u00c0s 9h, no Parque Municipal da Lagoa, inicaram atividades com os agentes mirins de Educa\u00e7\u00e3o Ambiental da Emef Odilo Afonso Thom\u00e9 e Sala Verde Manoel Ribeiro Pontes Filho.<br \/>\nA programa\u00e7\u00e3o, voltada principalmente \u00e0 educa\u00e7\u00e3o ambiental e na correta separa\u00e7\u00e3o dos res\u00edduos s\u00f3lidos, se estende at\u00e9 o pr\u00f3ximo s\u00e1bado. \u00a0Na quarta-feira (06.06), \u00e0s 14h, est\u00e1 agendada visita \u00e0 Usina de Tratamento de Lixo (UTL). Est\u00e3o convidados representantes do Conselho Municipal do Meio Ambiente, secret\u00e1rios municipais e vereadores. No dia 7, \u00e0s 9h, haver\u00e1 palestra na Sala Verde para alunos da Emef Jos\u00e9 Bonif\u00e1cio, e \u00e0s 19h acontece palestra sobre res\u00edduos s\u00f3lidos na Escola Estadual de Educa\u00e7\u00e3o Profissional Estrela, para a turma de gerenciamento de res\u00edduos do curso T\u00e9cnico em Edifica\u00e7\u00f5es.<br \/>\nNo dia 8, \u00e0s 14h, na Escadaria do Rio Taquari (Rua Arnaldo Jos\u00e9 Diel), \u00a0ocorrem atividades com os agentes mirins de Educa\u00e7\u00e3o Ambiental da Emef Arnaldo J. Diel.<\/p>\n<p><strong>Dia \u201cD\u201d\u00a0<\/strong><br \/>\nUma das principais a\u00e7\u00f5es da semana ser\u00e1 o Dia \u201cD\u201d para o descarte de l\u00e2mpadas e materiais eletr\u00f4nicos p\u00f3s-consumo. No cal\u00e7ad\u00e3o, das 9h \u00e0s 12h, a empresa Recilux vai receber at\u00e9 cinco l\u00e2mpadas por pessoa (deve ser informado o CPF). J\u00e1 a Adonai vai recolher equipamentos eletr\u00f4nicos de inform\u00e1tica e telefonia.<br \/>\nEste iniciativa \u00e9 uma parceria do Governo de Estrela, Associa\u00e7\u00e3o dos Moradores do Centro e Lions Clube. O objetivo \u00e9 dar destino correto a estes materiais, evitando danos ao meio ambiente. S\u00e3o considerados lixo eletr\u00f4nico equipamentos como computadores, eletroeletr\u00f4nicos, celulares, eletrodom\u00e9sticos, l\u00e2mpadas, pilhas, entre outros. Tamb\u00e9m no s\u00e1bado, com apoio da Secretaria de Obras P\u00fablicas, ser\u00e1 realizado um mutir\u00e3o de limpeza de terrenos baldios na \u00e1rea central da cidade.<br \/>\nA programa\u00e7\u00e3o da Semana do Meio Ambiente \u00e9 coordenada pela Secretaria do Meio Ambiente e Saneamento B\u00e1sico, por meio da Sala Verde Manoel Ribeiro Pontes Filho.<\/p>\n","protected":false},"excerpt":{"rendered":"<p>Come\u00e7a nesta ter\u00e7a-feira (05.06) &#8211; Dia Mundial do Meio Ambiente &#8211; a Semana do Meio Ambiente de Estrela. \u00c0s 9h, no Parque Municipal da Lagoa, inicaram atividades com os agentes mirins de Educa\u00e7\u00e3o Ambiental da Emef Odilo Afonso Thom\u00e9 e Sala Verde Manoel Ribeiro Pontes Filho. A programa\u00e7\u00e3o, voltada principalmente \u00e0 educa\u00e7\u00e3o ambiental e na [&hellip;]<\/p>\n","protected":false},"author":8,"featured_media":44930,"comment_status":"open","ping_status":"open","sticky":false,"template":"","format":"standard","meta":{"pmpro_default_level":"","_jetpack_memberships_contains_paid_content":false,"footnotes":""},"categories":[3],"tags":[8,2870],"class_list":{"0":"post-44927","1":"post","2":"type-post","3":"status-publish","4":"format-standard","5":"has-post-thumbnail","7":"category-geral","8":"tag-estrela","9":"tag-semana-do-meio-ambiente","10":"pmpro-has-access"},"yoast_head":"<!-- This site is optimized with the Yoast SEO plugin v27.5 - https:\/\/yoast.com\/product\/yoast-seo-wordpress\/ -->\n<title>Come\u00e7a hoje a Semana do Meio Ambiente de Estrela - Folha Popular<\/title>\n<meta name=\"robots\" content=\"index, follow, max-snippet:-1, max-image-preview:large, max-video-preview:-1\" \/>\n<link rel=\"canonical\" href=\"https:\/\/folhapopular.info\/index.php\/2018\/06\/05\/comeca-hoje-a-semana-do-meio-ambiente-de-estrela\/\" \/>\n<meta property=\"og:locale\" content=\"pt_BR\" \/>\n<meta property=\"og:type\" content=\"article\" \/>\n<meta property=\"og:title\" content=\"Come\u00e7a hoje a Semana do Meio Ambiente de Estrela - Folha Popular\" \/>\n<meta property=\"og:description\" content=\"Come\u00e7a nesta ter\u00e7a-feira (05.06) &#8211; Dia Mundial do Meio Ambiente &#8211; a Semana do Meio Ambiente de Estrela. \u00c0s 9h, no Parque Municipal da Lagoa, inicaram atividades com os agentes mirins de Educa\u00e7\u00e3o Ambiental da Emef Odilo Afonso Thom\u00e9 e Sala Verde Manoel Ribeiro Pontes Filho. A programa\u00e7\u00e3o, voltada principalmente \u00e0 educa\u00e7\u00e3o ambiental e na [&hellip;]\" \/>\n<meta property=\"og:url\" content=\"https:\/\/folhapopular.info\/index.php\/2018\/06\/05\/comeca-hoje-a-semana-do-meio-ambiente-de-estrela\/\" \/>\n<meta property=\"og:site_name\" content=\"Folha Popular\" \/>\n<meta property=\"article:published_time\" content=\"2018-06-05T13:00:27+00:00\" \/>\n<meta property=\"og:image\" content=\"https:\/\/folhapopular.info\/wp-content\/uploads\/2018\/06\/Rio-Taquari-e1528142504320.jpg\" \/>\n\t<meta property=\"og:image:width\" content=\"1000\" \/>\n\t<meta property=\"og:image:height\" content=\"667\" \/>\n\t<meta property=\"og:image:type\" content=\"image\/jpeg\" \/>\n<meta name=\"author\" content=\"Reda\u00e7\u00e3o Folha Popular\" \/>\n<meta name=\"twitter:card\" content=\"summary_large_image\" \/>\n<meta name=\"twitter:label1\" content=\"Escrito por\" \/>\n\t<meta name=\"twitter:data1\" content=\"Reda\u00e7\u00e3o Folha Popular\" \/>\n\t<meta name=\"twitter:label2\" content=\"Est. tempo de leitura\" \/>\n\t<meta name=\"twitter:data2\" content=\"2 minutos\" \/>\n<script type=\"application\/ld+json\" class=\"yoast-schema-graph\">{\"@context\":\"https:\\\/\\\/schema.org\",\"@graph\":[{\"@type\":\"Article\",\"@id\":\"https:\\\/\\\/folhapopular.info\\\/index.php\\\/2018\\\/06\\\/05\\\/comeca-hoje-a-semana-do-meio-ambiente-de-estrela\\\/#article\",\"isPartOf\":{\"@id\":\"https:\\\/\\\/folhapopular.info\\\/index.php\\\/2018\\\/06\\\/05\\\/comeca-hoje-a-semana-do-meio-ambiente-de-estrela\\\/\"},\"author\":{\"name\":\"Reda\u00e7\u00e3o Folha Popular\",\"@id\":\"https:\\\/\\\/folhapopular.info\\\/#\\\/schema\\\/person\\\/2814e8a0df7643585a9ca38bc6eb9d4b\"},\"headline\":\"Come\u00e7a hoje a Semana do Meio Ambiente de Estrela\",\"datePublished\":\"2018-06-05T13:00:27+00:00\",\"mainEntityOfPage\":{\"@id\":\"https:\\\/\\\/folhapopular.info\\\/index.php\\\/2018\\\/06\\\/05\\\/comeca-hoje-a-semana-do-meio-ambiente-de-estrela\\\/\"},\"wordCount\":355,\"commentCount\":0,\"image\":{\"@id\":\"https:\\\/\\\/folhapopular.info\\\/index.php\\\/2018\\\/06\\\/05\\\/comeca-hoje-a-semana-do-meio-ambiente-de-estrela\\\/#primaryimage\"},\"thumbnailUrl\":\"https:\\\/\\\/folhapopular.info\\\/wp-content\\\/uploads\\\/2018\\\/06\\\/Rio-Taquari-e1528142504320.jpg\",\"keywords\":[\"Estrela\",\"Semana do Meio Ambiente\"],\"articleSection\":[\"Geral\"],\"inLanguage\":\"pt-BR\",\"potentialAction\":[{\"@type\":\"CommentAction\",\"name\":\"Comment\",\"target\":[\"https:\\\/\\\/folhapopular.info\\\/index.php\\\/2018\\\/06\\\/05\\\/comeca-hoje-a-semana-do-meio-ambiente-de-estrela\\\/#respond\"]}]},{\"@type\":\"WebPage\",\"@id\":\"https:\\\/\\\/folhapopular.info\\\/index.php\\\/2018\\\/06\\\/05\\\/comeca-hoje-a-semana-do-meio-ambiente-de-estrela\\\/\",\"url\":\"https:\\\/\\\/folhapopular.info\\\/index.php\\\/2018\\\/06\\\/05\\\/comeca-hoje-a-semana-do-meio-ambiente-de-estrela\\\/\",\"name\":\"Come\u00e7a hoje a Semana do Meio Ambiente de Estrela - Folha Popular\",\"isPartOf\":{\"@id\":\"https:\\\/\\\/folhapopular.info\\\/#website\"},\"primaryImageOfPage\":{\"@id\":\"https:\\\/\\\/folhapopular.info\\\/index.php\\\/2018\\\/06\\\/05\\\/comeca-hoje-a-semana-do-meio-ambiente-de-estrela\\\/#primaryimage\"},\"image\":{\"@id\":\"https:\\\/\\\/folhapopular.info\\\/index.php\\\/2018\\\/06\\\/05\\\/comeca-hoje-a-semana-do-meio-ambiente-de-estrela\\\/#primaryimage\"},\"thumbnailUrl\":\"https:\\\/\\\/folhapopular.info\\\/wp-content\\\/uploads\\\/2018\\\/06\\\/Rio-Taquari-e1528142504320.jpg\",\"datePublished\":\"2018-06-05T13:00:27+00:00\",\"author\":{\"@id\":\"https:\\\/\\\/folhapopular.info\\\/#\\\/schema\\\/person\\\/2814e8a0df7643585a9ca38bc6eb9d4b\"},\"breadcrumb\":{\"@id\":\"https:\\\/\\\/folhapopular.info\\\/index.php\\\/2018\\\/06\\\/05\\\/comeca-hoje-a-semana-do-meio-ambiente-de-estrela\\\/#breadcrumb\"},\"inLanguage\":\"pt-BR\",\"potentialAction\":[{\"@type\":\"ReadAction\",\"target\":[\"https:\\\/\\\/folhapopular.info\\\/index.php\\\/2018\\\/06\\\/05\\\/comeca-hoje-a-semana-do-meio-ambiente-de-estrela\\\/\"]}]},{\"@type\":\"ImageObject\",\"inLanguage\":\"pt-BR\",\"@id\":\"https:\\\/\\\/folhapopular.info\\\/index.php\\\/2018\\\/06\\\/05\\\/comeca-hoje-a-semana-do-meio-ambiente-de-estrela\\\/#primaryimage\",\"url\":\"https:\\\/\\\/folhapopular.info\\\/wp-content\\\/uploads\\\/2018\\\/06\\\/Rio-Taquari-e1528142504320.jpg\",\"contentUrl\":\"https:\\\/\\\/folhapopular.info\\\/wp-content\\\/uploads\\\/2018\\\/06\\\/Rio-Taquari-e1528142504320.jpg\",\"width\":1000,\"height\":667,\"caption\":\"Atividades diversificadas marcam a semana que visa \u00e0 conscientiza\u00e7\u00e3o sobre preserva\u00e7\u00e3o do ambiente natural\\\/Cr\u00e9dito da foto: Paulo Ricardo Schneider\\\/Divulga\u00e7\u00e3o\"},{\"@type\":\"BreadcrumbList\",\"@id\":\"https:\\\/\\\/folhapopular.info\\\/index.php\\\/2018\\\/06\\\/05\\\/comeca-hoje-a-semana-do-meio-ambiente-de-estrela\\\/#breadcrumb\",\"itemListElement\":[{\"@type\":\"ListItem\",\"position\":1,\"name\":\"In\u00edcio\",\"item\":\"https:\\\/\\\/folhapopular.info\\\/\"},{\"@type\":\"ListItem\",\"position\":2,\"name\":\"Come\u00e7a hoje a Semana do Meio Ambiente de Estrela\"}]},{\"@type\":\"WebSite\",\"@id\":\"https:\\\/\\\/folhapopular.info\\\/#website\",\"url\":\"https:\\\/\\\/folhapopular.info\\\/\",\"name\":\"Folha Popular\",\"description\":\"Onde voc\u00ea tem vez e voz\",\"potentialAction\":[{\"@type\":\"SearchAction\",\"target\":{\"@type\":\"EntryPoint\",\"urlTemplate\":\"https:\\\/\\\/folhapopular.info\\\/?s={search_term_string}\"},\"query-input\":{\"@type\":\"PropertyValueSpecification\",\"valueRequired\":true,\"valueName\":\"search_term_string\"}}],\"inLanguage\":\"pt-BR\"},{\"@type\":\"Person\",\"@id\":\"https:\\\/\\\/folhapopular.info\\\/#\\\/schema\\\/person\\\/2814e8a0df7643585a9ca38bc6eb9d4b\",\"name\":\"Reda\u00e7\u00e3o Folha Popular\",\"image\":{\"@type\":\"ImageObject\",\"inLanguage\":\"pt-BR\",\"@id\":\"https:\\\/\\\/folhapopular.info\\\/wp-content\\\/uploads\\\/2026\\\/04\\\/Folha-1.webp\",\"url\":\"https:\\\/\\\/folhapopular.info\\\/wp-content\\\/uploads\\\/2026\\\/04\\\/Folha-1.webp\",\"contentUrl\":\"https:\\\/\\\/folhapopular.info\\\/wp-content\\\/uploads\\\/2026\\\/04\\\/Folha-1.webp\",\"caption\":\"Reda\u00e7\u00e3o Folha Popular\"},\"url\":\"https:\\\/\\\/folhapopular.info\\\/index.php\\\/author\\\/redacao\\\/\"}]}<\/script>\n<!-- \/ Yoast SEO plugin. -->","yoast_head_json":{"title":"Come\u00e7a hoje a Semana do Meio Ambiente de Estrela - Folha Popular","robots":{"index":"index","follow":"follow","max-snippet":"max-snippet:-1","max-image-preview":"max-image-preview:large","max-video-preview":"max-video-preview:-1"},"canonical":"https:\/\/folhapopular.info\/index.php\/2018\/06\/05\/comeca-hoje-a-semana-do-meio-ambiente-de-estrela\/","og_locale":"pt_BR","og_type":"article","og_title":"Come\u00e7a hoje a Semana do Meio Ambiente de Estrela - Folha Popular","og_description":"Come\u00e7a nesta ter\u00e7a-feira (05.06) &#8211; Dia Mundial do Meio Ambiente &#8211; a Semana do Meio Ambiente de Estrela. \u00c0s 9h, no Parque Municipal da Lagoa, inicaram atividades com os agentes mirins de Educa\u00e7\u00e3o Ambiental da Emef Odilo Afonso Thom\u00e9 e Sala Verde Manoel Ribeiro Pontes Filho. A programa\u00e7\u00e3o, voltada principalmente \u00e0 educa\u00e7\u00e3o ambiental e na [&hellip;]","og_url":"https:\/\/folhapopular.info\/index.php\/2018\/06\/05\/comeca-hoje-a-semana-do-meio-ambiente-de-estrela\/","og_site_name":"Folha Popular","article_published_time":"2018-06-05T13:00:27+00:00","og_image":[{"width":1000,"height":667,"url":"https:\/\/folhapopular.info\/wp-content\/uploads\/2018\/06\/Rio-Taquari-e1528142504320.jpg","type":"image\/jpeg"}],"author":"Reda\u00e7\u00e3o Folha Popular","twitter_card":"summary_large_image","twitter_misc":{"Escrito por":"Reda\u00e7\u00e3o Folha Popular","Est. tempo de leitura":"2 minutos"},"schema":{"@context":"https:\/\/schema.org","@graph":[{"@type":"Article","@id":"https:\/\/folhapopular.info\/index.php\/2018\/06\/05\/comeca-hoje-a-semana-do-meio-ambiente-de-estrela\/#article","isPartOf":{"@id":"https:\/\/folhapopular.info\/index.php\/2018\/06\/05\/comeca-hoje-a-semana-do-meio-ambiente-de-estrela\/"},"author":{"name":"Reda\u00e7\u00e3o Folha Popular","@id":"https:\/\/folhapopular.info\/#\/schema\/person\/2814e8a0df7643585a9ca38bc6eb9d4b"},"headline":"Come\u00e7a hoje a Semana do Meio Ambiente de Estrela","datePublished":"2018-06-05T13:00:27+00:00","mainEntityOfPage":{"@id":"https:\/\/folhapopular.info\/index.php\/2018\/06\/05\/comeca-hoje-a-semana-do-meio-ambiente-de-estrela\/"},"wordCount":355,"commentCount":0,"image":{"@id":"https:\/\/folhapopular.info\/index.php\/2018\/06\/05\/comeca-hoje-a-semana-do-meio-ambiente-de-estrela\/#primaryimage"},"thumbnailUrl":"https:\/\/folhapopular.info\/wp-content\/uploads\/2018\/06\/Rio-Taquari-e1528142504320.jpg","keywords":["Estrela","Semana do Meio Ambiente"],"articleSection":["Geral"],"inLanguage":"pt-BR","potentialAction":[{"@type":"CommentAction","name":"Comment","target":["https:\/\/folhapopular.info\/index.php\/2018\/06\/05\/comeca-hoje-a-semana-do-meio-ambiente-de-estrela\/#respond"]}]},{"@type":"WebPage","@id":"https:\/\/folhapopular.info\/index.php\/2018\/06\/05\/comeca-hoje-a-semana-do-meio-ambiente-de-estrela\/","url":"https:\/\/folhapopular.info\/index.php\/2018\/06\/05\/comeca-hoje-a-semana-do-meio-ambiente-de-estrela\/","name":"Come\u00e7a hoje a Semana do Meio Ambiente de Estrela - Folha Popular","isPartOf":{"@id":"https:\/\/folhapopular.info\/#website"},"primaryImageOfPage":{"@id":"https:\/\/folhapopular.info\/index.php\/2018\/06\/05\/comeca-hoje-a-semana-do-meio-ambiente-de-estrela\/#primaryimage"},"image":{"@id":"https:\/\/folhapopular.info\/index.php\/2018\/06\/05\/comeca-hoje-a-semana-do-meio-ambiente-de-estrela\/#primaryimage"},"thumbnailUrl":"https:\/\/folhapopular.info\/wp-content\/uploads\/2018\/06\/Rio-Taquari-e1528142504320.jpg","datePublished":"2018-06-05T13:00:27+00:00","author":{"@id":"https:\/\/folhapopular.info\/#\/schema\/person\/2814e8a0df7643585a9ca38bc6eb9d4b"},"breadcrumb":{"@id":"https:\/\/folhapopular.info\/index.php\/2018\/06\/05\/comeca-hoje-a-semana-do-meio-ambiente-de-estrela\/#breadcrumb"},"inLanguage":"pt-BR","potentialAction":[{"@type":"ReadAction","target":["https:\/\/folhapopular.info\/index.php\/2018\/06\/05\/comeca-hoje-a-semana-do-meio-ambiente-de-estrela\/"]}]},{"@type":"ImageObject","inLanguage":"pt-BR","@id":"https:\/\/folhapopular.info\/index.php\/2018\/06\/05\/comeca-hoje-a-semana-do-meio-ambiente-de-estrela\/#primaryimage","url":"https:\/\/folhapopular.info\/wp-content\/uploads\/2018\/06\/Rio-Taquari-e1528142504320.jpg","contentUrl":"https:\/\/folhapopular.info\/wp-content\/uploads\/2018\/06\/Rio-Taquari-e1528142504320.jpg","width":1000,"height":667,"caption":"Atividades diversificadas marcam a semana que visa \u00e0 conscientiza\u00e7\u00e3o sobre preserva\u00e7\u00e3o do ambiente natural\/Cr\u00e9dito da foto: Paulo Ricardo Schneider\/Divulga\u00e7\u00e3o"},{"@type":"BreadcrumbList","@id":"https:\/\/folhapopular.info\/index.php\/2018\/06\/05\/comeca-hoje-a-semana-do-meio-ambiente-de-estrela\/#breadcrumb","itemListElement":[{"@type":"ListItem","position":1,"name":"In\u00edcio","item":"https:\/\/folhapopular.info\/"},{"@type":"ListItem","position":2,"name":"Come\u00e7a hoje a Semana do Meio Ambiente de Estrela"}]},{"@type":"WebSite","@id":"https:\/\/folhapopular.info\/#website","url":"https:\/\/folhapopular.info\/","name":"Folha Popular","description":"Onde voc\u00ea tem vez e voz","potentialAction":[{"@type":"SearchAction","target":{"@type":"EntryPoint","urlTemplate":"https:\/\/folhapopular.info\/?s={search_term_string}"},"query-input":{"@type":"PropertyValueSpecification","valueRequired":true,"valueName":"search_term_string"}}],"inLanguage":"pt-BR"},{"@type":"Person","@id":"https:\/\/folhapopular.info\/#\/schema\/person\/2814e8a0df7643585a9ca38bc6eb9d4b","name":"Reda\u00e7\u00e3o Folha Popular","image":{"@type":"ImageObject","inLanguage":"pt-BR","@id":"https:\/\/folhapopular.info\/wp-content\/uploads\/2026\/04\/Folha-1.webp","url":"https:\/\/folhapopular.info\/wp-content\/uploads\/2026\/04\/Folha-1.webp","contentUrl":"https:\/\/folhapopular.info\/wp-content\/uploads\/2026\/04\/Folha-1.webp","caption":"Reda\u00e7\u00e3o Folha Popular"},"url":"https:\/\/folhapopular.info\/index.php\/author\/redacao\/"}]}},"jetpack_featured_media_url":"https:\/\/folhapopular.info\/wp-content\/uploads\/2018\/06\/Rio-Taquari-e1528142504320.jpg","jetpack_sharing_enabled":true,"amp_enabled":true,"_links":{"self":[{"href":"https:\/\/folhapopular.info\/index.php\/wp-json\/wp\/v2\/posts\/44927","targetHints":{"allow":["GET"]}}],"collection":[{"href":"https:\/\/folhapopular.info\/index.php\/wp-json\/wp\/v2\/posts"}],"about":[{"href":"https:\/\/folhapopular.info\/index.php\/wp-json\/wp\/v2\/types\/post"}],"author":[{"embeddable":true,"href":"https:\/\/folhapopular.info\/index.php\/wp-json\/wp\/v2\/users\/8"}],"replies":[{"embeddable":true,"href":"https:\/\/folhapopular.info\/index.php\/wp-json\/wp\/v2\/comments?post=44927"}],"version-history":[{"count":0,"href":"https:\/\/folhapopular.info\/index.php\/wp-json\/wp\/v2\/posts\/44927\/revisions"}],"wp:featuredmedia":[{"embeddable":true,"href":"https:\/\/folhapopular.info\/index.php\/wp-json\/wp\/v2\/media\/44930"}],"wp:attachment":[{"href":"https:\/\/folhapopular.info\/index.php\/wp-json\/wp\/v2\/media?parent=44927"}],"wp:term":[{"taxonomy":"category","embeddable":true,"href":"https:\/\/folhapopular.info\/index.php\/wp-json\/wp\/v2\/categories?post=44927"},{"taxonomy":"post_tag","embeddable":true,"href":"https:\/\/folhapopular.info\/index.php\/wp-json\/wp\/v2\/tags?post=44927"}],"curies":[{"name":"wp","href":"https:\/\/api.w.org\/{rel}","templated":true}]}}