{"id":45409,"date":"2018-06-18T16:00:28","date_gmt":"2018-06-18T19:00:28","guid":{"rendered":"http:\/\/folhapopular.info\/?p=45409"},"modified":"2018-06-18T14:07:55","modified_gmt":"2018-06-18T17:07:55","slug":"sinduscom-vt-assina-convencoes-coletivas-com-dois-sindicatos-da-regiao","status":"publish","type":"post","link":"https:\/\/folhapopular.info\/index.php\/2018\/06\/18\/sinduscom-vt-assina-convencoes-coletivas-com-dois-sindicatos-da-regiao\/","title":{"rendered":"Sinduscom-VT assina conven\u00e7\u00f5es coletivas com dois sindicatos da regi\u00e3o"},"content":{"rendered":"<p>O Sindicato das Ind\u00fastrias da Constru\u00e7\u00e3o, Mobili\u00e1rio, Marcenarias, Olarias e Cer\u00e2micas para a Constru\u00e7\u00e3o, Artefatos e Produtos de Cimento e Concreto Pr\u00e9-Misturados do Vale do Taquari (Sinduscom-VT) finalizou as tratativas da conven\u00e7\u00e3o coletiva de 2018 com os sindicatos laborais de Estrela e Lajeado. A comiss\u00e3o do Sinduscom-VT, integrada por diretores dos setores representados pelo sindicato e coordenada pelo presidente Jos\u00e9 Zagonel, firmou o reajuste de 3% sobre os sal\u00e1rios-base de 1\u00b0 de maio de 2017, v\u00e1lida a partir de maio deste ano.<\/p>\n<p>As tratativas assinadas com o sindicato laboral de Lajeado abrangem os munic\u00edpios de Anta Gorda, Arroio do Meio, Capit\u00e3o, Cruzeiro do Sul, Doutor Ricardo, Encantado, Il\u00f3polis, Lajeado, Marques de Souza, Mu\u00e7um, Nova Br\u00e9scia, Pouso Novo, Progresso, Putinga, Relvado, Roca Sales, Santa Clara do Sul, S\u00e9rio e Travesseiro. A base territorial do sindicato dos trabalhadores de Estrela abrange Boa Vista do Sul, Bom Retiro do Sul, Colinas, Estrela, Fazenda Vilanova, Imigrante, Paverama, Po\u00e7o das Antas, Taba\u00ed, Teut\u00f4nia e Westf\u00e1lia.<\/p>\n<p><strong>Pisos salariais por categoria:<\/p>\n<p>Mobili\u00e1rio, Marcenarias e Esquadrias<\/strong><\/p>\n<p>Contrato de experi\u00eancia (60 d) = R$ 1.246,30 p\/m\u00eas ou R$ 5,67 p\/hora<\/p>\n<p>Ap\u00f3s contrato de experi\u00eancia = R$ 1.287,09 p\/m\u00eas ou R$ 5,85 p\/hora<\/p>\n<p>Profissionais = R$ 1.441,18 p\/m\u00eas ou R$ 6,55 p\/hora<\/p>\n<p>(Assim considerados: serrador de madeiras, lixador, lustrador, montador e pintor de m\u00f3veis)<\/p>\n<p>Marceneiro \/ esquadrieiro = R$ 1.824,13 p\/m\u00eas ou R$ 8,29 p\/hora<\/p>\n<p>Aos \u201caprendizes\u201d referidos pelo Decreto n\u00ba 5.598, de 1\u00ba\/12\/2005 (D.O.U. 02\/12\/2005), um piso\/hora de R$ 4,87 por hora (R$ 1.071,82 p\/m\u00eas)<\/p>\n<p><strong>Constru\u00e7\u00e3o Civil e Similares<\/strong><\/p>\n<p>Servente = R$ 1.221,37 p\/m\u00eas ou R$ 5,55 p\/hora<\/p>\n<p>Oficiais = R$ 1.631,52 p\/m\u00eas ou R$ 7,42 p\/hora<\/p>\n<p>(Assim considerados: pedreiros, ferreiros, carpinteiros, pintores, azulejistas, gesseiros ou assemelhados, colocadores de basalto, parqueteiros, pastilheiros, marmoristas, oficiais eletricistas e oficiais hidr\u00e1ulicos)<\/p>\n<p>Aos \u201caprendizes\u201d referidos pelo Decreto n\u00ba 5.598, de 1\u00ba\/12\/2005 (D.O.U. 02\/12\/2005), um piso\/hora de R$ 4,87 por hora (R$ 1.071,82 p\/m\u00eas)<\/p>\n<p><strong>Olarias e Cer\u00e2micas para Constru\u00e7\u00e3o<\/strong><\/p>\n<p>Servente = R$ 1.221,37 p\/m\u00eas ou R$ 5,55 p\/hora<\/p>\n<p>Profissionais = R$ 1.631,52 p\/m\u00eas ou R$ 7,42 p\/hora<\/p>\n<p>(Assim considerados: mec\u00e2nicos, eletricistas, operadores de m\u00e1quinas automotoras (trator, p\u00e1-carregadeira e similares) e o respons\u00e1vel pelo cozimento (queimador) e secagem).<\/p>\n","protected":false},"excerpt":{"rendered":"<p>O Sindicato das Ind\u00fastrias da Constru\u00e7\u00e3o, Mobili\u00e1rio, Marcenarias, Olarias e Cer\u00e2micas para a Constru\u00e7\u00e3o, Artefatos e Produtos de Cimento e Concreto Pr\u00e9-Misturados do Vale do Taquari (Sinduscom-VT) finalizou as tratativas da conven\u00e7\u00e3o coletiva de 2018 com os sindicatos laborais de Estrela e Lajeado. A comiss\u00e3o do Sinduscom-VT, integrada por diretores dos setores representados pelo sindicato [&hellip;]<\/p>\n","protected":false},"author":8,"featured_media":45411,"comment_status":"open","ping_status":"open","sticky":false,"template":"","format":"standard","meta":{"pmpro_default_level":"","_jetpack_memberships_contains_paid_content":false,"footnotes":""},"categories":[3],"tags":[1500,315,2949],"class_list":{"0":"post-45409","1":"post","2":"type-post","3":"status-publish","4":"format-standard","5":"has-post-thumbnail","7":"category-geral","8":"tag-convencao-coletiva","9":"tag-regiao","10":"tag-siduscom-vt","11":"pmpro-has-access"},"yoast_head":"<!-- This site is optimized with the Yoast SEO plugin v27.5 - https:\/\/yoast.com\/product\/yoast-seo-wordpress\/ -->\n<title>Sinduscom-VT assina conven\u00e7\u00f5es coletivas com dois sindicatos da regi\u00e3o - Folha Popular<\/title>\n<meta name=\"robots\" content=\"index, follow, max-snippet:-1, max-image-preview:large, max-video-preview:-1\" \/>\n<link rel=\"canonical\" href=\"https:\/\/folhapopular.info\/index.php\/2018\/06\/18\/sinduscom-vt-assina-convencoes-coletivas-com-dois-sindicatos-da-regiao\/\" \/>\n<meta property=\"og:locale\" content=\"pt_BR\" \/>\n<meta property=\"og:type\" content=\"article\" \/>\n<meta property=\"og:title\" content=\"Sinduscom-VT assina conven\u00e7\u00f5es coletivas com dois sindicatos da regi\u00e3o - Folha Popular\" \/>\n<meta property=\"og:description\" content=\"O Sindicato das Ind\u00fastrias da Constru\u00e7\u00e3o, Mobili\u00e1rio, Marcenarias, Olarias e Cer\u00e2micas para a Constru\u00e7\u00e3o, Artefatos e Produtos de Cimento e Concreto Pr\u00e9-Misturados do Vale do Taquari (Sinduscom-VT) finalizou as tratativas da conven\u00e7\u00e3o coletiva de 2018 com os sindicatos laborais de Estrela e Lajeado. A comiss\u00e3o do Sinduscom-VT, integrada por diretores dos setores representados pelo sindicato [&hellip;]\" \/>\n<meta property=\"og:url\" content=\"https:\/\/folhapopular.info\/index.php\/2018\/06\/18\/sinduscom-vt-assina-convencoes-coletivas-com-dois-sindicatos-da-regiao\/\" \/>\n<meta property=\"og:site_name\" content=\"Folha Popular\" \/>\n<meta property=\"article:published_time\" content=\"2018-06-18T19:00:28+00:00\" \/>\n<meta property=\"og:image\" content=\"https:\/\/folhapopular.info\/wp-content\/uploads\/2018\/06\/comissao-conven\u00e7\u00e3o-coletiva-e1529341644364.jpg\" \/>\n\t<meta property=\"og:image:width\" content=\"1000\" \/>\n\t<meta property=\"og:image:height\" content=\"563\" \/>\n\t<meta property=\"og:image:type\" content=\"image\/jpeg\" \/>\n<meta name=\"author\" content=\"Reda\u00e7\u00e3o Folha Popular\" \/>\n<meta name=\"twitter:card\" content=\"summary_large_image\" \/>\n<meta name=\"twitter:label1\" content=\"Escrito por\" \/>\n\t<meta name=\"twitter:data1\" content=\"Reda\u00e7\u00e3o Folha Popular\" \/>\n\t<meta name=\"twitter:label2\" content=\"Est. tempo de leitura\" \/>\n\t<meta name=\"twitter:data2\" content=\"2 minutos\" \/>\n<script type=\"application\/ld+json\" class=\"yoast-schema-graph\">{\"@context\":\"https:\\\/\\\/schema.org\",\"@graph\":[{\"@type\":\"Article\",\"@id\":\"https:\\\/\\\/folhapopular.info\\\/index.php\\\/2018\\\/06\\\/18\\\/sinduscom-vt-assina-convencoes-coletivas-com-dois-sindicatos-da-regiao\\\/#article\",\"isPartOf\":{\"@id\":\"https:\\\/\\\/folhapopular.info\\\/index.php\\\/2018\\\/06\\\/18\\\/sinduscom-vt-assina-convencoes-coletivas-com-dois-sindicatos-da-regiao\\\/\"},\"author\":{\"name\":\"Reda\u00e7\u00e3o Folha Popular\",\"@id\":\"https:\\\/\\\/folhapopular.info\\\/#\\\/schema\\\/person\\\/2814e8a0df7643585a9ca38bc6eb9d4b\"},\"headline\":\"Sinduscom-VT assina conven\u00e7\u00f5es coletivas com dois sindicatos da regi\u00e3o\",\"datePublished\":\"2018-06-18T19:00:28+00:00\",\"mainEntityOfPage\":{\"@id\":\"https:\\\/\\\/folhapopular.info\\\/index.php\\\/2018\\\/06\\\/18\\\/sinduscom-vt-assina-convencoes-coletivas-com-dois-sindicatos-da-regiao\\\/\"},\"wordCount\":390,\"commentCount\":0,\"image\":{\"@id\":\"https:\\\/\\\/folhapopular.info\\\/index.php\\\/2018\\\/06\\\/18\\\/sinduscom-vt-assina-convencoes-coletivas-com-dois-sindicatos-da-regiao\\\/#primaryimage\"},\"thumbnailUrl\":\"https:\\\/\\\/folhapopular.info\\\/wp-content\\\/uploads\\\/2018\\\/06\\\/comissao-conven\u00e7\u00e3o-coletiva-e1529341644364.jpg\",\"keywords\":[\"Conven\u00e7\u00e3o Coletiva\",\"Regi\u00e3o\",\"Siduscom-VT\"],\"articleSection\":[\"Geral\"],\"inLanguage\":\"pt-BR\",\"potentialAction\":[{\"@type\":\"CommentAction\",\"name\":\"Comment\",\"target\":[\"https:\\\/\\\/folhapopular.info\\\/index.php\\\/2018\\\/06\\\/18\\\/sinduscom-vt-assina-convencoes-coletivas-com-dois-sindicatos-da-regiao\\\/#respond\"]}]},{\"@type\":\"WebPage\",\"@id\":\"https:\\\/\\\/folhapopular.info\\\/index.php\\\/2018\\\/06\\\/18\\\/sinduscom-vt-assina-convencoes-coletivas-com-dois-sindicatos-da-regiao\\\/\",\"url\":\"https:\\\/\\\/folhapopular.info\\\/index.php\\\/2018\\\/06\\\/18\\\/sinduscom-vt-assina-convencoes-coletivas-com-dois-sindicatos-da-regiao\\\/\",\"name\":\"Sinduscom-VT assina conven\u00e7\u00f5es coletivas com dois sindicatos da regi\u00e3o - Folha Popular\",\"isPartOf\":{\"@id\":\"https:\\\/\\\/folhapopular.info\\\/#website\"},\"primaryImageOfPage\":{\"@id\":\"https:\\\/\\\/folhapopular.info\\\/index.php\\\/2018\\\/06\\\/18\\\/sinduscom-vt-assina-convencoes-coletivas-com-dois-sindicatos-da-regiao\\\/#primaryimage\"},\"image\":{\"@id\":\"https:\\\/\\\/folhapopular.info\\\/index.php\\\/2018\\\/06\\\/18\\\/sinduscom-vt-assina-convencoes-coletivas-com-dois-sindicatos-da-regiao\\\/#primaryimage\"},\"thumbnailUrl\":\"https:\\\/\\\/folhapopular.info\\\/wp-content\\\/uploads\\\/2018\\\/06\\\/comissao-conven\u00e7\u00e3o-coletiva-e1529341644364.jpg\",\"datePublished\":\"2018-06-18T19:00:28+00:00\",\"author\":{\"@id\":\"https:\\\/\\\/folhapopular.info\\\/#\\\/schema\\\/person\\\/2814e8a0df7643585a9ca38bc6eb9d4b\"},\"breadcrumb\":{\"@id\":\"https:\\\/\\\/folhapopular.info\\\/index.php\\\/2018\\\/06\\\/18\\\/sinduscom-vt-assina-convencoes-coletivas-com-dois-sindicatos-da-regiao\\\/#breadcrumb\"},\"inLanguage\":\"pt-BR\",\"potentialAction\":[{\"@type\":\"ReadAction\",\"target\":[\"https:\\\/\\\/folhapopular.info\\\/index.php\\\/2018\\\/06\\\/18\\\/sinduscom-vt-assina-convencoes-coletivas-com-dois-sindicatos-da-regiao\\\/\"]}]},{\"@type\":\"ImageObject\",\"inLanguage\":\"pt-BR\",\"@id\":\"https:\\\/\\\/folhapopular.info\\\/index.php\\\/2018\\\/06\\\/18\\\/sinduscom-vt-assina-convencoes-coletivas-com-dois-sindicatos-da-regiao\\\/#primaryimage\",\"url\":\"https:\\\/\\\/folhapopular.info\\\/wp-content\\\/uploads\\\/2018\\\/06\\\/comissao-conven\u00e7\u00e3o-coletiva-e1529341644364.jpg\",\"contentUrl\":\"https:\\\/\\\/folhapopular.info\\\/wp-content\\\/uploads\\\/2018\\\/06\\\/comissao-conven\u00e7\u00e3o-coletiva-e1529341644364.jpg\",\"width\":1000,\"height\":563,\"caption\":\"Comiss\u00e3o de negocia\u00e7\u00e3o do Sinduscom VT \u00e9 formada por diretores dos setores representados pelo sindicato patronal e presidente Jos\u00e9 Zagonel (no centro da foto)\"},{\"@type\":\"BreadcrumbList\",\"@id\":\"https:\\\/\\\/folhapopular.info\\\/index.php\\\/2018\\\/06\\\/18\\\/sinduscom-vt-assina-convencoes-coletivas-com-dois-sindicatos-da-regiao\\\/#breadcrumb\",\"itemListElement\":[{\"@type\":\"ListItem\",\"position\":1,\"name\":\"In\u00edcio\",\"item\":\"https:\\\/\\\/folhapopular.info\\\/\"},{\"@type\":\"ListItem\",\"position\":2,\"name\":\"Sinduscom-VT assina conven\u00e7\u00f5es coletivas com dois sindicatos da regi\u00e3o\"}]},{\"@type\":\"WebSite\",\"@id\":\"https:\\\/\\\/folhapopular.info\\\/#website\",\"url\":\"https:\\\/\\\/folhapopular.info\\\/\",\"name\":\"Folha Popular\",\"description\":\"Onde voc\u00ea tem vez e voz\",\"potentialAction\":[{\"@type\":\"SearchAction\",\"target\":{\"@type\":\"EntryPoint\",\"urlTemplate\":\"https:\\\/\\\/folhapopular.info\\\/?s={search_term_string}\"},\"query-input\":{\"@type\":\"PropertyValueSpecification\",\"valueRequired\":true,\"valueName\":\"search_term_string\"}}],\"inLanguage\":\"pt-BR\"},{\"@type\":\"Person\",\"@id\":\"https:\\\/\\\/folhapopular.info\\\/#\\\/schema\\\/person\\\/2814e8a0df7643585a9ca38bc6eb9d4b\",\"name\":\"Reda\u00e7\u00e3o Folha Popular\",\"image\":{\"@type\":\"ImageObject\",\"inLanguage\":\"pt-BR\",\"@id\":\"https:\\\/\\\/folhapopular.info\\\/wp-content\\\/uploads\\\/2026\\\/04\\\/Folha-1.webp\",\"url\":\"https:\\\/\\\/folhapopular.info\\\/wp-content\\\/uploads\\\/2026\\\/04\\\/Folha-1.webp\",\"contentUrl\":\"https:\\\/\\\/folhapopular.info\\\/wp-content\\\/uploads\\\/2026\\\/04\\\/Folha-1.webp\",\"caption\":\"Reda\u00e7\u00e3o Folha Popular\"},\"url\":\"https:\\\/\\\/folhapopular.info\\\/index.php\\\/author\\\/redacao\\\/\"}]}<\/script>\n<!-- \/ Yoast SEO plugin. -->","yoast_head_json":{"title":"Sinduscom-VT assina conven\u00e7\u00f5es coletivas com dois sindicatos da regi\u00e3o - Folha Popular","robots":{"index":"index","follow":"follow","max-snippet":"max-snippet:-1","max-image-preview":"max-image-preview:large","max-video-preview":"max-video-preview:-1"},"canonical":"https:\/\/folhapopular.info\/index.php\/2018\/06\/18\/sinduscom-vt-assina-convencoes-coletivas-com-dois-sindicatos-da-regiao\/","og_locale":"pt_BR","og_type":"article","og_title":"Sinduscom-VT assina conven\u00e7\u00f5es coletivas com dois sindicatos da regi\u00e3o - Folha Popular","og_description":"O Sindicato das Ind\u00fastrias da Constru\u00e7\u00e3o, Mobili\u00e1rio, Marcenarias, Olarias e Cer\u00e2micas para a Constru\u00e7\u00e3o, Artefatos e Produtos de Cimento e Concreto Pr\u00e9-Misturados do Vale do Taquari (Sinduscom-VT) finalizou as tratativas da conven\u00e7\u00e3o coletiva de 2018 com os sindicatos laborais de Estrela e Lajeado. A comiss\u00e3o do Sinduscom-VT, integrada por diretores dos setores representados pelo sindicato [&hellip;]","og_url":"https:\/\/folhapopular.info\/index.php\/2018\/06\/18\/sinduscom-vt-assina-convencoes-coletivas-com-dois-sindicatos-da-regiao\/","og_site_name":"Folha Popular","article_published_time":"2018-06-18T19:00:28+00:00","og_image":[{"width":1000,"height":563,"url":"https:\/\/folhapopular.info\/wp-content\/uploads\/2018\/06\/comissao-conven\u00e7\u00e3o-coletiva-e1529341644364.jpg","type":"image\/jpeg"}],"author":"Reda\u00e7\u00e3o Folha Popular","twitter_card":"summary_large_image","twitter_misc":{"Escrito por":"Reda\u00e7\u00e3o Folha Popular","Est. tempo de leitura":"2 minutos"},"schema":{"@context":"https:\/\/schema.org","@graph":[{"@type":"Article","@id":"https:\/\/folhapopular.info\/index.php\/2018\/06\/18\/sinduscom-vt-assina-convencoes-coletivas-com-dois-sindicatos-da-regiao\/#article","isPartOf":{"@id":"https:\/\/folhapopular.info\/index.php\/2018\/06\/18\/sinduscom-vt-assina-convencoes-coletivas-com-dois-sindicatos-da-regiao\/"},"author":{"name":"Reda\u00e7\u00e3o Folha Popular","@id":"https:\/\/folhapopular.info\/#\/schema\/person\/2814e8a0df7643585a9ca38bc6eb9d4b"},"headline":"Sinduscom-VT assina conven\u00e7\u00f5es coletivas com dois sindicatos da regi\u00e3o","datePublished":"2018-06-18T19:00:28+00:00","mainEntityOfPage":{"@id":"https:\/\/folhapopular.info\/index.php\/2018\/06\/18\/sinduscom-vt-assina-convencoes-coletivas-com-dois-sindicatos-da-regiao\/"},"wordCount":390,"commentCount":0,"image":{"@id":"https:\/\/folhapopular.info\/index.php\/2018\/06\/18\/sinduscom-vt-assina-convencoes-coletivas-com-dois-sindicatos-da-regiao\/#primaryimage"},"thumbnailUrl":"https:\/\/folhapopular.info\/wp-content\/uploads\/2018\/06\/comissao-conven\u00e7\u00e3o-coletiva-e1529341644364.jpg","keywords":["Conven\u00e7\u00e3o Coletiva","Regi\u00e3o","Siduscom-VT"],"articleSection":["Geral"],"inLanguage":"pt-BR","potentialAction":[{"@type":"CommentAction","name":"Comment","target":["https:\/\/folhapopular.info\/index.php\/2018\/06\/18\/sinduscom-vt-assina-convencoes-coletivas-com-dois-sindicatos-da-regiao\/#respond"]}]},{"@type":"WebPage","@id":"https:\/\/folhapopular.info\/index.php\/2018\/06\/18\/sinduscom-vt-assina-convencoes-coletivas-com-dois-sindicatos-da-regiao\/","url":"https:\/\/folhapopular.info\/index.php\/2018\/06\/18\/sinduscom-vt-assina-convencoes-coletivas-com-dois-sindicatos-da-regiao\/","name":"Sinduscom-VT assina conven\u00e7\u00f5es coletivas com dois sindicatos da regi\u00e3o - Folha Popular","isPartOf":{"@id":"https:\/\/folhapopular.info\/#website"},"primaryImageOfPage":{"@id":"https:\/\/folhapopular.info\/index.php\/2018\/06\/18\/sinduscom-vt-assina-convencoes-coletivas-com-dois-sindicatos-da-regiao\/#primaryimage"},"image":{"@id":"https:\/\/folhapopular.info\/index.php\/2018\/06\/18\/sinduscom-vt-assina-convencoes-coletivas-com-dois-sindicatos-da-regiao\/#primaryimage"},"thumbnailUrl":"https:\/\/folhapopular.info\/wp-content\/uploads\/2018\/06\/comissao-conven\u00e7\u00e3o-coletiva-e1529341644364.jpg","datePublished":"2018-06-18T19:00:28+00:00","author":{"@id":"https:\/\/folhapopular.info\/#\/schema\/person\/2814e8a0df7643585a9ca38bc6eb9d4b"},"breadcrumb":{"@id":"https:\/\/folhapopular.info\/index.php\/2018\/06\/18\/sinduscom-vt-assina-convencoes-coletivas-com-dois-sindicatos-da-regiao\/#breadcrumb"},"inLanguage":"pt-BR","potentialAction":[{"@type":"ReadAction","target":["https:\/\/folhapopular.info\/index.php\/2018\/06\/18\/sinduscom-vt-assina-convencoes-coletivas-com-dois-sindicatos-da-regiao\/"]}]},{"@type":"ImageObject","inLanguage":"pt-BR","@id":"https:\/\/folhapopular.info\/index.php\/2018\/06\/18\/sinduscom-vt-assina-convencoes-coletivas-com-dois-sindicatos-da-regiao\/#primaryimage","url":"https:\/\/folhapopular.info\/wp-content\/uploads\/2018\/06\/comissao-conven\u00e7\u00e3o-coletiva-e1529341644364.jpg","contentUrl":"https:\/\/folhapopular.info\/wp-content\/uploads\/2018\/06\/comissao-conven\u00e7\u00e3o-coletiva-e1529341644364.jpg","width":1000,"height":563,"caption":"Comiss\u00e3o de negocia\u00e7\u00e3o do Sinduscom VT \u00e9 formada por diretores dos setores representados pelo sindicato patronal e presidente Jos\u00e9 Zagonel (no centro da foto)"},{"@type":"BreadcrumbList","@id":"https:\/\/folhapopular.info\/index.php\/2018\/06\/18\/sinduscom-vt-assina-convencoes-coletivas-com-dois-sindicatos-da-regiao\/#breadcrumb","itemListElement":[{"@type":"ListItem","position":1,"name":"In\u00edcio","item":"https:\/\/folhapopular.info\/"},{"@type":"ListItem","position":2,"name":"Sinduscom-VT assina conven\u00e7\u00f5es coletivas com dois sindicatos da regi\u00e3o"}]},{"@type":"WebSite","@id":"https:\/\/folhapopular.info\/#website","url":"https:\/\/folhapopular.info\/","name":"Folha Popular","description":"Onde voc\u00ea tem vez e voz","potentialAction":[{"@type":"SearchAction","target":{"@type":"EntryPoint","urlTemplate":"https:\/\/folhapopular.info\/?s={search_term_string}"},"query-input":{"@type":"PropertyValueSpecification","valueRequired":true,"valueName":"search_term_string"}}],"inLanguage":"pt-BR"},{"@type":"Person","@id":"https:\/\/folhapopular.info\/#\/schema\/person\/2814e8a0df7643585a9ca38bc6eb9d4b","name":"Reda\u00e7\u00e3o Folha Popular","image":{"@type":"ImageObject","inLanguage":"pt-BR","@id":"https:\/\/folhapopular.info\/wp-content\/uploads\/2026\/04\/Folha-1.webp","url":"https:\/\/folhapopular.info\/wp-content\/uploads\/2026\/04\/Folha-1.webp","contentUrl":"https:\/\/folhapopular.info\/wp-content\/uploads\/2026\/04\/Folha-1.webp","caption":"Reda\u00e7\u00e3o Folha Popular"},"url":"https:\/\/folhapopular.info\/index.php\/author\/redacao\/"}]}},"jetpack_featured_media_url":"https:\/\/folhapopular.info\/wp-content\/uploads\/2018\/06\/comissao-conven\u00e7\u00e3o-coletiva-e1529341644364.jpg","jetpack_sharing_enabled":true,"amp_enabled":true,"_links":{"self":[{"href":"https:\/\/folhapopular.info\/index.php\/wp-json\/wp\/v2\/posts\/45409","targetHints":{"allow":["GET"]}}],"collection":[{"href":"https:\/\/folhapopular.info\/index.php\/wp-json\/wp\/v2\/posts"}],"about":[{"href":"https:\/\/folhapopular.info\/index.php\/wp-json\/wp\/v2\/types\/post"}],"author":[{"embeddable":true,"href":"https:\/\/folhapopular.info\/index.php\/wp-json\/wp\/v2\/users\/8"}],"replies":[{"embeddable":true,"href":"https:\/\/folhapopular.info\/index.php\/wp-json\/wp\/v2\/comments?post=45409"}],"version-history":[{"count":0,"href":"https:\/\/folhapopular.info\/index.php\/wp-json\/wp\/v2\/posts\/45409\/revisions"}],"wp:featuredmedia":[{"embeddable":true,"href":"https:\/\/folhapopular.info\/index.php\/wp-json\/wp\/v2\/media\/45411"}],"wp:attachment":[{"href":"https:\/\/folhapopular.info\/index.php\/wp-json\/wp\/v2\/media?parent=45409"}],"wp:term":[{"taxonomy":"category","embeddable":true,"href":"https:\/\/folhapopular.info\/index.php\/wp-json\/wp\/v2\/categories?post=45409"},{"taxonomy":"post_tag","embeddable":true,"href":"https:\/\/folhapopular.info\/index.php\/wp-json\/wp\/v2\/tags?post=45409"}],"curies":[{"name":"wp","href":"https:\/\/api.w.org\/{rel}","templated":true}]}}