{"id":45494,"date":"2018-06-20T17:31:05","date_gmt":"2018-06-20T20:31:05","guid":{"rendered":"http:\/\/folhapopular.info\/?p=45494"},"modified":"2018-06-20T17:31:05","modified_gmt":"2018-06-20T20:31:05","slug":"autor-de-diversos-furtos-e-assaltos-no-vale-do-taquari-e-preso-em-teutonia","status":"publish","type":"post","link":"https:\/\/folhapopular.info\/index.php\/2018\/06\/20\/autor-de-diversos-furtos-e-assaltos-no-vale-do-taquari-e-preso-em-teutonia\/","title":{"rendered":"Autor de diversos furtos e assaltos no Vale do Taquari \u00e9 preso em Teut\u00f4nia"},"content":{"rendered":"<p>Um homem, de 36 anos, estava foragido do sistema prisional e foi preso pela Brigada Militar (BM) de Teut\u00f4nia. Conforme a pol\u00edcia, o suspeito se escondia em uma resid\u00eancia abandonada, no Loteamento Oito, no Bairro Canabarro, em Teut\u00f4nia.<\/p>\n<p>Ele tentou fugir, mas foi preso na manh\u00e3 desta quarta-feira (20\/06). Segundo a BM, o homem confessou ter cometido in\u00fameros crimes no Vale do Taquari. Entre as ocorr\u00eancias est\u00e3o assaltos nas cidades de Estrela, Lajeado, Teut\u00f4nia, Fazenda Vilanova e Cruzeiro do Sul. Ainda conforme a pol\u00edcia, ele tamb\u00e9m \u00e9 acusado por cometer roubos de motos em Teut\u00f4nia.<\/p>\n","protected":false},"excerpt":{"rendered":"<p>Um homem, de 36 anos, estava foragido do sistema prisional e foi preso pela Brigada Militar (BM) de Teut\u00f4nia. Conforme a pol\u00edcia, o suspeito se escondia em uma resid\u00eancia abandonada, no Loteamento Oito, no Bairro Canabarro, em Teut\u00f4nia. Ele tentou fugir, mas foi preso na manh\u00e3 desta quarta-feira (20\/06). Segundo a BM, o homem confessou [&hellip;]<\/p>\n","protected":false},"author":8,"featured_media":31878,"comment_status":"open","ping_status":"open","sticky":false,"template":"","format":"standard","meta":{"pmpro_default_level":"","_jetpack_memberships_contains_paid_content":false,"footnotes":""},"categories":[7],"tags":[2965,2966,106,26,156],"class_list":{"0":"post-45494","1":"post","2":"type-post","3":"status-publish","4":"format-standard","5":"has-post-thumbnail","7":"category-seguranca","8":"tag-assaltos","9":"tag-furtos","10":"tag-policia","11":"tag-teutonia","12":"tag-vale-do-taquari","13":"pmpro-has-access"},"yoast_head":"<!-- This site is optimized with the Yoast SEO plugin v27.5 - https:\/\/yoast.com\/product\/yoast-seo-wordpress\/ -->\n<title>Autor de diversos furtos e assaltos no Vale do Taquari \u00e9 preso em Teut\u00f4nia - Folha Popular<\/title>\n<meta name=\"robots\" content=\"index, follow, max-snippet:-1, max-image-preview:large, max-video-preview:-1\" \/>\n<link rel=\"canonical\" href=\"https:\/\/folhapopular.info\/index.php\/2018\/06\/20\/autor-de-diversos-furtos-e-assaltos-no-vale-do-taquari-e-preso-em-teutonia\/\" \/>\n<meta property=\"og:locale\" content=\"pt_BR\" \/>\n<meta property=\"og:type\" content=\"article\" \/>\n<meta property=\"og:title\" content=\"Autor de diversos furtos e assaltos no Vale do Taquari \u00e9 preso em Teut\u00f4nia - Folha Popular\" \/>\n<meta property=\"og:description\" content=\"Um homem, de 36 anos, estava foragido do sistema prisional e foi preso pela Brigada Militar (BM) de Teut\u00f4nia. Conforme a pol\u00edcia, o suspeito se escondia em uma resid\u00eancia abandonada, no Loteamento Oito, no Bairro Canabarro, em Teut\u00f4nia. Ele tentou fugir, mas foi preso na manh\u00e3 desta quarta-feira (20\/06). Segundo a BM, o homem confessou [&hellip;]\" \/>\n<meta property=\"og:url\" content=\"https:\/\/folhapopular.info\/index.php\/2018\/06\/20\/autor-de-diversos-furtos-e-assaltos-no-vale-do-taquari-e-preso-em-teutonia\/\" \/>\n<meta property=\"og:site_name\" content=\"Folha Popular\" \/>\n<meta property=\"article:published_time\" content=\"2018-06-20T20:31:05+00:00\" \/>\n<meta property=\"og:image\" content=\"https:\/\/folhapopular.info\/wp-content\/uploads\/2017\/06\/Tr\u00e2nsito_SITE-e1545295844946.jpg\" \/>\n\t<meta property=\"og:image:width\" content=\"800\" \/>\n\t<meta property=\"og:image:height\" content=\"514\" \/>\n\t<meta property=\"og:image:type\" content=\"image\/jpeg\" \/>\n<meta name=\"author\" content=\"Reda\u00e7\u00e3o Folha Popular\" \/>\n<meta name=\"twitter:card\" content=\"summary_large_image\" \/>\n<meta name=\"twitter:label1\" content=\"Escrito por\" \/>\n\t<meta name=\"twitter:data1\" content=\"Reda\u00e7\u00e3o Folha Popular\" \/>\n\t<meta name=\"twitter:label2\" content=\"Est. tempo de leitura\" \/>\n\t<meta name=\"twitter:data2\" content=\"1 minuto\" \/>\n<script type=\"application\/ld+json\" class=\"yoast-schema-graph\">{\"@context\":\"https:\\\/\\\/schema.org\",\"@graph\":[{\"@type\":\"Article\",\"@id\":\"https:\\\/\\\/folhapopular.info\\\/index.php\\\/2018\\\/06\\\/20\\\/autor-de-diversos-furtos-e-assaltos-no-vale-do-taquari-e-preso-em-teutonia\\\/#article\",\"isPartOf\":{\"@id\":\"https:\\\/\\\/folhapopular.info\\\/index.php\\\/2018\\\/06\\\/20\\\/autor-de-diversos-furtos-e-assaltos-no-vale-do-taquari-e-preso-em-teutonia\\\/\"},\"author\":{\"name\":\"Reda\u00e7\u00e3o Folha Popular\",\"@id\":\"https:\\\/\\\/folhapopular.info\\\/#\\\/schema\\\/person\\\/2814e8a0df7643585a9ca38bc6eb9d4b\"},\"headline\":\"Autor de diversos furtos e assaltos no Vale do Taquari \u00e9 preso em Teut\u00f4nia\",\"datePublished\":\"2018-06-20T20:31:05+00:00\",\"mainEntityOfPage\":{\"@id\":\"https:\\\/\\\/folhapopular.info\\\/index.php\\\/2018\\\/06\\\/20\\\/autor-de-diversos-furtos-e-assaltos-no-vale-do-taquari-e-preso-em-teutonia\\\/\"},\"wordCount\":117,\"commentCount\":0,\"image\":{\"@id\":\"https:\\\/\\\/folhapopular.info\\\/index.php\\\/2018\\\/06\\\/20\\\/autor-de-diversos-furtos-e-assaltos-no-vale-do-taquari-e-preso-em-teutonia\\\/#primaryimage\"},\"thumbnailUrl\":\"https:\\\/\\\/folhapopular.info\\\/wp-content\\\/uploads\\\/2017\\\/06\\\/Tr\u00e2nsito_SITE-e1545295844946.jpg\",\"keywords\":[\"Assaltos\",\"Furtos\",\"Pol\u00edcia\",\"Teut\u00f4nia\",\"Vale do Taquari\"],\"articleSection\":[\"Seguran\u00e7a\"],\"inLanguage\":\"pt-BR\",\"potentialAction\":[{\"@type\":\"CommentAction\",\"name\":\"Comment\",\"target\":[\"https:\\\/\\\/folhapopular.info\\\/index.php\\\/2018\\\/06\\\/20\\\/autor-de-diversos-furtos-e-assaltos-no-vale-do-taquari-e-preso-em-teutonia\\\/#respond\"]}]},{\"@type\":\"WebPage\",\"@id\":\"https:\\\/\\\/folhapopular.info\\\/index.php\\\/2018\\\/06\\\/20\\\/autor-de-diversos-furtos-e-assaltos-no-vale-do-taquari-e-preso-em-teutonia\\\/\",\"url\":\"https:\\\/\\\/folhapopular.info\\\/index.php\\\/2018\\\/06\\\/20\\\/autor-de-diversos-furtos-e-assaltos-no-vale-do-taquari-e-preso-em-teutonia\\\/\",\"name\":\"Autor de diversos furtos e assaltos no Vale do Taquari \u00e9 preso em Teut\u00f4nia - Folha Popular\",\"isPartOf\":{\"@id\":\"https:\\\/\\\/folhapopular.info\\\/#website\"},\"primaryImageOfPage\":{\"@id\":\"https:\\\/\\\/folhapopular.info\\\/index.php\\\/2018\\\/06\\\/20\\\/autor-de-diversos-furtos-e-assaltos-no-vale-do-taquari-e-preso-em-teutonia\\\/#primaryimage\"},\"image\":{\"@id\":\"https:\\\/\\\/folhapopular.info\\\/index.php\\\/2018\\\/06\\\/20\\\/autor-de-diversos-furtos-e-assaltos-no-vale-do-taquari-e-preso-em-teutonia\\\/#primaryimage\"},\"thumbnailUrl\":\"https:\\\/\\\/folhapopular.info\\\/wp-content\\\/uploads\\\/2017\\\/06\\\/Tr\u00e2nsito_SITE-e1545295844946.jpg\",\"datePublished\":\"2018-06-20T20:31:05+00:00\",\"author\":{\"@id\":\"https:\\\/\\\/folhapopular.info\\\/#\\\/schema\\\/person\\\/2814e8a0df7643585a9ca38bc6eb9d4b\"},\"breadcrumb\":{\"@id\":\"https:\\\/\\\/folhapopular.info\\\/index.php\\\/2018\\\/06\\\/20\\\/autor-de-diversos-furtos-e-assaltos-no-vale-do-taquari-e-preso-em-teutonia\\\/#breadcrumb\"},\"inLanguage\":\"pt-BR\",\"potentialAction\":[{\"@type\":\"ReadAction\",\"target\":[\"https:\\\/\\\/folhapopular.info\\\/index.php\\\/2018\\\/06\\\/20\\\/autor-de-diversos-furtos-e-assaltos-no-vale-do-taquari-e-preso-em-teutonia\\\/\"]}]},{\"@type\":\"ImageObject\",\"inLanguage\":\"pt-BR\",\"@id\":\"https:\\\/\\\/folhapopular.info\\\/index.php\\\/2018\\\/06\\\/20\\\/autor-de-diversos-furtos-e-assaltos-no-vale-do-taquari-e-preso-em-teutonia\\\/#primaryimage\",\"url\":\"https:\\\/\\\/folhapopular.info\\\/wp-content\\\/uploads\\\/2017\\\/06\\\/Tr\u00e2nsito_SITE-e1545295844946.jpg\",\"contentUrl\":\"https:\\\/\\\/folhapopular.info\\\/wp-content\\\/uploads\\\/2017\\\/06\\\/Tr\u00e2nsito_SITE-e1545295844946.jpg\",\"width\":800,\"height\":514},{\"@type\":\"BreadcrumbList\",\"@id\":\"https:\\\/\\\/folhapopular.info\\\/index.php\\\/2018\\\/06\\\/20\\\/autor-de-diversos-furtos-e-assaltos-no-vale-do-taquari-e-preso-em-teutonia\\\/#breadcrumb\",\"itemListElement\":[{\"@type\":\"ListItem\",\"position\":1,\"name\":\"In\u00edcio\",\"item\":\"https:\\\/\\\/folhapopular.info\\\/\"},{\"@type\":\"ListItem\",\"position\":2,\"name\":\"Autor de diversos furtos e assaltos no Vale do Taquari \u00e9 preso em Teut\u00f4nia\"}]},{\"@type\":\"WebSite\",\"@id\":\"https:\\\/\\\/folhapopular.info\\\/#website\",\"url\":\"https:\\\/\\\/folhapopular.info\\\/\",\"name\":\"Folha Popular\",\"description\":\"Onde voc\u00ea tem vez e voz\",\"potentialAction\":[{\"@type\":\"SearchAction\",\"target\":{\"@type\":\"EntryPoint\",\"urlTemplate\":\"https:\\\/\\\/folhapopular.info\\\/?s={search_term_string}\"},\"query-input\":{\"@type\":\"PropertyValueSpecification\",\"valueRequired\":true,\"valueName\":\"search_term_string\"}}],\"inLanguage\":\"pt-BR\"},{\"@type\":\"Person\",\"@id\":\"https:\\\/\\\/folhapopular.info\\\/#\\\/schema\\\/person\\\/2814e8a0df7643585a9ca38bc6eb9d4b\",\"name\":\"Reda\u00e7\u00e3o Folha Popular\",\"image\":{\"@type\":\"ImageObject\",\"inLanguage\":\"pt-BR\",\"@id\":\"https:\\\/\\\/folhapopular.info\\\/wp-content\\\/uploads\\\/2026\\\/04\\\/Folha-1.webp\",\"url\":\"https:\\\/\\\/folhapopular.info\\\/wp-content\\\/uploads\\\/2026\\\/04\\\/Folha-1.webp\",\"contentUrl\":\"https:\\\/\\\/folhapopular.info\\\/wp-content\\\/uploads\\\/2026\\\/04\\\/Folha-1.webp\",\"caption\":\"Reda\u00e7\u00e3o Folha Popular\"},\"url\":\"https:\\\/\\\/folhapopular.info\\\/index.php\\\/author\\\/redacao\\\/\"}]}<\/script>\n<!-- \/ Yoast SEO plugin. -->","yoast_head_json":{"title":"Autor de diversos furtos e assaltos no Vale do Taquari \u00e9 preso em Teut\u00f4nia - Folha Popular","robots":{"index":"index","follow":"follow","max-snippet":"max-snippet:-1","max-image-preview":"max-image-preview:large","max-video-preview":"max-video-preview:-1"},"canonical":"https:\/\/folhapopular.info\/index.php\/2018\/06\/20\/autor-de-diversos-furtos-e-assaltos-no-vale-do-taquari-e-preso-em-teutonia\/","og_locale":"pt_BR","og_type":"article","og_title":"Autor de diversos furtos e assaltos no Vale do Taquari \u00e9 preso em Teut\u00f4nia - Folha Popular","og_description":"Um homem, de 36 anos, estava foragido do sistema prisional e foi preso pela Brigada Militar (BM) de Teut\u00f4nia. Conforme a pol\u00edcia, o suspeito se escondia em uma resid\u00eancia abandonada, no Loteamento Oito, no Bairro Canabarro, em Teut\u00f4nia. Ele tentou fugir, mas foi preso na manh\u00e3 desta quarta-feira (20\/06). Segundo a BM, o homem confessou [&hellip;]","og_url":"https:\/\/folhapopular.info\/index.php\/2018\/06\/20\/autor-de-diversos-furtos-e-assaltos-no-vale-do-taquari-e-preso-em-teutonia\/","og_site_name":"Folha Popular","article_published_time":"2018-06-20T20:31:05+00:00","og_image":[{"width":800,"height":514,"url":"https:\/\/folhapopular.info\/wp-content\/uploads\/2017\/06\/Tr\u00e2nsito_SITE-e1545295844946.jpg","type":"image\/jpeg"}],"author":"Reda\u00e7\u00e3o Folha Popular","twitter_card":"summary_large_image","twitter_misc":{"Escrito por":"Reda\u00e7\u00e3o Folha Popular","Est. tempo de leitura":"1 minuto"},"schema":{"@context":"https:\/\/schema.org","@graph":[{"@type":"Article","@id":"https:\/\/folhapopular.info\/index.php\/2018\/06\/20\/autor-de-diversos-furtos-e-assaltos-no-vale-do-taquari-e-preso-em-teutonia\/#article","isPartOf":{"@id":"https:\/\/folhapopular.info\/index.php\/2018\/06\/20\/autor-de-diversos-furtos-e-assaltos-no-vale-do-taquari-e-preso-em-teutonia\/"},"author":{"name":"Reda\u00e7\u00e3o Folha Popular","@id":"https:\/\/folhapopular.info\/#\/schema\/person\/2814e8a0df7643585a9ca38bc6eb9d4b"},"headline":"Autor de diversos furtos e assaltos no Vale do Taquari \u00e9 preso em Teut\u00f4nia","datePublished":"2018-06-20T20:31:05+00:00","mainEntityOfPage":{"@id":"https:\/\/folhapopular.info\/index.php\/2018\/06\/20\/autor-de-diversos-furtos-e-assaltos-no-vale-do-taquari-e-preso-em-teutonia\/"},"wordCount":117,"commentCount":0,"image":{"@id":"https:\/\/folhapopular.info\/index.php\/2018\/06\/20\/autor-de-diversos-furtos-e-assaltos-no-vale-do-taquari-e-preso-em-teutonia\/#primaryimage"},"thumbnailUrl":"https:\/\/folhapopular.info\/wp-content\/uploads\/2017\/06\/Tr\u00e2nsito_SITE-e1545295844946.jpg","keywords":["Assaltos","Furtos","Pol\u00edcia","Teut\u00f4nia","Vale do Taquari"],"articleSection":["Seguran\u00e7a"],"inLanguage":"pt-BR","potentialAction":[{"@type":"CommentAction","name":"Comment","target":["https:\/\/folhapopular.info\/index.php\/2018\/06\/20\/autor-de-diversos-furtos-e-assaltos-no-vale-do-taquari-e-preso-em-teutonia\/#respond"]}]},{"@type":"WebPage","@id":"https:\/\/folhapopular.info\/index.php\/2018\/06\/20\/autor-de-diversos-furtos-e-assaltos-no-vale-do-taquari-e-preso-em-teutonia\/","url":"https:\/\/folhapopular.info\/index.php\/2018\/06\/20\/autor-de-diversos-furtos-e-assaltos-no-vale-do-taquari-e-preso-em-teutonia\/","name":"Autor de diversos furtos e assaltos no Vale do Taquari \u00e9 preso em Teut\u00f4nia - Folha Popular","isPartOf":{"@id":"https:\/\/folhapopular.info\/#website"},"primaryImageOfPage":{"@id":"https:\/\/folhapopular.info\/index.php\/2018\/06\/20\/autor-de-diversos-furtos-e-assaltos-no-vale-do-taquari-e-preso-em-teutonia\/#primaryimage"},"image":{"@id":"https:\/\/folhapopular.info\/index.php\/2018\/06\/20\/autor-de-diversos-furtos-e-assaltos-no-vale-do-taquari-e-preso-em-teutonia\/#primaryimage"},"thumbnailUrl":"https:\/\/folhapopular.info\/wp-content\/uploads\/2017\/06\/Tr\u00e2nsito_SITE-e1545295844946.jpg","datePublished":"2018-06-20T20:31:05+00:00","author":{"@id":"https:\/\/folhapopular.info\/#\/schema\/person\/2814e8a0df7643585a9ca38bc6eb9d4b"},"breadcrumb":{"@id":"https:\/\/folhapopular.info\/index.php\/2018\/06\/20\/autor-de-diversos-furtos-e-assaltos-no-vale-do-taquari-e-preso-em-teutonia\/#breadcrumb"},"inLanguage":"pt-BR","potentialAction":[{"@type":"ReadAction","target":["https:\/\/folhapopular.info\/index.php\/2018\/06\/20\/autor-de-diversos-furtos-e-assaltos-no-vale-do-taquari-e-preso-em-teutonia\/"]}]},{"@type":"ImageObject","inLanguage":"pt-BR","@id":"https:\/\/folhapopular.info\/index.php\/2018\/06\/20\/autor-de-diversos-furtos-e-assaltos-no-vale-do-taquari-e-preso-em-teutonia\/#primaryimage","url":"https:\/\/folhapopular.info\/wp-content\/uploads\/2017\/06\/Tr\u00e2nsito_SITE-e1545295844946.jpg","contentUrl":"https:\/\/folhapopular.info\/wp-content\/uploads\/2017\/06\/Tr\u00e2nsito_SITE-e1545295844946.jpg","width":800,"height":514},{"@type":"BreadcrumbList","@id":"https:\/\/folhapopular.info\/index.php\/2018\/06\/20\/autor-de-diversos-furtos-e-assaltos-no-vale-do-taquari-e-preso-em-teutonia\/#breadcrumb","itemListElement":[{"@type":"ListItem","position":1,"name":"In\u00edcio","item":"https:\/\/folhapopular.info\/"},{"@type":"ListItem","position":2,"name":"Autor de diversos furtos e assaltos no Vale do Taquari \u00e9 preso em Teut\u00f4nia"}]},{"@type":"WebSite","@id":"https:\/\/folhapopular.info\/#website","url":"https:\/\/folhapopular.info\/","name":"Folha Popular","description":"Onde voc\u00ea tem vez e voz","potentialAction":[{"@type":"SearchAction","target":{"@type":"EntryPoint","urlTemplate":"https:\/\/folhapopular.info\/?s={search_term_string}"},"query-input":{"@type":"PropertyValueSpecification","valueRequired":true,"valueName":"search_term_string"}}],"inLanguage":"pt-BR"},{"@type":"Person","@id":"https:\/\/folhapopular.info\/#\/schema\/person\/2814e8a0df7643585a9ca38bc6eb9d4b","name":"Reda\u00e7\u00e3o Folha Popular","image":{"@type":"ImageObject","inLanguage":"pt-BR","@id":"https:\/\/folhapopular.info\/wp-content\/uploads\/2026\/04\/Folha-1.webp","url":"https:\/\/folhapopular.info\/wp-content\/uploads\/2026\/04\/Folha-1.webp","contentUrl":"https:\/\/folhapopular.info\/wp-content\/uploads\/2026\/04\/Folha-1.webp","caption":"Reda\u00e7\u00e3o Folha Popular"},"url":"https:\/\/folhapopular.info\/index.php\/author\/redacao\/"}]}},"jetpack_featured_media_url":"https:\/\/folhapopular.info\/wp-content\/uploads\/2017\/06\/Tr\u00e2nsito_SITE-e1545295844946.jpg","jetpack_sharing_enabled":true,"amp_enabled":true,"_links":{"self":[{"href":"https:\/\/folhapopular.info\/index.php\/wp-json\/wp\/v2\/posts\/45494","targetHints":{"allow":["GET"]}}],"collection":[{"href":"https:\/\/folhapopular.info\/index.php\/wp-json\/wp\/v2\/posts"}],"about":[{"href":"https:\/\/folhapopular.info\/index.php\/wp-json\/wp\/v2\/types\/post"}],"author":[{"embeddable":true,"href":"https:\/\/folhapopular.info\/index.php\/wp-json\/wp\/v2\/users\/8"}],"replies":[{"embeddable":true,"href":"https:\/\/folhapopular.info\/index.php\/wp-json\/wp\/v2\/comments?post=45494"}],"version-history":[{"count":0,"href":"https:\/\/folhapopular.info\/index.php\/wp-json\/wp\/v2\/posts\/45494\/revisions"}],"wp:featuredmedia":[{"embeddable":true,"href":"https:\/\/folhapopular.info\/index.php\/wp-json\/wp\/v2\/media\/31878"}],"wp:attachment":[{"href":"https:\/\/folhapopular.info\/index.php\/wp-json\/wp\/v2\/media?parent=45494"}],"wp:term":[{"taxonomy":"category","embeddable":true,"href":"https:\/\/folhapopular.info\/index.php\/wp-json\/wp\/v2\/categories?post=45494"},{"taxonomy":"post_tag","embeddable":true,"href":"https:\/\/folhapopular.info\/index.php\/wp-json\/wp\/v2\/tags?post=45494"}],"curies":[{"name":"wp","href":"https:\/\/api.w.org\/{rel}","templated":true}]}}