{"id":46134,"date":"2018-07-13T16:00:07","date_gmt":"2018-07-13T19:00:07","guid":{"rendered":"http:\/\/folhapopular.info\/?p=46134"},"modified":"2018-07-13T15:33:32","modified_gmt":"2018-07-13T18:33:32","slug":"campeoes-do-campeonato-citadino-recebem-premiacao","status":"publish","type":"post","link":"https:\/\/folhapopular.info\/index.php\/2018\/07\/13\/campeoes-do-campeonato-citadino-recebem-premiacao\/","title":{"rendered":"Campe\u00f5es do Campeonato Citadino recebem premia\u00e7\u00e3o"},"content":{"rendered":"<p>A Prefeitura de Gribaldi, por meio da Secretaria Municipal de Esportes e Lazer, encerrou no m\u00eas passado mais uma edi\u00e7\u00e3o do Campeonato Citadino de Futsal. A iniciativa, que visa estimular a pr\u00e1tica esportiva, envolveu cerca de 450 atletas ao longo de quatro meses.<\/p>\n<p>Os campe\u00f5es foram definidos no dia 28 de junho e receberam seus pr\u00eamios nesta quarta-feira, dia 11 de julho, no gabinete do prefeito Antonio Cettolin.<\/p>\n<p>A equipe vencedora da categoria Livre, Vacaro Embutidos\/T\u00e1 na roda\/Bom Mate, recebeu R$ 1.500. As campe\u00e3s das demais categorias foram contempladas com R$ 1.000 cada: Juvenil \u2013 Horr\u00edver Plate; Veterano \u2013 Agropanis\/Vibel\/Natplast; M\u00e1ster \u2013 Vibel Bebidas.<\/p>\n\r\n                <style type=\"text\/css\">\r\n                    \r\n                    #tdi_1  .td-doubleSlider-2 .td-item1 {\r\n                        background: url(https:\/\/folhapopular.info\/wp-content\/uploads\/2018\/07\/Premia\u00e7\u00e3o-Juvenil-Horr\u00edver-Plate-Douglas-Razia-e-Gilberto-Card-Luana-Fontana-80x60.jpg) 0 0 no-repeat;\r\n                    }\r\n                    #tdi_1  .td-doubleSlider-2 .td-item2 {\r\n                        background: url(https:\/\/folhapopular.info\/wp-content\/uploads\/2018\/07\/Premia\u00e7\u00e3o-Livre-Vacaro-Embutidos-Bom-Mate-T\u00e1-na-Roda-Eduardo-Dorneles-Luana-Fontana-80x60.jpg) 0 0 no-repeat;\r\n                    }\r\n                    #tdi_1  .td-doubleSlider-2 .td-item3 {\r\n                        background: url(https:\/\/folhapopular.info\/wp-content\/uploads\/2018\/07\/Premia\u00e7\u00e3o-M\u00e1ster-Vibel-Bebidas-Adelar-Villa-Luana-Fontana-80x60.jpg) 0 0 no-repeat;\r\n                    }\r\n                    #tdi_1  .td-doubleSlider-2 .td-item4 {\r\n                        background: url(https:\/\/folhapopular.info\/wp-content\/uploads\/2018\/07\/Premia\u00e7\u00e3o-Veterano-Agropanis-Vibel-Bebidas-Natsplast-Gilmar-Ba\u00fa-Luana-Fontana-80x60.jpg) 0 0 no-repeat;\r\n                    }\r\n                <\/style>\r\n\r\n                <div id=\"tdi_1\" class=\"td-gallery td-slide-on-2-columns\">\r\n                    <div class=\"post_td_gallery\">\r\n                        <div class=\"td-gallery-slide-top\">\r\n                           <div class=\"td-gallery-title\">Ganhadores recebem premia\u00e7\u00e3o<\/div>\r\n\r\n                            <div class=\"td-gallery-controls-wrapper\">\r\n                                <div class=\"td-gallery-slide-count\"><span class=\"td-gallery-slide-item-focus\">1<\/span> de 4<\/div>\r\n                                <div class=\"td-gallery-slide-prev-next-but\">\r\n                                    <i class = \"td-icon-left doubleSliderPrevButton\"><\/i>\r\n                                    <i class = \"td-icon-right doubleSliderNextButton\"><\/i>\r\n                                <\/div>\r\n                            <\/div>\r\n                        <\/div>\r\n\r\n                        <div class = \"td-doubleSlider-1 \">\r\n                            <div class = \"td-slider\">\r\n                                \r\n                    <div class = \"td-slide-item td-item1\">\r\n                        <figure class=\"td-slide-galery-figure td-slide-popup-gallery\">\r\n                            <a class=\"slide-gallery-image-link\" href=\"https:\/\/folhapopular.info\/wp-content\/uploads\/2018\/07\/Premia\u00e7\u00e3o-Juvenil-Horr\u00edver-Plate-Douglas-Razia-e-Gilberto-Card-Luana-Fontana-e1531506712996.jpg\" title=\"Cr\u00e9dito da foto: Luana Fontana\/Divulga\u00e7\u00e3o\"  data-caption=\"Premia\u00e7\u00e3o Juvenil - Horr\u00edver Plate - Douglas Razia e Gilberto Card\/Cr\u00e9dito da foto: Luana Fontana\/Divulga\u00e7\u00e3o\"  data-description=\"\">\r\n                                <img decoding=\"async\" src=\"https:\/\/folhapopular.info\/wp-content\/uploads\/2018\/07\/Premia\u00e7\u00e3o-Juvenil-Horr\u00edver-Plate-Douglas-Razia-e-Gilberto-Card-Luana-Fontana-560x420.jpg\" srcset=\"https:\/\/folhapopular.info\/wp-content\/uploads\/2018\/07\/Premia\u00e7\u00e3o-Juvenil-Horr\u00edver-Plate-Douglas-Razia-e-Gilberto-Card-Luana-Fontana-560x420.jpg 560w, https:\/\/folhapopular.info\/wp-content\/uploads\/2018\/07\/Premia\u00e7\u00e3o-Juvenil-Horr\u00edver-Plate-Douglas-Razia-e-Gilberto-Card-Luana-Fontana-300x225.jpg 300w, https:\/\/folhapopular.info\/wp-content\/uploads\/2018\/07\/Premia\u00e7\u00e3o-Juvenil-Horr\u00edver-Plate-Douglas-Razia-e-Gilberto-Card-Luana-Fontana-768x576.jpg 768w, https:\/\/folhapopular.info\/wp-content\/uploads\/2018\/07\/Premia\u00e7\u00e3o-Juvenil-Horr\u00edver-Plate-Douglas-Razia-e-Gilberto-Card-Luana-Fontana-1024x768.jpg 1024w, https:\/\/folhapopular.info\/wp-content\/uploads\/2018\/07\/Premia\u00e7\u00e3o-Juvenil-Horr\u00edver-Plate-Douglas-Razia-e-Gilberto-Card-Luana-Fontana-80x60.jpg 80w, https:\/\/folhapopular.info\/wp-content\/uploads\/2018\/07\/Premia\u00e7\u00e3o-Juvenil-Horr\u00edver-Plate-Douglas-Razia-e-Gilberto-Card-Luana-Fontana-265x198.jpg 265w, https:\/\/folhapopular.info\/wp-content\/uploads\/2018\/07\/Premia\u00e7\u00e3o-Juvenil-Horr\u00edver-Plate-Douglas-Razia-e-Gilberto-Card-Luana-Fontana-696x522.jpg 696w, https:\/\/folhapopular.info\/wp-content\/uploads\/2018\/07\/Premia\u00e7\u00e3o-Juvenil-Horr\u00edver-Plate-Douglas-Razia-e-Gilberto-Card-Luana-Fontana-1068x801.jpg 1068w, https:\/\/folhapopular.info\/wp-content\/uploads\/2018\/07\/Premia\u00e7\u00e3o-Juvenil-Horr\u00edver-Plate-Douglas-Razia-e-Gilberto-Card-Luana-Fontana-e1531506712996.jpg 800w\" sizes=\"(max-width: 560px) 100vw, 560px\" alt=\"\">\r\n                            <\/a>\r\n                            <figcaption class = \"td-slide-caption td-gallery-slide-content\"><div class = \"td-gallery-slide-copywrite\">Premia\u00e7\u00e3o Juvenil - Horr\u00edver Plate - Douglas Razia e Gilberto Card\/Cr\u00e9dito da foto: Luana Fontana\/Divulga\u00e7\u00e3o<\/div><\/figcaption>\r\n                        <\/figure>\r\n                    <\/div>\r\n                    <div class = \"td-slide-item td-item2\">\r\n                        <figure class=\"td-slide-galery-figure td-slide-popup-gallery\">\r\n                            <a class=\"slide-gallery-image-link\" href=\"https:\/\/folhapopular.info\/wp-content\/uploads\/2018\/07\/Premia\u00e7\u00e3o-Livre-Vacaro-Embutidos-Bom-Mate-T\u00e1-na-Roda-Eduardo-Dorneles-Luana-Fontana-e1531506680528.jpg\" title=\"Cr\u00e9dito da foto: Luana Fontana\/Divulga\u00e7\u00e3o\"  data-caption=\"Premia\u00e7\u00e3o Livre - Vacaro Embutidos-Bom Mate- T\u00e1 na Roda - Eduardo Dorneles\/Cr\u00e9dito da foto: Luana Fontana\/Divulga\u00e7\u00e3o\"  data-description=\"\">\r\n                                <img decoding=\"async\" src=\"https:\/\/folhapopular.info\/wp-content\/uploads\/2018\/07\/Premia\u00e7\u00e3o-Livre-Vacaro-Embutidos-Bom-Mate-T\u00e1-na-Roda-Eduardo-Dorneles-Luana-Fontana-560x420.jpg\" srcset=\"https:\/\/folhapopular.info\/wp-content\/uploads\/2018\/07\/Premia\u00e7\u00e3o-Livre-Vacaro-Embutidos-Bom-Mate-T\u00e1-na-Roda-Eduardo-Dorneles-Luana-Fontana-560x420.jpg 560w, https:\/\/folhapopular.info\/wp-content\/uploads\/2018\/07\/Premia\u00e7\u00e3o-Livre-Vacaro-Embutidos-Bom-Mate-T\u00e1-na-Roda-Eduardo-Dorneles-Luana-Fontana-300x225.jpg 300w, https:\/\/folhapopular.info\/wp-content\/uploads\/2018\/07\/Premia\u00e7\u00e3o-Livre-Vacaro-Embutidos-Bom-Mate-T\u00e1-na-Roda-Eduardo-Dorneles-Luana-Fontana-768x576.jpg 768w, https:\/\/folhapopular.info\/wp-content\/uploads\/2018\/07\/Premia\u00e7\u00e3o-Livre-Vacaro-Embutidos-Bom-Mate-T\u00e1-na-Roda-Eduardo-Dorneles-Luana-Fontana-1024x768.jpg 1024w, https:\/\/folhapopular.info\/wp-content\/uploads\/2018\/07\/Premia\u00e7\u00e3o-Livre-Vacaro-Embutidos-Bom-Mate-T\u00e1-na-Roda-Eduardo-Dorneles-Luana-Fontana-80x60.jpg 80w, https:\/\/folhapopular.info\/wp-content\/uploads\/2018\/07\/Premia\u00e7\u00e3o-Livre-Vacaro-Embutidos-Bom-Mate-T\u00e1-na-Roda-Eduardo-Dorneles-Luana-Fontana-265x198.jpg 265w, https:\/\/folhapopular.info\/wp-content\/uploads\/2018\/07\/Premia\u00e7\u00e3o-Livre-Vacaro-Embutidos-Bom-Mate-T\u00e1-na-Roda-Eduardo-Dorneles-Luana-Fontana-696x522.jpg 696w, https:\/\/folhapopular.info\/wp-content\/uploads\/2018\/07\/Premia\u00e7\u00e3o-Livre-Vacaro-Embutidos-Bom-Mate-T\u00e1-na-Roda-Eduardo-Dorneles-Luana-Fontana-1068x801.jpg 1068w, https:\/\/folhapopular.info\/wp-content\/uploads\/2018\/07\/Premia\u00e7\u00e3o-Livre-Vacaro-Embutidos-Bom-Mate-T\u00e1-na-Roda-Eduardo-Dorneles-Luana-Fontana-e1531506680528.jpg 800w\" sizes=\"(max-width: 560px) 100vw, 560px\" alt=\"\">\r\n                            <\/a>\r\n                            <figcaption class = \"td-slide-caption td-gallery-slide-content\"><div class = \"td-gallery-slide-copywrite\">Premia\u00e7\u00e3o Livre - Vacaro Embutidos-Bom Mate- T\u00e1 na Roda - Eduardo Dorneles\/Cr\u00e9dito da foto: Luana Fontana\/Divulga\u00e7\u00e3o<\/div><\/figcaption>\r\n                        <\/figure>\r\n                    <\/div>\r\n                    <div class = \"td-slide-item td-item3\">\r\n                        <figure class=\"td-slide-galery-figure td-slide-popup-gallery\">\r\n                            <a class=\"slide-gallery-image-link\" href=\"https:\/\/folhapopular.info\/wp-content\/uploads\/2018\/07\/Premia\u00e7\u00e3o-M\u00e1ster-Vibel-Bebidas-Adelar-Villa-Luana-Fontana-e1531506741688.jpg\" title=\"Cr\u00e9dito da foto: Luana Fontana\/Divulga\u00e7\u00e3o\"  data-caption=\"Premia\u00e7\u00e3o M\u00e1ster - Vibel Bebidas - Adelar Villa\/Cr\u00e9dito da foto: Luana Fontana\/Divulga\u00e7\u00e3o\"  data-description=\"\">\r\n                                <img decoding=\"async\" src=\"https:\/\/folhapopular.info\/wp-content\/uploads\/2018\/07\/Premia\u00e7\u00e3o-M\u00e1ster-Vibel-Bebidas-Adelar-Villa-Luana-Fontana-560x420.jpg\" srcset=\"https:\/\/folhapopular.info\/wp-content\/uploads\/2018\/07\/Premia\u00e7\u00e3o-M\u00e1ster-Vibel-Bebidas-Adelar-Villa-Luana-Fontana-560x420.jpg 560w, https:\/\/folhapopular.info\/wp-content\/uploads\/2018\/07\/Premia\u00e7\u00e3o-M\u00e1ster-Vibel-Bebidas-Adelar-Villa-Luana-Fontana-300x225.jpg 300w, https:\/\/folhapopular.info\/wp-content\/uploads\/2018\/07\/Premia\u00e7\u00e3o-M\u00e1ster-Vibel-Bebidas-Adelar-Villa-Luana-Fontana-768x576.jpg 768w, https:\/\/folhapopular.info\/wp-content\/uploads\/2018\/07\/Premia\u00e7\u00e3o-M\u00e1ster-Vibel-Bebidas-Adelar-Villa-Luana-Fontana-1024x768.jpg 1024w, https:\/\/folhapopular.info\/wp-content\/uploads\/2018\/07\/Premia\u00e7\u00e3o-M\u00e1ster-Vibel-Bebidas-Adelar-Villa-Luana-Fontana-80x60.jpg 80w, https:\/\/folhapopular.info\/wp-content\/uploads\/2018\/07\/Premia\u00e7\u00e3o-M\u00e1ster-Vibel-Bebidas-Adelar-Villa-Luana-Fontana-265x198.jpg 265w, https:\/\/folhapopular.info\/wp-content\/uploads\/2018\/07\/Premia\u00e7\u00e3o-M\u00e1ster-Vibel-Bebidas-Adelar-Villa-Luana-Fontana-696x522.jpg 696w, https:\/\/folhapopular.info\/wp-content\/uploads\/2018\/07\/Premia\u00e7\u00e3o-M\u00e1ster-Vibel-Bebidas-Adelar-Villa-Luana-Fontana-1068x801.jpg 1068w, https:\/\/folhapopular.info\/wp-content\/uploads\/2018\/07\/Premia\u00e7\u00e3o-M\u00e1ster-Vibel-Bebidas-Adelar-Villa-Luana-Fontana-e1531506741688.jpg 800w\" sizes=\"(max-width: 560px) 100vw, 560px\" alt=\"\">\r\n                            <\/a>\r\n                            <figcaption class = \"td-slide-caption td-gallery-slide-content\"><div class = \"td-gallery-slide-copywrite\">Premia\u00e7\u00e3o M\u00e1ster - Vibel Bebidas - Adelar Villa\/Cr\u00e9dito da foto: Luana Fontana\/Divulga\u00e7\u00e3o<\/div><\/figcaption>\r\n                        <\/figure>\r\n                    <\/div>\r\n                    <div class = \"td-slide-item td-item4\">\r\n                        <figure class=\"td-slide-galery-figure td-slide-popup-gallery\">\r\n                            <a class=\"slide-gallery-image-link\" href=\"https:\/\/folhapopular.info\/wp-content\/uploads\/2018\/07\/Premia\u00e7\u00e3o-Veterano-Agropanis-Vibel-Bebidas-Natsplast-Gilmar-Ba\u00fa-Luana-Fontana-e1531506768773.jpg\" title=\"Cr\u00e9dito da foto: Luana Fontana\/Divulga\u00e7\u00e3o\"  data-caption=\"Premia\u00e7\u00e3o Veterano - Agropanis-Vibel Bebidas-Natsplast - Gilmar Ba\u00fa\/Cr\u00e9dito da foto: Luana Fontana\/Divulga\u00e7\u00e3o\"  data-description=\"\">\r\n                                <img decoding=\"async\" src=\"https:\/\/folhapopular.info\/wp-content\/uploads\/2018\/07\/Premia\u00e7\u00e3o-Veterano-Agropanis-Vibel-Bebidas-Natsplast-Gilmar-Ba\u00fa-Luana-Fontana-560x420.jpg\" srcset=\"https:\/\/folhapopular.info\/wp-content\/uploads\/2018\/07\/Premia\u00e7\u00e3o-Veterano-Agropanis-Vibel-Bebidas-Natsplast-Gilmar-Ba\u00fa-Luana-Fontana-560x420.jpg 560w, https:\/\/folhapopular.info\/wp-content\/uploads\/2018\/07\/Premia\u00e7\u00e3o-Veterano-Agropanis-Vibel-Bebidas-Natsplast-Gilmar-Ba\u00fa-Luana-Fontana-300x225.jpg 300w, https:\/\/folhapopular.info\/wp-content\/uploads\/2018\/07\/Premia\u00e7\u00e3o-Veterano-Agropanis-Vibel-Bebidas-Natsplast-Gilmar-Ba\u00fa-Luana-Fontana-768x576.jpg 768w, https:\/\/folhapopular.info\/wp-content\/uploads\/2018\/07\/Premia\u00e7\u00e3o-Veterano-Agropanis-Vibel-Bebidas-Natsplast-Gilmar-Ba\u00fa-Luana-Fontana-1024x768.jpg 1024w, https:\/\/folhapopular.info\/wp-content\/uploads\/2018\/07\/Premia\u00e7\u00e3o-Veterano-Agropanis-Vibel-Bebidas-Natsplast-Gilmar-Ba\u00fa-Luana-Fontana-80x60.jpg 80w, https:\/\/folhapopular.info\/wp-content\/uploads\/2018\/07\/Premia\u00e7\u00e3o-Veterano-Agropanis-Vibel-Bebidas-Natsplast-Gilmar-Ba\u00fa-Luana-Fontana-265x198.jpg 265w, https:\/\/folhapopular.info\/wp-content\/uploads\/2018\/07\/Premia\u00e7\u00e3o-Veterano-Agropanis-Vibel-Bebidas-Natsplast-Gilmar-Ba\u00fa-Luana-Fontana-696x522.jpg 696w, https:\/\/folhapopular.info\/wp-content\/uploads\/2018\/07\/Premia\u00e7\u00e3o-Veterano-Agropanis-Vibel-Bebidas-Natsplast-Gilmar-Ba\u00fa-Luana-Fontana-1068x801.jpg 1068w, https:\/\/folhapopular.info\/wp-content\/uploads\/2018\/07\/Premia\u00e7\u00e3o-Veterano-Agropanis-Vibel-Bebidas-Natsplast-Gilmar-Ba\u00fa-Luana-Fontana-e1531506768773.jpg 800w\" sizes=\"(max-width: 560px) 100vw, 560px\" alt=\"\">\r\n                            <\/a>\r\n                            <figcaption class = \"td-slide-caption td-gallery-slide-content\"><div class = \"td-gallery-slide-copywrite\">Premia\u00e7\u00e3o Veterano - Agropanis-Vibel Bebidas-Natsplast - Gilmar Ba\u00fa\/Cr\u00e9dito da foto: Luana Fontana\/Divulga\u00e7\u00e3o<\/div><\/figcaption>\r\n                        <\/figure>\r\n                    <\/div>\r\n                            <\/div>\r\n                        <\/div>\r\n\r\n                        <div class = \"td-doubleSlider-2\">\r\n                            <div class = \"td-slider\">\r\n                                \r\n                    <div class = \"td-button td-item1\">\r\n                        <div class = \"td-border\"><\/div>\r\n                    <\/div>\r\n                    <div class = \"td-button td-item2\">\r\n                        <div class = \"td-border\"><\/div>\r\n                    <\/div>\r\n                    <div class = \"td-button td-item3\">\r\n                        <div class = \"td-border\"><\/div>\r\n                    <\/div>\r\n                    <div class = \"td-button td-item4\">\r\n                        <div class = \"td-border\"><\/div>\r\n                    <\/div>\r\n                            <\/div>\r\n                        <\/div>\r\n\r\n                    <\/div>\r\n\r\n                <\/div>\r\n                \n","protected":false},"excerpt":{"rendered":"<p>A Prefeitura de Gribaldi, por meio da Secretaria Municipal de Esportes e Lazer, encerrou no m\u00eas passado mais uma edi\u00e7\u00e3o do Campeonato Citadino de Futsal. A iniciativa, que visa estimular a pr\u00e1tica esportiva, envolveu cerca de 450 atletas ao longo de quatro meses. Os campe\u00f5es foram definidos no dia 28 de junho e receberam seus [&hellip;]<\/p>\n","protected":false},"author":8,"featured_media":46137,"comment_status":"open","ping_status":"open","sticky":false,"template":"","format":"standard","meta":{"pmpro_default_level":"","_jetpack_memberships_contains_paid_content":false,"footnotes":""},"categories":[5,530],"tags":[2354,498,28],"class_list":{"0":"post-46134","1":"post","2":"type-post","3":"status-publish","4":"format-standard","5":"has-post-thumbnail","7":"category-esportes","8":"category-futsal","9":"tag-citadino","10":"tag-futebol","11":"tag-garibaldi","12":"pmpro-has-access"},"yoast_head":"<!-- This site is optimized with the Yoast SEO plugin v27.5 - https:\/\/yoast.com\/product\/yoast-seo-wordpress\/ -->\n<title>Campe\u00f5es do Campeonato Citadino recebem premia\u00e7\u00e3o - Folha Popular<\/title>\n<meta name=\"robots\" content=\"index, follow, max-snippet:-1, max-image-preview:large, max-video-preview:-1\" \/>\n<link rel=\"canonical\" href=\"https:\/\/folhapopular.info\/index.php\/2018\/07\/13\/campeoes-do-campeonato-citadino-recebem-premiacao\/\" \/>\n<meta property=\"og:locale\" content=\"pt_BR\" \/>\n<meta property=\"og:type\" content=\"article\" \/>\n<meta property=\"og:title\" content=\"Campe\u00f5es do Campeonato Citadino recebem premia\u00e7\u00e3o - Folha Popular\" \/>\n<meta property=\"og:description\" content=\"A Prefeitura de Gribaldi, por meio da Secretaria Municipal de Esportes e Lazer, encerrou no m\u00eas passado mais uma edi\u00e7\u00e3o do Campeonato Citadino de Futsal. A iniciativa, que visa estimular a pr\u00e1tica esportiva, envolveu cerca de 450 atletas ao longo de quatro meses. Os campe\u00f5es foram definidos no dia 28 de junho e receberam seus [&hellip;]\" \/>\n<meta property=\"og:url\" content=\"https:\/\/folhapopular.info\/index.php\/2018\/07\/13\/campeoes-do-campeonato-citadino-recebem-premiacao\/\" \/>\n<meta property=\"og:site_name\" content=\"Folha Popular\" \/>\n<meta property=\"article:published_time\" content=\"2018-07-13T19:00:07+00:00\" \/>\n<meta property=\"og:image\" content=\"https:\/\/folhapopular.info\/wp-content\/uploads\/2018\/07\/Premia\u00e7\u00e3o-Livre-Vacaro-Embutidos-Bom-Mate-T\u00e1-na-Roda-Eduardo-Dorneles-Luana-Fontana-e1531506680528.jpg\" \/>\n\t<meta property=\"og:image:width\" content=\"800\" \/>\n\t<meta property=\"og:image:height\" content=\"600\" \/>\n\t<meta property=\"og:image:type\" content=\"image\/jpeg\" \/>\n<meta name=\"author\" content=\"Reda\u00e7\u00e3o Folha Popular\" \/>\n<meta name=\"twitter:card\" content=\"summary_large_image\" \/>\n<meta name=\"twitter:label1\" content=\"Escrito por\" \/>\n\t<meta name=\"twitter:data1\" content=\"Reda\u00e7\u00e3o Folha Popular\" \/>\n\t<meta name=\"twitter:label2\" content=\"Est. tempo de leitura\" \/>\n\t<meta name=\"twitter:data2\" content=\"1 minuto\" \/>\n<script type=\"application\/ld+json\" class=\"yoast-schema-graph\">{\"@context\":\"https:\\\/\\\/schema.org\",\"@graph\":[{\"@type\":\"Article\",\"@id\":\"https:\\\/\\\/folhapopular.info\\\/index.php\\\/2018\\\/07\\\/13\\\/campeoes-do-campeonato-citadino-recebem-premiacao\\\/#article\",\"isPartOf\":{\"@id\":\"https:\\\/\\\/folhapopular.info\\\/index.php\\\/2018\\\/07\\\/13\\\/campeoes-do-campeonato-citadino-recebem-premiacao\\\/\"},\"author\":{\"name\":\"Reda\u00e7\u00e3o Folha Popular\",\"@id\":\"https:\\\/\\\/folhapopular.info\\\/#\\\/schema\\\/person\\\/2814e8a0df7643585a9ca38bc6eb9d4b\"},\"headline\":\"Campe\u00f5es do Campeonato Citadino recebem premia\u00e7\u00e3o\",\"datePublished\":\"2018-07-13T19:00:07+00:00\",\"mainEntityOfPage\":{\"@id\":\"https:\\\/\\\/folhapopular.info\\\/index.php\\\/2018\\\/07\\\/13\\\/campeoes-do-campeonato-citadino-recebem-premiacao\\\/\"},\"wordCount\":131,\"commentCount\":0,\"image\":{\"@id\":\"https:\\\/\\\/folhapopular.info\\\/index.php\\\/2018\\\/07\\\/13\\\/campeoes-do-campeonato-citadino-recebem-premiacao\\\/#primaryimage\"},\"thumbnailUrl\":\"https:\\\/\\\/folhapopular.info\\\/wp-content\\\/uploads\\\/2018\\\/07\\\/Premia\u00e7\u00e3o-Livre-Vacaro-Embutidos-Bom-Mate-T\u00e1-na-Roda-Eduardo-Dorneles-Luana-Fontana-e1531506680528.jpg\",\"keywords\":[\"Citadino\",\"Futebol\",\"Garibaldi\"],\"articleSection\":[\"Esportes\",\"Futsal\"],\"inLanguage\":\"pt-BR\",\"potentialAction\":[{\"@type\":\"CommentAction\",\"name\":\"Comment\",\"target\":[\"https:\\\/\\\/folhapopular.info\\\/index.php\\\/2018\\\/07\\\/13\\\/campeoes-do-campeonato-citadino-recebem-premiacao\\\/#respond\"]}]},{\"@type\":\"WebPage\",\"@id\":\"https:\\\/\\\/folhapopular.info\\\/index.php\\\/2018\\\/07\\\/13\\\/campeoes-do-campeonato-citadino-recebem-premiacao\\\/\",\"url\":\"https:\\\/\\\/folhapopular.info\\\/index.php\\\/2018\\\/07\\\/13\\\/campeoes-do-campeonato-citadino-recebem-premiacao\\\/\",\"name\":\"Campe\u00f5es do Campeonato Citadino recebem premia\u00e7\u00e3o - Folha Popular\",\"isPartOf\":{\"@id\":\"https:\\\/\\\/folhapopular.info\\\/#website\"},\"primaryImageOfPage\":{\"@id\":\"https:\\\/\\\/folhapopular.info\\\/index.php\\\/2018\\\/07\\\/13\\\/campeoes-do-campeonato-citadino-recebem-premiacao\\\/#primaryimage\"},\"image\":{\"@id\":\"https:\\\/\\\/folhapopular.info\\\/index.php\\\/2018\\\/07\\\/13\\\/campeoes-do-campeonato-citadino-recebem-premiacao\\\/#primaryimage\"},\"thumbnailUrl\":\"https:\\\/\\\/folhapopular.info\\\/wp-content\\\/uploads\\\/2018\\\/07\\\/Premia\u00e7\u00e3o-Livre-Vacaro-Embutidos-Bom-Mate-T\u00e1-na-Roda-Eduardo-Dorneles-Luana-Fontana-e1531506680528.jpg\",\"datePublished\":\"2018-07-13T19:00:07+00:00\",\"author\":{\"@id\":\"https:\\\/\\\/folhapopular.info\\\/#\\\/schema\\\/person\\\/2814e8a0df7643585a9ca38bc6eb9d4b\"},\"breadcrumb\":{\"@id\":\"https:\\\/\\\/folhapopular.info\\\/index.php\\\/2018\\\/07\\\/13\\\/campeoes-do-campeonato-citadino-recebem-premiacao\\\/#breadcrumb\"},\"inLanguage\":\"pt-BR\",\"potentialAction\":[{\"@type\":\"ReadAction\",\"target\":[\"https:\\\/\\\/folhapopular.info\\\/index.php\\\/2018\\\/07\\\/13\\\/campeoes-do-campeonato-citadino-recebem-premiacao\\\/\"]}]},{\"@type\":\"ImageObject\",\"inLanguage\":\"pt-BR\",\"@id\":\"https:\\\/\\\/folhapopular.info\\\/index.php\\\/2018\\\/07\\\/13\\\/campeoes-do-campeonato-citadino-recebem-premiacao\\\/#primaryimage\",\"url\":\"https:\\\/\\\/folhapopular.info\\\/wp-content\\\/uploads\\\/2018\\\/07\\\/Premia\u00e7\u00e3o-Livre-Vacaro-Embutidos-Bom-Mate-T\u00e1-na-Roda-Eduardo-Dorneles-Luana-Fontana-e1531506680528.jpg\",\"contentUrl\":\"https:\\\/\\\/folhapopular.info\\\/wp-content\\\/uploads\\\/2018\\\/07\\\/Premia\u00e7\u00e3o-Livre-Vacaro-Embutidos-Bom-Mate-T\u00e1-na-Roda-Eduardo-Dorneles-Luana-Fontana-e1531506680528.jpg\",\"width\":800,\"height\":600,\"caption\":\"Premia\u00e7\u00e3o Livre - Vacaro Embutidos-Bom Mate- T\u00e1 na Roda - Eduardo Dorneles\\\/Cr\u00e9dito da foto: Luana Fontana\\\/Divulga\u00e7\u00e3o\"},{\"@type\":\"BreadcrumbList\",\"@id\":\"https:\\\/\\\/folhapopular.info\\\/index.php\\\/2018\\\/07\\\/13\\\/campeoes-do-campeonato-citadino-recebem-premiacao\\\/#breadcrumb\",\"itemListElement\":[{\"@type\":\"ListItem\",\"position\":1,\"name\":\"In\u00edcio\",\"item\":\"https:\\\/\\\/folhapopular.info\\\/\"},{\"@type\":\"ListItem\",\"position\":2,\"name\":\"Campe\u00f5es do Campeonato Citadino recebem premia\u00e7\u00e3o\"}]},{\"@type\":\"WebSite\",\"@id\":\"https:\\\/\\\/folhapopular.info\\\/#website\",\"url\":\"https:\\\/\\\/folhapopular.info\\\/\",\"name\":\"Folha Popular\",\"description\":\"Onde voc\u00ea tem vez e voz\",\"potentialAction\":[{\"@type\":\"SearchAction\",\"target\":{\"@type\":\"EntryPoint\",\"urlTemplate\":\"https:\\\/\\\/folhapopular.info\\\/?s={search_term_string}\"},\"query-input\":{\"@type\":\"PropertyValueSpecification\",\"valueRequired\":true,\"valueName\":\"search_term_string\"}}],\"inLanguage\":\"pt-BR\"},{\"@type\":\"Person\",\"@id\":\"https:\\\/\\\/folhapopular.info\\\/#\\\/schema\\\/person\\\/2814e8a0df7643585a9ca38bc6eb9d4b\",\"name\":\"Reda\u00e7\u00e3o Folha Popular\",\"image\":{\"@type\":\"ImageObject\",\"inLanguage\":\"pt-BR\",\"@id\":\"https:\\\/\\\/folhapopular.info\\\/wp-content\\\/uploads\\\/2026\\\/04\\\/Folha-1.webp\",\"url\":\"https:\\\/\\\/folhapopular.info\\\/wp-content\\\/uploads\\\/2026\\\/04\\\/Folha-1.webp\",\"contentUrl\":\"https:\\\/\\\/folhapopular.info\\\/wp-content\\\/uploads\\\/2026\\\/04\\\/Folha-1.webp\",\"caption\":\"Reda\u00e7\u00e3o Folha Popular\"},\"url\":\"https:\\\/\\\/folhapopular.info\\\/index.php\\\/author\\\/redacao\\\/\"}]}<\/script>\n<!-- \/ Yoast SEO plugin. -->","yoast_head_json":{"title":"Campe\u00f5es do Campeonato Citadino recebem premia\u00e7\u00e3o - Folha Popular","robots":{"index":"index","follow":"follow","max-snippet":"max-snippet:-1","max-image-preview":"max-image-preview:large","max-video-preview":"max-video-preview:-1"},"canonical":"https:\/\/folhapopular.info\/index.php\/2018\/07\/13\/campeoes-do-campeonato-citadino-recebem-premiacao\/","og_locale":"pt_BR","og_type":"article","og_title":"Campe\u00f5es do Campeonato Citadino recebem premia\u00e7\u00e3o - Folha Popular","og_description":"A Prefeitura de Gribaldi, por meio da Secretaria Municipal de Esportes e Lazer, encerrou no m\u00eas passado mais uma edi\u00e7\u00e3o do Campeonato Citadino de Futsal. A iniciativa, que visa estimular a pr\u00e1tica esportiva, envolveu cerca de 450 atletas ao longo de quatro meses. Os campe\u00f5es foram definidos no dia 28 de junho e receberam seus [&hellip;]","og_url":"https:\/\/folhapopular.info\/index.php\/2018\/07\/13\/campeoes-do-campeonato-citadino-recebem-premiacao\/","og_site_name":"Folha Popular","article_published_time":"2018-07-13T19:00:07+00:00","og_image":[{"width":800,"height":600,"url":"https:\/\/folhapopular.info\/wp-content\/uploads\/2018\/07\/Premia\u00e7\u00e3o-Livre-Vacaro-Embutidos-Bom-Mate-T\u00e1-na-Roda-Eduardo-Dorneles-Luana-Fontana-e1531506680528.jpg","type":"image\/jpeg"}],"author":"Reda\u00e7\u00e3o Folha Popular","twitter_card":"summary_large_image","twitter_misc":{"Escrito por":"Reda\u00e7\u00e3o Folha Popular","Est. tempo de leitura":"1 minuto"},"schema":{"@context":"https:\/\/schema.org","@graph":[{"@type":"Article","@id":"https:\/\/folhapopular.info\/index.php\/2018\/07\/13\/campeoes-do-campeonato-citadino-recebem-premiacao\/#article","isPartOf":{"@id":"https:\/\/folhapopular.info\/index.php\/2018\/07\/13\/campeoes-do-campeonato-citadino-recebem-premiacao\/"},"author":{"name":"Reda\u00e7\u00e3o Folha Popular","@id":"https:\/\/folhapopular.info\/#\/schema\/person\/2814e8a0df7643585a9ca38bc6eb9d4b"},"headline":"Campe\u00f5es do Campeonato Citadino recebem premia\u00e7\u00e3o","datePublished":"2018-07-13T19:00:07+00:00","mainEntityOfPage":{"@id":"https:\/\/folhapopular.info\/index.php\/2018\/07\/13\/campeoes-do-campeonato-citadino-recebem-premiacao\/"},"wordCount":131,"commentCount":0,"image":{"@id":"https:\/\/folhapopular.info\/index.php\/2018\/07\/13\/campeoes-do-campeonato-citadino-recebem-premiacao\/#primaryimage"},"thumbnailUrl":"https:\/\/folhapopular.info\/wp-content\/uploads\/2018\/07\/Premia\u00e7\u00e3o-Livre-Vacaro-Embutidos-Bom-Mate-T\u00e1-na-Roda-Eduardo-Dorneles-Luana-Fontana-e1531506680528.jpg","keywords":["Citadino","Futebol","Garibaldi"],"articleSection":["Esportes","Futsal"],"inLanguage":"pt-BR","potentialAction":[{"@type":"CommentAction","name":"Comment","target":["https:\/\/folhapopular.info\/index.php\/2018\/07\/13\/campeoes-do-campeonato-citadino-recebem-premiacao\/#respond"]}]},{"@type":"WebPage","@id":"https:\/\/folhapopular.info\/index.php\/2018\/07\/13\/campeoes-do-campeonato-citadino-recebem-premiacao\/","url":"https:\/\/folhapopular.info\/index.php\/2018\/07\/13\/campeoes-do-campeonato-citadino-recebem-premiacao\/","name":"Campe\u00f5es do Campeonato Citadino recebem premia\u00e7\u00e3o - Folha Popular","isPartOf":{"@id":"https:\/\/folhapopular.info\/#website"},"primaryImageOfPage":{"@id":"https:\/\/folhapopular.info\/index.php\/2018\/07\/13\/campeoes-do-campeonato-citadino-recebem-premiacao\/#primaryimage"},"image":{"@id":"https:\/\/folhapopular.info\/index.php\/2018\/07\/13\/campeoes-do-campeonato-citadino-recebem-premiacao\/#primaryimage"},"thumbnailUrl":"https:\/\/folhapopular.info\/wp-content\/uploads\/2018\/07\/Premia\u00e7\u00e3o-Livre-Vacaro-Embutidos-Bom-Mate-T\u00e1-na-Roda-Eduardo-Dorneles-Luana-Fontana-e1531506680528.jpg","datePublished":"2018-07-13T19:00:07+00:00","author":{"@id":"https:\/\/folhapopular.info\/#\/schema\/person\/2814e8a0df7643585a9ca38bc6eb9d4b"},"breadcrumb":{"@id":"https:\/\/folhapopular.info\/index.php\/2018\/07\/13\/campeoes-do-campeonato-citadino-recebem-premiacao\/#breadcrumb"},"inLanguage":"pt-BR","potentialAction":[{"@type":"ReadAction","target":["https:\/\/folhapopular.info\/index.php\/2018\/07\/13\/campeoes-do-campeonato-citadino-recebem-premiacao\/"]}]},{"@type":"ImageObject","inLanguage":"pt-BR","@id":"https:\/\/folhapopular.info\/index.php\/2018\/07\/13\/campeoes-do-campeonato-citadino-recebem-premiacao\/#primaryimage","url":"https:\/\/folhapopular.info\/wp-content\/uploads\/2018\/07\/Premia\u00e7\u00e3o-Livre-Vacaro-Embutidos-Bom-Mate-T\u00e1-na-Roda-Eduardo-Dorneles-Luana-Fontana-e1531506680528.jpg","contentUrl":"https:\/\/folhapopular.info\/wp-content\/uploads\/2018\/07\/Premia\u00e7\u00e3o-Livre-Vacaro-Embutidos-Bom-Mate-T\u00e1-na-Roda-Eduardo-Dorneles-Luana-Fontana-e1531506680528.jpg","width":800,"height":600,"caption":"Premia\u00e7\u00e3o Livre - Vacaro Embutidos-Bom Mate- T\u00e1 na Roda - Eduardo Dorneles\/Cr\u00e9dito da foto: Luana Fontana\/Divulga\u00e7\u00e3o"},{"@type":"BreadcrumbList","@id":"https:\/\/folhapopular.info\/index.php\/2018\/07\/13\/campeoes-do-campeonato-citadino-recebem-premiacao\/#breadcrumb","itemListElement":[{"@type":"ListItem","position":1,"name":"In\u00edcio","item":"https:\/\/folhapopular.info\/"},{"@type":"ListItem","position":2,"name":"Campe\u00f5es do Campeonato Citadino recebem premia\u00e7\u00e3o"}]},{"@type":"WebSite","@id":"https:\/\/folhapopular.info\/#website","url":"https:\/\/folhapopular.info\/","name":"Folha Popular","description":"Onde voc\u00ea tem vez e voz","potentialAction":[{"@type":"SearchAction","target":{"@type":"EntryPoint","urlTemplate":"https:\/\/folhapopular.info\/?s={search_term_string}"},"query-input":{"@type":"PropertyValueSpecification","valueRequired":true,"valueName":"search_term_string"}}],"inLanguage":"pt-BR"},{"@type":"Person","@id":"https:\/\/folhapopular.info\/#\/schema\/person\/2814e8a0df7643585a9ca38bc6eb9d4b","name":"Reda\u00e7\u00e3o Folha Popular","image":{"@type":"ImageObject","inLanguage":"pt-BR","@id":"https:\/\/folhapopular.info\/wp-content\/uploads\/2026\/04\/Folha-1.webp","url":"https:\/\/folhapopular.info\/wp-content\/uploads\/2026\/04\/Folha-1.webp","contentUrl":"https:\/\/folhapopular.info\/wp-content\/uploads\/2026\/04\/Folha-1.webp","caption":"Reda\u00e7\u00e3o Folha Popular"},"url":"https:\/\/folhapopular.info\/index.php\/author\/redacao\/"}]}},"jetpack_featured_media_url":"https:\/\/folhapopular.info\/wp-content\/uploads\/2018\/07\/Premia\u00e7\u00e3o-Livre-Vacaro-Embutidos-Bom-Mate-T\u00e1-na-Roda-Eduardo-Dorneles-Luana-Fontana-e1531506680528.jpg","jetpack_sharing_enabled":true,"amp_enabled":true,"_links":{"self":[{"href":"https:\/\/folhapopular.info\/index.php\/wp-json\/wp\/v2\/posts\/46134","targetHints":{"allow":["GET"]}}],"collection":[{"href":"https:\/\/folhapopular.info\/index.php\/wp-json\/wp\/v2\/posts"}],"about":[{"href":"https:\/\/folhapopular.info\/index.php\/wp-json\/wp\/v2\/types\/post"}],"author":[{"embeddable":true,"href":"https:\/\/folhapopular.info\/index.php\/wp-json\/wp\/v2\/users\/8"}],"replies":[{"embeddable":true,"href":"https:\/\/folhapopular.info\/index.php\/wp-json\/wp\/v2\/comments?post=46134"}],"version-history":[{"count":0,"href":"https:\/\/folhapopular.info\/index.php\/wp-json\/wp\/v2\/posts\/46134\/revisions"}],"wp:featuredmedia":[{"embeddable":true,"href":"https:\/\/folhapopular.info\/index.php\/wp-json\/wp\/v2\/media\/46137"}],"wp:attachment":[{"href":"https:\/\/folhapopular.info\/index.php\/wp-json\/wp\/v2\/media?parent=46134"}],"wp:term":[{"taxonomy":"category","embeddable":true,"href":"https:\/\/folhapopular.info\/index.php\/wp-json\/wp\/v2\/categories?post=46134"},{"taxonomy":"post_tag","embeddable":true,"href":"https:\/\/folhapopular.info\/index.php\/wp-json\/wp\/v2\/tags?post=46134"}],"curies":[{"name":"wp","href":"https:\/\/api.w.org\/{rel}","templated":true}]}}