{"id":46198,"date":"2018-07-15T17:46:19","date_gmt":"2018-07-15T20:46:19","guid":{"rendered":"http:\/\/folhapopular.info\/?p=46198"},"modified":"2018-07-15T17:46:19","modified_gmt":"2018-07-15T20:46:19","slug":"prf-realiza-operacao-de-fiscalizacao-de-embriaguez-ao-volante","status":"publish","type":"post","link":"https:\/\/folhapopular.info\/index.php\/2018\/07\/15\/prf-realiza-operacao-de-fiscalizacao-de-embriaguez-ao-volante\/","title":{"rendered":"PRF realiza opera\u00e7\u00e3o de fiscaliza\u00e7\u00e3o de embriaguez ao volante"},"content":{"rendered":"<p>A Pol\u00edcia Rodovi\u00e1ria Federal realizou na noite deste s\u00e1bado (14\/07) e madrugada de domingo (15\/07) uma a\u00e7\u00e3o de fiscaliza\u00e7\u00e3o visando coibir a condu\u00e7\u00e3o de ve\u00edculos sob efeito de \u00e1lcool. A opera\u00e7\u00e3o, que ocorreu em todo o pa\u00eds, foi realizada no \u00e2mbito da 4\u00aa Delegacia PRF, sediada em Lajeado, ao longo de todo o trecho, que contempla a BR 386 do km 197 ao km 440, bem como parte da BR 470.<\/p>\n<p>Foram abordados e fiscalizados 70 ve\u00edculos durante o per\u00edodo em diversos pontos da rodovia, sendo oferecida a realiza\u00e7\u00e3o do teste de etil\u00f4metro aos motoristas. Destes, dois resultaram positivos em \u00edndices que geram a autua\u00e7\u00e3o pela infra\u00e7\u00e3o de conduzir sob efeito de \u00e1lcool, por\u00e9m n\u00e3o configuram o crime de embriaguez. Ou seja, inferiores a 0,30 mg\/L na medi\u00e7\u00e3o considerada.<\/p>\n<p>Estes motoristas tiveram sua CNH retida, foram autuados em 2.934,70 reais e ter\u00e3o contra si a abertura de um processo administrativo de suspens\u00e3o do direito de dirigir pelo Detran.<\/p>\n<p>A PRF alerta que dirigir ve\u00edculos automotores sob efeito de \u00e1lcool \u00e9 uma das condutas causadoras de acidentes de tr\u00e2nsito mais significativas, e que n\u00e3o h\u00e1 um \u00edndice de toler\u00e2ncia pela legisla\u00e7\u00e3o atual. A quem recusar-se a realizar o teste, h\u00e1 notifica\u00e7\u00e3o pela infra\u00e7\u00e3o de recusa ao teste, que implica em multa do mesmo valor do teste com resultado positivo, mesmo que n\u00e3o hajam sinais de embriaguez que configurem o crime de embriaguez ao volante.<\/p>\n","protected":false},"excerpt":{"rendered":"<p>A Pol\u00edcia Rodovi\u00e1ria Federal realizou na noite deste s\u00e1bado (14\/07) e madrugada de domingo (15\/07) uma a\u00e7\u00e3o de fiscaliza\u00e7\u00e3o visando coibir a condu\u00e7\u00e3o de ve\u00edculos sob efeito de \u00e1lcool. A opera\u00e7\u00e3o, que ocorreu em todo o pa\u00eds, foi realizada no \u00e2mbito da 4\u00aa Delegacia PRF, sediada em Lajeado, ao longo de todo o trecho, que [&hellip;]<\/p>\n","protected":false},"author":8,"featured_media":46199,"comment_status":"open","ping_status":"open","sticky":false,"template":"","format":"standard","meta":{"pmpro_default_level":"","_jetpack_memberships_contains_paid_content":false,"footnotes":""},"categories":[3,7],"tags":[832,1126,294,315],"class_list":{"0":"post-46198","1":"post","2":"type-post","3":"status-publish","4":"format-standard","5":"has-post-thumbnail","7":"category-geral","8":"category-seguranca","9":"tag-embriaguez","10":"tag-fiscalizacao","11":"tag-prf","12":"tag-regiao","13":"pmpro-has-access"},"yoast_head":"<!-- This site is optimized with the Yoast SEO plugin v27.5 - https:\/\/yoast.com\/product\/yoast-seo-wordpress\/ -->\n<title>PRF realiza opera\u00e7\u00e3o de fiscaliza\u00e7\u00e3o de embriaguez ao volante - Folha Popular<\/title>\n<meta name=\"robots\" content=\"index, follow, max-snippet:-1, max-image-preview:large, max-video-preview:-1\" \/>\n<link rel=\"canonical\" href=\"https:\/\/folhapopular.info\/index.php\/2018\/07\/15\/prf-realiza-operacao-de-fiscalizacao-de-embriaguez-ao-volante\/\" \/>\n<meta property=\"og:locale\" content=\"pt_BR\" \/>\n<meta property=\"og:type\" content=\"article\" \/>\n<meta property=\"og:title\" content=\"PRF realiza opera\u00e7\u00e3o de fiscaliza\u00e7\u00e3o de embriaguez ao volante - Folha Popular\" \/>\n<meta property=\"og:description\" content=\"A Pol\u00edcia Rodovi\u00e1ria Federal realizou na noite deste s\u00e1bado (14\/07) e madrugada de domingo (15\/07) uma a\u00e7\u00e3o de fiscaliza\u00e7\u00e3o visando coibir a condu\u00e7\u00e3o de ve\u00edculos sob efeito de \u00e1lcool. A opera\u00e7\u00e3o, que ocorreu em todo o pa\u00eds, foi realizada no \u00e2mbito da 4\u00aa Delegacia PRF, sediada em Lajeado, ao longo de todo o trecho, que [&hellip;]\" \/>\n<meta property=\"og:url\" content=\"https:\/\/folhapopular.info\/index.php\/2018\/07\/15\/prf-realiza-operacao-de-fiscalizacao-de-embriaguez-ao-volante\/\" \/>\n<meta property=\"og:site_name\" content=\"Folha Popular\" \/>\n<meta property=\"article:published_time\" content=\"2018-07-15T20:46:19+00:00\" \/>\n<meta property=\"og:image\" content=\"https:\/\/folhapopular.info\/wp-content\/uploads\/2018\/07\/WhatsApp-Image-2018-07-15-at-14.17.25-e1531687552400.jpeg\" \/>\n\t<meta property=\"og:image:width\" content=\"800\" \/>\n\t<meta property=\"og:image:height\" content=\"450\" \/>\n\t<meta property=\"og:image:type\" content=\"image\/jpeg\" \/>\n<meta name=\"author\" content=\"Reda\u00e7\u00e3o Folha Popular\" \/>\n<meta name=\"twitter:card\" content=\"summary_large_image\" \/>\n<meta name=\"twitter:label1\" content=\"Escrito por\" \/>\n\t<meta name=\"twitter:data1\" content=\"Reda\u00e7\u00e3o Folha Popular\" \/>\n\t<meta name=\"twitter:label2\" content=\"Est. tempo de leitura\" \/>\n\t<meta name=\"twitter:data2\" content=\"1 minuto\" \/>\n<script type=\"application\/ld+json\" class=\"yoast-schema-graph\">{\"@context\":\"https:\\\/\\\/schema.org\",\"@graph\":[{\"@type\":\"Article\",\"@id\":\"https:\\\/\\\/folhapopular.info\\\/index.php\\\/2018\\\/07\\\/15\\\/prf-realiza-operacao-de-fiscalizacao-de-embriaguez-ao-volante\\\/#article\",\"isPartOf\":{\"@id\":\"https:\\\/\\\/folhapopular.info\\\/index.php\\\/2018\\\/07\\\/15\\\/prf-realiza-operacao-de-fiscalizacao-de-embriaguez-ao-volante\\\/\"},\"author\":{\"name\":\"Reda\u00e7\u00e3o Folha Popular\",\"@id\":\"https:\\\/\\\/folhapopular.info\\\/#\\\/schema\\\/person\\\/2814e8a0df7643585a9ca38bc6eb9d4b\"},\"headline\":\"PRF realiza opera\u00e7\u00e3o de fiscaliza\u00e7\u00e3o de embriaguez ao volante\",\"datePublished\":\"2018-07-15T20:46:19+00:00\",\"mainEntityOfPage\":{\"@id\":\"https:\\\/\\\/folhapopular.info\\\/index.php\\\/2018\\\/07\\\/15\\\/prf-realiza-operacao-de-fiscalizacao-de-embriaguez-ao-volante\\\/\"},\"wordCount\":262,\"commentCount\":0,\"image\":{\"@id\":\"https:\\\/\\\/folhapopular.info\\\/index.php\\\/2018\\\/07\\\/15\\\/prf-realiza-operacao-de-fiscalizacao-de-embriaguez-ao-volante\\\/#primaryimage\"},\"thumbnailUrl\":\"https:\\\/\\\/folhapopular.info\\\/wp-content\\\/uploads\\\/2018\\\/07\\\/WhatsApp-Image-2018-07-15-at-14.17.25-e1531687552400.jpeg\",\"keywords\":[\"Embriaguez\",\"Fiscaliza\u00e7\u00e3o\",\"PRF\",\"Regi\u00e3o\"],\"articleSection\":[\"Geral\",\"Seguran\u00e7a\"],\"inLanguage\":\"pt-BR\",\"potentialAction\":[{\"@type\":\"CommentAction\",\"name\":\"Comment\",\"target\":[\"https:\\\/\\\/folhapopular.info\\\/index.php\\\/2018\\\/07\\\/15\\\/prf-realiza-operacao-de-fiscalizacao-de-embriaguez-ao-volante\\\/#respond\"]}]},{\"@type\":\"WebPage\",\"@id\":\"https:\\\/\\\/folhapopular.info\\\/index.php\\\/2018\\\/07\\\/15\\\/prf-realiza-operacao-de-fiscalizacao-de-embriaguez-ao-volante\\\/\",\"url\":\"https:\\\/\\\/folhapopular.info\\\/index.php\\\/2018\\\/07\\\/15\\\/prf-realiza-operacao-de-fiscalizacao-de-embriaguez-ao-volante\\\/\",\"name\":\"PRF realiza opera\u00e7\u00e3o de fiscaliza\u00e7\u00e3o de embriaguez ao volante - Folha Popular\",\"isPartOf\":{\"@id\":\"https:\\\/\\\/folhapopular.info\\\/#website\"},\"primaryImageOfPage\":{\"@id\":\"https:\\\/\\\/folhapopular.info\\\/index.php\\\/2018\\\/07\\\/15\\\/prf-realiza-operacao-de-fiscalizacao-de-embriaguez-ao-volante\\\/#primaryimage\"},\"image\":{\"@id\":\"https:\\\/\\\/folhapopular.info\\\/index.php\\\/2018\\\/07\\\/15\\\/prf-realiza-operacao-de-fiscalizacao-de-embriaguez-ao-volante\\\/#primaryimage\"},\"thumbnailUrl\":\"https:\\\/\\\/folhapopular.info\\\/wp-content\\\/uploads\\\/2018\\\/07\\\/WhatsApp-Image-2018-07-15-at-14.17.25-e1531687552400.jpeg\",\"datePublished\":\"2018-07-15T20:46:19+00:00\",\"author\":{\"@id\":\"https:\\\/\\\/folhapopular.info\\\/#\\\/schema\\\/person\\\/2814e8a0df7643585a9ca38bc6eb9d4b\"},\"breadcrumb\":{\"@id\":\"https:\\\/\\\/folhapopular.info\\\/index.php\\\/2018\\\/07\\\/15\\\/prf-realiza-operacao-de-fiscalizacao-de-embriaguez-ao-volante\\\/#breadcrumb\"},\"inLanguage\":\"pt-BR\",\"potentialAction\":[{\"@type\":\"ReadAction\",\"target\":[\"https:\\\/\\\/folhapopular.info\\\/index.php\\\/2018\\\/07\\\/15\\\/prf-realiza-operacao-de-fiscalizacao-de-embriaguez-ao-volante\\\/\"]}]},{\"@type\":\"ImageObject\",\"inLanguage\":\"pt-BR\",\"@id\":\"https:\\\/\\\/folhapopular.info\\\/index.php\\\/2018\\\/07\\\/15\\\/prf-realiza-operacao-de-fiscalizacao-de-embriaguez-ao-volante\\\/#primaryimage\",\"url\":\"https:\\\/\\\/folhapopular.info\\\/wp-content\\\/uploads\\\/2018\\\/07\\\/WhatsApp-Image-2018-07-15-at-14.17.25-e1531687552400.jpeg\",\"contentUrl\":\"https:\\\/\\\/folhapopular.info\\\/wp-content\\\/uploads\\\/2018\\\/07\\\/WhatsApp-Image-2018-07-15-at-14.17.25-e1531687552400.jpeg\",\"width\":800,\"height\":450,\"caption\":\"Opera\u00e7\u00e3o foi realizada em todo pa\u00eds\"},{\"@type\":\"BreadcrumbList\",\"@id\":\"https:\\\/\\\/folhapopular.info\\\/index.php\\\/2018\\\/07\\\/15\\\/prf-realiza-operacao-de-fiscalizacao-de-embriaguez-ao-volante\\\/#breadcrumb\",\"itemListElement\":[{\"@type\":\"ListItem\",\"position\":1,\"name\":\"In\u00edcio\",\"item\":\"https:\\\/\\\/folhapopular.info\\\/\"},{\"@type\":\"ListItem\",\"position\":2,\"name\":\"PRF realiza opera\u00e7\u00e3o de fiscaliza\u00e7\u00e3o de embriaguez ao volante\"}]},{\"@type\":\"WebSite\",\"@id\":\"https:\\\/\\\/folhapopular.info\\\/#website\",\"url\":\"https:\\\/\\\/folhapopular.info\\\/\",\"name\":\"Folha Popular\",\"description\":\"Onde voc\u00ea tem vez e voz\",\"potentialAction\":[{\"@type\":\"SearchAction\",\"target\":{\"@type\":\"EntryPoint\",\"urlTemplate\":\"https:\\\/\\\/folhapopular.info\\\/?s={search_term_string}\"},\"query-input\":{\"@type\":\"PropertyValueSpecification\",\"valueRequired\":true,\"valueName\":\"search_term_string\"}}],\"inLanguage\":\"pt-BR\"},{\"@type\":\"Person\",\"@id\":\"https:\\\/\\\/folhapopular.info\\\/#\\\/schema\\\/person\\\/2814e8a0df7643585a9ca38bc6eb9d4b\",\"name\":\"Reda\u00e7\u00e3o Folha Popular\",\"image\":{\"@type\":\"ImageObject\",\"inLanguage\":\"pt-BR\",\"@id\":\"https:\\\/\\\/folhapopular.info\\\/wp-content\\\/uploads\\\/2026\\\/04\\\/Folha-1.webp\",\"url\":\"https:\\\/\\\/folhapopular.info\\\/wp-content\\\/uploads\\\/2026\\\/04\\\/Folha-1.webp\",\"contentUrl\":\"https:\\\/\\\/folhapopular.info\\\/wp-content\\\/uploads\\\/2026\\\/04\\\/Folha-1.webp\",\"caption\":\"Reda\u00e7\u00e3o Folha Popular\"},\"url\":\"https:\\\/\\\/folhapopular.info\\\/index.php\\\/author\\\/redacao\\\/\"}]}<\/script>\n<!-- \/ Yoast SEO plugin. -->","yoast_head_json":{"title":"PRF realiza opera\u00e7\u00e3o de fiscaliza\u00e7\u00e3o de embriaguez ao volante - Folha Popular","robots":{"index":"index","follow":"follow","max-snippet":"max-snippet:-1","max-image-preview":"max-image-preview:large","max-video-preview":"max-video-preview:-1"},"canonical":"https:\/\/folhapopular.info\/index.php\/2018\/07\/15\/prf-realiza-operacao-de-fiscalizacao-de-embriaguez-ao-volante\/","og_locale":"pt_BR","og_type":"article","og_title":"PRF realiza opera\u00e7\u00e3o de fiscaliza\u00e7\u00e3o de embriaguez ao volante - Folha Popular","og_description":"A Pol\u00edcia Rodovi\u00e1ria Federal realizou na noite deste s\u00e1bado (14\/07) e madrugada de domingo (15\/07) uma a\u00e7\u00e3o de fiscaliza\u00e7\u00e3o visando coibir a condu\u00e7\u00e3o de ve\u00edculos sob efeito de \u00e1lcool. A opera\u00e7\u00e3o, que ocorreu em todo o pa\u00eds, foi realizada no \u00e2mbito da 4\u00aa Delegacia PRF, sediada em Lajeado, ao longo de todo o trecho, que [&hellip;]","og_url":"https:\/\/folhapopular.info\/index.php\/2018\/07\/15\/prf-realiza-operacao-de-fiscalizacao-de-embriaguez-ao-volante\/","og_site_name":"Folha Popular","article_published_time":"2018-07-15T20:46:19+00:00","og_image":[{"width":800,"height":450,"url":"https:\/\/folhapopular.info\/wp-content\/uploads\/2018\/07\/WhatsApp-Image-2018-07-15-at-14.17.25-e1531687552400.jpeg","type":"image\/jpeg"}],"author":"Reda\u00e7\u00e3o Folha Popular","twitter_card":"summary_large_image","twitter_misc":{"Escrito por":"Reda\u00e7\u00e3o Folha Popular","Est. tempo de leitura":"1 minuto"},"schema":{"@context":"https:\/\/schema.org","@graph":[{"@type":"Article","@id":"https:\/\/folhapopular.info\/index.php\/2018\/07\/15\/prf-realiza-operacao-de-fiscalizacao-de-embriaguez-ao-volante\/#article","isPartOf":{"@id":"https:\/\/folhapopular.info\/index.php\/2018\/07\/15\/prf-realiza-operacao-de-fiscalizacao-de-embriaguez-ao-volante\/"},"author":{"name":"Reda\u00e7\u00e3o Folha Popular","@id":"https:\/\/folhapopular.info\/#\/schema\/person\/2814e8a0df7643585a9ca38bc6eb9d4b"},"headline":"PRF realiza opera\u00e7\u00e3o de fiscaliza\u00e7\u00e3o de embriaguez ao volante","datePublished":"2018-07-15T20:46:19+00:00","mainEntityOfPage":{"@id":"https:\/\/folhapopular.info\/index.php\/2018\/07\/15\/prf-realiza-operacao-de-fiscalizacao-de-embriaguez-ao-volante\/"},"wordCount":262,"commentCount":0,"image":{"@id":"https:\/\/folhapopular.info\/index.php\/2018\/07\/15\/prf-realiza-operacao-de-fiscalizacao-de-embriaguez-ao-volante\/#primaryimage"},"thumbnailUrl":"https:\/\/folhapopular.info\/wp-content\/uploads\/2018\/07\/WhatsApp-Image-2018-07-15-at-14.17.25-e1531687552400.jpeg","keywords":["Embriaguez","Fiscaliza\u00e7\u00e3o","PRF","Regi\u00e3o"],"articleSection":["Geral","Seguran\u00e7a"],"inLanguage":"pt-BR","potentialAction":[{"@type":"CommentAction","name":"Comment","target":["https:\/\/folhapopular.info\/index.php\/2018\/07\/15\/prf-realiza-operacao-de-fiscalizacao-de-embriaguez-ao-volante\/#respond"]}]},{"@type":"WebPage","@id":"https:\/\/folhapopular.info\/index.php\/2018\/07\/15\/prf-realiza-operacao-de-fiscalizacao-de-embriaguez-ao-volante\/","url":"https:\/\/folhapopular.info\/index.php\/2018\/07\/15\/prf-realiza-operacao-de-fiscalizacao-de-embriaguez-ao-volante\/","name":"PRF realiza opera\u00e7\u00e3o de fiscaliza\u00e7\u00e3o de embriaguez ao volante - Folha Popular","isPartOf":{"@id":"https:\/\/folhapopular.info\/#website"},"primaryImageOfPage":{"@id":"https:\/\/folhapopular.info\/index.php\/2018\/07\/15\/prf-realiza-operacao-de-fiscalizacao-de-embriaguez-ao-volante\/#primaryimage"},"image":{"@id":"https:\/\/folhapopular.info\/index.php\/2018\/07\/15\/prf-realiza-operacao-de-fiscalizacao-de-embriaguez-ao-volante\/#primaryimage"},"thumbnailUrl":"https:\/\/folhapopular.info\/wp-content\/uploads\/2018\/07\/WhatsApp-Image-2018-07-15-at-14.17.25-e1531687552400.jpeg","datePublished":"2018-07-15T20:46:19+00:00","author":{"@id":"https:\/\/folhapopular.info\/#\/schema\/person\/2814e8a0df7643585a9ca38bc6eb9d4b"},"breadcrumb":{"@id":"https:\/\/folhapopular.info\/index.php\/2018\/07\/15\/prf-realiza-operacao-de-fiscalizacao-de-embriaguez-ao-volante\/#breadcrumb"},"inLanguage":"pt-BR","potentialAction":[{"@type":"ReadAction","target":["https:\/\/folhapopular.info\/index.php\/2018\/07\/15\/prf-realiza-operacao-de-fiscalizacao-de-embriaguez-ao-volante\/"]}]},{"@type":"ImageObject","inLanguage":"pt-BR","@id":"https:\/\/folhapopular.info\/index.php\/2018\/07\/15\/prf-realiza-operacao-de-fiscalizacao-de-embriaguez-ao-volante\/#primaryimage","url":"https:\/\/folhapopular.info\/wp-content\/uploads\/2018\/07\/WhatsApp-Image-2018-07-15-at-14.17.25-e1531687552400.jpeg","contentUrl":"https:\/\/folhapopular.info\/wp-content\/uploads\/2018\/07\/WhatsApp-Image-2018-07-15-at-14.17.25-e1531687552400.jpeg","width":800,"height":450,"caption":"Opera\u00e7\u00e3o foi realizada em todo pa\u00eds"},{"@type":"BreadcrumbList","@id":"https:\/\/folhapopular.info\/index.php\/2018\/07\/15\/prf-realiza-operacao-de-fiscalizacao-de-embriaguez-ao-volante\/#breadcrumb","itemListElement":[{"@type":"ListItem","position":1,"name":"In\u00edcio","item":"https:\/\/folhapopular.info\/"},{"@type":"ListItem","position":2,"name":"PRF realiza opera\u00e7\u00e3o de fiscaliza\u00e7\u00e3o de embriaguez ao volante"}]},{"@type":"WebSite","@id":"https:\/\/folhapopular.info\/#website","url":"https:\/\/folhapopular.info\/","name":"Folha Popular","description":"Onde voc\u00ea tem vez e voz","potentialAction":[{"@type":"SearchAction","target":{"@type":"EntryPoint","urlTemplate":"https:\/\/folhapopular.info\/?s={search_term_string}"},"query-input":{"@type":"PropertyValueSpecification","valueRequired":true,"valueName":"search_term_string"}}],"inLanguage":"pt-BR"},{"@type":"Person","@id":"https:\/\/folhapopular.info\/#\/schema\/person\/2814e8a0df7643585a9ca38bc6eb9d4b","name":"Reda\u00e7\u00e3o Folha Popular","image":{"@type":"ImageObject","inLanguage":"pt-BR","@id":"https:\/\/folhapopular.info\/wp-content\/uploads\/2026\/04\/Folha-1.webp","url":"https:\/\/folhapopular.info\/wp-content\/uploads\/2026\/04\/Folha-1.webp","contentUrl":"https:\/\/folhapopular.info\/wp-content\/uploads\/2026\/04\/Folha-1.webp","caption":"Reda\u00e7\u00e3o Folha Popular"},"url":"https:\/\/folhapopular.info\/index.php\/author\/redacao\/"}]}},"jetpack_featured_media_url":"https:\/\/folhapopular.info\/wp-content\/uploads\/2018\/07\/WhatsApp-Image-2018-07-15-at-14.17.25-e1531687552400.jpeg","jetpack_sharing_enabled":true,"amp_enabled":true,"_links":{"self":[{"href":"https:\/\/folhapopular.info\/index.php\/wp-json\/wp\/v2\/posts\/46198","targetHints":{"allow":["GET"]}}],"collection":[{"href":"https:\/\/folhapopular.info\/index.php\/wp-json\/wp\/v2\/posts"}],"about":[{"href":"https:\/\/folhapopular.info\/index.php\/wp-json\/wp\/v2\/types\/post"}],"author":[{"embeddable":true,"href":"https:\/\/folhapopular.info\/index.php\/wp-json\/wp\/v2\/users\/8"}],"replies":[{"embeddable":true,"href":"https:\/\/folhapopular.info\/index.php\/wp-json\/wp\/v2\/comments?post=46198"}],"version-history":[{"count":0,"href":"https:\/\/folhapopular.info\/index.php\/wp-json\/wp\/v2\/posts\/46198\/revisions"}],"wp:featuredmedia":[{"embeddable":true,"href":"https:\/\/folhapopular.info\/index.php\/wp-json\/wp\/v2\/media\/46199"}],"wp:attachment":[{"href":"https:\/\/folhapopular.info\/index.php\/wp-json\/wp\/v2\/media?parent=46198"}],"wp:term":[{"taxonomy":"category","embeddable":true,"href":"https:\/\/folhapopular.info\/index.php\/wp-json\/wp\/v2\/categories?post=46198"},{"taxonomy":"post_tag","embeddable":true,"href":"https:\/\/folhapopular.info\/index.php\/wp-json\/wp\/v2\/tags?post=46198"}],"curies":[{"name":"wp","href":"https:\/\/api.w.org\/{rel}","templated":true}]}}