{"id":46361,"date":"2018-07-23T15:00:23","date_gmt":"2018-07-23T18:00:23","guid":{"rendered":"http:\/\/folhapopular.info\/?p=46361"},"modified":"2018-07-23T14:29:25","modified_gmt":"2018-07-23T17:29:25","slug":"inscricoes-para-o-processo-seletivo-para-contratacao-de-agente-comunitario-de-saude-em-bom-retiro-do-sul-encerram-dia-25","status":"publish","type":"post","link":"https:\/\/folhapopular.info\/index.php\/2018\/07\/23\/inscricoes-para-o-processo-seletivo-para-contratacao-de-agente-comunitario-de-saude-em-bom-retiro-do-sul-encerram-dia-25\/","title":{"rendered":"Inscri\u00e7\u00f5es para o processo seletivo para contrata\u00e7\u00e3o de agente comunit\u00e1rio de sa\u00fade em Bom Retiro do Sul encerram dia 25"},"content":{"rendered":"<p>A Administra\u00e7\u00e3o Municipal de Bom Retiro do Sul informa que as inscri\u00e7\u00f5es para selecionar candidatos para atuarem como Agente Comunit\u00e1rio de Sa\u00fade, junto \u00e0 Secretaria Municipal de Sa\u00fade, encerram na quarta-feira, dia 25. As vagas dispon\u00edveis s\u00e3o para interessados moradores dos bairros Imigrante, Vila Barragem, Centro Cidade Baixa, Goiabeira e das localidades da Barra do Silva Jorge, Beira do Rio e Faxinal Silva Jorge.<\/p>\n<p>O edital 058\/2018 com todas as informa\u00e7\u00f5es e requisitos sobre o Processo Seletivo Simplificado est\u00e1 dispon\u00edvel para consulta no Mural do Centro Administrativo e tamb\u00e9m no portal do munic\u00edpio, no endere\u00e7o eletr\u00f4nico\u00a0www.bomretirodosul.rs.gov.br\u00a0\u2013 Recursos Humanos.<\/p>\n<p>As inscri\u00e7\u00f5es ao processo devem ser feitas pessoalmente pelos interessados das 8h30 \u00e0s 11h e das 14h \u00e0s 17h na Secretaria da Sa\u00fade, localizada na Rua Senador Pinheiro Machado, 879, Centro de Bom Retiro do Sul.<\/p>\n<p>O processo seletivo destina-se para selecionar tr\u00eas candidatos com idade m\u00ednima de 18 anos para a fun\u00e7\u00e3o tempor\u00e1ria, com carga hor\u00e1ria de 40h semanais. O candidato dever\u00e1 ter escolaridade m\u00ednima do Ensino Fundamental completo e residir na micro \u00e1rea da comunidade onde ir\u00e1 atuar. O sal\u00e1rio oferecido \u00e9 de R$ 1.166,67 mais Vale Alimenta\u00e7\u00e3o e Vale Feira.<\/p>\n","protected":false},"excerpt":{"rendered":"<p>A Administra\u00e7\u00e3o Municipal de Bom Retiro do Sul informa que as inscri\u00e7\u00f5es para selecionar candidatos para atuarem como Agente Comunit\u00e1rio de Sa\u00fade, junto \u00e0 Secretaria Municipal de Sa\u00fade, encerram na quarta-feira, dia 25. As vagas dispon\u00edveis s\u00e3o para interessados moradores dos bairros Imigrante, Vila Barragem, Centro Cidade Baixa, Goiabeira e das localidades da Barra do [&hellip;]<\/p>\n","protected":false},"author":8,"featured_media":46362,"comment_status":"open","ping_status":"open","sticky":false,"template":"","format":"standard","meta":{"pmpro_default_level":"","_jetpack_memberships_contains_paid_content":false,"footnotes":""},"categories":[3],"tags":[3107,146,481],"class_list":{"0":"post-46361","1":"post","2":"type-post","3":"status-publish","4":"format-standard","5":"has-post-thumbnail","7":"category-geral","8":"tag-agente-comunitario-de-saude","9":"tag-bom-retiro-do-sul","10":"tag-processo-seletivo","11":"pmpro-has-access"},"yoast_head":"<!-- This site is optimized with the Yoast SEO plugin v27.5 - https:\/\/yoast.com\/product\/yoast-seo-wordpress\/ -->\n<title>Inscri\u00e7\u00f5es para o processo seletivo para contrata\u00e7\u00e3o de agente comunit\u00e1rio de sa\u00fade em Bom Retiro do Sul encerram dia 25 - Folha Popular<\/title>\n<meta name=\"robots\" content=\"index, follow, max-snippet:-1, max-image-preview:large, max-video-preview:-1\" \/>\n<link rel=\"canonical\" href=\"https:\/\/folhapopular.info\/index.php\/2018\/07\/23\/inscricoes-para-o-processo-seletivo-para-contratacao-de-agente-comunitario-de-saude-em-bom-retiro-do-sul-encerram-dia-25\/\" \/>\n<meta property=\"og:locale\" content=\"pt_BR\" \/>\n<meta property=\"og:type\" content=\"article\" \/>\n<meta property=\"og:title\" content=\"Inscri\u00e7\u00f5es para o processo seletivo para contrata\u00e7\u00e3o de agente comunit\u00e1rio de sa\u00fade em Bom Retiro do Sul encerram dia 25 - Folha Popular\" \/>\n<meta property=\"og:description\" content=\"A Administra\u00e7\u00e3o Municipal de Bom Retiro do Sul informa que as inscri\u00e7\u00f5es para selecionar candidatos para atuarem como Agente Comunit\u00e1rio de Sa\u00fade, junto \u00e0 Secretaria Municipal de Sa\u00fade, encerram na quarta-feira, dia 25. As vagas dispon\u00edveis s\u00e3o para interessados moradores dos bairros Imigrante, Vila Barragem, Centro Cidade Baixa, Goiabeira e das localidades da Barra do [&hellip;]\" \/>\n<meta property=\"og:url\" content=\"https:\/\/folhapopular.info\/index.php\/2018\/07\/23\/inscricoes-para-o-processo-seletivo-para-contratacao-de-agente-comunitario-de-saude-em-bom-retiro-do-sul-encerram-dia-25\/\" \/>\n<meta property=\"og:site_name\" content=\"Folha Popular\" \/>\n<meta property=\"article:published_time\" content=\"2018-07-23T18:00:23+00:00\" \/>\n<meta property=\"og:image\" content=\"https:\/\/folhapopular.info\/wp-content\/uploads\/2018\/07\/UBS-Centro-e1532366954893.jpg\" \/>\n\t<meta property=\"og:image:width\" content=\"800\" \/>\n\t<meta property=\"og:image:height\" content=\"596\" \/>\n\t<meta property=\"og:image:type\" content=\"image\/jpeg\" \/>\n<meta name=\"author\" content=\"Reda\u00e7\u00e3o Folha Popular\" \/>\n<meta name=\"twitter:card\" content=\"summary_large_image\" \/>\n<meta name=\"twitter:label1\" content=\"Escrito por\" \/>\n\t<meta name=\"twitter:data1\" content=\"Reda\u00e7\u00e3o Folha Popular\" \/>\n\t<meta name=\"twitter:label2\" content=\"Est. tempo de leitura\" \/>\n\t<meta name=\"twitter:data2\" content=\"1 minuto\" \/>\n<script type=\"application\/ld+json\" class=\"yoast-schema-graph\">{\"@context\":\"https:\\\/\\\/schema.org\",\"@graph\":[{\"@type\":\"Article\",\"@id\":\"https:\\\/\\\/folhapopular.info\\\/index.php\\\/2018\\\/07\\\/23\\\/inscricoes-para-o-processo-seletivo-para-contratacao-de-agente-comunitario-de-saude-em-bom-retiro-do-sul-encerram-dia-25\\\/#article\",\"isPartOf\":{\"@id\":\"https:\\\/\\\/folhapopular.info\\\/index.php\\\/2018\\\/07\\\/23\\\/inscricoes-para-o-processo-seletivo-para-contratacao-de-agente-comunitario-de-saude-em-bom-retiro-do-sul-encerram-dia-25\\\/\"},\"author\":{\"name\":\"Reda\u00e7\u00e3o Folha Popular\",\"@id\":\"https:\\\/\\\/folhapopular.info\\\/#\\\/schema\\\/person\\\/2814e8a0df7643585a9ca38bc6eb9d4b\"},\"headline\":\"Inscri\u00e7\u00f5es para o processo seletivo para contrata\u00e7\u00e3o de agente comunit\u00e1rio de sa\u00fade em Bom Retiro do Sul encerram dia 25\",\"datePublished\":\"2018-07-23T18:00:23+00:00\",\"mainEntityOfPage\":{\"@id\":\"https:\\\/\\\/folhapopular.info\\\/index.php\\\/2018\\\/07\\\/23\\\/inscricoes-para-o-processo-seletivo-para-contratacao-de-agente-comunitario-de-saude-em-bom-retiro-do-sul-encerram-dia-25\\\/\"},\"wordCount\":235,\"commentCount\":0,\"image\":{\"@id\":\"https:\\\/\\\/folhapopular.info\\\/index.php\\\/2018\\\/07\\\/23\\\/inscricoes-para-o-processo-seletivo-para-contratacao-de-agente-comunitario-de-saude-em-bom-retiro-do-sul-encerram-dia-25\\\/#primaryimage\"},\"thumbnailUrl\":\"https:\\\/\\\/folhapopular.info\\\/wp-content\\\/uploads\\\/2018\\\/07\\\/UBS-Centro-e1532366954893.jpg\",\"keywords\":[\"agente comunit\u00e1rio de sa\u00fade\",\"Bom Retiro do Sul\",\"Processo Seletivo\"],\"articleSection\":[\"Geral\"],\"inLanguage\":\"pt-BR\",\"potentialAction\":[{\"@type\":\"CommentAction\",\"name\":\"Comment\",\"target\":[\"https:\\\/\\\/folhapopular.info\\\/index.php\\\/2018\\\/07\\\/23\\\/inscricoes-para-o-processo-seletivo-para-contratacao-de-agente-comunitario-de-saude-em-bom-retiro-do-sul-encerram-dia-25\\\/#respond\"]}]},{\"@type\":\"WebPage\",\"@id\":\"https:\\\/\\\/folhapopular.info\\\/index.php\\\/2018\\\/07\\\/23\\\/inscricoes-para-o-processo-seletivo-para-contratacao-de-agente-comunitario-de-saude-em-bom-retiro-do-sul-encerram-dia-25\\\/\",\"url\":\"https:\\\/\\\/folhapopular.info\\\/index.php\\\/2018\\\/07\\\/23\\\/inscricoes-para-o-processo-seletivo-para-contratacao-de-agente-comunitario-de-saude-em-bom-retiro-do-sul-encerram-dia-25\\\/\",\"name\":\"Inscri\u00e7\u00f5es para o processo seletivo para contrata\u00e7\u00e3o de agente comunit\u00e1rio de sa\u00fade em Bom Retiro do Sul encerram dia 25 - Folha Popular\",\"isPartOf\":{\"@id\":\"https:\\\/\\\/folhapopular.info\\\/#website\"},\"primaryImageOfPage\":{\"@id\":\"https:\\\/\\\/folhapopular.info\\\/index.php\\\/2018\\\/07\\\/23\\\/inscricoes-para-o-processo-seletivo-para-contratacao-de-agente-comunitario-de-saude-em-bom-retiro-do-sul-encerram-dia-25\\\/#primaryimage\"},\"image\":{\"@id\":\"https:\\\/\\\/folhapopular.info\\\/index.php\\\/2018\\\/07\\\/23\\\/inscricoes-para-o-processo-seletivo-para-contratacao-de-agente-comunitario-de-saude-em-bom-retiro-do-sul-encerram-dia-25\\\/#primaryimage\"},\"thumbnailUrl\":\"https:\\\/\\\/folhapopular.info\\\/wp-content\\\/uploads\\\/2018\\\/07\\\/UBS-Centro-e1532366954893.jpg\",\"datePublished\":\"2018-07-23T18:00:23+00:00\",\"author\":{\"@id\":\"https:\\\/\\\/folhapopular.info\\\/#\\\/schema\\\/person\\\/2814e8a0df7643585a9ca38bc6eb9d4b\"},\"breadcrumb\":{\"@id\":\"https:\\\/\\\/folhapopular.info\\\/index.php\\\/2018\\\/07\\\/23\\\/inscricoes-para-o-processo-seletivo-para-contratacao-de-agente-comunitario-de-saude-em-bom-retiro-do-sul-encerram-dia-25\\\/#breadcrumb\"},\"inLanguage\":\"pt-BR\",\"potentialAction\":[{\"@type\":\"ReadAction\",\"target\":[\"https:\\\/\\\/folhapopular.info\\\/index.php\\\/2018\\\/07\\\/23\\\/inscricoes-para-o-processo-seletivo-para-contratacao-de-agente-comunitario-de-saude-em-bom-retiro-do-sul-encerram-dia-25\\\/\"]}]},{\"@type\":\"ImageObject\",\"inLanguage\":\"pt-BR\",\"@id\":\"https:\\\/\\\/folhapopular.info\\\/index.php\\\/2018\\\/07\\\/23\\\/inscricoes-para-o-processo-seletivo-para-contratacao-de-agente-comunitario-de-saude-em-bom-retiro-do-sul-encerram-dia-25\\\/#primaryimage\",\"url\":\"https:\\\/\\\/folhapopular.info\\\/wp-content\\\/uploads\\\/2018\\\/07\\\/UBS-Centro-e1532366954893.jpg\",\"contentUrl\":\"https:\\\/\\\/folhapopular.info\\\/wp-content\\\/uploads\\\/2018\\\/07\\\/UBS-Centro-e1532366954893.jpg\",\"width\":800,\"height\":596,\"caption\":\"Cr\u00e9dito da foto: Fernando Dias\\\/Divulga\u00e7\u00e3o\"},{\"@type\":\"BreadcrumbList\",\"@id\":\"https:\\\/\\\/folhapopular.info\\\/index.php\\\/2018\\\/07\\\/23\\\/inscricoes-para-o-processo-seletivo-para-contratacao-de-agente-comunitario-de-saude-em-bom-retiro-do-sul-encerram-dia-25\\\/#breadcrumb\",\"itemListElement\":[{\"@type\":\"ListItem\",\"position\":1,\"name\":\"In\u00edcio\",\"item\":\"https:\\\/\\\/folhapopular.info\\\/\"},{\"@type\":\"ListItem\",\"position\":2,\"name\":\"Inscri\u00e7\u00f5es para o processo seletivo para contrata\u00e7\u00e3o de agente comunit\u00e1rio de sa\u00fade em Bom Retiro do Sul encerram dia 25\"}]},{\"@type\":\"WebSite\",\"@id\":\"https:\\\/\\\/folhapopular.info\\\/#website\",\"url\":\"https:\\\/\\\/folhapopular.info\\\/\",\"name\":\"Folha Popular\",\"description\":\"Onde voc\u00ea tem vez e voz\",\"potentialAction\":[{\"@type\":\"SearchAction\",\"target\":{\"@type\":\"EntryPoint\",\"urlTemplate\":\"https:\\\/\\\/folhapopular.info\\\/?s={search_term_string}\"},\"query-input\":{\"@type\":\"PropertyValueSpecification\",\"valueRequired\":true,\"valueName\":\"search_term_string\"}}],\"inLanguage\":\"pt-BR\"},{\"@type\":\"Person\",\"@id\":\"https:\\\/\\\/folhapopular.info\\\/#\\\/schema\\\/person\\\/2814e8a0df7643585a9ca38bc6eb9d4b\",\"name\":\"Reda\u00e7\u00e3o Folha Popular\",\"image\":{\"@type\":\"ImageObject\",\"inLanguage\":\"pt-BR\",\"@id\":\"https:\\\/\\\/folhapopular.info\\\/wp-content\\\/uploads\\\/2026\\\/04\\\/Folha-1.webp\",\"url\":\"https:\\\/\\\/folhapopular.info\\\/wp-content\\\/uploads\\\/2026\\\/04\\\/Folha-1.webp\",\"contentUrl\":\"https:\\\/\\\/folhapopular.info\\\/wp-content\\\/uploads\\\/2026\\\/04\\\/Folha-1.webp\",\"caption\":\"Reda\u00e7\u00e3o Folha Popular\"},\"url\":\"https:\\\/\\\/folhapopular.info\\\/index.php\\\/author\\\/redacao\\\/\"}]}<\/script>\n<!-- \/ Yoast SEO plugin. -->","yoast_head_json":{"title":"Inscri\u00e7\u00f5es para o processo seletivo para contrata\u00e7\u00e3o de agente comunit\u00e1rio de sa\u00fade em Bom Retiro do Sul encerram dia 25 - Folha Popular","robots":{"index":"index","follow":"follow","max-snippet":"max-snippet:-1","max-image-preview":"max-image-preview:large","max-video-preview":"max-video-preview:-1"},"canonical":"https:\/\/folhapopular.info\/index.php\/2018\/07\/23\/inscricoes-para-o-processo-seletivo-para-contratacao-de-agente-comunitario-de-saude-em-bom-retiro-do-sul-encerram-dia-25\/","og_locale":"pt_BR","og_type":"article","og_title":"Inscri\u00e7\u00f5es para o processo seletivo para contrata\u00e7\u00e3o de agente comunit\u00e1rio de sa\u00fade em Bom Retiro do Sul encerram dia 25 - Folha Popular","og_description":"A Administra\u00e7\u00e3o Municipal de Bom Retiro do Sul informa que as inscri\u00e7\u00f5es para selecionar candidatos para atuarem como Agente Comunit\u00e1rio de Sa\u00fade, junto \u00e0 Secretaria Municipal de Sa\u00fade, encerram na quarta-feira, dia 25. As vagas dispon\u00edveis s\u00e3o para interessados moradores dos bairros Imigrante, Vila Barragem, Centro Cidade Baixa, Goiabeira e das localidades da Barra do [&hellip;]","og_url":"https:\/\/folhapopular.info\/index.php\/2018\/07\/23\/inscricoes-para-o-processo-seletivo-para-contratacao-de-agente-comunitario-de-saude-em-bom-retiro-do-sul-encerram-dia-25\/","og_site_name":"Folha Popular","article_published_time":"2018-07-23T18:00:23+00:00","og_image":[{"width":800,"height":596,"url":"https:\/\/folhapopular.info\/wp-content\/uploads\/2018\/07\/UBS-Centro-e1532366954893.jpg","type":"image\/jpeg"}],"author":"Reda\u00e7\u00e3o Folha Popular","twitter_card":"summary_large_image","twitter_misc":{"Escrito por":"Reda\u00e7\u00e3o Folha Popular","Est. tempo de leitura":"1 minuto"},"schema":{"@context":"https:\/\/schema.org","@graph":[{"@type":"Article","@id":"https:\/\/folhapopular.info\/index.php\/2018\/07\/23\/inscricoes-para-o-processo-seletivo-para-contratacao-de-agente-comunitario-de-saude-em-bom-retiro-do-sul-encerram-dia-25\/#article","isPartOf":{"@id":"https:\/\/folhapopular.info\/index.php\/2018\/07\/23\/inscricoes-para-o-processo-seletivo-para-contratacao-de-agente-comunitario-de-saude-em-bom-retiro-do-sul-encerram-dia-25\/"},"author":{"name":"Reda\u00e7\u00e3o Folha Popular","@id":"https:\/\/folhapopular.info\/#\/schema\/person\/2814e8a0df7643585a9ca38bc6eb9d4b"},"headline":"Inscri\u00e7\u00f5es para o processo seletivo para contrata\u00e7\u00e3o de agente comunit\u00e1rio de sa\u00fade em Bom Retiro do Sul encerram dia 25","datePublished":"2018-07-23T18:00:23+00:00","mainEntityOfPage":{"@id":"https:\/\/folhapopular.info\/index.php\/2018\/07\/23\/inscricoes-para-o-processo-seletivo-para-contratacao-de-agente-comunitario-de-saude-em-bom-retiro-do-sul-encerram-dia-25\/"},"wordCount":235,"commentCount":0,"image":{"@id":"https:\/\/folhapopular.info\/index.php\/2018\/07\/23\/inscricoes-para-o-processo-seletivo-para-contratacao-de-agente-comunitario-de-saude-em-bom-retiro-do-sul-encerram-dia-25\/#primaryimage"},"thumbnailUrl":"https:\/\/folhapopular.info\/wp-content\/uploads\/2018\/07\/UBS-Centro-e1532366954893.jpg","keywords":["agente comunit\u00e1rio de sa\u00fade","Bom Retiro do Sul","Processo Seletivo"],"articleSection":["Geral"],"inLanguage":"pt-BR","potentialAction":[{"@type":"CommentAction","name":"Comment","target":["https:\/\/folhapopular.info\/index.php\/2018\/07\/23\/inscricoes-para-o-processo-seletivo-para-contratacao-de-agente-comunitario-de-saude-em-bom-retiro-do-sul-encerram-dia-25\/#respond"]}]},{"@type":"WebPage","@id":"https:\/\/folhapopular.info\/index.php\/2018\/07\/23\/inscricoes-para-o-processo-seletivo-para-contratacao-de-agente-comunitario-de-saude-em-bom-retiro-do-sul-encerram-dia-25\/","url":"https:\/\/folhapopular.info\/index.php\/2018\/07\/23\/inscricoes-para-o-processo-seletivo-para-contratacao-de-agente-comunitario-de-saude-em-bom-retiro-do-sul-encerram-dia-25\/","name":"Inscri\u00e7\u00f5es para o processo seletivo para contrata\u00e7\u00e3o de agente comunit\u00e1rio de sa\u00fade em Bom Retiro do Sul encerram dia 25 - Folha Popular","isPartOf":{"@id":"https:\/\/folhapopular.info\/#website"},"primaryImageOfPage":{"@id":"https:\/\/folhapopular.info\/index.php\/2018\/07\/23\/inscricoes-para-o-processo-seletivo-para-contratacao-de-agente-comunitario-de-saude-em-bom-retiro-do-sul-encerram-dia-25\/#primaryimage"},"image":{"@id":"https:\/\/folhapopular.info\/index.php\/2018\/07\/23\/inscricoes-para-o-processo-seletivo-para-contratacao-de-agente-comunitario-de-saude-em-bom-retiro-do-sul-encerram-dia-25\/#primaryimage"},"thumbnailUrl":"https:\/\/folhapopular.info\/wp-content\/uploads\/2018\/07\/UBS-Centro-e1532366954893.jpg","datePublished":"2018-07-23T18:00:23+00:00","author":{"@id":"https:\/\/folhapopular.info\/#\/schema\/person\/2814e8a0df7643585a9ca38bc6eb9d4b"},"breadcrumb":{"@id":"https:\/\/folhapopular.info\/index.php\/2018\/07\/23\/inscricoes-para-o-processo-seletivo-para-contratacao-de-agente-comunitario-de-saude-em-bom-retiro-do-sul-encerram-dia-25\/#breadcrumb"},"inLanguage":"pt-BR","potentialAction":[{"@type":"ReadAction","target":["https:\/\/folhapopular.info\/index.php\/2018\/07\/23\/inscricoes-para-o-processo-seletivo-para-contratacao-de-agente-comunitario-de-saude-em-bom-retiro-do-sul-encerram-dia-25\/"]}]},{"@type":"ImageObject","inLanguage":"pt-BR","@id":"https:\/\/folhapopular.info\/index.php\/2018\/07\/23\/inscricoes-para-o-processo-seletivo-para-contratacao-de-agente-comunitario-de-saude-em-bom-retiro-do-sul-encerram-dia-25\/#primaryimage","url":"https:\/\/folhapopular.info\/wp-content\/uploads\/2018\/07\/UBS-Centro-e1532366954893.jpg","contentUrl":"https:\/\/folhapopular.info\/wp-content\/uploads\/2018\/07\/UBS-Centro-e1532366954893.jpg","width":800,"height":596,"caption":"Cr\u00e9dito da foto: Fernando Dias\/Divulga\u00e7\u00e3o"},{"@type":"BreadcrumbList","@id":"https:\/\/folhapopular.info\/index.php\/2018\/07\/23\/inscricoes-para-o-processo-seletivo-para-contratacao-de-agente-comunitario-de-saude-em-bom-retiro-do-sul-encerram-dia-25\/#breadcrumb","itemListElement":[{"@type":"ListItem","position":1,"name":"In\u00edcio","item":"https:\/\/folhapopular.info\/"},{"@type":"ListItem","position":2,"name":"Inscri\u00e7\u00f5es para o processo seletivo para contrata\u00e7\u00e3o de agente comunit\u00e1rio de sa\u00fade em Bom Retiro do Sul encerram dia 25"}]},{"@type":"WebSite","@id":"https:\/\/folhapopular.info\/#website","url":"https:\/\/folhapopular.info\/","name":"Folha Popular","description":"Onde voc\u00ea tem vez e voz","potentialAction":[{"@type":"SearchAction","target":{"@type":"EntryPoint","urlTemplate":"https:\/\/folhapopular.info\/?s={search_term_string}"},"query-input":{"@type":"PropertyValueSpecification","valueRequired":true,"valueName":"search_term_string"}}],"inLanguage":"pt-BR"},{"@type":"Person","@id":"https:\/\/folhapopular.info\/#\/schema\/person\/2814e8a0df7643585a9ca38bc6eb9d4b","name":"Reda\u00e7\u00e3o Folha Popular","image":{"@type":"ImageObject","inLanguage":"pt-BR","@id":"https:\/\/folhapopular.info\/wp-content\/uploads\/2026\/04\/Folha-1.webp","url":"https:\/\/folhapopular.info\/wp-content\/uploads\/2026\/04\/Folha-1.webp","contentUrl":"https:\/\/folhapopular.info\/wp-content\/uploads\/2026\/04\/Folha-1.webp","caption":"Reda\u00e7\u00e3o Folha Popular"},"url":"https:\/\/folhapopular.info\/index.php\/author\/redacao\/"}]}},"jetpack_featured_media_url":"https:\/\/folhapopular.info\/wp-content\/uploads\/2018\/07\/UBS-Centro-e1532366954893.jpg","jetpack_sharing_enabled":true,"amp_enabled":true,"_links":{"self":[{"href":"https:\/\/folhapopular.info\/index.php\/wp-json\/wp\/v2\/posts\/46361","targetHints":{"allow":["GET"]}}],"collection":[{"href":"https:\/\/folhapopular.info\/index.php\/wp-json\/wp\/v2\/posts"}],"about":[{"href":"https:\/\/folhapopular.info\/index.php\/wp-json\/wp\/v2\/types\/post"}],"author":[{"embeddable":true,"href":"https:\/\/folhapopular.info\/index.php\/wp-json\/wp\/v2\/users\/8"}],"replies":[{"embeddable":true,"href":"https:\/\/folhapopular.info\/index.php\/wp-json\/wp\/v2\/comments?post=46361"}],"version-history":[{"count":0,"href":"https:\/\/folhapopular.info\/index.php\/wp-json\/wp\/v2\/posts\/46361\/revisions"}],"wp:featuredmedia":[{"embeddable":true,"href":"https:\/\/folhapopular.info\/index.php\/wp-json\/wp\/v2\/media\/46362"}],"wp:attachment":[{"href":"https:\/\/folhapopular.info\/index.php\/wp-json\/wp\/v2\/media?parent=46361"}],"wp:term":[{"taxonomy":"category","embeddable":true,"href":"https:\/\/folhapopular.info\/index.php\/wp-json\/wp\/v2\/categories?post=46361"},{"taxonomy":"post_tag","embeddable":true,"href":"https:\/\/folhapopular.info\/index.php\/wp-json\/wp\/v2\/tags?post=46361"}],"curies":[{"name":"wp","href":"https:\/\/api.w.org\/{rel}","templated":true}]}}