{"id":46482,"date":"2018-07-27T17:00:07","date_gmt":"2018-07-27T20:00:07","guid":{"rendered":"http:\/\/folhapopular.info\/?p=46482"},"modified":"2018-07-27T15:45:50","modified_gmt":"2018-07-27T18:45:50","slug":"encontro-reune-20-corais-no-interior-de-estrela","status":"publish","type":"post","link":"https:\/\/folhapopular.info\/index.php\/2018\/07\/27\/encontro-reune-20-corais-no-interior-de-estrela\/","title":{"rendered":"Encontro re\u00fane 20 corais no interior de Estrela"},"content":{"rendered":"<p>Domingo (29\/07) ser\u00e1 de muitas m\u00fasicas e cantos no Distrito de Gl\u00f3ria. A comunidade do interior de Estrela ser\u00e1 palco do tradicional encontro da Liga de Corais de Estrela. Realizado sempre no m\u00eas de julho, ocorrer\u00e1 agora no gin\u00e1sio da Comunidade S\u00e3o Francisco Xavier, a partir das 12h30min, com recep\u00e7\u00e3o aos 20 corais participantes da entidade. Evento conta com apoio da Secretaria Municipal de Cultura e Turismo (Secultur), que fechar\u00e1 apoio \u00e0 liga fundada em 1980 e atualmente presidida por\u00a0Diego Reichert.<\/p>\n<p>Ap\u00f3s a recep\u00e7\u00e3o aos mais de 400 cantores esperados, ser\u00e1 realizado momento c\u00edvico \u00e0s 13h. Em seguida, a partir das 13h30min, apresenta\u00e7\u00f5es dos corais participantes, com abertura protagonizado pelo grupo convidado especial, o Coro do N\u00facleo Cultural de Estrela. A partir das\u00a015h30min ser\u00e1 servido o Caf\u00e9 Colonial de Integra\u00e7\u00e3o, ao pre\u00e7o de R$ 22. Tamb\u00e9m ser\u00e1 oficializada a parceria entre Secultur e a Liga, que buscar\u00e1 a partir da Lei 13.019 de 2014 refor\u00e7ar o apoio \u00e0 classe. Mais informa\u00e7\u00f5es pelos telefones 3712-9107 ou 99936-5531.<\/p>\n","protected":false},"excerpt":{"rendered":"<p>Domingo (29\/07) ser\u00e1 de muitas m\u00fasicas e cantos no Distrito de Gl\u00f3ria. A comunidade do interior de Estrela ser\u00e1 palco do tradicional encontro da Liga de Corais de Estrela. Realizado sempre no m\u00eas de julho, ocorrer\u00e1 agora no gin\u00e1sio da Comunidade S\u00e3o Francisco Xavier, a partir das 12h30min, com recep\u00e7\u00e3o aos 20 corais participantes da [&hellip;]<\/p>\n","protected":false},"author":8,"featured_media":46483,"comment_status":"open","ping_status":"open","sticky":false,"template":"","format":"standard","meta":{"pmpro_default_level":"","_jetpack_memberships_contains_paid_content":false,"footnotes":""},"categories":[6],"tags":[552,8,3130],"class_list":{"0":"post-46482","1":"post","2":"type-post","3":"status-publish","4":"format-standard","5":"has-post-thumbnail","7":"category-inclusive","8":"tag-corais","9":"tag-estrela","10":"tag-liga-de-corais-de-estrela","11":"pmpro-has-access"},"yoast_head":"<!-- This site is optimized with the Yoast SEO plugin v27.5 - https:\/\/yoast.com\/product\/yoast-seo-wordpress\/ -->\n<title>Encontro re\u00fane 20 corais no interior de Estrela - Folha Popular<\/title>\n<meta name=\"robots\" content=\"index, follow, max-snippet:-1, max-image-preview:large, max-video-preview:-1\" \/>\n<link rel=\"canonical\" href=\"https:\/\/folhapopular.info\/index.php\/2018\/07\/27\/encontro-reune-20-corais-no-interior-de-estrela\/\" \/>\n<meta property=\"og:locale\" content=\"pt_BR\" \/>\n<meta property=\"og:type\" content=\"article\" \/>\n<meta property=\"og:title\" content=\"Encontro re\u00fane 20 corais no interior de Estrela - Folha Popular\" \/>\n<meta property=\"og:description\" content=\"Domingo (29\/07) ser\u00e1 de muitas m\u00fasicas e cantos no Distrito de Gl\u00f3ria. A comunidade do interior de Estrela ser\u00e1 palco do tradicional encontro da Liga de Corais de Estrela. Realizado sempre no m\u00eas de julho, ocorrer\u00e1 agora no gin\u00e1sio da Comunidade S\u00e3o Francisco Xavier, a partir das 12h30min, com recep\u00e7\u00e3o aos 20 corais participantes da [&hellip;]\" \/>\n<meta property=\"og:url\" content=\"https:\/\/folhapopular.info\/index.php\/2018\/07\/27\/encontro-reune-20-corais-no-interior-de-estrela\/\" \/>\n<meta property=\"og:site_name\" content=\"Folha Popular\" \/>\n<meta property=\"article:published_time\" content=\"2018-07-27T20:00:07+00:00\" \/>\n<meta property=\"og:image\" content=\"https:\/\/folhapopular.info\/wp-content\/uploads\/2018\/07\/27.07_Liga-de-Corais-tradi\u00e7\u00e3o-e1532717133385.jpg\" \/>\n\t<meta property=\"og:image:width\" content=\"800\" \/>\n\t<meta property=\"og:image:height\" content=\"530\" \/>\n\t<meta property=\"og:image:type\" content=\"image\/jpeg\" \/>\n<meta name=\"author\" content=\"Reda\u00e7\u00e3o Folha Popular\" \/>\n<meta name=\"twitter:card\" content=\"summary_large_image\" \/>\n<meta name=\"twitter:label1\" content=\"Escrito por\" \/>\n\t<meta name=\"twitter:data1\" content=\"Reda\u00e7\u00e3o Folha Popular\" \/>\n\t<meta name=\"twitter:label2\" content=\"Est. tempo de leitura\" \/>\n\t<meta name=\"twitter:data2\" content=\"1 minuto\" \/>\n<script type=\"application\/ld+json\" class=\"yoast-schema-graph\">{\"@context\":\"https:\\\/\\\/schema.org\",\"@graph\":[{\"@type\":\"Article\",\"@id\":\"https:\\\/\\\/folhapopular.info\\\/index.php\\\/2018\\\/07\\\/27\\\/encontro-reune-20-corais-no-interior-de-estrela\\\/#article\",\"isPartOf\":{\"@id\":\"https:\\\/\\\/folhapopular.info\\\/index.php\\\/2018\\\/07\\\/27\\\/encontro-reune-20-corais-no-interior-de-estrela\\\/\"},\"author\":{\"name\":\"Reda\u00e7\u00e3o Folha Popular\",\"@id\":\"https:\\\/\\\/folhapopular.info\\\/#\\\/schema\\\/person\\\/2814e8a0df7643585a9ca38bc6eb9d4b\"},\"headline\":\"Encontro re\u00fane 20 corais no interior de Estrela\",\"datePublished\":\"2018-07-27T20:00:07+00:00\",\"mainEntityOfPage\":{\"@id\":\"https:\\\/\\\/folhapopular.info\\\/index.php\\\/2018\\\/07\\\/27\\\/encontro-reune-20-corais-no-interior-de-estrela\\\/\"},\"wordCount\":186,\"commentCount\":0,\"image\":{\"@id\":\"https:\\\/\\\/folhapopular.info\\\/index.php\\\/2018\\\/07\\\/27\\\/encontro-reune-20-corais-no-interior-de-estrela\\\/#primaryimage\"},\"thumbnailUrl\":\"https:\\\/\\\/folhapopular.info\\\/wp-content\\\/uploads\\\/2018\\\/07\\\/27.07_Liga-de-Corais-tradi\u00e7\u00e3o-e1532717133385.jpg\",\"keywords\":[\"Corais\",\"Estrela\",\"Liga de Corais de Estrela\"],\"articleSection\":[\"Inclusive\"],\"inLanguage\":\"pt-BR\",\"potentialAction\":[{\"@type\":\"CommentAction\",\"name\":\"Comment\",\"target\":[\"https:\\\/\\\/folhapopular.info\\\/index.php\\\/2018\\\/07\\\/27\\\/encontro-reune-20-corais-no-interior-de-estrela\\\/#respond\"]}]},{\"@type\":\"WebPage\",\"@id\":\"https:\\\/\\\/folhapopular.info\\\/index.php\\\/2018\\\/07\\\/27\\\/encontro-reune-20-corais-no-interior-de-estrela\\\/\",\"url\":\"https:\\\/\\\/folhapopular.info\\\/index.php\\\/2018\\\/07\\\/27\\\/encontro-reune-20-corais-no-interior-de-estrela\\\/\",\"name\":\"Encontro re\u00fane 20 corais no interior de Estrela - Folha Popular\",\"isPartOf\":{\"@id\":\"https:\\\/\\\/folhapopular.info\\\/#website\"},\"primaryImageOfPage\":{\"@id\":\"https:\\\/\\\/folhapopular.info\\\/index.php\\\/2018\\\/07\\\/27\\\/encontro-reune-20-corais-no-interior-de-estrela\\\/#primaryimage\"},\"image\":{\"@id\":\"https:\\\/\\\/folhapopular.info\\\/index.php\\\/2018\\\/07\\\/27\\\/encontro-reune-20-corais-no-interior-de-estrela\\\/#primaryimage\"},\"thumbnailUrl\":\"https:\\\/\\\/folhapopular.info\\\/wp-content\\\/uploads\\\/2018\\\/07\\\/27.07_Liga-de-Corais-tradi\u00e7\u00e3o-e1532717133385.jpg\",\"datePublished\":\"2018-07-27T20:00:07+00:00\",\"author\":{\"@id\":\"https:\\\/\\\/folhapopular.info\\\/#\\\/schema\\\/person\\\/2814e8a0df7643585a9ca38bc6eb9d4b\"},\"breadcrumb\":{\"@id\":\"https:\\\/\\\/folhapopular.info\\\/index.php\\\/2018\\\/07\\\/27\\\/encontro-reune-20-corais-no-interior-de-estrela\\\/#breadcrumb\"},\"inLanguage\":\"pt-BR\",\"potentialAction\":[{\"@type\":\"ReadAction\",\"target\":[\"https:\\\/\\\/folhapopular.info\\\/index.php\\\/2018\\\/07\\\/27\\\/encontro-reune-20-corais-no-interior-de-estrela\\\/\"]}]},{\"@type\":\"ImageObject\",\"inLanguage\":\"pt-BR\",\"@id\":\"https:\\\/\\\/folhapopular.info\\\/index.php\\\/2018\\\/07\\\/27\\\/encontro-reune-20-corais-no-interior-de-estrela\\\/#primaryimage\",\"url\":\"https:\\\/\\\/folhapopular.info\\\/wp-content\\\/uploads\\\/2018\\\/07\\\/27.07_Liga-de-Corais-tradi\u00e7\u00e3o-e1532717133385.jpg\",\"contentUrl\":\"https:\\\/\\\/folhapopular.info\\\/wp-content\\\/uploads\\\/2018\\\/07\\\/27.07_Liga-de-Corais-tradi\u00e7\u00e3o-e1532717133385.jpg\",\"width\":800,\"height\":530,\"caption\":\"Encontros ocorrem anualmente\"},{\"@type\":\"BreadcrumbList\",\"@id\":\"https:\\\/\\\/folhapopular.info\\\/index.php\\\/2018\\\/07\\\/27\\\/encontro-reune-20-corais-no-interior-de-estrela\\\/#breadcrumb\",\"itemListElement\":[{\"@type\":\"ListItem\",\"position\":1,\"name\":\"In\u00edcio\",\"item\":\"https:\\\/\\\/folhapopular.info\\\/\"},{\"@type\":\"ListItem\",\"position\":2,\"name\":\"Encontro re\u00fane 20 corais no interior de Estrela\"}]},{\"@type\":\"WebSite\",\"@id\":\"https:\\\/\\\/folhapopular.info\\\/#website\",\"url\":\"https:\\\/\\\/folhapopular.info\\\/\",\"name\":\"Folha Popular\",\"description\":\"Onde voc\u00ea tem vez e voz\",\"potentialAction\":[{\"@type\":\"SearchAction\",\"target\":{\"@type\":\"EntryPoint\",\"urlTemplate\":\"https:\\\/\\\/folhapopular.info\\\/?s={search_term_string}\"},\"query-input\":{\"@type\":\"PropertyValueSpecification\",\"valueRequired\":true,\"valueName\":\"search_term_string\"}}],\"inLanguage\":\"pt-BR\"},{\"@type\":\"Person\",\"@id\":\"https:\\\/\\\/folhapopular.info\\\/#\\\/schema\\\/person\\\/2814e8a0df7643585a9ca38bc6eb9d4b\",\"name\":\"Reda\u00e7\u00e3o Folha Popular\",\"image\":{\"@type\":\"ImageObject\",\"inLanguage\":\"pt-BR\",\"@id\":\"https:\\\/\\\/folhapopular.info\\\/wp-content\\\/uploads\\\/2026\\\/04\\\/Folha-1.webp\",\"url\":\"https:\\\/\\\/folhapopular.info\\\/wp-content\\\/uploads\\\/2026\\\/04\\\/Folha-1.webp\",\"contentUrl\":\"https:\\\/\\\/folhapopular.info\\\/wp-content\\\/uploads\\\/2026\\\/04\\\/Folha-1.webp\",\"caption\":\"Reda\u00e7\u00e3o Folha Popular\"},\"url\":\"https:\\\/\\\/folhapopular.info\\\/index.php\\\/author\\\/redacao\\\/\"}]}<\/script>\n<!-- \/ Yoast SEO plugin. -->","yoast_head_json":{"title":"Encontro re\u00fane 20 corais no interior de Estrela - Folha Popular","robots":{"index":"index","follow":"follow","max-snippet":"max-snippet:-1","max-image-preview":"max-image-preview:large","max-video-preview":"max-video-preview:-1"},"canonical":"https:\/\/folhapopular.info\/index.php\/2018\/07\/27\/encontro-reune-20-corais-no-interior-de-estrela\/","og_locale":"pt_BR","og_type":"article","og_title":"Encontro re\u00fane 20 corais no interior de Estrela - Folha Popular","og_description":"Domingo (29\/07) ser\u00e1 de muitas m\u00fasicas e cantos no Distrito de Gl\u00f3ria. A comunidade do interior de Estrela ser\u00e1 palco do tradicional encontro da Liga de Corais de Estrela. Realizado sempre no m\u00eas de julho, ocorrer\u00e1 agora no gin\u00e1sio da Comunidade S\u00e3o Francisco Xavier, a partir das 12h30min, com recep\u00e7\u00e3o aos 20 corais participantes da [&hellip;]","og_url":"https:\/\/folhapopular.info\/index.php\/2018\/07\/27\/encontro-reune-20-corais-no-interior-de-estrela\/","og_site_name":"Folha Popular","article_published_time":"2018-07-27T20:00:07+00:00","og_image":[{"width":800,"height":530,"url":"https:\/\/folhapopular.info\/wp-content\/uploads\/2018\/07\/27.07_Liga-de-Corais-tradi\u00e7\u00e3o-e1532717133385.jpg","type":"image\/jpeg"}],"author":"Reda\u00e7\u00e3o Folha Popular","twitter_card":"summary_large_image","twitter_misc":{"Escrito por":"Reda\u00e7\u00e3o Folha Popular","Est. tempo de leitura":"1 minuto"},"schema":{"@context":"https:\/\/schema.org","@graph":[{"@type":"Article","@id":"https:\/\/folhapopular.info\/index.php\/2018\/07\/27\/encontro-reune-20-corais-no-interior-de-estrela\/#article","isPartOf":{"@id":"https:\/\/folhapopular.info\/index.php\/2018\/07\/27\/encontro-reune-20-corais-no-interior-de-estrela\/"},"author":{"name":"Reda\u00e7\u00e3o Folha Popular","@id":"https:\/\/folhapopular.info\/#\/schema\/person\/2814e8a0df7643585a9ca38bc6eb9d4b"},"headline":"Encontro re\u00fane 20 corais no interior de Estrela","datePublished":"2018-07-27T20:00:07+00:00","mainEntityOfPage":{"@id":"https:\/\/folhapopular.info\/index.php\/2018\/07\/27\/encontro-reune-20-corais-no-interior-de-estrela\/"},"wordCount":186,"commentCount":0,"image":{"@id":"https:\/\/folhapopular.info\/index.php\/2018\/07\/27\/encontro-reune-20-corais-no-interior-de-estrela\/#primaryimage"},"thumbnailUrl":"https:\/\/folhapopular.info\/wp-content\/uploads\/2018\/07\/27.07_Liga-de-Corais-tradi\u00e7\u00e3o-e1532717133385.jpg","keywords":["Corais","Estrela","Liga de Corais de Estrela"],"articleSection":["Inclusive"],"inLanguage":"pt-BR","potentialAction":[{"@type":"CommentAction","name":"Comment","target":["https:\/\/folhapopular.info\/index.php\/2018\/07\/27\/encontro-reune-20-corais-no-interior-de-estrela\/#respond"]}]},{"@type":"WebPage","@id":"https:\/\/folhapopular.info\/index.php\/2018\/07\/27\/encontro-reune-20-corais-no-interior-de-estrela\/","url":"https:\/\/folhapopular.info\/index.php\/2018\/07\/27\/encontro-reune-20-corais-no-interior-de-estrela\/","name":"Encontro re\u00fane 20 corais no interior de Estrela - Folha Popular","isPartOf":{"@id":"https:\/\/folhapopular.info\/#website"},"primaryImageOfPage":{"@id":"https:\/\/folhapopular.info\/index.php\/2018\/07\/27\/encontro-reune-20-corais-no-interior-de-estrela\/#primaryimage"},"image":{"@id":"https:\/\/folhapopular.info\/index.php\/2018\/07\/27\/encontro-reune-20-corais-no-interior-de-estrela\/#primaryimage"},"thumbnailUrl":"https:\/\/folhapopular.info\/wp-content\/uploads\/2018\/07\/27.07_Liga-de-Corais-tradi\u00e7\u00e3o-e1532717133385.jpg","datePublished":"2018-07-27T20:00:07+00:00","author":{"@id":"https:\/\/folhapopular.info\/#\/schema\/person\/2814e8a0df7643585a9ca38bc6eb9d4b"},"breadcrumb":{"@id":"https:\/\/folhapopular.info\/index.php\/2018\/07\/27\/encontro-reune-20-corais-no-interior-de-estrela\/#breadcrumb"},"inLanguage":"pt-BR","potentialAction":[{"@type":"ReadAction","target":["https:\/\/folhapopular.info\/index.php\/2018\/07\/27\/encontro-reune-20-corais-no-interior-de-estrela\/"]}]},{"@type":"ImageObject","inLanguage":"pt-BR","@id":"https:\/\/folhapopular.info\/index.php\/2018\/07\/27\/encontro-reune-20-corais-no-interior-de-estrela\/#primaryimage","url":"https:\/\/folhapopular.info\/wp-content\/uploads\/2018\/07\/27.07_Liga-de-Corais-tradi\u00e7\u00e3o-e1532717133385.jpg","contentUrl":"https:\/\/folhapopular.info\/wp-content\/uploads\/2018\/07\/27.07_Liga-de-Corais-tradi\u00e7\u00e3o-e1532717133385.jpg","width":800,"height":530,"caption":"Encontros ocorrem anualmente"},{"@type":"BreadcrumbList","@id":"https:\/\/folhapopular.info\/index.php\/2018\/07\/27\/encontro-reune-20-corais-no-interior-de-estrela\/#breadcrumb","itemListElement":[{"@type":"ListItem","position":1,"name":"In\u00edcio","item":"https:\/\/folhapopular.info\/"},{"@type":"ListItem","position":2,"name":"Encontro re\u00fane 20 corais no interior de Estrela"}]},{"@type":"WebSite","@id":"https:\/\/folhapopular.info\/#website","url":"https:\/\/folhapopular.info\/","name":"Folha Popular","description":"Onde voc\u00ea tem vez e voz","potentialAction":[{"@type":"SearchAction","target":{"@type":"EntryPoint","urlTemplate":"https:\/\/folhapopular.info\/?s={search_term_string}"},"query-input":{"@type":"PropertyValueSpecification","valueRequired":true,"valueName":"search_term_string"}}],"inLanguage":"pt-BR"},{"@type":"Person","@id":"https:\/\/folhapopular.info\/#\/schema\/person\/2814e8a0df7643585a9ca38bc6eb9d4b","name":"Reda\u00e7\u00e3o Folha Popular","image":{"@type":"ImageObject","inLanguage":"pt-BR","@id":"https:\/\/folhapopular.info\/wp-content\/uploads\/2026\/04\/Folha-1.webp","url":"https:\/\/folhapopular.info\/wp-content\/uploads\/2026\/04\/Folha-1.webp","contentUrl":"https:\/\/folhapopular.info\/wp-content\/uploads\/2026\/04\/Folha-1.webp","caption":"Reda\u00e7\u00e3o Folha Popular"},"url":"https:\/\/folhapopular.info\/index.php\/author\/redacao\/"}]}},"jetpack_featured_media_url":"https:\/\/folhapopular.info\/wp-content\/uploads\/2018\/07\/27.07_Liga-de-Corais-tradi\u00e7\u00e3o-e1532717133385.jpg","jetpack_sharing_enabled":true,"amp_enabled":true,"_links":{"self":[{"href":"https:\/\/folhapopular.info\/index.php\/wp-json\/wp\/v2\/posts\/46482","targetHints":{"allow":["GET"]}}],"collection":[{"href":"https:\/\/folhapopular.info\/index.php\/wp-json\/wp\/v2\/posts"}],"about":[{"href":"https:\/\/folhapopular.info\/index.php\/wp-json\/wp\/v2\/types\/post"}],"author":[{"embeddable":true,"href":"https:\/\/folhapopular.info\/index.php\/wp-json\/wp\/v2\/users\/8"}],"replies":[{"embeddable":true,"href":"https:\/\/folhapopular.info\/index.php\/wp-json\/wp\/v2\/comments?post=46482"}],"version-history":[{"count":0,"href":"https:\/\/folhapopular.info\/index.php\/wp-json\/wp\/v2\/posts\/46482\/revisions"}],"wp:featuredmedia":[{"embeddable":true,"href":"https:\/\/folhapopular.info\/index.php\/wp-json\/wp\/v2\/media\/46483"}],"wp:attachment":[{"href":"https:\/\/folhapopular.info\/index.php\/wp-json\/wp\/v2\/media?parent=46482"}],"wp:term":[{"taxonomy":"category","embeddable":true,"href":"https:\/\/folhapopular.info\/index.php\/wp-json\/wp\/v2\/categories?post=46482"},{"taxonomy":"post_tag","embeddable":true,"href":"https:\/\/folhapopular.info\/index.php\/wp-json\/wp\/v2\/tags?post=46482"}],"curies":[{"name":"wp","href":"https:\/\/api.w.org\/{rel}","templated":true}]}}