{"id":46856,"date":"2018-08-09T17:00:51","date_gmt":"2018-08-09T20:00:51","guid":{"rendered":"http:\/\/folhapopular.info\/?p=46856"},"modified":"2018-08-09T14:18:34","modified_gmt":"2018-08-09T17:18:34","slug":"escolas-estaduais-visitam-aterro-sanitario-de-teutonia","status":"publish","type":"post","link":"https:\/\/folhapopular.info\/index.php\/2018\/08\/09\/escolas-estaduais-visitam-aterro-sanitario-de-teutonia\/","title":{"rendered":"Escolas estaduais visitam aterro sanit\u00e1rio de Teut\u00f4nia"},"content":{"rendered":"<p>Recentemente, estudantes do Ensino Fundamental de duas escolas estaduais de Teut\u00f4nia, Tancredo de Almeida Neves e Reynaldo Affonso Augustin, visitaram o aterro sanit\u00e1rio do munic\u00edpio. As visitas foram guiadas pelo secret\u00e1rio de Agricultura e Meio Ambiente, Gilson Hollmann, e o vice-presidente da Cooperativa Regional de Catadores dos Vales Taquari e Rio Pardo (Cootralto), Francisco da Silva.<\/p>\n<p>Na manh\u00e3 de quarta-feira, dia 8 de agosto, os alunos do 6\u00ba ano da Escola Estadual de Ensino M\u00e9dio Reynaldo Affonso Augustin visitaram o local. Acompanhados da professora Ana Shirley de Oliveira Lima, os alunos conheceram de perto como funciona um aterro sanit\u00e1rio, al\u00e9m de vivenciarem a rotina de quem trabalha por l\u00e1.<\/p>\n<p>J\u00e1 na manh\u00e3 do dia 3 de agosto, foi a vez dos estudantes dos 4\u00ba e 9\u00ba anos da Escola Estadual de Ensino Fundamental Tancredo de Almeida Neves, acompanhados das professoras Cec\u00edlia Sostmeier e Daiane Wagner, aprenderem sobre o funcionamento do aterro e a import\u00e2ncia da separa\u00e7\u00e3o e reciclagem do lixo. A primeira-dama, Jaqueline Musskopf, e o vice-prefeito, Valdir Oliveira do Amaral, tamb\u00e9m acompanharam a visita. Ambos destacaram, aos alunos, a import\u00e2ncia do trabalho feito pelos associados da Cootralto e da reciclagem do lixo.<\/p>\n<p>As visitas de escolas ao aterro sanit\u00e1rio integram as a\u00e7\u00f5es de educa\u00e7\u00e3o ambiental desenvolvidas pela Secretaria de Agricultura e Meio Ambiente. \u201cEntendemos que a educa\u00e7\u00e3o \u00e9 o principal meio para conscientizarmos as futuras gera\u00e7\u00f5es sobre o descarte correto do lixo. Ao conhecerem o aterro sanit\u00e1rio e visualizarem as dificuldades aqui encontradas quando n\u00e3o h\u00e1 destina\u00e7\u00e3o correta do lixo, os alunos podem desenvolver essa consci\u00eancia e estimular, inclusive, seus pais a mudarem seus h\u00e1bitos\u201d, frisa o titular da pasta, Gilson Hollmann.<\/p>\n","protected":false},"excerpt":{"rendered":"<p>Recentemente, estudantes do Ensino Fundamental de duas escolas estaduais de Teut\u00f4nia, Tancredo de Almeida Neves e Reynaldo Affonso Augustin, visitaram o aterro sanit\u00e1rio do munic\u00edpio. As visitas foram guiadas pelo secret\u00e1rio de Agricultura e Meio Ambiente, Gilson Hollmann, e o vice-presidente da Cooperativa Regional de Catadores dos Vales Taquari e Rio Pardo (Cootralto), Francisco da [&hellip;]<\/p>\n","protected":false},"author":8,"featured_media":46857,"comment_status":"open","ping_status":"open","sticky":false,"template":"","format":"standard","meta":{"pmpro_default_level":"","_jetpack_memberships_contains_paid_content":false,"footnotes":""},"categories":[3],"tags":[433,26],"class_list":{"0":"post-46856","1":"post","2":"type-post","3":"status-publish","4":"format-standard","5":"has-post-thumbnail","7":"category-geral","8":"tag-aterro-sanitario","9":"tag-teutonia","10":"pmpro-has-access"},"yoast_head":"<!-- This site is optimized with the Yoast SEO plugin v27.5 - https:\/\/yoast.com\/product\/yoast-seo-wordpress\/ -->\n<title>Escolas estaduais visitam aterro sanit\u00e1rio de Teut\u00f4nia - Folha Popular<\/title>\n<meta name=\"robots\" content=\"index, follow, max-snippet:-1, max-image-preview:large, max-video-preview:-1\" \/>\n<link rel=\"canonical\" href=\"https:\/\/folhapopular.info\/index.php\/2018\/08\/09\/escolas-estaduais-visitam-aterro-sanitario-de-teutonia\/\" \/>\n<meta property=\"og:locale\" content=\"pt_BR\" \/>\n<meta property=\"og:type\" content=\"article\" \/>\n<meta property=\"og:title\" content=\"Escolas estaduais visitam aterro sanit\u00e1rio de Teut\u00f4nia - Folha Popular\" \/>\n<meta property=\"og:description\" content=\"Recentemente, estudantes do Ensino Fundamental de duas escolas estaduais de Teut\u00f4nia, Tancredo de Almeida Neves e Reynaldo Affonso Augustin, visitaram o aterro sanit\u00e1rio do munic\u00edpio. As visitas foram guiadas pelo secret\u00e1rio de Agricultura e Meio Ambiente, Gilson Hollmann, e o vice-presidente da Cooperativa Regional de Catadores dos Vales Taquari e Rio Pardo (Cootralto), Francisco da [&hellip;]\" \/>\n<meta property=\"og:url\" content=\"https:\/\/folhapopular.info\/index.php\/2018\/08\/09\/escolas-estaduais-visitam-aterro-sanitario-de-teutonia\/\" \/>\n<meta property=\"og:site_name\" content=\"Folha Popular\" \/>\n<meta property=\"article:published_time\" content=\"2018-08-09T20:00:51+00:00\" \/>\n<meta property=\"og:image\" content=\"https:\/\/folhapopular.info\/wp-content\/uploads\/2018\/08\/Secret\u00e1rio-de-Agricultura-e-Meio-Ambiente-Gilson-Hollmann-recepcionou-os-alunos-e1533835100250.jpg\" \/>\n\t<meta property=\"og:image:width\" content=\"800\" \/>\n\t<meta property=\"og:image:height\" content=\"600\" \/>\n\t<meta property=\"og:image:type\" content=\"image\/jpeg\" \/>\n<meta name=\"author\" content=\"Reda\u00e7\u00e3o Folha Popular\" \/>\n<meta name=\"twitter:card\" content=\"summary_large_image\" \/>\n<meta name=\"twitter:label1\" content=\"Escrito por\" \/>\n\t<meta name=\"twitter:data1\" content=\"Reda\u00e7\u00e3o Folha Popular\" \/>\n\t<meta name=\"twitter:label2\" content=\"Est. tempo de leitura\" \/>\n\t<meta name=\"twitter:data2\" content=\"1 minuto\" \/>\n<script type=\"application\/ld+json\" class=\"yoast-schema-graph\">{\"@context\":\"https:\\\/\\\/schema.org\",\"@graph\":[{\"@type\":\"Article\",\"@id\":\"https:\\\/\\\/folhapopular.info\\\/index.php\\\/2018\\\/08\\\/09\\\/escolas-estaduais-visitam-aterro-sanitario-de-teutonia\\\/#article\",\"isPartOf\":{\"@id\":\"https:\\\/\\\/folhapopular.info\\\/index.php\\\/2018\\\/08\\\/09\\\/escolas-estaduais-visitam-aterro-sanitario-de-teutonia\\\/\"},\"author\":{\"name\":\"Reda\u00e7\u00e3o Folha Popular\",\"@id\":\"https:\\\/\\\/folhapopular.info\\\/#\\\/schema\\\/person\\\/2814e8a0df7643585a9ca38bc6eb9d4b\"},\"headline\":\"Escolas estaduais visitam aterro sanit\u00e1rio de Teut\u00f4nia\",\"datePublished\":\"2018-08-09T20:00:51+00:00\",\"mainEntityOfPage\":{\"@id\":\"https:\\\/\\\/folhapopular.info\\\/index.php\\\/2018\\\/08\\\/09\\\/escolas-estaduais-visitam-aterro-sanitario-de-teutonia\\\/\"},\"wordCount\":298,\"commentCount\":0,\"image\":{\"@id\":\"https:\\\/\\\/folhapopular.info\\\/index.php\\\/2018\\\/08\\\/09\\\/escolas-estaduais-visitam-aterro-sanitario-de-teutonia\\\/#primaryimage\"},\"thumbnailUrl\":\"https:\\\/\\\/folhapopular.info\\\/wp-content\\\/uploads\\\/2018\\\/08\\\/Secret\u00e1rio-de-Agricultura-e-Meio-Ambiente-Gilson-Hollmann-recepcionou-os-alunos-e1533835100250.jpg\",\"keywords\":[\"Aterro Sanit\u00e1rio\",\"Teut\u00f4nia\"],\"articleSection\":[\"Geral\"],\"inLanguage\":\"pt-BR\",\"potentialAction\":[{\"@type\":\"CommentAction\",\"name\":\"Comment\",\"target\":[\"https:\\\/\\\/folhapopular.info\\\/index.php\\\/2018\\\/08\\\/09\\\/escolas-estaduais-visitam-aterro-sanitario-de-teutonia\\\/#respond\"]}]},{\"@type\":\"WebPage\",\"@id\":\"https:\\\/\\\/folhapopular.info\\\/index.php\\\/2018\\\/08\\\/09\\\/escolas-estaduais-visitam-aterro-sanitario-de-teutonia\\\/\",\"url\":\"https:\\\/\\\/folhapopular.info\\\/index.php\\\/2018\\\/08\\\/09\\\/escolas-estaduais-visitam-aterro-sanitario-de-teutonia\\\/\",\"name\":\"Escolas estaduais visitam aterro sanit\u00e1rio de Teut\u00f4nia - Folha Popular\",\"isPartOf\":{\"@id\":\"https:\\\/\\\/folhapopular.info\\\/#website\"},\"primaryImageOfPage\":{\"@id\":\"https:\\\/\\\/folhapopular.info\\\/index.php\\\/2018\\\/08\\\/09\\\/escolas-estaduais-visitam-aterro-sanitario-de-teutonia\\\/#primaryimage\"},\"image\":{\"@id\":\"https:\\\/\\\/folhapopular.info\\\/index.php\\\/2018\\\/08\\\/09\\\/escolas-estaduais-visitam-aterro-sanitario-de-teutonia\\\/#primaryimage\"},\"thumbnailUrl\":\"https:\\\/\\\/folhapopular.info\\\/wp-content\\\/uploads\\\/2018\\\/08\\\/Secret\u00e1rio-de-Agricultura-e-Meio-Ambiente-Gilson-Hollmann-recepcionou-os-alunos-e1533835100250.jpg\",\"datePublished\":\"2018-08-09T20:00:51+00:00\",\"author\":{\"@id\":\"https:\\\/\\\/folhapopular.info\\\/#\\\/schema\\\/person\\\/2814e8a0df7643585a9ca38bc6eb9d4b\"},\"breadcrumb\":{\"@id\":\"https:\\\/\\\/folhapopular.info\\\/index.php\\\/2018\\\/08\\\/09\\\/escolas-estaduais-visitam-aterro-sanitario-de-teutonia\\\/#breadcrumb\"},\"inLanguage\":\"pt-BR\",\"potentialAction\":[{\"@type\":\"ReadAction\",\"target\":[\"https:\\\/\\\/folhapopular.info\\\/index.php\\\/2018\\\/08\\\/09\\\/escolas-estaduais-visitam-aterro-sanitario-de-teutonia\\\/\"]}]},{\"@type\":\"ImageObject\",\"inLanguage\":\"pt-BR\",\"@id\":\"https:\\\/\\\/folhapopular.info\\\/index.php\\\/2018\\\/08\\\/09\\\/escolas-estaduais-visitam-aterro-sanitario-de-teutonia\\\/#primaryimage\",\"url\":\"https:\\\/\\\/folhapopular.info\\\/wp-content\\\/uploads\\\/2018\\\/08\\\/Secret\u00e1rio-de-Agricultura-e-Meio-Ambiente-Gilson-Hollmann-recepcionou-os-alunos-e1533835100250.jpg\",\"contentUrl\":\"https:\\\/\\\/folhapopular.info\\\/wp-content\\\/uploads\\\/2018\\\/08\\\/Secret\u00e1rio-de-Agricultura-e-Meio-Ambiente-Gilson-Hollmann-recepcionou-os-alunos-e1533835100250.jpg\",\"width\":800,\"height\":600,\"caption\":\"Secret\u00e1rio de Agricultura e Meio Ambiente, Gilson Hollmann, recepcionou os alunos\\\/Cr\u00e9dito da foto: Larissa Santos\\\/divulga\u00e7\u00e3o\"},{\"@type\":\"BreadcrumbList\",\"@id\":\"https:\\\/\\\/folhapopular.info\\\/index.php\\\/2018\\\/08\\\/09\\\/escolas-estaduais-visitam-aterro-sanitario-de-teutonia\\\/#breadcrumb\",\"itemListElement\":[{\"@type\":\"ListItem\",\"position\":1,\"name\":\"In\u00edcio\",\"item\":\"https:\\\/\\\/folhapopular.info\\\/\"},{\"@type\":\"ListItem\",\"position\":2,\"name\":\"Escolas estaduais visitam aterro sanit\u00e1rio de Teut\u00f4nia\"}]},{\"@type\":\"WebSite\",\"@id\":\"https:\\\/\\\/folhapopular.info\\\/#website\",\"url\":\"https:\\\/\\\/folhapopular.info\\\/\",\"name\":\"Folha Popular\",\"description\":\"Onde voc\u00ea tem vez e voz\",\"potentialAction\":[{\"@type\":\"SearchAction\",\"target\":{\"@type\":\"EntryPoint\",\"urlTemplate\":\"https:\\\/\\\/folhapopular.info\\\/?s={search_term_string}\"},\"query-input\":{\"@type\":\"PropertyValueSpecification\",\"valueRequired\":true,\"valueName\":\"search_term_string\"}}],\"inLanguage\":\"pt-BR\"},{\"@type\":\"Person\",\"@id\":\"https:\\\/\\\/folhapopular.info\\\/#\\\/schema\\\/person\\\/2814e8a0df7643585a9ca38bc6eb9d4b\",\"name\":\"Reda\u00e7\u00e3o Folha Popular\",\"image\":{\"@type\":\"ImageObject\",\"inLanguage\":\"pt-BR\",\"@id\":\"https:\\\/\\\/folhapopular.info\\\/wp-content\\\/uploads\\\/2026\\\/04\\\/Folha-1.webp\",\"url\":\"https:\\\/\\\/folhapopular.info\\\/wp-content\\\/uploads\\\/2026\\\/04\\\/Folha-1.webp\",\"contentUrl\":\"https:\\\/\\\/folhapopular.info\\\/wp-content\\\/uploads\\\/2026\\\/04\\\/Folha-1.webp\",\"caption\":\"Reda\u00e7\u00e3o Folha Popular\"},\"url\":\"https:\\\/\\\/folhapopular.info\\\/index.php\\\/author\\\/redacao\\\/\"}]}<\/script>\n<!-- \/ Yoast SEO plugin. -->","yoast_head_json":{"title":"Escolas estaduais visitam aterro sanit\u00e1rio de Teut\u00f4nia - Folha Popular","robots":{"index":"index","follow":"follow","max-snippet":"max-snippet:-1","max-image-preview":"max-image-preview:large","max-video-preview":"max-video-preview:-1"},"canonical":"https:\/\/folhapopular.info\/index.php\/2018\/08\/09\/escolas-estaduais-visitam-aterro-sanitario-de-teutonia\/","og_locale":"pt_BR","og_type":"article","og_title":"Escolas estaduais visitam aterro sanit\u00e1rio de Teut\u00f4nia - Folha Popular","og_description":"Recentemente, estudantes do Ensino Fundamental de duas escolas estaduais de Teut\u00f4nia, Tancredo de Almeida Neves e Reynaldo Affonso Augustin, visitaram o aterro sanit\u00e1rio do munic\u00edpio. As visitas foram guiadas pelo secret\u00e1rio de Agricultura e Meio Ambiente, Gilson Hollmann, e o vice-presidente da Cooperativa Regional de Catadores dos Vales Taquari e Rio Pardo (Cootralto), Francisco da [&hellip;]","og_url":"https:\/\/folhapopular.info\/index.php\/2018\/08\/09\/escolas-estaduais-visitam-aterro-sanitario-de-teutonia\/","og_site_name":"Folha Popular","article_published_time":"2018-08-09T20:00:51+00:00","og_image":[{"width":800,"height":600,"url":"https:\/\/folhapopular.info\/wp-content\/uploads\/2018\/08\/Secret\u00e1rio-de-Agricultura-e-Meio-Ambiente-Gilson-Hollmann-recepcionou-os-alunos-e1533835100250.jpg","type":"image\/jpeg"}],"author":"Reda\u00e7\u00e3o Folha Popular","twitter_card":"summary_large_image","twitter_misc":{"Escrito por":"Reda\u00e7\u00e3o Folha Popular","Est. tempo de leitura":"1 minuto"},"schema":{"@context":"https:\/\/schema.org","@graph":[{"@type":"Article","@id":"https:\/\/folhapopular.info\/index.php\/2018\/08\/09\/escolas-estaduais-visitam-aterro-sanitario-de-teutonia\/#article","isPartOf":{"@id":"https:\/\/folhapopular.info\/index.php\/2018\/08\/09\/escolas-estaduais-visitam-aterro-sanitario-de-teutonia\/"},"author":{"name":"Reda\u00e7\u00e3o Folha Popular","@id":"https:\/\/folhapopular.info\/#\/schema\/person\/2814e8a0df7643585a9ca38bc6eb9d4b"},"headline":"Escolas estaduais visitam aterro sanit\u00e1rio de Teut\u00f4nia","datePublished":"2018-08-09T20:00:51+00:00","mainEntityOfPage":{"@id":"https:\/\/folhapopular.info\/index.php\/2018\/08\/09\/escolas-estaduais-visitam-aterro-sanitario-de-teutonia\/"},"wordCount":298,"commentCount":0,"image":{"@id":"https:\/\/folhapopular.info\/index.php\/2018\/08\/09\/escolas-estaduais-visitam-aterro-sanitario-de-teutonia\/#primaryimage"},"thumbnailUrl":"https:\/\/folhapopular.info\/wp-content\/uploads\/2018\/08\/Secret\u00e1rio-de-Agricultura-e-Meio-Ambiente-Gilson-Hollmann-recepcionou-os-alunos-e1533835100250.jpg","keywords":["Aterro Sanit\u00e1rio","Teut\u00f4nia"],"articleSection":["Geral"],"inLanguage":"pt-BR","potentialAction":[{"@type":"CommentAction","name":"Comment","target":["https:\/\/folhapopular.info\/index.php\/2018\/08\/09\/escolas-estaduais-visitam-aterro-sanitario-de-teutonia\/#respond"]}]},{"@type":"WebPage","@id":"https:\/\/folhapopular.info\/index.php\/2018\/08\/09\/escolas-estaduais-visitam-aterro-sanitario-de-teutonia\/","url":"https:\/\/folhapopular.info\/index.php\/2018\/08\/09\/escolas-estaduais-visitam-aterro-sanitario-de-teutonia\/","name":"Escolas estaduais visitam aterro sanit\u00e1rio de Teut\u00f4nia - Folha Popular","isPartOf":{"@id":"https:\/\/folhapopular.info\/#website"},"primaryImageOfPage":{"@id":"https:\/\/folhapopular.info\/index.php\/2018\/08\/09\/escolas-estaduais-visitam-aterro-sanitario-de-teutonia\/#primaryimage"},"image":{"@id":"https:\/\/folhapopular.info\/index.php\/2018\/08\/09\/escolas-estaduais-visitam-aterro-sanitario-de-teutonia\/#primaryimage"},"thumbnailUrl":"https:\/\/folhapopular.info\/wp-content\/uploads\/2018\/08\/Secret\u00e1rio-de-Agricultura-e-Meio-Ambiente-Gilson-Hollmann-recepcionou-os-alunos-e1533835100250.jpg","datePublished":"2018-08-09T20:00:51+00:00","author":{"@id":"https:\/\/folhapopular.info\/#\/schema\/person\/2814e8a0df7643585a9ca38bc6eb9d4b"},"breadcrumb":{"@id":"https:\/\/folhapopular.info\/index.php\/2018\/08\/09\/escolas-estaduais-visitam-aterro-sanitario-de-teutonia\/#breadcrumb"},"inLanguage":"pt-BR","potentialAction":[{"@type":"ReadAction","target":["https:\/\/folhapopular.info\/index.php\/2018\/08\/09\/escolas-estaduais-visitam-aterro-sanitario-de-teutonia\/"]}]},{"@type":"ImageObject","inLanguage":"pt-BR","@id":"https:\/\/folhapopular.info\/index.php\/2018\/08\/09\/escolas-estaduais-visitam-aterro-sanitario-de-teutonia\/#primaryimage","url":"https:\/\/folhapopular.info\/wp-content\/uploads\/2018\/08\/Secret\u00e1rio-de-Agricultura-e-Meio-Ambiente-Gilson-Hollmann-recepcionou-os-alunos-e1533835100250.jpg","contentUrl":"https:\/\/folhapopular.info\/wp-content\/uploads\/2018\/08\/Secret\u00e1rio-de-Agricultura-e-Meio-Ambiente-Gilson-Hollmann-recepcionou-os-alunos-e1533835100250.jpg","width":800,"height":600,"caption":"Secret\u00e1rio de Agricultura e Meio Ambiente, Gilson Hollmann, recepcionou os alunos\/Cr\u00e9dito da foto: Larissa Santos\/divulga\u00e7\u00e3o"},{"@type":"BreadcrumbList","@id":"https:\/\/folhapopular.info\/index.php\/2018\/08\/09\/escolas-estaduais-visitam-aterro-sanitario-de-teutonia\/#breadcrumb","itemListElement":[{"@type":"ListItem","position":1,"name":"In\u00edcio","item":"https:\/\/folhapopular.info\/"},{"@type":"ListItem","position":2,"name":"Escolas estaduais visitam aterro sanit\u00e1rio de Teut\u00f4nia"}]},{"@type":"WebSite","@id":"https:\/\/folhapopular.info\/#website","url":"https:\/\/folhapopular.info\/","name":"Folha Popular","description":"Onde voc\u00ea tem vez e voz","potentialAction":[{"@type":"SearchAction","target":{"@type":"EntryPoint","urlTemplate":"https:\/\/folhapopular.info\/?s={search_term_string}"},"query-input":{"@type":"PropertyValueSpecification","valueRequired":true,"valueName":"search_term_string"}}],"inLanguage":"pt-BR"},{"@type":"Person","@id":"https:\/\/folhapopular.info\/#\/schema\/person\/2814e8a0df7643585a9ca38bc6eb9d4b","name":"Reda\u00e7\u00e3o Folha Popular","image":{"@type":"ImageObject","inLanguage":"pt-BR","@id":"https:\/\/folhapopular.info\/wp-content\/uploads\/2026\/04\/Folha-1.webp","url":"https:\/\/folhapopular.info\/wp-content\/uploads\/2026\/04\/Folha-1.webp","contentUrl":"https:\/\/folhapopular.info\/wp-content\/uploads\/2026\/04\/Folha-1.webp","caption":"Reda\u00e7\u00e3o Folha Popular"},"url":"https:\/\/folhapopular.info\/index.php\/author\/redacao\/"}]}},"jetpack_featured_media_url":"https:\/\/folhapopular.info\/wp-content\/uploads\/2018\/08\/Secret\u00e1rio-de-Agricultura-e-Meio-Ambiente-Gilson-Hollmann-recepcionou-os-alunos-e1533835100250.jpg","jetpack_sharing_enabled":true,"amp_enabled":true,"_links":{"self":[{"href":"https:\/\/folhapopular.info\/index.php\/wp-json\/wp\/v2\/posts\/46856","targetHints":{"allow":["GET"]}}],"collection":[{"href":"https:\/\/folhapopular.info\/index.php\/wp-json\/wp\/v2\/posts"}],"about":[{"href":"https:\/\/folhapopular.info\/index.php\/wp-json\/wp\/v2\/types\/post"}],"author":[{"embeddable":true,"href":"https:\/\/folhapopular.info\/index.php\/wp-json\/wp\/v2\/users\/8"}],"replies":[{"embeddable":true,"href":"https:\/\/folhapopular.info\/index.php\/wp-json\/wp\/v2\/comments?post=46856"}],"version-history":[{"count":0,"href":"https:\/\/folhapopular.info\/index.php\/wp-json\/wp\/v2\/posts\/46856\/revisions"}],"wp:featuredmedia":[{"embeddable":true,"href":"https:\/\/folhapopular.info\/index.php\/wp-json\/wp\/v2\/media\/46857"}],"wp:attachment":[{"href":"https:\/\/folhapopular.info\/index.php\/wp-json\/wp\/v2\/media?parent=46856"}],"wp:term":[{"taxonomy":"category","embeddable":true,"href":"https:\/\/folhapopular.info\/index.php\/wp-json\/wp\/v2\/categories?post=46856"},{"taxonomy":"post_tag","embeddable":true,"href":"https:\/\/folhapopular.info\/index.php\/wp-json\/wp\/v2\/tags?post=46856"}],"curies":[{"name":"wp","href":"https:\/\/api.w.org\/{rel}","templated":true}]}}