{"id":47054,"date":"2018-08-17T08:00:42","date_gmt":"2018-08-17T11:00:42","guid":{"rendered":"http:\/\/folhapopular.info\/?p=47054"},"modified":"2018-08-17T08:09:46","modified_gmt":"2018-08-17T11:09:46","slug":"calcadas-da-rua-julio-de-castilhos-em-lajeado-estao-recebendo-melhorias","status":"publish","type":"post","link":"https:\/\/folhapopular.info\/index.php\/2018\/08\/17\/calcadas-da-rua-julio-de-castilhos-em-lajeado-estao-recebendo-melhorias\/","title":{"rendered":"Cal\u00e7adas da rua J\u00falio de Castilhos, em Lajeado, est\u00e3o recebendo melhorias"},"content":{"rendered":"<p>Come\u00e7aram esta semana os reparos numa das vias mais movimentadas da cidade, a rua J\u00falio de Castilhos. As reformas est\u00e3o sendo feitas pela Prefeitura Municipal de Lajeado, por meio da Secretaria de Obras e Servi\u00e7os P\u00fablicos (Seosp).<\/p>\n<p>As reformas consistem na fixa\u00e7\u00e3o das lajes que est\u00e3o soltas, na remo\u00e7\u00e3o das lajotas quebradas e na reposi\u00e7\u00e3o de novas. Al\u00e9m de embelezar a cal\u00e7ada, as melhorias est\u00e3o sendo feitas para evitar que a \u00e1gua da chuva acumule entre as lajes. As reformula\u00e7\u00f5es tamb\u00e9m permitem melhores condi\u00e7\u00f5es de trafegabilidade e de seguran\u00e7a para os pedestres.<\/p>\n<p>As cal\u00e7adas em geral s\u00e3o de responsabilidade dos propriet\u00e1rios dos terrenos, mas no caso da J\u00falio, por tratar-se da principal rua do munic\u00edpio e a mais movimentada, a Prefeitura encaminhou projeto de lei para fazer as reformas. O projeto foi aprovado pela C\u00e2mara de Vereadores.<\/p>\n<p>As obras iniciaram na esquina da J\u00falio com a Avenida Alberto Pasqualini e se estender\u00e3o por 11 quadras,\u00a0nos dois lados da rua,\u00a0at\u00e9 a rua Marechal Deodoro. A previs\u00e3o de t\u00e9rmino \u00e9 de 14 dias se o clima seco permanecer\u00e1.<\/p>\n","protected":false},"excerpt":{"rendered":"<p>Come\u00e7aram esta semana os reparos numa das vias mais movimentadas da cidade, a rua J\u00falio de Castilhos. As reformas est\u00e3o sendo feitas pela Prefeitura Municipal de Lajeado, por meio da Secretaria de Obras e Servi\u00e7os P\u00fablicos (Seosp). As reformas consistem na fixa\u00e7\u00e3o das lajes que est\u00e3o soltas, na remo\u00e7\u00e3o das lajotas quebradas e na reposi\u00e7\u00e3o [&hellip;]<\/p>\n","protected":false},"author":8,"featured_media":47055,"comment_status":"open","ping_status":"open","sticky":false,"template":"","format":"standard","meta":{"pmpro_default_level":"","_jetpack_memberships_contains_paid_content":false,"footnotes":""},"categories":[3],"tags":[3225,3226,27,32],"class_list":{"0":"post-47054","1":"post","2":"type-post","3":"status-publish","4":"format-standard","5":"has-post-thumbnail","7":"category-geral","8":"tag-calcadas","9":"tag-julio-de-castilhos","10":"tag-lajeado","11":"tag-obras","12":"pmpro-has-access"},"yoast_head":"<!-- This site is optimized with the Yoast SEO plugin v27.5 - https:\/\/yoast.com\/product\/yoast-seo-wordpress\/ -->\n<title>Cal\u00e7adas da rua J\u00falio de Castilhos, em Lajeado, est\u00e3o recebendo melhorias - Folha Popular<\/title>\n<meta name=\"robots\" content=\"index, follow, max-snippet:-1, max-image-preview:large, max-video-preview:-1\" \/>\n<link rel=\"canonical\" href=\"https:\/\/folhapopular.info\/index.php\/2018\/08\/17\/calcadas-da-rua-julio-de-castilhos-em-lajeado-estao-recebendo-melhorias\/\" \/>\n<meta property=\"og:locale\" content=\"pt_BR\" \/>\n<meta property=\"og:type\" content=\"article\" \/>\n<meta property=\"og:title\" content=\"Cal\u00e7adas da rua J\u00falio de Castilhos, em Lajeado, est\u00e3o recebendo melhorias - Folha Popular\" \/>\n<meta property=\"og:description\" content=\"Come\u00e7aram esta semana os reparos numa das vias mais movimentadas da cidade, a rua J\u00falio de Castilhos. As reformas est\u00e3o sendo feitas pela Prefeitura Municipal de Lajeado, por meio da Secretaria de Obras e Servi\u00e7os P\u00fablicos (Seosp). As reformas consistem na fixa\u00e7\u00e3o das lajes que est\u00e3o soltas, na remo\u00e7\u00e3o das lajotas quebradas e na reposi\u00e7\u00e3o [&hellip;]\" \/>\n<meta property=\"og:url\" content=\"https:\/\/folhapopular.info\/index.php\/2018\/08\/17\/calcadas-da-rua-julio-de-castilhos-em-lajeado-estao-recebendo-melhorias\/\" \/>\n<meta property=\"og:site_name\" content=\"Folha Popular\" \/>\n<meta property=\"article:published_time\" content=\"2018-08-17T11:00:42+00:00\" \/>\n<meta property=\"article:modified_time\" content=\"2018-08-17T11:09:46+00:00\" \/>\n<meta property=\"og:image\" content=\"https:\/\/folhapopular.info\/wp-content\/uploads\/2018\/08\/IMG_1626-e1534504175739.jpg\" \/>\n\t<meta property=\"og:image:width\" content=\"800\" \/>\n\t<meta property=\"og:image:height\" content=\"537\" \/>\n\t<meta property=\"og:image:type\" content=\"image\/jpeg\" \/>\n<meta name=\"author\" content=\"Reda\u00e7\u00e3o Folha Popular\" \/>\n<meta name=\"twitter:card\" content=\"summary_large_image\" \/>\n<meta name=\"twitter:label1\" content=\"Escrito por\" \/>\n\t<meta name=\"twitter:data1\" content=\"Reda\u00e7\u00e3o Folha Popular\" \/>\n\t<meta name=\"twitter:label2\" content=\"Est. tempo de leitura\" \/>\n\t<meta name=\"twitter:data2\" content=\"1 minuto\" \/>\n<script type=\"application\/ld+json\" class=\"yoast-schema-graph\">{\"@context\":\"https:\\\/\\\/schema.org\",\"@graph\":[{\"@type\":\"Article\",\"@id\":\"https:\\\/\\\/folhapopular.info\\\/index.php\\\/2018\\\/08\\\/17\\\/calcadas-da-rua-julio-de-castilhos-em-lajeado-estao-recebendo-melhorias\\\/#article\",\"isPartOf\":{\"@id\":\"https:\\\/\\\/folhapopular.info\\\/index.php\\\/2018\\\/08\\\/17\\\/calcadas-da-rua-julio-de-castilhos-em-lajeado-estao-recebendo-melhorias\\\/\"},\"author\":{\"name\":\"Reda\u00e7\u00e3o Folha Popular\",\"@id\":\"https:\\\/\\\/folhapopular.info\\\/#\\\/schema\\\/person\\\/2814e8a0df7643585a9ca38bc6eb9d4b\"},\"headline\":\"Cal\u00e7adas da rua J\u00falio de Castilhos, em Lajeado, est\u00e3o recebendo melhorias\",\"datePublished\":\"2018-08-17T11:00:42+00:00\",\"dateModified\":\"2018-08-17T11:09:46+00:00\",\"mainEntityOfPage\":{\"@id\":\"https:\\\/\\\/folhapopular.info\\\/index.php\\\/2018\\\/08\\\/17\\\/calcadas-da-rua-julio-de-castilhos-em-lajeado-estao-recebendo-melhorias\\\/\"},\"wordCount\":215,\"commentCount\":0,\"image\":{\"@id\":\"https:\\\/\\\/folhapopular.info\\\/index.php\\\/2018\\\/08\\\/17\\\/calcadas-da-rua-julio-de-castilhos-em-lajeado-estao-recebendo-melhorias\\\/#primaryimage\"},\"thumbnailUrl\":\"https:\\\/\\\/folhapopular.info\\\/wp-content\\\/uploads\\\/2018\\\/08\\\/IMG_1626-e1534504175739.jpg\",\"keywords\":[\"Cal\u00e7adas\",\"Julio de Castilhos\",\"Lajeado\",\"Obras\"],\"articleSection\":[\"Geral\"],\"inLanguage\":\"pt-BR\",\"potentialAction\":[{\"@type\":\"CommentAction\",\"name\":\"Comment\",\"target\":[\"https:\\\/\\\/folhapopular.info\\\/index.php\\\/2018\\\/08\\\/17\\\/calcadas-da-rua-julio-de-castilhos-em-lajeado-estao-recebendo-melhorias\\\/#respond\"]}]},{\"@type\":\"WebPage\",\"@id\":\"https:\\\/\\\/folhapopular.info\\\/index.php\\\/2018\\\/08\\\/17\\\/calcadas-da-rua-julio-de-castilhos-em-lajeado-estao-recebendo-melhorias\\\/\",\"url\":\"https:\\\/\\\/folhapopular.info\\\/index.php\\\/2018\\\/08\\\/17\\\/calcadas-da-rua-julio-de-castilhos-em-lajeado-estao-recebendo-melhorias\\\/\",\"name\":\"Cal\u00e7adas da rua J\u00falio de Castilhos, em Lajeado, est\u00e3o recebendo melhorias - Folha Popular\",\"isPartOf\":{\"@id\":\"https:\\\/\\\/folhapopular.info\\\/#website\"},\"primaryImageOfPage\":{\"@id\":\"https:\\\/\\\/folhapopular.info\\\/index.php\\\/2018\\\/08\\\/17\\\/calcadas-da-rua-julio-de-castilhos-em-lajeado-estao-recebendo-melhorias\\\/#primaryimage\"},\"image\":{\"@id\":\"https:\\\/\\\/folhapopular.info\\\/index.php\\\/2018\\\/08\\\/17\\\/calcadas-da-rua-julio-de-castilhos-em-lajeado-estao-recebendo-melhorias\\\/#primaryimage\"},\"thumbnailUrl\":\"https:\\\/\\\/folhapopular.info\\\/wp-content\\\/uploads\\\/2018\\\/08\\\/IMG_1626-e1534504175739.jpg\",\"datePublished\":\"2018-08-17T11:00:42+00:00\",\"dateModified\":\"2018-08-17T11:09:46+00:00\",\"author\":{\"@id\":\"https:\\\/\\\/folhapopular.info\\\/#\\\/schema\\\/person\\\/2814e8a0df7643585a9ca38bc6eb9d4b\"},\"breadcrumb\":{\"@id\":\"https:\\\/\\\/folhapopular.info\\\/index.php\\\/2018\\\/08\\\/17\\\/calcadas-da-rua-julio-de-castilhos-em-lajeado-estao-recebendo-melhorias\\\/#breadcrumb\"},\"inLanguage\":\"pt-BR\",\"potentialAction\":[{\"@type\":\"ReadAction\",\"target\":[\"https:\\\/\\\/folhapopular.info\\\/index.php\\\/2018\\\/08\\\/17\\\/calcadas-da-rua-julio-de-castilhos-em-lajeado-estao-recebendo-melhorias\\\/\"]}]},{\"@type\":\"ImageObject\",\"inLanguage\":\"pt-BR\",\"@id\":\"https:\\\/\\\/folhapopular.info\\\/index.php\\\/2018\\\/08\\\/17\\\/calcadas-da-rua-julio-de-castilhos-em-lajeado-estao-recebendo-melhorias\\\/#primaryimage\",\"url\":\"https:\\\/\\\/folhapopular.info\\\/wp-content\\\/uploads\\\/2018\\\/08\\\/IMG_1626-e1534504175739.jpg\",\"contentUrl\":\"https:\\\/\\\/folhapopular.info\\\/wp-content\\\/uploads\\\/2018\\\/08\\\/IMG_1626-e1534504175739.jpg\",\"width\":800,\"height\":537,\"caption\":\"Cr\u00e9dito da foto: Pietra Darde\\\/Divulga\u00e7\u00e3o\"},{\"@type\":\"BreadcrumbList\",\"@id\":\"https:\\\/\\\/folhapopular.info\\\/index.php\\\/2018\\\/08\\\/17\\\/calcadas-da-rua-julio-de-castilhos-em-lajeado-estao-recebendo-melhorias\\\/#breadcrumb\",\"itemListElement\":[{\"@type\":\"ListItem\",\"position\":1,\"name\":\"In\u00edcio\",\"item\":\"https:\\\/\\\/folhapopular.info\\\/\"},{\"@type\":\"ListItem\",\"position\":2,\"name\":\"Cal\u00e7adas da rua J\u00falio de Castilhos, em Lajeado, est\u00e3o recebendo melhorias\"}]},{\"@type\":\"WebSite\",\"@id\":\"https:\\\/\\\/folhapopular.info\\\/#website\",\"url\":\"https:\\\/\\\/folhapopular.info\\\/\",\"name\":\"Folha Popular\",\"description\":\"Onde voc\u00ea tem vez e voz\",\"potentialAction\":[{\"@type\":\"SearchAction\",\"target\":{\"@type\":\"EntryPoint\",\"urlTemplate\":\"https:\\\/\\\/folhapopular.info\\\/?s={search_term_string}\"},\"query-input\":{\"@type\":\"PropertyValueSpecification\",\"valueRequired\":true,\"valueName\":\"search_term_string\"}}],\"inLanguage\":\"pt-BR\"},{\"@type\":\"Person\",\"@id\":\"https:\\\/\\\/folhapopular.info\\\/#\\\/schema\\\/person\\\/2814e8a0df7643585a9ca38bc6eb9d4b\",\"name\":\"Reda\u00e7\u00e3o Folha Popular\",\"image\":{\"@type\":\"ImageObject\",\"inLanguage\":\"pt-BR\",\"@id\":\"https:\\\/\\\/folhapopular.info\\\/wp-content\\\/uploads\\\/2026\\\/04\\\/Folha-1.webp\",\"url\":\"https:\\\/\\\/folhapopular.info\\\/wp-content\\\/uploads\\\/2026\\\/04\\\/Folha-1.webp\",\"contentUrl\":\"https:\\\/\\\/folhapopular.info\\\/wp-content\\\/uploads\\\/2026\\\/04\\\/Folha-1.webp\",\"caption\":\"Reda\u00e7\u00e3o Folha Popular\"},\"url\":\"https:\\\/\\\/folhapopular.info\\\/index.php\\\/author\\\/redacao\\\/\"}]}<\/script>\n<!-- \/ Yoast SEO plugin. -->","yoast_head_json":{"title":"Cal\u00e7adas da rua J\u00falio de Castilhos, em Lajeado, est\u00e3o recebendo melhorias - Folha Popular","robots":{"index":"index","follow":"follow","max-snippet":"max-snippet:-1","max-image-preview":"max-image-preview:large","max-video-preview":"max-video-preview:-1"},"canonical":"https:\/\/folhapopular.info\/index.php\/2018\/08\/17\/calcadas-da-rua-julio-de-castilhos-em-lajeado-estao-recebendo-melhorias\/","og_locale":"pt_BR","og_type":"article","og_title":"Cal\u00e7adas da rua J\u00falio de Castilhos, em Lajeado, est\u00e3o recebendo melhorias - Folha Popular","og_description":"Come\u00e7aram esta semana os reparos numa das vias mais movimentadas da cidade, a rua J\u00falio de Castilhos. As reformas est\u00e3o sendo feitas pela Prefeitura Municipal de Lajeado, por meio da Secretaria de Obras e Servi\u00e7os P\u00fablicos (Seosp). As reformas consistem na fixa\u00e7\u00e3o das lajes que est\u00e3o soltas, na remo\u00e7\u00e3o das lajotas quebradas e na reposi\u00e7\u00e3o [&hellip;]","og_url":"https:\/\/folhapopular.info\/index.php\/2018\/08\/17\/calcadas-da-rua-julio-de-castilhos-em-lajeado-estao-recebendo-melhorias\/","og_site_name":"Folha Popular","article_published_time":"2018-08-17T11:00:42+00:00","article_modified_time":"2018-08-17T11:09:46+00:00","og_image":[{"width":800,"height":537,"url":"https:\/\/folhapopular.info\/wp-content\/uploads\/2018\/08\/IMG_1626-e1534504175739.jpg","type":"image\/jpeg"}],"author":"Reda\u00e7\u00e3o Folha Popular","twitter_card":"summary_large_image","twitter_misc":{"Escrito por":"Reda\u00e7\u00e3o Folha Popular","Est. tempo de leitura":"1 minuto"},"schema":{"@context":"https:\/\/schema.org","@graph":[{"@type":"Article","@id":"https:\/\/folhapopular.info\/index.php\/2018\/08\/17\/calcadas-da-rua-julio-de-castilhos-em-lajeado-estao-recebendo-melhorias\/#article","isPartOf":{"@id":"https:\/\/folhapopular.info\/index.php\/2018\/08\/17\/calcadas-da-rua-julio-de-castilhos-em-lajeado-estao-recebendo-melhorias\/"},"author":{"name":"Reda\u00e7\u00e3o Folha Popular","@id":"https:\/\/folhapopular.info\/#\/schema\/person\/2814e8a0df7643585a9ca38bc6eb9d4b"},"headline":"Cal\u00e7adas da rua J\u00falio de Castilhos, em Lajeado, est\u00e3o recebendo melhorias","datePublished":"2018-08-17T11:00:42+00:00","dateModified":"2018-08-17T11:09:46+00:00","mainEntityOfPage":{"@id":"https:\/\/folhapopular.info\/index.php\/2018\/08\/17\/calcadas-da-rua-julio-de-castilhos-em-lajeado-estao-recebendo-melhorias\/"},"wordCount":215,"commentCount":0,"image":{"@id":"https:\/\/folhapopular.info\/index.php\/2018\/08\/17\/calcadas-da-rua-julio-de-castilhos-em-lajeado-estao-recebendo-melhorias\/#primaryimage"},"thumbnailUrl":"https:\/\/folhapopular.info\/wp-content\/uploads\/2018\/08\/IMG_1626-e1534504175739.jpg","keywords":["Cal\u00e7adas","Julio de Castilhos","Lajeado","Obras"],"articleSection":["Geral"],"inLanguage":"pt-BR","potentialAction":[{"@type":"CommentAction","name":"Comment","target":["https:\/\/folhapopular.info\/index.php\/2018\/08\/17\/calcadas-da-rua-julio-de-castilhos-em-lajeado-estao-recebendo-melhorias\/#respond"]}]},{"@type":"WebPage","@id":"https:\/\/folhapopular.info\/index.php\/2018\/08\/17\/calcadas-da-rua-julio-de-castilhos-em-lajeado-estao-recebendo-melhorias\/","url":"https:\/\/folhapopular.info\/index.php\/2018\/08\/17\/calcadas-da-rua-julio-de-castilhos-em-lajeado-estao-recebendo-melhorias\/","name":"Cal\u00e7adas da rua J\u00falio de Castilhos, em Lajeado, est\u00e3o recebendo melhorias - Folha Popular","isPartOf":{"@id":"https:\/\/folhapopular.info\/#website"},"primaryImageOfPage":{"@id":"https:\/\/folhapopular.info\/index.php\/2018\/08\/17\/calcadas-da-rua-julio-de-castilhos-em-lajeado-estao-recebendo-melhorias\/#primaryimage"},"image":{"@id":"https:\/\/folhapopular.info\/index.php\/2018\/08\/17\/calcadas-da-rua-julio-de-castilhos-em-lajeado-estao-recebendo-melhorias\/#primaryimage"},"thumbnailUrl":"https:\/\/folhapopular.info\/wp-content\/uploads\/2018\/08\/IMG_1626-e1534504175739.jpg","datePublished":"2018-08-17T11:00:42+00:00","dateModified":"2018-08-17T11:09:46+00:00","author":{"@id":"https:\/\/folhapopular.info\/#\/schema\/person\/2814e8a0df7643585a9ca38bc6eb9d4b"},"breadcrumb":{"@id":"https:\/\/folhapopular.info\/index.php\/2018\/08\/17\/calcadas-da-rua-julio-de-castilhos-em-lajeado-estao-recebendo-melhorias\/#breadcrumb"},"inLanguage":"pt-BR","potentialAction":[{"@type":"ReadAction","target":["https:\/\/folhapopular.info\/index.php\/2018\/08\/17\/calcadas-da-rua-julio-de-castilhos-em-lajeado-estao-recebendo-melhorias\/"]}]},{"@type":"ImageObject","inLanguage":"pt-BR","@id":"https:\/\/folhapopular.info\/index.php\/2018\/08\/17\/calcadas-da-rua-julio-de-castilhos-em-lajeado-estao-recebendo-melhorias\/#primaryimage","url":"https:\/\/folhapopular.info\/wp-content\/uploads\/2018\/08\/IMG_1626-e1534504175739.jpg","contentUrl":"https:\/\/folhapopular.info\/wp-content\/uploads\/2018\/08\/IMG_1626-e1534504175739.jpg","width":800,"height":537,"caption":"Cr\u00e9dito da foto: Pietra Darde\/Divulga\u00e7\u00e3o"},{"@type":"BreadcrumbList","@id":"https:\/\/folhapopular.info\/index.php\/2018\/08\/17\/calcadas-da-rua-julio-de-castilhos-em-lajeado-estao-recebendo-melhorias\/#breadcrumb","itemListElement":[{"@type":"ListItem","position":1,"name":"In\u00edcio","item":"https:\/\/folhapopular.info\/"},{"@type":"ListItem","position":2,"name":"Cal\u00e7adas da rua J\u00falio de Castilhos, em Lajeado, est\u00e3o recebendo melhorias"}]},{"@type":"WebSite","@id":"https:\/\/folhapopular.info\/#website","url":"https:\/\/folhapopular.info\/","name":"Folha Popular","description":"Onde voc\u00ea tem vez e voz","potentialAction":[{"@type":"SearchAction","target":{"@type":"EntryPoint","urlTemplate":"https:\/\/folhapopular.info\/?s={search_term_string}"},"query-input":{"@type":"PropertyValueSpecification","valueRequired":true,"valueName":"search_term_string"}}],"inLanguage":"pt-BR"},{"@type":"Person","@id":"https:\/\/folhapopular.info\/#\/schema\/person\/2814e8a0df7643585a9ca38bc6eb9d4b","name":"Reda\u00e7\u00e3o Folha Popular","image":{"@type":"ImageObject","inLanguage":"pt-BR","@id":"https:\/\/folhapopular.info\/wp-content\/uploads\/2026\/04\/Folha-1.webp","url":"https:\/\/folhapopular.info\/wp-content\/uploads\/2026\/04\/Folha-1.webp","contentUrl":"https:\/\/folhapopular.info\/wp-content\/uploads\/2026\/04\/Folha-1.webp","caption":"Reda\u00e7\u00e3o Folha Popular"},"url":"https:\/\/folhapopular.info\/index.php\/author\/redacao\/"}]}},"jetpack_featured_media_url":"https:\/\/folhapopular.info\/wp-content\/uploads\/2018\/08\/IMG_1626-e1534504175739.jpg","jetpack_sharing_enabled":true,"amp_enabled":true,"_links":{"self":[{"href":"https:\/\/folhapopular.info\/index.php\/wp-json\/wp\/v2\/posts\/47054","targetHints":{"allow":["GET"]}}],"collection":[{"href":"https:\/\/folhapopular.info\/index.php\/wp-json\/wp\/v2\/posts"}],"about":[{"href":"https:\/\/folhapopular.info\/index.php\/wp-json\/wp\/v2\/types\/post"}],"author":[{"embeddable":true,"href":"https:\/\/folhapopular.info\/index.php\/wp-json\/wp\/v2\/users\/8"}],"replies":[{"embeddable":true,"href":"https:\/\/folhapopular.info\/index.php\/wp-json\/wp\/v2\/comments?post=47054"}],"version-history":[{"count":0,"href":"https:\/\/folhapopular.info\/index.php\/wp-json\/wp\/v2\/posts\/47054\/revisions"}],"wp:featuredmedia":[{"embeddable":true,"href":"https:\/\/folhapopular.info\/index.php\/wp-json\/wp\/v2\/media\/47055"}],"wp:attachment":[{"href":"https:\/\/folhapopular.info\/index.php\/wp-json\/wp\/v2\/media?parent=47054"}],"wp:term":[{"taxonomy":"category","embeddable":true,"href":"https:\/\/folhapopular.info\/index.php\/wp-json\/wp\/v2\/categories?post=47054"},{"taxonomy":"post_tag","embeddable":true,"href":"https:\/\/folhapopular.info\/index.php\/wp-json\/wp\/v2\/tags?post=47054"}],"curies":[{"name":"wp","href":"https:\/\/api.w.org\/{rel}","templated":true}]}}