{"id":47077,"date":"2018-08-18T09:00:20","date_gmt":"2018-08-18T12:00:20","guid":{"rendered":"http:\/\/folhapopular.info\/?p=47077"},"modified":"2018-08-17T16:13:11","modified_gmt":"2018-08-17T19:13:11","slug":"tenda-da-cidadania-aproxima-assistencia-social-da-comunidade-2","status":"publish","type":"post","link":"https:\/\/folhapopular.info\/index.php\/2018\/08\/18\/tenda-da-cidadania-aproxima-assistencia-social-da-comunidade-2\/","title":{"rendered":"Tenda da Cidadania aproxima Assist\u00eancia Social da comunidade"},"content":{"rendered":"<p>Com o objetivo de aproximar os servi\u00e7os da Secretaria de Assist\u00eancia Social e do Centro de Refer\u00eancia de Assist\u00eancia Social (Cras) da comunidade, ocorreu, nesta semana, a segunda edi\u00e7\u00e3o da Tenda da Cidadania. Desta vez, a iniciativa foi realizada em frente ao Centro de Refer\u00eancia Especializado de Assist\u00eancia Social (Creas), no Bairro Canabarro, e oportunizou aos mun\u00edcipes da regi\u00e3o a atualiza\u00e7\u00e3o do Cadastro \u00danico. Assim, os benefici\u00e1rios de programas sociais podem continuar usufruindo os mesmos, bem como receber atendimentos da Assist\u00eancia Social.<\/p>\n<p>A a\u00e7\u00e3o ocorreu na ter\u00e7a-feira, dia 14 de agosto, e nesta quinta-feira, dia 16 de agosto. Enquanto aguardavam para serem atendidas, as fam\u00edlias puderam assistir um breve v\u00eddeo sobre os diversos servi\u00e7os prestados pelo Cras, bem como esclarecer d\u00favidas sobre o Cadastro \u00danico. Para as crian\u00e7as, foi oferecido um espa\u00e7o l\u00fadico.<\/p>\n<p>Segundo a coordenadora do Cras, Suzana Kilpp Dickel, com a Tenda da Cidadania se oportuniza que todos os benefici\u00e1rios de programas sociais tenham a oportunidade de atualizar seus dados no Cadastro \u00danico, tendo em vista o hor\u00e1rio diferenciado e a proximidade com a comunidade. \u201cNem todos tem disponibilidade de locomo\u00e7\u00e3o ou de hor\u00e1rios para vir at\u00e9 n\u00f3s. Com a Tenda da Cidadania, n\u00f3s vamos at\u00e9 o territ\u00f3rio familiar. E, muito mais que uma oportunidade para atualizar o seu cadastro, a comunidade pode conhecer melhor seus direitos e as in\u00fameras a\u00e7\u00f5es que desenvolvemos em prol dela\u201d, ressaltou.<\/p>\n<p>O subsecret\u00e1rio de Assist\u00eancia Social, \u00c9dson Bonet, tamb\u00e9m observou a import\u00e2ncia da Tenda da Cidadania. \u201cA Assist\u00eancia Social precisa estar mais perto da comunidade, de olhar com carinho para cada cidad\u00e3o. A Tenda da Cidadania oportuniza este processo, pois aproximamos o nosso servi\u00e7o a aqueles que t\u00eam dificuldades de chegar at\u00e9 n\u00f3s\u201d, exp\u00f4s.<\/p>\n<p>Outros bairros e localidades tamb\u00e9m devem receber a Tenda da Cidadania em breve. O calend\u00e1rio ainda est\u00e1 sendo definido.<\/p>\n","protected":false},"excerpt":{"rendered":"<p>Com o objetivo de aproximar os servi\u00e7os da Secretaria de Assist\u00eancia Social e do Centro de Refer\u00eancia de Assist\u00eancia Social (Cras) da comunidade, ocorreu, nesta semana, a segunda edi\u00e7\u00e3o da Tenda da Cidadania. Desta vez, a iniciativa foi realizada em frente ao Centro de Refer\u00eancia Especializado de Assist\u00eancia Social (Creas), no Bairro Canabarro, e oportunizou [&hellip;]<\/p>\n","protected":false},"author":8,"featured_media":47078,"comment_status":"open","ping_status":"open","sticky":false,"template":"","format":"standard","meta":{"pmpro_default_level":"","_jetpack_memberships_contains_paid_content":false,"footnotes":""},"categories":[3],"tags":[35,2590,26],"class_list":{"0":"post-47077","1":"post","2":"type-post","3":"status-publish","4":"format-standard","5":"has-post-thumbnail","7":"category-geral","8":"tag-assistencia-social","9":"tag-tenda-da-cidadania","10":"tag-teutonia","11":"pmpro-has-access"},"yoast_head":"<!-- This site is optimized with the Yoast SEO plugin v27.5 - https:\/\/yoast.com\/product\/yoast-seo-wordpress\/ -->\n<title>Tenda da Cidadania aproxima Assist\u00eancia Social da comunidade - Folha Popular<\/title>\n<meta name=\"robots\" content=\"index, follow, max-snippet:-1, max-image-preview:large, max-video-preview:-1\" \/>\n<link rel=\"canonical\" href=\"https:\/\/folhapopular.info\/index.php\/2018\/08\/18\/tenda-da-cidadania-aproxima-assistencia-social-da-comunidade-2\/\" \/>\n<meta property=\"og:locale\" content=\"pt_BR\" \/>\n<meta property=\"og:type\" content=\"article\" \/>\n<meta property=\"og:title\" content=\"Tenda da Cidadania aproxima Assist\u00eancia Social da comunidade - Folha Popular\" \/>\n<meta property=\"og:description\" content=\"Com o objetivo de aproximar os servi\u00e7os da Secretaria de Assist\u00eancia Social e do Centro de Refer\u00eancia de Assist\u00eancia Social (Cras) da comunidade, ocorreu, nesta semana, a segunda edi\u00e7\u00e3o da Tenda da Cidadania. Desta vez, a iniciativa foi realizada em frente ao Centro de Refer\u00eancia Especializado de Assist\u00eancia Social (Creas), no Bairro Canabarro, e oportunizou [&hellip;]\" \/>\n<meta property=\"og:url\" content=\"https:\/\/folhapopular.info\/index.php\/2018\/08\/18\/tenda-da-cidadania-aproxima-assistencia-social-da-comunidade-2\/\" \/>\n<meta property=\"og:site_name\" content=\"Folha Popular\" \/>\n<meta property=\"article:published_time\" content=\"2018-08-18T12:00:20+00:00\" \/>\n<meta property=\"og:image\" content=\"https:\/\/folhapopular.info\/wp-content\/uploads\/2018\/08\/Comunidade-pode-conhecer-tamb\u00e9m-as-diversas-a\u00e7\u00f5es-desenvolvidas-pelo-Cras-e1534533163784.jpg\" \/>\n\t<meta property=\"og:image:width\" content=\"800\" \/>\n\t<meta property=\"og:image:height\" content=\"600\" \/>\n\t<meta property=\"og:image:type\" content=\"image\/jpeg\" \/>\n<meta name=\"author\" content=\"Reda\u00e7\u00e3o Folha Popular\" \/>\n<meta name=\"twitter:card\" content=\"summary_large_image\" \/>\n<meta name=\"twitter:label1\" content=\"Escrito por\" \/>\n\t<meta name=\"twitter:data1\" content=\"Reda\u00e7\u00e3o Folha Popular\" \/>\n\t<meta name=\"twitter:label2\" content=\"Est. tempo de leitura\" \/>\n\t<meta name=\"twitter:data2\" content=\"2 minutos\" \/>\n<script type=\"application\/ld+json\" class=\"yoast-schema-graph\">{\"@context\":\"https:\\\/\\\/schema.org\",\"@graph\":[{\"@type\":\"Article\",\"@id\":\"https:\\\/\\\/folhapopular.info\\\/index.php\\\/2018\\\/08\\\/18\\\/tenda-da-cidadania-aproxima-assistencia-social-da-comunidade-2\\\/#article\",\"isPartOf\":{\"@id\":\"https:\\\/\\\/folhapopular.info\\\/index.php\\\/2018\\\/08\\\/18\\\/tenda-da-cidadania-aproxima-assistencia-social-da-comunidade-2\\\/\"},\"author\":{\"name\":\"Reda\u00e7\u00e3o Folha Popular\",\"@id\":\"https:\\\/\\\/folhapopular.info\\\/#\\\/schema\\\/person\\\/2814e8a0df7643585a9ca38bc6eb9d4b\"},\"headline\":\"Tenda da Cidadania aproxima Assist\u00eancia Social da comunidade\",\"datePublished\":\"2018-08-18T12:00:20+00:00\",\"mainEntityOfPage\":{\"@id\":\"https:\\\/\\\/folhapopular.info\\\/index.php\\\/2018\\\/08\\\/18\\\/tenda-da-cidadania-aproxima-assistencia-social-da-comunidade-2\\\/\"},\"wordCount\":350,\"commentCount\":0,\"image\":{\"@id\":\"https:\\\/\\\/folhapopular.info\\\/index.php\\\/2018\\\/08\\\/18\\\/tenda-da-cidadania-aproxima-assistencia-social-da-comunidade-2\\\/#primaryimage\"},\"thumbnailUrl\":\"https:\\\/\\\/folhapopular.info\\\/wp-content\\\/uploads\\\/2018\\\/08\\\/Comunidade-pode-conhecer-tamb\u00e9m-as-diversas-a\u00e7\u00f5es-desenvolvidas-pelo-Cras-e1534533163784.jpg\",\"keywords\":[\"Assist\u00eancia Social\",\"Tenda da Cidadania\",\"Teut\u00f4nia\"],\"articleSection\":[\"Geral\"],\"inLanguage\":\"pt-BR\",\"potentialAction\":[{\"@type\":\"CommentAction\",\"name\":\"Comment\",\"target\":[\"https:\\\/\\\/folhapopular.info\\\/index.php\\\/2018\\\/08\\\/18\\\/tenda-da-cidadania-aproxima-assistencia-social-da-comunidade-2\\\/#respond\"]}]},{\"@type\":\"WebPage\",\"@id\":\"https:\\\/\\\/folhapopular.info\\\/index.php\\\/2018\\\/08\\\/18\\\/tenda-da-cidadania-aproxima-assistencia-social-da-comunidade-2\\\/\",\"url\":\"https:\\\/\\\/folhapopular.info\\\/index.php\\\/2018\\\/08\\\/18\\\/tenda-da-cidadania-aproxima-assistencia-social-da-comunidade-2\\\/\",\"name\":\"Tenda da Cidadania aproxima Assist\u00eancia Social da comunidade - Folha Popular\",\"isPartOf\":{\"@id\":\"https:\\\/\\\/folhapopular.info\\\/#website\"},\"primaryImageOfPage\":{\"@id\":\"https:\\\/\\\/folhapopular.info\\\/index.php\\\/2018\\\/08\\\/18\\\/tenda-da-cidadania-aproxima-assistencia-social-da-comunidade-2\\\/#primaryimage\"},\"image\":{\"@id\":\"https:\\\/\\\/folhapopular.info\\\/index.php\\\/2018\\\/08\\\/18\\\/tenda-da-cidadania-aproxima-assistencia-social-da-comunidade-2\\\/#primaryimage\"},\"thumbnailUrl\":\"https:\\\/\\\/folhapopular.info\\\/wp-content\\\/uploads\\\/2018\\\/08\\\/Comunidade-pode-conhecer-tamb\u00e9m-as-diversas-a\u00e7\u00f5es-desenvolvidas-pelo-Cras-e1534533163784.jpg\",\"datePublished\":\"2018-08-18T12:00:20+00:00\",\"author\":{\"@id\":\"https:\\\/\\\/folhapopular.info\\\/#\\\/schema\\\/person\\\/2814e8a0df7643585a9ca38bc6eb9d4b\"},\"breadcrumb\":{\"@id\":\"https:\\\/\\\/folhapopular.info\\\/index.php\\\/2018\\\/08\\\/18\\\/tenda-da-cidadania-aproxima-assistencia-social-da-comunidade-2\\\/#breadcrumb\"},\"inLanguage\":\"pt-BR\",\"potentialAction\":[{\"@type\":\"ReadAction\",\"target\":[\"https:\\\/\\\/folhapopular.info\\\/index.php\\\/2018\\\/08\\\/18\\\/tenda-da-cidadania-aproxima-assistencia-social-da-comunidade-2\\\/\"]}]},{\"@type\":\"ImageObject\",\"inLanguage\":\"pt-BR\",\"@id\":\"https:\\\/\\\/folhapopular.info\\\/index.php\\\/2018\\\/08\\\/18\\\/tenda-da-cidadania-aproxima-assistencia-social-da-comunidade-2\\\/#primaryimage\",\"url\":\"https:\\\/\\\/folhapopular.info\\\/wp-content\\\/uploads\\\/2018\\\/08\\\/Comunidade-pode-conhecer-tamb\u00e9m-as-diversas-a\u00e7\u00f5es-desenvolvidas-pelo-Cras-e1534533163784.jpg\",\"contentUrl\":\"https:\\\/\\\/folhapopular.info\\\/wp-content\\\/uploads\\\/2018\\\/08\\\/Comunidade-pode-conhecer-tamb\u00e9m-as-diversas-a\u00e7\u00f5es-desenvolvidas-pelo-Cras-e1534533163784.jpg\",\"width\":800,\"height\":600,\"caption\":\"Comunidade pode conhecer, tamb\u00e9m, as diversas a\u00e7\u00f5es desenvolvidas pelo Cras\\\/Cr\u00e9dito da foto: \u00c9dson Lu\u00eds Schaeffer\\\/Divulga\u00e7\u00e3o\"},{\"@type\":\"BreadcrumbList\",\"@id\":\"https:\\\/\\\/folhapopular.info\\\/index.php\\\/2018\\\/08\\\/18\\\/tenda-da-cidadania-aproxima-assistencia-social-da-comunidade-2\\\/#breadcrumb\",\"itemListElement\":[{\"@type\":\"ListItem\",\"position\":1,\"name\":\"In\u00edcio\",\"item\":\"https:\\\/\\\/folhapopular.info\\\/\"},{\"@type\":\"ListItem\",\"position\":2,\"name\":\"Tenda da Cidadania aproxima Assist\u00eancia Social da comunidade\"}]},{\"@type\":\"WebSite\",\"@id\":\"https:\\\/\\\/folhapopular.info\\\/#website\",\"url\":\"https:\\\/\\\/folhapopular.info\\\/\",\"name\":\"Folha Popular\",\"description\":\"Onde voc\u00ea tem vez e voz\",\"potentialAction\":[{\"@type\":\"SearchAction\",\"target\":{\"@type\":\"EntryPoint\",\"urlTemplate\":\"https:\\\/\\\/folhapopular.info\\\/?s={search_term_string}\"},\"query-input\":{\"@type\":\"PropertyValueSpecification\",\"valueRequired\":true,\"valueName\":\"search_term_string\"}}],\"inLanguage\":\"pt-BR\"},{\"@type\":\"Person\",\"@id\":\"https:\\\/\\\/folhapopular.info\\\/#\\\/schema\\\/person\\\/2814e8a0df7643585a9ca38bc6eb9d4b\",\"name\":\"Reda\u00e7\u00e3o Folha Popular\",\"image\":{\"@type\":\"ImageObject\",\"inLanguage\":\"pt-BR\",\"@id\":\"https:\\\/\\\/folhapopular.info\\\/wp-content\\\/uploads\\\/2026\\\/04\\\/Folha-1.webp\",\"url\":\"https:\\\/\\\/folhapopular.info\\\/wp-content\\\/uploads\\\/2026\\\/04\\\/Folha-1.webp\",\"contentUrl\":\"https:\\\/\\\/folhapopular.info\\\/wp-content\\\/uploads\\\/2026\\\/04\\\/Folha-1.webp\",\"caption\":\"Reda\u00e7\u00e3o Folha Popular\"},\"url\":\"https:\\\/\\\/folhapopular.info\\\/index.php\\\/author\\\/redacao\\\/\"}]}<\/script>\n<!-- \/ Yoast SEO plugin. -->","yoast_head_json":{"title":"Tenda da Cidadania aproxima Assist\u00eancia Social da comunidade - Folha Popular","robots":{"index":"index","follow":"follow","max-snippet":"max-snippet:-1","max-image-preview":"max-image-preview:large","max-video-preview":"max-video-preview:-1"},"canonical":"https:\/\/folhapopular.info\/index.php\/2018\/08\/18\/tenda-da-cidadania-aproxima-assistencia-social-da-comunidade-2\/","og_locale":"pt_BR","og_type":"article","og_title":"Tenda da Cidadania aproxima Assist\u00eancia Social da comunidade - Folha Popular","og_description":"Com o objetivo de aproximar os servi\u00e7os da Secretaria de Assist\u00eancia Social e do Centro de Refer\u00eancia de Assist\u00eancia Social (Cras) da comunidade, ocorreu, nesta semana, a segunda edi\u00e7\u00e3o da Tenda da Cidadania. Desta vez, a iniciativa foi realizada em frente ao Centro de Refer\u00eancia Especializado de Assist\u00eancia Social (Creas), no Bairro Canabarro, e oportunizou [&hellip;]","og_url":"https:\/\/folhapopular.info\/index.php\/2018\/08\/18\/tenda-da-cidadania-aproxima-assistencia-social-da-comunidade-2\/","og_site_name":"Folha Popular","article_published_time":"2018-08-18T12:00:20+00:00","og_image":[{"width":800,"height":600,"url":"https:\/\/folhapopular.info\/wp-content\/uploads\/2018\/08\/Comunidade-pode-conhecer-tamb\u00e9m-as-diversas-a\u00e7\u00f5es-desenvolvidas-pelo-Cras-e1534533163784.jpg","type":"image\/jpeg"}],"author":"Reda\u00e7\u00e3o Folha Popular","twitter_card":"summary_large_image","twitter_misc":{"Escrito por":"Reda\u00e7\u00e3o Folha Popular","Est. tempo de leitura":"2 minutos"},"schema":{"@context":"https:\/\/schema.org","@graph":[{"@type":"Article","@id":"https:\/\/folhapopular.info\/index.php\/2018\/08\/18\/tenda-da-cidadania-aproxima-assistencia-social-da-comunidade-2\/#article","isPartOf":{"@id":"https:\/\/folhapopular.info\/index.php\/2018\/08\/18\/tenda-da-cidadania-aproxima-assistencia-social-da-comunidade-2\/"},"author":{"name":"Reda\u00e7\u00e3o Folha Popular","@id":"https:\/\/folhapopular.info\/#\/schema\/person\/2814e8a0df7643585a9ca38bc6eb9d4b"},"headline":"Tenda da Cidadania aproxima Assist\u00eancia Social da comunidade","datePublished":"2018-08-18T12:00:20+00:00","mainEntityOfPage":{"@id":"https:\/\/folhapopular.info\/index.php\/2018\/08\/18\/tenda-da-cidadania-aproxima-assistencia-social-da-comunidade-2\/"},"wordCount":350,"commentCount":0,"image":{"@id":"https:\/\/folhapopular.info\/index.php\/2018\/08\/18\/tenda-da-cidadania-aproxima-assistencia-social-da-comunidade-2\/#primaryimage"},"thumbnailUrl":"https:\/\/folhapopular.info\/wp-content\/uploads\/2018\/08\/Comunidade-pode-conhecer-tamb\u00e9m-as-diversas-a\u00e7\u00f5es-desenvolvidas-pelo-Cras-e1534533163784.jpg","keywords":["Assist\u00eancia Social","Tenda da Cidadania","Teut\u00f4nia"],"articleSection":["Geral"],"inLanguage":"pt-BR","potentialAction":[{"@type":"CommentAction","name":"Comment","target":["https:\/\/folhapopular.info\/index.php\/2018\/08\/18\/tenda-da-cidadania-aproxima-assistencia-social-da-comunidade-2\/#respond"]}]},{"@type":"WebPage","@id":"https:\/\/folhapopular.info\/index.php\/2018\/08\/18\/tenda-da-cidadania-aproxima-assistencia-social-da-comunidade-2\/","url":"https:\/\/folhapopular.info\/index.php\/2018\/08\/18\/tenda-da-cidadania-aproxima-assistencia-social-da-comunidade-2\/","name":"Tenda da Cidadania aproxima Assist\u00eancia Social da comunidade - Folha Popular","isPartOf":{"@id":"https:\/\/folhapopular.info\/#website"},"primaryImageOfPage":{"@id":"https:\/\/folhapopular.info\/index.php\/2018\/08\/18\/tenda-da-cidadania-aproxima-assistencia-social-da-comunidade-2\/#primaryimage"},"image":{"@id":"https:\/\/folhapopular.info\/index.php\/2018\/08\/18\/tenda-da-cidadania-aproxima-assistencia-social-da-comunidade-2\/#primaryimage"},"thumbnailUrl":"https:\/\/folhapopular.info\/wp-content\/uploads\/2018\/08\/Comunidade-pode-conhecer-tamb\u00e9m-as-diversas-a\u00e7\u00f5es-desenvolvidas-pelo-Cras-e1534533163784.jpg","datePublished":"2018-08-18T12:00:20+00:00","author":{"@id":"https:\/\/folhapopular.info\/#\/schema\/person\/2814e8a0df7643585a9ca38bc6eb9d4b"},"breadcrumb":{"@id":"https:\/\/folhapopular.info\/index.php\/2018\/08\/18\/tenda-da-cidadania-aproxima-assistencia-social-da-comunidade-2\/#breadcrumb"},"inLanguage":"pt-BR","potentialAction":[{"@type":"ReadAction","target":["https:\/\/folhapopular.info\/index.php\/2018\/08\/18\/tenda-da-cidadania-aproxima-assistencia-social-da-comunidade-2\/"]}]},{"@type":"ImageObject","inLanguage":"pt-BR","@id":"https:\/\/folhapopular.info\/index.php\/2018\/08\/18\/tenda-da-cidadania-aproxima-assistencia-social-da-comunidade-2\/#primaryimage","url":"https:\/\/folhapopular.info\/wp-content\/uploads\/2018\/08\/Comunidade-pode-conhecer-tamb\u00e9m-as-diversas-a\u00e7\u00f5es-desenvolvidas-pelo-Cras-e1534533163784.jpg","contentUrl":"https:\/\/folhapopular.info\/wp-content\/uploads\/2018\/08\/Comunidade-pode-conhecer-tamb\u00e9m-as-diversas-a\u00e7\u00f5es-desenvolvidas-pelo-Cras-e1534533163784.jpg","width":800,"height":600,"caption":"Comunidade pode conhecer, tamb\u00e9m, as diversas a\u00e7\u00f5es desenvolvidas pelo Cras\/Cr\u00e9dito da foto: \u00c9dson Lu\u00eds Schaeffer\/Divulga\u00e7\u00e3o"},{"@type":"BreadcrumbList","@id":"https:\/\/folhapopular.info\/index.php\/2018\/08\/18\/tenda-da-cidadania-aproxima-assistencia-social-da-comunidade-2\/#breadcrumb","itemListElement":[{"@type":"ListItem","position":1,"name":"In\u00edcio","item":"https:\/\/folhapopular.info\/"},{"@type":"ListItem","position":2,"name":"Tenda da Cidadania aproxima Assist\u00eancia Social da comunidade"}]},{"@type":"WebSite","@id":"https:\/\/folhapopular.info\/#website","url":"https:\/\/folhapopular.info\/","name":"Folha Popular","description":"Onde voc\u00ea tem vez e voz","potentialAction":[{"@type":"SearchAction","target":{"@type":"EntryPoint","urlTemplate":"https:\/\/folhapopular.info\/?s={search_term_string}"},"query-input":{"@type":"PropertyValueSpecification","valueRequired":true,"valueName":"search_term_string"}}],"inLanguage":"pt-BR"},{"@type":"Person","@id":"https:\/\/folhapopular.info\/#\/schema\/person\/2814e8a0df7643585a9ca38bc6eb9d4b","name":"Reda\u00e7\u00e3o Folha Popular","image":{"@type":"ImageObject","inLanguage":"pt-BR","@id":"https:\/\/folhapopular.info\/wp-content\/uploads\/2026\/04\/Folha-1.webp","url":"https:\/\/folhapopular.info\/wp-content\/uploads\/2026\/04\/Folha-1.webp","contentUrl":"https:\/\/folhapopular.info\/wp-content\/uploads\/2026\/04\/Folha-1.webp","caption":"Reda\u00e7\u00e3o Folha Popular"},"url":"https:\/\/folhapopular.info\/index.php\/author\/redacao\/"}]}},"jetpack_featured_media_url":"https:\/\/folhapopular.info\/wp-content\/uploads\/2018\/08\/Comunidade-pode-conhecer-tamb\u00e9m-as-diversas-a\u00e7\u00f5es-desenvolvidas-pelo-Cras-e1534533163784.jpg","jetpack_sharing_enabled":true,"amp_enabled":true,"_links":{"self":[{"href":"https:\/\/folhapopular.info\/index.php\/wp-json\/wp\/v2\/posts\/47077","targetHints":{"allow":["GET"]}}],"collection":[{"href":"https:\/\/folhapopular.info\/index.php\/wp-json\/wp\/v2\/posts"}],"about":[{"href":"https:\/\/folhapopular.info\/index.php\/wp-json\/wp\/v2\/types\/post"}],"author":[{"embeddable":true,"href":"https:\/\/folhapopular.info\/index.php\/wp-json\/wp\/v2\/users\/8"}],"replies":[{"embeddable":true,"href":"https:\/\/folhapopular.info\/index.php\/wp-json\/wp\/v2\/comments?post=47077"}],"version-history":[{"count":0,"href":"https:\/\/folhapopular.info\/index.php\/wp-json\/wp\/v2\/posts\/47077\/revisions"}],"wp:featuredmedia":[{"embeddable":true,"href":"https:\/\/folhapopular.info\/index.php\/wp-json\/wp\/v2\/media\/47078"}],"wp:attachment":[{"href":"https:\/\/folhapopular.info\/index.php\/wp-json\/wp\/v2\/media?parent=47077"}],"wp:term":[{"taxonomy":"category","embeddable":true,"href":"https:\/\/folhapopular.info\/index.php\/wp-json\/wp\/v2\/categories?post=47077"},{"taxonomy":"post_tag","embeddable":true,"href":"https:\/\/folhapopular.info\/index.php\/wp-json\/wp\/v2\/tags?post=47077"}],"curies":[{"name":"wp","href":"https:\/\/api.w.org\/{rel}","templated":true}]}}