{"id":47262,"date":"2018-08-23T09:00:24","date_gmt":"2018-08-23T12:00:24","guid":{"rendered":"http:\/\/folhapopular.info\/?p=47262"},"modified":"2018-08-23T08:44:25","modified_gmt":"2018-08-23T11:44:25","slug":"creas-e-inaugurado-em-estrela","status":"publish","type":"post","link":"https:\/\/folhapopular.info\/index.php\/2018\/08\/23\/creas-e-inaugurado-em-estrela\/","title":{"rendered":"Creas \u00e9 inaugurado em Estrela"},"content":{"rendered":"<p>A Secretaria do Desenvolvimento Social, Trabalho e Habita\u00e7\u00e3o (Sedesth) de Estrela, inaugurou, na manh\u00e3 desta quarta-feira (22.08), o Centro de Refer\u00eancia Especializado de Assist\u00eancia Social (Creas). O Centro oferece servi\u00e7os de Prote\u00e7\u00e3o Social Especial de M\u00e9dia Complexidade, atendendo a fam\u00edlias e indiv\u00edduos com direitos violados. Busca a orienta\u00e7\u00e3o, apoio e fortalecimento sociofamiliar e comunit\u00e1rio, diferenciando-se da prote\u00e7\u00e3o social b\u00e1sica por tratar-se de atendimento dirigido \u00e0s situa\u00e7\u00f5es em que os direitos das pessoas foram violados.<\/p>\n<p>A cerim\u00f4nia foi aberta pelo Coral do Gracie, e contou com a presen\u00e7a de autoridades, entre as quais a ju\u00edza Caren Let\u00edcia Castro Pereira, promotora de Justi\u00e7a Andrea Barros; presidente do Legislativo Marco Wermann; presidente do Conselho Municipal de Assist\u00eancia Social, Anelise Hausmann, al\u00e9m de secret\u00e1rios, servidores, e outras lideran\u00e7as. O titular da Sedesth, Jos\u00e9 Itamar Alves, destacou que desde 2014 o munic\u00edpio vinha arcando com todas as despesas do Creas. Em agosto conveniou com o governo federal e passa a receber verbas da Uni\u00e3o, possibilitando que tenha uma equipe completa. \u201cDemos um passo \u00e0 frente na qualidade do atendimento\u201d, frisou. Hoje, segundo ele, o custo mensal com o atendimento especializado fica em torno de R$ 30 mil e a partir deste m\u00eas o governo federal come\u00e7a a repassar R$ 8,7 mil. Conforme Alves, este valor pode parecer pouco, mas para a manuten\u00e7\u00e3o dos servi\u00e7os \u00e9 uma grande conquista. \u201cEstamos muito felizes com este passo \u00e0 frente. Para n\u00f3s \u00e9 motivo de muita alegria\u201d, afirmou.<\/p>\n<p>Para a ju\u00edza Caren Let\u00edcia Castro Pereira este \u00e9 um servi\u00e7o de refer\u00eancia na \u00e1rea social que vai conseguir atender muitas demandas do munic\u00edpio. Ela sinalizou a necessidade do atendimento nas quest\u00f5es que envolvem viol\u00eancia dom\u00e9stica. \u201cEstamos, inclusive, articulando um fluxograma para encaminhamento das v\u00edtimas para trabalharmos de uma forma mais ampla na fam\u00edlia, a fim de evitar a reincid\u00eancia. Queremos atuar no foco do problema. Se for alcoolismo, drogadi\u00e7\u00e3o, identificar o que est\u00e1 desestabilizando aquela fam\u00edlia e de que forma ela pode ser auxiliada\u201d, disse. Acredito que a \u00e1rea da inf\u00e2ncia tamb\u00e9m ser\u00e1 muito beneficiada, frisou.<\/p>\n<p>J\u00e1 a promotora Andrea Barros enfatizou que o Creas est\u00e1 estruturado e trabalhando de maneira efetiva. Segundo ela, al\u00e9m da inf\u00e2ncia h\u00e1 a situa\u00e7\u00e3o dos idosos, que tamb\u00e9m pode vir a ser necess\u00e1rio o uso da equipe para solu\u00e7\u00f5es de conflitos dentro das fam\u00edlias. \u201cAtuo com a inf\u00e2ncia e idosos e acredito que mais pessoas ser\u00e3o beneficiadas com o aumento da estrutura da equipe\u201d, disse. Ap\u00f3s as manifesta\u00e7\u00f5es houve o desenlace da fita inaugural, quando os convidados puderam conhecer as instala\u00e7\u00f5es do Creas e participar de um coquetel.<\/p>\n","protected":false},"excerpt":{"rendered":"<p>A Secretaria do Desenvolvimento Social, Trabalho e Habita\u00e7\u00e3o (Sedesth) de Estrela, inaugurou, na manh\u00e3 desta quarta-feira (22.08), o Centro de Refer\u00eancia Especializado de Assist\u00eancia Social (Creas). O Centro oferece servi\u00e7os de Prote\u00e7\u00e3o Social Especial de M\u00e9dia Complexidade, atendendo a fam\u00edlias e indiv\u00edduos com direitos violados. Busca a orienta\u00e7\u00e3o, apoio e fortalecimento sociofamiliar e comunit\u00e1rio, diferenciando-se [&hellip;]<\/p>\n","protected":false},"author":8,"featured_media":47263,"comment_status":"open","ping_status":"open","sticky":false,"template":"","format":"standard","meta":{"pmpro_default_level":"","_jetpack_memberships_contains_paid_content":false,"footnotes":""},"categories":[3],"tags":[1685,8],"class_list":{"0":"post-47262","1":"post","2":"type-post","3":"status-publish","4":"format-standard","5":"has-post-thumbnail","7":"category-geral","8":"tag-creas","9":"tag-estrela","10":"pmpro-has-access"},"yoast_head":"<!-- This site is optimized with the Yoast SEO plugin v27.5 - https:\/\/yoast.com\/product\/yoast-seo-wordpress\/ -->\n<title>Creas \u00e9 inaugurado em Estrela - Folha Popular<\/title>\n<meta name=\"robots\" content=\"index, follow, max-snippet:-1, max-image-preview:large, max-video-preview:-1\" \/>\n<link rel=\"canonical\" href=\"https:\/\/folhapopular.info\/index.php\/2018\/08\/23\/creas-e-inaugurado-em-estrela\/\" \/>\n<meta property=\"og:locale\" content=\"pt_BR\" \/>\n<meta property=\"og:type\" content=\"article\" \/>\n<meta property=\"og:title\" content=\"Creas \u00e9 inaugurado em Estrela - Folha Popular\" \/>\n<meta property=\"og:description\" content=\"A Secretaria do Desenvolvimento Social, Trabalho e Habita\u00e7\u00e3o (Sedesth) de Estrela, inaugurou, na manh\u00e3 desta quarta-feira (22.08), o Centro de Refer\u00eancia Especializado de Assist\u00eancia Social (Creas). O Centro oferece servi\u00e7os de Prote\u00e7\u00e3o Social Especial de M\u00e9dia Complexidade, atendendo a fam\u00edlias e indiv\u00edduos com direitos violados. Busca a orienta\u00e7\u00e3o, apoio e fortalecimento sociofamiliar e comunit\u00e1rio, diferenciando-se [&hellip;]\" \/>\n<meta property=\"og:url\" content=\"https:\/\/folhapopular.info\/index.php\/2018\/08\/23\/creas-e-inaugurado-em-estrela\/\" \/>\n<meta property=\"og:site_name\" content=\"Folha Popular\" \/>\n<meta property=\"article:published_time\" content=\"2018-08-23T12:00:24+00:00\" \/>\n<meta property=\"og:image\" content=\"https:\/\/folhapopular.info\/wp-content\/uploads\/2018\/08\/fita_inauguracao-e1535024508286.jpg\" \/>\n\t<meta property=\"og:image:width\" content=\"800\" \/>\n\t<meta property=\"og:image:height\" content=\"533\" \/>\n\t<meta property=\"og:image:type\" content=\"image\/jpeg\" \/>\n<meta name=\"author\" content=\"Reda\u00e7\u00e3o Folha Popular\" \/>\n<meta name=\"twitter:card\" content=\"summary_large_image\" \/>\n<meta name=\"twitter:label1\" content=\"Escrito por\" \/>\n\t<meta name=\"twitter:data1\" content=\"Reda\u00e7\u00e3o Folha Popular\" \/>\n\t<meta name=\"twitter:label2\" content=\"Est. tempo de leitura\" \/>\n\t<meta name=\"twitter:data2\" content=\"2 minutos\" \/>\n<script type=\"application\/ld+json\" class=\"yoast-schema-graph\">{\"@context\":\"https:\\\/\\\/schema.org\",\"@graph\":[{\"@type\":\"Article\",\"@id\":\"https:\\\/\\\/folhapopular.info\\\/index.php\\\/2018\\\/08\\\/23\\\/creas-e-inaugurado-em-estrela\\\/#article\",\"isPartOf\":{\"@id\":\"https:\\\/\\\/folhapopular.info\\\/index.php\\\/2018\\\/08\\\/23\\\/creas-e-inaugurado-em-estrela\\\/\"},\"author\":{\"name\":\"Reda\u00e7\u00e3o Folha Popular\",\"@id\":\"https:\\\/\\\/folhapopular.info\\\/#\\\/schema\\\/person\\\/2814e8a0df7643585a9ca38bc6eb9d4b\"},\"headline\":\"Creas \u00e9 inaugurado em Estrela\",\"datePublished\":\"2018-08-23T12:00:24+00:00\",\"mainEntityOfPage\":{\"@id\":\"https:\\\/\\\/folhapopular.info\\\/index.php\\\/2018\\\/08\\\/23\\\/creas-e-inaugurado-em-estrela\\\/\"},\"wordCount\":475,\"commentCount\":0,\"image\":{\"@id\":\"https:\\\/\\\/folhapopular.info\\\/index.php\\\/2018\\\/08\\\/23\\\/creas-e-inaugurado-em-estrela\\\/#primaryimage\"},\"thumbnailUrl\":\"https:\\\/\\\/folhapopular.info\\\/wp-content\\\/uploads\\\/2018\\\/08\\\/fita_inauguracao-e1535024508286.jpg\",\"keywords\":[\"CREAS\",\"Estrela\"],\"articleSection\":[\"Geral\"],\"inLanguage\":\"pt-BR\",\"potentialAction\":[{\"@type\":\"CommentAction\",\"name\":\"Comment\",\"target\":[\"https:\\\/\\\/folhapopular.info\\\/index.php\\\/2018\\\/08\\\/23\\\/creas-e-inaugurado-em-estrela\\\/#respond\"]}]},{\"@type\":\"WebPage\",\"@id\":\"https:\\\/\\\/folhapopular.info\\\/index.php\\\/2018\\\/08\\\/23\\\/creas-e-inaugurado-em-estrela\\\/\",\"url\":\"https:\\\/\\\/folhapopular.info\\\/index.php\\\/2018\\\/08\\\/23\\\/creas-e-inaugurado-em-estrela\\\/\",\"name\":\"Creas \u00e9 inaugurado em Estrela - Folha Popular\",\"isPartOf\":{\"@id\":\"https:\\\/\\\/folhapopular.info\\\/#website\"},\"primaryImageOfPage\":{\"@id\":\"https:\\\/\\\/folhapopular.info\\\/index.php\\\/2018\\\/08\\\/23\\\/creas-e-inaugurado-em-estrela\\\/#primaryimage\"},\"image\":{\"@id\":\"https:\\\/\\\/folhapopular.info\\\/index.php\\\/2018\\\/08\\\/23\\\/creas-e-inaugurado-em-estrela\\\/#primaryimage\"},\"thumbnailUrl\":\"https:\\\/\\\/folhapopular.info\\\/wp-content\\\/uploads\\\/2018\\\/08\\\/fita_inauguracao-e1535024508286.jpg\",\"datePublished\":\"2018-08-23T12:00:24+00:00\",\"author\":{\"@id\":\"https:\\\/\\\/folhapopular.info\\\/#\\\/schema\\\/person\\\/2814e8a0df7643585a9ca38bc6eb9d4b\"},\"breadcrumb\":{\"@id\":\"https:\\\/\\\/folhapopular.info\\\/index.php\\\/2018\\\/08\\\/23\\\/creas-e-inaugurado-em-estrela\\\/#breadcrumb\"},\"inLanguage\":\"pt-BR\",\"potentialAction\":[{\"@type\":\"ReadAction\",\"target\":[\"https:\\\/\\\/folhapopular.info\\\/index.php\\\/2018\\\/08\\\/23\\\/creas-e-inaugurado-em-estrela\\\/\"]}]},{\"@type\":\"ImageObject\",\"inLanguage\":\"pt-BR\",\"@id\":\"https:\\\/\\\/folhapopular.info\\\/index.php\\\/2018\\\/08\\\/23\\\/creas-e-inaugurado-em-estrela\\\/#primaryimage\",\"url\":\"https:\\\/\\\/folhapopular.info\\\/wp-content\\\/uploads\\\/2018\\\/08\\\/fita_inauguracao-e1535024508286.jpg\",\"contentUrl\":\"https:\\\/\\\/folhapopular.info\\\/wp-content\\\/uploads\\\/2018\\\/08\\\/fita_inauguracao-e1535024508286.jpg\",\"width\":800,\"height\":533,\"caption\":\"Autoridades e secret\u00e1rio Jos\u00e9 Alves fizeram o desenlace da fita inaugural\\\/Cr\u00e9dito da foto: Jaqueline Backes\\\/Divulga\u00e7\u00e3o\"},{\"@type\":\"BreadcrumbList\",\"@id\":\"https:\\\/\\\/folhapopular.info\\\/index.php\\\/2018\\\/08\\\/23\\\/creas-e-inaugurado-em-estrela\\\/#breadcrumb\",\"itemListElement\":[{\"@type\":\"ListItem\",\"position\":1,\"name\":\"In\u00edcio\",\"item\":\"https:\\\/\\\/folhapopular.info\\\/\"},{\"@type\":\"ListItem\",\"position\":2,\"name\":\"Creas \u00e9 inaugurado em Estrela\"}]},{\"@type\":\"WebSite\",\"@id\":\"https:\\\/\\\/folhapopular.info\\\/#website\",\"url\":\"https:\\\/\\\/folhapopular.info\\\/\",\"name\":\"Folha Popular\",\"description\":\"Onde voc\u00ea tem vez e voz\",\"potentialAction\":[{\"@type\":\"SearchAction\",\"target\":{\"@type\":\"EntryPoint\",\"urlTemplate\":\"https:\\\/\\\/folhapopular.info\\\/?s={search_term_string}\"},\"query-input\":{\"@type\":\"PropertyValueSpecification\",\"valueRequired\":true,\"valueName\":\"search_term_string\"}}],\"inLanguage\":\"pt-BR\"},{\"@type\":\"Person\",\"@id\":\"https:\\\/\\\/folhapopular.info\\\/#\\\/schema\\\/person\\\/2814e8a0df7643585a9ca38bc6eb9d4b\",\"name\":\"Reda\u00e7\u00e3o Folha Popular\",\"image\":{\"@type\":\"ImageObject\",\"inLanguage\":\"pt-BR\",\"@id\":\"https:\\\/\\\/folhapopular.info\\\/wp-content\\\/uploads\\\/2026\\\/04\\\/Folha-1.webp\",\"url\":\"https:\\\/\\\/folhapopular.info\\\/wp-content\\\/uploads\\\/2026\\\/04\\\/Folha-1.webp\",\"contentUrl\":\"https:\\\/\\\/folhapopular.info\\\/wp-content\\\/uploads\\\/2026\\\/04\\\/Folha-1.webp\",\"caption\":\"Reda\u00e7\u00e3o Folha Popular\"},\"url\":\"https:\\\/\\\/folhapopular.info\\\/index.php\\\/author\\\/redacao\\\/\"}]}<\/script>\n<!-- \/ Yoast SEO plugin. -->","yoast_head_json":{"title":"Creas \u00e9 inaugurado em Estrela - Folha Popular","robots":{"index":"index","follow":"follow","max-snippet":"max-snippet:-1","max-image-preview":"max-image-preview:large","max-video-preview":"max-video-preview:-1"},"canonical":"https:\/\/folhapopular.info\/index.php\/2018\/08\/23\/creas-e-inaugurado-em-estrela\/","og_locale":"pt_BR","og_type":"article","og_title":"Creas \u00e9 inaugurado em Estrela - Folha Popular","og_description":"A Secretaria do Desenvolvimento Social, Trabalho e Habita\u00e7\u00e3o (Sedesth) de Estrela, inaugurou, na manh\u00e3 desta quarta-feira (22.08), o Centro de Refer\u00eancia Especializado de Assist\u00eancia Social (Creas). O Centro oferece servi\u00e7os de Prote\u00e7\u00e3o Social Especial de M\u00e9dia Complexidade, atendendo a fam\u00edlias e indiv\u00edduos com direitos violados. Busca a orienta\u00e7\u00e3o, apoio e fortalecimento sociofamiliar e comunit\u00e1rio, diferenciando-se [&hellip;]","og_url":"https:\/\/folhapopular.info\/index.php\/2018\/08\/23\/creas-e-inaugurado-em-estrela\/","og_site_name":"Folha Popular","article_published_time":"2018-08-23T12:00:24+00:00","og_image":[{"width":800,"height":533,"url":"https:\/\/folhapopular.info\/wp-content\/uploads\/2018\/08\/fita_inauguracao-e1535024508286.jpg","type":"image\/jpeg"}],"author":"Reda\u00e7\u00e3o Folha Popular","twitter_card":"summary_large_image","twitter_misc":{"Escrito por":"Reda\u00e7\u00e3o Folha Popular","Est. tempo de leitura":"2 minutos"},"schema":{"@context":"https:\/\/schema.org","@graph":[{"@type":"Article","@id":"https:\/\/folhapopular.info\/index.php\/2018\/08\/23\/creas-e-inaugurado-em-estrela\/#article","isPartOf":{"@id":"https:\/\/folhapopular.info\/index.php\/2018\/08\/23\/creas-e-inaugurado-em-estrela\/"},"author":{"name":"Reda\u00e7\u00e3o Folha Popular","@id":"https:\/\/folhapopular.info\/#\/schema\/person\/2814e8a0df7643585a9ca38bc6eb9d4b"},"headline":"Creas \u00e9 inaugurado em Estrela","datePublished":"2018-08-23T12:00:24+00:00","mainEntityOfPage":{"@id":"https:\/\/folhapopular.info\/index.php\/2018\/08\/23\/creas-e-inaugurado-em-estrela\/"},"wordCount":475,"commentCount":0,"image":{"@id":"https:\/\/folhapopular.info\/index.php\/2018\/08\/23\/creas-e-inaugurado-em-estrela\/#primaryimage"},"thumbnailUrl":"https:\/\/folhapopular.info\/wp-content\/uploads\/2018\/08\/fita_inauguracao-e1535024508286.jpg","keywords":["CREAS","Estrela"],"articleSection":["Geral"],"inLanguage":"pt-BR","potentialAction":[{"@type":"CommentAction","name":"Comment","target":["https:\/\/folhapopular.info\/index.php\/2018\/08\/23\/creas-e-inaugurado-em-estrela\/#respond"]}]},{"@type":"WebPage","@id":"https:\/\/folhapopular.info\/index.php\/2018\/08\/23\/creas-e-inaugurado-em-estrela\/","url":"https:\/\/folhapopular.info\/index.php\/2018\/08\/23\/creas-e-inaugurado-em-estrela\/","name":"Creas \u00e9 inaugurado em Estrela - Folha Popular","isPartOf":{"@id":"https:\/\/folhapopular.info\/#website"},"primaryImageOfPage":{"@id":"https:\/\/folhapopular.info\/index.php\/2018\/08\/23\/creas-e-inaugurado-em-estrela\/#primaryimage"},"image":{"@id":"https:\/\/folhapopular.info\/index.php\/2018\/08\/23\/creas-e-inaugurado-em-estrela\/#primaryimage"},"thumbnailUrl":"https:\/\/folhapopular.info\/wp-content\/uploads\/2018\/08\/fita_inauguracao-e1535024508286.jpg","datePublished":"2018-08-23T12:00:24+00:00","author":{"@id":"https:\/\/folhapopular.info\/#\/schema\/person\/2814e8a0df7643585a9ca38bc6eb9d4b"},"breadcrumb":{"@id":"https:\/\/folhapopular.info\/index.php\/2018\/08\/23\/creas-e-inaugurado-em-estrela\/#breadcrumb"},"inLanguage":"pt-BR","potentialAction":[{"@type":"ReadAction","target":["https:\/\/folhapopular.info\/index.php\/2018\/08\/23\/creas-e-inaugurado-em-estrela\/"]}]},{"@type":"ImageObject","inLanguage":"pt-BR","@id":"https:\/\/folhapopular.info\/index.php\/2018\/08\/23\/creas-e-inaugurado-em-estrela\/#primaryimage","url":"https:\/\/folhapopular.info\/wp-content\/uploads\/2018\/08\/fita_inauguracao-e1535024508286.jpg","contentUrl":"https:\/\/folhapopular.info\/wp-content\/uploads\/2018\/08\/fita_inauguracao-e1535024508286.jpg","width":800,"height":533,"caption":"Autoridades e secret\u00e1rio Jos\u00e9 Alves fizeram o desenlace da fita inaugural\/Cr\u00e9dito da foto: Jaqueline Backes\/Divulga\u00e7\u00e3o"},{"@type":"BreadcrumbList","@id":"https:\/\/folhapopular.info\/index.php\/2018\/08\/23\/creas-e-inaugurado-em-estrela\/#breadcrumb","itemListElement":[{"@type":"ListItem","position":1,"name":"In\u00edcio","item":"https:\/\/folhapopular.info\/"},{"@type":"ListItem","position":2,"name":"Creas \u00e9 inaugurado em Estrela"}]},{"@type":"WebSite","@id":"https:\/\/folhapopular.info\/#website","url":"https:\/\/folhapopular.info\/","name":"Folha Popular","description":"Onde voc\u00ea tem vez e voz","potentialAction":[{"@type":"SearchAction","target":{"@type":"EntryPoint","urlTemplate":"https:\/\/folhapopular.info\/?s={search_term_string}"},"query-input":{"@type":"PropertyValueSpecification","valueRequired":true,"valueName":"search_term_string"}}],"inLanguage":"pt-BR"},{"@type":"Person","@id":"https:\/\/folhapopular.info\/#\/schema\/person\/2814e8a0df7643585a9ca38bc6eb9d4b","name":"Reda\u00e7\u00e3o Folha Popular","image":{"@type":"ImageObject","inLanguage":"pt-BR","@id":"https:\/\/folhapopular.info\/wp-content\/uploads\/2026\/04\/Folha-1.webp","url":"https:\/\/folhapopular.info\/wp-content\/uploads\/2026\/04\/Folha-1.webp","contentUrl":"https:\/\/folhapopular.info\/wp-content\/uploads\/2026\/04\/Folha-1.webp","caption":"Reda\u00e7\u00e3o Folha Popular"},"url":"https:\/\/folhapopular.info\/index.php\/author\/redacao\/"}]}},"jetpack_featured_media_url":"https:\/\/folhapopular.info\/wp-content\/uploads\/2018\/08\/fita_inauguracao-e1535024508286.jpg","jetpack_sharing_enabled":true,"amp_enabled":true,"_links":{"self":[{"href":"https:\/\/folhapopular.info\/index.php\/wp-json\/wp\/v2\/posts\/47262","targetHints":{"allow":["GET"]}}],"collection":[{"href":"https:\/\/folhapopular.info\/index.php\/wp-json\/wp\/v2\/posts"}],"about":[{"href":"https:\/\/folhapopular.info\/index.php\/wp-json\/wp\/v2\/types\/post"}],"author":[{"embeddable":true,"href":"https:\/\/folhapopular.info\/index.php\/wp-json\/wp\/v2\/users\/8"}],"replies":[{"embeddable":true,"href":"https:\/\/folhapopular.info\/index.php\/wp-json\/wp\/v2\/comments?post=47262"}],"version-history":[{"count":0,"href":"https:\/\/folhapopular.info\/index.php\/wp-json\/wp\/v2\/posts\/47262\/revisions"}],"wp:featuredmedia":[{"embeddable":true,"href":"https:\/\/folhapopular.info\/index.php\/wp-json\/wp\/v2\/media\/47263"}],"wp:attachment":[{"href":"https:\/\/folhapopular.info\/index.php\/wp-json\/wp\/v2\/media?parent=47262"}],"wp:term":[{"taxonomy":"category","embeddable":true,"href":"https:\/\/folhapopular.info\/index.php\/wp-json\/wp\/v2\/categories?post=47262"},{"taxonomy":"post_tag","embeddable":true,"href":"https:\/\/folhapopular.info\/index.php\/wp-json\/wp\/v2\/tags?post=47262"}],"curies":[{"name":"wp","href":"https:\/\/api.w.org\/{rel}","templated":true}]}}