{"id":47287,"date":"2018-08-24T08:00:06","date_gmt":"2018-08-24T11:00:06","guid":{"rendered":"http:\/\/folhapopular.info\/?p=47287"},"modified":"2018-08-23T17:27:02","modified_gmt":"2018-08-23T20:27:02","slug":"praca-da-matriz-sedia-a-13a-feira-do-livro-de-lajeado","status":"publish","type":"post","link":"https:\/\/folhapopular.info\/index.php\/2018\/08\/24\/praca-da-matriz-sedia-a-13a-feira-do-livro-de-lajeado\/","title":{"rendered":"Pra\u00e7a da Matriz sedia a 13\u00aa Feira do Livro de Lajeado"},"content":{"rendered":"<p>Uma volta ao tempo medieval e a literatura fant\u00e1stica s\u00e3o temas que marcam a 13\u00aa Feira do Livro de Lajeado.\u00a0Centenas de alunos, autoridades e comunidade participaram da solenidade de abertura do evento na manh\u00e3 desta\u00a0quinta-feira, 23\/08, na Pra\u00e7a da Matriz. Com diversas atividades, a feira se estender\u00e1 at\u00e9 o pr\u00f3ximo\u00a0domingo, 26\/08.<\/p>\n<p>Realizada pelo Servi\u00e7o Social do Com\u00e9rcio (Sesc) Lajeado e Prefeitura Municipal de Lajeado, por meio da Secretaria da Educa\u00e7\u00e3o (Sed) e da Secretaria da Cultura, Esporte e Lazer (Secel), a feira conta tamb\u00e9m com o apoio da Univates, da Academia Liter\u00e1ria do Vale do Taquari (ALIVAT) e do Col\u00e9gio Madre B\u00e1rbara, al\u00e9m de outras entidades e empresas. Na\u00a0abertura, estiveram presentes o prefeito Marcelo Caumo, a vice-prefeita Gl\u00e1ucia Schumacher, secret\u00e1rios municipais, representantes de entidades, escolas e apoiadores. O patrono desta edi\u00e7\u00e3o \u00e9 o multi-instrumentista Renato Zingano Velho, e o escritor homenageado \u00e9 o economista e professor Wolfgang Hans Collischonn.<\/p>\n<p>Neste ano, o evento est\u00e1 acontecendo na Pra\u00e7a da Matriz e no seu entorno, como no Gin\u00e1sio do Col\u00e9gio Madre B\u00e1rbara, no audit\u00f3rio da Casa de Cultura e no teatro do Sesc. Na manh\u00e3 de\u00a0hoje, as crian\u00e7as j\u00e1 puderam aproveitar a programa\u00e7\u00e3o, como o espa\u00e7o arquerismo, luta medieval, dan\u00e7a circular, a hora do conto no audit\u00f3rio da Casa da Cultura, o espet\u00e1culo teatral O Homem Banda no gin\u00e1sio do Col\u00e9gio Madre B\u00e1rbara e tamb\u00e9m do encontro com o escritor homenageado no Sesc.<\/p>\n<p>&#8220;Neste ambiente, o p\u00fablico ir\u00e1 encontrar a fantasia no mais amplo sentido. Arco e flecha, teatros, simula\u00e7\u00f5es de lutas medievais far\u00e3o a festa do p\u00fablico. Tudo ser\u00e1 acompanhado com m\u00fasica, dan\u00e7a e shows que far\u00e3o uma verdadeira viagem no tempo&#8221;, disse o subgerente do Sesc, Leandro Ferreira.<\/p>\n<p>O evento conta com diversas bancas que realizam a venda de livros, dos mais variados g\u00eaneros e autores. A programa\u00e7\u00e3o conta com teatros, dan\u00e7as medievais, hora do conto, palestras e atividades medievais. Al\u00e9m disso, h\u00e1 bancas de artesanato na Pra\u00e7a. Todas as atividades s\u00e3o gratuitas.<\/p>\n<p>&#8220;Momentos encantadores ser\u00e3o realizados aqui, na Pra\u00e7a da Matriz, e com certeza ser\u00e1 uma marca importante para a cidade de Lajeado. Ent\u00e3o, esperamos que a gente possa aproveitar estes dias para ler, aprender e praticar a tem\u00e1tica escolhida. O que nos deixa felizes \u00e9 ver essa pra\u00e7a repleta de crian\u00e7as, fazendo com que ganhem o gosto pela leitura&#8221;, disse o prefeito Marcelo Caumo.<\/p>\n<p><strong>O patrono<\/strong><\/p>\n<p>O multi-instrumentista e produtor cultural Renato Zingano Velho \u00e9 natural de Taquara. Entre os instrumentos que toca est\u00e3o o banjo americano, bandolim, lap steel, serrote, guitarra, dobro e viola caipira. Foi escolhido para esta edi\u00e7\u00e3o por\u00a0ter\u00a0as suas produ\u00e7\u00f5es art\u00edsticas voltadas \u00e0 literatura fant\u00e1stica e medieval.<\/p>\n<p><strong>O escritor homenageado<\/strong><\/p>\n<p>Participando do evento de lan\u00e7amento, o escritor homenageado nesta edi\u00e7\u00e3o \u00e9 Wolfgang Hans Collischonn, integrante da Alivat. Economista, banc\u00e1rio, professor, tradutor e escritor, Collischonn nasceu em 1934, em Marques de Souza. Em 1999, traduziu o manuscrito Die Geschichte von Mato Leit\u00e3o, Boa Vista, de 1929, do professor Otto Dick, escrito em alem\u00e3o g\u00f3tico, para o portugu\u00eas, do que resultou o livro bil\u00edngue Hist\u00f3ria de Mato Leit\u00e3o<\/p>\n<p><strong>Confira a progama\u00e7\u00e3o:<\/strong><\/p>\n<p><em>Dia 23\/08 &#8211;\u00a0Quinta-feira \u2013 9h \u00e0s 19h<\/em><\/p>\n<p>Exposi\u00e7\u00e3o e Comercializa\u00e7\u00e3o de livros<br \/>\nAtividades Paralelas<br \/>\nArquerismo, Swordplay e Dan\u00e7a Circular \u2013 Pra\u00e7a da Matriz<br \/>\n9h \u2013 Solenidade de abertura da 13\u00aa Feira do Livro de Lajeado<br \/>\n10h \u00e0s 16h \u2013 Hora do Conto \u2013 Audit\u00f3rio da Casa de Cultura e Biblioteca do Sesc Lajeado (Educa\u00e7\u00e3o Infantil e Anos Iniciais)<br \/>\n10h \u2013 Espet\u00e1culo teatral O Homem Banda \u2013 Gin\u00e1sio do Col\u00e9gio Madre B\u00e1rbara (Anos Finais e Ensino M\u00e9dio)<br \/>\n10h \u2013 Encontro com escritor Renato Zingano Velho \u2013 Teatro Sesc Lajeado (Educa\u00e7\u00e3o Infantil e Anos Iniciais)<br \/>\n14h \u2013 Espet\u00e1culo teatral Os Bardos de Erin \u2013 Gin\u00e1sio do Col\u00e9gio Madre B\u00e1rbara (Educa\u00e7\u00e3o Infantil e Anos Iniciais)<br \/>\n14h \u2013 Palestra Fantasia Medieval na Literatura \u2013 Teatro Sesc Lajeado (Anos Finais e Ensino M\u00e9dio)<br \/>\n19h \u2013 Lan\u00e7amento de Livros e Sarau Liter\u00e1rio da Alivat \u2013 Teatro Sesc Lajeado<\/p>\n<p><em>Dia 24\/08 &#8211;\u00a0Sexta-feira \u2013 8h \u00e0s 19h<\/em><\/p>\n<p>Exposi\u00e7\u00e3o e Comercializa\u00e7\u00e3o de livros<br \/>\nAtividades Paralelas<br \/>\nArquerismo, Swordplay e Dan\u00e7a Circular \u2013 Pra\u00e7a da Matriz<br \/>\n8h30h \u00e0s 16h \u2013 Hora do Conto \u2013 Audit\u00f3rio da Casa de Cultura e Biblioteca do Sesc Lajeado (Educa\u00e7\u00e3o Infantil e Anos Iniciais)<br \/>\n8h30 \u2013 Palestra Fantasia Medieval na Literatura \u2013 Teatro Sesc Lajeado (Anos Finais e Ensino M\u00e9dio)<br \/>\n10h \u2013 Espet\u00e1culo teatral O Homem Banda \u2013 Gin\u00e1sio do Col\u00e9gio Madre B\u00e1rbara (Anos Finais e Ensino M\u00e9dio)<br \/>\n10h \u2013 Encontro com escritor Renato Zingano Velho \u2013 Teatro Sesc Lajeado (Educa\u00e7\u00e3o Infantil e Anos Iniciais)<br \/>\n14h \u2013 Espet\u00e1culo teatral O Homem Banda \u2013 Gin\u00e1sio do Col\u00e9gio Madre B\u00e1rbara (Educa\u00e7\u00e3o Infantil e Anos Iniciais)<br \/>\n14h \u2013 Encontro com escritor Renato Zingano Velho \u2013 Teatro Sesc Lajeado (Educa\u00e7\u00e3o Infantil e Anos Iniciais)<br \/>\n18h \u2013 Bando Celta \u2013 Pra\u00e7a da Matriz<\/p>\n<p><em>Dia 25\/08 \u2013S\u00e1bado\u2013 9h \u00e0s 20h<\/em><\/p>\n<p>Exposi\u00e7\u00e3o e Comercializa\u00e7\u00e3o de livros<br \/>\nAtividades Paralelas<br \/>\nArquerismo e Swordplay<br \/>\n15h \u2013 Interven\u00e7\u00e3o teatral O Drad\u00e3o Negro<br \/>\n16h \u2013 Espet\u00e1culo teatral Os Bardos de Erin<br \/>\n17h \u2013 Interven\u00e7\u00e3o teatral O Drad\u00e3o Negro<br \/>\n18h \u2013 Dan\u00e7a Tribal<br \/>\n19h \u2013 Bando Celta<br \/>\n*Todas as atividades acontecer\u00e3o na Pra\u00e7a da Matriz. Traga sua cadeira.<\/p>\n<p>Dia 26\/08 \u2013Domingo\u2013 9h \u00e0s 18h<\/p>\n<p><strong>Exposi\u00e7\u00e3o e Comercializa\u00e7\u00e3o de livros<\/strong><\/p>\n<p><strong>Atividades Paralelas<\/strong><br \/>\nArquerismo e Swordplay<br \/>\n15h \u2013 Espet\u00e1culo teatral O Rouxinol e a Rosa, com o Grupo de Teatro da Univates<br \/>\n16h \u2013 Dan\u00e7a Tribal<br \/>\n17h \u2013 Encerramento com Bando Celta<br \/>\n*Todas as atividades acontecer\u00e3o na Pra\u00e7a da Matriz. Traga sua cadeira.<\/p>\n<p>As atividades dos dias 23 e 24\/08\/18 devem ser pr\u00e9-agendadas pelo fone (51) 3714-2266 ou 3710-1970.<\/p>\n<p><strong>ATIVIDADES PARALELAS<\/strong><\/p>\n<p>Artesanato<\/p>\n<p>Biblioteca do SESC<br \/>\nLivros do acervo da Biblioteca<br \/>\nDesenhos para as crian\u00e7as colorirem<\/p>\n<p>Biblioteca P\u00fablica de Lajeado<br \/>\nLivros do acervo da Biblioteca<br \/>\nDesenhos para as crian\u00e7as colorirem<br \/>\nJornais di\u00e1rios dispon\u00edveis para leitura<\/p>\n<p>Espa\u00e7o de Alimenta\u00e7\u00e3o<br \/>\nO espa\u00e7o para alimenta\u00e7\u00e3o \u00e9 o lugar ideal para apreciar um saboroso lanche, acompanhado de uma boa leitura.<\/p>\n<p>Espa\u00e7o SESI<br \/>\nEspa\u00e7o de leitura<br \/>\nPintura de rosto<\/p>\n<p>Ervateira Ximango<br \/>\nSexta\u00a0e\u00a0s\u00e1bado<\/p>\n<p>Sebo da Liga de Combate ao C\u00e2ncer de Lajeado<br \/>\nSexta\u00a0e\u00a0s\u00e1bado<\/p>\n<p>Univates<br \/>\nBiblioteca Univates com Troca-Troca<br \/>\nR\u00e1dio Univates<\/p>\n","protected":false},"excerpt":{"rendered":"<p>Uma volta ao tempo medieval e a literatura fant\u00e1stica s\u00e3o temas que marcam a 13\u00aa Feira do Livro de Lajeado.\u00a0Centenas de alunos, autoridades e comunidade participaram da solenidade de abertura do evento na manh\u00e3 desta\u00a0quinta-feira, 23\/08, na Pra\u00e7a da Matriz. Com diversas atividades, a feira se estender\u00e1 at\u00e9 o pr\u00f3ximo\u00a0domingo, 26\/08. Realizada pelo Servi\u00e7o Social [&hellip;]<\/p>\n","protected":false},"author":8,"featured_media":47288,"comment_status":"open","ping_status":"open","sticky":false,"template":"","format":"standard","meta":{"pmpro_default_level":"","_jetpack_memberships_contains_paid_content":false,"footnotes":""},"categories":[2,6],"tags":[322,27,3061],"class_list":{"0":"post-47287","1":"post","2":"type-post","3":"status-publish","4":"format-standard","5":"has-post-thumbnail","7":"category-featured","8":"category-inclusive","9":"tag-feira-do-livro","10":"tag-lajeado","11":"tag-literatura-fantastica","12":"pmpro-has-access"},"yoast_head":"<!-- This site is optimized with the Yoast SEO plugin v27.5 - https:\/\/yoast.com\/product\/yoast-seo-wordpress\/ -->\n<title>Pra\u00e7a da Matriz sedia a 13\u00aa Feira do Livro de Lajeado - Folha Popular<\/title>\n<meta name=\"robots\" content=\"index, follow, max-snippet:-1, max-image-preview:large, max-video-preview:-1\" \/>\n<link rel=\"canonical\" href=\"https:\/\/folhapopular.info\/index.php\/2018\/08\/24\/praca-da-matriz-sedia-a-13a-feira-do-livro-de-lajeado\/\" \/>\n<meta property=\"og:locale\" content=\"pt_BR\" \/>\n<meta property=\"og:type\" content=\"article\" \/>\n<meta property=\"og:title\" content=\"Pra\u00e7a da Matriz sedia a 13\u00aa Feira do Livro de Lajeado - Folha Popular\" \/>\n<meta property=\"og:description\" content=\"Uma volta ao tempo medieval e a literatura fant\u00e1stica s\u00e3o temas que marcam a 13\u00aa Feira do Livro de Lajeado.\u00a0Centenas de alunos, autoridades e comunidade participaram da solenidade de abertura do evento na manh\u00e3 desta\u00a0quinta-feira, 23\/08, na Pra\u00e7a da Matriz. Com diversas atividades, a feira se estender\u00e1 at\u00e9 o pr\u00f3ximo\u00a0domingo, 26\/08. Realizada pelo Servi\u00e7o Social [&hellip;]\" \/>\n<meta property=\"og:url\" content=\"https:\/\/folhapopular.info\/index.php\/2018\/08\/24\/praca-da-matriz-sedia-a-13a-feira-do-livro-de-lajeado\/\" \/>\n<meta property=\"og:site_name\" content=\"Folha Popular\" \/>\n<meta property=\"article:published_time\" content=\"2018-08-24T11:00:06+00:00\" \/>\n<meta property=\"og:image\" content=\"https:\/\/folhapopular.info\/wp-content\/uploads\/2018\/08\/cr\u00e9ditos-Pietra-Darde-e1535056008630.jpg\" \/>\n\t<meta property=\"og:image:width\" content=\"800\" \/>\n\t<meta property=\"og:image:height\" content=\"533\" \/>\n\t<meta property=\"og:image:type\" content=\"image\/jpeg\" \/>\n<meta name=\"author\" content=\"Reda\u00e7\u00e3o Folha Popular\" \/>\n<meta name=\"twitter:card\" content=\"summary_large_image\" \/>\n<meta name=\"twitter:label1\" content=\"Escrito por\" \/>\n\t<meta name=\"twitter:data1\" content=\"Reda\u00e7\u00e3o Folha Popular\" \/>\n\t<meta name=\"twitter:label2\" content=\"Est. tempo de leitura\" \/>\n\t<meta name=\"twitter:data2\" content=\"5 minutos\" \/>\n<script type=\"application\/ld+json\" class=\"yoast-schema-graph\">{\"@context\":\"https:\\\/\\\/schema.org\",\"@graph\":[{\"@type\":\"Article\",\"@id\":\"https:\\\/\\\/folhapopular.info\\\/index.php\\\/2018\\\/08\\\/24\\\/praca-da-matriz-sedia-a-13a-feira-do-livro-de-lajeado\\\/#article\",\"isPartOf\":{\"@id\":\"https:\\\/\\\/folhapopular.info\\\/index.php\\\/2018\\\/08\\\/24\\\/praca-da-matriz-sedia-a-13a-feira-do-livro-de-lajeado\\\/\"},\"author\":{\"name\":\"Reda\u00e7\u00e3o Folha Popular\",\"@id\":\"https:\\\/\\\/folhapopular.info\\\/#\\\/schema\\\/person\\\/2814e8a0df7643585a9ca38bc6eb9d4b\"},\"headline\":\"Pra\u00e7a da Matriz sedia a 13\u00aa Feira do Livro de Lajeado\",\"datePublished\":\"2018-08-24T11:00:06+00:00\",\"mainEntityOfPage\":{\"@id\":\"https:\\\/\\\/folhapopular.info\\\/index.php\\\/2018\\\/08\\\/24\\\/praca-da-matriz-sedia-a-13a-feira-do-livro-de-lajeado\\\/\"},\"wordCount\":1100,\"commentCount\":0,\"image\":{\"@id\":\"https:\\\/\\\/folhapopular.info\\\/index.php\\\/2018\\\/08\\\/24\\\/praca-da-matriz-sedia-a-13a-feira-do-livro-de-lajeado\\\/#primaryimage\"},\"thumbnailUrl\":\"https:\\\/\\\/folhapopular.info\\\/wp-content\\\/uploads\\\/2018\\\/08\\\/cr\u00e9ditos-Pietra-Darde-e1535056008630.jpg\",\"keywords\":[\"Feira do Livro\",\"Lajeado\",\"Literatura Fant\u00e1stica\"],\"articleSection\":[\"Destaques\",\"Inclusive\"],\"inLanguage\":\"pt-BR\",\"potentialAction\":[{\"@type\":\"CommentAction\",\"name\":\"Comment\",\"target\":[\"https:\\\/\\\/folhapopular.info\\\/index.php\\\/2018\\\/08\\\/24\\\/praca-da-matriz-sedia-a-13a-feira-do-livro-de-lajeado\\\/#respond\"]}]},{\"@type\":\"WebPage\",\"@id\":\"https:\\\/\\\/folhapopular.info\\\/index.php\\\/2018\\\/08\\\/24\\\/praca-da-matriz-sedia-a-13a-feira-do-livro-de-lajeado\\\/\",\"url\":\"https:\\\/\\\/folhapopular.info\\\/index.php\\\/2018\\\/08\\\/24\\\/praca-da-matriz-sedia-a-13a-feira-do-livro-de-lajeado\\\/\",\"name\":\"Pra\u00e7a da Matriz sedia a 13\u00aa Feira do Livro de Lajeado - Folha Popular\",\"isPartOf\":{\"@id\":\"https:\\\/\\\/folhapopular.info\\\/#website\"},\"primaryImageOfPage\":{\"@id\":\"https:\\\/\\\/folhapopular.info\\\/index.php\\\/2018\\\/08\\\/24\\\/praca-da-matriz-sedia-a-13a-feira-do-livro-de-lajeado\\\/#primaryimage\"},\"image\":{\"@id\":\"https:\\\/\\\/folhapopular.info\\\/index.php\\\/2018\\\/08\\\/24\\\/praca-da-matriz-sedia-a-13a-feira-do-livro-de-lajeado\\\/#primaryimage\"},\"thumbnailUrl\":\"https:\\\/\\\/folhapopular.info\\\/wp-content\\\/uploads\\\/2018\\\/08\\\/cr\u00e9ditos-Pietra-Darde-e1535056008630.jpg\",\"datePublished\":\"2018-08-24T11:00:06+00:00\",\"author\":{\"@id\":\"https:\\\/\\\/folhapopular.info\\\/#\\\/schema\\\/person\\\/2814e8a0df7643585a9ca38bc6eb9d4b\"},\"breadcrumb\":{\"@id\":\"https:\\\/\\\/folhapopular.info\\\/index.php\\\/2018\\\/08\\\/24\\\/praca-da-matriz-sedia-a-13a-feira-do-livro-de-lajeado\\\/#breadcrumb\"},\"inLanguage\":\"pt-BR\",\"potentialAction\":[{\"@type\":\"ReadAction\",\"target\":[\"https:\\\/\\\/folhapopular.info\\\/index.php\\\/2018\\\/08\\\/24\\\/praca-da-matriz-sedia-a-13a-feira-do-livro-de-lajeado\\\/\"]}]},{\"@type\":\"ImageObject\",\"inLanguage\":\"pt-BR\",\"@id\":\"https:\\\/\\\/folhapopular.info\\\/index.php\\\/2018\\\/08\\\/24\\\/praca-da-matriz-sedia-a-13a-feira-do-livro-de-lajeado\\\/#primaryimage\",\"url\":\"https:\\\/\\\/folhapopular.info\\\/wp-content\\\/uploads\\\/2018\\\/08\\\/cr\u00e9ditos-Pietra-Darde-e1535056008630.jpg\",\"contentUrl\":\"https:\\\/\\\/folhapopular.info\\\/wp-content\\\/uploads\\\/2018\\\/08\\\/cr\u00e9ditos-Pietra-Darde-e1535056008630.jpg\",\"width\":800,\"height\":533,\"caption\":\"Feira acontece na Pra\u00e7a da Matriz\\\/Cr\u00e9dito da foto: Pietra Darde\\\/Divulga\u00e7\u00e3o\"},{\"@type\":\"BreadcrumbList\",\"@id\":\"https:\\\/\\\/folhapopular.info\\\/index.php\\\/2018\\\/08\\\/24\\\/praca-da-matriz-sedia-a-13a-feira-do-livro-de-lajeado\\\/#breadcrumb\",\"itemListElement\":[{\"@type\":\"ListItem\",\"position\":1,\"name\":\"In\u00edcio\",\"item\":\"https:\\\/\\\/folhapopular.info\\\/\"},{\"@type\":\"ListItem\",\"position\":2,\"name\":\"Pra\u00e7a da Matriz sedia a 13\u00aa Feira do Livro de Lajeado\"}]},{\"@type\":\"WebSite\",\"@id\":\"https:\\\/\\\/folhapopular.info\\\/#website\",\"url\":\"https:\\\/\\\/folhapopular.info\\\/\",\"name\":\"Folha Popular\",\"description\":\"Onde voc\u00ea tem vez e voz\",\"potentialAction\":[{\"@type\":\"SearchAction\",\"target\":{\"@type\":\"EntryPoint\",\"urlTemplate\":\"https:\\\/\\\/folhapopular.info\\\/?s={search_term_string}\"},\"query-input\":{\"@type\":\"PropertyValueSpecification\",\"valueRequired\":true,\"valueName\":\"search_term_string\"}}],\"inLanguage\":\"pt-BR\"},{\"@type\":\"Person\",\"@id\":\"https:\\\/\\\/folhapopular.info\\\/#\\\/schema\\\/person\\\/2814e8a0df7643585a9ca38bc6eb9d4b\",\"name\":\"Reda\u00e7\u00e3o Folha Popular\",\"image\":{\"@type\":\"ImageObject\",\"inLanguage\":\"pt-BR\",\"@id\":\"https:\\\/\\\/folhapopular.info\\\/wp-content\\\/uploads\\\/2026\\\/04\\\/Folha-1.webp\",\"url\":\"https:\\\/\\\/folhapopular.info\\\/wp-content\\\/uploads\\\/2026\\\/04\\\/Folha-1.webp\",\"contentUrl\":\"https:\\\/\\\/folhapopular.info\\\/wp-content\\\/uploads\\\/2026\\\/04\\\/Folha-1.webp\",\"caption\":\"Reda\u00e7\u00e3o Folha Popular\"},\"url\":\"https:\\\/\\\/folhapopular.info\\\/index.php\\\/author\\\/redacao\\\/\"}]}<\/script>\n<!-- \/ Yoast SEO plugin. -->","yoast_head_json":{"title":"Pra\u00e7a da Matriz sedia a 13\u00aa Feira do Livro de Lajeado - Folha Popular","robots":{"index":"index","follow":"follow","max-snippet":"max-snippet:-1","max-image-preview":"max-image-preview:large","max-video-preview":"max-video-preview:-1"},"canonical":"https:\/\/folhapopular.info\/index.php\/2018\/08\/24\/praca-da-matriz-sedia-a-13a-feira-do-livro-de-lajeado\/","og_locale":"pt_BR","og_type":"article","og_title":"Pra\u00e7a da Matriz sedia a 13\u00aa Feira do Livro de Lajeado - Folha Popular","og_description":"Uma volta ao tempo medieval e a literatura fant\u00e1stica s\u00e3o temas que marcam a 13\u00aa Feira do Livro de Lajeado.\u00a0Centenas de alunos, autoridades e comunidade participaram da solenidade de abertura do evento na manh\u00e3 desta\u00a0quinta-feira, 23\/08, na Pra\u00e7a da Matriz. Com diversas atividades, a feira se estender\u00e1 at\u00e9 o pr\u00f3ximo\u00a0domingo, 26\/08. Realizada pelo Servi\u00e7o Social [&hellip;]","og_url":"https:\/\/folhapopular.info\/index.php\/2018\/08\/24\/praca-da-matriz-sedia-a-13a-feira-do-livro-de-lajeado\/","og_site_name":"Folha Popular","article_published_time":"2018-08-24T11:00:06+00:00","og_image":[{"width":800,"height":533,"url":"https:\/\/folhapopular.info\/wp-content\/uploads\/2018\/08\/cr\u00e9ditos-Pietra-Darde-e1535056008630.jpg","type":"image\/jpeg"}],"author":"Reda\u00e7\u00e3o Folha Popular","twitter_card":"summary_large_image","twitter_misc":{"Escrito por":"Reda\u00e7\u00e3o Folha Popular","Est. tempo de leitura":"5 minutos"},"schema":{"@context":"https:\/\/schema.org","@graph":[{"@type":"Article","@id":"https:\/\/folhapopular.info\/index.php\/2018\/08\/24\/praca-da-matriz-sedia-a-13a-feira-do-livro-de-lajeado\/#article","isPartOf":{"@id":"https:\/\/folhapopular.info\/index.php\/2018\/08\/24\/praca-da-matriz-sedia-a-13a-feira-do-livro-de-lajeado\/"},"author":{"name":"Reda\u00e7\u00e3o Folha Popular","@id":"https:\/\/folhapopular.info\/#\/schema\/person\/2814e8a0df7643585a9ca38bc6eb9d4b"},"headline":"Pra\u00e7a da Matriz sedia a 13\u00aa Feira do Livro de Lajeado","datePublished":"2018-08-24T11:00:06+00:00","mainEntityOfPage":{"@id":"https:\/\/folhapopular.info\/index.php\/2018\/08\/24\/praca-da-matriz-sedia-a-13a-feira-do-livro-de-lajeado\/"},"wordCount":1100,"commentCount":0,"image":{"@id":"https:\/\/folhapopular.info\/index.php\/2018\/08\/24\/praca-da-matriz-sedia-a-13a-feira-do-livro-de-lajeado\/#primaryimage"},"thumbnailUrl":"https:\/\/folhapopular.info\/wp-content\/uploads\/2018\/08\/cr\u00e9ditos-Pietra-Darde-e1535056008630.jpg","keywords":["Feira do Livro","Lajeado","Literatura Fant\u00e1stica"],"articleSection":["Destaques","Inclusive"],"inLanguage":"pt-BR","potentialAction":[{"@type":"CommentAction","name":"Comment","target":["https:\/\/folhapopular.info\/index.php\/2018\/08\/24\/praca-da-matriz-sedia-a-13a-feira-do-livro-de-lajeado\/#respond"]}]},{"@type":"WebPage","@id":"https:\/\/folhapopular.info\/index.php\/2018\/08\/24\/praca-da-matriz-sedia-a-13a-feira-do-livro-de-lajeado\/","url":"https:\/\/folhapopular.info\/index.php\/2018\/08\/24\/praca-da-matriz-sedia-a-13a-feira-do-livro-de-lajeado\/","name":"Pra\u00e7a da Matriz sedia a 13\u00aa Feira do Livro de Lajeado - Folha Popular","isPartOf":{"@id":"https:\/\/folhapopular.info\/#website"},"primaryImageOfPage":{"@id":"https:\/\/folhapopular.info\/index.php\/2018\/08\/24\/praca-da-matriz-sedia-a-13a-feira-do-livro-de-lajeado\/#primaryimage"},"image":{"@id":"https:\/\/folhapopular.info\/index.php\/2018\/08\/24\/praca-da-matriz-sedia-a-13a-feira-do-livro-de-lajeado\/#primaryimage"},"thumbnailUrl":"https:\/\/folhapopular.info\/wp-content\/uploads\/2018\/08\/cr\u00e9ditos-Pietra-Darde-e1535056008630.jpg","datePublished":"2018-08-24T11:00:06+00:00","author":{"@id":"https:\/\/folhapopular.info\/#\/schema\/person\/2814e8a0df7643585a9ca38bc6eb9d4b"},"breadcrumb":{"@id":"https:\/\/folhapopular.info\/index.php\/2018\/08\/24\/praca-da-matriz-sedia-a-13a-feira-do-livro-de-lajeado\/#breadcrumb"},"inLanguage":"pt-BR","potentialAction":[{"@type":"ReadAction","target":["https:\/\/folhapopular.info\/index.php\/2018\/08\/24\/praca-da-matriz-sedia-a-13a-feira-do-livro-de-lajeado\/"]}]},{"@type":"ImageObject","inLanguage":"pt-BR","@id":"https:\/\/folhapopular.info\/index.php\/2018\/08\/24\/praca-da-matriz-sedia-a-13a-feira-do-livro-de-lajeado\/#primaryimage","url":"https:\/\/folhapopular.info\/wp-content\/uploads\/2018\/08\/cr\u00e9ditos-Pietra-Darde-e1535056008630.jpg","contentUrl":"https:\/\/folhapopular.info\/wp-content\/uploads\/2018\/08\/cr\u00e9ditos-Pietra-Darde-e1535056008630.jpg","width":800,"height":533,"caption":"Feira acontece na Pra\u00e7a da Matriz\/Cr\u00e9dito da foto: Pietra Darde\/Divulga\u00e7\u00e3o"},{"@type":"BreadcrumbList","@id":"https:\/\/folhapopular.info\/index.php\/2018\/08\/24\/praca-da-matriz-sedia-a-13a-feira-do-livro-de-lajeado\/#breadcrumb","itemListElement":[{"@type":"ListItem","position":1,"name":"In\u00edcio","item":"https:\/\/folhapopular.info\/"},{"@type":"ListItem","position":2,"name":"Pra\u00e7a da Matriz sedia a 13\u00aa Feira do Livro de Lajeado"}]},{"@type":"WebSite","@id":"https:\/\/folhapopular.info\/#website","url":"https:\/\/folhapopular.info\/","name":"Folha Popular","description":"Onde voc\u00ea tem vez e voz","potentialAction":[{"@type":"SearchAction","target":{"@type":"EntryPoint","urlTemplate":"https:\/\/folhapopular.info\/?s={search_term_string}"},"query-input":{"@type":"PropertyValueSpecification","valueRequired":true,"valueName":"search_term_string"}}],"inLanguage":"pt-BR"},{"@type":"Person","@id":"https:\/\/folhapopular.info\/#\/schema\/person\/2814e8a0df7643585a9ca38bc6eb9d4b","name":"Reda\u00e7\u00e3o Folha Popular","image":{"@type":"ImageObject","inLanguage":"pt-BR","@id":"https:\/\/folhapopular.info\/wp-content\/uploads\/2026\/04\/Folha-1.webp","url":"https:\/\/folhapopular.info\/wp-content\/uploads\/2026\/04\/Folha-1.webp","contentUrl":"https:\/\/folhapopular.info\/wp-content\/uploads\/2026\/04\/Folha-1.webp","caption":"Reda\u00e7\u00e3o Folha Popular"},"url":"https:\/\/folhapopular.info\/index.php\/author\/redacao\/"}]}},"jetpack_featured_media_url":"https:\/\/folhapopular.info\/wp-content\/uploads\/2018\/08\/cr\u00e9ditos-Pietra-Darde-e1535056008630.jpg","jetpack_sharing_enabled":true,"amp_enabled":true,"_links":{"self":[{"href":"https:\/\/folhapopular.info\/index.php\/wp-json\/wp\/v2\/posts\/47287","targetHints":{"allow":["GET"]}}],"collection":[{"href":"https:\/\/folhapopular.info\/index.php\/wp-json\/wp\/v2\/posts"}],"about":[{"href":"https:\/\/folhapopular.info\/index.php\/wp-json\/wp\/v2\/types\/post"}],"author":[{"embeddable":true,"href":"https:\/\/folhapopular.info\/index.php\/wp-json\/wp\/v2\/users\/8"}],"replies":[{"embeddable":true,"href":"https:\/\/folhapopular.info\/index.php\/wp-json\/wp\/v2\/comments?post=47287"}],"version-history":[{"count":0,"href":"https:\/\/folhapopular.info\/index.php\/wp-json\/wp\/v2\/posts\/47287\/revisions"}],"wp:featuredmedia":[{"embeddable":true,"href":"https:\/\/folhapopular.info\/index.php\/wp-json\/wp\/v2\/media\/47288"}],"wp:attachment":[{"href":"https:\/\/folhapopular.info\/index.php\/wp-json\/wp\/v2\/media?parent=47287"}],"wp:term":[{"taxonomy":"category","embeddable":true,"href":"https:\/\/folhapopular.info\/index.php\/wp-json\/wp\/v2\/categories?post=47287"},{"taxonomy":"post_tag","embeddable":true,"href":"https:\/\/folhapopular.info\/index.php\/wp-json\/wp\/v2\/tags?post=47287"}],"curies":[{"name":"wp","href":"https:\/\/api.w.org\/{rel}","templated":true}]}}