{"id":47314,"date":"2018-08-24T14:00:31","date_gmt":"2018-08-24T17:00:31","guid":{"rendered":"http:\/\/folhapopular.info\/?p=47314"},"modified":"2018-08-24T13:32:54","modified_gmt":"2018-08-24T16:32:54","slug":"alunos-de-fazenda-vilanova-visitam-aterro-sanitario-de-teutonia","status":"publish","type":"post","link":"https:\/\/folhapopular.info\/index.php\/2018\/08\/24\/alunos-de-fazenda-vilanova-visitam-aterro-sanitario-de-teutonia\/","title":{"rendered":"Alunos de Fazenda Vilanova visitam aterro sanit\u00e1rio de\u00a0Teut\u00f4nia"},"content":{"rendered":"<p>O aterro sanit\u00e1rio de\u00a0Teut\u00f4nia\u00a0tem sido um verdadeiro laborat\u00f3rio para alunos do Ensino Fundamental. Conhecer o processo de triagem e destina\u00e7\u00e3o do lixo tem despertado a aten\u00e7\u00e3o dos jovens. Neste sentido, as visitas ao aterro sanit\u00e1rio tamb\u00e9m s\u00e3o uma das formas de conscientiz\u00e1-los sobre o descarte correto do lixo. Durante todo o ano, especialmente entre os meses de junho e agosto, o aterro sanit\u00e1rio foi visitado por in\u00fameras escolas de\u00a0Teut\u00f4nia.<\/p>\n<p>O trabalho desenvolvido no local tamb\u00e9m servido de refer\u00eancia para educand\u00e1rios de outros munic\u00edpios. Na ter\u00e7a-feira, dia 21 de agosto, alunos da Escola Municipal de Ensino Fundamental Edgar da Rosa Cardoso, do Centro de Fazenda Vilanova, estiveram no aterro, acompanhados por tr\u00eas professoras. Na ocasi\u00e3o, eles conheceram de perto como funciona um aterro sanit\u00e1rio, al\u00e9m de vivenciarem a rotina de quem trabalha l\u00e1.<\/p>\n<p>A visita foi guiada pelo servidor da Secretaria de Agricultura e Meio Ambiente de\u00a0Teut\u00f4nia\u00a0Adran Jonatan Wozniak. \u201cEles esclareceram d\u00favidas, como de onde vem o lixo, como funciona a triagem, entre outras. Foi muito legal ver o interesse deles e acredito que eles vivenciaram uma \u00f3tima experi\u00eancia. Ao mesmo tempo, \u00e9 muito bom ver que o nosso trabalho tem servido de refer\u00eancia para outros munic\u00edpios\u201d, coloca.<\/p>\n<p>As visitas de escolas ao aterro sanit\u00e1rio integram as a\u00e7\u00f5es de educa\u00e7\u00e3o ambiental desenvolvidas pela Secretaria de Agricultura e Meio Ambiente. \u201cEntendemos que a educa\u00e7\u00e3o \u00e9 o principal meio para conscientizarmos as futuras gera\u00e7\u00f5es sobre o descarte correto do lixo. Ao conhecerem o aterro sanit\u00e1rio e visualizarem as dificuldades aqui encontradas quando n\u00e3o h\u00e1 destina\u00e7\u00e3o correta do lixo, os alunos podem desenvolver essa consci\u00eancia e estimular, inclusive, seus pais a mudarem seus h\u00e1bitos\u201d, frisa o titular da pasta, Gilson Amir Hollmann.<\/p>\n","protected":false},"excerpt":{"rendered":"<p>O aterro sanit\u00e1rio de\u00a0Teut\u00f4nia\u00a0tem sido um verdadeiro laborat\u00f3rio para alunos do Ensino Fundamental. Conhecer o processo de triagem e destina\u00e7\u00e3o do lixo tem despertado a aten\u00e7\u00e3o dos jovens. Neste sentido, as visitas ao aterro sanit\u00e1rio tamb\u00e9m s\u00e3o uma das formas de conscientiz\u00e1-los sobre o descarte correto do lixo. Durante todo o ano, especialmente entre os [&hellip;]<\/p>\n","protected":false},"author":8,"featured_media":47315,"comment_status":"open","ping_status":"open","sticky":false,"template":"","format":"standard","meta":{"pmpro_default_level":"","_jetpack_memberships_contains_paid_content":false,"footnotes":""},"categories":[3],"tags":[433,2392,57,26],"class_list":{"0":"post-47314","1":"post","2":"type-post","3":"status-publish","4":"format-standard","5":"has-post-thumbnail","7":"category-geral","8":"tag-aterro-sanitario","9":"tag-educacao-ambiental","10":"tag-meio-ambiente","11":"tag-teutonia","12":"pmpro-has-access"},"yoast_head":"<!-- This site is optimized with the Yoast SEO plugin v27.5 - https:\/\/yoast.com\/product\/yoast-seo-wordpress\/ -->\n<title>Alunos de Fazenda Vilanova visitam aterro sanit\u00e1rio de\u00a0Teut\u00f4nia - Folha Popular<\/title>\n<meta name=\"robots\" content=\"index, follow, max-snippet:-1, max-image-preview:large, max-video-preview:-1\" \/>\n<link rel=\"canonical\" href=\"https:\/\/folhapopular.info\/index.php\/2018\/08\/24\/alunos-de-fazenda-vilanova-visitam-aterro-sanitario-de-teutonia\/\" \/>\n<meta property=\"og:locale\" content=\"pt_BR\" \/>\n<meta property=\"og:type\" content=\"article\" \/>\n<meta property=\"og:title\" content=\"Alunos de Fazenda Vilanova visitam aterro sanit\u00e1rio de\u00a0Teut\u00f4nia - Folha Popular\" \/>\n<meta property=\"og:description\" content=\"O aterro sanit\u00e1rio de\u00a0Teut\u00f4nia\u00a0tem sido um verdadeiro laborat\u00f3rio para alunos do Ensino Fundamental. Conhecer o processo de triagem e destina\u00e7\u00e3o do lixo tem despertado a aten\u00e7\u00e3o dos jovens. Neste sentido, as visitas ao aterro sanit\u00e1rio tamb\u00e9m s\u00e3o uma das formas de conscientiz\u00e1-los sobre o descarte correto do lixo. Durante todo o ano, especialmente entre os [&hellip;]\" \/>\n<meta property=\"og:url\" content=\"https:\/\/folhapopular.info\/index.php\/2018\/08\/24\/alunos-de-fazenda-vilanova-visitam-aterro-sanitario-de-teutonia\/\" \/>\n<meta property=\"og:site_name\" content=\"Folha Popular\" \/>\n<meta property=\"article:published_time\" content=\"2018-08-24T17:00:31+00:00\" \/>\n<meta property=\"og:image\" content=\"https:\/\/folhapopular.info\/wp-content\/uploads\/2018\/08\/Alunos-de-Fazenda-Vilanova-conheceram-o-aterro-sanit\u00e1rio-de-Teut\u00f4nia-e1535128314748.jpeg\" \/>\n\t<meta property=\"og:image:width\" content=\"800\" \/>\n\t<meta property=\"og:image:height\" content=\"450\" \/>\n\t<meta property=\"og:image:type\" content=\"image\/jpeg\" \/>\n<meta name=\"author\" content=\"Reda\u00e7\u00e3o Folha Popular\" \/>\n<meta name=\"twitter:card\" content=\"summary_large_image\" \/>\n<meta name=\"twitter:label1\" content=\"Escrito por\" \/>\n\t<meta name=\"twitter:data1\" content=\"Reda\u00e7\u00e3o Folha Popular\" \/>\n\t<meta name=\"twitter:label2\" content=\"Est. tempo de leitura\" \/>\n\t<meta name=\"twitter:data2\" content=\"2 minutos\" \/>\n<script type=\"application\/ld+json\" class=\"yoast-schema-graph\">{\"@context\":\"https:\\\/\\\/schema.org\",\"@graph\":[{\"@type\":\"Article\",\"@id\":\"https:\\\/\\\/folhapopular.info\\\/index.php\\\/2018\\\/08\\\/24\\\/alunos-de-fazenda-vilanova-visitam-aterro-sanitario-de-teutonia\\\/#article\",\"isPartOf\":{\"@id\":\"https:\\\/\\\/folhapopular.info\\\/index.php\\\/2018\\\/08\\\/24\\\/alunos-de-fazenda-vilanova-visitam-aterro-sanitario-de-teutonia\\\/\"},\"author\":{\"name\":\"Reda\u00e7\u00e3o Folha Popular\",\"@id\":\"https:\\\/\\\/folhapopular.info\\\/#\\\/schema\\\/person\\\/2814e8a0df7643585a9ca38bc6eb9d4b\"},\"headline\":\"Alunos de Fazenda Vilanova visitam aterro sanit\u00e1rio de\u00a0Teut\u00f4nia\",\"datePublished\":\"2018-08-24T17:00:31+00:00\",\"mainEntityOfPage\":{\"@id\":\"https:\\\/\\\/folhapopular.info\\\/index.php\\\/2018\\\/08\\\/24\\\/alunos-de-fazenda-vilanova-visitam-aterro-sanitario-de-teutonia\\\/\"},\"wordCount\":327,\"commentCount\":0,\"image\":{\"@id\":\"https:\\\/\\\/folhapopular.info\\\/index.php\\\/2018\\\/08\\\/24\\\/alunos-de-fazenda-vilanova-visitam-aterro-sanitario-de-teutonia\\\/#primaryimage\"},\"thumbnailUrl\":\"https:\\\/\\\/folhapopular.info\\\/wp-content\\\/uploads\\\/2018\\\/08\\\/Alunos-de-Fazenda-Vilanova-conheceram-o-aterro-sanit\u00e1rio-de-Teut\u00f4nia-e1535128314748.jpeg\",\"keywords\":[\"Aterro Sanit\u00e1rio\",\"Educa\u00e7\u00e3o Ambiental\",\"Meio Ambiente\",\"Teut\u00f4nia\"],\"articleSection\":[\"Geral\"],\"inLanguage\":\"pt-BR\",\"potentialAction\":[{\"@type\":\"CommentAction\",\"name\":\"Comment\",\"target\":[\"https:\\\/\\\/folhapopular.info\\\/index.php\\\/2018\\\/08\\\/24\\\/alunos-de-fazenda-vilanova-visitam-aterro-sanitario-de-teutonia\\\/#respond\"]}]},{\"@type\":\"WebPage\",\"@id\":\"https:\\\/\\\/folhapopular.info\\\/index.php\\\/2018\\\/08\\\/24\\\/alunos-de-fazenda-vilanova-visitam-aterro-sanitario-de-teutonia\\\/\",\"url\":\"https:\\\/\\\/folhapopular.info\\\/index.php\\\/2018\\\/08\\\/24\\\/alunos-de-fazenda-vilanova-visitam-aterro-sanitario-de-teutonia\\\/\",\"name\":\"Alunos de Fazenda Vilanova visitam aterro sanit\u00e1rio de\u00a0Teut\u00f4nia - Folha Popular\",\"isPartOf\":{\"@id\":\"https:\\\/\\\/folhapopular.info\\\/#website\"},\"primaryImageOfPage\":{\"@id\":\"https:\\\/\\\/folhapopular.info\\\/index.php\\\/2018\\\/08\\\/24\\\/alunos-de-fazenda-vilanova-visitam-aterro-sanitario-de-teutonia\\\/#primaryimage\"},\"image\":{\"@id\":\"https:\\\/\\\/folhapopular.info\\\/index.php\\\/2018\\\/08\\\/24\\\/alunos-de-fazenda-vilanova-visitam-aterro-sanitario-de-teutonia\\\/#primaryimage\"},\"thumbnailUrl\":\"https:\\\/\\\/folhapopular.info\\\/wp-content\\\/uploads\\\/2018\\\/08\\\/Alunos-de-Fazenda-Vilanova-conheceram-o-aterro-sanit\u00e1rio-de-Teut\u00f4nia-e1535128314748.jpeg\",\"datePublished\":\"2018-08-24T17:00:31+00:00\",\"author\":{\"@id\":\"https:\\\/\\\/folhapopular.info\\\/#\\\/schema\\\/person\\\/2814e8a0df7643585a9ca38bc6eb9d4b\"},\"breadcrumb\":{\"@id\":\"https:\\\/\\\/folhapopular.info\\\/index.php\\\/2018\\\/08\\\/24\\\/alunos-de-fazenda-vilanova-visitam-aterro-sanitario-de-teutonia\\\/#breadcrumb\"},\"inLanguage\":\"pt-BR\",\"potentialAction\":[{\"@type\":\"ReadAction\",\"target\":[\"https:\\\/\\\/folhapopular.info\\\/index.php\\\/2018\\\/08\\\/24\\\/alunos-de-fazenda-vilanova-visitam-aterro-sanitario-de-teutonia\\\/\"]}]},{\"@type\":\"ImageObject\",\"inLanguage\":\"pt-BR\",\"@id\":\"https:\\\/\\\/folhapopular.info\\\/index.php\\\/2018\\\/08\\\/24\\\/alunos-de-fazenda-vilanova-visitam-aterro-sanitario-de-teutonia\\\/#primaryimage\",\"url\":\"https:\\\/\\\/folhapopular.info\\\/wp-content\\\/uploads\\\/2018\\\/08\\\/Alunos-de-Fazenda-Vilanova-conheceram-o-aterro-sanit\u00e1rio-de-Teut\u00f4nia-e1535128314748.jpeg\",\"contentUrl\":\"https:\\\/\\\/folhapopular.info\\\/wp-content\\\/uploads\\\/2018\\\/08\\\/Alunos-de-Fazenda-Vilanova-conheceram-o-aterro-sanit\u00e1rio-de-Teut\u00f4nia-e1535128314748.jpeg\",\"width\":800,\"height\":450,\"caption\":\"Alunos de Fazenda Vilanova conheceram o aterro sanit\u00e1rio de Teut\u00f4nia\"},{\"@type\":\"BreadcrumbList\",\"@id\":\"https:\\\/\\\/folhapopular.info\\\/index.php\\\/2018\\\/08\\\/24\\\/alunos-de-fazenda-vilanova-visitam-aterro-sanitario-de-teutonia\\\/#breadcrumb\",\"itemListElement\":[{\"@type\":\"ListItem\",\"position\":1,\"name\":\"In\u00edcio\",\"item\":\"https:\\\/\\\/folhapopular.info\\\/\"},{\"@type\":\"ListItem\",\"position\":2,\"name\":\"Alunos de Fazenda Vilanova visitam aterro sanit\u00e1rio de\u00a0Teut\u00f4nia\"}]},{\"@type\":\"WebSite\",\"@id\":\"https:\\\/\\\/folhapopular.info\\\/#website\",\"url\":\"https:\\\/\\\/folhapopular.info\\\/\",\"name\":\"Folha Popular\",\"description\":\"Onde voc\u00ea tem vez e voz\",\"potentialAction\":[{\"@type\":\"SearchAction\",\"target\":{\"@type\":\"EntryPoint\",\"urlTemplate\":\"https:\\\/\\\/folhapopular.info\\\/?s={search_term_string}\"},\"query-input\":{\"@type\":\"PropertyValueSpecification\",\"valueRequired\":true,\"valueName\":\"search_term_string\"}}],\"inLanguage\":\"pt-BR\"},{\"@type\":\"Person\",\"@id\":\"https:\\\/\\\/folhapopular.info\\\/#\\\/schema\\\/person\\\/2814e8a0df7643585a9ca38bc6eb9d4b\",\"name\":\"Reda\u00e7\u00e3o Folha Popular\",\"image\":{\"@type\":\"ImageObject\",\"inLanguage\":\"pt-BR\",\"@id\":\"https:\\\/\\\/folhapopular.info\\\/wp-content\\\/uploads\\\/2026\\\/04\\\/Folha-1.webp\",\"url\":\"https:\\\/\\\/folhapopular.info\\\/wp-content\\\/uploads\\\/2026\\\/04\\\/Folha-1.webp\",\"contentUrl\":\"https:\\\/\\\/folhapopular.info\\\/wp-content\\\/uploads\\\/2026\\\/04\\\/Folha-1.webp\",\"caption\":\"Reda\u00e7\u00e3o Folha Popular\"},\"url\":\"https:\\\/\\\/folhapopular.info\\\/index.php\\\/author\\\/redacao\\\/\"}]}<\/script>\n<!-- \/ Yoast SEO plugin. -->","yoast_head_json":{"title":"Alunos de Fazenda Vilanova visitam aterro sanit\u00e1rio de\u00a0Teut\u00f4nia - Folha Popular","robots":{"index":"index","follow":"follow","max-snippet":"max-snippet:-1","max-image-preview":"max-image-preview:large","max-video-preview":"max-video-preview:-1"},"canonical":"https:\/\/folhapopular.info\/index.php\/2018\/08\/24\/alunos-de-fazenda-vilanova-visitam-aterro-sanitario-de-teutonia\/","og_locale":"pt_BR","og_type":"article","og_title":"Alunos de Fazenda Vilanova visitam aterro sanit\u00e1rio de\u00a0Teut\u00f4nia - Folha Popular","og_description":"O aterro sanit\u00e1rio de\u00a0Teut\u00f4nia\u00a0tem sido um verdadeiro laborat\u00f3rio para alunos do Ensino Fundamental. Conhecer o processo de triagem e destina\u00e7\u00e3o do lixo tem despertado a aten\u00e7\u00e3o dos jovens. Neste sentido, as visitas ao aterro sanit\u00e1rio tamb\u00e9m s\u00e3o uma das formas de conscientiz\u00e1-los sobre o descarte correto do lixo. Durante todo o ano, especialmente entre os [&hellip;]","og_url":"https:\/\/folhapopular.info\/index.php\/2018\/08\/24\/alunos-de-fazenda-vilanova-visitam-aterro-sanitario-de-teutonia\/","og_site_name":"Folha Popular","article_published_time":"2018-08-24T17:00:31+00:00","og_image":[{"width":800,"height":450,"url":"https:\/\/folhapopular.info\/wp-content\/uploads\/2018\/08\/Alunos-de-Fazenda-Vilanova-conheceram-o-aterro-sanit\u00e1rio-de-Teut\u00f4nia-e1535128314748.jpeg","type":"image\/jpeg"}],"author":"Reda\u00e7\u00e3o Folha Popular","twitter_card":"summary_large_image","twitter_misc":{"Escrito por":"Reda\u00e7\u00e3o Folha Popular","Est. tempo de leitura":"2 minutos"},"schema":{"@context":"https:\/\/schema.org","@graph":[{"@type":"Article","@id":"https:\/\/folhapopular.info\/index.php\/2018\/08\/24\/alunos-de-fazenda-vilanova-visitam-aterro-sanitario-de-teutonia\/#article","isPartOf":{"@id":"https:\/\/folhapopular.info\/index.php\/2018\/08\/24\/alunos-de-fazenda-vilanova-visitam-aterro-sanitario-de-teutonia\/"},"author":{"name":"Reda\u00e7\u00e3o Folha Popular","@id":"https:\/\/folhapopular.info\/#\/schema\/person\/2814e8a0df7643585a9ca38bc6eb9d4b"},"headline":"Alunos de Fazenda Vilanova visitam aterro sanit\u00e1rio de\u00a0Teut\u00f4nia","datePublished":"2018-08-24T17:00:31+00:00","mainEntityOfPage":{"@id":"https:\/\/folhapopular.info\/index.php\/2018\/08\/24\/alunos-de-fazenda-vilanova-visitam-aterro-sanitario-de-teutonia\/"},"wordCount":327,"commentCount":0,"image":{"@id":"https:\/\/folhapopular.info\/index.php\/2018\/08\/24\/alunos-de-fazenda-vilanova-visitam-aterro-sanitario-de-teutonia\/#primaryimage"},"thumbnailUrl":"https:\/\/folhapopular.info\/wp-content\/uploads\/2018\/08\/Alunos-de-Fazenda-Vilanova-conheceram-o-aterro-sanit\u00e1rio-de-Teut\u00f4nia-e1535128314748.jpeg","keywords":["Aterro Sanit\u00e1rio","Educa\u00e7\u00e3o Ambiental","Meio Ambiente","Teut\u00f4nia"],"articleSection":["Geral"],"inLanguage":"pt-BR","potentialAction":[{"@type":"CommentAction","name":"Comment","target":["https:\/\/folhapopular.info\/index.php\/2018\/08\/24\/alunos-de-fazenda-vilanova-visitam-aterro-sanitario-de-teutonia\/#respond"]}]},{"@type":"WebPage","@id":"https:\/\/folhapopular.info\/index.php\/2018\/08\/24\/alunos-de-fazenda-vilanova-visitam-aterro-sanitario-de-teutonia\/","url":"https:\/\/folhapopular.info\/index.php\/2018\/08\/24\/alunos-de-fazenda-vilanova-visitam-aterro-sanitario-de-teutonia\/","name":"Alunos de Fazenda Vilanova visitam aterro sanit\u00e1rio de\u00a0Teut\u00f4nia - Folha Popular","isPartOf":{"@id":"https:\/\/folhapopular.info\/#website"},"primaryImageOfPage":{"@id":"https:\/\/folhapopular.info\/index.php\/2018\/08\/24\/alunos-de-fazenda-vilanova-visitam-aterro-sanitario-de-teutonia\/#primaryimage"},"image":{"@id":"https:\/\/folhapopular.info\/index.php\/2018\/08\/24\/alunos-de-fazenda-vilanova-visitam-aterro-sanitario-de-teutonia\/#primaryimage"},"thumbnailUrl":"https:\/\/folhapopular.info\/wp-content\/uploads\/2018\/08\/Alunos-de-Fazenda-Vilanova-conheceram-o-aterro-sanit\u00e1rio-de-Teut\u00f4nia-e1535128314748.jpeg","datePublished":"2018-08-24T17:00:31+00:00","author":{"@id":"https:\/\/folhapopular.info\/#\/schema\/person\/2814e8a0df7643585a9ca38bc6eb9d4b"},"breadcrumb":{"@id":"https:\/\/folhapopular.info\/index.php\/2018\/08\/24\/alunos-de-fazenda-vilanova-visitam-aterro-sanitario-de-teutonia\/#breadcrumb"},"inLanguage":"pt-BR","potentialAction":[{"@type":"ReadAction","target":["https:\/\/folhapopular.info\/index.php\/2018\/08\/24\/alunos-de-fazenda-vilanova-visitam-aterro-sanitario-de-teutonia\/"]}]},{"@type":"ImageObject","inLanguage":"pt-BR","@id":"https:\/\/folhapopular.info\/index.php\/2018\/08\/24\/alunos-de-fazenda-vilanova-visitam-aterro-sanitario-de-teutonia\/#primaryimage","url":"https:\/\/folhapopular.info\/wp-content\/uploads\/2018\/08\/Alunos-de-Fazenda-Vilanova-conheceram-o-aterro-sanit\u00e1rio-de-Teut\u00f4nia-e1535128314748.jpeg","contentUrl":"https:\/\/folhapopular.info\/wp-content\/uploads\/2018\/08\/Alunos-de-Fazenda-Vilanova-conheceram-o-aterro-sanit\u00e1rio-de-Teut\u00f4nia-e1535128314748.jpeg","width":800,"height":450,"caption":"Alunos de Fazenda Vilanova conheceram o aterro sanit\u00e1rio de Teut\u00f4nia"},{"@type":"BreadcrumbList","@id":"https:\/\/folhapopular.info\/index.php\/2018\/08\/24\/alunos-de-fazenda-vilanova-visitam-aterro-sanitario-de-teutonia\/#breadcrumb","itemListElement":[{"@type":"ListItem","position":1,"name":"In\u00edcio","item":"https:\/\/folhapopular.info\/"},{"@type":"ListItem","position":2,"name":"Alunos de Fazenda Vilanova visitam aterro sanit\u00e1rio de\u00a0Teut\u00f4nia"}]},{"@type":"WebSite","@id":"https:\/\/folhapopular.info\/#website","url":"https:\/\/folhapopular.info\/","name":"Folha Popular","description":"Onde voc\u00ea tem vez e voz","potentialAction":[{"@type":"SearchAction","target":{"@type":"EntryPoint","urlTemplate":"https:\/\/folhapopular.info\/?s={search_term_string}"},"query-input":{"@type":"PropertyValueSpecification","valueRequired":true,"valueName":"search_term_string"}}],"inLanguage":"pt-BR"},{"@type":"Person","@id":"https:\/\/folhapopular.info\/#\/schema\/person\/2814e8a0df7643585a9ca38bc6eb9d4b","name":"Reda\u00e7\u00e3o Folha Popular","image":{"@type":"ImageObject","inLanguage":"pt-BR","@id":"https:\/\/folhapopular.info\/wp-content\/uploads\/2026\/04\/Folha-1.webp","url":"https:\/\/folhapopular.info\/wp-content\/uploads\/2026\/04\/Folha-1.webp","contentUrl":"https:\/\/folhapopular.info\/wp-content\/uploads\/2026\/04\/Folha-1.webp","caption":"Reda\u00e7\u00e3o Folha Popular"},"url":"https:\/\/folhapopular.info\/index.php\/author\/redacao\/"}]}},"jetpack_featured_media_url":"https:\/\/folhapopular.info\/wp-content\/uploads\/2018\/08\/Alunos-de-Fazenda-Vilanova-conheceram-o-aterro-sanit\u00e1rio-de-Teut\u00f4nia-e1535128314748.jpeg","jetpack_sharing_enabled":true,"amp_enabled":true,"_links":{"self":[{"href":"https:\/\/folhapopular.info\/index.php\/wp-json\/wp\/v2\/posts\/47314","targetHints":{"allow":["GET"]}}],"collection":[{"href":"https:\/\/folhapopular.info\/index.php\/wp-json\/wp\/v2\/posts"}],"about":[{"href":"https:\/\/folhapopular.info\/index.php\/wp-json\/wp\/v2\/types\/post"}],"author":[{"embeddable":true,"href":"https:\/\/folhapopular.info\/index.php\/wp-json\/wp\/v2\/users\/8"}],"replies":[{"embeddable":true,"href":"https:\/\/folhapopular.info\/index.php\/wp-json\/wp\/v2\/comments?post=47314"}],"version-history":[{"count":0,"href":"https:\/\/folhapopular.info\/index.php\/wp-json\/wp\/v2\/posts\/47314\/revisions"}],"wp:featuredmedia":[{"embeddable":true,"href":"https:\/\/folhapopular.info\/index.php\/wp-json\/wp\/v2\/media\/47315"}],"wp:attachment":[{"href":"https:\/\/folhapopular.info\/index.php\/wp-json\/wp\/v2\/media?parent=47314"}],"wp:term":[{"taxonomy":"category","embeddable":true,"href":"https:\/\/folhapopular.info\/index.php\/wp-json\/wp\/v2\/categories?post=47314"},{"taxonomy":"post_tag","embeddable":true,"href":"https:\/\/folhapopular.info\/index.php\/wp-json\/wp\/v2\/tags?post=47314"}],"curies":[{"name":"wp","href":"https:\/\/api.w.org\/{rel}","templated":true}]}}