{"id":47557,"date":"2018-09-03T09:00:25","date_gmt":"2018-09-03T12:00:25","guid":{"rendered":"http:\/\/folhapopular.info\/?p=47557"},"modified":"2018-09-03T08:27:39","modified_gmt":"2018-09-03T11:27:39","slug":"sob-o-mote-da-educacao-13o-seminario-sincovat-reune-cerca-de-700-pessoas-em-lajeado","status":"publish","type":"post","link":"https:\/\/folhapopular.info\/index.php\/2018\/09\/03\/sob-o-mote-da-educacao-13o-seminario-sincovat-reune-cerca-de-700-pessoas-em-lajeado\/","title":{"rendered":"Sob o mote da Educa\u00e7\u00e3o, 13\u00ba Semin\u00e1rio Sincovat re\u00fane cerca de 700 pessoas em Lajeado"},"content":{"rendered":"<p>Quatro palestras, homenagens e apresenta\u00e7\u00f5es culturais. As atra\u00e7\u00f5es do 13\u00ba Semin\u00e1rio Sincovat, realizado na sexta-feira (31\/08) no Teatro da Univates, em\u00a0<span class=\"il\">Lajeado<\/span>, engajaram uma plateia de cerca de 700 pessoas em torno do tema \u201cA a\u00e7\u00e3o maior da educa\u00e7\u00e3o \u00e9 despertar valores internos\u201d. O evento promovido pelo Sindicato dos Contadores e T\u00e9cnicos em Contabilidade do Vale do Taquari (Sincovat) e Associa\u00e7\u00e3o das Empresas de Servi\u00e7os Cont\u00e1beis do Vale do Taquari (Aescon) oportunizou a reflex\u00e3o sobre humanismo, alimenta\u00e7\u00e3o saud\u00e1vel, qualidade de vida e os desafios da educa\u00e7\u00e3o de crian\u00e7as e jovens para um futuro mais promissor.<\/p>\n<p>A atividade foi prestigiada por lideran\u00e7as regionais e do setor cont\u00e1bil, entre as quais o presidente da Aescon Claudir Kuhn; vice-presidente de Rela\u00e7\u00f5es Institucionais do CRCRS Celso Luft; presidente do Sescon-RS Celio Levansdowski; e presidente da Federacon RS, Glic\u00e9rio Bergesch. Para a presidente do Sincovat, C\u00edntia Fortes, foi um dia dedicado ao conhecimento e \u00e0 reflex\u00e3o. \u201cQue possamos ter um pensamento diferente e ser um provocador positivo do lado de fora, multiplicando as boas ideias e desejando realmente um mundo melhor\u201d. O coordenador do Semin\u00e1rio, Rodrigo Kich, agradeceu ao p\u00fablico e a satisfa\u00e7\u00e3o por mais essa edi\u00e7\u00e3o do evento.<\/p>\n<p>Em sintonia com o tema, a programa\u00e7\u00e3o contou com participa\u00e7\u00f5es especiais da Orquestra Jovem de Teut\u00f4nia, grupo de ballet da Funda\u00e7\u00e3o \u00c2ngelo Bozetto e Orquestra Infantil Recanto Maestro. Em momento de homenagens, o profissional Jos\u00e9 Cl\u00e1udio Buzatta recebeu a distin\u00e7\u00e3o \u201cContador Em\u00e9rito Sincovat 2018\u201d, como agradecimento do seu empenho \u00e0 classe; e a Univates, que representada pelo vice-reitor Carlos Cyrne recebeu a l\u00e1urea Contador Ol\u00edvio Kolliver.<\/p>\n<p><strong>Explana\u00e7\u00f5es dos palestrantes<\/strong><\/p>\n<p>A correla\u00e7\u00e3o entre educa\u00e7\u00e3o e alimenta\u00e7\u00e3o como fator determinante para a qualidade de vida foi defendida pelo naturoterapeuta, bi\u00f3logo e cientista alimentar Tiago Rocha na palestra que teve como mote os melhores e os piores alimentos do mundo. De forma direta e transitando entre o p\u00fablico, ele afirmou que a comida deve ser vista como um problema, pois age de forma sorrateira e pode desencadear uma s\u00e9rie de doen\u00e7as. \u201cN\u00e3o estou falando em alimentos que fazem mal, estou falando de alimentos que matam\u201d, alertou. Com base em dados cient\u00edficos, o profissional apontou o topo da pir\u00e2mide negativa: \u201cNenhuma droga no mundo \u00e9 t\u00e3o letal quanto o \u00f3leo de cozinha\u201d. Na sequ\u00eancia vem batata frita, gordura hidrogenada, pipoca de micro-ondas, requeij\u00e3o, margarina e sal de cozinha. Ele ainda destacou o impacto do a\u00e7\u00facar refinado, o qual vicia mais que coca\u00edna, hero\u00edna e crack. Por outro lado, h\u00e1 os alimentos bons, que devem ser consumidos com frequ\u00eancia, como banana, ma\u00e7\u00e3, suco de uva, \u00e1gua de coco, pepino, ovo, sal do himalaia e babosa. Reiterando que a sa\u00fade \u00e9 a maior riqueza do ser humano, ele finalizou: \u201cAs doen\u00e7as eu deixo para os m\u00e9dicos e hospitais. E que eles fa\u00e7am um bom trabalho. Mas da sa\u00fade cuido eu\u201d.<\/p>\n<p>Ao listar os elementos para uma vida e mente mais saud\u00e1vel, o escritor e neurocientista Pedro Calabrez levou \u00e0 plateia \u00e0 reflex\u00e3o. Afirmou que um dos mais importantes fatores do bem-estar humano \u00e9 a qualidade das rela\u00e7\u00f5es. \u201cNelas podemos construir o sentimento da confian\u00e7a. \u00c9 uma emo\u00e7\u00e3o que fortalece e permite que estejamos unidos\u201d. Calabrez tamb\u00e9m sustentou que o corpo n\u00e3o est\u00e1 separado do c\u00e9rebro e por isso as pessoas devem cuidar melhor de si praticando atividades f\u00edsicas regulares, tendo alimenta\u00e7\u00e3o saud\u00e1vel e qualidade do sono. Criticando manuais existenciais e livros que prometem o mapa da felicidade, observou o erro de confundir sa\u00fade com corpo sarado e a tend\u00eancia de achar que uma vida mental saud\u00e1vel \u00e9 sentir emo\u00e7\u00f5es positivas a maior parte do tempo. E advertiu: \u201cIsso n\u00e3o \u00e9 felicidade, \u00e9 prazer e conforto. Uma vida feliz ter\u00e1 momentos de prazer e conforto, mas existem outros. \u00c9 muito importante que voc\u00ea eduque seus filhos dizendo isso\u201d. Por fim, ainda salientou quest\u00f5es como engajamento para equilibrar desafios e compet\u00eancias, a relev\u00e2ncia de evitar a negatividade e n\u00e3o perder a consci\u00eancia de valorizar as pessoas e saborear as conquistas.<\/p>\n<p>\u201cEduca\u00e7\u00e3o sempre \u00e9 a chave, em qualquer setor da vida\u201d. Com essa afirma\u00e7\u00e3o, o soci\u00f3logo e mestre em Educa\u00e7\u00e3o Renato Opertti deu in\u00edcio a sua abordagem intitulada &#8220;Valores, humanismo e oportunidades no centro da educa\u00e7\u00e3o&#8221;. Segundo ele, o grande desafio dos professores atualmente est\u00e1 em formar crian\u00e7as e adolescentes para um futuro que ainda n\u00e3o sabemos como ser\u00e1. Da\u00ed o questionamento: \u201cQuais ferramentas vamos dar a essas crian\u00e7as para enfrentar o mundo?\u201d. Diante dessas transforma\u00e7\u00f5es exponenciais, a que se ter consci\u00eancia de que a disrup\u00e7\u00e3o \u00e9 uma janela de oportunidades para repensar a educa\u00e7\u00e3o e seus sistemas. Opertti descreveu o mundo como contradit\u00f3rio, onde frustra\u00e7\u00e3o e esperan\u00e7a andam lado a lado e as pessoas vivem um ciclo permanente de estudo e trabalho. Assim, a chave dos bons sistemas educacionais est\u00e1 em perceber as crian\u00e7as como seres especiais e descobrir o potencial de aprendizado de cada um, pensando o ensino de forma personalizada e preparando o indiv\u00edduo para ser criativo e receptivo \u00e0s mudan\u00e7as. Ao definir o educador como um articulador, ele sentenciou: \u201cO aluno do futuro e do presente n\u00e3o \u00e9 mais receptor de informa\u00e7\u00f5es, \u00e9 um produtor de conhecimentos\u201d.<\/p>\n<p>Com um resgate hist\u00f3rico e de v\u00e1rios pa\u00edses do mundo, a psicoterapeuta italiana e doutora em Filosofia, Margherita Carotenuto, fechou a programa\u00e7\u00e3o de palestras do evento. Ela afirmou que o homem n\u00e3o \u00e9 um produto casual da evolu\u00e7\u00e3o, mas um projeto inconsciente capaz de incorporar valores por meio da educa\u00e7\u00e3o. Para a palestrante, antes de decidir como educar um homem \u00e9 preciso saber como ele realmente \u00e9. \u00a0Segundo Margherita, \u201ca educa\u00e7\u00e3o \u00e9 indispens\u00e1vel porque homem se nasce, mas humano se torna atrav\u00e9s dela\u201d. A realidade brasileira tamb\u00e9m foi abordada com elogios ao trabalho da base nacional comum curricular no Brasil, no sentido de buscar elementos como uma sociedade mais justa e voltada para a preserva\u00e7\u00e3o da natureza. A profissional ainda citou quest\u00f5es negativas que influenciam, como assistencialismo, n\u00e3o dar o tempo ao indiv\u00edduo de desenvolver a sua capacidade de resolver os problemas, depress\u00e3o e medo. Por fim, concluiu que existe \u201cum projeto homem\u201d e pediu que se estimule essa ideia. \u201cNas crian\u00e7as isso apenas precisa ser facilitado, porque eles j\u00e1 nascem prontos para fazer o melhor, e nos adultos isso deve ser recuperado, compreendendo quem se \u00e9 e o que pode fazer na sociedade em que vive\u201d.<\/p>\n","protected":false},"excerpt":{"rendered":"<p>Quatro palestras, homenagens e apresenta\u00e7\u00f5es culturais. As atra\u00e7\u00f5es do 13\u00ba Semin\u00e1rio Sincovat, realizado na sexta-feira (31\/08) no Teatro da Univates, em\u00a0Lajeado, engajaram uma plateia de cerca de 700 pessoas em torno do tema \u201cA a\u00e7\u00e3o maior da educa\u00e7\u00e3o \u00e9 despertar valores internos\u201d. O evento promovido pelo Sindicato dos Contadores e T\u00e9cnicos em Contabilidade do Vale [&hellip;]<\/p>\n","protected":false},"author":8,"featured_media":47558,"comment_status":"open","ping_status":"open","sticky":false,"template":"","format":"standard","meta":{"pmpro_default_level":"","_jetpack_memberships_contains_paid_content":false,"footnotes":""},"categories":[3],"tags":[3316,27,750],"class_list":{"0":"post-47557","1":"post","2":"type-post","3":"status-publish","4":"format-standard","5":"has-post-thumbnail","7":"category-geral","8":"tag-13o-seminario-sincovat","9":"tag-lajeado","10":"tag-sincovat","11":"pmpro-has-access"},"yoast_head":"<!-- This site is optimized with the Yoast SEO plugin v27.5 - https:\/\/yoast.com\/product\/yoast-seo-wordpress\/ -->\n<title>Sob o mote da Educa\u00e7\u00e3o, 13\u00ba Semin\u00e1rio Sincovat re\u00fane cerca de 700 pessoas em Lajeado - Folha Popular<\/title>\n<meta name=\"robots\" content=\"index, follow, max-snippet:-1, max-image-preview:large, max-video-preview:-1\" \/>\n<link rel=\"canonical\" href=\"https:\/\/folhapopular.info\/index.php\/2018\/09\/03\/sob-o-mote-da-educacao-13o-seminario-sincovat-reune-cerca-de-700-pessoas-em-lajeado\/\" \/>\n<meta property=\"og:locale\" content=\"pt_BR\" \/>\n<meta property=\"og:type\" content=\"article\" \/>\n<meta property=\"og:title\" content=\"Sob o mote da Educa\u00e7\u00e3o, 13\u00ba Semin\u00e1rio Sincovat re\u00fane cerca de 700 pessoas em Lajeado - Folha Popular\" \/>\n<meta property=\"og:description\" content=\"Quatro palestras, homenagens e apresenta\u00e7\u00f5es culturais. As atra\u00e7\u00f5es do 13\u00ba Semin\u00e1rio Sincovat, realizado na sexta-feira (31\/08) no Teatro da Univates, em\u00a0Lajeado, engajaram uma plateia de cerca de 700 pessoas em torno do tema \u201cA a\u00e7\u00e3o maior da educa\u00e7\u00e3o \u00e9 despertar valores internos\u201d. O evento promovido pelo Sindicato dos Contadores e T\u00e9cnicos em Contabilidade do Vale [&hellip;]\" \/>\n<meta property=\"og:url\" content=\"https:\/\/folhapopular.info\/index.php\/2018\/09\/03\/sob-o-mote-da-educacao-13o-seminario-sincovat-reune-cerca-de-700-pessoas-em-lajeado\/\" \/>\n<meta property=\"og:site_name\" content=\"Folha Popular\" \/>\n<meta property=\"article:published_time\" content=\"2018-09-03T12:00:25+00:00\" \/>\n<meta property=\"og:image\" content=\"https:\/\/folhapopular.info\/wp-content\/uploads\/2018\/09\/publico-e1535974032100.jpg\" \/>\n\t<meta property=\"og:image:width\" content=\"800\" \/>\n\t<meta property=\"og:image:height\" content=\"533\" \/>\n\t<meta property=\"og:image:type\" content=\"image\/jpeg\" \/>\n<meta name=\"author\" content=\"Reda\u00e7\u00e3o Folha Popular\" \/>\n<meta name=\"twitter:card\" content=\"summary_large_image\" \/>\n<meta name=\"twitter:label1\" content=\"Escrito por\" \/>\n\t<meta name=\"twitter:data1\" content=\"Reda\u00e7\u00e3o Folha Popular\" \/>\n\t<meta name=\"twitter:label2\" content=\"Est. tempo de leitura\" \/>\n\t<meta name=\"twitter:data2\" content=\"6 minutos\" \/>\n<script type=\"application\/ld+json\" class=\"yoast-schema-graph\">{\"@context\":\"https:\\\/\\\/schema.org\",\"@graph\":[{\"@type\":\"Article\",\"@id\":\"https:\\\/\\\/folhapopular.info\\\/index.php\\\/2018\\\/09\\\/03\\\/sob-o-mote-da-educacao-13o-seminario-sincovat-reune-cerca-de-700-pessoas-em-lajeado\\\/#article\",\"isPartOf\":{\"@id\":\"https:\\\/\\\/folhapopular.info\\\/index.php\\\/2018\\\/09\\\/03\\\/sob-o-mote-da-educacao-13o-seminario-sincovat-reune-cerca-de-700-pessoas-em-lajeado\\\/\"},\"author\":{\"name\":\"Reda\u00e7\u00e3o Folha Popular\",\"@id\":\"https:\\\/\\\/folhapopular.info\\\/#\\\/schema\\\/person\\\/2814e8a0df7643585a9ca38bc6eb9d4b\"},\"headline\":\"Sob o mote da Educa\u00e7\u00e3o, 13\u00ba Semin\u00e1rio Sincovat re\u00fane cerca de 700 pessoas em Lajeado\",\"datePublished\":\"2018-09-03T12:00:25+00:00\",\"mainEntityOfPage\":{\"@id\":\"https:\\\/\\\/folhapopular.info\\\/index.php\\\/2018\\\/09\\\/03\\\/sob-o-mote-da-educacao-13o-seminario-sincovat-reune-cerca-de-700-pessoas-em-lajeado\\\/\"},\"wordCount\":1148,\"commentCount\":0,\"image\":{\"@id\":\"https:\\\/\\\/folhapopular.info\\\/index.php\\\/2018\\\/09\\\/03\\\/sob-o-mote-da-educacao-13o-seminario-sincovat-reune-cerca-de-700-pessoas-em-lajeado\\\/#primaryimage\"},\"thumbnailUrl\":\"https:\\\/\\\/folhapopular.info\\\/wp-content\\\/uploads\\\/2018\\\/09\\\/publico-e1535974032100.jpg\",\"keywords\":[\"13\u00ba Semin\u00e1rio Sincovat\",\"Lajeado\",\"Sincovat\"],\"articleSection\":[\"Geral\"],\"inLanguage\":\"pt-BR\",\"potentialAction\":[{\"@type\":\"CommentAction\",\"name\":\"Comment\",\"target\":[\"https:\\\/\\\/folhapopular.info\\\/index.php\\\/2018\\\/09\\\/03\\\/sob-o-mote-da-educacao-13o-seminario-sincovat-reune-cerca-de-700-pessoas-em-lajeado\\\/#respond\"]}]},{\"@type\":\"WebPage\",\"@id\":\"https:\\\/\\\/folhapopular.info\\\/index.php\\\/2018\\\/09\\\/03\\\/sob-o-mote-da-educacao-13o-seminario-sincovat-reune-cerca-de-700-pessoas-em-lajeado\\\/\",\"url\":\"https:\\\/\\\/folhapopular.info\\\/index.php\\\/2018\\\/09\\\/03\\\/sob-o-mote-da-educacao-13o-seminario-sincovat-reune-cerca-de-700-pessoas-em-lajeado\\\/\",\"name\":\"Sob o mote da Educa\u00e7\u00e3o, 13\u00ba Semin\u00e1rio Sincovat re\u00fane cerca de 700 pessoas em Lajeado - Folha Popular\",\"isPartOf\":{\"@id\":\"https:\\\/\\\/folhapopular.info\\\/#website\"},\"primaryImageOfPage\":{\"@id\":\"https:\\\/\\\/folhapopular.info\\\/index.php\\\/2018\\\/09\\\/03\\\/sob-o-mote-da-educacao-13o-seminario-sincovat-reune-cerca-de-700-pessoas-em-lajeado\\\/#primaryimage\"},\"image\":{\"@id\":\"https:\\\/\\\/folhapopular.info\\\/index.php\\\/2018\\\/09\\\/03\\\/sob-o-mote-da-educacao-13o-seminario-sincovat-reune-cerca-de-700-pessoas-em-lajeado\\\/#primaryimage\"},\"thumbnailUrl\":\"https:\\\/\\\/folhapopular.info\\\/wp-content\\\/uploads\\\/2018\\\/09\\\/publico-e1535974032100.jpg\",\"datePublished\":\"2018-09-03T12:00:25+00:00\",\"author\":{\"@id\":\"https:\\\/\\\/folhapopular.info\\\/#\\\/schema\\\/person\\\/2814e8a0df7643585a9ca38bc6eb9d4b\"},\"breadcrumb\":{\"@id\":\"https:\\\/\\\/folhapopular.info\\\/index.php\\\/2018\\\/09\\\/03\\\/sob-o-mote-da-educacao-13o-seminario-sincovat-reune-cerca-de-700-pessoas-em-lajeado\\\/#breadcrumb\"},\"inLanguage\":\"pt-BR\",\"potentialAction\":[{\"@type\":\"ReadAction\",\"target\":[\"https:\\\/\\\/folhapopular.info\\\/index.php\\\/2018\\\/09\\\/03\\\/sob-o-mote-da-educacao-13o-seminario-sincovat-reune-cerca-de-700-pessoas-em-lajeado\\\/\"]}]},{\"@type\":\"ImageObject\",\"inLanguage\":\"pt-BR\",\"@id\":\"https:\\\/\\\/folhapopular.info\\\/index.php\\\/2018\\\/09\\\/03\\\/sob-o-mote-da-educacao-13o-seminario-sincovat-reune-cerca-de-700-pessoas-em-lajeado\\\/#primaryimage\",\"url\":\"https:\\\/\\\/folhapopular.info\\\/wp-content\\\/uploads\\\/2018\\\/09\\\/publico-e1535974032100.jpg\",\"contentUrl\":\"https:\\\/\\\/folhapopular.info\\\/wp-content\\\/uploads\\\/2018\\\/09\\\/publico-e1535974032100.jpg\",\"width\":800,\"height\":533,\"caption\":\"Cerca de 700 pessoas participaram do Semin\u00e1rio\"},{\"@type\":\"BreadcrumbList\",\"@id\":\"https:\\\/\\\/folhapopular.info\\\/index.php\\\/2018\\\/09\\\/03\\\/sob-o-mote-da-educacao-13o-seminario-sincovat-reune-cerca-de-700-pessoas-em-lajeado\\\/#breadcrumb\",\"itemListElement\":[{\"@type\":\"ListItem\",\"position\":1,\"name\":\"In\u00edcio\",\"item\":\"https:\\\/\\\/folhapopular.info\\\/\"},{\"@type\":\"ListItem\",\"position\":2,\"name\":\"Sob o mote da Educa\u00e7\u00e3o, 13\u00ba Semin\u00e1rio Sincovat re\u00fane cerca de 700 pessoas em Lajeado\"}]},{\"@type\":\"WebSite\",\"@id\":\"https:\\\/\\\/folhapopular.info\\\/#website\",\"url\":\"https:\\\/\\\/folhapopular.info\\\/\",\"name\":\"Folha Popular\",\"description\":\"Onde voc\u00ea tem vez e voz\",\"potentialAction\":[{\"@type\":\"SearchAction\",\"target\":{\"@type\":\"EntryPoint\",\"urlTemplate\":\"https:\\\/\\\/folhapopular.info\\\/?s={search_term_string}\"},\"query-input\":{\"@type\":\"PropertyValueSpecification\",\"valueRequired\":true,\"valueName\":\"search_term_string\"}}],\"inLanguage\":\"pt-BR\"},{\"@type\":\"Person\",\"@id\":\"https:\\\/\\\/folhapopular.info\\\/#\\\/schema\\\/person\\\/2814e8a0df7643585a9ca38bc6eb9d4b\",\"name\":\"Reda\u00e7\u00e3o Folha Popular\",\"image\":{\"@type\":\"ImageObject\",\"inLanguage\":\"pt-BR\",\"@id\":\"https:\\\/\\\/folhapopular.info\\\/wp-content\\\/uploads\\\/2026\\\/04\\\/Folha-1.webp\",\"url\":\"https:\\\/\\\/folhapopular.info\\\/wp-content\\\/uploads\\\/2026\\\/04\\\/Folha-1.webp\",\"contentUrl\":\"https:\\\/\\\/folhapopular.info\\\/wp-content\\\/uploads\\\/2026\\\/04\\\/Folha-1.webp\",\"caption\":\"Reda\u00e7\u00e3o Folha Popular\"},\"url\":\"https:\\\/\\\/folhapopular.info\\\/index.php\\\/author\\\/redacao\\\/\"}]}<\/script>\n<!-- \/ Yoast SEO plugin. -->","yoast_head_json":{"title":"Sob o mote da Educa\u00e7\u00e3o, 13\u00ba Semin\u00e1rio Sincovat re\u00fane cerca de 700 pessoas em Lajeado - Folha Popular","robots":{"index":"index","follow":"follow","max-snippet":"max-snippet:-1","max-image-preview":"max-image-preview:large","max-video-preview":"max-video-preview:-1"},"canonical":"https:\/\/folhapopular.info\/index.php\/2018\/09\/03\/sob-o-mote-da-educacao-13o-seminario-sincovat-reune-cerca-de-700-pessoas-em-lajeado\/","og_locale":"pt_BR","og_type":"article","og_title":"Sob o mote da Educa\u00e7\u00e3o, 13\u00ba Semin\u00e1rio Sincovat re\u00fane cerca de 700 pessoas em Lajeado - Folha Popular","og_description":"Quatro palestras, homenagens e apresenta\u00e7\u00f5es culturais. As atra\u00e7\u00f5es do 13\u00ba Semin\u00e1rio Sincovat, realizado na sexta-feira (31\/08) no Teatro da Univates, em\u00a0Lajeado, engajaram uma plateia de cerca de 700 pessoas em torno do tema \u201cA a\u00e7\u00e3o maior da educa\u00e7\u00e3o \u00e9 despertar valores internos\u201d. O evento promovido pelo Sindicato dos Contadores e T\u00e9cnicos em Contabilidade do Vale [&hellip;]","og_url":"https:\/\/folhapopular.info\/index.php\/2018\/09\/03\/sob-o-mote-da-educacao-13o-seminario-sincovat-reune-cerca-de-700-pessoas-em-lajeado\/","og_site_name":"Folha Popular","article_published_time":"2018-09-03T12:00:25+00:00","og_image":[{"width":800,"height":533,"url":"https:\/\/folhapopular.info\/wp-content\/uploads\/2018\/09\/publico-e1535974032100.jpg","type":"image\/jpeg"}],"author":"Reda\u00e7\u00e3o Folha Popular","twitter_card":"summary_large_image","twitter_misc":{"Escrito por":"Reda\u00e7\u00e3o Folha Popular","Est. tempo de leitura":"6 minutos"},"schema":{"@context":"https:\/\/schema.org","@graph":[{"@type":"Article","@id":"https:\/\/folhapopular.info\/index.php\/2018\/09\/03\/sob-o-mote-da-educacao-13o-seminario-sincovat-reune-cerca-de-700-pessoas-em-lajeado\/#article","isPartOf":{"@id":"https:\/\/folhapopular.info\/index.php\/2018\/09\/03\/sob-o-mote-da-educacao-13o-seminario-sincovat-reune-cerca-de-700-pessoas-em-lajeado\/"},"author":{"name":"Reda\u00e7\u00e3o Folha Popular","@id":"https:\/\/folhapopular.info\/#\/schema\/person\/2814e8a0df7643585a9ca38bc6eb9d4b"},"headline":"Sob o mote da Educa\u00e7\u00e3o, 13\u00ba Semin\u00e1rio Sincovat re\u00fane cerca de 700 pessoas em Lajeado","datePublished":"2018-09-03T12:00:25+00:00","mainEntityOfPage":{"@id":"https:\/\/folhapopular.info\/index.php\/2018\/09\/03\/sob-o-mote-da-educacao-13o-seminario-sincovat-reune-cerca-de-700-pessoas-em-lajeado\/"},"wordCount":1148,"commentCount":0,"image":{"@id":"https:\/\/folhapopular.info\/index.php\/2018\/09\/03\/sob-o-mote-da-educacao-13o-seminario-sincovat-reune-cerca-de-700-pessoas-em-lajeado\/#primaryimage"},"thumbnailUrl":"https:\/\/folhapopular.info\/wp-content\/uploads\/2018\/09\/publico-e1535974032100.jpg","keywords":["13\u00ba Semin\u00e1rio Sincovat","Lajeado","Sincovat"],"articleSection":["Geral"],"inLanguage":"pt-BR","potentialAction":[{"@type":"CommentAction","name":"Comment","target":["https:\/\/folhapopular.info\/index.php\/2018\/09\/03\/sob-o-mote-da-educacao-13o-seminario-sincovat-reune-cerca-de-700-pessoas-em-lajeado\/#respond"]}]},{"@type":"WebPage","@id":"https:\/\/folhapopular.info\/index.php\/2018\/09\/03\/sob-o-mote-da-educacao-13o-seminario-sincovat-reune-cerca-de-700-pessoas-em-lajeado\/","url":"https:\/\/folhapopular.info\/index.php\/2018\/09\/03\/sob-o-mote-da-educacao-13o-seminario-sincovat-reune-cerca-de-700-pessoas-em-lajeado\/","name":"Sob o mote da Educa\u00e7\u00e3o, 13\u00ba Semin\u00e1rio Sincovat re\u00fane cerca de 700 pessoas em Lajeado - Folha Popular","isPartOf":{"@id":"https:\/\/folhapopular.info\/#website"},"primaryImageOfPage":{"@id":"https:\/\/folhapopular.info\/index.php\/2018\/09\/03\/sob-o-mote-da-educacao-13o-seminario-sincovat-reune-cerca-de-700-pessoas-em-lajeado\/#primaryimage"},"image":{"@id":"https:\/\/folhapopular.info\/index.php\/2018\/09\/03\/sob-o-mote-da-educacao-13o-seminario-sincovat-reune-cerca-de-700-pessoas-em-lajeado\/#primaryimage"},"thumbnailUrl":"https:\/\/folhapopular.info\/wp-content\/uploads\/2018\/09\/publico-e1535974032100.jpg","datePublished":"2018-09-03T12:00:25+00:00","author":{"@id":"https:\/\/folhapopular.info\/#\/schema\/person\/2814e8a0df7643585a9ca38bc6eb9d4b"},"breadcrumb":{"@id":"https:\/\/folhapopular.info\/index.php\/2018\/09\/03\/sob-o-mote-da-educacao-13o-seminario-sincovat-reune-cerca-de-700-pessoas-em-lajeado\/#breadcrumb"},"inLanguage":"pt-BR","potentialAction":[{"@type":"ReadAction","target":["https:\/\/folhapopular.info\/index.php\/2018\/09\/03\/sob-o-mote-da-educacao-13o-seminario-sincovat-reune-cerca-de-700-pessoas-em-lajeado\/"]}]},{"@type":"ImageObject","inLanguage":"pt-BR","@id":"https:\/\/folhapopular.info\/index.php\/2018\/09\/03\/sob-o-mote-da-educacao-13o-seminario-sincovat-reune-cerca-de-700-pessoas-em-lajeado\/#primaryimage","url":"https:\/\/folhapopular.info\/wp-content\/uploads\/2018\/09\/publico-e1535974032100.jpg","contentUrl":"https:\/\/folhapopular.info\/wp-content\/uploads\/2018\/09\/publico-e1535974032100.jpg","width":800,"height":533,"caption":"Cerca de 700 pessoas participaram do Semin\u00e1rio"},{"@type":"BreadcrumbList","@id":"https:\/\/folhapopular.info\/index.php\/2018\/09\/03\/sob-o-mote-da-educacao-13o-seminario-sincovat-reune-cerca-de-700-pessoas-em-lajeado\/#breadcrumb","itemListElement":[{"@type":"ListItem","position":1,"name":"In\u00edcio","item":"https:\/\/folhapopular.info\/"},{"@type":"ListItem","position":2,"name":"Sob o mote da Educa\u00e7\u00e3o, 13\u00ba Semin\u00e1rio Sincovat re\u00fane cerca de 700 pessoas em Lajeado"}]},{"@type":"WebSite","@id":"https:\/\/folhapopular.info\/#website","url":"https:\/\/folhapopular.info\/","name":"Folha Popular","description":"Onde voc\u00ea tem vez e voz","potentialAction":[{"@type":"SearchAction","target":{"@type":"EntryPoint","urlTemplate":"https:\/\/folhapopular.info\/?s={search_term_string}"},"query-input":{"@type":"PropertyValueSpecification","valueRequired":true,"valueName":"search_term_string"}}],"inLanguage":"pt-BR"},{"@type":"Person","@id":"https:\/\/folhapopular.info\/#\/schema\/person\/2814e8a0df7643585a9ca38bc6eb9d4b","name":"Reda\u00e7\u00e3o Folha Popular","image":{"@type":"ImageObject","inLanguage":"pt-BR","@id":"https:\/\/folhapopular.info\/wp-content\/uploads\/2026\/04\/Folha-1.webp","url":"https:\/\/folhapopular.info\/wp-content\/uploads\/2026\/04\/Folha-1.webp","contentUrl":"https:\/\/folhapopular.info\/wp-content\/uploads\/2026\/04\/Folha-1.webp","caption":"Reda\u00e7\u00e3o Folha Popular"},"url":"https:\/\/folhapopular.info\/index.php\/author\/redacao\/"}]}},"jetpack_featured_media_url":"https:\/\/folhapopular.info\/wp-content\/uploads\/2018\/09\/publico-e1535974032100.jpg","jetpack_sharing_enabled":true,"amp_enabled":true,"_links":{"self":[{"href":"https:\/\/folhapopular.info\/index.php\/wp-json\/wp\/v2\/posts\/47557","targetHints":{"allow":["GET"]}}],"collection":[{"href":"https:\/\/folhapopular.info\/index.php\/wp-json\/wp\/v2\/posts"}],"about":[{"href":"https:\/\/folhapopular.info\/index.php\/wp-json\/wp\/v2\/types\/post"}],"author":[{"embeddable":true,"href":"https:\/\/folhapopular.info\/index.php\/wp-json\/wp\/v2\/users\/8"}],"replies":[{"embeddable":true,"href":"https:\/\/folhapopular.info\/index.php\/wp-json\/wp\/v2\/comments?post=47557"}],"version-history":[{"count":0,"href":"https:\/\/folhapopular.info\/index.php\/wp-json\/wp\/v2\/posts\/47557\/revisions"}],"wp:featuredmedia":[{"embeddable":true,"href":"https:\/\/folhapopular.info\/index.php\/wp-json\/wp\/v2\/media\/47558"}],"wp:attachment":[{"href":"https:\/\/folhapopular.info\/index.php\/wp-json\/wp\/v2\/media?parent=47557"}],"wp:term":[{"taxonomy":"category","embeddable":true,"href":"https:\/\/folhapopular.info\/index.php\/wp-json\/wp\/v2\/categories?post=47557"},{"taxonomy":"post_tag","embeddable":true,"href":"https:\/\/folhapopular.info\/index.php\/wp-json\/wp\/v2\/tags?post=47557"}],"curies":[{"name":"wp","href":"https:\/\/api.w.org\/{rel}","templated":true}]}}