{"id":47651,"date":"2018-09-06T09:43:16","date_gmt":"2018-09-06T12:43:16","guid":{"rendered":"http:\/\/folhapopular.info\/?p=47651"},"modified":"2018-09-06T10:01:21","modified_gmt":"2018-09-06T13:01:21","slug":"dois-criminosos-feridos-apos-confronto-com-a-brigada-militar-em-paverama","status":"publish","type":"post","link":"https:\/\/folhapopular.info\/index.php\/2018\/09\/06\/dois-criminosos-feridos-apos-confronto-com-a-brigada-militar-em-paverama\/","title":{"rendered":"Dois criminosos feridos ap\u00f3s confronto com a Brigada Militar em Paverama"},"content":{"rendered":"<p>Na noite desta quarta-feira (05\/09), dois criminosos trafegavam em um Celta roubado. Os homens efetuaram o roubo de uma motocicleta, na localidade de Boa Esperan\u00e7a, em Paverama, por volta das 21h. A v\u00edtima comunicou a Brigada Militar, que localizou os dois ve\u00edculos em fuga.<\/p>\n<p>O motociclista caiu da moto e efetuou disparos de arma de fogo na dire\u00e7\u00e3o dos policiais, os quais reagiram e atingiram ambos os criminosos, de 22 e 23 anos. Os dois ve\u00edculos foram recuperados e os bandidos, moradores de Taquari e Montenegro, foram encaminhados ao hospital e ao pres\u00eddio ap\u00f3s medica\u00e7\u00e3o. Ambos possuem hist\u00f3rico criminal por roubo e outras ocorr\u00eancias.<\/p>\n","protected":false},"excerpt":{"rendered":"<p>Na noite desta quarta-feira (05\/09), dois criminosos trafegavam em um Celta roubado. Os homens efetuaram o roubo de uma motocicleta, na localidade de Boa Esperan\u00e7a, em Paverama, por volta das 21h. A v\u00edtima comunicou a Brigada Militar, que localizou os dois ve\u00edculos em fuga. O motociclista caiu da moto e efetuou disparos de arma de [&hellip;]<\/p>\n","protected":false},"author":8,"featured_media":31970,"comment_status":"open","ping_status":"open","sticky":false,"template":"","format":"standard","meta":{"pmpro_default_level":"","_jetpack_memberships_contains_paid_content":false,"footnotes":""},"categories":[3,7],"tags":[251,46,2528,1917],"class_list":{"0":"post-47651","1":"post","2":"type-post","3":"status-publish","4":"format-standard","5":"has-post-thumbnail","7":"category-geral","8":"category-seguranca","9":"tag-brigada-militar","10":"tag-paverama","11":"tag-roubo-de-veiculo","12":"tag-troca-de-tiros","13":"pmpro-has-access"},"yoast_head":"<!-- This site is optimized with the Yoast SEO plugin v27.5 - https:\/\/yoast.com\/product\/yoast-seo-wordpress\/ -->\n<title>Dois criminosos feridos ap\u00f3s confronto com a Brigada Militar em Paverama - Folha Popular<\/title>\n<meta name=\"robots\" content=\"index, follow, max-snippet:-1, max-image-preview:large, max-video-preview:-1\" \/>\n<link rel=\"canonical\" href=\"https:\/\/folhapopular.info\/index.php\/2018\/09\/06\/dois-criminosos-feridos-apos-confronto-com-a-brigada-militar-em-paverama\/\" \/>\n<meta property=\"og:locale\" content=\"pt_BR\" \/>\n<meta property=\"og:type\" content=\"article\" \/>\n<meta property=\"og:title\" content=\"Dois criminosos feridos ap\u00f3s confronto com a Brigada Militar em Paverama - Folha Popular\" \/>\n<meta property=\"og:description\" content=\"Na noite desta quarta-feira (05\/09), dois criminosos trafegavam em um Celta roubado. Os homens efetuaram o roubo de uma motocicleta, na localidade de Boa Esperan\u00e7a, em Paverama, por volta das 21h. A v\u00edtima comunicou a Brigada Militar, que localizou os dois ve\u00edculos em fuga. O motociclista caiu da moto e efetuou disparos de arma de [&hellip;]\" \/>\n<meta property=\"og:url\" content=\"https:\/\/folhapopular.info\/index.php\/2018\/09\/06\/dois-criminosos-feridos-apos-confronto-com-a-brigada-militar-em-paverama\/\" \/>\n<meta property=\"og:site_name\" content=\"Folha Popular\" \/>\n<meta property=\"article:published_time\" content=\"2018-09-06T12:43:16+00:00\" \/>\n<meta property=\"article:modified_time\" content=\"2018-09-06T13:01:21+00:00\" \/>\n<meta property=\"og:image\" content=\"https:\/\/folhapopular.info\/wp-content\/uploads\/2017\/07\/Pol\u00edcia_SITE-e1544690850833.jpg\" \/>\n\t<meta property=\"og:image:width\" content=\"800\" \/>\n\t<meta property=\"og:image:height\" content=\"514\" \/>\n\t<meta property=\"og:image:type\" content=\"image\/jpeg\" \/>\n<meta name=\"author\" content=\"Reda\u00e7\u00e3o Folha Popular\" \/>\n<meta name=\"twitter:card\" content=\"summary_large_image\" \/>\n<meta name=\"twitter:label1\" content=\"Escrito por\" \/>\n\t<meta name=\"twitter:data1\" content=\"Reda\u00e7\u00e3o Folha Popular\" \/>\n\t<meta name=\"twitter:label2\" content=\"Est. tempo de leitura\" \/>\n\t<meta name=\"twitter:data2\" content=\"1 minuto\" \/>\n<script type=\"application\/ld+json\" class=\"yoast-schema-graph\">{\"@context\":\"https:\\\/\\\/schema.org\",\"@graph\":[{\"@type\":\"Article\",\"@id\":\"https:\\\/\\\/folhapopular.info\\\/index.php\\\/2018\\\/09\\\/06\\\/dois-criminosos-feridos-apos-confronto-com-a-brigada-militar-em-paverama\\\/#article\",\"isPartOf\":{\"@id\":\"https:\\\/\\\/folhapopular.info\\\/index.php\\\/2018\\\/09\\\/06\\\/dois-criminosos-feridos-apos-confronto-com-a-brigada-militar-em-paverama\\\/\"},\"author\":{\"name\":\"Reda\u00e7\u00e3o Folha Popular\",\"@id\":\"https:\\\/\\\/folhapopular.info\\\/#\\\/schema\\\/person\\\/2814e8a0df7643585a9ca38bc6eb9d4b\"},\"headline\":\"Dois criminosos feridos ap\u00f3s confronto com a Brigada Militar em Paverama\",\"datePublished\":\"2018-09-06T12:43:16+00:00\",\"dateModified\":\"2018-09-06T13:01:21+00:00\",\"mainEntityOfPage\":{\"@id\":\"https:\\\/\\\/folhapopular.info\\\/index.php\\\/2018\\\/09\\\/06\\\/dois-criminosos-feridos-apos-confronto-com-a-brigada-militar-em-paverama\\\/\"},\"wordCount\":123,\"commentCount\":0,\"image\":{\"@id\":\"https:\\\/\\\/folhapopular.info\\\/index.php\\\/2018\\\/09\\\/06\\\/dois-criminosos-feridos-apos-confronto-com-a-brigada-militar-em-paverama\\\/#primaryimage\"},\"thumbnailUrl\":\"https:\\\/\\\/folhapopular.info\\\/wp-content\\\/uploads\\\/2017\\\/07\\\/Pol\u00edcia_SITE-e1544690850833.jpg\",\"keywords\":[\"Brigada Militar\",\"Paverama\",\"Roubo de ve\u00edculo\",\"troca de tiros\"],\"articleSection\":[\"Geral\",\"Seguran\u00e7a\"],\"inLanguage\":\"pt-BR\",\"potentialAction\":[{\"@type\":\"CommentAction\",\"name\":\"Comment\",\"target\":[\"https:\\\/\\\/folhapopular.info\\\/index.php\\\/2018\\\/09\\\/06\\\/dois-criminosos-feridos-apos-confronto-com-a-brigada-militar-em-paverama\\\/#respond\"]}]},{\"@type\":\"WebPage\",\"@id\":\"https:\\\/\\\/folhapopular.info\\\/index.php\\\/2018\\\/09\\\/06\\\/dois-criminosos-feridos-apos-confronto-com-a-brigada-militar-em-paverama\\\/\",\"url\":\"https:\\\/\\\/folhapopular.info\\\/index.php\\\/2018\\\/09\\\/06\\\/dois-criminosos-feridos-apos-confronto-com-a-brigada-militar-em-paverama\\\/\",\"name\":\"Dois criminosos feridos ap\u00f3s confronto com a Brigada Militar em Paverama - Folha Popular\",\"isPartOf\":{\"@id\":\"https:\\\/\\\/folhapopular.info\\\/#website\"},\"primaryImageOfPage\":{\"@id\":\"https:\\\/\\\/folhapopular.info\\\/index.php\\\/2018\\\/09\\\/06\\\/dois-criminosos-feridos-apos-confronto-com-a-brigada-militar-em-paverama\\\/#primaryimage\"},\"image\":{\"@id\":\"https:\\\/\\\/folhapopular.info\\\/index.php\\\/2018\\\/09\\\/06\\\/dois-criminosos-feridos-apos-confronto-com-a-brigada-militar-em-paverama\\\/#primaryimage\"},\"thumbnailUrl\":\"https:\\\/\\\/folhapopular.info\\\/wp-content\\\/uploads\\\/2017\\\/07\\\/Pol\u00edcia_SITE-e1544690850833.jpg\",\"datePublished\":\"2018-09-06T12:43:16+00:00\",\"dateModified\":\"2018-09-06T13:01:21+00:00\",\"author\":{\"@id\":\"https:\\\/\\\/folhapopular.info\\\/#\\\/schema\\\/person\\\/2814e8a0df7643585a9ca38bc6eb9d4b\"},\"breadcrumb\":{\"@id\":\"https:\\\/\\\/folhapopular.info\\\/index.php\\\/2018\\\/09\\\/06\\\/dois-criminosos-feridos-apos-confronto-com-a-brigada-militar-em-paverama\\\/#breadcrumb\"},\"inLanguage\":\"pt-BR\",\"potentialAction\":[{\"@type\":\"ReadAction\",\"target\":[\"https:\\\/\\\/folhapopular.info\\\/index.php\\\/2018\\\/09\\\/06\\\/dois-criminosos-feridos-apos-confronto-com-a-brigada-militar-em-paverama\\\/\"]}]},{\"@type\":\"ImageObject\",\"inLanguage\":\"pt-BR\",\"@id\":\"https:\\\/\\\/folhapopular.info\\\/index.php\\\/2018\\\/09\\\/06\\\/dois-criminosos-feridos-apos-confronto-com-a-brigada-militar-em-paverama\\\/#primaryimage\",\"url\":\"https:\\\/\\\/folhapopular.info\\\/wp-content\\\/uploads\\\/2017\\\/07\\\/Pol\u00edcia_SITE-e1544690850833.jpg\",\"contentUrl\":\"https:\\\/\\\/folhapopular.info\\\/wp-content\\\/uploads\\\/2017\\\/07\\\/Pol\u00edcia_SITE-e1544690850833.jpg\",\"width\":800,\"height\":514},{\"@type\":\"BreadcrumbList\",\"@id\":\"https:\\\/\\\/folhapopular.info\\\/index.php\\\/2018\\\/09\\\/06\\\/dois-criminosos-feridos-apos-confronto-com-a-brigada-militar-em-paverama\\\/#breadcrumb\",\"itemListElement\":[{\"@type\":\"ListItem\",\"position\":1,\"name\":\"In\u00edcio\",\"item\":\"https:\\\/\\\/folhapopular.info\\\/\"},{\"@type\":\"ListItem\",\"position\":2,\"name\":\"Dois criminosos feridos ap\u00f3s confronto com a Brigada Militar em Paverama\"}]},{\"@type\":\"WebSite\",\"@id\":\"https:\\\/\\\/folhapopular.info\\\/#website\",\"url\":\"https:\\\/\\\/folhapopular.info\\\/\",\"name\":\"Folha Popular\",\"description\":\"Onde voc\u00ea tem vez e voz\",\"potentialAction\":[{\"@type\":\"SearchAction\",\"target\":{\"@type\":\"EntryPoint\",\"urlTemplate\":\"https:\\\/\\\/folhapopular.info\\\/?s={search_term_string}\"},\"query-input\":{\"@type\":\"PropertyValueSpecification\",\"valueRequired\":true,\"valueName\":\"search_term_string\"}}],\"inLanguage\":\"pt-BR\"},{\"@type\":\"Person\",\"@id\":\"https:\\\/\\\/folhapopular.info\\\/#\\\/schema\\\/person\\\/2814e8a0df7643585a9ca38bc6eb9d4b\",\"name\":\"Reda\u00e7\u00e3o Folha Popular\",\"image\":{\"@type\":\"ImageObject\",\"inLanguage\":\"pt-BR\",\"@id\":\"https:\\\/\\\/folhapopular.info\\\/wp-content\\\/uploads\\\/2026\\\/04\\\/Folha-1.webp\",\"url\":\"https:\\\/\\\/folhapopular.info\\\/wp-content\\\/uploads\\\/2026\\\/04\\\/Folha-1.webp\",\"contentUrl\":\"https:\\\/\\\/folhapopular.info\\\/wp-content\\\/uploads\\\/2026\\\/04\\\/Folha-1.webp\",\"caption\":\"Reda\u00e7\u00e3o Folha Popular\"},\"url\":\"https:\\\/\\\/folhapopular.info\\\/index.php\\\/author\\\/redacao\\\/\"}]}<\/script>\n<!-- \/ Yoast SEO plugin. -->","yoast_head_json":{"title":"Dois criminosos feridos ap\u00f3s confronto com a Brigada Militar em Paverama - Folha Popular","robots":{"index":"index","follow":"follow","max-snippet":"max-snippet:-1","max-image-preview":"max-image-preview:large","max-video-preview":"max-video-preview:-1"},"canonical":"https:\/\/folhapopular.info\/index.php\/2018\/09\/06\/dois-criminosos-feridos-apos-confronto-com-a-brigada-militar-em-paverama\/","og_locale":"pt_BR","og_type":"article","og_title":"Dois criminosos feridos ap\u00f3s confronto com a Brigada Militar em Paverama - Folha Popular","og_description":"Na noite desta quarta-feira (05\/09), dois criminosos trafegavam em um Celta roubado. Os homens efetuaram o roubo de uma motocicleta, na localidade de Boa Esperan\u00e7a, em Paverama, por volta das 21h. A v\u00edtima comunicou a Brigada Militar, que localizou os dois ve\u00edculos em fuga. O motociclista caiu da moto e efetuou disparos de arma de [&hellip;]","og_url":"https:\/\/folhapopular.info\/index.php\/2018\/09\/06\/dois-criminosos-feridos-apos-confronto-com-a-brigada-militar-em-paverama\/","og_site_name":"Folha Popular","article_published_time":"2018-09-06T12:43:16+00:00","article_modified_time":"2018-09-06T13:01:21+00:00","og_image":[{"width":800,"height":514,"url":"https:\/\/folhapopular.info\/wp-content\/uploads\/2017\/07\/Pol\u00edcia_SITE-e1544690850833.jpg","type":"image\/jpeg"}],"author":"Reda\u00e7\u00e3o Folha Popular","twitter_card":"summary_large_image","twitter_misc":{"Escrito por":"Reda\u00e7\u00e3o Folha Popular","Est. tempo de leitura":"1 minuto"},"schema":{"@context":"https:\/\/schema.org","@graph":[{"@type":"Article","@id":"https:\/\/folhapopular.info\/index.php\/2018\/09\/06\/dois-criminosos-feridos-apos-confronto-com-a-brigada-militar-em-paverama\/#article","isPartOf":{"@id":"https:\/\/folhapopular.info\/index.php\/2018\/09\/06\/dois-criminosos-feridos-apos-confronto-com-a-brigada-militar-em-paverama\/"},"author":{"name":"Reda\u00e7\u00e3o Folha Popular","@id":"https:\/\/folhapopular.info\/#\/schema\/person\/2814e8a0df7643585a9ca38bc6eb9d4b"},"headline":"Dois criminosos feridos ap\u00f3s confronto com a Brigada Militar em Paverama","datePublished":"2018-09-06T12:43:16+00:00","dateModified":"2018-09-06T13:01:21+00:00","mainEntityOfPage":{"@id":"https:\/\/folhapopular.info\/index.php\/2018\/09\/06\/dois-criminosos-feridos-apos-confronto-com-a-brigada-militar-em-paverama\/"},"wordCount":123,"commentCount":0,"image":{"@id":"https:\/\/folhapopular.info\/index.php\/2018\/09\/06\/dois-criminosos-feridos-apos-confronto-com-a-brigada-militar-em-paverama\/#primaryimage"},"thumbnailUrl":"https:\/\/folhapopular.info\/wp-content\/uploads\/2017\/07\/Pol\u00edcia_SITE-e1544690850833.jpg","keywords":["Brigada Militar","Paverama","Roubo de ve\u00edculo","troca de tiros"],"articleSection":["Geral","Seguran\u00e7a"],"inLanguage":"pt-BR","potentialAction":[{"@type":"CommentAction","name":"Comment","target":["https:\/\/folhapopular.info\/index.php\/2018\/09\/06\/dois-criminosos-feridos-apos-confronto-com-a-brigada-militar-em-paverama\/#respond"]}]},{"@type":"WebPage","@id":"https:\/\/folhapopular.info\/index.php\/2018\/09\/06\/dois-criminosos-feridos-apos-confronto-com-a-brigada-militar-em-paverama\/","url":"https:\/\/folhapopular.info\/index.php\/2018\/09\/06\/dois-criminosos-feridos-apos-confronto-com-a-brigada-militar-em-paverama\/","name":"Dois criminosos feridos ap\u00f3s confronto com a Brigada Militar em Paverama - Folha Popular","isPartOf":{"@id":"https:\/\/folhapopular.info\/#website"},"primaryImageOfPage":{"@id":"https:\/\/folhapopular.info\/index.php\/2018\/09\/06\/dois-criminosos-feridos-apos-confronto-com-a-brigada-militar-em-paverama\/#primaryimage"},"image":{"@id":"https:\/\/folhapopular.info\/index.php\/2018\/09\/06\/dois-criminosos-feridos-apos-confronto-com-a-brigada-militar-em-paverama\/#primaryimage"},"thumbnailUrl":"https:\/\/folhapopular.info\/wp-content\/uploads\/2017\/07\/Pol\u00edcia_SITE-e1544690850833.jpg","datePublished":"2018-09-06T12:43:16+00:00","dateModified":"2018-09-06T13:01:21+00:00","author":{"@id":"https:\/\/folhapopular.info\/#\/schema\/person\/2814e8a0df7643585a9ca38bc6eb9d4b"},"breadcrumb":{"@id":"https:\/\/folhapopular.info\/index.php\/2018\/09\/06\/dois-criminosos-feridos-apos-confronto-com-a-brigada-militar-em-paverama\/#breadcrumb"},"inLanguage":"pt-BR","potentialAction":[{"@type":"ReadAction","target":["https:\/\/folhapopular.info\/index.php\/2018\/09\/06\/dois-criminosos-feridos-apos-confronto-com-a-brigada-militar-em-paverama\/"]}]},{"@type":"ImageObject","inLanguage":"pt-BR","@id":"https:\/\/folhapopular.info\/index.php\/2018\/09\/06\/dois-criminosos-feridos-apos-confronto-com-a-brigada-militar-em-paverama\/#primaryimage","url":"https:\/\/folhapopular.info\/wp-content\/uploads\/2017\/07\/Pol\u00edcia_SITE-e1544690850833.jpg","contentUrl":"https:\/\/folhapopular.info\/wp-content\/uploads\/2017\/07\/Pol\u00edcia_SITE-e1544690850833.jpg","width":800,"height":514},{"@type":"BreadcrumbList","@id":"https:\/\/folhapopular.info\/index.php\/2018\/09\/06\/dois-criminosos-feridos-apos-confronto-com-a-brigada-militar-em-paverama\/#breadcrumb","itemListElement":[{"@type":"ListItem","position":1,"name":"In\u00edcio","item":"https:\/\/folhapopular.info\/"},{"@type":"ListItem","position":2,"name":"Dois criminosos feridos ap\u00f3s confronto com a Brigada Militar em Paverama"}]},{"@type":"WebSite","@id":"https:\/\/folhapopular.info\/#website","url":"https:\/\/folhapopular.info\/","name":"Folha Popular","description":"Onde voc\u00ea tem vez e voz","potentialAction":[{"@type":"SearchAction","target":{"@type":"EntryPoint","urlTemplate":"https:\/\/folhapopular.info\/?s={search_term_string}"},"query-input":{"@type":"PropertyValueSpecification","valueRequired":true,"valueName":"search_term_string"}}],"inLanguage":"pt-BR"},{"@type":"Person","@id":"https:\/\/folhapopular.info\/#\/schema\/person\/2814e8a0df7643585a9ca38bc6eb9d4b","name":"Reda\u00e7\u00e3o Folha Popular","image":{"@type":"ImageObject","inLanguage":"pt-BR","@id":"https:\/\/folhapopular.info\/wp-content\/uploads\/2026\/04\/Folha-1.webp","url":"https:\/\/folhapopular.info\/wp-content\/uploads\/2026\/04\/Folha-1.webp","contentUrl":"https:\/\/folhapopular.info\/wp-content\/uploads\/2026\/04\/Folha-1.webp","caption":"Reda\u00e7\u00e3o Folha Popular"},"url":"https:\/\/folhapopular.info\/index.php\/author\/redacao\/"}]}},"jetpack_featured_media_url":"https:\/\/folhapopular.info\/wp-content\/uploads\/2017\/07\/Pol\u00edcia_SITE-e1544690850833.jpg","jetpack_sharing_enabled":true,"amp_enabled":true,"_links":{"self":[{"href":"https:\/\/folhapopular.info\/index.php\/wp-json\/wp\/v2\/posts\/47651","targetHints":{"allow":["GET"]}}],"collection":[{"href":"https:\/\/folhapopular.info\/index.php\/wp-json\/wp\/v2\/posts"}],"about":[{"href":"https:\/\/folhapopular.info\/index.php\/wp-json\/wp\/v2\/types\/post"}],"author":[{"embeddable":true,"href":"https:\/\/folhapopular.info\/index.php\/wp-json\/wp\/v2\/users\/8"}],"replies":[{"embeddable":true,"href":"https:\/\/folhapopular.info\/index.php\/wp-json\/wp\/v2\/comments?post=47651"}],"version-history":[{"count":0,"href":"https:\/\/folhapopular.info\/index.php\/wp-json\/wp\/v2\/posts\/47651\/revisions"}],"wp:featuredmedia":[{"embeddable":true,"href":"https:\/\/folhapopular.info\/index.php\/wp-json\/wp\/v2\/media\/31970"}],"wp:attachment":[{"href":"https:\/\/folhapopular.info\/index.php\/wp-json\/wp\/v2\/media?parent=47651"}],"wp:term":[{"taxonomy":"category","embeddable":true,"href":"https:\/\/folhapopular.info\/index.php\/wp-json\/wp\/v2\/categories?post=47651"},{"taxonomy":"post_tag","embeddable":true,"href":"https:\/\/folhapopular.info\/index.php\/wp-json\/wp\/v2\/tags?post=47651"}],"curies":[{"name":"wp","href":"https:\/\/api.w.org\/{rel}","templated":true}]}}