{"id":47729,"date":"2018-09-07T19:59:04","date_gmt":"2018-09-07T22:59:04","guid":{"rendered":"http:\/\/folhapopular.info\/?p=47729"},"modified":"2018-09-07T19:59:29","modified_gmt":"2018-09-07T22:59:29","slug":"prf-socorre-homem-com-ferimentos-feitos-por-arma-de-fogo-em-tabai","status":"publish","type":"post","link":"https:\/\/folhapopular.info\/index.php\/2018\/09\/07\/prf-socorre-homem-com-ferimentos-feitos-por-arma-de-fogo-em-tabai\/","title":{"rendered":"PRF socorre homem com ferimentos feitos por arma de fogo em Taba\u00ed"},"content":{"rendered":"<p>A Pol\u00edcia Rodovi\u00e1ria Federal socorreu um homem com ferimentos feitos por arma de fogo na noite de quinta-feira (06\/09), na BR-386, em Taba\u00ed.<\/p>\n<p>Por volta das 19h40, os PRFs realizavam patrulhamento na rodovia, quando no quil\u00f4metro 381 visualizaram um Ford\/Ka com placas de Triunfo parado junto ao canteiro central, no sentido capital &#8211; interior.<\/p>\n<p>No autom\u00f3vel estava apenas o condutor ferido, o qual relatou que assaltantes haviam roubado o ve\u00edculo de sua amiga, um VW\/Fox emplacado em Taba\u00ed. A v\u00edtima informou, ainda, que passou a seguir os homens durante a fuga, at\u00e9 o momento em que foi alvejado pelos disparos.<\/p>\n<p>Os policiais prestaram o primeiro atendimento e, dada a gravidade dos ferimentos e a relevante perda de sangue, encaminhou o motorista ao Hospital de Estrela utilizando a pr\u00f3pria viatura da PRF. Ele tem 27 anos e \u00e9 natural de Triunfo.<\/p>\n<p>Mais tarde, os assaltantes abandonaram o autom\u00f3vel roubado nas proximidades do quil\u00f4metro 382 da BR-386. Em consulta aos sistemas, os PRFs confirmaram se tratar do mesmo ve\u00edculo.<\/p>\n<p>O caso foi registrado na Pol\u00edcia Civil de Lajeado, que dar\u00e1 continuidade \u00e0s investiga\u00e7\u00f5es. Na manh\u00e3 de sexta-feira (07\/09), a PRF recebeu a informa\u00e7\u00e3o que a v\u00edtima foi submetida a cirurgia e passa bem.<\/p>\n","protected":false},"excerpt":{"rendered":"<p>A Pol\u00edcia Rodovi\u00e1ria Federal socorreu um homem com ferimentos feitos por arma de fogo na noite de quinta-feira (06\/09), na BR-386, em Taba\u00ed. Por volta das 19h40, os PRFs realizavam patrulhamento na rodovia, quando no quil\u00f4metro 381 visualizaram um Ford\/Ka com placas de Triunfo parado junto ao canteiro central, no sentido capital &#8211; interior. No [&hellip;]<\/p>\n","protected":false},"author":8,"featured_media":47730,"comment_status":"open","ping_status":"open","sticky":false,"template":"","format":"standard","meta":{"pmpro_default_level":"","_jetpack_memberships_contains_paid_content":false,"footnotes":""},"categories":[2,3,7],"tags":[1833,91,294,1077],"class_list":{"0":"post-47729","1":"post","2":"type-post","3":"status-publish","4":"format-standard","5":"has-post-thumbnail","7":"category-featured","8":"category-geral","9":"category-seguranca","10":"tag-arma-de-fogo","11":"tag-br-386","12":"tag-prf","13":"tag-tabai","14":"pmpro-has-access"},"yoast_head":"<!-- This site is optimized with the Yoast SEO plugin v27.5 - https:\/\/yoast.com\/product\/yoast-seo-wordpress\/ -->\n<title>PRF socorre homem com ferimentos feitos por arma de fogo em Taba\u00ed - Folha Popular<\/title>\n<meta name=\"robots\" content=\"index, follow, max-snippet:-1, max-image-preview:large, max-video-preview:-1\" \/>\n<link rel=\"canonical\" href=\"https:\/\/folhapopular.info\/index.php\/2018\/09\/07\/prf-socorre-homem-com-ferimentos-feitos-por-arma-de-fogo-em-tabai\/\" \/>\n<meta property=\"og:locale\" content=\"pt_BR\" \/>\n<meta property=\"og:type\" content=\"article\" \/>\n<meta property=\"og:title\" content=\"PRF socorre homem com ferimentos feitos por arma de fogo em Taba\u00ed - Folha Popular\" \/>\n<meta property=\"og:description\" content=\"A Pol\u00edcia Rodovi\u00e1ria Federal socorreu um homem com ferimentos feitos por arma de fogo na noite de quinta-feira (06\/09), na BR-386, em Taba\u00ed. Por volta das 19h40, os PRFs realizavam patrulhamento na rodovia, quando no quil\u00f4metro 381 visualizaram um Ford\/Ka com placas de Triunfo parado junto ao canteiro central, no sentido capital &#8211; interior. No [&hellip;]\" \/>\n<meta property=\"og:url\" content=\"https:\/\/folhapopular.info\/index.php\/2018\/09\/07\/prf-socorre-homem-com-ferimentos-feitos-por-arma-de-fogo-em-tabai\/\" \/>\n<meta property=\"og:site_name\" content=\"Folha Popular\" \/>\n<meta property=\"article:published_time\" content=\"2018-09-07T22:59:04+00:00\" \/>\n<meta property=\"article:modified_time\" content=\"2018-09-07T22:59:29+00:00\" \/>\n<meta property=\"og:image\" content=\"https:\/\/folhapopular.info\/wp-content\/uploads\/2018\/09\/WhatsApp-Image-2018-09-07-at-14.21.28.jpeg\" \/>\n\t<meta property=\"og:image:width\" content=\"1280\" \/>\n\t<meta property=\"og:image:height\" content=\"960\" \/>\n\t<meta property=\"og:image:type\" content=\"image\/jpeg\" \/>\n<meta name=\"author\" content=\"Reda\u00e7\u00e3o Folha Popular\" \/>\n<meta name=\"twitter:card\" content=\"summary_large_image\" \/>\n<meta name=\"twitter:label1\" content=\"Escrito por\" \/>\n\t<meta name=\"twitter:data1\" content=\"Reda\u00e7\u00e3o Folha Popular\" \/>\n\t<meta name=\"twitter:label2\" content=\"Est. tempo de leitura\" \/>\n\t<meta name=\"twitter:data2\" content=\"1 minuto\" \/>\n<script type=\"application\/ld+json\" class=\"yoast-schema-graph\">{\"@context\":\"https:\\\/\\\/schema.org\",\"@graph\":[{\"@type\":\"Article\",\"@id\":\"https:\\\/\\\/folhapopular.info\\\/index.php\\\/2018\\\/09\\\/07\\\/prf-socorre-homem-com-ferimentos-feitos-por-arma-de-fogo-em-tabai\\\/#article\",\"isPartOf\":{\"@id\":\"https:\\\/\\\/folhapopular.info\\\/index.php\\\/2018\\\/09\\\/07\\\/prf-socorre-homem-com-ferimentos-feitos-por-arma-de-fogo-em-tabai\\\/\"},\"author\":{\"name\":\"Reda\u00e7\u00e3o Folha Popular\",\"@id\":\"https:\\\/\\\/folhapopular.info\\\/#\\\/schema\\\/person\\\/2814e8a0df7643585a9ca38bc6eb9d4b\"},\"headline\":\"PRF socorre homem com ferimentos feitos por arma de fogo em Taba\u00ed\",\"datePublished\":\"2018-09-07T22:59:04+00:00\",\"dateModified\":\"2018-09-07T22:59:29+00:00\",\"mainEntityOfPage\":{\"@id\":\"https:\\\/\\\/folhapopular.info\\\/index.php\\\/2018\\\/09\\\/07\\\/prf-socorre-homem-com-ferimentos-feitos-por-arma-de-fogo-em-tabai\\\/\"},\"wordCount\":223,\"commentCount\":0,\"image\":{\"@id\":\"https:\\\/\\\/folhapopular.info\\\/index.php\\\/2018\\\/09\\\/07\\\/prf-socorre-homem-com-ferimentos-feitos-por-arma-de-fogo-em-tabai\\\/#primaryimage\"},\"thumbnailUrl\":\"https:\\\/\\\/folhapopular.info\\\/wp-content\\\/uploads\\\/2018\\\/09\\\/WhatsApp-Image-2018-09-07-at-14.21.28.jpeg\",\"keywords\":[\"arma de fogo\",\"BR-386\",\"PRF\",\"Taba\u00ed\"],\"articleSection\":[\"Destaques\",\"Geral\",\"Seguran\u00e7a\"],\"inLanguage\":\"pt-BR\",\"potentialAction\":[{\"@type\":\"CommentAction\",\"name\":\"Comment\",\"target\":[\"https:\\\/\\\/folhapopular.info\\\/index.php\\\/2018\\\/09\\\/07\\\/prf-socorre-homem-com-ferimentos-feitos-por-arma-de-fogo-em-tabai\\\/#respond\"]}]},{\"@type\":\"WebPage\",\"@id\":\"https:\\\/\\\/folhapopular.info\\\/index.php\\\/2018\\\/09\\\/07\\\/prf-socorre-homem-com-ferimentos-feitos-por-arma-de-fogo-em-tabai\\\/\",\"url\":\"https:\\\/\\\/folhapopular.info\\\/index.php\\\/2018\\\/09\\\/07\\\/prf-socorre-homem-com-ferimentos-feitos-por-arma-de-fogo-em-tabai\\\/\",\"name\":\"PRF socorre homem com ferimentos feitos por arma de fogo em Taba\u00ed - Folha Popular\",\"isPartOf\":{\"@id\":\"https:\\\/\\\/folhapopular.info\\\/#website\"},\"primaryImageOfPage\":{\"@id\":\"https:\\\/\\\/folhapopular.info\\\/index.php\\\/2018\\\/09\\\/07\\\/prf-socorre-homem-com-ferimentos-feitos-por-arma-de-fogo-em-tabai\\\/#primaryimage\"},\"image\":{\"@id\":\"https:\\\/\\\/folhapopular.info\\\/index.php\\\/2018\\\/09\\\/07\\\/prf-socorre-homem-com-ferimentos-feitos-por-arma-de-fogo-em-tabai\\\/#primaryimage\"},\"thumbnailUrl\":\"https:\\\/\\\/folhapopular.info\\\/wp-content\\\/uploads\\\/2018\\\/09\\\/WhatsApp-Image-2018-09-07-at-14.21.28.jpeg\",\"datePublished\":\"2018-09-07T22:59:04+00:00\",\"dateModified\":\"2018-09-07T22:59:29+00:00\",\"author\":{\"@id\":\"https:\\\/\\\/folhapopular.info\\\/#\\\/schema\\\/person\\\/2814e8a0df7643585a9ca38bc6eb9d4b\"},\"breadcrumb\":{\"@id\":\"https:\\\/\\\/folhapopular.info\\\/index.php\\\/2018\\\/09\\\/07\\\/prf-socorre-homem-com-ferimentos-feitos-por-arma-de-fogo-em-tabai\\\/#breadcrumb\"},\"inLanguage\":\"pt-BR\",\"potentialAction\":[{\"@type\":\"ReadAction\",\"target\":[\"https:\\\/\\\/folhapopular.info\\\/index.php\\\/2018\\\/09\\\/07\\\/prf-socorre-homem-com-ferimentos-feitos-por-arma-de-fogo-em-tabai\\\/\"]}]},{\"@type\":\"ImageObject\",\"inLanguage\":\"pt-BR\",\"@id\":\"https:\\\/\\\/folhapopular.info\\\/index.php\\\/2018\\\/09\\\/07\\\/prf-socorre-homem-com-ferimentos-feitos-por-arma-de-fogo-em-tabai\\\/#primaryimage\",\"url\":\"https:\\\/\\\/folhapopular.info\\\/wp-content\\\/uploads\\\/2018\\\/09\\\/WhatsApp-Image-2018-09-07-at-14.21.28.jpeg\",\"contentUrl\":\"https:\\\/\\\/folhapopular.info\\\/wp-content\\\/uploads\\\/2018\\\/09\\\/WhatsApp-Image-2018-09-07-at-14.21.28.jpeg\",\"width\":1280,\"height\":960,\"caption\":\"Homem atingido pelos disparos estava em um Ford Ka \\\/\\\/ Cr\u00e9dito: Divulga\u00e7\u00e3o PRF\"},{\"@type\":\"BreadcrumbList\",\"@id\":\"https:\\\/\\\/folhapopular.info\\\/index.php\\\/2018\\\/09\\\/07\\\/prf-socorre-homem-com-ferimentos-feitos-por-arma-de-fogo-em-tabai\\\/#breadcrumb\",\"itemListElement\":[{\"@type\":\"ListItem\",\"position\":1,\"name\":\"In\u00edcio\",\"item\":\"https:\\\/\\\/folhapopular.info\\\/\"},{\"@type\":\"ListItem\",\"position\":2,\"name\":\"PRF socorre homem com ferimentos feitos por arma de fogo em Taba\u00ed\"}]},{\"@type\":\"WebSite\",\"@id\":\"https:\\\/\\\/folhapopular.info\\\/#website\",\"url\":\"https:\\\/\\\/folhapopular.info\\\/\",\"name\":\"Folha Popular\",\"description\":\"Onde voc\u00ea tem vez e voz\",\"potentialAction\":[{\"@type\":\"SearchAction\",\"target\":{\"@type\":\"EntryPoint\",\"urlTemplate\":\"https:\\\/\\\/folhapopular.info\\\/?s={search_term_string}\"},\"query-input\":{\"@type\":\"PropertyValueSpecification\",\"valueRequired\":true,\"valueName\":\"search_term_string\"}}],\"inLanguage\":\"pt-BR\"},{\"@type\":\"Person\",\"@id\":\"https:\\\/\\\/folhapopular.info\\\/#\\\/schema\\\/person\\\/2814e8a0df7643585a9ca38bc6eb9d4b\",\"name\":\"Reda\u00e7\u00e3o Folha Popular\",\"image\":{\"@type\":\"ImageObject\",\"inLanguage\":\"pt-BR\",\"@id\":\"https:\\\/\\\/folhapopular.info\\\/wp-content\\\/uploads\\\/2026\\\/04\\\/Folha-1.webp\",\"url\":\"https:\\\/\\\/folhapopular.info\\\/wp-content\\\/uploads\\\/2026\\\/04\\\/Folha-1.webp\",\"contentUrl\":\"https:\\\/\\\/folhapopular.info\\\/wp-content\\\/uploads\\\/2026\\\/04\\\/Folha-1.webp\",\"caption\":\"Reda\u00e7\u00e3o Folha Popular\"},\"url\":\"https:\\\/\\\/folhapopular.info\\\/index.php\\\/author\\\/redacao\\\/\"}]}<\/script>\n<!-- \/ Yoast SEO plugin. -->","yoast_head_json":{"title":"PRF socorre homem com ferimentos feitos por arma de fogo em Taba\u00ed - Folha Popular","robots":{"index":"index","follow":"follow","max-snippet":"max-snippet:-1","max-image-preview":"max-image-preview:large","max-video-preview":"max-video-preview:-1"},"canonical":"https:\/\/folhapopular.info\/index.php\/2018\/09\/07\/prf-socorre-homem-com-ferimentos-feitos-por-arma-de-fogo-em-tabai\/","og_locale":"pt_BR","og_type":"article","og_title":"PRF socorre homem com ferimentos feitos por arma de fogo em Taba\u00ed - Folha Popular","og_description":"A Pol\u00edcia Rodovi\u00e1ria Federal socorreu um homem com ferimentos feitos por arma de fogo na noite de quinta-feira (06\/09), na BR-386, em Taba\u00ed. Por volta das 19h40, os PRFs realizavam patrulhamento na rodovia, quando no quil\u00f4metro 381 visualizaram um Ford\/Ka com placas de Triunfo parado junto ao canteiro central, no sentido capital &#8211; interior. No [&hellip;]","og_url":"https:\/\/folhapopular.info\/index.php\/2018\/09\/07\/prf-socorre-homem-com-ferimentos-feitos-por-arma-de-fogo-em-tabai\/","og_site_name":"Folha Popular","article_published_time":"2018-09-07T22:59:04+00:00","article_modified_time":"2018-09-07T22:59:29+00:00","og_image":[{"width":1280,"height":960,"url":"https:\/\/folhapopular.info\/wp-content\/uploads\/2018\/09\/WhatsApp-Image-2018-09-07-at-14.21.28.jpeg","type":"image\/jpeg"}],"author":"Reda\u00e7\u00e3o Folha Popular","twitter_card":"summary_large_image","twitter_misc":{"Escrito por":"Reda\u00e7\u00e3o Folha Popular","Est. tempo de leitura":"1 minuto"},"schema":{"@context":"https:\/\/schema.org","@graph":[{"@type":"Article","@id":"https:\/\/folhapopular.info\/index.php\/2018\/09\/07\/prf-socorre-homem-com-ferimentos-feitos-por-arma-de-fogo-em-tabai\/#article","isPartOf":{"@id":"https:\/\/folhapopular.info\/index.php\/2018\/09\/07\/prf-socorre-homem-com-ferimentos-feitos-por-arma-de-fogo-em-tabai\/"},"author":{"name":"Reda\u00e7\u00e3o Folha Popular","@id":"https:\/\/folhapopular.info\/#\/schema\/person\/2814e8a0df7643585a9ca38bc6eb9d4b"},"headline":"PRF socorre homem com ferimentos feitos por arma de fogo em Taba\u00ed","datePublished":"2018-09-07T22:59:04+00:00","dateModified":"2018-09-07T22:59:29+00:00","mainEntityOfPage":{"@id":"https:\/\/folhapopular.info\/index.php\/2018\/09\/07\/prf-socorre-homem-com-ferimentos-feitos-por-arma-de-fogo-em-tabai\/"},"wordCount":223,"commentCount":0,"image":{"@id":"https:\/\/folhapopular.info\/index.php\/2018\/09\/07\/prf-socorre-homem-com-ferimentos-feitos-por-arma-de-fogo-em-tabai\/#primaryimage"},"thumbnailUrl":"https:\/\/folhapopular.info\/wp-content\/uploads\/2018\/09\/WhatsApp-Image-2018-09-07-at-14.21.28.jpeg","keywords":["arma de fogo","BR-386","PRF","Taba\u00ed"],"articleSection":["Destaques","Geral","Seguran\u00e7a"],"inLanguage":"pt-BR","potentialAction":[{"@type":"CommentAction","name":"Comment","target":["https:\/\/folhapopular.info\/index.php\/2018\/09\/07\/prf-socorre-homem-com-ferimentos-feitos-por-arma-de-fogo-em-tabai\/#respond"]}]},{"@type":"WebPage","@id":"https:\/\/folhapopular.info\/index.php\/2018\/09\/07\/prf-socorre-homem-com-ferimentos-feitos-por-arma-de-fogo-em-tabai\/","url":"https:\/\/folhapopular.info\/index.php\/2018\/09\/07\/prf-socorre-homem-com-ferimentos-feitos-por-arma-de-fogo-em-tabai\/","name":"PRF socorre homem com ferimentos feitos por arma de fogo em Taba\u00ed - Folha Popular","isPartOf":{"@id":"https:\/\/folhapopular.info\/#website"},"primaryImageOfPage":{"@id":"https:\/\/folhapopular.info\/index.php\/2018\/09\/07\/prf-socorre-homem-com-ferimentos-feitos-por-arma-de-fogo-em-tabai\/#primaryimage"},"image":{"@id":"https:\/\/folhapopular.info\/index.php\/2018\/09\/07\/prf-socorre-homem-com-ferimentos-feitos-por-arma-de-fogo-em-tabai\/#primaryimage"},"thumbnailUrl":"https:\/\/folhapopular.info\/wp-content\/uploads\/2018\/09\/WhatsApp-Image-2018-09-07-at-14.21.28.jpeg","datePublished":"2018-09-07T22:59:04+00:00","dateModified":"2018-09-07T22:59:29+00:00","author":{"@id":"https:\/\/folhapopular.info\/#\/schema\/person\/2814e8a0df7643585a9ca38bc6eb9d4b"},"breadcrumb":{"@id":"https:\/\/folhapopular.info\/index.php\/2018\/09\/07\/prf-socorre-homem-com-ferimentos-feitos-por-arma-de-fogo-em-tabai\/#breadcrumb"},"inLanguage":"pt-BR","potentialAction":[{"@type":"ReadAction","target":["https:\/\/folhapopular.info\/index.php\/2018\/09\/07\/prf-socorre-homem-com-ferimentos-feitos-por-arma-de-fogo-em-tabai\/"]}]},{"@type":"ImageObject","inLanguage":"pt-BR","@id":"https:\/\/folhapopular.info\/index.php\/2018\/09\/07\/prf-socorre-homem-com-ferimentos-feitos-por-arma-de-fogo-em-tabai\/#primaryimage","url":"https:\/\/folhapopular.info\/wp-content\/uploads\/2018\/09\/WhatsApp-Image-2018-09-07-at-14.21.28.jpeg","contentUrl":"https:\/\/folhapopular.info\/wp-content\/uploads\/2018\/09\/WhatsApp-Image-2018-09-07-at-14.21.28.jpeg","width":1280,"height":960,"caption":"Homem atingido pelos disparos estava em um Ford Ka \/\/ Cr\u00e9dito: Divulga\u00e7\u00e3o PRF"},{"@type":"BreadcrumbList","@id":"https:\/\/folhapopular.info\/index.php\/2018\/09\/07\/prf-socorre-homem-com-ferimentos-feitos-por-arma-de-fogo-em-tabai\/#breadcrumb","itemListElement":[{"@type":"ListItem","position":1,"name":"In\u00edcio","item":"https:\/\/folhapopular.info\/"},{"@type":"ListItem","position":2,"name":"PRF socorre homem com ferimentos feitos por arma de fogo em Taba\u00ed"}]},{"@type":"WebSite","@id":"https:\/\/folhapopular.info\/#website","url":"https:\/\/folhapopular.info\/","name":"Folha Popular","description":"Onde voc\u00ea tem vez e voz","potentialAction":[{"@type":"SearchAction","target":{"@type":"EntryPoint","urlTemplate":"https:\/\/folhapopular.info\/?s={search_term_string}"},"query-input":{"@type":"PropertyValueSpecification","valueRequired":true,"valueName":"search_term_string"}}],"inLanguage":"pt-BR"},{"@type":"Person","@id":"https:\/\/folhapopular.info\/#\/schema\/person\/2814e8a0df7643585a9ca38bc6eb9d4b","name":"Reda\u00e7\u00e3o Folha Popular","image":{"@type":"ImageObject","inLanguage":"pt-BR","@id":"https:\/\/folhapopular.info\/wp-content\/uploads\/2026\/04\/Folha-1.webp","url":"https:\/\/folhapopular.info\/wp-content\/uploads\/2026\/04\/Folha-1.webp","contentUrl":"https:\/\/folhapopular.info\/wp-content\/uploads\/2026\/04\/Folha-1.webp","caption":"Reda\u00e7\u00e3o Folha Popular"},"url":"https:\/\/folhapopular.info\/index.php\/author\/redacao\/"}]}},"jetpack_featured_media_url":"https:\/\/folhapopular.info\/wp-content\/uploads\/2018\/09\/WhatsApp-Image-2018-09-07-at-14.21.28.jpeg","jetpack_sharing_enabled":true,"amp_enabled":true,"_links":{"self":[{"href":"https:\/\/folhapopular.info\/index.php\/wp-json\/wp\/v2\/posts\/47729","targetHints":{"allow":["GET"]}}],"collection":[{"href":"https:\/\/folhapopular.info\/index.php\/wp-json\/wp\/v2\/posts"}],"about":[{"href":"https:\/\/folhapopular.info\/index.php\/wp-json\/wp\/v2\/types\/post"}],"author":[{"embeddable":true,"href":"https:\/\/folhapopular.info\/index.php\/wp-json\/wp\/v2\/users\/8"}],"replies":[{"embeddable":true,"href":"https:\/\/folhapopular.info\/index.php\/wp-json\/wp\/v2\/comments?post=47729"}],"version-history":[{"count":0,"href":"https:\/\/folhapopular.info\/index.php\/wp-json\/wp\/v2\/posts\/47729\/revisions"}],"wp:featuredmedia":[{"embeddable":true,"href":"https:\/\/folhapopular.info\/index.php\/wp-json\/wp\/v2\/media\/47730"}],"wp:attachment":[{"href":"https:\/\/folhapopular.info\/index.php\/wp-json\/wp\/v2\/media?parent=47729"}],"wp:term":[{"taxonomy":"category","embeddable":true,"href":"https:\/\/folhapopular.info\/index.php\/wp-json\/wp\/v2\/categories?post=47729"},{"taxonomy":"post_tag","embeddable":true,"href":"https:\/\/folhapopular.info\/index.php\/wp-json\/wp\/v2\/tags?post=47729"}],"curies":[{"name":"wp","href":"https:\/\/api.w.org\/{rel}","templated":true}]}}