{"id":47951,"date":"2018-09-15T11:00:51","date_gmt":"2018-09-15T14:00:51","guid":{"rendered":"http:\/\/folhapopular.info\/?p=47951"},"modified":"2018-09-14T16:09:08","modified_gmt":"2018-09-14T19:09:08","slug":"mais-uma-agroindustria-familiar-e-inaugurada-em-garibaldi","status":"publish","type":"post","link":"https:\/\/folhapopular.info\/index.php\/2018\/09\/15\/mais-uma-agroindustria-familiar-e-inaugurada-em-garibaldi\/","title":{"rendered":"Mais uma agroind\u00fastria familiar \u00e9 inaugurada em\u00a0Garibaldi"},"content":{"rendered":"<p align=\"justify\"><span class=\"il\">Garibaldi<\/span>\u00a0passa a contar com mais uma op\u00e7\u00e3o de produtos farin\u00e1ceos de qualidade, confeccionados com a tradi\u00e7\u00e3o da produ\u00e7\u00e3o colonial. Foi inaugurada na quinta-feira, dia 13 de setembro, a Del\u00edcias da Nair pelo Programa Estadual de Agroind\u00fastria Familiar (PEAF\/SDR).<\/p>\n<p align=\"justify\">Moradora de S\u00e3o Miguel, Nair Gabardo sempre gostou de fazer p\u00e3es e cucas, e prop\u00f4s \u00e0 filha Carla a cria\u00e7\u00e3o da agroind\u00fastria. Os farin\u00e1ceos s\u00e3o fornecidos para a merenda das escolas estaduais e tamb\u00e9m podem ser adquiridos na Feira do Produtor Rural, aos s\u00e1bados.<\/p>\n<p align=\"justify\">\u201cTamb\u00e9m estaremos presentes da ExpoGaribaldi, com nossos p\u00e3es, bolos, biscoitos, cucas, grostolis, doces, salgados e tortas\u201d, informou a produtora, que agradeceu ao apoio da fam\u00edlia e Emater para a concretiza\u00e7\u00e3o da empresa.<\/p>\n<p align=\"justify\">Durante a inaugura\u00e7\u00e3o, o vice-prefeito Antonio Fachinelli elogiou o esp\u00edrito empreendedor e a uni\u00e3o familiar. \u201cAcreditamos nas agroind\u00fastrias como neg\u00f3cio e maneira de passar o conhecimento de gera\u00e7\u00e3o a gera\u00e7\u00e3o\u201d, avaliou.<\/p>\n<p align=\"justify\">O presidente do Sindicato dos Trabalhadores Rurais de\u00a0<span class=\"il\">Garibaldi<\/span>, Luciano Rebelatto, destacou o interesse de desenvolver produtos com a ess\u00eancia rural e de acordo com a legisla\u00e7\u00e3o, a exemplo da agroind\u00fastria de vinho colonial La Nostra Cantina, inaugurada em Marcorama no \u00faltimo m\u00eas.<\/p>\n<p align=\"justify\">Para a gerente regional da Emater da regi\u00e3o Caxias do Sul, Sandra Dalmina, o sucesso das agroind\u00fastrias em\u00a0<span class=\"il\">Garibaldi<\/span>\u00a0deve-se pela uni\u00e3o das fam\u00edlias e entidades para colher os frutos. \u201cQueremos continuar inaugurando mais empresas como esta, que agregam as fam\u00edlias e propiciam a extens\u00e3o rural\u201d, afirmou.<\/p>\n<p align=\"justify\">A Del\u00edcias da Nair ainda contou com recursos do Fundo Estadual de Apoio ao Desenvolvimento dos Pequenos Estabelecimentos Rurais (Feaper), viabilizados por meio da Consulta Popular, para a constru\u00e7\u00e3o do saneamento b\u00e1sico.<\/p>\n","protected":false},"excerpt":{"rendered":"<p>Garibaldi\u00a0passa a contar com mais uma op\u00e7\u00e3o de produtos farin\u00e1ceos de qualidade, confeccionados com a tradi\u00e7\u00e3o da produ\u00e7\u00e3o colonial. Foi inaugurada na quinta-feira, dia 13 de setembro, a Del\u00edcias da Nair pelo Programa Estadual de Agroind\u00fastria Familiar (PEAF\/SDR). Moradora de S\u00e3o Miguel, Nair Gabardo sempre gostou de fazer p\u00e3es e cucas, e prop\u00f4s \u00e0 filha [&hellip;]<\/p>\n","protected":false},"author":8,"featured_media":47952,"comment_status":"open","ping_status":"open","sticky":false,"template":"","format":"standard","meta":{"pmpro_default_level":"","_jetpack_memberships_contains_paid_content":false,"footnotes":""},"categories":[3],"tags":[3360,3361,28],"class_list":{"0":"post-47951","1":"post","2":"type-post","3":"status-publish","4":"format-standard","5":"has-post-thumbnail","7":"category-geral","8":"tag-agroindustria","9":"tag-delicias-da-nair","10":"tag-garibaldi","11":"pmpro-has-access"},"yoast_head":"<!-- This site is optimized with the Yoast SEO plugin v27.5 - https:\/\/yoast.com\/product\/yoast-seo-wordpress\/ -->\n<title>Mais uma agroind\u00fastria familiar \u00e9 inaugurada em\u00a0Garibaldi - Folha Popular<\/title>\n<meta name=\"robots\" content=\"index, follow, max-snippet:-1, max-image-preview:large, max-video-preview:-1\" \/>\n<link rel=\"canonical\" href=\"https:\/\/folhapopular.info\/index.php\/2018\/09\/15\/mais-uma-agroindustria-familiar-e-inaugurada-em-garibaldi\/\" \/>\n<meta property=\"og:locale\" content=\"pt_BR\" \/>\n<meta property=\"og:type\" content=\"article\" \/>\n<meta property=\"og:title\" content=\"Mais uma agroind\u00fastria familiar \u00e9 inaugurada em\u00a0Garibaldi - Folha Popular\" \/>\n<meta property=\"og:description\" content=\"Garibaldi\u00a0passa a contar com mais uma op\u00e7\u00e3o de produtos farin\u00e1ceos de qualidade, confeccionados com a tradi\u00e7\u00e3o da produ\u00e7\u00e3o colonial. Foi inaugurada na quinta-feira, dia 13 de setembro, a Del\u00edcias da Nair pelo Programa Estadual de Agroind\u00fastria Familiar (PEAF\/SDR). Moradora de S\u00e3o Miguel, Nair Gabardo sempre gostou de fazer p\u00e3es e cucas, e prop\u00f4s \u00e0 filha [&hellip;]\" \/>\n<meta property=\"og:url\" content=\"https:\/\/folhapopular.info\/index.php\/2018\/09\/15\/mais-uma-agroindustria-familiar-e-inaugurada-em-garibaldi\/\" \/>\n<meta property=\"og:site_name\" content=\"Folha Popular\" \/>\n<meta property=\"article:published_time\" content=\"2018-09-15T14:00:51+00:00\" \/>\n<meta property=\"og:image\" content=\"https:\/\/folhapopular.info\/wp-content\/uploads\/2018\/09\/Inaugura\u00e7\u00e3o-agroind\u00fastria-Del\u00edcias-da-Nair-Priscila-Pilletti-2-e1536952128303.jpg\" \/>\n\t<meta property=\"og:image:width\" content=\"800\" \/>\n\t<meta property=\"og:image:height\" content=\"533\" \/>\n\t<meta property=\"og:image:type\" content=\"image\/jpeg\" \/>\n<meta name=\"author\" content=\"Reda\u00e7\u00e3o Folha Popular\" \/>\n<meta name=\"twitter:card\" content=\"summary_large_image\" \/>\n<meta name=\"twitter:label1\" content=\"Escrito por\" \/>\n\t<meta name=\"twitter:data1\" content=\"Reda\u00e7\u00e3o Folha Popular\" \/>\n\t<meta name=\"twitter:label2\" content=\"Est. tempo de leitura\" \/>\n\t<meta name=\"twitter:data2\" content=\"2 minutos\" \/>\n<script type=\"application\/ld+json\" class=\"yoast-schema-graph\">{\"@context\":\"https:\\\/\\\/schema.org\",\"@graph\":[{\"@type\":\"Article\",\"@id\":\"https:\\\/\\\/folhapopular.info\\\/index.php\\\/2018\\\/09\\\/15\\\/mais-uma-agroindustria-familiar-e-inaugurada-em-garibaldi\\\/#article\",\"isPartOf\":{\"@id\":\"https:\\\/\\\/folhapopular.info\\\/index.php\\\/2018\\\/09\\\/15\\\/mais-uma-agroindustria-familiar-e-inaugurada-em-garibaldi\\\/\"},\"author\":{\"name\":\"Reda\u00e7\u00e3o Folha Popular\",\"@id\":\"https:\\\/\\\/folhapopular.info\\\/#\\\/schema\\\/person\\\/2814e8a0df7643585a9ca38bc6eb9d4b\"},\"headline\":\"Mais uma agroind\u00fastria familiar \u00e9 inaugurada em\u00a0Garibaldi\",\"datePublished\":\"2018-09-15T14:00:51+00:00\",\"mainEntityOfPage\":{\"@id\":\"https:\\\/\\\/folhapopular.info\\\/index.php\\\/2018\\\/09\\\/15\\\/mais-uma-agroindustria-familiar-e-inaugurada-em-garibaldi\\\/\"},\"wordCount\":314,\"commentCount\":0,\"image\":{\"@id\":\"https:\\\/\\\/folhapopular.info\\\/index.php\\\/2018\\\/09\\\/15\\\/mais-uma-agroindustria-familiar-e-inaugurada-em-garibaldi\\\/#primaryimage\"},\"thumbnailUrl\":\"https:\\\/\\\/folhapopular.info\\\/wp-content\\\/uploads\\\/2018\\\/09\\\/Inaugura\u00e7\u00e3o-agroind\u00fastria-Del\u00edcias-da-Nair-Priscila-Pilletti-2-e1536952128303.jpg\",\"keywords\":[\"Agroindustria\",\"Del\u00edcias da Nair\",\"Garibaldi\"],\"articleSection\":[\"Geral\"],\"inLanguage\":\"pt-BR\",\"potentialAction\":[{\"@type\":\"CommentAction\",\"name\":\"Comment\",\"target\":[\"https:\\\/\\\/folhapopular.info\\\/index.php\\\/2018\\\/09\\\/15\\\/mais-uma-agroindustria-familiar-e-inaugurada-em-garibaldi\\\/#respond\"]}]},{\"@type\":\"WebPage\",\"@id\":\"https:\\\/\\\/folhapopular.info\\\/index.php\\\/2018\\\/09\\\/15\\\/mais-uma-agroindustria-familiar-e-inaugurada-em-garibaldi\\\/\",\"url\":\"https:\\\/\\\/folhapopular.info\\\/index.php\\\/2018\\\/09\\\/15\\\/mais-uma-agroindustria-familiar-e-inaugurada-em-garibaldi\\\/\",\"name\":\"Mais uma agroind\u00fastria familiar \u00e9 inaugurada em\u00a0Garibaldi - Folha Popular\",\"isPartOf\":{\"@id\":\"https:\\\/\\\/folhapopular.info\\\/#website\"},\"primaryImageOfPage\":{\"@id\":\"https:\\\/\\\/folhapopular.info\\\/index.php\\\/2018\\\/09\\\/15\\\/mais-uma-agroindustria-familiar-e-inaugurada-em-garibaldi\\\/#primaryimage\"},\"image\":{\"@id\":\"https:\\\/\\\/folhapopular.info\\\/index.php\\\/2018\\\/09\\\/15\\\/mais-uma-agroindustria-familiar-e-inaugurada-em-garibaldi\\\/#primaryimage\"},\"thumbnailUrl\":\"https:\\\/\\\/folhapopular.info\\\/wp-content\\\/uploads\\\/2018\\\/09\\\/Inaugura\u00e7\u00e3o-agroind\u00fastria-Del\u00edcias-da-Nair-Priscila-Pilletti-2-e1536952128303.jpg\",\"datePublished\":\"2018-09-15T14:00:51+00:00\",\"author\":{\"@id\":\"https:\\\/\\\/folhapopular.info\\\/#\\\/schema\\\/person\\\/2814e8a0df7643585a9ca38bc6eb9d4b\"},\"breadcrumb\":{\"@id\":\"https:\\\/\\\/folhapopular.info\\\/index.php\\\/2018\\\/09\\\/15\\\/mais-uma-agroindustria-familiar-e-inaugurada-em-garibaldi\\\/#breadcrumb\"},\"inLanguage\":\"pt-BR\",\"potentialAction\":[{\"@type\":\"ReadAction\",\"target\":[\"https:\\\/\\\/folhapopular.info\\\/index.php\\\/2018\\\/09\\\/15\\\/mais-uma-agroindustria-familiar-e-inaugurada-em-garibaldi\\\/\"]}]},{\"@type\":\"ImageObject\",\"inLanguage\":\"pt-BR\",\"@id\":\"https:\\\/\\\/folhapopular.info\\\/index.php\\\/2018\\\/09\\\/15\\\/mais-uma-agroindustria-familiar-e-inaugurada-em-garibaldi\\\/#primaryimage\",\"url\":\"https:\\\/\\\/folhapopular.info\\\/wp-content\\\/uploads\\\/2018\\\/09\\\/Inaugura\u00e7\u00e3o-agroind\u00fastria-Del\u00edcias-da-Nair-Priscila-Pilletti-2-e1536952128303.jpg\",\"contentUrl\":\"https:\\\/\\\/folhapopular.info\\\/wp-content\\\/uploads\\\/2018\\\/09\\\/Inaugura\u00e7\u00e3o-agroind\u00fastria-Del\u00edcias-da-Nair-Priscila-Pilletti-2-e1536952128303.jpg\",\"width\":800,\"height\":533,\"caption\":\"Cr\u00e9dito da foto: Priscila Pilletti\\\/Divulga\u00e7\u00e3o\"},{\"@type\":\"BreadcrumbList\",\"@id\":\"https:\\\/\\\/folhapopular.info\\\/index.php\\\/2018\\\/09\\\/15\\\/mais-uma-agroindustria-familiar-e-inaugurada-em-garibaldi\\\/#breadcrumb\",\"itemListElement\":[{\"@type\":\"ListItem\",\"position\":1,\"name\":\"In\u00edcio\",\"item\":\"https:\\\/\\\/folhapopular.info\\\/\"},{\"@type\":\"ListItem\",\"position\":2,\"name\":\"Mais uma agroind\u00fastria familiar \u00e9 inaugurada em\u00a0Garibaldi\"}]},{\"@type\":\"WebSite\",\"@id\":\"https:\\\/\\\/folhapopular.info\\\/#website\",\"url\":\"https:\\\/\\\/folhapopular.info\\\/\",\"name\":\"Folha Popular\",\"description\":\"Onde voc\u00ea tem vez e voz\",\"potentialAction\":[{\"@type\":\"SearchAction\",\"target\":{\"@type\":\"EntryPoint\",\"urlTemplate\":\"https:\\\/\\\/folhapopular.info\\\/?s={search_term_string}\"},\"query-input\":{\"@type\":\"PropertyValueSpecification\",\"valueRequired\":true,\"valueName\":\"search_term_string\"}}],\"inLanguage\":\"pt-BR\"},{\"@type\":\"Person\",\"@id\":\"https:\\\/\\\/folhapopular.info\\\/#\\\/schema\\\/person\\\/2814e8a0df7643585a9ca38bc6eb9d4b\",\"name\":\"Reda\u00e7\u00e3o Folha Popular\",\"image\":{\"@type\":\"ImageObject\",\"inLanguage\":\"pt-BR\",\"@id\":\"https:\\\/\\\/folhapopular.info\\\/wp-content\\\/uploads\\\/2026\\\/04\\\/Folha-1.webp\",\"url\":\"https:\\\/\\\/folhapopular.info\\\/wp-content\\\/uploads\\\/2026\\\/04\\\/Folha-1.webp\",\"contentUrl\":\"https:\\\/\\\/folhapopular.info\\\/wp-content\\\/uploads\\\/2026\\\/04\\\/Folha-1.webp\",\"caption\":\"Reda\u00e7\u00e3o Folha Popular\"},\"url\":\"https:\\\/\\\/folhapopular.info\\\/index.php\\\/author\\\/redacao\\\/\"}]}<\/script>\n<!-- \/ Yoast SEO plugin. -->","yoast_head_json":{"title":"Mais uma agroind\u00fastria familiar \u00e9 inaugurada em\u00a0Garibaldi - Folha Popular","robots":{"index":"index","follow":"follow","max-snippet":"max-snippet:-1","max-image-preview":"max-image-preview:large","max-video-preview":"max-video-preview:-1"},"canonical":"https:\/\/folhapopular.info\/index.php\/2018\/09\/15\/mais-uma-agroindustria-familiar-e-inaugurada-em-garibaldi\/","og_locale":"pt_BR","og_type":"article","og_title":"Mais uma agroind\u00fastria familiar \u00e9 inaugurada em\u00a0Garibaldi - Folha Popular","og_description":"Garibaldi\u00a0passa a contar com mais uma op\u00e7\u00e3o de produtos farin\u00e1ceos de qualidade, confeccionados com a tradi\u00e7\u00e3o da produ\u00e7\u00e3o colonial. Foi inaugurada na quinta-feira, dia 13 de setembro, a Del\u00edcias da Nair pelo Programa Estadual de Agroind\u00fastria Familiar (PEAF\/SDR). Moradora de S\u00e3o Miguel, Nair Gabardo sempre gostou de fazer p\u00e3es e cucas, e prop\u00f4s \u00e0 filha [&hellip;]","og_url":"https:\/\/folhapopular.info\/index.php\/2018\/09\/15\/mais-uma-agroindustria-familiar-e-inaugurada-em-garibaldi\/","og_site_name":"Folha Popular","article_published_time":"2018-09-15T14:00:51+00:00","og_image":[{"width":800,"height":533,"url":"https:\/\/folhapopular.info\/wp-content\/uploads\/2018\/09\/Inaugura\u00e7\u00e3o-agroind\u00fastria-Del\u00edcias-da-Nair-Priscila-Pilletti-2-e1536952128303.jpg","type":"image\/jpeg"}],"author":"Reda\u00e7\u00e3o Folha Popular","twitter_card":"summary_large_image","twitter_misc":{"Escrito por":"Reda\u00e7\u00e3o Folha Popular","Est. tempo de leitura":"2 minutos"},"schema":{"@context":"https:\/\/schema.org","@graph":[{"@type":"Article","@id":"https:\/\/folhapopular.info\/index.php\/2018\/09\/15\/mais-uma-agroindustria-familiar-e-inaugurada-em-garibaldi\/#article","isPartOf":{"@id":"https:\/\/folhapopular.info\/index.php\/2018\/09\/15\/mais-uma-agroindustria-familiar-e-inaugurada-em-garibaldi\/"},"author":{"name":"Reda\u00e7\u00e3o Folha Popular","@id":"https:\/\/folhapopular.info\/#\/schema\/person\/2814e8a0df7643585a9ca38bc6eb9d4b"},"headline":"Mais uma agroind\u00fastria familiar \u00e9 inaugurada em\u00a0Garibaldi","datePublished":"2018-09-15T14:00:51+00:00","mainEntityOfPage":{"@id":"https:\/\/folhapopular.info\/index.php\/2018\/09\/15\/mais-uma-agroindustria-familiar-e-inaugurada-em-garibaldi\/"},"wordCount":314,"commentCount":0,"image":{"@id":"https:\/\/folhapopular.info\/index.php\/2018\/09\/15\/mais-uma-agroindustria-familiar-e-inaugurada-em-garibaldi\/#primaryimage"},"thumbnailUrl":"https:\/\/folhapopular.info\/wp-content\/uploads\/2018\/09\/Inaugura\u00e7\u00e3o-agroind\u00fastria-Del\u00edcias-da-Nair-Priscila-Pilletti-2-e1536952128303.jpg","keywords":["Agroindustria","Del\u00edcias da Nair","Garibaldi"],"articleSection":["Geral"],"inLanguage":"pt-BR","potentialAction":[{"@type":"CommentAction","name":"Comment","target":["https:\/\/folhapopular.info\/index.php\/2018\/09\/15\/mais-uma-agroindustria-familiar-e-inaugurada-em-garibaldi\/#respond"]}]},{"@type":"WebPage","@id":"https:\/\/folhapopular.info\/index.php\/2018\/09\/15\/mais-uma-agroindustria-familiar-e-inaugurada-em-garibaldi\/","url":"https:\/\/folhapopular.info\/index.php\/2018\/09\/15\/mais-uma-agroindustria-familiar-e-inaugurada-em-garibaldi\/","name":"Mais uma agroind\u00fastria familiar \u00e9 inaugurada em\u00a0Garibaldi - Folha Popular","isPartOf":{"@id":"https:\/\/folhapopular.info\/#website"},"primaryImageOfPage":{"@id":"https:\/\/folhapopular.info\/index.php\/2018\/09\/15\/mais-uma-agroindustria-familiar-e-inaugurada-em-garibaldi\/#primaryimage"},"image":{"@id":"https:\/\/folhapopular.info\/index.php\/2018\/09\/15\/mais-uma-agroindustria-familiar-e-inaugurada-em-garibaldi\/#primaryimage"},"thumbnailUrl":"https:\/\/folhapopular.info\/wp-content\/uploads\/2018\/09\/Inaugura\u00e7\u00e3o-agroind\u00fastria-Del\u00edcias-da-Nair-Priscila-Pilletti-2-e1536952128303.jpg","datePublished":"2018-09-15T14:00:51+00:00","author":{"@id":"https:\/\/folhapopular.info\/#\/schema\/person\/2814e8a0df7643585a9ca38bc6eb9d4b"},"breadcrumb":{"@id":"https:\/\/folhapopular.info\/index.php\/2018\/09\/15\/mais-uma-agroindustria-familiar-e-inaugurada-em-garibaldi\/#breadcrumb"},"inLanguage":"pt-BR","potentialAction":[{"@type":"ReadAction","target":["https:\/\/folhapopular.info\/index.php\/2018\/09\/15\/mais-uma-agroindustria-familiar-e-inaugurada-em-garibaldi\/"]}]},{"@type":"ImageObject","inLanguage":"pt-BR","@id":"https:\/\/folhapopular.info\/index.php\/2018\/09\/15\/mais-uma-agroindustria-familiar-e-inaugurada-em-garibaldi\/#primaryimage","url":"https:\/\/folhapopular.info\/wp-content\/uploads\/2018\/09\/Inaugura\u00e7\u00e3o-agroind\u00fastria-Del\u00edcias-da-Nair-Priscila-Pilletti-2-e1536952128303.jpg","contentUrl":"https:\/\/folhapopular.info\/wp-content\/uploads\/2018\/09\/Inaugura\u00e7\u00e3o-agroind\u00fastria-Del\u00edcias-da-Nair-Priscila-Pilletti-2-e1536952128303.jpg","width":800,"height":533,"caption":"Cr\u00e9dito da foto: Priscila Pilletti\/Divulga\u00e7\u00e3o"},{"@type":"BreadcrumbList","@id":"https:\/\/folhapopular.info\/index.php\/2018\/09\/15\/mais-uma-agroindustria-familiar-e-inaugurada-em-garibaldi\/#breadcrumb","itemListElement":[{"@type":"ListItem","position":1,"name":"In\u00edcio","item":"https:\/\/folhapopular.info\/"},{"@type":"ListItem","position":2,"name":"Mais uma agroind\u00fastria familiar \u00e9 inaugurada em\u00a0Garibaldi"}]},{"@type":"WebSite","@id":"https:\/\/folhapopular.info\/#website","url":"https:\/\/folhapopular.info\/","name":"Folha Popular","description":"Onde voc\u00ea tem vez e voz","potentialAction":[{"@type":"SearchAction","target":{"@type":"EntryPoint","urlTemplate":"https:\/\/folhapopular.info\/?s={search_term_string}"},"query-input":{"@type":"PropertyValueSpecification","valueRequired":true,"valueName":"search_term_string"}}],"inLanguage":"pt-BR"},{"@type":"Person","@id":"https:\/\/folhapopular.info\/#\/schema\/person\/2814e8a0df7643585a9ca38bc6eb9d4b","name":"Reda\u00e7\u00e3o Folha Popular","image":{"@type":"ImageObject","inLanguage":"pt-BR","@id":"https:\/\/folhapopular.info\/wp-content\/uploads\/2026\/04\/Folha-1.webp","url":"https:\/\/folhapopular.info\/wp-content\/uploads\/2026\/04\/Folha-1.webp","contentUrl":"https:\/\/folhapopular.info\/wp-content\/uploads\/2026\/04\/Folha-1.webp","caption":"Reda\u00e7\u00e3o Folha Popular"},"url":"https:\/\/folhapopular.info\/index.php\/author\/redacao\/"}]}},"jetpack_featured_media_url":"https:\/\/folhapopular.info\/wp-content\/uploads\/2018\/09\/Inaugura\u00e7\u00e3o-agroind\u00fastria-Del\u00edcias-da-Nair-Priscila-Pilletti-2-e1536952128303.jpg","jetpack_sharing_enabled":true,"amp_enabled":true,"_links":{"self":[{"href":"https:\/\/folhapopular.info\/index.php\/wp-json\/wp\/v2\/posts\/47951","targetHints":{"allow":["GET"]}}],"collection":[{"href":"https:\/\/folhapopular.info\/index.php\/wp-json\/wp\/v2\/posts"}],"about":[{"href":"https:\/\/folhapopular.info\/index.php\/wp-json\/wp\/v2\/types\/post"}],"author":[{"embeddable":true,"href":"https:\/\/folhapopular.info\/index.php\/wp-json\/wp\/v2\/users\/8"}],"replies":[{"embeddable":true,"href":"https:\/\/folhapopular.info\/index.php\/wp-json\/wp\/v2\/comments?post=47951"}],"version-history":[{"count":0,"href":"https:\/\/folhapopular.info\/index.php\/wp-json\/wp\/v2\/posts\/47951\/revisions"}],"wp:featuredmedia":[{"embeddable":true,"href":"https:\/\/folhapopular.info\/index.php\/wp-json\/wp\/v2\/media\/47952"}],"wp:attachment":[{"href":"https:\/\/folhapopular.info\/index.php\/wp-json\/wp\/v2\/media?parent=47951"}],"wp:term":[{"taxonomy":"category","embeddable":true,"href":"https:\/\/folhapopular.info\/index.php\/wp-json\/wp\/v2\/categories?post=47951"},{"taxonomy":"post_tag","embeddable":true,"href":"https:\/\/folhapopular.info\/index.php\/wp-json\/wp\/v2\/tags?post=47951"}],"curies":[{"name":"wp","href":"https:\/\/api.w.org\/{rel}","templated":true}]}}