{"id":48053,"date":"2018-09-18T08:00:03","date_gmt":"2018-09-18T11:00:03","guid":{"rendered":"http:\/\/folhapopular.info\/?p=48053"},"modified":"2018-09-18T08:11:09","modified_gmt":"2018-09-18T11:11:09","slug":"passeio-da-bombacha-ocorreu-em-sua-31a-edicao-em-teutonia","status":"publish","type":"post","link":"https:\/\/folhapopular.info\/index.php\/2018\/09\/18\/passeio-da-bombacha-ocorreu-em-sua-31a-edicao-em-teutonia\/","title":{"rendered":"Passeio da Bombacha ocorreu em sua 31\u00aa edi\u00e7\u00e3o em Teut\u00f4nia"},"content":{"rendered":"<p>As principais ruas do Bairro Canabarro, em\u00a0Teut\u00f4nia, foram invadidas pelas cores do Rio Grande do Sul neste domingo, dia 16 de setembro. O Passeio da Bombacha, tradicional em\u00a0Teut\u00f4nia, ocorreu em sua 31\u00aa edi\u00e7\u00e3o e reuniu tradicionalistas do munic\u00edpio e regi\u00e3o, integrando a programa\u00e7\u00e3o do Acampamento Farroupilha. Crian\u00e7as e adultos demonstraram o seu amor ao Estado junto com dezenas de cavalarianos, que foram uma atra\u00e7\u00e3o \u00e0 parte durante o desfile.<\/p>\n<p>A concentra\u00e7\u00e3o ocorreu em frente ao Ieceg\/CNEC\u00a0Teut\u00f4nia. \u00c0s 10h, iniciou o desfile, seguindo pelas ruas Dom Pedro II, Capit\u00e3o Schneider, 31 de Mar\u00e7o, Frederico Gehrardt, Germano Gaussmann, at\u00e9 a sede do Centro de Tradi\u00e7\u00f5es Ga\u00fachas (CTG) Porteira dos Pampas, onde a programa\u00e7\u00e3o seguiu durante o dia.<\/p>\n<p>A promo\u00e7\u00e3o do Passeio da Bombacha no Bairro Canabarro \u00e9 do CTG Porteira dos Pampas e contou com o apoio do Centro Cultural Tradicionalista (CCT) Quer\u00eancia Amada, do Loteamento 8. Outras entidades tradicionalistas de\u00a0Teut\u00f4nia\u00a0e da regi\u00e3o tamb\u00e9m marcaram presen\u00e7a no desfile.<\/p>\n<p>Para o patr\u00e3o do CTG Porteira dos Pampas, o desfile evidencia o culto \u00e0s tradi\u00e7\u00f5es ga\u00fachas. \u201cO desfile vem ao encontro do ensejo da Semana Farroupilha. \u00c9 a nossa data, a data do ga\u00facho. Aqui, para o Bairro Canabarro, o desfile vem de uma tradi\u00e7\u00e3o de anos. Para manter essa tradi\u00e7\u00e3o viva, o Porteira dos Pampas realiza anualmente este bel\u00edssimo desfile\u201d, enaltece.<\/p>\n<p>O tradicionalista Armando Guterres endossa a coloca\u00e7\u00e3o do patr\u00e3o. \u201cO Passeio da Bombacha tem como objetivo preservar a cultura ga\u00facha. Procuramos manter a nossa tradi\u00e7\u00e3o, revivendo o passado. Chegamos ao 31\u00ba Passeio da Bombacha, sendo que \u00e9 sempre muito aguardado por nossa comunidade do Bairro Canabarro\u201d, frisa.<\/p>\n<p>O Desfile Farroupilha oficial do Acampamento Farroupilha de\u00a0Teut\u00f4nia\u00a0ocorre nesta quinta-feira, dia 20 de setembro. A sa\u00edda ser\u00e1 em frente ao Agrocenter Languiru, no Bairro Languiru, de onde os tradicionalistas seguir\u00e3o at\u00e9 o Centro Administrativo. Est\u00e1 prevista a participa\u00e7\u00e3o de cerca de 400 cavalarianos.<\/p>\n<p><strong>Programa\u00e7\u00e3o segue at\u00e9 dia 21<\/strong><\/p>\n<p>As atividades e atra\u00e7\u00f5es do 2\u00ba Acampamento Farroupilha, que segue at\u00e9 o dia 21, se concentram no Pavilh\u00e3o Multiuso, Galp\u00e3o Farroupilha e nos piquetes do acampamento. O evento tem como objetivos resgatar e difundir os h\u00e1bitos e costumes do povo ga\u00facho, al\u00e9m de despertar nas pessoas o culto \u00e0 tradi\u00e7\u00e3o e \u00e0 cultura.<\/p>\n<p>Dentre as atra\u00e7\u00f5es, est\u00e3o Luz de Candieiro, Bate Casco, Nativo Serrano, Toque de Vaneira, Os Centauros, Os Serranos e Jo\u00e3o Luiz Corr\u00eaa. No dia 18, ocorre a grava\u00e7\u00e3o do programa Fogo de Ch\u00e3o, com o apresentador Alex Camboim e os Serranos. No dia 20, est\u00e1 previsto o desfile dos cavalarianos pelas principais ruas da cidade, com a participa\u00e7\u00e3o das entidades de\u00a0Teut\u00f4nia, al\u00e9m de Westf\u00e1lia, Paverama, Bom Retiro do Sul, Fazenda Vilanova, Marat\u00e1, entre outros.<\/p>\n<p>Durante os dias de evento, os tradicionalistas resgatar\u00e3o os costumes do povo ga\u00facho com rodas de chimarr\u00e3o, comidas t\u00edpicas e muita m\u00fasica nos piquetes do Acampamento. A programa\u00e7\u00e3o interna ficar\u00e1 por conta de cada entidade e as atra\u00e7\u00f5es musicais e shows ocorrem no Pavilh\u00e3o Multiuso.<\/p>\n<p>Toda a programa\u00e7\u00e3o ter\u00e1 entrada franca. A realiza\u00e7\u00e3o \u00e9 da Prefeitura de\u00a0Teut\u00f4nia, atrav\u00e9s das secretarias da Ind\u00fastria, Com\u00e9rcio e Turismo e da Juventude, Cultura, Esporte e Lazer, com apoio dos Centros de Tradi\u00e7\u00f5es Ga\u00fachas Rinc\u00e3o das Coxilhas e Porteira dos Pampas, Centro Cultural Tradicionalista Quer\u00eancia Amada e dos 14 piquetes.<\/p>\n<p><strong>Programa\u00e7\u00e3o 2\u00ba Acampamento Farroupilha de\u00a0Teut\u00f4nia<\/strong><\/p>\n<p><strong>\u00d8\u00a0\u00a0Ter\u00e7a-feira &#8211; 18\/09<\/strong><\/p>\n<p>20h &#8211; Jantar com os Serranos, promo\u00e7\u00e3o do Piquete Popular. Local: Galp\u00e3o Farroupilha<\/p>\n<p>20h &#8211; Grava\u00e7\u00e3o do programa Fogo de Ch\u00e3o e show com Alex Camboim, participa\u00e7\u00e3o de Os Serranos e Grupo Luz de Candieiro e apresenta\u00e7\u00e3o art\u00edstica do CTG Rinc\u00e3o das Coxilhas. Local: Acampamento Farroupilha e Pavilh\u00e3o Multiuso<\/p>\n<p>21h30 &#8211; Show com os Serranos -(A\u00e7\u00e3o solid\u00e1ria, com doa\u00e7\u00e3o de 1kg de alimento n\u00e3o perec\u00edvel). Local: Pavilh\u00e3o Multiuso<\/p>\n<p><strong>\u00d8\u00a0\u00a0Quarta-feira &#8211; 19\/09<\/strong><\/p>\n<p>19h30 &#8211; Missa Criola. Local: CTG Porteira dos Pampas<\/p>\n<p>19h30 &#8211; Grava\u00e7\u00e3o do Programa Gente da Terra. Local: Galp\u00e3o Farroupilha<\/p>\n<p>21h &#8211; Fandango com Grupo Nativo Serrano. Local: Pavilh\u00e3o Multiuso<\/p>\n<p><strong>\u00d8\u00a0\u00a0Quinta-feira &#8211; 20\/09<\/strong><\/p>\n<p>9h30 &#8211; Desfile Farroupilha, com entidades, piquetes e escolas (Sa\u00edda Agrocenter Languiru at\u00e9 o Centro Administrativo)<\/p>\n<p>12h &#8211; Costel\u00e3o. Local: CTG Rinc\u00e3o das Coxilhas<\/p>\n<p>14h \u2013 Fandango com Grupo Os Centauros. Local: Pavilh\u00e3o Multiuso<\/p>\n<p>16h30 &#8211; Apresenta\u00e7\u00e3o art\u00edstica da Invernadas Pr\u00e9-Mirim do CTG Porteira dos Pampas. Local: Pavilh\u00e3o Multiuso<\/p>\n<p>17h &#8211; Baile de integra\u00e7\u00e3o dos piquetes e visitantes com Grupo Toque de Vaneira. Local: Pavilh\u00e3o Multiuso<\/p>\n<p>18h &#8211; Extin\u00e7\u00e3o da Chama Crioula<\/p>\n<p><strong>\u00d8\u00a0\u00a0Sexta-feira &#8211; 21\/09<\/strong><\/p>\n<p>21h &#8211; Apresenta\u00e7\u00e3o Invernada Juvenil do CTG Porteira Dos Pampas. Local: Pavilh\u00e3o Multiuso<\/p>\n<p>21h30 &#8211; Encerramento do Acampamento Farroupilha e show com Jo\u00e3o Luiz Corr\u00eaa. Local: Pavilh\u00e3o Multiuso<\/p>\n","protected":false},"excerpt":{"rendered":"<p>As principais ruas do Bairro Canabarro, em\u00a0Teut\u00f4nia, foram invadidas pelas cores do Rio Grande do Sul neste domingo, dia 16 de setembro. O Passeio da Bombacha, tradicional em\u00a0Teut\u00f4nia, ocorreu em sua 31\u00aa edi\u00e7\u00e3o e reuniu tradicionalistas do munic\u00edpio e regi\u00e3o, integrando a programa\u00e7\u00e3o do Acampamento Farroupilha. Crian\u00e7as e adultos demonstraram o seu amor ao Estado [&hellip;]<\/p>\n","protected":false},"author":8,"featured_media":48054,"comment_status":"open","ping_status":"open","sticky":false,"template":"","format":"standard","meta":{"pmpro_default_level":"","_jetpack_memberships_contains_paid_content":false,"footnotes":""},"categories":[2,3],"tags":[980,26],"class_list":{"0":"post-48053","1":"post","2":"type-post","3":"status-publish","4":"format-standard","5":"has-post-thumbnail","7":"category-featured","8":"category-geral","9":"tag-acampamento-farroupilha","10":"tag-teutonia","11":"pmpro-has-access"},"yoast_head":"<!-- This site is optimized with the Yoast SEO plugin v27.5 - https:\/\/yoast.com\/product\/yoast-seo-wordpress\/ -->\n<title>Passeio da Bombacha ocorreu em sua 31\u00aa edi\u00e7\u00e3o em Teut\u00f4nia - Folha Popular<\/title>\n<meta name=\"robots\" content=\"index, follow, max-snippet:-1, max-image-preview:large, max-video-preview:-1\" \/>\n<link rel=\"canonical\" href=\"https:\/\/folhapopular.info\/index.php\/2018\/09\/18\/passeio-da-bombacha-ocorreu-em-sua-31a-edicao-em-teutonia\/\" \/>\n<meta property=\"og:locale\" content=\"pt_BR\" \/>\n<meta property=\"og:type\" content=\"article\" \/>\n<meta property=\"og:title\" content=\"Passeio da Bombacha ocorreu em sua 31\u00aa edi\u00e7\u00e3o em Teut\u00f4nia - Folha Popular\" \/>\n<meta property=\"og:description\" content=\"As principais ruas do Bairro Canabarro, em\u00a0Teut\u00f4nia, foram invadidas pelas cores do Rio Grande do Sul neste domingo, dia 16 de setembro. O Passeio da Bombacha, tradicional em\u00a0Teut\u00f4nia, ocorreu em sua 31\u00aa edi\u00e7\u00e3o e reuniu tradicionalistas do munic\u00edpio e regi\u00e3o, integrando a programa\u00e7\u00e3o do Acampamento Farroupilha. Crian\u00e7as e adultos demonstraram o seu amor ao Estado [&hellip;]\" \/>\n<meta property=\"og:url\" content=\"https:\/\/folhapopular.info\/index.php\/2018\/09\/18\/passeio-da-bombacha-ocorreu-em-sua-31a-edicao-em-teutonia\/\" \/>\n<meta property=\"og:site_name\" content=\"Folha Popular\" \/>\n<meta property=\"article:published_time\" content=\"2018-09-18T11:00:03+00:00\" \/>\n<meta property=\"article:modified_time\" content=\"2018-09-18T11:11:09+00:00\" \/>\n<meta property=\"og:image\" content=\"https:\/\/folhapopular.info\/wp-content\/uploads\/2018\/09\/Desfile-evidenciou-o-tradicionalismo-no-Bairro-Canabarro-C\u00f3pia-e1537268079985.jpg\" \/>\n\t<meta property=\"og:image:width\" content=\"800\" \/>\n\t<meta property=\"og:image:height\" content=\"533\" \/>\n\t<meta property=\"og:image:type\" content=\"image\/jpeg\" \/>\n<meta name=\"author\" content=\"Reda\u00e7\u00e3o Folha Popular\" \/>\n<meta name=\"twitter:card\" content=\"summary_large_image\" \/>\n<meta name=\"twitter:label1\" content=\"Escrito por\" \/>\n\t<meta name=\"twitter:data1\" content=\"Reda\u00e7\u00e3o Folha Popular\" \/>\n\t<meta name=\"twitter:label2\" content=\"Est. tempo de leitura\" \/>\n\t<meta name=\"twitter:data2\" content=\"4 minutos\" \/>\n<script type=\"application\/ld+json\" class=\"yoast-schema-graph\">{\"@context\":\"https:\\\/\\\/schema.org\",\"@graph\":[{\"@type\":\"Article\",\"@id\":\"https:\\\/\\\/folhapopular.info\\\/index.php\\\/2018\\\/09\\\/18\\\/passeio-da-bombacha-ocorreu-em-sua-31a-edicao-em-teutonia\\\/#article\",\"isPartOf\":{\"@id\":\"https:\\\/\\\/folhapopular.info\\\/index.php\\\/2018\\\/09\\\/18\\\/passeio-da-bombacha-ocorreu-em-sua-31a-edicao-em-teutonia\\\/\"},\"author\":{\"name\":\"Reda\u00e7\u00e3o Folha Popular\",\"@id\":\"https:\\\/\\\/folhapopular.info\\\/#\\\/schema\\\/person\\\/2814e8a0df7643585a9ca38bc6eb9d4b\"},\"headline\":\"Passeio da Bombacha ocorreu em sua 31\u00aa edi\u00e7\u00e3o em Teut\u00f4nia\",\"datePublished\":\"2018-09-18T11:00:03+00:00\",\"dateModified\":\"2018-09-18T11:11:09+00:00\",\"mainEntityOfPage\":{\"@id\":\"https:\\\/\\\/folhapopular.info\\\/index.php\\\/2018\\\/09\\\/18\\\/passeio-da-bombacha-ocorreu-em-sua-31a-edicao-em-teutonia\\\/\"},\"wordCount\":856,\"commentCount\":0,\"image\":{\"@id\":\"https:\\\/\\\/folhapopular.info\\\/index.php\\\/2018\\\/09\\\/18\\\/passeio-da-bombacha-ocorreu-em-sua-31a-edicao-em-teutonia\\\/#primaryimage\"},\"thumbnailUrl\":\"https:\\\/\\\/folhapopular.info\\\/wp-content\\\/uploads\\\/2018\\\/09\\\/Desfile-evidenciou-o-tradicionalismo-no-Bairro-Canabarro-C\u00f3pia-e1537268079985.jpg\",\"keywords\":[\"Acampamento Farroupilha\",\"Teut\u00f4nia\"],\"articleSection\":[\"Destaques\",\"Geral\"],\"inLanguage\":\"pt-BR\",\"potentialAction\":[{\"@type\":\"CommentAction\",\"name\":\"Comment\",\"target\":[\"https:\\\/\\\/folhapopular.info\\\/index.php\\\/2018\\\/09\\\/18\\\/passeio-da-bombacha-ocorreu-em-sua-31a-edicao-em-teutonia\\\/#respond\"]}]},{\"@type\":\"WebPage\",\"@id\":\"https:\\\/\\\/folhapopular.info\\\/index.php\\\/2018\\\/09\\\/18\\\/passeio-da-bombacha-ocorreu-em-sua-31a-edicao-em-teutonia\\\/\",\"url\":\"https:\\\/\\\/folhapopular.info\\\/index.php\\\/2018\\\/09\\\/18\\\/passeio-da-bombacha-ocorreu-em-sua-31a-edicao-em-teutonia\\\/\",\"name\":\"Passeio da Bombacha ocorreu em sua 31\u00aa edi\u00e7\u00e3o em Teut\u00f4nia - Folha Popular\",\"isPartOf\":{\"@id\":\"https:\\\/\\\/folhapopular.info\\\/#website\"},\"primaryImageOfPage\":{\"@id\":\"https:\\\/\\\/folhapopular.info\\\/index.php\\\/2018\\\/09\\\/18\\\/passeio-da-bombacha-ocorreu-em-sua-31a-edicao-em-teutonia\\\/#primaryimage\"},\"image\":{\"@id\":\"https:\\\/\\\/folhapopular.info\\\/index.php\\\/2018\\\/09\\\/18\\\/passeio-da-bombacha-ocorreu-em-sua-31a-edicao-em-teutonia\\\/#primaryimage\"},\"thumbnailUrl\":\"https:\\\/\\\/folhapopular.info\\\/wp-content\\\/uploads\\\/2018\\\/09\\\/Desfile-evidenciou-o-tradicionalismo-no-Bairro-Canabarro-C\u00f3pia-e1537268079985.jpg\",\"datePublished\":\"2018-09-18T11:00:03+00:00\",\"dateModified\":\"2018-09-18T11:11:09+00:00\",\"author\":{\"@id\":\"https:\\\/\\\/folhapopular.info\\\/#\\\/schema\\\/person\\\/2814e8a0df7643585a9ca38bc6eb9d4b\"},\"breadcrumb\":{\"@id\":\"https:\\\/\\\/folhapopular.info\\\/index.php\\\/2018\\\/09\\\/18\\\/passeio-da-bombacha-ocorreu-em-sua-31a-edicao-em-teutonia\\\/#breadcrumb\"},\"inLanguage\":\"pt-BR\",\"potentialAction\":[{\"@type\":\"ReadAction\",\"target\":[\"https:\\\/\\\/folhapopular.info\\\/index.php\\\/2018\\\/09\\\/18\\\/passeio-da-bombacha-ocorreu-em-sua-31a-edicao-em-teutonia\\\/\"]}]},{\"@type\":\"ImageObject\",\"inLanguage\":\"pt-BR\",\"@id\":\"https:\\\/\\\/folhapopular.info\\\/index.php\\\/2018\\\/09\\\/18\\\/passeio-da-bombacha-ocorreu-em-sua-31a-edicao-em-teutonia\\\/#primaryimage\",\"url\":\"https:\\\/\\\/folhapopular.info\\\/wp-content\\\/uploads\\\/2018\\\/09\\\/Desfile-evidenciou-o-tradicionalismo-no-Bairro-Canabarro-C\u00f3pia-e1537268079985.jpg\",\"contentUrl\":\"https:\\\/\\\/folhapopular.info\\\/wp-content\\\/uploads\\\/2018\\\/09\\\/Desfile-evidenciou-o-tradicionalismo-no-Bairro-Canabarro-C\u00f3pia-e1537268079985.jpg\",\"width\":800,\"height\":533,\"caption\":\"Desfile evidenciou o tradicionalismo no Bairro Canabarro\\\/\u00c9dson Lu\u00eds Schaeffer\\\/divulga\u00e7\u00e3o\"},{\"@type\":\"BreadcrumbList\",\"@id\":\"https:\\\/\\\/folhapopular.info\\\/index.php\\\/2018\\\/09\\\/18\\\/passeio-da-bombacha-ocorreu-em-sua-31a-edicao-em-teutonia\\\/#breadcrumb\",\"itemListElement\":[{\"@type\":\"ListItem\",\"position\":1,\"name\":\"In\u00edcio\",\"item\":\"https:\\\/\\\/folhapopular.info\\\/\"},{\"@type\":\"ListItem\",\"position\":2,\"name\":\"Passeio da Bombacha ocorreu em sua 31\u00aa edi\u00e7\u00e3o em Teut\u00f4nia\"}]},{\"@type\":\"WebSite\",\"@id\":\"https:\\\/\\\/folhapopular.info\\\/#website\",\"url\":\"https:\\\/\\\/folhapopular.info\\\/\",\"name\":\"Folha Popular\",\"description\":\"Onde voc\u00ea tem vez e voz\",\"potentialAction\":[{\"@type\":\"SearchAction\",\"target\":{\"@type\":\"EntryPoint\",\"urlTemplate\":\"https:\\\/\\\/folhapopular.info\\\/?s={search_term_string}\"},\"query-input\":{\"@type\":\"PropertyValueSpecification\",\"valueRequired\":true,\"valueName\":\"search_term_string\"}}],\"inLanguage\":\"pt-BR\"},{\"@type\":\"Person\",\"@id\":\"https:\\\/\\\/folhapopular.info\\\/#\\\/schema\\\/person\\\/2814e8a0df7643585a9ca38bc6eb9d4b\",\"name\":\"Reda\u00e7\u00e3o Folha Popular\",\"image\":{\"@type\":\"ImageObject\",\"inLanguage\":\"pt-BR\",\"@id\":\"https:\\\/\\\/folhapopular.info\\\/wp-content\\\/uploads\\\/2026\\\/04\\\/Folha-1.webp\",\"url\":\"https:\\\/\\\/folhapopular.info\\\/wp-content\\\/uploads\\\/2026\\\/04\\\/Folha-1.webp\",\"contentUrl\":\"https:\\\/\\\/folhapopular.info\\\/wp-content\\\/uploads\\\/2026\\\/04\\\/Folha-1.webp\",\"caption\":\"Reda\u00e7\u00e3o Folha Popular\"},\"url\":\"https:\\\/\\\/folhapopular.info\\\/index.php\\\/author\\\/redacao\\\/\"}]}<\/script>\n<!-- \/ Yoast SEO plugin. -->","yoast_head_json":{"title":"Passeio da Bombacha ocorreu em sua 31\u00aa edi\u00e7\u00e3o em Teut\u00f4nia - Folha Popular","robots":{"index":"index","follow":"follow","max-snippet":"max-snippet:-1","max-image-preview":"max-image-preview:large","max-video-preview":"max-video-preview:-1"},"canonical":"https:\/\/folhapopular.info\/index.php\/2018\/09\/18\/passeio-da-bombacha-ocorreu-em-sua-31a-edicao-em-teutonia\/","og_locale":"pt_BR","og_type":"article","og_title":"Passeio da Bombacha ocorreu em sua 31\u00aa edi\u00e7\u00e3o em Teut\u00f4nia - Folha Popular","og_description":"As principais ruas do Bairro Canabarro, em\u00a0Teut\u00f4nia, foram invadidas pelas cores do Rio Grande do Sul neste domingo, dia 16 de setembro. O Passeio da Bombacha, tradicional em\u00a0Teut\u00f4nia, ocorreu em sua 31\u00aa edi\u00e7\u00e3o e reuniu tradicionalistas do munic\u00edpio e regi\u00e3o, integrando a programa\u00e7\u00e3o do Acampamento Farroupilha. Crian\u00e7as e adultos demonstraram o seu amor ao Estado [&hellip;]","og_url":"https:\/\/folhapopular.info\/index.php\/2018\/09\/18\/passeio-da-bombacha-ocorreu-em-sua-31a-edicao-em-teutonia\/","og_site_name":"Folha Popular","article_published_time":"2018-09-18T11:00:03+00:00","article_modified_time":"2018-09-18T11:11:09+00:00","og_image":[{"width":800,"height":533,"url":"https:\/\/folhapopular.info\/wp-content\/uploads\/2018\/09\/Desfile-evidenciou-o-tradicionalismo-no-Bairro-Canabarro-C\u00f3pia-e1537268079985.jpg","type":"image\/jpeg"}],"author":"Reda\u00e7\u00e3o Folha Popular","twitter_card":"summary_large_image","twitter_misc":{"Escrito por":"Reda\u00e7\u00e3o Folha Popular","Est. tempo de leitura":"4 minutos"},"schema":{"@context":"https:\/\/schema.org","@graph":[{"@type":"Article","@id":"https:\/\/folhapopular.info\/index.php\/2018\/09\/18\/passeio-da-bombacha-ocorreu-em-sua-31a-edicao-em-teutonia\/#article","isPartOf":{"@id":"https:\/\/folhapopular.info\/index.php\/2018\/09\/18\/passeio-da-bombacha-ocorreu-em-sua-31a-edicao-em-teutonia\/"},"author":{"name":"Reda\u00e7\u00e3o Folha Popular","@id":"https:\/\/folhapopular.info\/#\/schema\/person\/2814e8a0df7643585a9ca38bc6eb9d4b"},"headline":"Passeio da Bombacha ocorreu em sua 31\u00aa edi\u00e7\u00e3o em Teut\u00f4nia","datePublished":"2018-09-18T11:00:03+00:00","dateModified":"2018-09-18T11:11:09+00:00","mainEntityOfPage":{"@id":"https:\/\/folhapopular.info\/index.php\/2018\/09\/18\/passeio-da-bombacha-ocorreu-em-sua-31a-edicao-em-teutonia\/"},"wordCount":856,"commentCount":0,"image":{"@id":"https:\/\/folhapopular.info\/index.php\/2018\/09\/18\/passeio-da-bombacha-ocorreu-em-sua-31a-edicao-em-teutonia\/#primaryimage"},"thumbnailUrl":"https:\/\/folhapopular.info\/wp-content\/uploads\/2018\/09\/Desfile-evidenciou-o-tradicionalismo-no-Bairro-Canabarro-C\u00f3pia-e1537268079985.jpg","keywords":["Acampamento Farroupilha","Teut\u00f4nia"],"articleSection":["Destaques","Geral"],"inLanguage":"pt-BR","potentialAction":[{"@type":"CommentAction","name":"Comment","target":["https:\/\/folhapopular.info\/index.php\/2018\/09\/18\/passeio-da-bombacha-ocorreu-em-sua-31a-edicao-em-teutonia\/#respond"]}]},{"@type":"WebPage","@id":"https:\/\/folhapopular.info\/index.php\/2018\/09\/18\/passeio-da-bombacha-ocorreu-em-sua-31a-edicao-em-teutonia\/","url":"https:\/\/folhapopular.info\/index.php\/2018\/09\/18\/passeio-da-bombacha-ocorreu-em-sua-31a-edicao-em-teutonia\/","name":"Passeio da Bombacha ocorreu em sua 31\u00aa edi\u00e7\u00e3o em Teut\u00f4nia - Folha Popular","isPartOf":{"@id":"https:\/\/folhapopular.info\/#website"},"primaryImageOfPage":{"@id":"https:\/\/folhapopular.info\/index.php\/2018\/09\/18\/passeio-da-bombacha-ocorreu-em-sua-31a-edicao-em-teutonia\/#primaryimage"},"image":{"@id":"https:\/\/folhapopular.info\/index.php\/2018\/09\/18\/passeio-da-bombacha-ocorreu-em-sua-31a-edicao-em-teutonia\/#primaryimage"},"thumbnailUrl":"https:\/\/folhapopular.info\/wp-content\/uploads\/2018\/09\/Desfile-evidenciou-o-tradicionalismo-no-Bairro-Canabarro-C\u00f3pia-e1537268079985.jpg","datePublished":"2018-09-18T11:00:03+00:00","dateModified":"2018-09-18T11:11:09+00:00","author":{"@id":"https:\/\/folhapopular.info\/#\/schema\/person\/2814e8a0df7643585a9ca38bc6eb9d4b"},"breadcrumb":{"@id":"https:\/\/folhapopular.info\/index.php\/2018\/09\/18\/passeio-da-bombacha-ocorreu-em-sua-31a-edicao-em-teutonia\/#breadcrumb"},"inLanguage":"pt-BR","potentialAction":[{"@type":"ReadAction","target":["https:\/\/folhapopular.info\/index.php\/2018\/09\/18\/passeio-da-bombacha-ocorreu-em-sua-31a-edicao-em-teutonia\/"]}]},{"@type":"ImageObject","inLanguage":"pt-BR","@id":"https:\/\/folhapopular.info\/index.php\/2018\/09\/18\/passeio-da-bombacha-ocorreu-em-sua-31a-edicao-em-teutonia\/#primaryimage","url":"https:\/\/folhapopular.info\/wp-content\/uploads\/2018\/09\/Desfile-evidenciou-o-tradicionalismo-no-Bairro-Canabarro-C\u00f3pia-e1537268079985.jpg","contentUrl":"https:\/\/folhapopular.info\/wp-content\/uploads\/2018\/09\/Desfile-evidenciou-o-tradicionalismo-no-Bairro-Canabarro-C\u00f3pia-e1537268079985.jpg","width":800,"height":533,"caption":"Desfile evidenciou o tradicionalismo no Bairro Canabarro\/\u00c9dson Lu\u00eds Schaeffer\/divulga\u00e7\u00e3o"},{"@type":"BreadcrumbList","@id":"https:\/\/folhapopular.info\/index.php\/2018\/09\/18\/passeio-da-bombacha-ocorreu-em-sua-31a-edicao-em-teutonia\/#breadcrumb","itemListElement":[{"@type":"ListItem","position":1,"name":"In\u00edcio","item":"https:\/\/folhapopular.info\/"},{"@type":"ListItem","position":2,"name":"Passeio da Bombacha ocorreu em sua 31\u00aa edi\u00e7\u00e3o em Teut\u00f4nia"}]},{"@type":"WebSite","@id":"https:\/\/folhapopular.info\/#website","url":"https:\/\/folhapopular.info\/","name":"Folha Popular","description":"Onde voc\u00ea tem vez e voz","potentialAction":[{"@type":"SearchAction","target":{"@type":"EntryPoint","urlTemplate":"https:\/\/folhapopular.info\/?s={search_term_string}"},"query-input":{"@type":"PropertyValueSpecification","valueRequired":true,"valueName":"search_term_string"}}],"inLanguage":"pt-BR"},{"@type":"Person","@id":"https:\/\/folhapopular.info\/#\/schema\/person\/2814e8a0df7643585a9ca38bc6eb9d4b","name":"Reda\u00e7\u00e3o Folha Popular","image":{"@type":"ImageObject","inLanguage":"pt-BR","@id":"https:\/\/folhapopular.info\/wp-content\/uploads\/2026\/04\/Folha-1.webp","url":"https:\/\/folhapopular.info\/wp-content\/uploads\/2026\/04\/Folha-1.webp","contentUrl":"https:\/\/folhapopular.info\/wp-content\/uploads\/2026\/04\/Folha-1.webp","caption":"Reda\u00e7\u00e3o Folha Popular"},"url":"https:\/\/folhapopular.info\/index.php\/author\/redacao\/"}]}},"jetpack_featured_media_url":"https:\/\/folhapopular.info\/wp-content\/uploads\/2018\/09\/Desfile-evidenciou-o-tradicionalismo-no-Bairro-Canabarro-C\u00f3pia-e1537268079985.jpg","jetpack_sharing_enabled":true,"amp_enabled":true,"_links":{"self":[{"href":"https:\/\/folhapopular.info\/index.php\/wp-json\/wp\/v2\/posts\/48053","targetHints":{"allow":["GET"]}}],"collection":[{"href":"https:\/\/folhapopular.info\/index.php\/wp-json\/wp\/v2\/posts"}],"about":[{"href":"https:\/\/folhapopular.info\/index.php\/wp-json\/wp\/v2\/types\/post"}],"author":[{"embeddable":true,"href":"https:\/\/folhapopular.info\/index.php\/wp-json\/wp\/v2\/users\/8"}],"replies":[{"embeddable":true,"href":"https:\/\/folhapopular.info\/index.php\/wp-json\/wp\/v2\/comments?post=48053"}],"version-history":[{"count":0,"href":"https:\/\/folhapopular.info\/index.php\/wp-json\/wp\/v2\/posts\/48053\/revisions"}],"wp:featuredmedia":[{"embeddable":true,"href":"https:\/\/folhapopular.info\/index.php\/wp-json\/wp\/v2\/media\/48054"}],"wp:attachment":[{"href":"https:\/\/folhapopular.info\/index.php\/wp-json\/wp\/v2\/media?parent=48053"}],"wp:term":[{"taxonomy":"category","embeddable":true,"href":"https:\/\/folhapopular.info\/index.php\/wp-json\/wp\/v2\/categories?post=48053"},{"taxonomy":"post_tag","embeddable":true,"href":"https:\/\/folhapopular.info\/index.php\/wp-json\/wp\/v2\/tags?post=48053"}],"curies":[{"name":"wp","href":"https:\/\/api.w.org\/{rel}","templated":true}]}}