{"id":48062,"date":"2018-09-18T12:00:01","date_gmt":"2018-09-18T15:00:01","guid":{"rendered":"http:\/\/folhapopular.info\/?p=48062"},"modified":"2018-09-18T11:26:37","modified_gmt":"2018-09-18T14:26:37","slug":"acampamento-farroupilha-de-teutonia-sedia-resenha-coletiva-de-cavalos-crioulos","status":"publish","type":"post","link":"https:\/\/folhapopular.info\/index.php\/2018\/09\/18\/acampamento-farroupilha-de-teutonia-sedia-resenha-coletiva-de-cavalos-crioulos\/","title":{"rendered":"Acampamento Farroupilha de\u00a0Teut\u00f4nia\u00a0sedia resenha coletiva de cavalos crioulos"},"content":{"rendered":"<p>O Acampamento Farroupilha tamb\u00e9m contou com atividades t\u00e9cnicas. Uma delas foi a resenha coletiva de cavalos crioulos na tarde desta segunda-feira, dia 17 de setembro, junto \u00e0 Rua Coberta do Centro Administrativo. Na ocasi\u00e3o, os equinos foram inspecionados pelo m\u00e9dico-veterin\u00e1rio e inspetor t\u00e9cnico da Associa\u00e7\u00e3o Brasileira de Criadores de Cavalos Crioulos (ABCCC) Rodrigo Py.<\/p>\n<p>Os criadores aproveitaram a oportunidade para trazer seus potros para fazer o registro provis\u00f3rio, bem como os cavalos adultos (maiores de dois anos) para o registro definitivo. \u201cA resenha \u00e9 semelhante \u00e0 primeira identidade. O potrinho nasce e, a\u00ed, o inspetor t\u00e9cnico tem que fazer o primeiro registro, que \u00e9 o registro provis\u00f3rio. Se faz a descri\u00e7\u00e3o dos sinais, das manchas, da pelagem, o nome do pai, da m\u00e3e, data de nascimento, nome do criador. A partir dos dois anos de idade, \u00e9 preciso fazer registro definitivo, que \u00e9 quando vai a marca da Associa\u00e7\u00e3o\u201d, explicou Py.<\/p>\n<p>O inspetor t\u00e9cnico ainda acrescentou as caracter\u00edsticas de um cavalo crioulo. \u201cO crioulo \u00e9 uma ra\u00e7a que se originou nos Pampas da Am\u00e9rica do Sul, vindo da Pen\u00ednsula Ib\u00e9rica. Se tornaram cavalos que, pela sele\u00e7\u00e3o natural, s\u00e3o extremamente resistentes. S\u00e3o cavalos d\u00f3ceis, com f\u00e1cil capacidade de adapta\u00e7\u00e3o e manuten\u00e7\u00e3o. Morfologicamente s\u00e3o animais de porte mediano. As f\u00eameas variam de 1,38 metro a 1,48 metro e os machos de 1,40 metro a 1,50 metro. S\u00e3o animais de muita estrutura \u00f3ssea, de pesco\u00e7o leve, orelhas pequenas, cabe\u00e7a pequena\u201d, explanou.<\/p>\n<p>Ap\u00f3s a resenha coletiva, j\u00e1 \u00e0 noite, no Galp\u00e3o Farroupilha, Rodrigo Py ministrou palestra morfol\u00f3gica, ocasi\u00e3o em que ocorreu a divulga\u00e7\u00e3o do DVD Morfol\u00f3gico da ABCCC. \u201cA ABCCC tem uma s\u00e9rie de provas regulamentadas. Para ser um cavalo crioulo registrado e participar de provas, tem uma s\u00e9rie de caracter\u00edsticas morfol\u00f3gicas que precisam ser atendidas\u201d, afirmou.<\/p>\n<p>Ainda na noite desta segunda-feira, houve palestra sobre manejo e alimenta\u00e7\u00e3o de equinos. A palestra foi ministrada pelo m\u00e9dico-veterin\u00e1rio da Supra, Vin\u00edcius de Abreu. \u201c\u00c9 preciso minimar os riscos do desenvolvimento de dist\u00farbios digestivos no equino. Em se tratando de criadores, \u00e9 preciso evitar as defici\u00eancias e os excessos no manejo nutricional. Esses s\u00e3o os dois maiores erros que quem n\u00e3o tem muita orienta\u00e7\u00e3o acaba cometendo.\u201d, exp\u00f4s.<\/p>\n<p>Abreu advertiu que a alimenta\u00e7\u00e3o correta do equino \u00e9 fundamental para o desenvolvimento do animal. \u201c\u00c9 preciso respeitar as particularidades de cada ra\u00e7a, principalmente as particularidades por modalidade, ou seja, qual a atividade f\u00edsica do cavalo. Tamb\u00e9m \u00e9 preciso observar a categoria em que ele se encontra, conforme a sua idade. Conforme as categorias, a gente vai mudando a rotina da nutri\u00e7\u00e3o deles\u201d, pontuou.<\/p>\n<p>Na abertura das palestras, o prefeito, Jonatan Br\u00f6nstrup, enalteceu que as plaestras oportunizam novos conhecimentos. \u201cO Acampamento Farroupilha de\u00a0Teut\u00f4nia\u00a0j\u00e1 \u00e9 reconhecido, n\u00e3o somente pela parte art\u00edstica, mas tamb\u00e9m por ter atividades t\u00e9cnicas como estas palestras. Ao mesmo tempo, mantemos e resgatamos tradi\u00e7\u00f5es, criando um ambiente saud\u00e1vel para as fam\u00edlias\u201d, frisou.<\/p>\n<p>A organiza\u00e7\u00e3o das atividades t\u00e9cnicas foi de Cabanha BMW e Cabanha da Eternidade. Essas atividades integraram a programa\u00e7\u00e3o do 2\u00ba Acampamento Farroupilha de\u00a0Teut\u00f4nia, que segue at\u00e9 esta sexta-feira, dia 21, no Centro Administrativo.<\/p>\n<p><strong>Programa\u00e7\u00e3o segue at\u00e9 sexta-feira<\/strong><\/p>\n<p>As atividades e atra\u00e7\u00f5es do 2\u00ba Acampamento Farroupilha, que segue at\u00e9 sexta-feira, dia 21, se concentram no Pavilh\u00e3o Multiuso, Galp\u00e3o Farroupilha e nos piquetes do acampamento. O evento tem como objetivos resgatar e difundir os h\u00e1bitos e costumes do povo ga\u00facho, al\u00e9m de despertar nas pessoas o culto \u00e0 tradi\u00e7\u00e3o e \u00e0 cultura.<\/p>\n<p>Dentre as atra\u00e7\u00f5es, est\u00e3o Luz de Candieiro, Nativo Serrano, Toque de Vaneira, Os Centauros, Os Serranos e Jo\u00e3o Luiz Corr\u00eaa. No dia 18, ocorre a grava\u00e7\u00e3o do programa Fogo de Ch\u00e3o, com o apresentador Alex Camboim e os Serranos. No dia 20, est\u00e1 previsto o desfile dos cavalarianos pelas principais ruas da cidade, com a participa\u00e7\u00e3o das entidades de\u00a0Teut\u00f4nia, al\u00e9m de Westf\u00e1lia, Paverama, Bom Retiro do Sul, Fazenda Vilanova, Marat\u00e1, entre outros.<\/p>\n<p>Durante os dias de evento, os tradicionalistas resgatar\u00e3o os costumes do povo ga\u00facho com rodas de chimarr\u00e3o, comidas t\u00edpicas e muita m\u00fasica nos piquetes do Acampamento. A programa\u00e7\u00e3o interna ficar\u00e1 por conta de cada entidade e as atra\u00e7\u00f5es musicais e shows ocorrem no Pavilh\u00e3o Multiuso.<\/p>\n<p>Toda a programa\u00e7\u00e3o tem entrada franca. A realiza\u00e7\u00e3o \u00e9 da Prefeitura de\u00a0Teut\u00f4nia, atrav\u00e9s das secretarias da Ind\u00fastria, Com\u00e9rcio e Turismo e da Juventude, Cultura, Esporte e Lazer, com apoio dos Centros de Tradi\u00e7\u00f5es Ga\u00fachas Rinc\u00e3o das Coxilhas e Porteira dos Pampas, Centro Cultural Tradicionalista Quer\u00eancia Amada e dos 14 piquetes.<\/p>\n<p><strong>Programa\u00e7\u00e3o 2\u00ba Acampamento Farroupilha de\u00a0Teut\u00f4nia<\/strong><\/p>\n<p><strong>\u00d8\u00a0\u00a0\u00a0\u00a0Ter\u00e7a-feira &#8211; 18\/09<\/strong><\/p>\n<p>20h &#8211; Jantar com os Serranos, promo\u00e7\u00e3o do Piquete Popular. Local: Galp\u00e3o Farroupilha<\/p>\n<p>20h &#8211; Grava\u00e7\u00e3o do programa Fogo de Ch\u00e3o e show com Alex Camboim, participa\u00e7\u00e3o de Os Serranos e Grupo Luz de Candieiro e apresenta\u00e7\u00e3o art\u00edstica do CTG Rinc\u00e3o das Coxilhas. Local: Acampamento Farroupilha e Pavilh\u00e3o Multiuso<\/p>\n<p>21h30 &#8211; Show com os Serranos -(A\u00e7\u00e3o solid\u00e1ria, com doa\u00e7\u00e3o de 1kg de alimento n\u00e3o perec\u00edvel). Local: Pavilh\u00e3o Multiuso<\/p>\n<p><strong>\u00d8\u00a0\u00a0\u00a0\u00a0Quarta-feira &#8211; 19\/09<\/strong><\/p>\n<p>19h30 &#8211; Missa Criola. Local: CTG Porteira dos Pampas<\/p>\n<p>19h30 &#8211; Grava\u00e7\u00e3o do Programa Gente da Terra. Local: Galp\u00e3o Farroupilha<\/p>\n<p>21h &#8211; Fandango com Grupo Nativo Serrano. Local: Pavilh\u00e3o Multiuso<\/p>\n<p><strong>\u00d8\u00a0\u00a0\u00a0\u00a0Quinta-feira &#8211; 20\/09<\/strong><\/p>\n<p>9h30 &#8211; Desfile Farroupilha, com entidades, piquetes e escolas (Sa\u00edda Agrocenter Languiru at\u00e9 o Centro Administrativo)<\/p>\n<p>12h &#8211; Costel\u00e3o. Local: CTG Rinc\u00e3o das Coxilhas<\/p>\n<p>14h \u2013 Fandango com Grupo Os Centauros. Local: Pavilh\u00e3o Multiuso<\/p>\n<p>16h30 &#8211; Apresenta\u00e7\u00e3o art\u00edstica da Invernadas Pr\u00e9-Mirim do CTG Porteira dos Pampas. Local: Pavilh\u00e3o Multiuso<\/p>\n<p>17h &#8211; Baile de integra\u00e7\u00e3o dos piquetes e visitantes com Grupo Toque de Vaneira. Local: Pavilh\u00e3o Multiuso<\/p>\n<p>18h &#8211; Extin\u00e7\u00e3o da Chama Crioula<\/p>\n<p><strong>\u00d8\u00a0\u00a0\u00a0\u00a0Sexta-feira &#8211; 21\/09<\/strong><\/p>\n<p>21h &#8211; Apresenta\u00e7\u00e3o Invernada Juvenil do CTG Porteira Dos Pampas. Local: Pavilh\u00e3o Multiuso<\/p>\n<p>21h30 &#8211; Encerramento do Acampamento Farroupilha e show com Jo\u00e3o Luiz Corr\u00eaa. Local: Pavilh\u00e3o Multiuso<\/p>\n","protected":false},"excerpt":{"rendered":"<p>O Acampamento Farroupilha tamb\u00e9m contou com atividades t\u00e9cnicas. Uma delas foi a resenha coletiva de cavalos crioulos na tarde desta segunda-feira, dia 17 de setembro, junto \u00e0 Rua Coberta do Centro Administrativo. Na ocasi\u00e3o, os equinos foram inspecionados pelo m\u00e9dico-veterin\u00e1rio e inspetor t\u00e9cnico da Associa\u00e7\u00e3o Brasileira de Criadores de Cavalos Crioulos (ABCCC) Rodrigo Py. Os [&hellip;]<\/p>\n","protected":false},"author":8,"featured_media":48066,"comment_status":"open","ping_status":"open","sticky":false,"template":"","format":"standard","meta":{"pmpro_default_level":"","_jetpack_memberships_contains_paid_content":false,"footnotes":""},"categories":[2,3],"tags":[980,26],"class_list":{"0":"post-48062","1":"post","2":"type-post","3":"status-publish","4":"format-standard","5":"has-post-thumbnail","7":"category-featured","8":"category-geral","9":"tag-acampamento-farroupilha","10":"tag-teutonia","11":"pmpro-has-access"},"yoast_head":"<!-- This site is optimized with the Yoast SEO plugin v27.5 - https:\/\/yoast.com\/product\/yoast-seo-wordpress\/ -->\n<title>Acampamento Farroupilha de\u00a0Teut\u00f4nia\u00a0sedia resenha coletiva de cavalos crioulos - Folha Popular<\/title>\n<meta name=\"robots\" content=\"index, follow, max-snippet:-1, max-image-preview:large, max-video-preview:-1\" \/>\n<link rel=\"canonical\" href=\"https:\/\/folhapopular.info\/index.php\/2018\/09\/18\/acampamento-farroupilha-de-teutonia-sedia-resenha-coletiva-de-cavalos-crioulos\/\" \/>\n<meta property=\"og:locale\" content=\"pt_BR\" \/>\n<meta property=\"og:type\" content=\"article\" \/>\n<meta property=\"og:title\" content=\"Acampamento Farroupilha de\u00a0Teut\u00f4nia\u00a0sedia resenha coletiva de cavalos crioulos - Folha Popular\" \/>\n<meta property=\"og:description\" content=\"O Acampamento Farroupilha tamb\u00e9m contou com atividades t\u00e9cnicas. Uma delas foi a resenha coletiva de cavalos crioulos na tarde desta segunda-feira, dia 17 de setembro, junto \u00e0 Rua Coberta do Centro Administrativo. Na ocasi\u00e3o, os equinos foram inspecionados pelo m\u00e9dico-veterin\u00e1rio e inspetor t\u00e9cnico da Associa\u00e7\u00e3o Brasileira de Criadores de Cavalos Crioulos (ABCCC) Rodrigo Py. Os [&hellip;]\" \/>\n<meta property=\"og:url\" content=\"https:\/\/folhapopular.info\/index.php\/2018\/09\/18\/acampamento-farroupilha-de-teutonia-sedia-resenha-coletiva-de-cavalos-crioulos\/\" \/>\n<meta property=\"og:site_name\" content=\"Folha Popular\" \/>\n<meta property=\"article:published_time\" content=\"2018-09-18T15:00:01+00:00\" \/>\n<meta property=\"og:image\" content=\"https:\/\/folhapopular.info\/wp-content\/uploads\/2018\/09\/Resenha-ocorreu-durante-a-tarde-desta-segunda-feira-e1537280786334.jpg\" \/>\n\t<meta property=\"og:image:width\" content=\"800\" \/>\n\t<meta property=\"og:image:height\" content=\"533\" \/>\n\t<meta property=\"og:image:type\" content=\"image\/jpeg\" \/>\n<meta name=\"author\" content=\"Reda\u00e7\u00e3o Folha Popular\" \/>\n<meta name=\"twitter:card\" content=\"summary_large_image\" \/>\n<meta name=\"twitter:label1\" content=\"Escrito por\" \/>\n\t<meta name=\"twitter:data1\" content=\"Reda\u00e7\u00e3o Folha Popular\" \/>\n\t<meta name=\"twitter:label2\" content=\"Est. tempo de leitura\" \/>\n\t<meta name=\"twitter:data2\" content=\"5 minutos\" \/>\n<script type=\"application\/ld+json\" class=\"yoast-schema-graph\">{\"@context\":\"https:\\\/\\\/schema.org\",\"@graph\":[{\"@type\":\"Article\",\"@id\":\"https:\\\/\\\/folhapopular.info\\\/index.php\\\/2018\\\/09\\\/18\\\/acampamento-farroupilha-de-teutonia-sedia-resenha-coletiva-de-cavalos-crioulos\\\/#article\",\"isPartOf\":{\"@id\":\"https:\\\/\\\/folhapopular.info\\\/index.php\\\/2018\\\/09\\\/18\\\/acampamento-farroupilha-de-teutonia-sedia-resenha-coletiva-de-cavalos-crioulos\\\/\"},\"author\":{\"name\":\"Reda\u00e7\u00e3o Folha Popular\",\"@id\":\"https:\\\/\\\/folhapopular.info\\\/#\\\/schema\\\/person\\\/2814e8a0df7643585a9ca38bc6eb9d4b\"},\"headline\":\"Acampamento Farroupilha de\u00a0Teut\u00f4nia\u00a0sedia resenha coletiva de cavalos crioulos\",\"datePublished\":\"2018-09-18T15:00:01+00:00\",\"mainEntityOfPage\":{\"@id\":\"https:\\\/\\\/folhapopular.info\\\/index.php\\\/2018\\\/09\\\/18\\\/acampamento-farroupilha-de-teutonia-sedia-resenha-coletiva-de-cavalos-crioulos\\\/\"},\"wordCount\":1071,\"commentCount\":0,\"image\":{\"@id\":\"https:\\\/\\\/folhapopular.info\\\/index.php\\\/2018\\\/09\\\/18\\\/acampamento-farroupilha-de-teutonia-sedia-resenha-coletiva-de-cavalos-crioulos\\\/#primaryimage\"},\"thumbnailUrl\":\"https:\\\/\\\/folhapopular.info\\\/wp-content\\\/uploads\\\/2018\\\/09\\\/Resenha-ocorreu-durante-a-tarde-desta-segunda-feira-e1537280786334.jpg\",\"keywords\":[\"Acampamento Farroupilha\",\"Teut\u00f4nia\"],\"articleSection\":[\"Destaques\",\"Geral\"],\"inLanguage\":\"pt-BR\",\"potentialAction\":[{\"@type\":\"CommentAction\",\"name\":\"Comment\",\"target\":[\"https:\\\/\\\/folhapopular.info\\\/index.php\\\/2018\\\/09\\\/18\\\/acampamento-farroupilha-de-teutonia-sedia-resenha-coletiva-de-cavalos-crioulos\\\/#respond\"]}]},{\"@type\":\"WebPage\",\"@id\":\"https:\\\/\\\/folhapopular.info\\\/index.php\\\/2018\\\/09\\\/18\\\/acampamento-farroupilha-de-teutonia-sedia-resenha-coletiva-de-cavalos-crioulos\\\/\",\"url\":\"https:\\\/\\\/folhapopular.info\\\/index.php\\\/2018\\\/09\\\/18\\\/acampamento-farroupilha-de-teutonia-sedia-resenha-coletiva-de-cavalos-crioulos\\\/\",\"name\":\"Acampamento Farroupilha de\u00a0Teut\u00f4nia\u00a0sedia resenha coletiva de cavalos crioulos - Folha Popular\",\"isPartOf\":{\"@id\":\"https:\\\/\\\/folhapopular.info\\\/#website\"},\"primaryImageOfPage\":{\"@id\":\"https:\\\/\\\/folhapopular.info\\\/index.php\\\/2018\\\/09\\\/18\\\/acampamento-farroupilha-de-teutonia-sedia-resenha-coletiva-de-cavalos-crioulos\\\/#primaryimage\"},\"image\":{\"@id\":\"https:\\\/\\\/folhapopular.info\\\/index.php\\\/2018\\\/09\\\/18\\\/acampamento-farroupilha-de-teutonia-sedia-resenha-coletiva-de-cavalos-crioulos\\\/#primaryimage\"},\"thumbnailUrl\":\"https:\\\/\\\/folhapopular.info\\\/wp-content\\\/uploads\\\/2018\\\/09\\\/Resenha-ocorreu-durante-a-tarde-desta-segunda-feira-e1537280786334.jpg\",\"datePublished\":\"2018-09-18T15:00:01+00:00\",\"author\":{\"@id\":\"https:\\\/\\\/folhapopular.info\\\/#\\\/schema\\\/person\\\/2814e8a0df7643585a9ca38bc6eb9d4b\"},\"breadcrumb\":{\"@id\":\"https:\\\/\\\/folhapopular.info\\\/index.php\\\/2018\\\/09\\\/18\\\/acampamento-farroupilha-de-teutonia-sedia-resenha-coletiva-de-cavalos-crioulos\\\/#breadcrumb\"},\"inLanguage\":\"pt-BR\",\"potentialAction\":[{\"@type\":\"ReadAction\",\"target\":[\"https:\\\/\\\/folhapopular.info\\\/index.php\\\/2018\\\/09\\\/18\\\/acampamento-farroupilha-de-teutonia-sedia-resenha-coletiva-de-cavalos-crioulos\\\/\"]}]},{\"@type\":\"ImageObject\",\"inLanguage\":\"pt-BR\",\"@id\":\"https:\\\/\\\/folhapopular.info\\\/index.php\\\/2018\\\/09\\\/18\\\/acampamento-farroupilha-de-teutonia-sedia-resenha-coletiva-de-cavalos-crioulos\\\/#primaryimage\",\"url\":\"https:\\\/\\\/folhapopular.info\\\/wp-content\\\/uploads\\\/2018\\\/09\\\/Resenha-ocorreu-durante-a-tarde-desta-segunda-feira-e1537280786334.jpg\",\"contentUrl\":\"https:\\\/\\\/folhapopular.info\\\/wp-content\\\/uploads\\\/2018\\\/09\\\/Resenha-ocorreu-durante-a-tarde-desta-segunda-feira-e1537280786334.jpg\",\"width\":800,\"height\":533,\"caption\":\"Resenha ocorreu durante a tarde desta segunda-feira\\\/Cr\u00e9dito da foto: \u00c9dson Lu\u00eds Schaeffer\\\/divulga\u00e7\u00e3o\"},{\"@type\":\"BreadcrumbList\",\"@id\":\"https:\\\/\\\/folhapopular.info\\\/index.php\\\/2018\\\/09\\\/18\\\/acampamento-farroupilha-de-teutonia-sedia-resenha-coletiva-de-cavalos-crioulos\\\/#breadcrumb\",\"itemListElement\":[{\"@type\":\"ListItem\",\"position\":1,\"name\":\"In\u00edcio\",\"item\":\"https:\\\/\\\/folhapopular.info\\\/\"},{\"@type\":\"ListItem\",\"position\":2,\"name\":\"Acampamento Farroupilha de\u00a0Teut\u00f4nia\u00a0sedia resenha coletiva de cavalos crioulos\"}]},{\"@type\":\"WebSite\",\"@id\":\"https:\\\/\\\/folhapopular.info\\\/#website\",\"url\":\"https:\\\/\\\/folhapopular.info\\\/\",\"name\":\"Folha Popular\",\"description\":\"Onde voc\u00ea tem vez e voz\",\"potentialAction\":[{\"@type\":\"SearchAction\",\"target\":{\"@type\":\"EntryPoint\",\"urlTemplate\":\"https:\\\/\\\/folhapopular.info\\\/?s={search_term_string}\"},\"query-input\":{\"@type\":\"PropertyValueSpecification\",\"valueRequired\":true,\"valueName\":\"search_term_string\"}}],\"inLanguage\":\"pt-BR\"},{\"@type\":\"Person\",\"@id\":\"https:\\\/\\\/folhapopular.info\\\/#\\\/schema\\\/person\\\/2814e8a0df7643585a9ca38bc6eb9d4b\",\"name\":\"Reda\u00e7\u00e3o Folha Popular\",\"image\":{\"@type\":\"ImageObject\",\"inLanguage\":\"pt-BR\",\"@id\":\"https:\\\/\\\/folhapopular.info\\\/wp-content\\\/uploads\\\/2026\\\/04\\\/Folha-1.webp\",\"url\":\"https:\\\/\\\/folhapopular.info\\\/wp-content\\\/uploads\\\/2026\\\/04\\\/Folha-1.webp\",\"contentUrl\":\"https:\\\/\\\/folhapopular.info\\\/wp-content\\\/uploads\\\/2026\\\/04\\\/Folha-1.webp\",\"caption\":\"Reda\u00e7\u00e3o Folha Popular\"},\"url\":\"https:\\\/\\\/folhapopular.info\\\/index.php\\\/author\\\/redacao\\\/\"}]}<\/script>\n<!-- \/ Yoast SEO plugin. -->","yoast_head_json":{"title":"Acampamento Farroupilha de\u00a0Teut\u00f4nia\u00a0sedia resenha coletiva de cavalos crioulos - Folha Popular","robots":{"index":"index","follow":"follow","max-snippet":"max-snippet:-1","max-image-preview":"max-image-preview:large","max-video-preview":"max-video-preview:-1"},"canonical":"https:\/\/folhapopular.info\/index.php\/2018\/09\/18\/acampamento-farroupilha-de-teutonia-sedia-resenha-coletiva-de-cavalos-crioulos\/","og_locale":"pt_BR","og_type":"article","og_title":"Acampamento Farroupilha de\u00a0Teut\u00f4nia\u00a0sedia resenha coletiva de cavalos crioulos - Folha Popular","og_description":"O Acampamento Farroupilha tamb\u00e9m contou com atividades t\u00e9cnicas. Uma delas foi a resenha coletiva de cavalos crioulos na tarde desta segunda-feira, dia 17 de setembro, junto \u00e0 Rua Coberta do Centro Administrativo. Na ocasi\u00e3o, os equinos foram inspecionados pelo m\u00e9dico-veterin\u00e1rio e inspetor t\u00e9cnico da Associa\u00e7\u00e3o Brasileira de Criadores de Cavalos Crioulos (ABCCC) Rodrigo Py. Os [&hellip;]","og_url":"https:\/\/folhapopular.info\/index.php\/2018\/09\/18\/acampamento-farroupilha-de-teutonia-sedia-resenha-coletiva-de-cavalos-crioulos\/","og_site_name":"Folha Popular","article_published_time":"2018-09-18T15:00:01+00:00","og_image":[{"width":800,"height":533,"url":"https:\/\/folhapopular.info\/wp-content\/uploads\/2018\/09\/Resenha-ocorreu-durante-a-tarde-desta-segunda-feira-e1537280786334.jpg","type":"image\/jpeg"}],"author":"Reda\u00e7\u00e3o Folha Popular","twitter_card":"summary_large_image","twitter_misc":{"Escrito por":"Reda\u00e7\u00e3o Folha Popular","Est. tempo de leitura":"5 minutos"},"schema":{"@context":"https:\/\/schema.org","@graph":[{"@type":"Article","@id":"https:\/\/folhapopular.info\/index.php\/2018\/09\/18\/acampamento-farroupilha-de-teutonia-sedia-resenha-coletiva-de-cavalos-crioulos\/#article","isPartOf":{"@id":"https:\/\/folhapopular.info\/index.php\/2018\/09\/18\/acampamento-farroupilha-de-teutonia-sedia-resenha-coletiva-de-cavalos-crioulos\/"},"author":{"name":"Reda\u00e7\u00e3o Folha Popular","@id":"https:\/\/folhapopular.info\/#\/schema\/person\/2814e8a0df7643585a9ca38bc6eb9d4b"},"headline":"Acampamento Farroupilha de\u00a0Teut\u00f4nia\u00a0sedia resenha coletiva de cavalos crioulos","datePublished":"2018-09-18T15:00:01+00:00","mainEntityOfPage":{"@id":"https:\/\/folhapopular.info\/index.php\/2018\/09\/18\/acampamento-farroupilha-de-teutonia-sedia-resenha-coletiva-de-cavalos-crioulos\/"},"wordCount":1071,"commentCount":0,"image":{"@id":"https:\/\/folhapopular.info\/index.php\/2018\/09\/18\/acampamento-farroupilha-de-teutonia-sedia-resenha-coletiva-de-cavalos-crioulos\/#primaryimage"},"thumbnailUrl":"https:\/\/folhapopular.info\/wp-content\/uploads\/2018\/09\/Resenha-ocorreu-durante-a-tarde-desta-segunda-feira-e1537280786334.jpg","keywords":["Acampamento Farroupilha","Teut\u00f4nia"],"articleSection":["Destaques","Geral"],"inLanguage":"pt-BR","potentialAction":[{"@type":"CommentAction","name":"Comment","target":["https:\/\/folhapopular.info\/index.php\/2018\/09\/18\/acampamento-farroupilha-de-teutonia-sedia-resenha-coletiva-de-cavalos-crioulos\/#respond"]}]},{"@type":"WebPage","@id":"https:\/\/folhapopular.info\/index.php\/2018\/09\/18\/acampamento-farroupilha-de-teutonia-sedia-resenha-coletiva-de-cavalos-crioulos\/","url":"https:\/\/folhapopular.info\/index.php\/2018\/09\/18\/acampamento-farroupilha-de-teutonia-sedia-resenha-coletiva-de-cavalos-crioulos\/","name":"Acampamento Farroupilha de\u00a0Teut\u00f4nia\u00a0sedia resenha coletiva de cavalos crioulos - Folha Popular","isPartOf":{"@id":"https:\/\/folhapopular.info\/#website"},"primaryImageOfPage":{"@id":"https:\/\/folhapopular.info\/index.php\/2018\/09\/18\/acampamento-farroupilha-de-teutonia-sedia-resenha-coletiva-de-cavalos-crioulos\/#primaryimage"},"image":{"@id":"https:\/\/folhapopular.info\/index.php\/2018\/09\/18\/acampamento-farroupilha-de-teutonia-sedia-resenha-coletiva-de-cavalos-crioulos\/#primaryimage"},"thumbnailUrl":"https:\/\/folhapopular.info\/wp-content\/uploads\/2018\/09\/Resenha-ocorreu-durante-a-tarde-desta-segunda-feira-e1537280786334.jpg","datePublished":"2018-09-18T15:00:01+00:00","author":{"@id":"https:\/\/folhapopular.info\/#\/schema\/person\/2814e8a0df7643585a9ca38bc6eb9d4b"},"breadcrumb":{"@id":"https:\/\/folhapopular.info\/index.php\/2018\/09\/18\/acampamento-farroupilha-de-teutonia-sedia-resenha-coletiva-de-cavalos-crioulos\/#breadcrumb"},"inLanguage":"pt-BR","potentialAction":[{"@type":"ReadAction","target":["https:\/\/folhapopular.info\/index.php\/2018\/09\/18\/acampamento-farroupilha-de-teutonia-sedia-resenha-coletiva-de-cavalos-crioulos\/"]}]},{"@type":"ImageObject","inLanguage":"pt-BR","@id":"https:\/\/folhapopular.info\/index.php\/2018\/09\/18\/acampamento-farroupilha-de-teutonia-sedia-resenha-coletiva-de-cavalos-crioulos\/#primaryimage","url":"https:\/\/folhapopular.info\/wp-content\/uploads\/2018\/09\/Resenha-ocorreu-durante-a-tarde-desta-segunda-feira-e1537280786334.jpg","contentUrl":"https:\/\/folhapopular.info\/wp-content\/uploads\/2018\/09\/Resenha-ocorreu-durante-a-tarde-desta-segunda-feira-e1537280786334.jpg","width":800,"height":533,"caption":"Resenha ocorreu durante a tarde desta segunda-feira\/Cr\u00e9dito da foto: \u00c9dson Lu\u00eds Schaeffer\/divulga\u00e7\u00e3o"},{"@type":"BreadcrumbList","@id":"https:\/\/folhapopular.info\/index.php\/2018\/09\/18\/acampamento-farroupilha-de-teutonia-sedia-resenha-coletiva-de-cavalos-crioulos\/#breadcrumb","itemListElement":[{"@type":"ListItem","position":1,"name":"In\u00edcio","item":"https:\/\/folhapopular.info\/"},{"@type":"ListItem","position":2,"name":"Acampamento Farroupilha de\u00a0Teut\u00f4nia\u00a0sedia resenha coletiva de cavalos crioulos"}]},{"@type":"WebSite","@id":"https:\/\/folhapopular.info\/#website","url":"https:\/\/folhapopular.info\/","name":"Folha Popular","description":"Onde voc\u00ea tem vez e voz","potentialAction":[{"@type":"SearchAction","target":{"@type":"EntryPoint","urlTemplate":"https:\/\/folhapopular.info\/?s={search_term_string}"},"query-input":{"@type":"PropertyValueSpecification","valueRequired":true,"valueName":"search_term_string"}}],"inLanguage":"pt-BR"},{"@type":"Person","@id":"https:\/\/folhapopular.info\/#\/schema\/person\/2814e8a0df7643585a9ca38bc6eb9d4b","name":"Reda\u00e7\u00e3o Folha Popular","image":{"@type":"ImageObject","inLanguage":"pt-BR","@id":"https:\/\/folhapopular.info\/wp-content\/uploads\/2026\/04\/Folha-1.webp","url":"https:\/\/folhapopular.info\/wp-content\/uploads\/2026\/04\/Folha-1.webp","contentUrl":"https:\/\/folhapopular.info\/wp-content\/uploads\/2026\/04\/Folha-1.webp","caption":"Reda\u00e7\u00e3o Folha Popular"},"url":"https:\/\/folhapopular.info\/index.php\/author\/redacao\/"}]}},"jetpack_featured_media_url":"https:\/\/folhapopular.info\/wp-content\/uploads\/2018\/09\/Resenha-ocorreu-durante-a-tarde-desta-segunda-feira-e1537280786334.jpg","jetpack_sharing_enabled":true,"amp_enabled":true,"_links":{"self":[{"href":"https:\/\/folhapopular.info\/index.php\/wp-json\/wp\/v2\/posts\/48062","targetHints":{"allow":["GET"]}}],"collection":[{"href":"https:\/\/folhapopular.info\/index.php\/wp-json\/wp\/v2\/posts"}],"about":[{"href":"https:\/\/folhapopular.info\/index.php\/wp-json\/wp\/v2\/types\/post"}],"author":[{"embeddable":true,"href":"https:\/\/folhapopular.info\/index.php\/wp-json\/wp\/v2\/users\/8"}],"replies":[{"embeddable":true,"href":"https:\/\/folhapopular.info\/index.php\/wp-json\/wp\/v2\/comments?post=48062"}],"version-history":[{"count":0,"href":"https:\/\/folhapopular.info\/index.php\/wp-json\/wp\/v2\/posts\/48062\/revisions"}],"wp:featuredmedia":[{"embeddable":true,"href":"https:\/\/folhapopular.info\/index.php\/wp-json\/wp\/v2\/media\/48066"}],"wp:attachment":[{"href":"https:\/\/folhapopular.info\/index.php\/wp-json\/wp\/v2\/media?parent=48062"}],"wp:term":[{"taxonomy":"category","embeddable":true,"href":"https:\/\/folhapopular.info\/index.php\/wp-json\/wp\/v2\/categories?post=48062"},{"taxonomy":"post_tag","embeddable":true,"href":"https:\/\/folhapopular.info\/index.php\/wp-json\/wp\/v2\/tags?post=48062"}],"curies":[{"name":"wp","href":"https:\/\/api.w.org\/{rel}","templated":true}]}}