{"id":48152,"date":"2018-09-21T08:00:21","date_gmt":"2018-09-21T11:00:21","guid":{"rendered":"http:\/\/folhapopular.info\/?p=48152"},"modified":"2018-09-21T07:50:54","modified_gmt":"2018-09-21T10:50:54","slug":"comemoracoes-pelo-20-de-setembro-levam-cerca-de-300-cavalarianos-as-ruas-de-lajeado","status":"publish","type":"post","link":"https:\/\/folhapopular.info\/index.php\/2018\/09\/21\/comemoracoes-pelo-20-de-setembro-levam-cerca-de-300-cavalarianos-as-ruas-de-lajeado\/","title":{"rendered":"Comemora\u00e7\u00f5es pelo 20 de setembro levam cerca de 300 cavalarianos \u00e0s ruas de Lajeado"},"content":{"rendered":"<p>Seguindo as comemora\u00e7\u00f5es da Semana Farroupilha, nesta quinta-feira, feriado de 20 de setembro, data m\u00e1xima dos ga\u00fachos, as ruas de Lajeado foram tomadas por cerca de 300 cavalarianos que seguiram\u00a0em cavalgada\u00a0pelas principais vias da cidade. Empunhando suas bandeiras\u00a0do Rio Grande do Sul, vestidos \u00e0 car\u00e1ter e estampando no rosto todo seu orgulho de serem ga\u00fachos, os cavalarianos se concentraram na Av. D\u00e9cio Martins Costa antes de sa\u00edrem em cavalgada. Com a participa\u00e7\u00e3o do prefeito de Lajeado, Marcelo Caumo, os cavalarianos, organizados pela\u00a0Associa\u00e7\u00e3o Municipal Tradicionalista Ga\u00facha (AMTG) de Lajeado,\u00a0percorreram as ruas Bento Rosa e Borges de Medeiros, passando em frente \u00e0 Casa de Cultura e dobraram\u00a0na Rua J\u00falio de Castilhos, passando em seguida em frente \u00e0 prefeitura municipal. O trajeto teve sequ\u00eancia na Av. Senador Alberto Pasqualini,\u00a0contornando o monumento ao Imigrante e descendo pelo sentido oposto da mesma avenida, de onde\u00a0o grupo\u00a0acessou\u00a0a Av. Benjamin Cosntant, at\u00e9 o cruzamento com a Rua Santos Filho, por onde seguiram\u00a0at\u00e9 chegar ao Parque Professor Theobaldo Dick, onde a cavalgada\u00a0se dissipou.<\/p>\n<p>Segundo o presidente da AMTG Lajeado, Fl\u00e1vio Rodrigues,\u00a0diversas entidades tradicionalistas da cidade\u00a0participaram da cavalgada, como os\u00a0CTGs Bento Gon\u00e7alves, Tropilha Farrapa, Ra\u00edzes do Sul, Quero-Quero, Quer\u00eancia do Cedro, e piquetes Invernada de Guapos, Recanto do Cost\u00e3o, Armada Nativa, Dom Ermilo e Morro Santo.\u00a0A cavalgada teve o apoio da Prefeitura de Lajeado,\u00a0por meio da Secretaria da Cultura, Esporte e Lazer (Secel),\u00a0e Departamento de Tr\u00e2nsito.<\/p>\n","protected":false},"excerpt":{"rendered":"<p>Seguindo as comemora\u00e7\u00f5es da Semana Farroupilha, nesta quinta-feira, feriado de 20 de setembro, data m\u00e1xima dos ga\u00fachos, as ruas de Lajeado foram tomadas por cerca de 300 cavalarianos que seguiram\u00a0em cavalgada\u00a0pelas principais vias da cidade. Empunhando suas bandeiras\u00a0do Rio Grande do Sul, vestidos \u00e0 car\u00e1ter e estampando no rosto todo seu orgulho de serem ga\u00fachos, [&hellip;]<\/p>\n","protected":false},"author":8,"featured_media":48153,"comment_status":"open","ping_status":"open","sticky":false,"template":"","format":"standard","meta":{"pmpro_default_level":"","_jetpack_memberships_contains_paid_content":false,"footnotes":""},"categories":[6],"tags":[3393,3394,27,1016],"class_list":{"0":"post-48152","1":"post","2":"type-post","3":"status-publish","4":"format-standard","5":"has-post-thumbnail","7":"category-inclusive","8":"tag-20-de-setembro","9":"tag-cavalarianos","10":"tag-lajeado","11":"tag-semana-farroupilha","12":"pmpro-has-access"},"yoast_head":"<!-- This site is optimized with the Yoast SEO plugin v27.5 - https:\/\/yoast.com\/product\/yoast-seo-wordpress\/ -->\n<title>Comemora\u00e7\u00f5es pelo 20 de setembro levam cerca de 300 cavalarianos \u00e0s ruas de Lajeado - Folha Popular<\/title>\n<meta name=\"robots\" content=\"index, follow, max-snippet:-1, max-image-preview:large, max-video-preview:-1\" \/>\n<link rel=\"canonical\" href=\"https:\/\/folhapopular.info\/index.php\/2018\/09\/21\/comemoracoes-pelo-20-de-setembro-levam-cerca-de-300-cavalarianos-as-ruas-de-lajeado\/\" \/>\n<meta property=\"og:locale\" content=\"pt_BR\" \/>\n<meta property=\"og:type\" content=\"article\" \/>\n<meta property=\"og:title\" content=\"Comemora\u00e7\u00f5es pelo 20 de setembro levam cerca de 300 cavalarianos \u00e0s ruas de Lajeado - Folha Popular\" \/>\n<meta property=\"og:description\" content=\"Seguindo as comemora\u00e7\u00f5es da Semana Farroupilha, nesta quinta-feira, feriado de 20 de setembro, data m\u00e1xima dos ga\u00fachos, as ruas de Lajeado foram tomadas por cerca de 300 cavalarianos que seguiram\u00a0em cavalgada\u00a0pelas principais vias da cidade. Empunhando suas bandeiras\u00a0do Rio Grande do Sul, vestidos \u00e0 car\u00e1ter e estampando no rosto todo seu orgulho de serem ga\u00fachos, [&hellip;]\" \/>\n<meta property=\"og:url\" content=\"https:\/\/folhapopular.info\/index.php\/2018\/09\/21\/comemoracoes-pelo-20-de-setembro-levam-cerca-de-300-cavalarianos-as-ruas-de-lajeado\/\" \/>\n<meta property=\"og:site_name\" content=\"Folha Popular\" \/>\n<meta property=\"article:published_time\" content=\"2018-09-21T11:00:21+00:00\" \/>\n<meta property=\"og:image\" content=\"https:\/\/folhapopular.info\/wp-content\/uploads\/2018\/09\/Cavalgada-de-20-de-setembro-em-Lajeado-crian\u00e7as-e1537526983957.jpg\" \/>\n\t<meta property=\"og:image:width\" content=\"800\" \/>\n\t<meta property=\"og:image:height\" content=\"521\" \/>\n\t<meta property=\"og:image:type\" content=\"image\/jpeg\" \/>\n<meta name=\"author\" content=\"Reda\u00e7\u00e3o Folha Popular\" \/>\n<meta name=\"twitter:card\" content=\"summary_large_image\" \/>\n<meta name=\"twitter:label1\" content=\"Escrito por\" \/>\n\t<meta name=\"twitter:data1\" content=\"Reda\u00e7\u00e3o Folha Popular\" \/>\n\t<meta name=\"twitter:label2\" content=\"Est. tempo de leitura\" \/>\n\t<meta name=\"twitter:data2\" content=\"1 minuto\" \/>\n<script type=\"application\/ld+json\" class=\"yoast-schema-graph\">{\"@context\":\"https:\\\/\\\/schema.org\",\"@graph\":[{\"@type\":\"Article\",\"@id\":\"https:\\\/\\\/folhapopular.info\\\/index.php\\\/2018\\\/09\\\/21\\\/comemoracoes-pelo-20-de-setembro-levam-cerca-de-300-cavalarianos-as-ruas-de-lajeado\\\/#article\",\"isPartOf\":{\"@id\":\"https:\\\/\\\/folhapopular.info\\\/index.php\\\/2018\\\/09\\\/21\\\/comemoracoes-pelo-20-de-setembro-levam-cerca-de-300-cavalarianos-as-ruas-de-lajeado\\\/\"},\"author\":{\"name\":\"Reda\u00e7\u00e3o Folha Popular\",\"@id\":\"https:\\\/\\\/folhapopular.info\\\/#\\\/schema\\\/person\\\/2814e8a0df7643585a9ca38bc6eb9d4b\"},\"headline\":\"Comemora\u00e7\u00f5es pelo 20 de setembro levam cerca de 300 cavalarianos \u00e0s ruas de Lajeado\",\"datePublished\":\"2018-09-21T11:00:21+00:00\",\"mainEntityOfPage\":{\"@id\":\"https:\\\/\\\/folhapopular.info\\\/index.php\\\/2018\\\/09\\\/21\\\/comemoracoes-pelo-20-de-setembro-levam-cerca-de-300-cavalarianos-as-ruas-de-lajeado\\\/\"},\"wordCount\":271,\"commentCount\":0,\"image\":{\"@id\":\"https:\\\/\\\/folhapopular.info\\\/index.php\\\/2018\\\/09\\\/21\\\/comemoracoes-pelo-20-de-setembro-levam-cerca-de-300-cavalarianos-as-ruas-de-lajeado\\\/#primaryimage\"},\"thumbnailUrl\":\"https:\\\/\\\/folhapopular.info\\\/wp-content\\\/uploads\\\/2018\\\/09\\\/Cavalgada-de-20-de-setembro-em-Lajeado-crian\u00e7as-e1537526983957.jpg\",\"keywords\":[\"20 de Setembro\",\"Cavalarianos\",\"Lajeado\",\"Semana Farroupilha\"],\"articleSection\":[\"Inclusive\"],\"inLanguage\":\"pt-BR\",\"potentialAction\":[{\"@type\":\"CommentAction\",\"name\":\"Comment\",\"target\":[\"https:\\\/\\\/folhapopular.info\\\/index.php\\\/2018\\\/09\\\/21\\\/comemoracoes-pelo-20-de-setembro-levam-cerca-de-300-cavalarianos-as-ruas-de-lajeado\\\/#respond\"]}]},{\"@type\":\"WebPage\",\"@id\":\"https:\\\/\\\/folhapopular.info\\\/index.php\\\/2018\\\/09\\\/21\\\/comemoracoes-pelo-20-de-setembro-levam-cerca-de-300-cavalarianos-as-ruas-de-lajeado\\\/\",\"url\":\"https:\\\/\\\/folhapopular.info\\\/index.php\\\/2018\\\/09\\\/21\\\/comemoracoes-pelo-20-de-setembro-levam-cerca-de-300-cavalarianos-as-ruas-de-lajeado\\\/\",\"name\":\"Comemora\u00e7\u00f5es pelo 20 de setembro levam cerca de 300 cavalarianos \u00e0s ruas de Lajeado - Folha Popular\",\"isPartOf\":{\"@id\":\"https:\\\/\\\/folhapopular.info\\\/#website\"},\"primaryImageOfPage\":{\"@id\":\"https:\\\/\\\/folhapopular.info\\\/index.php\\\/2018\\\/09\\\/21\\\/comemoracoes-pelo-20-de-setembro-levam-cerca-de-300-cavalarianos-as-ruas-de-lajeado\\\/#primaryimage\"},\"image\":{\"@id\":\"https:\\\/\\\/folhapopular.info\\\/index.php\\\/2018\\\/09\\\/21\\\/comemoracoes-pelo-20-de-setembro-levam-cerca-de-300-cavalarianos-as-ruas-de-lajeado\\\/#primaryimage\"},\"thumbnailUrl\":\"https:\\\/\\\/folhapopular.info\\\/wp-content\\\/uploads\\\/2018\\\/09\\\/Cavalgada-de-20-de-setembro-em-Lajeado-crian\u00e7as-e1537526983957.jpg\",\"datePublished\":\"2018-09-21T11:00:21+00:00\",\"author\":{\"@id\":\"https:\\\/\\\/folhapopular.info\\\/#\\\/schema\\\/person\\\/2814e8a0df7643585a9ca38bc6eb9d4b\"},\"breadcrumb\":{\"@id\":\"https:\\\/\\\/folhapopular.info\\\/index.php\\\/2018\\\/09\\\/21\\\/comemoracoes-pelo-20-de-setembro-levam-cerca-de-300-cavalarianos-as-ruas-de-lajeado\\\/#breadcrumb\"},\"inLanguage\":\"pt-BR\",\"potentialAction\":[{\"@type\":\"ReadAction\",\"target\":[\"https:\\\/\\\/folhapopular.info\\\/index.php\\\/2018\\\/09\\\/21\\\/comemoracoes-pelo-20-de-setembro-levam-cerca-de-300-cavalarianos-as-ruas-de-lajeado\\\/\"]}]},{\"@type\":\"ImageObject\",\"inLanguage\":\"pt-BR\",\"@id\":\"https:\\\/\\\/folhapopular.info\\\/index.php\\\/2018\\\/09\\\/21\\\/comemoracoes-pelo-20-de-setembro-levam-cerca-de-300-cavalarianos-as-ruas-de-lajeado\\\/#primaryimage\",\"url\":\"https:\\\/\\\/folhapopular.info\\\/wp-content\\\/uploads\\\/2018\\\/09\\\/Cavalgada-de-20-de-setembro-em-Lajeado-crian\u00e7as-e1537526983957.jpg\",\"contentUrl\":\"https:\\\/\\\/folhapopular.info\\\/wp-content\\\/uploads\\\/2018\\\/09\\\/Cavalgada-de-20-de-setembro-em-Lajeado-crian\u00e7as-e1537526983957.jpg\",\"width\":800,\"height\":521,\"caption\":\"Mais de 300 cavalarianos percorreram as principais vias de Lajeado neste feriado de 20 de setembro\\\/Cr\u00e9dito da foto: Rafael Scheeren Gr\u00fcn\\\/Divulga\u00e7\u00e3o\"},{\"@type\":\"BreadcrumbList\",\"@id\":\"https:\\\/\\\/folhapopular.info\\\/index.php\\\/2018\\\/09\\\/21\\\/comemoracoes-pelo-20-de-setembro-levam-cerca-de-300-cavalarianos-as-ruas-de-lajeado\\\/#breadcrumb\",\"itemListElement\":[{\"@type\":\"ListItem\",\"position\":1,\"name\":\"In\u00edcio\",\"item\":\"https:\\\/\\\/folhapopular.info\\\/\"},{\"@type\":\"ListItem\",\"position\":2,\"name\":\"Comemora\u00e7\u00f5es pelo 20 de setembro levam cerca de 300 cavalarianos \u00e0s ruas de Lajeado\"}]},{\"@type\":\"WebSite\",\"@id\":\"https:\\\/\\\/folhapopular.info\\\/#website\",\"url\":\"https:\\\/\\\/folhapopular.info\\\/\",\"name\":\"Folha Popular\",\"description\":\"Onde voc\u00ea tem vez e voz\",\"potentialAction\":[{\"@type\":\"SearchAction\",\"target\":{\"@type\":\"EntryPoint\",\"urlTemplate\":\"https:\\\/\\\/folhapopular.info\\\/?s={search_term_string}\"},\"query-input\":{\"@type\":\"PropertyValueSpecification\",\"valueRequired\":true,\"valueName\":\"search_term_string\"}}],\"inLanguage\":\"pt-BR\"},{\"@type\":\"Person\",\"@id\":\"https:\\\/\\\/folhapopular.info\\\/#\\\/schema\\\/person\\\/2814e8a0df7643585a9ca38bc6eb9d4b\",\"name\":\"Reda\u00e7\u00e3o Folha Popular\",\"image\":{\"@type\":\"ImageObject\",\"inLanguage\":\"pt-BR\",\"@id\":\"https:\\\/\\\/folhapopular.info\\\/wp-content\\\/uploads\\\/2026\\\/04\\\/Folha-1.webp\",\"url\":\"https:\\\/\\\/folhapopular.info\\\/wp-content\\\/uploads\\\/2026\\\/04\\\/Folha-1.webp\",\"contentUrl\":\"https:\\\/\\\/folhapopular.info\\\/wp-content\\\/uploads\\\/2026\\\/04\\\/Folha-1.webp\",\"caption\":\"Reda\u00e7\u00e3o Folha Popular\"},\"url\":\"https:\\\/\\\/folhapopular.info\\\/index.php\\\/author\\\/redacao\\\/\"}]}<\/script>\n<!-- \/ Yoast SEO plugin. -->","yoast_head_json":{"title":"Comemora\u00e7\u00f5es pelo 20 de setembro levam cerca de 300 cavalarianos \u00e0s ruas de Lajeado - Folha Popular","robots":{"index":"index","follow":"follow","max-snippet":"max-snippet:-1","max-image-preview":"max-image-preview:large","max-video-preview":"max-video-preview:-1"},"canonical":"https:\/\/folhapopular.info\/index.php\/2018\/09\/21\/comemoracoes-pelo-20-de-setembro-levam-cerca-de-300-cavalarianos-as-ruas-de-lajeado\/","og_locale":"pt_BR","og_type":"article","og_title":"Comemora\u00e7\u00f5es pelo 20 de setembro levam cerca de 300 cavalarianos \u00e0s ruas de Lajeado - Folha Popular","og_description":"Seguindo as comemora\u00e7\u00f5es da Semana Farroupilha, nesta quinta-feira, feriado de 20 de setembro, data m\u00e1xima dos ga\u00fachos, as ruas de Lajeado foram tomadas por cerca de 300 cavalarianos que seguiram\u00a0em cavalgada\u00a0pelas principais vias da cidade. Empunhando suas bandeiras\u00a0do Rio Grande do Sul, vestidos \u00e0 car\u00e1ter e estampando no rosto todo seu orgulho de serem ga\u00fachos, [&hellip;]","og_url":"https:\/\/folhapopular.info\/index.php\/2018\/09\/21\/comemoracoes-pelo-20-de-setembro-levam-cerca-de-300-cavalarianos-as-ruas-de-lajeado\/","og_site_name":"Folha Popular","article_published_time":"2018-09-21T11:00:21+00:00","og_image":[{"width":800,"height":521,"url":"https:\/\/folhapopular.info\/wp-content\/uploads\/2018\/09\/Cavalgada-de-20-de-setembro-em-Lajeado-crian\u00e7as-e1537526983957.jpg","type":"image\/jpeg"}],"author":"Reda\u00e7\u00e3o Folha Popular","twitter_card":"summary_large_image","twitter_misc":{"Escrito por":"Reda\u00e7\u00e3o Folha Popular","Est. tempo de leitura":"1 minuto"},"schema":{"@context":"https:\/\/schema.org","@graph":[{"@type":"Article","@id":"https:\/\/folhapopular.info\/index.php\/2018\/09\/21\/comemoracoes-pelo-20-de-setembro-levam-cerca-de-300-cavalarianos-as-ruas-de-lajeado\/#article","isPartOf":{"@id":"https:\/\/folhapopular.info\/index.php\/2018\/09\/21\/comemoracoes-pelo-20-de-setembro-levam-cerca-de-300-cavalarianos-as-ruas-de-lajeado\/"},"author":{"name":"Reda\u00e7\u00e3o Folha Popular","@id":"https:\/\/folhapopular.info\/#\/schema\/person\/2814e8a0df7643585a9ca38bc6eb9d4b"},"headline":"Comemora\u00e7\u00f5es pelo 20 de setembro levam cerca de 300 cavalarianos \u00e0s ruas de Lajeado","datePublished":"2018-09-21T11:00:21+00:00","mainEntityOfPage":{"@id":"https:\/\/folhapopular.info\/index.php\/2018\/09\/21\/comemoracoes-pelo-20-de-setembro-levam-cerca-de-300-cavalarianos-as-ruas-de-lajeado\/"},"wordCount":271,"commentCount":0,"image":{"@id":"https:\/\/folhapopular.info\/index.php\/2018\/09\/21\/comemoracoes-pelo-20-de-setembro-levam-cerca-de-300-cavalarianos-as-ruas-de-lajeado\/#primaryimage"},"thumbnailUrl":"https:\/\/folhapopular.info\/wp-content\/uploads\/2018\/09\/Cavalgada-de-20-de-setembro-em-Lajeado-crian\u00e7as-e1537526983957.jpg","keywords":["20 de Setembro","Cavalarianos","Lajeado","Semana Farroupilha"],"articleSection":["Inclusive"],"inLanguage":"pt-BR","potentialAction":[{"@type":"CommentAction","name":"Comment","target":["https:\/\/folhapopular.info\/index.php\/2018\/09\/21\/comemoracoes-pelo-20-de-setembro-levam-cerca-de-300-cavalarianos-as-ruas-de-lajeado\/#respond"]}]},{"@type":"WebPage","@id":"https:\/\/folhapopular.info\/index.php\/2018\/09\/21\/comemoracoes-pelo-20-de-setembro-levam-cerca-de-300-cavalarianos-as-ruas-de-lajeado\/","url":"https:\/\/folhapopular.info\/index.php\/2018\/09\/21\/comemoracoes-pelo-20-de-setembro-levam-cerca-de-300-cavalarianos-as-ruas-de-lajeado\/","name":"Comemora\u00e7\u00f5es pelo 20 de setembro levam cerca de 300 cavalarianos \u00e0s ruas de Lajeado - Folha Popular","isPartOf":{"@id":"https:\/\/folhapopular.info\/#website"},"primaryImageOfPage":{"@id":"https:\/\/folhapopular.info\/index.php\/2018\/09\/21\/comemoracoes-pelo-20-de-setembro-levam-cerca-de-300-cavalarianos-as-ruas-de-lajeado\/#primaryimage"},"image":{"@id":"https:\/\/folhapopular.info\/index.php\/2018\/09\/21\/comemoracoes-pelo-20-de-setembro-levam-cerca-de-300-cavalarianos-as-ruas-de-lajeado\/#primaryimage"},"thumbnailUrl":"https:\/\/folhapopular.info\/wp-content\/uploads\/2018\/09\/Cavalgada-de-20-de-setembro-em-Lajeado-crian\u00e7as-e1537526983957.jpg","datePublished":"2018-09-21T11:00:21+00:00","author":{"@id":"https:\/\/folhapopular.info\/#\/schema\/person\/2814e8a0df7643585a9ca38bc6eb9d4b"},"breadcrumb":{"@id":"https:\/\/folhapopular.info\/index.php\/2018\/09\/21\/comemoracoes-pelo-20-de-setembro-levam-cerca-de-300-cavalarianos-as-ruas-de-lajeado\/#breadcrumb"},"inLanguage":"pt-BR","potentialAction":[{"@type":"ReadAction","target":["https:\/\/folhapopular.info\/index.php\/2018\/09\/21\/comemoracoes-pelo-20-de-setembro-levam-cerca-de-300-cavalarianos-as-ruas-de-lajeado\/"]}]},{"@type":"ImageObject","inLanguage":"pt-BR","@id":"https:\/\/folhapopular.info\/index.php\/2018\/09\/21\/comemoracoes-pelo-20-de-setembro-levam-cerca-de-300-cavalarianos-as-ruas-de-lajeado\/#primaryimage","url":"https:\/\/folhapopular.info\/wp-content\/uploads\/2018\/09\/Cavalgada-de-20-de-setembro-em-Lajeado-crian\u00e7as-e1537526983957.jpg","contentUrl":"https:\/\/folhapopular.info\/wp-content\/uploads\/2018\/09\/Cavalgada-de-20-de-setembro-em-Lajeado-crian\u00e7as-e1537526983957.jpg","width":800,"height":521,"caption":"Mais de 300 cavalarianos percorreram as principais vias de Lajeado neste feriado de 20 de setembro\/Cr\u00e9dito da foto: Rafael Scheeren Gr\u00fcn\/Divulga\u00e7\u00e3o"},{"@type":"BreadcrumbList","@id":"https:\/\/folhapopular.info\/index.php\/2018\/09\/21\/comemoracoes-pelo-20-de-setembro-levam-cerca-de-300-cavalarianos-as-ruas-de-lajeado\/#breadcrumb","itemListElement":[{"@type":"ListItem","position":1,"name":"In\u00edcio","item":"https:\/\/folhapopular.info\/"},{"@type":"ListItem","position":2,"name":"Comemora\u00e7\u00f5es pelo 20 de setembro levam cerca de 300 cavalarianos \u00e0s ruas de Lajeado"}]},{"@type":"WebSite","@id":"https:\/\/folhapopular.info\/#website","url":"https:\/\/folhapopular.info\/","name":"Folha Popular","description":"Onde voc\u00ea tem vez e voz","potentialAction":[{"@type":"SearchAction","target":{"@type":"EntryPoint","urlTemplate":"https:\/\/folhapopular.info\/?s={search_term_string}"},"query-input":{"@type":"PropertyValueSpecification","valueRequired":true,"valueName":"search_term_string"}}],"inLanguage":"pt-BR"},{"@type":"Person","@id":"https:\/\/folhapopular.info\/#\/schema\/person\/2814e8a0df7643585a9ca38bc6eb9d4b","name":"Reda\u00e7\u00e3o Folha Popular","image":{"@type":"ImageObject","inLanguage":"pt-BR","@id":"https:\/\/folhapopular.info\/wp-content\/uploads\/2026\/04\/Folha-1.webp","url":"https:\/\/folhapopular.info\/wp-content\/uploads\/2026\/04\/Folha-1.webp","contentUrl":"https:\/\/folhapopular.info\/wp-content\/uploads\/2026\/04\/Folha-1.webp","caption":"Reda\u00e7\u00e3o Folha Popular"},"url":"https:\/\/folhapopular.info\/index.php\/author\/redacao\/"}]}},"jetpack_featured_media_url":"https:\/\/folhapopular.info\/wp-content\/uploads\/2018\/09\/Cavalgada-de-20-de-setembro-em-Lajeado-crian\u00e7as-e1537526983957.jpg","jetpack_sharing_enabled":true,"amp_enabled":true,"_links":{"self":[{"href":"https:\/\/folhapopular.info\/index.php\/wp-json\/wp\/v2\/posts\/48152","targetHints":{"allow":["GET"]}}],"collection":[{"href":"https:\/\/folhapopular.info\/index.php\/wp-json\/wp\/v2\/posts"}],"about":[{"href":"https:\/\/folhapopular.info\/index.php\/wp-json\/wp\/v2\/types\/post"}],"author":[{"embeddable":true,"href":"https:\/\/folhapopular.info\/index.php\/wp-json\/wp\/v2\/users\/8"}],"replies":[{"embeddable":true,"href":"https:\/\/folhapopular.info\/index.php\/wp-json\/wp\/v2\/comments?post=48152"}],"version-history":[{"count":0,"href":"https:\/\/folhapopular.info\/index.php\/wp-json\/wp\/v2\/posts\/48152\/revisions"}],"wp:featuredmedia":[{"embeddable":true,"href":"https:\/\/folhapopular.info\/index.php\/wp-json\/wp\/v2\/media\/48153"}],"wp:attachment":[{"href":"https:\/\/folhapopular.info\/index.php\/wp-json\/wp\/v2\/media?parent=48152"}],"wp:term":[{"taxonomy":"category","embeddable":true,"href":"https:\/\/folhapopular.info\/index.php\/wp-json\/wp\/v2\/categories?post=48152"},{"taxonomy":"post_tag","embeddable":true,"href":"https:\/\/folhapopular.info\/index.php\/wp-json\/wp\/v2\/tags?post=48152"}],"curies":[{"name":"wp","href":"https:\/\/api.w.org\/{rel}","templated":true}]}}