{"id":48155,"date":"2018-09-21T09:00:26","date_gmt":"2018-09-21T12:00:26","guid":{"rendered":"http:\/\/folhapopular.info\/?p=48155"},"modified":"2018-09-21T07:58:48","modified_gmt":"2018-09-21T10:58:48","slug":"tradicionalismo-movimenta-alunos-e-professores-estrelenses","status":"publish","type":"post","link":"https:\/\/folhapopular.info\/index.php\/2018\/09\/21\/tradicionalismo-movimenta-alunos-e-professores-estrelenses\/","title":{"rendered":"Tradicionalismo movimenta alunos e professores estrelenses"},"content":{"rendered":"<p>Das tradicionais dan\u00e7as \u00e0 produ\u00e7\u00e3o e consumo dos pratos populares. Das encena\u00e7\u00f5es de lendas \u00e0s brincadeiras e passeios de cavalo. A Semana Farroupilha tem mudado a rotina das escolas municipais de Estrela nos \u00faltimos dias. O tema, que \u00e9 sempre trabalhado de forma pedag\u00f3gica, ganha nesta \u00e9poca uma valoriza\u00e7\u00e3o cultural e l\u00fadica nos educand\u00e1rios e, assim, foi motivo para in\u00fameras atividades e atra\u00e7\u00f5es nas salas de aula, p\u00e1tios ou mesmo em visitas. Professores, funcion\u00e1rios e alunos, vestidos a car\u00e1ter, completam os cen\u00e1rios gaud\u00e9rios.<\/p>\n<p>A\u00a0Escola Municipal de Educa\u00e7\u00e3o Infantil (Emei) Girassol\u00a0realizou, na\u00a0ter\u00e7a-feira (18\/09), uma cavalgada pelas ruas do Bairro Boa Uni\u00e3o.\u00a0Mesmo quem ainda n\u00e3o caminha, participou.\u00a0A popula\u00e7\u00e3o do bairro prestigiou e aplaudiu os pequenos ga\u00fachos pelo passeio. Nesta\u00a0quarta-feira (19\/09) o tradicionalismo voltou a centralizar a aten\u00e7\u00e3o de todos\u00a0com a realiza\u00e7\u00e3o de\u00a0fandango de integra\u00e7\u00e3o entre as turmas.\u00a0A\u00e7\u00e3o semelhante ocorreu na Emei Estrelinha, no Bairro das Ind\u00fastrias, nesta manh\u00e3. Mais uma vez\u00a0 houve uma cavalgada pelas ruas do bairro, que culminou com um churrasco ao meio-dia.<\/p>\n<p>Na Escola Municipal de Ensino Fundamental (Emef) Odilo Afonso Thom\u00e9,\u00a0o tradicionalismo foi tema de v\u00e1rias a\u00e7\u00f5es\u00a0nesta\u00a0quarta-feira (19\/09). Primeiramente, os alunos do Bairro Imigrantes prestigiaram\u00a0apresenta\u00e7\u00f5es\u00a0dos participantes do\u00a0Projeto Integra\u00e7\u00e3o.\u00a0Em seguida foi servido um carreteiro.\u00a0Uma palestra com a professora e prenda Silvia Carini Fontanive de Castro trouxe aos alunos mais conhecimentos sobre temas envolvendo as tradi\u00e7\u00f5es.<\/p>\n<p>Na Emef C\u00f4nego Sereno Hugo Wolkmer, uma s\u00e9rie de atra\u00e7\u00f5es tradicionalistas foi preparada. Na manh\u00e3 de\u00a0quarta-feira, uma dan\u00e7a coletiva movimentou a quadra da escola. Diversas rodas de chimarr\u00e3o e lanches animaram o fandango. No almo\u00e7o, os estudantes do Bairro Auxiliadora saborearam carreteiro e \u00e0 tarde todos assistiram a uma palestra da tradicionalista estrelense Gabriela Junqueira, integrante do CTG Tropilha Farrapa, de\u00a0Lajeado, e tamb\u00e9m professora da Escola Estadual de Educa\u00e7\u00e3o B\u00e1sica Vidal de Negreiros. Na conversa com os jovens foi tratado o tema oficial da Semana Farroupilha deste ano, o \u201cTropeirismo \u2013 Contribui\u00e7\u00e3o para a forma\u00e7\u00e3o da identidade sul-rio-grandense\u201d. Dicas de preparo do caf\u00e9 de cambona, que era muito saboreado pelos tropeiros, e como encilhar um cavalo, foram repassadas.<\/p>\n<p>A Escola Municipal Ensino Fundamental (Emef) Arnaldo Jos\u00e9 Diel tamb\u00e9m realizou programa\u00e7\u00e3o especial\u00a0com os alunos nos \u00faltimos dias. Na semana passada os estudantes da Linha Lenz visitaram\u00a0o III Acampamento Farroupilha da Escola Estadual de Educa\u00e7\u00e3o B\u00e1sica (EEEB) Vidal de Negreiros.\u00a0Na\u00a0ter\u00e7a-feira, no Projeto Integra\u00e7\u00e3o, em parceria com o Sesi, brincadeiras foram realizadas e at\u00e9 dicas para como usar o la\u00e7o e outras t\u00e9cnicas foram repassadas aos jovens. Nesta\u00a0quarta-feira foi a vez do Recreio Farroupilha movimentar a todos. Apresenta\u00e7\u00f5es culturais como dan\u00e7as, m\u00fasicas e pe\u00e7as de teatro baseadas em lendas folcl\u00f3ricas e acontecimentos hist\u00f3ricos foram protagonizadas pelos alunos. Rodas de chimarr\u00e3o foram completadas com lanches trazidos e divididos por todos.<\/p>\n","protected":false},"excerpt":{"rendered":"<p>Das tradicionais dan\u00e7as \u00e0 produ\u00e7\u00e3o e consumo dos pratos populares. Das encena\u00e7\u00f5es de lendas \u00e0s brincadeiras e passeios de cavalo. A Semana Farroupilha tem mudado a rotina das escolas municipais de Estrela nos \u00faltimos dias. O tema, que \u00e9 sempre trabalhado de forma pedag\u00f3gica, ganha nesta \u00e9poca uma valoriza\u00e7\u00e3o cultural e l\u00fadica nos educand\u00e1rios e, [&hellip;]<\/p>\n","protected":false},"author":8,"featured_media":48157,"comment_status":"open","ping_status":"open","sticky":false,"template":"","format":"standard","meta":{"pmpro_default_level":"","_jetpack_memberships_contains_paid_content":false,"footnotes":""},"categories":[6],"tags":[3393,8,1016,77],"class_list":{"0":"post-48155","1":"post","2":"type-post","3":"status-publish","4":"format-standard","5":"has-post-thumbnail","7":"category-inclusive","8":"tag-20-de-setembro","9":"tag-estrela","10":"tag-semana-farroupilha","11":"tag-tradicionalismo","12":"pmpro-has-access"},"yoast_head":"<!-- This site is optimized with the Yoast SEO plugin v27.5 - https:\/\/yoast.com\/product\/yoast-seo-wordpress\/ -->\n<title>Tradicionalismo movimenta alunos e professores estrelenses - Folha Popular<\/title>\n<meta name=\"robots\" content=\"index, follow, max-snippet:-1, max-image-preview:large, max-video-preview:-1\" \/>\n<link rel=\"canonical\" href=\"https:\/\/folhapopular.info\/index.php\/2018\/09\/21\/tradicionalismo-movimenta-alunos-e-professores-estrelenses\/\" \/>\n<meta property=\"og:locale\" content=\"pt_BR\" \/>\n<meta property=\"og:type\" content=\"article\" \/>\n<meta property=\"og:title\" content=\"Tradicionalismo movimenta alunos e professores estrelenses - Folha Popular\" \/>\n<meta property=\"og:description\" content=\"Das tradicionais dan\u00e7as \u00e0 produ\u00e7\u00e3o e consumo dos pratos populares. Das encena\u00e7\u00f5es de lendas \u00e0s brincadeiras e passeios de cavalo. A Semana Farroupilha tem mudado a rotina das escolas municipais de Estrela nos \u00faltimos dias. O tema, que \u00e9 sempre trabalhado de forma pedag\u00f3gica, ganha nesta \u00e9poca uma valoriza\u00e7\u00e3o cultural e l\u00fadica nos educand\u00e1rios e, [&hellip;]\" \/>\n<meta property=\"og:url\" content=\"https:\/\/folhapopular.info\/index.php\/2018\/09\/21\/tradicionalismo-movimenta-alunos-e-professores-estrelenses\/\" \/>\n<meta property=\"og:site_name\" content=\"Folha Popular\" \/>\n<meta property=\"article:published_time\" content=\"2018-09-21T12:00:26+00:00\" \/>\n<meta property=\"og:image\" content=\"https:\/\/folhapopular.info\/wp-content\/uploads\/2018\/09\/Emef-C\u00f4nego-Fandango-e-dan\u00e7a-4-e1537527481789.jpg\" \/>\n\t<meta property=\"og:image:width\" content=\"800\" \/>\n\t<meta property=\"og:image:height\" content=\"447\" \/>\n\t<meta property=\"og:image:type\" content=\"image\/jpeg\" \/>\n<meta name=\"author\" content=\"Reda\u00e7\u00e3o Folha Popular\" \/>\n<meta name=\"twitter:card\" content=\"summary_large_image\" \/>\n<meta name=\"twitter:label1\" content=\"Escrito por\" \/>\n\t<meta name=\"twitter:data1\" content=\"Reda\u00e7\u00e3o Folha Popular\" \/>\n\t<meta name=\"twitter:label2\" content=\"Est. tempo de leitura\" \/>\n\t<meta name=\"twitter:data2\" content=\"3 minutos\" \/>\n<script type=\"application\/ld+json\" class=\"yoast-schema-graph\">{\"@context\":\"https:\\\/\\\/schema.org\",\"@graph\":[{\"@type\":\"Article\",\"@id\":\"https:\\\/\\\/folhapopular.info\\\/index.php\\\/2018\\\/09\\\/21\\\/tradicionalismo-movimenta-alunos-e-professores-estrelenses\\\/#article\",\"isPartOf\":{\"@id\":\"https:\\\/\\\/folhapopular.info\\\/index.php\\\/2018\\\/09\\\/21\\\/tradicionalismo-movimenta-alunos-e-professores-estrelenses\\\/\"},\"author\":{\"name\":\"Reda\u00e7\u00e3o Folha Popular\",\"@id\":\"https:\\\/\\\/folhapopular.info\\\/#\\\/schema\\\/person\\\/2814e8a0df7643585a9ca38bc6eb9d4b\"},\"headline\":\"Tradicionalismo movimenta alunos e professores estrelenses\",\"datePublished\":\"2018-09-21T12:00:26+00:00\",\"mainEntityOfPage\":{\"@id\":\"https:\\\/\\\/folhapopular.info\\\/index.php\\\/2018\\\/09\\\/21\\\/tradicionalismo-movimenta-alunos-e-professores-estrelenses\\\/\"},\"wordCount\":521,\"commentCount\":0,\"image\":{\"@id\":\"https:\\\/\\\/folhapopular.info\\\/index.php\\\/2018\\\/09\\\/21\\\/tradicionalismo-movimenta-alunos-e-professores-estrelenses\\\/#primaryimage\"},\"thumbnailUrl\":\"https:\\\/\\\/folhapopular.info\\\/wp-content\\\/uploads\\\/2018\\\/09\\\/Emef-C\u00f4nego-Fandango-e-dan\u00e7a-4-e1537527481789.jpg\",\"keywords\":[\"20 de Setembro\",\"Estrela\",\"Semana Farroupilha\",\"Tradicionalismo\"],\"articleSection\":[\"Inclusive\"],\"inLanguage\":\"pt-BR\",\"potentialAction\":[{\"@type\":\"CommentAction\",\"name\":\"Comment\",\"target\":[\"https:\\\/\\\/folhapopular.info\\\/index.php\\\/2018\\\/09\\\/21\\\/tradicionalismo-movimenta-alunos-e-professores-estrelenses\\\/#respond\"]}]},{\"@type\":\"WebPage\",\"@id\":\"https:\\\/\\\/folhapopular.info\\\/index.php\\\/2018\\\/09\\\/21\\\/tradicionalismo-movimenta-alunos-e-professores-estrelenses\\\/\",\"url\":\"https:\\\/\\\/folhapopular.info\\\/index.php\\\/2018\\\/09\\\/21\\\/tradicionalismo-movimenta-alunos-e-professores-estrelenses\\\/\",\"name\":\"Tradicionalismo movimenta alunos e professores estrelenses - Folha Popular\",\"isPartOf\":{\"@id\":\"https:\\\/\\\/folhapopular.info\\\/#website\"},\"primaryImageOfPage\":{\"@id\":\"https:\\\/\\\/folhapopular.info\\\/index.php\\\/2018\\\/09\\\/21\\\/tradicionalismo-movimenta-alunos-e-professores-estrelenses\\\/#primaryimage\"},\"image\":{\"@id\":\"https:\\\/\\\/folhapopular.info\\\/index.php\\\/2018\\\/09\\\/21\\\/tradicionalismo-movimenta-alunos-e-professores-estrelenses\\\/#primaryimage\"},\"thumbnailUrl\":\"https:\\\/\\\/folhapopular.info\\\/wp-content\\\/uploads\\\/2018\\\/09\\\/Emef-C\u00f4nego-Fandango-e-dan\u00e7a-4-e1537527481789.jpg\",\"datePublished\":\"2018-09-21T12:00:26+00:00\",\"author\":{\"@id\":\"https:\\\/\\\/folhapopular.info\\\/#\\\/schema\\\/person\\\/2814e8a0df7643585a9ca38bc6eb9d4b\"},\"breadcrumb\":{\"@id\":\"https:\\\/\\\/folhapopular.info\\\/index.php\\\/2018\\\/09\\\/21\\\/tradicionalismo-movimenta-alunos-e-professores-estrelenses\\\/#breadcrumb\"},\"inLanguage\":\"pt-BR\",\"potentialAction\":[{\"@type\":\"ReadAction\",\"target\":[\"https:\\\/\\\/folhapopular.info\\\/index.php\\\/2018\\\/09\\\/21\\\/tradicionalismo-movimenta-alunos-e-professores-estrelenses\\\/\"]}]},{\"@type\":\"ImageObject\",\"inLanguage\":\"pt-BR\",\"@id\":\"https:\\\/\\\/folhapopular.info\\\/index.php\\\/2018\\\/09\\\/21\\\/tradicionalismo-movimenta-alunos-e-professores-estrelenses\\\/#primaryimage\",\"url\":\"https:\\\/\\\/folhapopular.info\\\/wp-content\\\/uploads\\\/2018\\\/09\\\/Emef-C\u00f4nego-Fandango-e-dan\u00e7a-4-e1537527481789.jpg\",\"contentUrl\":\"https:\\\/\\\/folhapopular.info\\\/wp-content\\\/uploads\\\/2018\\\/09\\\/Emef-C\u00f4nego-Fandango-e-dan\u00e7a-4-e1537527481789.jpg\",\"width\":800,\"height\":447,\"caption\":\"Na Emef C\u00f4nego Sereno Hugo Wolkmer, dan\u00e7a coletiva e fandango foram algumas das atra\u00e7\u00f5es da quarta-feira\"},{\"@type\":\"BreadcrumbList\",\"@id\":\"https:\\\/\\\/folhapopular.info\\\/index.php\\\/2018\\\/09\\\/21\\\/tradicionalismo-movimenta-alunos-e-professores-estrelenses\\\/#breadcrumb\",\"itemListElement\":[{\"@type\":\"ListItem\",\"position\":1,\"name\":\"In\u00edcio\",\"item\":\"https:\\\/\\\/folhapopular.info\\\/\"},{\"@type\":\"ListItem\",\"position\":2,\"name\":\"Tradicionalismo movimenta alunos e professores estrelenses\"}]},{\"@type\":\"WebSite\",\"@id\":\"https:\\\/\\\/folhapopular.info\\\/#website\",\"url\":\"https:\\\/\\\/folhapopular.info\\\/\",\"name\":\"Folha Popular\",\"description\":\"Onde voc\u00ea tem vez e voz\",\"potentialAction\":[{\"@type\":\"SearchAction\",\"target\":{\"@type\":\"EntryPoint\",\"urlTemplate\":\"https:\\\/\\\/folhapopular.info\\\/?s={search_term_string}\"},\"query-input\":{\"@type\":\"PropertyValueSpecification\",\"valueRequired\":true,\"valueName\":\"search_term_string\"}}],\"inLanguage\":\"pt-BR\"},{\"@type\":\"Person\",\"@id\":\"https:\\\/\\\/folhapopular.info\\\/#\\\/schema\\\/person\\\/2814e8a0df7643585a9ca38bc6eb9d4b\",\"name\":\"Reda\u00e7\u00e3o Folha Popular\",\"image\":{\"@type\":\"ImageObject\",\"inLanguage\":\"pt-BR\",\"@id\":\"https:\\\/\\\/folhapopular.info\\\/wp-content\\\/uploads\\\/2026\\\/04\\\/Folha-1.webp\",\"url\":\"https:\\\/\\\/folhapopular.info\\\/wp-content\\\/uploads\\\/2026\\\/04\\\/Folha-1.webp\",\"contentUrl\":\"https:\\\/\\\/folhapopular.info\\\/wp-content\\\/uploads\\\/2026\\\/04\\\/Folha-1.webp\",\"caption\":\"Reda\u00e7\u00e3o Folha Popular\"},\"url\":\"https:\\\/\\\/folhapopular.info\\\/index.php\\\/author\\\/redacao\\\/\"}]}<\/script>\n<!-- \/ Yoast SEO plugin. -->","yoast_head_json":{"title":"Tradicionalismo movimenta alunos e professores estrelenses - Folha Popular","robots":{"index":"index","follow":"follow","max-snippet":"max-snippet:-1","max-image-preview":"max-image-preview:large","max-video-preview":"max-video-preview:-1"},"canonical":"https:\/\/folhapopular.info\/index.php\/2018\/09\/21\/tradicionalismo-movimenta-alunos-e-professores-estrelenses\/","og_locale":"pt_BR","og_type":"article","og_title":"Tradicionalismo movimenta alunos e professores estrelenses - Folha Popular","og_description":"Das tradicionais dan\u00e7as \u00e0 produ\u00e7\u00e3o e consumo dos pratos populares. Das encena\u00e7\u00f5es de lendas \u00e0s brincadeiras e passeios de cavalo. A Semana Farroupilha tem mudado a rotina das escolas municipais de Estrela nos \u00faltimos dias. O tema, que \u00e9 sempre trabalhado de forma pedag\u00f3gica, ganha nesta \u00e9poca uma valoriza\u00e7\u00e3o cultural e l\u00fadica nos educand\u00e1rios e, [&hellip;]","og_url":"https:\/\/folhapopular.info\/index.php\/2018\/09\/21\/tradicionalismo-movimenta-alunos-e-professores-estrelenses\/","og_site_name":"Folha Popular","article_published_time":"2018-09-21T12:00:26+00:00","og_image":[{"width":800,"height":447,"url":"https:\/\/folhapopular.info\/wp-content\/uploads\/2018\/09\/Emef-C\u00f4nego-Fandango-e-dan\u00e7a-4-e1537527481789.jpg","type":"image\/jpeg"}],"author":"Reda\u00e7\u00e3o Folha Popular","twitter_card":"summary_large_image","twitter_misc":{"Escrito por":"Reda\u00e7\u00e3o Folha Popular","Est. tempo de leitura":"3 minutos"},"schema":{"@context":"https:\/\/schema.org","@graph":[{"@type":"Article","@id":"https:\/\/folhapopular.info\/index.php\/2018\/09\/21\/tradicionalismo-movimenta-alunos-e-professores-estrelenses\/#article","isPartOf":{"@id":"https:\/\/folhapopular.info\/index.php\/2018\/09\/21\/tradicionalismo-movimenta-alunos-e-professores-estrelenses\/"},"author":{"name":"Reda\u00e7\u00e3o Folha Popular","@id":"https:\/\/folhapopular.info\/#\/schema\/person\/2814e8a0df7643585a9ca38bc6eb9d4b"},"headline":"Tradicionalismo movimenta alunos e professores estrelenses","datePublished":"2018-09-21T12:00:26+00:00","mainEntityOfPage":{"@id":"https:\/\/folhapopular.info\/index.php\/2018\/09\/21\/tradicionalismo-movimenta-alunos-e-professores-estrelenses\/"},"wordCount":521,"commentCount":0,"image":{"@id":"https:\/\/folhapopular.info\/index.php\/2018\/09\/21\/tradicionalismo-movimenta-alunos-e-professores-estrelenses\/#primaryimage"},"thumbnailUrl":"https:\/\/folhapopular.info\/wp-content\/uploads\/2018\/09\/Emef-C\u00f4nego-Fandango-e-dan\u00e7a-4-e1537527481789.jpg","keywords":["20 de Setembro","Estrela","Semana Farroupilha","Tradicionalismo"],"articleSection":["Inclusive"],"inLanguage":"pt-BR","potentialAction":[{"@type":"CommentAction","name":"Comment","target":["https:\/\/folhapopular.info\/index.php\/2018\/09\/21\/tradicionalismo-movimenta-alunos-e-professores-estrelenses\/#respond"]}]},{"@type":"WebPage","@id":"https:\/\/folhapopular.info\/index.php\/2018\/09\/21\/tradicionalismo-movimenta-alunos-e-professores-estrelenses\/","url":"https:\/\/folhapopular.info\/index.php\/2018\/09\/21\/tradicionalismo-movimenta-alunos-e-professores-estrelenses\/","name":"Tradicionalismo movimenta alunos e professores estrelenses - Folha Popular","isPartOf":{"@id":"https:\/\/folhapopular.info\/#website"},"primaryImageOfPage":{"@id":"https:\/\/folhapopular.info\/index.php\/2018\/09\/21\/tradicionalismo-movimenta-alunos-e-professores-estrelenses\/#primaryimage"},"image":{"@id":"https:\/\/folhapopular.info\/index.php\/2018\/09\/21\/tradicionalismo-movimenta-alunos-e-professores-estrelenses\/#primaryimage"},"thumbnailUrl":"https:\/\/folhapopular.info\/wp-content\/uploads\/2018\/09\/Emef-C\u00f4nego-Fandango-e-dan\u00e7a-4-e1537527481789.jpg","datePublished":"2018-09-21T12:00:26+00:00","author":{"@id":"https:\/\/folhapopular.info\/#\/schema\/person\/2814e8a0df7643585a9ca38bc6eb9d4b"},"breadcrumb":{"@id":"https:\/\/folhapopular.info\/index.php\/2018\/09\/21\/tradicionalismo-movimenta-alunos-e-professores-estrelenses\/#breadcrumb"},"inLanguage":"pt-BR","potentialAction":[{"@type":"ReadAction","target":["https:\/\/folhapopular.info\/index.php\/2018\/09\/21\/tradicionalismo-movimenta-alunos-e-professores-estrelenses\/"]}]},{"@type":"ImageObject","inLanguage":"pt-BR","@id":"https:\/\/folhapopular.info\/index.php\/2018\/09\/21\/tradicionalismo-movimenta-alunos-e-professores-estrelenses\/#primaryimage","url":"https:\/\/folhapopular.info\/wp-content\/uploads\/2018\/09\/Emef-C\u00f4nego-Fandango-e-dan\u00e7a-4-e1537527481789.jpg","contentUrl":"https:\/\/folhapopular.info\/wp-content\/uploads\/2018\/09\/Emef-C\u00f4nego-Fandango-e-dan\u00e7a-4-e1537527481789.jpg","width":800,"height":447,"caption":"Na Emef C\u00f4nego Sereno Hugo Wolkmer, dan\u00e7a coletiva e fandango foram algumas das atra\u00e7\u00f5es da quarta-feira"},{"@type":"BreadcrumbList","@id":"https:\/\/folhapopular.info\/index.php\/2018\/09\/21\/tradicionalismo-movimenta-alunos-e-professores-estrelenses\/#breadcrumb","itemListElement":[{"@type":"ListItem","position":1,"name":"In\u00edcio","item":"https:\/\/folhapopular.info\/"},{"@type":"ListItem","position":2,"name":"Tradicionalismo movimenta alunos e professores estrelenses"}]},{"@type":"WebSite","@id":"https:\/\/folhapopular.info\/#website","url":"https:\/\/folhapopular.info\/","name":"Folha Popular","description":"Onde voc\u00ea tem vez e voz","potentialAction":[{"@type":"SearchAction","target":{"@type":"EntryPoint","urlTemplate":"https:\/\/folhapopular.info\/?s={search_term_string}"},"query-input":{"@type":"PropertyValueSpecification","valueRequired":true,"valueName":"search_term_string"}}],"inLanguage":"pt-BR"},{"@type":"Person","@id":"https:\/\/folhapopular.info\/#\/schema\/person\/2814e8a0df7643585a9ca38bc6eb9d4b","name":"Reda\u00e7\u00e3o Folha Popular","image":{"@type":"ImageObject","inLanguage":"pt-BR","@id":"https:\/\/folhapopular.info\/wp-content\/uploads\/2026\/04\/Folha-1.webp","url":"https:\/\/folhapopular.info\/wp-content\/uploads\/2026\/04\/Folha-1.webp","contentUrl":"https:\/\/folhapopular.info\/wp-content\/uploads\/2026\/04\/Folha-1.webp","caption":"Reda\u00e7\u00e3o Folha Popular"},"url":"https:\/\/folhapopular.info\/index.php\/author\/redacao\/"}]}},"jetpack_featured_media_url":"https:\/\/folhapopular.info\/wp-content\/uploads\/2018\/09\/Emef-C\u00f4nego-Fandango-e-dan\u00e7a-4-e1537527481789.jpg","jetpack_sharing_enabled":true,"amp_enabled":true,"_links":{"self":[{"href":"https:\/\/folhapopular.info\/index.php\/wp-json\/wp\/v2\/posts\/48155","targetHints":{"allow":["GET"]}}],"collection":[{"href":"https:\/\/folhapopular.info\/index.php\/wp-json\/wp\/v2\/posts"}],"about":[{"href":"https:\/\/folhapopular.info\/index.php\/wp-json\/wp\/v2\/types\/post"}],"author":[{"embeddable":true,"href":"https:\/\/folhapopular.info\/index.php\/wp-json\/wp\/v2\/users\/8"}],"replies":[{"embeddable":true,"href":"https:\/\/folhapopular.info\/index.php\/wp-json\/wp\/v2\/comments?post=48155"}],"version-history":[{"count":0,"href":"https:\/\/folhapopular.info\/index.php\/wp-json\/wp\/v2\/posts\/48155\/revisions"}],"wp:featuredmedia":[{"embeddable":true,"href":"https:\/\/folhapopular.info\/index.php\/wp-json\/wp\/v2\/media\/48157"}],"wp:attachment":[{"href":"https:\/\/folhapopular.info\/index.php\/wp-json\/wp\/v2\/media?parent=48155"}],"wp:term":[{"taxonomy":"category","embeddable":true,"href":"https:\/\/folhapopular.info\/index.php\/wp-json\/wp\/v2\/categories?post=48155"},{"taxonomy":"post_tag","embeddable":true,"href":"https:\/\/folhapopular.info\/index.php\/wp-json\/wp\/v2\/tags?post=48155"}],"curies":[{"name":"wp","href":"https:\/\/api.w.org\/{rel}","templated":true}]}}