{"id":48180,"date":"2018-09-21T16:00:45","date_gmt":"2018-09-21T19:00:45","guid":{"rendered":"http:\/\/folhapopular.info\/?p=48180"},"modified":"2018-09-21T14:50:17","modified_gmt":"2018-09-21T17:50:17","slug":"fandangos-e-extincao-da-chama-crioula-marcam-o-feriado-no-acampamento-farroupilha-de-teutonia","status":"publish","type":"post","link":"https:\/\/folhapopular.info\/index.php\/2018\/09\/21\/fandangos-e-extincao-da-chama-crioula-marcam-o-feriado-no-acampamento-farroupilha-de-teutonia\/","title":{"rendered":"Fandangos e extin\u00e7\u00e3o da Chama Crioula marcam o feriado no Acampamento Farroupilha de Teut\u00f4nia"},"content":{"rendered":"<p>Al\u00e9m do desfile na manh\u00e3 desta quinta-feira (20\/09), que reuniu mais de 700 participantes, outras atividades marcaram o feriado no Acampamento Farroupilha de\u00a0Teut\u00f4nia. Dentre as atra\u00e7\u00f5es, fandangos, apresenta\u00e7\u00f5es de invernadas e extin\u00e7\u00e3o da Chama Crioula. O p\u00fablico tamb\u00e9m aproveitou para conhecer e prestigiar os piquetes do Acampamento Farroupilha, tradicionalistas mant\u00eam vivos os costumes, saberes e sabores dos antepassados.<\/p>\n<p>O grupo teutoniense Os Centauros abriu a programa\u00e7\u00e3o art\u00edstica da tarde. Em seu repert\u00f3rio, todo o nativismo e amor ao Rio Grande do Sul. Para um dos vocalistas do grupo, Ezequiel Krieger, tocar em casa \u00e9 um presente. \u201cSempre \u00e9 bom representar o nosso gauchismo, ainda mais em casa. Al\u00e9m de tocar para o povo que a gente conhece, \u00e9 uma oportunidade para outras pessoas conhecerem o nosso trabalho. Estamos vindo uma semana inteira, com bastante trabalho e tocar em\u00a0Teut\u00f4nia\u00a0no 20 de setembro \u00e9 maravilhoso para n\u00f3s\u201d, sublinhou.<\/p>\n<p>No intervalo de um fandango e outro, houve a apresenta\u00e7\u00e3o art\u00edstica da invernada Pr\u00e9-Mirim do Centro de Tradi\u00e7\u00f5es Ga\u00fachas Porteira dos Pampas, do Bairro Canabarro. Os pequenos puderam mostrar ao p\u00fablico todo o seu talento para a dan\u00e7a gauchesca, mostrando que os CTGs s\u00e3o uma op\u00e7\u00e3o e lazer e entretenimento.<\/p>\n<p>Em seguida, foi a vez do grupo Toque de Vanera, de Santa Cruz do Sul, subir ao palco do Acampamento Farroupilha e fazer o baile de integra\u00e7\u00e3o dos piquetes e visitantes. N\u00e3o faltaram os grandes cl\u00e1ssicos tradicionalistas durante a apresenta\u00e7\u00e3o do grupo no palco montado no Pavilh\u00e3o Multiuso do Centro Administrativo.<\/p>\n<p>Para o diretor e baterista do Grupo Toque de Vanera, Irto Lopes, mais conhecido por Tito, destacou a alegria de estar em\u00a0Teut\u00f4nia. \u201c\u00c9 uma satisfa\u00e7\u00e3o para n\u00f3s vir da terra do Enart para\u00a0Teut\u00f4nia\u00a0fazer uma grande festa. Um evento bem organizado e ficamos impressionados pela estrutura que\u00a0Teut\u00f4nia\u00a0possui. Os acampamentos farroupilhas t\u00eam sido exemplo em todas as cidades, pois unem a gauchada e aqueles que n\u00e3o conhecem as tradi\u00e7\u00f5es ga\u00fachas, mas acabam integrando, futuramente os CTGs. E aqui em\u00a0Teut\u00f4nia\u00a0isso n\u00e3o tem sido diferente\u201d, frisou.<\/p>\n<p>\u00c0s 18 horas, ocorreu a solenidade de extin\u00e7\u00e3o da Chama Crioula. Na oportunidade, o chefe de Gabinete, Marcos Aur\u00e9lio Borges de Quadros, representando o prefeito, Jonatan Br\u00f6nstrup, ressaltou que o tradicionalismo deve permanecer forte e unido. \u201cHoje se apaga a Chama Crioula. Mas dentro de cada um de n\u00f3s, precisamos que esta chama se mantenha acesa, para que o Acampamento Farroupilha de\u00a0Teut\u00f4nia\u00a0continue com este sucesso e possa mostrar, cada vez mais, a nossa riqueza cultural\u201d, destacou.<\/p>\n<p>A Chama Crioula foi extinta, mas a programa\u00e7\u00e3o do Acampamento Farroupilha segue at\u00e9 esta sexta-feira, dia 21, quando, \u00e0s 21h, ocorre a apresenta\u00e7\u00e3o da invernada Juvenil do CTG Porteira dos Pampas. Em seguida, \u00e0s 21h30min, inicia o show com Jo\u00e3o Luiz Corr\u00eaa.<\/p>\n<p>Toda a programa\u00e7\u00e3o tem entrada franca. A realiza\u00e7\u00e3o \u00e9 da Prefeitura de\u00a0Teut\u00f4nia, atrav\u00e9s das secretarias da Ind\u00fastria, Com\u00e9rcio e Turismo e da Juventude, Cultura, Esporte e Lazer, com apoio dos Centros de Tradi\u00e7\u00f5es Ga\u00fachas Rinc\u00e3o das Coxilhas e Porteira dos Pampas, Centro Cultural Tradicionalista Quer\u00eancia Amada e dos 14 piquetes.<\/p>\n","protected":false},"excerpt":{"rendered":"<p>Al\u00e9m do desfile na manh\u00e3 desta quinta-feira (20\/09), que reuniu mais de 700 participantes, outras atividades marcaram o feriado no Acampamento Farroupilha de\u00a0Teut\u00f4nia. Dentre as atra\u00e7\u00f5es, fandangos, apresenta\u00e7\u00f5es de invernadas e extin\u00e7\u00e3o da Chama Crioula. O p\u00fablico tamb\u00e9m aproveitou para conhecer e prestigiar os piquetes do Acampamento Farroupilha, tradicionalistas mant\u00eam vivos os costumes, saberes e [&hellip;]<\/p>\n","protected":false},"author":8,"featured_media":48181,"comment_status":"open","ping_status":"open","sticky":false,"template":"","format":"standard","meta":{"pmpro_default_level":"","_jetpack_memberships_contains_paid_content":false,"footnotes":""},"categories":[2,6],"tags":[3393,980,1016,26],"class_list":{"0":"post-48180","1":"post","2":"type-post","3":"status-publish","4":"format-standard","5":"has-post-thumbnail","7":"category-featured","8":"category-inclusive","9":"tag-20-de-setembro","10":"tag-acampamento-farroupilha","11":"tag-semana-farroupilha","12":"tag-teutonia","13":"pmpro-has-access"},"yoast_head":"<!-- This site is optimized with the Yoast SEO plugin v27.5 - https:\/\/yoast.com\/product\/yoast-seo-wordpress\/ -->\n<title>Fandangos e extin\u00e7\u00e3o da Chama Crioula marcam o feriado no Acampamento Farroupilha de Teut\u00f4nia - Folha Popular<\/title>\n<meta name=\"robots\" content=\"index, follow, max-snippet:-1, max-image-preview:large, max-video-preview:-1\" \/>\n<link rel=\"canonical\" href=\"https:\/\/folhapopular.info\/index.php\/2018\/09\/21\/fandangos-e-extincao-da-chama-crioula-marcam-o-feriado-no-acampamento-farroupilha-de-teutonia\/\" \/>\n<meta property=\"og:locale\" content=\"pt_BR\" \/>\n<meta property=\"og:type\" content=\"article\" \/>\n<meta property=\"og:title\" content=\"Fandangos e extin\u00e7\u00e3o da Chama Crioula marcam o feriado no Acampamento Farroupilha de Teut\u00f4nia - Folha Popular\" \/>\n<meta property=\"og:description\" content=\"Al\u00e9m do desfile na manh\u00e3 desta quinta-feira (20\/09), que reuniu mais de 700 participantes, outras atividades marcaram o feriado no Acampamento Farroupilha de\u00a0Teut\u00f4nia. Dentre as atra\u00e7\u00f5es, fandangos, apresenta\u00e7\u00f5es de invernadas e extin\u00e7\u00e3o da Chama Crioula. O p\u00fablico tamb\u00e9m aproveitou para conhecer e prestigiar os piquetes do Acampamento Farroupilha, tradicionalistas mant\u00eam vivos os costumes, saberes e [&hellip;]\" \/>\n<meta property=\"og:url\" content=\"https:\/\/folhapopular.info\/index.php\/2018\/09\/21\/fandangos-e-extincao-da-chama-crioula-marcam-o-feriado-no-acampamento-farroupilha-de-teutonia\/\" \/>\n<meta property=\"og:site_name\" content=\"Folha Popular\" \/>\n<meta property=\"article:published_time\" content=\"2018-09-21T19:00:45+00:00\" \/>\n<meta property=\"og:image\" content=\"https:\/\/folhapopular.info\/wp-content\/uploads\/2018\/09\/Chama-Crioula-foi-extinta-no-final-da-tarde-desta-quinta-feira-e1537552168519.jpg\" \/>\n\t<meta property=\"og:image:width\" content=\"800\" \/>\n\t<meta property=\"og:image:height\" content=\"533\" \/>\n\t<meta property=\"og:image:type\" content=\"image\/jpeg\" \/>\n<meta name=\"author\" content=\"Reda\u00e7\u00e3o Folha Popular\" \/>\n<meta name=\"twitter:card\" content=\"summary_large_image\" \/>\n<meta name=\"twitter:label1\" content=\"Escrito por\" \/>\n\t<meta name=\"twitter:data1\" content=\"Reda\u00e7\u00e3o Folha Popular\" \/>\n\t<meta name=\"twitter:label2\" content=\"Est. tempo de leitura\" \/>\n\t<meta name=\"twitter:data2\" content=\"3 minutos\" \/>\n<script type=\"application\/ld+json\" class=\"yoast-schema-graph\">{\"@context\":\"https:\\\/\\\/schema.org\",\"@graph\":[{\"@type\":\"Article\",\"@id\":\"https:\\\/\\\/folhapopular.info\\\/index.php\\\/2018\\\/09\\\/21\\\/fandangos-e-extincao-da-chama-crioula-marcam-o-feriado-no-acampamento-farroupilha-de-teutonia\\\/#article\",\"isPartOf\":{\"@id\":\"https:\\\/\\\/folhapopular.info\\\/index.php\\\/2018\\\/09\\\/21\\\/fandangos-e-extincao-da-chama-crioula-marcam-o-feriado-no-acampamento-farroupilha-de-teutonia\\\/\"},\"author\":{\"name\":\"Reda\u00e7\u00e3o Folha Popular\",\"@id\":\"https:\\\/\\\/folhapopular.info\\\/#\\\/schema\\\/person\\\/2814e8a0df7643585a9ca38bc6eb9d4b\"},\"headline\":\"Fandangos e extin\u00e7\u00e3o da Chama Crioula marcam o feriado no Acampamento Farroupilha de Teut\u00f4nia\",\"datePublished\":\"2018-09-21T19:00:45+00:00\",\"mainEntityOfPage\":{\"@id\":\"https:\\\/\\\/folhapopular.info\\\/index.php\\\/2018\\\/09\\\/21\\\/fandangos-e-extincao-da-chama-crioula-marcam-o-feriado-no-acampamento-farroupilha-de-teutonia\\\/\"},\"wordCount\":573,\"commentCount\":0,\"image\":{\"@id\":\"https:\\\/\\\/folhapopular.info\\\/index.php\\\/2018\\\/09\\\/21\\\/fandangos-e-extincao-da-chama-crioula-marcam-o-feriado-no-acampamento-farroupilha-de-teutonia\\\/#primaryimage\"},\"thumbnailUrl\":\"https:\\\/\\\/folhapopular.info\\\/wp-content\\\/uploads\\\/2018\\\/09\\\/Chama-Crioula-foi-extinta-no-final-da-tarde-desta-quinta-feira-e1537552168519.jpg\",\"keywords\":[\"20 de Setembro\",\"Acampamento Farroupilha\",\"Semana Farroupilha\",\"Teut\u00f4nia\"],\"articleSection\":[\"Destaques\",\"Inclusive\"],\"inLanguage\":\"pt-BR\",\"potentialAction\":[{\"@type\":\"CommentAction\",\"name\":\"Comment\",\"target\":[\"https:\\\/\\\/folhapopular.info\\\/index.php\\\/2018\\\/09\\\/21\\\/fandangos-e-extincao-da-chama-crioula-marcam-o-feriado-no-acampamento-farroupilha-de-teutonia\\\/#respond\"]}]},{\"@type\":\"WebPage\",\"@id\":\"https:\\\/\\\/folhapopular.info\\\/index.php\\\/2018\\\/09\\\/21\\\/fandangos-e-extincao-da-chama-crioula-marcam-o-feriado-no-acampamento-farroupilha-de-teutonia\\\/\",\"url\":\"https:\\\/\\\/folhapopular.info\\\/index.php\\\/2018\\\/09\\\/21\\\/fandangos-e-extincao-da-chama-crioula-marcam-o-feriado-no-acampamento-farroupilha-de-teutonia\\\/\",\"name\":\"Fandangos e extin\u00e7\u00e3o da Chama Crioula marcam o feriado no Acampamento Farroupilha de Teut\u00f4nia - Folha Popular\",\"isPartOf\":{\"@id\":\"https:\\\/\\\/folhapopular.info\\\/#website\"},\"primaryImageOfPage\":{\"@id\":\"https:\\\/\\\/folhapopular.info\\\/index.php\\\/2018\\\/09\\\/21\\\/fandangos-e-extincao-da-chama-crioula-marcam-o-feriado-no-acampamento-farroupilha-de-teutonia\\\/#primaryimage\"},\"image\":{\"@id\":\"https:\\\/\\\/folhapopular.info\\\/index.php\\\/2018\\\/09\\\/21\\\/fandangos-e-extincao-da-chama-crioula-marcam-o-feriado-no-acampamento-farroupilha-de-teutonia\\\/#primaryimage\"},\"thumbnailUrl\":\"https:\\\/\\\/folhapopular.info\\\/wp-content\\\/uploads\\\/2018\\\/09\\\/Chama-Crioula-foi-extinta-no-final-da-tarde-desta-quinta-feira-e1537552168519.jpg\",\"datePublished\":\"2018-09-21T19:00:45+00:00\",\"author\":{\"@id\":\"https:\\\/\\\/folhapopular.info\\\/#\\\/schema\\\/person\\\/2814e8a0df7643585a9ca38bc6eb9d4b\"},\"breadcrumb\":{\"@id\":\"https:\\\/\\\/folhapopular.info\\\/index.php\\\/2018\\\/09\\\/21\\\/fandangos-e-extincao-da-chama-crioula-marcam-o-feriado-no-acampamento-farroupilha-de-teutonia\\\/#breadcrumb\"},\"inLanguage\":\"pt-BR\",\"potentialAction\":[{\"@type\":\"ReadAction\",\"target\":[\"https:\\\/\\\/folhapopular.info\\\/index.php\\\/2018\\\/09\\\/21\\\/fandangos-e-extincao-da-chama-crioula-marcam-o-feriado-no-acampamento-farroupilha-de-teutonia\\\/\"]}]},{\"@type\":\"ImageObject\",\"inLanguage\":\"pt-BR\",\"@id\":\"https:\\\/\\\/folhapopular.info\\\/index.php\\\/2018\\\/09\\\/21\\\/fandangos-e-extincao-da-chama-crioula-marcam-o-feriado-no-acampamento-farroupilha-de-teutonia\\\/#primaryimage\",\"url\":\"https:\\\/\\\/folhapopular.info\\\/wp-content\\\/uploads\\\/2018\\\/09\\\/Chama-Crioula-foi-extinta-no-final-da-tarde-desta-quinta-feira-e1537552168519.jpg\",\"contentUrl\":\"https:\\\/\\\/folhapopular.info\\\/wp-content\\\/uploads\\\/2018\\\/09\\\/Chama-Crioula-foi-extinta-no-final-da-tarde-desta-quinta-feira-e1537552168519.jpg\",\"width\":800,\"height\":533,\"caption\":\"Chama Crioula foi extinta no final da tarde desta quinta-feira\\\/Cr\u00e9dito da foto: \u00c9dson Lu\u00eds Schaeffer\\\/divulga\u00e7\u00e3o\"},{\"@type\":\"BreadcrumbList\",\"@id\":\"https:\\\/\\\/folhapopular.info\\\/index.php\\\/2018\\\/09\\\/21\\\/fandangos-e-extincao-da-chama-crioula-marcam-o-feriado-no-acampamento-farroupilha-de-teutonia\\\/#breadcrumb\",\"itemListElement\":[{\"@type\":\"ListItem\",\"position\":1,\"name\":\"In\u00edcio\",\"item\":\"https:\\\/\\\/folhapopular.info\\\/\"},{\"@type\":\"ListItem\",\"position\":2,\"name\":\"Fandangos e extin\u00e7\u00e3o da Chama Crioula marcam o feriado no Acampamento Farroupilha de Teut\u00f4nia\"}]},{\"@type\":\"WebSite\",\"@id\":\"https:\\\/\\\/folhapopular.info\\\/#website\",\"url\":\"https:\\\/\\\/folhapopular.info\\\/\",\"name\":\"Folha Popular\",\"description\":\"Onde voc\u00ea tem vez e voz\",\"potentialAction\":[{\"@type\":\"SearchAction\",\"target\":{\"@type\":\"EntryPoint\",\"urlTemplate\":\"https:\\\/\\\/folhapopular.info\\\/?s={search_term_string}\"},\"query-input\":{\"@type\":\"PropertyValueSpecification\",\"valueRequired\":true,\"valueName\":\"search_term_string\"}}],\"inLanguage\":\"pt-BR\"},{\"@type\":\"Person\",\"@id\":\"https:\\\/\\\/folhapopular.info\\\/#\\\/schema\\\/person\\\/2814e8a0df7643585a9ca38bc6eb9d4b\",\"name\":\"Reda\u00e7\u00e3o Folha Popular\",\"image\":{\"@type\":\"ImageObject\",\"inLanguage\":\"pt-BR\",\"@id\":\"https:\\\/\\\/folhapopular.info\\\/wp-content\\\/uploads\\\/2026\\\/04\\\/Folha-1.webp\",\"url\":\"https:\\\/\\\/folhapopular.info\\\/wp-content\\\/uploads\\\/2026\\\/04\\\/Folha-1.webp\",\"contentUrl\":\"https:\\\/\\\/folhapopular.info\\\/wp-content\\\/uploads\\\/2026\\\/04\\\/Folha-1.webp\",\"caption\":\"Reda\u00e7\u00e3o Folha Popular\"},\"url\":\"https:\\\/\\\/folhapopular.info\\\/index.php\\\/author\\\/redacao\\\/\"}]}<\/script>\n<!-- \/ Yoast SEO plugin. -->","yoast_head_json":{"title":"Fandangos e extin\u00e7\u00e3o da Chama Crioula marcam o feriado no Acampamento Farroupilha de Teut\u00f4nia - Folha Popular","robots":{"index":"index","follow":"follow","max-snippet":"max-snippet:-1","max-image-preview":"max-image-preview:large","max-video-preview":"max-video-preview:-1"},"canonical":"https:\/\/folhapopular.info\/index.php\/2018\/09\/21\/fandangos-e-extincao-da-chama-crioula-marcam-o-feriado-no-acampamento-farroupilha-de-teutonia\/","og_locale":"pt_BR","og_type":"article","og_title":"Fandangos e extin\u00e7\u00e3o da Chama Crioula marcam o feriado no Acampamento Farroupilha de Teut\u00f4nia - Folha Popular","og_description":"Al\u00e9m do desfile na manh\u00e3 desta quinta-feira (20\/09), que reuniu mais de 700 participantes, outras atividades marcaram o feriado no Acampamento Farroupilha de\u00a0Teut\u00f4nia. Dentre as atra\u00e7\u00f5es, fandangos, apresenta\u00e7\u00f5es de invernadas e extin\u00e7\u00e3o da Chama Crioula. O p\u00fablico tamb\u00e9m aproveitou para conhecer e prestigiar os piquetes do Acampamento Farroupilha, tradicionalistas mant\u00eam vivos os costumes, saberes e [&hellip;]","og_url":"https:\/\/folhapopular.info\/index.php\/2018\/09\/21\/fandangos-e-extincao-da-chama-crioula-marcam-o-feriado-no-acampamento-farroupilha-de-teutonia\/","og_site_name":"Folha Popular","article_published_time":"2018-09-21T19:00:45+00:00","og_image":[{"width":800,"height":533,"url":"https:\/\/folhapopular.info\/wp-content\/uploads\/2018\/09\/Chama-Crioula-foi-extinta-no-final-da-tarde-desta-quinta-feira-e1537552168519.jpg","type":"image\/jpeg"}],"author":"Reda\u00e7\u00e3o Folha Popular","twitter_card":"summary_large_image","twitter_misc":{"Escrito por":"Reda\u00e7\u00e3o Folha Popular","Est. tempo de leitura":"3 minutos"},"schema":{"@context":"https:\/\/schema.org","@graph":[{"@type":"Article","@id":"https:\/\/folhapopular.info\/index.php\/2018\/09\/21\/fandangos-e-extincao-da-chama-crioula-marcam-o-feriado-no-acampamento-farroupilha-de-teutonia\/#article","isPartOf":{"@id":"https:\/\/folhapopular.info\/index.php\/2018\/09\/21\/fandangos-e-extincao-da-chama-crioula-marcam-o-feriado-no-acampamento-farroupilha-de-teutonia\/"},"author":{"name":"Reda\u00e7\u00e3o Folha Popular","@id":"https:\/\/folhapopular.info\/#\/schema\/person\/2814e8a0df7643585a9ca38bc6eb9d4b"},"headline":"Fandangos e extin\u00e7\u00e3o da Chama Crioula marcam o feriado no Acampamento Farroupilha de Teut\u00f4nia","datePublished":"2018-09-21T19:00:45+00:00","mainEntityOfPage":{"@id":"https:\/\/folhapopular.info\/index.php\/2018\/09\/21\/fandangos-e-extincao-da-chama-crioula-marcam-o-feriado-no-acampamento-farroupilha-de-teutonia\/"},"wordCount":573,"commentCount":0,"image":{"@id":"https:\/\/folhapopular.info\/index.php\/2018\/09\/21\/fandangos-e-extincao-da-chama-crioula-marcam-o-feriado-no-acampamento-farroupilha-de-teutonia\/#primaryimage"},"thumbnailUrl":"https:\/\/folhapopular.info\/wp-content\/uploads\/2018\/09\/Chama-Crioula-foi-extinta-no-final-da-tarde-desta-quinta-feira-e1537552168519.jpg","keywords":["20 de Setembro","Acampamento Farroupilha","Semana Farroupilha","Teut\u00f4nia"],"articleSection":["Destaques","Inclusive"],"inLanguage":"pt-BR","potentialAction":[{"@type":"CommentAction","name":"Comment","target":["https:\/\/folhapopular.info\/index.php\/2018\/09\/21\/fandangos-e-extincao-da-chama-crioula-marcam-o-feriado-no-acampamento-farroupilha-de-teutonia\/#respond"]}]},{"@type":"WebPage","@id":"https:\/\/folhapopular.info\/index.php\/2018\/09\/21\/fandangos-e-extincao-da-chama-crioula-marcam-o-feriado-no-acampamento-farroupilha-de-teutonia\/","url":"https:\/\/folhapopular.info\/index.php\/2018\/09\/21\/fandangos-e-extincao-da-chama-crioula-marcam-o-feriado-no-acampamento-farroupilha-de-teutonia\/","name":"Fandangos e extin\u00e7\u00e3o da Chama Crioula marcam o feriado no Acampamento Farroupilha de Teut\u00f4nia - Folha Popular","isPartOf":{"@id":"https:\/\/folhapopular.info\/#website"},"primaryImageOfPage":{"@id":"https:\/\/folhapopular.info\/index.php\/2018\/09\/21\/fandangos-e-extincao-da-chama-crioula-marcam-o-feriado-no-acampamento-farroupilha-de-teutonia\/#primaryimage"},"image":{"@id":"https:\/\/folhapopular.info\/index.php\/2018\/09\/21\/fandangos-e-extincao-da-chama-crioula-marcam-o-feriado-no-acampamento-farroupilha-de-teutonia\/#primaryimage"},"thumbnailUrl":"https:\/\/folhapopular.info\/wp-content\/uploads\/2018\/09\/Chama-Crioula-foi-extinta-no-final-da-tarde-desta-quinta-feira-e1537552168519.jpg","datePublished":"2018-09-21T19:00:45+00:00","author":{"@id":"https:\/\/folhapopular.info\/#\/schema\/person\/2814e8a0df7643585a9ca38bc6eb9d4b"},"breadcrumb":{"@id":"https:\/\/folhapopular.info\/index.php\/2018\/09\/21\/fandangos-e-extincao-da-chama-crioula-marcam-o-feriado-no-acampamento-farroupilha-de-teutonia\/#breadcrumb"},"inLanguage":"pt-BR","potentialAction":[{"@type":"ReadAction","target":["https:\/\/folhapopular.info\/index.php\/2018\/09\/21\/fandangos-e-extincao-da-chama-crioula-marcam-o-feriado-no-acampamento-farroupilha-de-teutonia\/"]}]},{"@type":"ImageObject","inLanguage":"pt-BR","@id":"https:\/\/folhapopular.info\/index.php\/2018\/09\/21\/fandangos-e-extincao-da-chama-crioula-marcam-o-feriado-no-acampamento-farroupilha-de-teutonia\/#primaryimage","url":"https:\/\/folhapopular.info\/wp-content\/uploads\/2018\/09\/Chama-Crioula-foi-extinta-no-final-da-tarde-desta-quinta-feira-e1537552168519.jpg","contentUrl":"https:\/\/folhapopular.info\/wp-content\/uploads\/2018\/09\/Chama-Crioula-foi-extinta-no-final-da-tarde-desta-quinta-feira-e1537552168519.jpg","width":800,"height":533,"caption":"Chama Crioula foi extinta no final da tarde desta quinta-feira\/Cr\u00e9dito da foto: \u00c9dson Lu\u00eds Schaeffer\/divulga\u00e7\u00e3o"},{"@type":"BreadcrumbList","@id":"https:\/\/folhapopular.info\/index.php\/2018\/09\/21\/fandangos-e-extincao-da-chama-crioula-marcam-o-feriado-no-acampamento-farroupilha-de-teutonia\/#breadcrumb","itemListElement":[{"@type":"ListItem","position":1,"name":"In\u00edcio","item":"https:\/\/folhapopular.info\/"},{"@type":"ListItem","position":2,"name":"Fandangos e extin\u00e7\u00e3o da Chama Crioula marcam o feriado no Acampamento Farroupilha de Teut\u00f4nia"}]},{"@type":"WebSite","@id":"https:\/\/folhapopular.info\/#website","url":"https:\/\/folhapopular.info\/","name":"Folha Popular","description":"Onde voc\u00ea tem vez e voz","potentialAction":[{"@type":"SearchAction","target":{"@type":"EntryPoint","urlTemplate":"https:\/\/folhapopular.info\/?s={search_term_string}"},"query-input":{"@type":"PropertyValueSpecification","valueRequired":true,"valueName":"search_term_string"}}],"inLanguage":"pt-BR"},{"@type":"Person","@id":"https:\/\/folhapopular.info\/#\/schema\/person\/2814e8a0df7643585a9ca38bc6eb9d4b","name":"Reda\u00e7\u00e3o Folha Popular","image":{"@type":"ImageObject","inLanguage":"pt-BR","@id":"https:\/\/folhapopular.info\/wp-content\/uploads\/2026\/04\/Folha-1.webp","url":"https:\/\/folhapopular.info\/wp-content\/uploads\/2026\/04\/Folha-1.webp","contentUrl":"https:\/\/folhapopular.info\/wp-content\/uploads\/2026\/04\/Folha-1.webp","caption":"Reda\u00e7\u00e3o Folha Popular"},"url":"https:\/\/folhapopular.info\/index.php\/author\/redacao\/"}]}},"jetpack_featured_media_url":"https:\/\/folhapopular.info\/wp-content\/uploads\/2018\/09\/Chama-Crioula-foi-extinta-no-final-da-tarde-desta-quinta-feira-e1537552168519.jpg","jetpack_sharing_enabled":true,"amp_enabled":true,"_links":{"self":[{"href":"https:\/\/folhapopular.info\/index.php\/wp-json\/wp\/v2\/posts\/48180","targetHints":{"allow":["GET"]}}],"collection":[{"href":"https:\/\/folhapopular.info\/index.php\/wp-json\/wp\/v2\/posts"}],"about":[{"href":"https:\/\/folhapopular.info\/index.php\/wp-json\/wp\/v2\/types\/post"}],"author":[{"embeddable":true,"href":"https:\/\/folhapopular.info\/index.php\/wp-json\/wp\/v2\/users\/8"}],"replies":[{"embeddable":true,"href":"https:\/\/folhapopular.info\/index.php\/wp-json\/wp\/v2\/comments?post=48180"}],"version-history":[{"count":0,"href":"https:\/\/folhapopular.info\/index.php\/wp-json\/wp\/v2\/posts\/48180\/revisions"}],"wp:featuredmedia":[{"embeddable":true,"href":"https:\/\/folhapopular.info\/index.php\/wp-json\/wp\/v2\/media\/48181"}],"wp:attachment":[{"href":"https:\/\/folhapopular.info\/index.php\/wp-json\/wp\/v2\/media?parent=48180"}],"wp:term":[{"taxonomy":"category","embeddable":true,"href":"https:\/\/folhapopular.info\/index.php\/wp-json\/wp\/v2\/categories?post=48180"},{"taxonomy":"post_tag","embeddable":true,"href":"https:\/\/folhapopular.info\/index.php\/wp-json\/wp\/v2\/tags?post=48180"}],"curies":[{"name":"wp","href":"https:\/\/api.w.org\/{rel}","templated":true}]}}