{"id":48266,"date":"2018-09-25T08:26:28","date_gmt":"2018-09-25T11:26:28","guid":{"rendered":"http:\/\/folhapopular.info\/?p=48266"},"modified":"2018-09-25T08:26:28","modified_gmt":"2018-09-25T11:26:28","slug":"menor-de-idade-capturado-por-trafico-de-drogas-em-lajeado","status":"publish","type":"post","link":"https:\/\/folhapopular.info\/index.php\/2018\/09\/25\/menor-de-idade-capturado-por-trafico-de-drogas-em-lajeado\/","title":{"rendered":"Menor de idade capturado por tr\u00e1fico de drogas em Lajeado"},"content":{"rendered":"<figure id=\"attachment_48267\" aria-describedby=\"caption-attachment-48267\" style=\"width: 225px\" class=\"wp-caption alignleft\"><img loading=\"lazy\" decoding=\"async\" class=\"size-medium wp-image-48267\" src=\"https:\/\/folhapopular.info\/wp-content\/uploads\/2018\/09\/WhatsApp-Image-2018-09-24-at-17.22.12-225x300.jpeg\" alt=\"\" width=\"225\" height=\"300\" srcset=\"https:\/\/folhapopular.info\/wp-content\/uploads\/2018\/09\/WhatsApp-Image-2018-09-24-at-17.22.12-225x300.jpeg 225w, https:\/\/folhapopular.info\/wp-content\/uploads\/2018\/09\/WhatsApp-Image-2018-09-24-at-17.22.12-768x1024.jpeg 768w, https:\/\/folhapopular.info\/wp-content\/uploads\/2018\/09\/WhatsApp-Image-2018-09-24-at-17.22.12-696x928.jpeg 696w, https:\/\/folhapopular.info\/wp-content\/uploads\/2018\/09\/WhatsApp-Image-2018-09-24-at-17.22.12-315x420.jpeg 315w, https:\/\/folhapopular.info\/wp-content\/uploads\/2018\/09\/WhatsApp-Image-2018-09-24-at-17.22.12.jpeg 960w\" sizes=\"auto, (max-width: 225px) 100vw, 225px\" \/><figcaption id=\"caption-attachment-48267\" class=\"wp-caption-text\">Jovem foi pego em flagrante durante tr\u00e1fico de drogas<\/figcaption><\/figure>\n<p>A Brigada Militar recebeu informa\u00e7\u00f5es de uma casa no Bairro Olarias, em Lajeado, que era usada para a venda de drogas. Os BMs se deslocaram at\u00e9 o local por volta das 11h30min desta segunda-feira (24\/09). Ao chegarem na resid\u00eancia, tr\u00eas indiv\u00edduos tentaram fugir pelos fundos da casa, que tem acesso a um matagal.<\/p>\n<p>Um dos indiv\u00edduos efetuou disparos contra os policiais, os quais reagiram. Outro jogou fora uma bolsa, mas foi capturado. Na bolsa foram encontradas 15 buchas de coca\u00edna, R$ 13,55 em moedas, material pra embalar a droga e uma balan\u00e7a de precis\u00e3o. O menor de idade foi apreendido, encaminhado \u00e0 UPA e posteriormente a DPPA de Lajeado.<\/p>\n","protected":false},"excerpt":{"rendered":"<p>A Brigada Militar recebeu informa\u00e7\u00f5es de uma casa no Bairro Olarias, em Lajeado, que era usada para a venda de drogas. Os BMs se deslocaram at\u00e9 o local por volta das 11h30min desta segunda-feira (24\/09). Ao chegarem na resid\u00eancia, tr\u00eas indiv\u00edduos tentaram fugir pelos fundos da casa, que tem acesso a um matagal. Um dos [&hellip;]<\/p>\n","protected":false},"author":8,"featured_media":48268,"comment_status":"open","ping_status":"open","sticky":false,"template":"","format":"standard","meta":{"pmpro_default_level":"","_jetpack_memberships_contains_paid_content":false,"footnotes":""},"categories":[3,7],"tags":[251,27,1535,752],"class_list":{"0":"post-48266","1":"post","2":"type-post","3":"status-publish","4":"format-standard","5":"has-post-thumbnail","7":"category-geral","8":"category-seguranca","9":"tag-brigada-militar","10":"tag-lajeado","11":"tag-menor-de-idade","12":"tag-trafico-de-drogas","13":"pmpro-has-access"},"yoast_head":"<!-- This site is optimized with the Yoast SEO plugin v27.5 - https:\/\/yoast.com\/product\/yoast-seo-wordpress\/ -->\n<title>Menor de idade capturado por tr\u00e1fico de drogas em Lajeado - Folha Popular<\/title>\n<meta name=\"robots\" content=\"index, follow, max-snippet:-1, max-image-preview:large, max-video-preview:-1\" \/>\n<link rel=\"canonical\" href=\"https:\/\/folhapopular.info\/index.php\/2018\/09\/25\/menor-de-idade-capturado-por-trafico-de-drogas-em-lajeado\/\" \/>\n<meta property=\"og:locale\" content=\"pt_BR\" \/>\n<meta property=\"og:type\" content=\"article\" \/>\n<meta property=\"og:title\" content=\"Menor de idade capturado por tr\u00e1fico de drogas em Lajeado - Folha Popular\" \/>\n<meta property=\"og:description\" content=\"A Brigada Militar recebeu informa\u00e7\u00f5es de uma casa no Bairro Olarias, em Lajeado, que era usada para a venda de drogas. Os BMs se deslocaram at\u00e9 o local por volta das 11h30min desta segunda-feira (24\/09). Ao chegarem na resid\u00eancia, tr\u00eas indiv\u00edduos tentaram fugir pelos fundos da casa, que tem acesso a um matagal. Um dos [&hellip;]\" \/>\n<meta property=\"og:url\" content=\"https:\/\/folhapopular.info\/index.php\/2018\/09\/25\/menor-de-idade-capturado-por-trafico-de-drogas-em-lajeado\/\" \/>\n<meta property=\"og:site_name\" content=\"Folha Popular\" \/>\n<meta property=\"article:published_time\" content=\"2018-09-25T11:26:28+00:00\" \/>\n<meta property=\"og:image\" content=\"https:\/\/folhapopular.info\/wp-content\/uploads\/2018\/09\/WhatsApp-Image-2018-09-24-at-17.22.14-1.jpeg\" \/>\n\t<meta property=\"og:image:width\" content=\"1280\" \/>\n\t<meta property=\"og:image:height\" content=\"960\" \/>\n\t<meta property=\"og:image:type\" content=\"image\/jpeg\" \/>\n<meta name=\"author\" content=\"Reda\u00e7\u00e3o Folha Popular\" \/>\n<meta name=\"twitter:card\" content=\"summary_large_image\" \/>\n<meta name=\"twitter:label1\" content=\"Escrito por\" \/>\n\t<meta name=\"twitter:data1\" content=\"Reda\u00e7\u00e3o Folha Popular\" \/>\n\t<meta name=\"twitter:label2\" content=\"Est. tempo de leitura\" \/>\n\t<meta name=\"twitter:data2\" content=\"1 minuto\" \/>\n<script type=\"application\/ld+json\" class=\"yoast-schema-graph\">{\"@context\":\"https:\\\/\\\/schema.org\",\"@graph\":[{\"@type\":\"Article\",\"@id\":\"https:\\\/\\\/folhapopular.info\\\/index.php\\\/2018\\\/09\\\/25\\\/menor-de-idade-capturado-por-trafico-de-drogas-em-lajeado\\\/#article\",\"isPartOf\":{\"@id\":\"https:\\\/\\\/folhapopular.info\\\/index.php\\\/2018\\\/09\\\/25\\\/menor-de-idade-capturado-por-trafico-de-drogas-em-lajeado\\\/\"},\"author\":{\"name\":\"Reda\u00e7\u00e3o Folha Popular\",\"@id\":\"https:\\\/\\\/folhapopular.info\\\/#\\\/schema\\\/person\\\/2814e8a0df7643585a9ca38bc6eb9d4b\"},\"headline\":\"Menor de idade capturado por tr\u00e1fico de drogas em Lajeado\",\"datePublished\":\"2018-09-25T11:26:28+00:00\",\"mainEntityOfPage\":{\"@id\":\"https:\\\/\\\/folhapopular.info\\\/index.php\\\/2018\\\/09\\\/25\\\/menor-de-idade-capturado-por-trafico-de-drogas-em-lajeado\\\/\"},\"wordCount\":142,\"commentCount\":0,\"image\":{\"@id\":\"https:\\\/\\\/folhapopular.info\\\/index.php\\\/2018\\\/09\\\/25\\\/menor-de-idade-capturado-por-trafico-de-drogas-em-lajeado\\\/#primaryimage\"},\"thumbnailUrl\":\"https:\\\/\\\/folhapopular.info\\\/wp-content\\\/uploads\\\/2018\\\/09\\\/WhatsApp-Image-2018-09-24-at-17.22.14-1.jpeg\",\"keywords\":[\"Brigada Militar\",\"Lajeado\",\"menor de idade\",\"tr\u00e1fico de drogas\"],\"articleSection\":[\"Geral\",\"Seguran\u00e7a\"],\"inLanguage\":\"pt-BR\",\"potentialAction\":[{\"@type\":\"CommentAction\",\"name\":\"Comment\",\"target\":[\"https:\\\/\\\/folhapopular.info\\\/index.php\\\/2018\\\/09\\\/25\\\/menor-de-idade-capturado-por-trafico-de-drogas-em-lajeado\\\/#respond\"]}]},{\"@type\":\"WebPage\",\"@id\":\"https:\\\/\\\/folhapopular.info\\\/index.php\\\/2018\\\/09\\\/25\\\/menor-de-idade-capturado-por-trafico-de-drogas-em-lajeado\\\/\",\"url\":\"https:\\\/\\\/folhapopular.info\\\/index.php\\\/2018\\\/09\\\/25\\\/menor-de-idade-capturado-por-trafico-de-drogas-em-lajeado\\\/\",\"name\":\"Menor de idade capturado por tr\u00e1fico de drogas em Lajeado - Folha Popular\",\"isPartOf\":{\"@id\":\"https:\\\/\\\/folhapopular.info\\\/#website\"},\"primaryImageOfPage\":{\"@id\":\"https:\\\/\\\/folhapopular.info\\\/index.php\\\/2018\\\/09\\\/25\\\/menor-de-idade-capturado-por-trafico-de-drogas-em-lajeado\\\/#primaryimage\"},\"image\":{\"@id\":\"https:\\\/\\\/folhapopular.info\\\/index.php\\\/2018\\\/09\\\/25\\\/menor-de-idade-capturado-por-trafico-de-drogas-em-lajeado\\\/#primaryimage\"},\"thumbnailUrl\":\"https:\\\/\\\/folhapopular.info\\\/wp-content\\\/uploads\\\/2018\\\/09\\\/WhatsApp-Image-2018-09-24-at-17.22.14-1.jpeg\",\"datePublished\":\"2018-09-25T11:26:28+00:00\",\"author\":{\"@id\":\"https:\\\/\\\/folhapopular.info\\\/#\\\/schema\\\/person\\\/2814e8a0df7643585a9ca38bc6eb9d4b\"},\"breadcrumb\":{\"@id\":\"https:\\\/\\\/folhapopular.info\\\/index.php\\\/2018\\\/09\\\/25\\\/menor-de-idade-capturado-por-trafico-de-drogas-em-lajeado\\\/#breadcrumb\"},\"inLanguage\":\"pt-BR\",\"potentialAction\":[{\"@type\":\"ReadAction\",\"target\":[\"https:\\\/\\\/folhapopular.info\\\/index.php\\\/2018\\\/09\\\/25\\\/menor-de-idade-capturado-por-trafico-de-drogas-em-lajeado\\\/\"]}]},{\"@type\":\"ImageObject\",\"inLanguage\":\"pt-BR\",\"@id\":\"https:\\\/\\\/folhapopular.info\\\/index.php\\\/2018\\\/09\\\/25\\\/menor-de-idade-capturado-por-trafico-de-drogas-em-lajeado\\\/#primaryimage\",\"url\":\"https:\\\/\\\/folhapopular.info\\\/wp-content\\\/uploads\\\/2018\\\/09\\\/WhatsApp-Image-2018-09-24-at-17.22.14-1.jpeg\",\"contentUrl\":\"https:\\\/\\\/folhapopular.info\\\/wp-content\\\/uploads\\\/2018\\\/09\\\/WhatsApp-Image-2018-09-24-at-17.22.14-1.jpeg\",\"width\":1280,\"height\":960,\"caption\":\"Materiais apreendidos com o indiv\u00edduo\"},{\"@type\":\"BreadcrumbList\",\"@id\":\"https:\\\/\\\/folhapopular.info\\\/index.php\\\/2018\\\/09\\\/25\\\/menor-de-idade-capturado-por-trafico-de-drogas-em-lajeado\\\/#breadcrumb\",\"itemListElement\":[{\"@type\":\"ListItem\",\"position\":1,\"name\":\"In\u00edcio\",\"item\":\"https:\\\/\\\/folhapopular.info\\\/\"},{\"@type\":\"ListItem\",\"position\":2,\"name\":\"Menor de idade capturado por tr\u00e1fico de drogas em Lajeado\"}]},{\"@type\":\"WebSite\",\"@id\":\"https:\\\/\\\/folhapopular.info\\\/#website\",\"url\":\"https:\\\/\\\/folhapopular.info\\\/\",\"name\":\"Folha Popular\",\"description\":\"Onde voc\u00ea tem vez e voz\",\"potentialAction\":[{\"@type\":\"SearchAction\",\"target\":{\"@type\":\"EntryPoint\",\"urlTemplate\":\"https:\\\/\\\/folhapopular.info\\\/?s={search_term_string}\"},\"query-input\":{\"@type\":\"PropertyValueSpecification\",\"valueRequired\":true,\"valueName\":\"search_term_string\"}}],\"inLanguage\":\"pt-BR\"},{\"@type\":\"Person\",\"@id\":\"https:\\\/\\\/folhapopular.info\\\/#\\\/schema\\\/person\\\/2814e8a0df7643585a9ca38bc6eb9d4b\",\"name\":\"Reda\u00e7\u00e3o Folha Popular\",\"image\":{\"@type\":\"ImageObject\",\"inLanguage\":\"pt-BR\",\"@id\":\"https:\\\/\\\/folhapopular.info\\\/wp-content\\\/uploads\\\/2026\\\/04\\\/Folha-1.webp\",\"url\":\"https:\\\/\\\/folhapopular.info\\\/wp-content\\\/uploads\\\/2026\\\/04\\\/Folha-1.webp\",\"contentUrl\":\"https:\\\/\\\/folhapopular.info\\\/wp-content\\\/uploads\\\/2026\\\/04\\\/Folha-1.webp\",\"caption\":\"Reda\u00e7\u00e3o Folha Popular\"},\"url\":\"https:\\\/\\\/folhapopular.info\\\/index.php\\\/author\\\/redacao\\\/\"}]}<\/script>\n<!-- \/ Yoast SEO plugin. -->","yoast_head_json":{"title":"Menor de idade capturado por tr\u00e1fico de drogas em Lajeado - Folha Popular","robots":{"index":"index","follow":"follow","max-snippet":"max-snippet:-1","max-image-preview":"max-image-preview:large","max-video-preview":"max-video-preview:-1"},"canonical":"https:\/\/folhapopular.info\/index.php\/2018\/09\/25\/menor-de-idade-capturado-por-trafico-de-drogas-em-lajeado\/","og_locale":"pt_BR","og_type":"article","og_title":"Menor de idade capturado por tr\u00e1fico de drogas em Lajeado - Folha Popular","og_description":"A Brigada Militar recebeu informa\u00e7\u00f5es de uma casa no Bairro Olarias, em Lajeado, que era usada para a venda de drogas. Os BMs se deslocaram at\u00e9 o local por volta das 11h30min desta segunda-feira (24\/09). Ao chegarem na resid\u00eancia, tr\u00eas indiv\u00edduos tentaram fugir pelos fundos da casa, que tem acesso a um matagal. Um dos [&hellip;]","og_url":"https:\/\/folhapopular.info\/index.php\/2018\/09\/25\/menor-de-idade-capturado-por-trafico-de-drogas-em-lajeado\/","og_site_name":"Folha Popular","article_published_time":"2018-09-25T11:26:28+00:00","og_image":[{"width":1280,"height":960,"url":"https:\/\/folhapopular.info\/wp-content\/uploads\/2018\/09\/WhatsApp-Image-2018-09-24-at-17.22.14-1.jpeg","type":"image\/jpeg"}],"author":"Reda\u00e7\u00e3o Folha Popular","twitter_card":"summary_large_image","twitter_misc":{"Escrito por":"Reda\u00e7\u00e3o Folha Popular","Est. tempo de leitura":"1 minuto"},"schema":{"@context":"https:\/\/schema.org","@graph":[{"@type":"Article","@id":"https:\/\/folhapopular.info\/index.php\/2018\/09\/25\/menor-de-idade-capturado-por-trafico-de-drogas-em-lajeado\/#article","isPartOf":{"@id":"https:\/\/folhapopular.info\/index.php\/2018\/09\/25\/menor-de-idade-capturado-por-trafico-de-drogas-em-lajeado\/"},"author":{"name":"Reda\u00e7\u00e3o Folha Popular","@id":"https:\/\/folhapopular.info\/#\/schema\/person\/2814e8a0df7643585a9ca38bc6eb9d4b"},"headline":"Menor de idade capturado por tr\u00e1fico de drogas em Lajeado","datePublished":"2018-09-25T11:26:28+00:00","mainEntityOfPage":{"@id":"https:\/\/folhapopular.info\/index.php\/2018\/09\/25\/menor-de-idade-capturado-por-trafico-de-drogas-em-lajeado\/"},"wordCount":142,"commentCount":0,"image":{"@id":"https:\/\/folhapopular.info\/index.php\/2018\/09\/25\/menor-de-idade-capturado-por-trafico-de-drogas-em-lajeado\/#primaryimage"},"thumbnailUrl":"https:\/\/folhapopular.info\/wp-content\/uploads\/2018\/09\/WhatsApp-Image-2018-09-24-at-17.22.14-1.jpeg","keywords":["Brigada Militar","Lajeado","menor de idade","tr\u00e1fico de drogas"],"articleSection":["Geral","Seguran\u00e7a"],"inLanguage":"pt-BR","potentialAction":[{"@type":"CommentAction","name":"Comment","target":["https:\/\/folhapopular.info\/index.php\/2018\/09\/25\/menor-de-idade-capturado-por-trafico-de-drogas-em-lajeado\/#respond"]}]},{"@type":"WebPage","@id":"https:\/\/folhapopular.info\/index.php\/2018\/09\/25\/menor-de-idade-capturado-por-trafico-de-drogas-em-lajeado\/","url":"https:\/\/folhapopular.info\/index.php\/2018\/09\/25\/menor-de-idade-capturado-por-trafico-de-drogas-em-lajeado\/","name":"Menor de idade capturado por tr\u00e1fico de drogas em Lajeado - Folha Popular","isPartOf":{"@id":"https:\/\/folhapopular.info\/#website"},"primaryImageOfPage":{"@id":"https:\/\/folhapopular.info\/index.php\/2018\/09\/25\/menor-de-idade-capturado-por-trafico-de-drogas-em-lajeado\/#primaryimage"},"image":{"@id":"https:\/\/folhapopular.info\/index.php\/2018\/09\/25\/menor-de-idade-capturado-por-trafico-de-drogas-em-lajeado\/#primaryimage"},"thumbnailUrl":"https:\/\/folhapopular.info\/wp-content\/uploads\/2018\/09\/WhatsApp-Image-2018-09-24-at-17.22.14-1.jpeg","datePublished":"2018-09-25T11:26:28+00:00","author":{"@id":"https:\/\/folhapopular.info\/#\/schema\/person\/2814e8a0df7643585a9ca38bc6eb9d4b"},"breadcrumb":{"@id":"https:\/\/folhapopular.info\/index.php\/2018\/09\/25\/menor-de-idade-capturado-por-trafico-de-drogas-em-lajeado\/#breadcrumb"},"inLanguage":"pt-BR","potentialAction":[{"@type":"ReadAction","target":["https:\/\/folhapopular.info\/index.php\/2018\/09\/25\/menor-de-idade-capturado-por-trafico-de-drogas-em-lajeado\/"]}]},{"@type":"ImageObject","inLanguage":"pt-BR","@id":"https:\/\/folhapopular.info\/index.php\/2018\/09\/25\/menor-de-idade-capturado-por-trafico-de-drogas-em-lajeado\/#primaryimage","url":"https:\/\/folhapopular.info\/wp-content\/uploads\/2018\/09\/WhatsApp-Image-2018-09-24-at-17.22.14-1.jpeg","contentUrl":"https:\/\/folhapopular.info\/wp-content\/uploads\/2018\/09\/WhatsApp-Image-2018-09-24-at-17.22.14-1.jpeg","width":1280,"height":960,"caption":"Materiais apreendidos com o indiv\u00edduo"},{"@type":"BreadcrumbList","@id":"https:\/\/folhapopular.info\/index.php\/2018\/09\/25\/menor-de-idade-capturado-por-trafico-de-drogas-em-lajeado\/#breadcrumb","itemListElement":[{"@type":"ListItem","position":1,"name":"In\u00edcio","item":"https:\/\/folhapopular.info\/"},{"@type":"ListItem","position":2,"name":"Menor de idade capturado por tr\u00e1fico de drogas em Lajeado"}]},{"@type":"WebSite","@id":"https:\/\/folhapopular.info\/#website","url":"https:\/\/folhapopular.info\/","name":"Folha Popular","description":"Onde voc\u00ea tem vez e voz","potentialAction":[{"@type":"SearchAction","target":{"@type":"EntryPoint","urlTemplate":"https:\/\/folhapopular.info\/?s={search_term_string}"},"query-input":{"@type":"PropertyValueSpecification","valueRequired":true,"valueName":"search_term_string"}}],"inLanguage":"pt-BR"},{"@type":"Person","@id":"https:\/\/folhapopular.info\/#\/schema\/person\/2814e8a0df7643585a9ca38bc6eb9d4b","name":"Reda\u00e7\u00e3o Folha Popular","image":{"@type":"ImageObject","inLanguage":"pt-BR","@id":"https:\/\/folhapopular.info\/wp-content\/uploads\/2026\/04\/Folha-1.webp","url":"https:\/\/folhapopular.info\/wp-content\/uploads\/2026\/04\/Folha-1.webp","contentUrl":"https:\/\/folhapopular.info\/wp-content\/uploads\/2026\/04\/Folha-1.webp","caption":"Reda\u00e7\u00e3o Folha Popular"},"url":"https:\/\/folhapopular.info\/index.php\/author\/redacao\/"}]}},"jetpack_featured_media_url":"https:\/\/folhapopular.info\/wp-content\/uploads\/2018\/09\/WhatsApp-Image-2018-09-24-at-17.22.14-1.jpeg","jetpack_sharing_enabled":true,"amp_enabled":true,"_links":{"self":[{"href":"https:\/\/folhapopular.info\/index.php\/wp-json\/wp\/v2\/posts\/48266","targetHints":{"allow":["GET"]}}],"collection":[{"href":"https:\/\/folhapopular.info\/index.php\/wp-json\/wp\/v2\/posts"}],"about":[{"href":"https:\/\/folhapopular.info\/index.php\/wp-json\/wp\/v2\/types\/post"}],"author":[{"embeddable":true,"href":"https:\/\/folhapopular.info\/index.php\/wp-json\/wp\/v2\/users\/8"}],"replies":[{"embeddable":true,"href":"https:\/\/folhapopular.info\/index.php\/wp-json\/wp\/v2\/comments?post=48266"}],"version-history":[{"count":0,"href":"https:\/\/folhapopular.info\/index.php\/wp-json\/wp\/v2\/posts\/48266\/revisions"}],"wp:featuredmedia":[{"embeddable":true,"href":"https:\/\/folhapopular.info\/index.php\/wp-json\/wp\/v2\/media\/48268"}],"wp:attachment":[{"href":"https:\/\/folhapopular.info\/index.php\/wp-json\/wp\/v2\/media?parent=48266"}],"wp:term":[{"taxonomy":"category","embeddable":true,"href":"https:\/\/folhapopular.info\/index.php\/wp-json\/wp\/v2\/categories?post=48266"},{"taxonomy":"post_tag","embeddable":true,"href":"https:\/\/folhapopular.info\/index.php\/wp-json\/wp\/v2\/tags?post=48266"}],"curies":[{"name":"wp","href":"https:\/\/api.w.org\/{rel}","templated":true}]}}