{"id":48515,"date":"2018-10-03T12:00:17","date_gmt":"2018-10-03T15:00:17","guid":{"rendered":"http:\/\/folhapopular.info\/?p=48515"},"modified":"2018-10-03T09:29:48","modified_gmt":"2018-10-03T12:29:48","slug":"passeio-ciclistico-do-dia-das-criancas-ocorrera-dia-12-de-outubro-em-teutonia","status":"publish","type":"post","link":"https:\/\/folhapopular.info\/index.php\/2018\/10\/03\/passeio-ciclistico-do-dia-das-criancas-ocorrera-dia-12-de-outubro-em-teutonia\/","title":{"rendered":"Passeio Cicl\u00edstico do Dia das Crian\u00e7as ocorrer\u00e1 dia 12 de outubro em Teut\u00f4nia"},"content":{"rendered":"<p>No dia 12 de outubro, as bicicletas invadir\u00e3o as principais ruas de\u00a0Teut\u00f4nia. \u00c9 a 8\u00aa edi\u00e7\u00e3o do Passeio Cicl\u00edstico do Dia das Crian\u00e7as, organizado pelo grupo Bruxos da Bike, com apoio da Prefeitura de\u00a0Teut\u00f4nia. O evento inicia \u00e0s 8h30min, com sa\u00edda em frente ao Col\u00e9gio\u00a0Teut\u00f4nia, seguindo pelos tr\u00eas principais bairros e retornando at\u00e9 o Centro Administrativo.<\/p>\n<p>O objetivo do evento \u00e9 estimular o uso da bicicleta como meio de transporte e de lazer. Al\u00e9m de promover a sa\u00fade e entretenimento, o uso da bicicleta diminui a emiss\u00e3o de gases poluentes e \u00e9 um dos meios vi\u00e1veis de mobilidade urbana.<\/p>\n<p>O roteiro do 8\u00ba Passeio Cicl\u00edstico ser\u00e1 o seguinte: sa\u00edda \u00e0s 8h30min, saindo em frente ao Col\u00e9gio\u00a0Teut\u00f4nia, seguindo pelas ruas Asido Dreyer, D\u00e9cio B\u00f6hmer, Daltro Filho (Estrada da V\u00e1rzea), Erno Dahmer, Senhor dos Passos, Guilherme Brust, Ewaldo Hilgemann, Fernando Ferrari, Avenida 1 Leste, Leopoldo Schneider,\u00a0\u00a0Dom Pedro II (at\u00e9 o Ieceg), Ewaldo Schaeffer, Carlos Arnt, Leopoldo Schneider, Avenida 1 Leste, at\u00e9 chegar no Pavilh\u00e3o Multiuso, no Bairro Centro Administrativo.<\/p>\n<p>Haver\u00e1 trof\u00e9u para os participantes mais jovens (masculino e feminino) e mais idosos (masculino e feminino). Todos os participantes receber\u00e3o medalha de participa\u00e7\u00e3o e concorrer\u00e3o a sorteio de brindes. A programa\u00e7\u00e3o segue durante o dia, com brinquedos e apresenta\u00e7\u00f5es art\u00edsticas e culturais.<\/p>\n<p>As inscri\u00e7\u00f5es s\u00e3o gratuitas e podem ser feitas nos seguintes locais: Flach Bicicletas (Bairro Languiru), Ieceg\/CNEC\u00a0Teut\u00f4nia\u00a0(Bairro Canabarro), EMEF 24 de Maio (Bairro Canabarro), EMEF Professor Teobaldo Closs (Bairro Canabarro), EMEF Professor Guilherme Sommer (Vila Popular), EMEF Alfredo Schneider (Bairro\u00a0Teut\u00f4nia) e EMEF Leopoldo Klepker (Bairro Alesgut).<\/p>\n<p>Na manh\u00e3 desta segunda-feira (1\u00ba\/10), representantes do grupo Bruxos da Bike estiveram visitando o prefeito, Jonatan Br\u00f6nstrup. Na oportunidade, Marcelo Luersen e Jaime Luis Flach ajustaram detalhes do evento, bem como entregaram as placas de identifica\u00e7\u00e3o das bicicletas ao prefeito e ao secret\u00e1rio de Educa\u00e7\u00e3o, Paulo Brust. Luersen e Flach ainda apresentaram sugest\u00f5es ao Executivo, com o prop\u00f3sito de estimular o uso da bicicleta, dentre elas, a instala\u00e7\u00e3o de biciclet\u00e1rios em pontos estrat\u00e9gicos do munic\u00edpio.<\/p>\n","protected":false},"excerpt":{"rendered":"<p>No dia 12 de outubro, as bicicletas invadir\u00e3o as principais ruas de\u00a0Teut\u00f4nia. \u00c9 a 8\u00aa edi\u00e7\u00e3o do Passeio Cicl\u00edstico do Dia das Crian\u00e7as, organizado pelo grupo Bruxos da Bike, com apoio da Prefeitura de\u00a0Teut\u00f4nia. O evento inicia \u00e0s 8h30min, com sa\u00edda em frente ao Col\u00e9gio\u00a0Teut\u00f4nia, seguindo pelos tr\u00eas principais bairros e retornando at\u00e9 o Centro [&hellip;]<\/p>\n","protected":false},"author":8,"featured_media":48516,"comment_status":"open","ping_status":"open","sticky":false,"template":"","format":"standard","meta":{"pmpro_default_level":"","_jetpack_memberships_contains_paid_content":false,"footnotes":""},"categories":[3],"tags":[1669,1119,1120,26],"class_list":{"0":"post-48515","1":"post","2":"type-post","3":"status-publish","4":"format-standard","5":"has-post-thumbnail","7":"category-geral","8":"tag-ciclismo","9":"tag-dia-das-criancas","10":"tag-passeio-ciclistico","11":"tag-teutonia","12":"pmpro-has-access"},"yoast_head":"<!-- This site is optimized with the Yoast SEO plugin v27.5 - https:\/\/yoast.com\/product\/yoast-seo-wordpress\/ -->\n<title>Passeio Cicl\u00edstico do Dia das Crian\u00e7as ocorrer\u00e1 dia 12 de outubro em Teut\u00f4nia - Folha Popular<\/title>\n<meta name=\"robots\" content=\"index, follow, max-snippet:-1, max-image-preview:large, max-video-preview:-1\" \/>\n<link rel=\"canonical\" href=\"https:\/\/folhapopular.info\/index.php\/2018\/10\/03\/passeio-ciclistico-do-dia-das-criancas-ocorrera-dia-12-de-outubro-em-teutonia\/\" \/>\n<meta property=\"og:locale\" content=\"pt_BR\" \/>\n<meta property=\"og:type\" content=\"article\" \/>\n<meta property=\"og:title\" content=\"Passeio Cicl\u00edstico do Dia das Crian\u00e7as ocorrer\u00e1 dia 12 de outubro em Teut\u00f4nia - Folha Popular\" \/>\n<meta property=\"og:description\" content=\"No dia 12 de outubro, as bicicletas invadir\u00e3o as principais ruas de\u00a0Teut\u00f4nia. \u00c9 a 8\u00aa edi\u00e7\u00e3o do Passeio Cicl\u00edstico do Dia das Crian\u00e7as, organizado pelo grupo Bruxos da Bike, com apoio da Prefeitura de\u00a0Teut\u00f4nia. O evento inicia \u00e0s 8h30min, com sa\u00edda em frente ao Col\u00e9gio\u00a0Teut\u00f4nia, seguindo pelos tr\u00eas principais bairros e retornando at\u00e9 o Centro [&hellip;]\" \/>\n<meta property=\"og:url\" content=\"https:\/\/folhapopular.info\/index.php\/2018\/10\/03\/passeio-ciclistico-do-dia-das-criancas-ocorrera-dia-12-de-outubro-em-teutonia\/\" \/>\n<meta property=\"og:site_name\" content=\"Folha Popular\" \/>\n<meta property=\"article:published_time\" content=\"2018-10-03T15:00:17+00:00\" \/>\n<meta property=\"og:image\" content=\"https:\/\/folhapopular.info\/wp-content\/uploads\/2018\/10\/Passeio-Cicl\u00edstico-visa-incentivar-o-uso-da-bicicleta-e1538569777938.jpg\" \/>\n\t<meta property=\"og:image:width\" content=\"800\" \/>\n\t<meta property=\"og:image:height\" content=\"600\" \/>\n\t<meta property=\"og:image:type\" content=\"image\/jpeg\" \/>\n<meta name=\"author\" content=\"Reda\u00e7\u00e3o Folha Popular\" \/>\n<meta name=\"twitter:card\" content=\"summary_large_image\" \/>\n<meta name=\"twitter:label1\" content=\"Escrito por\" \/>\n\t<meta name=\"twitter:data1\" content=\"Reda\u00e7\u00e3o Folha Popular\" \/>\n\t<meta name=\"twitter:label2\" content=\"Est. tempo de leitura\" \/>\n\t<meta name=\"twitter:data2\" content=\"2 minutos\" \/>\n<script type=\"application\/ld+json\" class=\"yoast-schema-graph\">{\"@context\":\"https:\\\/\\\/schema.org\",\"@graph\":[{\"@type\":\"Article\",\"@id\":\"https:\\\/\\\/folhapopular.info\\\/index.php\\\/2018\\\/10\\\/03\\\/passeio-ciclistico-do-dia-das-criancas-ocorrera-dia-12-de-outubro-em-teutonia\\\/#article\",\"isPartOf\":{\"@id\":\"https:\\\/\\\/folhapopular.info\\\/index.php\\\/2018\\\/10\\\/03\\\/passeio-ciclistico-do-dia-das-criancas-ocorrera-dia-12-de-outubro-em-teutonia\\\/\"},\"author\":{\"name\":\"Reda\u00e7\u00e3o Folha Popular\",\"@id\":\"https:\\\/\\\/folhapopular.info\\\/#\\\/schema\\\/person\\\/2814e8a0df7643585a9ca38bc6eb9d4b\"},\"headline\":\"Passeio Cicl\u00edstico do Dia das Crian\u00e7as ocorrer\u00e1 dia 12 de outubro em Teut\u00f4nia\",\"datePublished\":\"2018-10-03T15:00:17+00:00\",\"mainEntityOfPage\":{\"@id\":\"https:\\\/\\\/folhapopular.info\\\/index.php\\\/2018\\\/10\\\/03\\\/passeio-ciclistico-do-dia-das-criancas-ocorrera-dia-12-de-outubro-em-teutonia\\\/\"},\"wordCount\":388,\"commentCount\":0,\"image\":{\"@id\":\"https:\\\/\\\/folhapopular.info\\\/index.php\\\/2018\\\/10\\\/03\\\/passeio-ciclistico-do-dia-das-criancas-ocorrera-dia-12-de-outubro-em-teutonia\\\/#primaryimage\"},\"thumbnailUrl\":\"https:\\\/\\\/folhapopular.info\\\/wp-content\\\/uploads\\\/2018\\\/10\\\/Passeio-Cicl\u00edstico-visa-incentivar-o-uso-da-bicicleta-e1538569777938.jpg\",\"keywords\":[\"Ciclismo\",\"Dia das Crian\u00e7as\",\"Passeio Ciclistico\",\"Teut\u00f4nia\"],\"articleSection\":[\"Geral\"],\"inLanguage\":\"pt-BR\",\"potentialAction\":[{\"@type\":\"CommentAction\",\"name\":\"Comment\",\"target\":[\"https:\\\/\\\/folhapopular.info\\\/index.php\\\/2018\\\/10\\\/03\\\/passeio-ciclistico-do-dia-das-criancas-ocorrera-dia-12-de-outubro-em-teutonia\\\/#respond\"]}]},{\"@type\":\"WebPage\",\"@id\":\"https:\\\/\\\/folhapopular.info\\\/index.php\\\/2018\\\/10\\\/03\\\/passeio-ciclistico-do-dia-das-criancas-ocorrera-dia-12-de-outubro-em-teutonia\\\/\",\"url\":\"https:\\\/\\\/folhapopular.info\\\/index.php\\\/2018\\\/10\\\/03\\\/passeio-ciclistico-do-dia-das-criancas-ocorrera-dia-12-de-outubro-em-teutonia\\\/\",\"name\":\"Passeio Cicl\u00edstico do Dia das Crian\u00e7as ocorrer\u00e1 dia 12 de outubro em Teut\u00f4nia - Folha Popular\",\"isPartOf\":{\"@id\":\"https:\\\/\\\/folhapopular.info\\\/#website\"},\"primaryImageOfPage\":{\"@id\":\"https:\\\/\\\/folhapopular.info\\\/index.php\\\/2018\\\/10\\\/03\\\/passeio-ciclistico-do-dia-das-criancas-ocorrera-dia-12-de-outubro-em-teutonia\\\/#primaryimage\"},\"image\":{\"@id\":\"https:\\\/\\\/folhapopular.info\\\/index.php\\\/2018\\\/10\\\/03\\\/passeio-ciclistico-do-dia-das-criancas-ocorrera-dia-12-de-outubro-em-teutonia\\\/#primaryimage\"},\"thumbnailUrl\":\"https:\\\/\\\/folhapopular.info\\\/wp-content\\\/uploads\\\/2018\\\/10\\\/Passeio-Cicl\u00edstico-visa-incentivar-o-uso-da-bicicleta-e1538569777938.jpg\",\"datePublished\":\"2018-10-03T15:00:17+00:00\",\"author\":{\"@id\":\"https:\\\/\\\/folhapopular.info\\\/#\\\/schema\\\/person\\\/2814e8a0df7643585a9ca38bc6eb9d4b\"},\"breadcrumb\":{\"@id\":\"https:\\\/\\\/folhapopular.info\\\/index.php\\\/2018\\\/10\\\/03\\\/passeio-ciclistico-do-dia-das-criancas-ocorrera-dia-12-de-outubro-em-teutonia\\\/#breadcrumb\"},\"inLanguage\":\"pt-BR\",\"potentialAction\":[{\"@type\":\"ReadAction\",\"target\":[\"https:\\\/\\\/folhapopular.info\\\/index.php\\\/2018\\\/10\\\/03\\\/passeio-ciclistico-do-dia-das-criancas-ocorrera-dia-12-de-outubro-em-teutonia\\\/\"]}]},{\"@type\":\"ImageObject\",\"inLanguage\":\"pt-BR\",\"@id\":\"https:\\\/\\\/folhapopular.info\\\/index.php\\\/2018\\\/10\\\/03\\\/passeio-ciclistico-do-dia-das-criancas-ocorrera-dia-12-de-outubro-em-teutonia\\\/#primaryimage\",\"url\":\"https:\\\/\\\/folhapopular.info\\\/wp-content\\\/uploads\\\/2018\\\/10\\\/Passeio-Cicl\u00edstico-visa-incentivar-o-uso-da-bicicleta-e1538569777938.jpg\",\"contentUrl\":\"https:\\\/\\\/folhapopular.info\\\/wp-content\\\/uploads\\\/2018\\\/10\\\/Passeio-Cicl\u00edstico-visa-incentivar-o-uso-da-bicicleta-e1538569777938.jpg\",\"width\":800,\"height\":600,\"caption\":\"Passeio Cicl\u00edstico visa incentivar o uso da bicicleta\\\/Cr\u00e9dito da foto: Matheus Prates\\\/arquivo\\\/divulga\u00e7\u00e3o\"},{\"@type\":\"BreadcrumbList\",\"@id\":\"https:\\\/\\\/folhapopular.info\\\/index.php\\\/2018\\\/10\\\/03\\\/passeio-ciclistico-do-dia-das-criancas-ocorrera-dia-12-de-outubro-em-teutonia\\\/#breadcrumb\",\"itemListElement\":[{\"@type\":\"ListItem\",\"position\":1,\"name\":\"In\u00edcio\",\"item\":\"https:\\\/\\\/folhapopular.info\\\/\"},{\"@type\":\"ListItem\",\"position\":2,\"name\":\"Passeio Cicl\u00edstico do Dia das Crian\u00e7as ocorrer\u00e1 dia 12 de outubro em Teut\u00f4nia\"}]},{\"@type\":\"WebSite\",\"@id\":\"https:\\\/\\\/folhapopular.info\\\/#website\",\"url\":\"https:\\\/\\\/folhapopular.info\\\/\",\"name\":\"Folha Popular\",\"description\":\"Onde voc\u00ea tem vez e voz\",\"potentialAction\":[{\"@type\":\"SearchAction\",\"target\":{\"@type\":\"EntryPoint\",\"urlTemplate\":\"https:\\\/\\\/folhapopular.info\\\/?s={search_term_string}\"},\"query-input\":{\"@type\":\"PropertyValueSpecification\",\"valueRequired\":true,\"valueName\":\"search_term_string\"}}],\"inLanguage\":\"pt-BR\"},{\"@type\":\"Person\",\"@id\":\"https:\\\/\\\/folhapopular.info\\\/#\\\/schema\\\/person\\\/2814e8a0df7643585a9ca38bc6eb9d4b\",\"name\":\"Reda\u00e7\u00e3o Folha Popular\",\"image\":{\"@type\":\"ImageObject\",\"inLanguage\":\"pt-BR\",\"@id\":\"https:\\\/\\\/folhapopular.info\\\/wp-content\\\/uploads\\\/2026\\\/04\\\/Folha-1.webp\",\"url\":\"https:\\\/\\\/folhapopular.info\\\/wp-content\\\/uploads\\\/2026\\\/04\\\/Folha-1.webp\",\"contentUrl\":\"https:\\\/\\\/folhapopular.info\\\/wp-content\\\/uploads\\\/2026\\\/04\\\/Folha-1.webp\",\"caption\":\"Reda\u00e7\u00e3o Folha Popular\"},\"url\":\"https:\\\/\\\/folhapopular.info\\\/index.php\\\/author\\\/redacao\\\/\"}]}<\/script>\n<!-- \/ Yoast SEO plugin. -->","yoast_head_json":{"title":"Passeio Cicl\u00edstico do Dia das Crian\u00e7as ocorrer\u00e1 dia 12 de outubro em Teut\u00f4nia - Folha Popular","robots":{"index":"index","follow":"follow","max-snippet":"max-snippet:-1","max-image-preview":"max-image-preview:large","max-video-preview":"max-video-preview:-1"},"canonical":"https:\/\/folhapopular.info\/index.php\/2018\/10\/03\/passeio-ciclistico-do-dia-das-criancas-ocorrera-dia-12-de-outubro-em-teutonia\/","og_locale":"pt_BR","og_type":"article","og_title":"Passeio Cicl\u00edstico do Dia das Crian\u00e7as ocorrer\u00e1 dia 12 de outubro em Teut\u00f4nia - Folha Popular","og_description":"No dia 12 de outubro, as bicicletas invadir\u00e3o as principais ruas de\u00a0Teut\u00f4nia. \u00c9 a 8\u00aa edi\u00e7\u00e3o do Passeio Cicl\u00edstico do Dia das Crian\u00e7as, organizado pelo grupo Bruxos da Bike, com apoio da Prefeitura de\u00a0Teut\u00f4nia. O evento inicia \u00e0s 8h30min, com sa\u00edda em frente ao Col\u00e9gio\u00a0Teut\u00f4nia, seguindo pelos tr\u00eas principais bairros e retornando at\u00e9 o Centro [&hellip;]","og_url":"https:\/\/folhapopular.info\/index.php\/2018\/10\/03\/passeio-ciclistico-do-dia-das-criancas-ocorrera-dia-12-de-outubro-em-teutonia\/","og_site_name":"Folha Popular","article_published_time":"2018-10-03T15:00:17+00:00","og_image":[{"width":800,"height":600,"url":"https:\/\/folhapopular.info\/wp-content\/uploads\/2018\/10\/Passeio-Cicl\u00edstico-visa-incentivar-o-uso-da-bicicleta-e1538569777938.jpg","type":"image\/jpeg"}],"author":"Reda\u00e7\u00e3o Folha Popular","twitter_card":"summary_large_image","twitter_misc":{"Escrito por":"Reda\u00e7\u00e3o Folha Popular","Est. tempo de leitura":"2 minutos"},"schema":{"@context":"https:\/\/schema.org","@graph":[{"@type":"Article","@id":"https:\/\/folhapopular.info\/index.php\/2018\/10\/03\/passeio-ciclistico-do-dia-das-criancas-ocorrera-dia-12-de-outubro-em-teutonia\/#article","isPartOf":{"@id":"https:\/\/folhapopular.info\/index.php\/2018\/10\/03\/passeio-ciclistico-do-dia-das-criancas-ocorrera-dia-12-de-outubro-em-teutonia\/"},"author":{"name":"Reda\u00e7\u00e3o Folha Popular","@id":"https:\/\/folhapopular.info\/#\/schema\/person\/2814e8a0df7643585a9ca38bc6eb9d4b"},"headline":"Passeio Cicl\u00edstico do Dia das Crian\u00e7as ocorrer\u00e1 dia 12 de outubro em Teut\u00f4nia","datePublished":"2018-10-03T15:00:17+00:00","mainEntityOfPage":{"@id":"https:\/\/folhapopular.info\/index.php\/2018\/10\/03\/passeio-ciclistico-do-dia-das-criancas-ocorrera-dia-12-de-outubro-em-teutonia\/"},"wordCount":388,"commentCount":0,"image":{"@id":"https:\/\/folhapopular.info\/index.php\/2018\/10\/03\/passeio-ciclistico-do-dia-das-criancas-ocorrera-dia-12-de-outubro-em-teutonia\/#primaryimage"},"thumbnailUrl":"https:\/\/folhapopular.info\/wp-content\/uploads\/2018\/10\/Passeio-Cicl\u00edstico-visa-incentivar-o-uso-da-bicicleta-e1538569777938.jpg","keywords":["Ciclismo","Dia das Crian\u00e7as","Passeio Ciclistico","Teut\u00f4nia"],"articleSection":["Geral"],"inLanguage":"pt-BR","potentialAction":[{"@type":"CommentAction","name":"Comment","target":["https:\/\/folhapopular.info\/index.php\/2018\/10\/03\/passeio-ciclistico-do-dia-das-criancas-ocorrera-dia-12-de-outubro-em-teutonia\/#respond"]}]},{"@type":"WebPage","@id":"https:\/\/folhapopular.info\/index.php\/2018\/10\/03\/passeio-ciclistico-do-dia-das-criancas-ocorrera-dia-12-de-outubro-em-teutonia\/","url":"https:\/\/folhapopular.info\/index.php\/2018\/10\/03\/passeio-ciclistico-do-dia-das-criancas-ocorrera-dia-12-de-outubro-em-teutonia\/","name":"Passeio Cicl\u00edstico do Dia das Crian\u00e7as ocorrer\u00e1 dia 12 de outubro em Teut\u00f4nia - Folha Popular","isPartOf":{"@id":"https:\/\/folhapopular.info\/#website"},"primaryImageOfPage":{"@id":"https:\/\/folhapopular.info\/index.php\/2018\/10\/03\/passeio-ciclistico-do-dia-das-criancas-ocorrera-dia-12-de-outubro-em-teutonia\/#primaryimage"},"image":{"@id":"https:\/\/folhapopular.info\/index.php\/2018\/10\/03\/passeio-ciclistico-do-dia-das-criancas-ocorrera-dia-12-de-outubro-em-teutonia\/#primaryimage"},"thumbnailUrl":"https:\/\/folhapopular.info\/wp-content\/uploads\/2018\/10\/Passeio-Cicl\u00edstico-visa-incentivar-o-uso-da-bicicleta-e1538569777938.jpg","datePublished":"2018-10-03T15:00:17+00:00","author":{"@id":"https:\/\/folhapopular.info\/#\/schema\/person\/2814e8a0df7643585a9ca38bc6eb9d4b"},"breadcrumb":{"@id":"https:\/\/folhapopular.info\/index.php\/2018\/10\/03\/passeio-ciclistico-do-dia-das-criancas-ocorrera-dia-12-de-outubro-em-teutonia\/#breadcrumb"},"inLanguage":"pt-BR","potentialAction":[{"@type":"ReadAction","target":["https:\/\/folhapopular.info\/index.php\/2018\/10\/03\/passeio-ciclistico-do-dia-das-criancas-ocorrera-dia-12-de-outubro-em-teutonia\/"]}]},{"@type":"ImageObject","inLanguage":"pt-BR","@id":"https:\/\/folhapopular.info\/index.php\/2018\/10\/03\/passeio-ciclistico-do-dia-das-criancas-ocorrera-dia-12-de-outubro-em-teutonia\/#primaryimage","url":"https:\/\/folhapopular.info\/wp-content\/uploads\/2018\/10\/Passeio-Cicl\u00edstico-visa-incentivar-o-uso-da-bicicleta-e1538569777938.jpg","contentUrl":"https:\/\/folhapopular.info\/wp-content\/uploads\/2018\/10\/Passeio-Cicl\u00edstico-visa-incentivar-o-uso-da-bicicleta-e1538569777938.jpg","width":800,"height":600,"caption":"Passeio Cicl\u00edstico visa incentivar o uso da bicicleta\/Cr\u00e9dito da foto: Matheus Prates\/arquivo\/divulga\u00e7\u00e3o"},{"@type":"BreadcrumbList","@id":"https:\/\/folhapopular.info\/index.php\/2018\/10\/03\/passeio-ciclistico-do-dia-das-criancas-ocorrera-dia-12-de-outubro-em-teutonia\/#breadcrumb","itemListElement":[{"@type":"ListItem","position":1,"name":"In\u00edcio","item":"https:\/\/folhapopular.info\/"},{"@type":"ListItem","position":2,"name":"Passeio Cicl\u00edstico do Dia das Crian\u00e7as ocorrer\u00e1 dia 12 de outubro em Teut\u00f4nia"}]},{"@type":"WebSite","@id":"https:\/\/folhapopular.info\/#website","url":"https:\/\/folhapopular.info\/","name":"Folha Popular","description":"Onde voc\u00ea tem vez e voz","potentialAction":[{"@type":"SearchAction","target":{"@type":"EntryPoint","urlTemplate":"https:\/\/folhapopular.info\/?s={search_term_string}"},"query-input":{"@type":"PropertyValueSpecification","valueRequired":true,"valueName":"search_term_string"}}],"inLanguage":"pt-BR"},{"@type":"Person","@id":"https:\/\/folhapopular.info\/#\/schema\/person\/2814e8a0df7643585a9ca38bc6eb9d4b","name":"Reda\u00e7\u00e3o Folha Popular","image":{"@type":"ImageObject","inLanguage":"pt-BR","@id":"https:\/\/folhapopular.info\/wp-content\/uploads\/2026\/04\/Folha-1.webp","url":"https:\/\/folhapopular.info\/wp-content\/uploads\/2026\/04\/Folha-1.webp","contentUrl":"https:\/\/folhapopular.info\/wp-content\/uploads\/2026\/04\/Folha-1.webp","caption":"Reda\u00e7\u00e3o Folha Popular"},"url":"https:\/\/folhapopular.info\/index.php\/author\/redacao\/"}]}},"jetpack_featured_media_url":"https:\/\/folhapopular.info\/wp-content\/uploads\/2018\/10\/Passeio-Cicl\u00edstico-visa-incentivar-o-uso-da-bicicleta-e1538569777938.jpg","jetpack_sharing_enabled":true,"amp_enabled":true,"_links":{"self":[{"href":"https:\/\/folhapopular.info\/index.php\/wp-json\/wp\/v2\/posts\/48515","targetHints":{"allow":["GET"]}}],"collection":[{"href":"https:\/\/folhapopular.info\/index.php\/wp-json\/wp\/v2\/posts"}],"about":[{"href":"https:\/\/folhapopular.info\/index.php\/wp-json\/wp\/v2\/types\/post"}],"author":[{"embeddable":true,"href":"https:\/\/folhapopular.info\/index.php\/wp-json\/wp\/v2\/users\/8"}],"replies":[{"embeddable":true,"href":"https:\/\/folhapopular.info\/index.php\/wp-json\/wp\/v2\/comments?post=48515"}],"version-history":[{"count":0,"href":"https:\/\/folhapopular.info\/index.php\/wp-json\/wp\/v2\/posts\/48515\/revisions"}],"wp:featuredmedia":[{"embeddable":true,"href":"https:\/\/folhapopular.info\/index.php\/wp-json\/wp\/v2\/media\/48516"}],"wp:attachment":[{"href":"https:\/\/folhapopular.info\/index.php\/wp-json\/wp\/v2\/media?parent=48515"}],"wp:term":[{"taxonomy":"category","embeddable":true,"href":"https:\/\/folhapopular.info\/index.php\/wp-json\/wp\/v2\/categories?post=48515"},{"taxonomy":"post_tag","embeddable":true,"href":"https:\/\/folhapopular.info\/index.php\/wp-json\/wp\/v2\/tags?post=48515"}],"curies":[{"name":"wp","href":"https:\/\/api.w.org\/{rel}","templated":true}]}}