{"id":48640,"date":"2018-10-07T11:09:50","date_gmt":"2018-10-07T14:09:50","guid":{"rendered":"http:\/\/folhapopular.info\/?p=48640"},"modified":"2018-10-07T12:23:43","modified_gmt":"2018-10-07T15:23:43","slug":"candidato-a-deputado-estadual-valmor-griebeler-vota-em-estrela","status":"publish","type":"post","link":"https:\/\/folhapopular.info\/index.php\/2018\/10\/07\/candidato-a-deputado-estadual-valmor-griebeler-vota-em-estrela\/","title":{"rendered":"Candidato a deputado estadual, Valmor Griebeler vota em Estrela"},"content":{"rendered":"<p>A Folha Popular acompanha os candidatos da regi\u00e3o durante a vota\u00e7\u00e3o neste domingo (07\/10). O candidato a deputado estadual pelo PV, Valmor Griebeler, realizou sua vota\u00e7\u00e3o durante a manh\u00e3 no Col\u00e9gio Santo Ant\u00f4nio, no centro, em Estrela. O candidato avaliou como foram os dias de caminhada e campanha pol\u00edtica. &#8220;\u00c9 um dai apreensivo, pois \u00e9 uma constru\u00e7\u00e3o. Uma constru\u00e7\u00e3o n\u00e3o s\u00f3 do Valmor, mas de toda uma comunidade regional que tem a compreens\u00e3o da import\u00e2ncia de ter uma representa\u00e7\u00e3o junto \u00e0 Assembleia Legislativa. Construimos junto com a nossa comunidade uma candidatura com viablidade. Uma viabilidade eleitoral de ocupar o mandato, esse \u00e9 o nosso principal objetivo. Para isso a gente caminhou pelo Vale do Taquari e um pouco al\u00e9m disso. Buscando o apoio e a compreens\u00e3o da comunidade para que o Vale tenha essa representa\u00e7\u00e3o. Fomos imensamente bem recebidos e nossa expectativa \u00e9 de elei\u00e7\u00e3o. Estamos confiantes com o resultado, sempre respeitando a democracia e a decis\u00e3o dos eleitores&#8221;, aponta.<\/p>\n<p>A apura\u00e7\u00e3o deve ser acompanhada junto com o grupo de trabalho do candidato. &#8220;Vamos nos reunir no fim da tarde para acompanhar o resultado, esperamos que seja positivo&#8221;, pontua.<\/p>\n","protected":false},"excerpt":{"rendered":"<p>A Folha Popular acompanha os candidatos da regi\u00e3o durante a vota\u00e7\u00e3o neste domingo (07\/10). O candidato a deputado estadual pelo PV, Valmor Griebeler, realizou sua vota\u00e7\u00e3o durante a manh\u00e3 no Col\u00e9gio Santo Ant\u00f4nio, no centro, em Estrela. O candidato avaliou como foram os dias de caminhada e campanha pol\u00edtica. &#8220;\u00c9 um dai apreensivo, pois \u00e9 [&hellip;]<\/p>\n","protected":false},"author":8,"featured_media":48641,"comment_status":"open","ping_status":"open","sticky":false,"template":"","format":"standard","meta":{"pmpro_default_level":"","_jetpack_memberships_contains_paid_content":false,"footnotes":""},"categories":[3],"tags":[3254,8,3457],"class_list":{"0":"post-48640","1":"post","2":"type-post","3":"status-publish","4":"format-standard","5":"has-post-thumbnail","7":"category-geral","8":"tag-eleicoes-2018","9":"tag-estrela","10":"tag-valmor-griebeler","11":"pmpro-has-access"},"yoast_head":"<!-- This site is optimized with the Yoast SEO plugin v27.5 - https:\/\/yoast.com\/product\/yoast-seo-wordpress\/ -->\n<title>Candidato a deputado estadual, Valmor Griebeler vota em Estrela - Folha Popular<\/title>\n<meta name=\"robots\" content=\"index, follow, max-snippet:-1, max-image-preview:large, max-video-preview:-1\" \/>\n<link rel=\"canonical\" href=\"https:\/\/folhapopular.info\/index.php\/2018\/10\/07\/candidato-a-deputado-estadual-valmor-griebeler-vota-em-estrela\/\" \/>\n<meta property=\"og:locale\" content=\"pt_BR\" \/>\n<meta property=\"og:type\" content=\"article\" \/>\n<meta property=\"og:title\" content=\"Candidato a deputado estadual, Valmor Griebeler vota em Estrela - Folha Popular\" \/>\n<meta property=\"og:description\" content=\"A Folha Popular acompanha os candidatos da regi\u00e3o durante a vota\u00e7\u00e3o neste domingo (07\/10). O candidato a deputado estadual pelo PV, Valmor Griebeler, realizou sua vota\u00e7\u00e3o durante a manh\u00e3 no Col\u00e9gio Santo Ant\u00f4nio, no centro, em Estrela. O candidato avaliou como foram os dias de caminhada e campanha pol\u00edtica. &#8220;\u00c9 um dai apreensivo, pois \u00e9 [&hellip;]\" \/>\n<meta property=\"og:url\" content=\"https:\/\/folhapopular.info\/index.php\/2018\/10\/07\/candidato-a-deputado-estadual-valmor-griebeler-vota-em-estrela\/\" \/>\n<meta property=\"og:site_name\" content=\"Folha Popular\" \/>\n<meta property=\"article:published_time\" content=\"2018-10-07T14:09:50+00:00\" \/>\n<meta property=\"article:modified_time\" content=\"2018-10-07T15:23:43+00:00\" \/>\n<meta property=\"og:image\" content=\"https:\/\/folhapopular.info\/wp-content\/uploads\/2018\/10\/Valmor-Griebeler_Gabriela-Hautrive-e1538921379338.jpeg\" \/>\n\t<meta property=\"og:image:width\" content=\"599\" \/>\n\t<meta property=\"og:image:height\" content=\"800\" \/>\n\t<meta property=\"og:image:type\" content=\"image\/jpeg\" \/>\n<meta name=\"author\" content=\"Reda\u00e7\u00e3o Folha Popular\" \/>\n<meta name=\"twitter:card\" content=\"summary_large_image\" \/>\n<meta name=\"twitter:label1\" content=\"Escrito por\" \/>\n\t<meta name=\"twitter:data1\" content=\"Reda\u00e7\u00e3o Folha Popular\" \/>\n\t<meta name=\"twitter:label2\" content=\"Est. tempo de leitura\" \/>\n\t<meta name=\"twitter:data2\" content=\"1 minuto\" \/>\n<script type=\"application\/ld+json\" class=\"yoast-schema-graph\">{\"@context\":\"https:\\\/\\\/schema.org\",\"@graph\":[{\"@type\":\"Article\",\"@id\":\"https:\\\/\\\/folhapopular.info\\\/index.php\\\/2018\\\/10\\\/07\\\/candidato-a-deputado-estadual-valmor-griebeler-vota-em-estrela\\\/#article\",\"isPartOf\":{\"@id\":\"https:\\\/\\\/folhapopular.info\\\/index.php\\\/2018\\\/10\\\/07\\\/candidato-a-deputado-estadual-valmor-griebeler-vota-em-estrela\\\/\"},\"author\":{\"name\":\"Reda\u00e7\u00e3o Folha Popular\",\"@id\":\"https:\\\/\\\/folhapopular.info\\\/#\\\/schema\\\/person\\\/2814e8a0df7643585a9ca38bc6eb9d4b\"},\"headline\":\"Candidato a deputado estadual, Valmor Griebeler vota em Estrela\",\"datePublished\":\"2018-10-07T14:09:50+00:00\",\"dateModified\":\"2018-10-07T15:23:43+00:00\",\"mainEntityOfPage\":{\"@id\":\"https:\\\/\\\/folhapopular.info\\\/index.php\\\/2018\\\/10\\\/07\\\/candidato-a-deputado-estadual-valmor-griebeler-vota-em-estrela\\\/\"},\"wordCount\":210,\"commentCount\":0,\"image\":{\"@id\":\"https:\\\/\\\/folhapopular.info\\\/index.php\\\/2018\\\/10\\\/07\\\/candidato-a-deputado-estadual-valmor-griebeler-vota-em-estrela\\\/#primaryimage\"},\"thumbnailUrl\":\"https:\\\/\\\/folhapopular.info\\\/wp-content\\\/uploads\\\/2018\\\/10\\\/Valmor-Griebeler_Gabriela-Hautrive-e1538921379338.jpeg\",\"keywords\":[\"Elei\u00e7\u00f5es 2018\",\"Estrela\",\"Valmor Griebeler\"],\"articleSection\":[\"Geral\"],\"inLanguage\":\"pt-BR\",\"potentialAction\":[{\"@type\":\"CommentAction\",\"name\":\"Comment\",\"target\":[\"https:\\\/\\\/folhapopular.info\\\/index.php\\\/2018\\\/10\\\/07\\\/candidato-a-deputado-estadual-valmor-griebeler-vota-em-estrela\\\/#respond\"]}]},{\"@type\":\"WebPage\",\"@id\":\"https:\\\/\\\/folhapopular.info\\\/index.php\\\/2018\\\/10\\\/07\\\/candidato-a-deputado-estadual-valmor-griebeler-vota-em-estrela\\\/\",\"url\":\"https:\\\/\\\/folhapopular.info\\\/index.php\\\/2018\\\/10\\\/07\\\/candidato-a-deputado-estadual-valmor-griebeler-vota-em-estrela\\\/\",\"name\":\"Candidato a deputado estadual, Valmor Griebeler vota em Estrela - Folha Popular\",\"isPartOf\":{\"@id\":\"https:\\\/\\\/folhapopular.info\\\/#website\"},\"primaryImageOfPage\":{\"@id\":\"https:\\\/\\\/folhapopular.info\\\/index.php\\\/2018\\\/10\\\/07\\\/candidato-a-deputado-estadual-valmor-griebeler-vota-em-estrela\\\/#primaryimage\"},\"image\":{\"@id\":\"https:\\\/\\\/folhapopular.info\\\/index.php\\\/2018\\\/10\\\/07\\\/candidato-a-deputado-estadual-valmor-griebeler-vota-em-estrela\\\/#primaryimage\"},\"thumbnailUrl\":\"https:\\\/\\\/folhapopular.info\\\/wp-content\\\/uploads\\\/2018\\\/10\\\/Valmor-Griebeler_Gabriela-Hautrive-e1538921379338.jpeg\",\"datePublished\":\"2018-10-07T14:09:50+00:00\",\"dateModified\":\"2018-10-07T15:23:43+00:00\",\"author\":{\"@id\":\"https:\\\/\\\/folhapopular.info\\\/#\\\/schema\\\/person\\\/2814e8a0df7643585a9ca38bc6eb9d4b\"},\"breadcrumb\":{\"@id\":\"https:\\\/\\\/folhapopular.info\\\/index.php\\\/2018\\\/10\\\/07\\\/candidato-a-deputado-estadual-valmor-griebeler-vota-em-estrela\\\/#breadcrumb\"},\"inLanguage\":\"pt-BR\",\"potentialAction\":[{\"@type\":\"ReadAction\",\"target\":[\"https:\\\/\\\/folhapopular.info\\\/index.php\\\/2018\\\/10\\\/07\\\/candidato-a-deputado-estadual-valmor-griebeler-vota-em-estrela\\\/\"]}]},{\"@type\":\"ImageObject\",\"inLanguage\":\"pt-BR\",\"@id\":\"https:\\\/\\\/folhapopular.info\\\/index.php\\\/2018\\\/10\\\/07\\\/candidato-a-deputado-estadual-valmor-griebeler-vota-em-estrela\\\/#primaryimage\",\"url\":\"https:\\\/\\\/folhapopular.info\\\/wp-content\\\/uploads\\\/2018\\\/10\\\/Valmor-Griebeler_Gabriela-Hautrive-e1538921379338.jpeg\",\"contentUrl\":\"https:\\\/\\\/folhapopular.info\\\/wp-content\\\/uploads\\\/2018\\\/10\\\/Valmor-Griebeler_Gabriela-Hautrive-e1538921379338.jpeg\",\"width\":599,\"height\":800,\"caption\":\"Valmor Griebeler, candidato a deputado estadual pelo PV\\\/Cr\u00e9dito da foto: J\u00f4natas dos Santos\"},{\"@type\":\"BreadcrumbList\",\"@id\":\"https:\\\/\\\/folhapopular.info\\\/index.php\\\/2018\\\/10\\\/07\\\/candidato-a-deputado-estadual-valmor-griebeler-vota-em-estrela\\\/#breadcrumb\",\"itemListElement\":[{\"@type\":\"ListItem\",\"position\":1,\"name\":\"In\u00edcio\",\"item\":\"https:\\\/\\\/folhapopular.info\\\/\"},{\"@type\":\"ListItem\",\"position\":2,\"name\":\"Candidato a deputado estadual, Valmor Griebeler vota em Estrela\"}]},{\"@type\":\"WebSite\",\"@id\":\"https:\\\/\\\/folhapopular.info\\\/#website\",\"url\":\"https:\\\/\\\/folhapopular.info\\\/\",\"name\":\"Folha Popular\",\"description\":\"Onde voc\u00ea tem vez e voz\",\"potentialAction\":[{\"@type\":\"SearchAction\",\"target\":{\"@type\":\"EntryPoint\",\"urlTemplate\":\"https:\\\/\\\/folhapopular.info\\\/?s={search_term_string}\"},\"query-input\":{\"@type\":\"PropertyValueSpecification\",\"valueRequired\":true,\"valueName\":\"search_term_string\"}}],\"inLanguage\":\"pt-BR\"},{\"@type\":\"Person\",\"@id\":\"https:\\\/\\\/folhapopular.info\\\/#\\\/schema\\\/person\\\/2814e8a0df7643585a9ca38bc6eb9d4b\",\"name\":\"Reda\u00e7\u00e3o Folha Popular\",\"image\":{\"@type\":\"ImageObject\",\"inLanguage\":\"pt-BR\",\"@id\":\"https:\\\/\\\/folhapopular.info\\\/wp-content\\\/uploads\\\/2026\\\/04\\\/Folha-1.webp\",\"url\":\"https:\\\/\\\/folhapopular.info\\\/wp-content\\\/uploads\\\/2026\\\/04\\\/Folha-1.webp\",\"contentUrl\":\"https:\\\/\\\/folhapopular.info\\\/wp-content\\\/uploads\\\/2026\\\/04\\\/Folha-1.webp\",\"caption\":\"Reda\u00e7\u00e3o Folha Popular\"},\"url\":\"https:\\\/\\\/folhapopular.info\\\/index.php\\\/author\\\/redacao\\\/\"}]}<\/script>\n<!-- \/ Yoast SEO plugin. -->","yoast_head_json":{"title":"Candidato a deputado estadual, Valmor Griebeler vota em Estrela - Folha Popular","robots":{"index":"index","follow":"follow","max-snippet":"max-snippet:-1","max-image-preview":"max-image-preview:large","max-video-preview":"max-video-preview:-1"},"canonical":"https:\/\/folhapopular.info\/index.php\/2018\/10\/07\/candidato-a-deputado-estadual-valmor-griebeler-vota-em-estrela\/","og_locale":"pt_BR","og_type":"article","og_title":"Candidato a deputado estadual, Valmor Griebeler vota em Estrela - Folha Popular","og_description":"A Folha Popular acompanha os candidatos da regi\u00e3o durante a vota\u00e7\u00e3o neste domingo (07\/10). O candidato a deputado estadual pelo PV, Valmor Griebeler, realizou sua vota\u00e7\u00e3o durante a manh\u00e3 no Col\u00e9gio Santo Ant\u00f4nio, no centro, em Estrela. O candidato avaliou como foram os dias de caminhada e campanha pol\u00edtica. &#8220;\u00c9 um dai apreensivo, pois \u00e9 [&hellip;]","og_url":"https:\/\/folhapopular.info\/index.php\/2018\/10\/07\/candidato-a-deputado-estadual-valmor-griebeler-vota-em-estrela\/","og_site_name":"Folha Popular","article_published_time":"2018-10-07T14:09:50+00:00","article_modified_time":"2018-10-07T15:23:43+00:00","og_image":[{"width":599,"height":800,"url":"https:\/\/folhapopular.info\/wp-content\/uploads\/2018\/10\/Valmor-Griebeler_Gabriela-Hautrive-e1538921379338.jpeg","type":"image\/jpeg"}],"author":"Reda\u00e7\u00e3o Folha Popular","twitter_card":"summary_large_image","twitter_misc":{"Escrito por":"Reda\u00e7\u00e3o Folha Popular","Est. tempo de leitura":"1 minuto"},"schema":{"@context":"https:\/\/schema.org","@graph":[{"@type":"Article","@id":"https:\/\/folhapopular.info\/index.php\/2018\/10\/07\/candidato-a-deputado-estadual-valmor-griebeler-vota-em-estrela\/#article","isPartOf":{"@id":"https:\/\/folhapopular.info\/index.php\/2018\/10\/07\/candidato-a-deputado-estadual-valmor-griebeler-vota-em-estrela\/"},"author":{"name":"Reda\u00e7\u00e3o Folha Popular","@id":"https:\/\/folhapopular.info\/#\/schema\/person\/2814e8a0df7643585a9ca38bc6eb9d4b"},"headline":"Candidato a deputado estadual, Valmor Griebeler vota em Estrela","datePublished":"2018-10-07T14:09:50+00:00","dateModified":"2018-10-07T15:23:43+00:00","mainEntityOfPage":{"@id":"https:\/\/folhapopular.info\/index.php\/2018\/10\/07\/candidato-a-deputado-estadual-valmor-griebeler-vota-em-estrela\/"},"wordCount":210,"commentCount":0,"image":{"@id":"https:\/\/folhapopular.info\/index.php\/2018\/10\/07\/candidato-a-deputado-estadual-valmor-griebeler-vota-em-estrela\/#primaryimage"},"thumbnailUrl":"https:\/\/folhapopular.info\/wp-content\/uploads\/2018\/10\/Valmor-Griebeler_Gabriela-Hautrive-e1538921379338.jpeg","keywords":["Elei\u00e7\u00f5es 2018","Estrela","Valmor Griebeler"],"articleSection":["Geral"],"inLanguage":"pt-BR","potentialAction":[{"@type":"CommentAction","name":"Comment","target":["https:\/\/folhapopular.info\/index.php\/2018\/10\/07\/candidato-a-deputado-estadual-valmor-griebeler-vota-em-estrela\/#respond"]}]},{"@type":"WebPage","@id":"https:\/\/folhapopular.info\/index.php\/2018\/10\/07\/candidato-a-deputado-estadual-valmor-griebeler-vota-em-estrela\/","url":"https:\/\/folhapopular.info\/index.php\/2018\/10\/07\/candidato-a-deputado-estadual-valmor-griebeler-vota-em-estrela\/","name":"Candidato a deputado estadual, Valmor Griebeler vota em Estrela - Folha Popular","isPartOf":{"@id":"https:\/\/folhapopular.info\/#website"},"primaryImageOfPage":{"@id":"https:\/\/folhapopular.info\/index.php\/2018\/10\/07\/candidato-a-deputado-estadual-valmor-griebeler-vota-em-estrela\/#primaryimage"},"image":{"@id":"https:\/\/folhapopular.info\/index.php\/2018\/10\/07\/candidato-a-deputado-estadual-valmor-griebeler-vota-em-estrela\/#primaryimage"},"thumbnailUrl":"https:\/\/folhapopular.info\/wp-content\/uploads\/2018\/10\/Valmor-Griebeler_Gabriela-Hautrive-e1538921379338.jpeg","datePublished":"2018-10-07T14:09:50+00:00","dateModified":"2018-10-07T15:23:43+00:00","author":{"@id":"https:\/\/folhapopular.info\/#\/schema\/person\/2814e8a0df7643585a9ca38bc6eb9d4b"},"breadcrumb":{"@id":"https:\/\/folhapopular.info\/index.php\/2018\/10\/07\/candidato-a-deputado-estadual-valmor-griebeler-vota-em-estrela\/#breadcrumb"},"inLanguage":"pt-BR","potentialAction":[{"@type":"ReadAction","target":["https:\/\/folhapopular.info\/index.php\/2018\/10\/07\/candidato-a-deputado-estadual-valmor-griebeler-vota-em-estrela\/"]}]},{"@type":"ImageObject","inLanguage":"pt-BR","@id":"https:\/\/folhapopular.info\/index.php\/2018\/10\/07\/candidato-a-deputado-estadual-valmor-griebeler-vota-em-estrela\/#primaryimage","url":"https:\/\/folhapopular.info\/wp-content\/uploads\/2018\/10\/Valmor-Griebeler_Gabriela-Hautrive-e1538921379338.jpeg","contentUrl":"https:\/\/folhapopular.info\/wp-content\/uploads\/2018\/10\/Valmor-Griebeler_Gabriela-Hautrive-e1538921379338.jpeg","width":599,"height":800,"caption":"Valmor Griebeler, candidato a deputado estadual pelo PV\/Cr\u00e9dito da foto: J\u00f4natas dos Santos"},{"@type":"BreadcrumbList","@id":"https:\/\/folhapopular.info\/index.php\/2018\/10\/07\/candidato-a-deputado-estadual-valmor-griebeler-vota-em-estrela\/#breadcrumb","itemListElement":[{"@type":"ListItem","position":1,"name":"In\u00edcio","item":"https:\/\/folhapopular.info\/"},{"@type":"ListItem","position":2,"name":"Candidato a deputado estadual, Valmor Griebeler vota em Estrela"}]},{"@type":"WebSite","@id":"https:\/\/folhapopular.info\/#website","url":"https:\/\/folhapopular.info\/","name":"Folha Popular","description":"Onde voc\u00ea tem vez e voz","potentialAction":[{"@type":"SearchAction","target":{"@type":"EntryPoint","urlTemplate":"https:\/\/folhapopular.info\/?s={search_term_string}"},"query-input":{"@type":"PropertyValueSpecification","valueRequired":true,"valueName":"search_term_string"}}],"inLanguage":"pt-BR"},{"@type":"Person","@id":"https:\/\/folhapopular.info\/#\/schema\/person\/2814e8a0df7643585a9ca38bc6eb9d4b","name":"Reda\u00e7\u00e3o Folha Popular","image":{"@type":"ImageObject","inLanguage":"pt-BR","@id":"https:\/\/folhapopular.info\/wp-content\/uploads\/2026\/04\/Folha-1.webp","url":"https:\/\/folhapopular.info\/wp-content\/uploads\/2026\/04\/Folha-1.webp","contentUrl":"https:\/\/folhapopular.info\/wp-content\/uploads\/2026\/04\/Folha-1.webp","caption":"Reda\u00e7\u00e3o Folha Popular"},"url":"https:\/\/folhapopular.info\/index.php\/author\/redacao\/"}]}},"jetpack_featured_media_url":"https:\/\/folhapopular.info\/wp-content\/uploads\/2018\/10\/Valmor-Griebeler_Gabriela-Hautrive-e1538921379338.jpeg","jetpack_sharing_enabled":true,"amp_enabled":true,"_links":{"self":[{"href":"https:\/\/folhapopular.info\/index.php\/wp-json\/wp\/v2\/posts\/48640","targetHints":{"allow":["GET"]}}],"collection":[{"href":"https:\/\/folhapopular.info\/index.php\/wp-json\/wp\/v2\/posts"}],"about":[{"href":"https:\/\/folhapopular.info\/index.php\/wp-json\/wp\/v2\/types\/post"}],"author":[{"embeddable":true,"href":"https:\/\/folhapopular.info\/index.php\/wp-json\/wp\/v2\/users\/8"}],"replies":[{"embeddable":true,"href":"https:\/\/folhapopular.info\/index.php\/wp-json\/wp\/v2\/comments?post=48640"}],"version-history":[{"count":0,"href":"https:\/\/folhapopular.info\/index.php\/wp-json\/wp\/v2\/posts\/48640\/revisions"}],"wp:featuredmedia":[{"embeddable":true,"href":"https:\/\/folhapopular.info\/index.php\/wp-json\/wp\/v2\/media\/48641"}],"wp:attachment":[{"href":"https:\/\/folhapopular.info\/index.php\/wp-json\/wp\/v2\/media?parent=48640"}],"wp:term":[{"taxonomy":"category","embeddable":true,"href":"https:\/\/folhapopular.info\/index.php\/wp-json\/wp\/v2\/categories?post=48640"},{"taxonomy":"post_tag","embeddable":true,"href":"https:\/\/folhapopular.info\/index.php\/wp-json\/wp\/v2\/tags?post=48640"}],"curies":[{"name":"wp","href":"https:\/\/api.w.org\/{rel}","templated":true}]}}