{"id":48761,"date":"2018-10-09T16:00:56","date_gmt":"2018-10-09T19:00:56","guid":{"rendered":"http:\/\/folhapopular.info\/?p=48761"},"modified":"2018-10-09T15:38:08","modified_gmt":"2018-10-09T18:38:08","slug":"diversas-atividades-na-prefeitura-de-teutonia-marcarao-o-dia-das-criancas","status":"publish","type":"post","link":"https:\/\/folhapopular.info\/index.php\/2018\/10\/09\/diversas-atividades-na-prefeitura-de-teutonia-marcarao-o-dia-das-criancas\/","title":{"rendered":"Diversas atividades na Prefeitura de Teut\u00f4nia marcar\u00e3o o Dia das Crian\u00e7as"},"content":{"rendered":"<p class=\"m_-2812675482003951530MsoBodyText\" style=\"text-align: left\" align=\"center\">Na sexta-feira (12\/10), feriado de Nossa Senhora de Aparecida, tamb\u00e9m se comemora o Dia das Crian\u00e7as. Para marcar a passagem da data, diversas atividades est\u00e3o sendo programadas junto ao Pavilh\u00e3o Multiuso, no Centro Administrativo, em\u00a0<span class=\"il\">Teut\u00f4nia<\/span>. Alegria, divers\u00e3o e cultura ir\u00e3o marcar a tarde intensa da programa\u00e7\u00e3o.<u><\/u><u><\/u><\/p>\n<p class=\"m_-2812675482003951530MsoBodyText\">Durante a tarde, haver\u00e1 apresenta\u00e7\u00f5es do Grupo Dan\u00e7as &amp; Ritmos do Centro Municipal de Ensino Fundamental (CEMEF) Leonel de Moura Brizola, coordenado pela professora S\u00f4nia Gomes; Grupo de Dan\u00e7as do CEMEF, coordenado pela professora Raquel Janke da Silva Feyh; Grupo Capoeira Modelo de Ox\u00f3ssi &#8211; CEMEF, sob coordena\u00e7\u00e3o do mestre Submission, Claiton J\u00fanior; e Orquestra Jovem de\u00a0<span class=\"il\">Teut\u00f4nia<\/span>, regida pelo professor William Bayer.<u><\/u><u><\/u><\/p>\n<p class=\"m_-2812675482003951530MsoBodyText\">Durante toda a tarde ainda haver\u00e1 brinquedos infl\u00e1veis para as crian\u00e7as, al\u00e9m de outras surpresas. Tamb\u00e9m ter\u00e1 comercializa\u00e7\u00e3o de lanches e bebidas. \u201cVenha passar a tarde com seu filho no Centro Administrativo. Traga cadeira e chimarr\u00e3o e prestigie a nossa programa\u00e7\u00e3o\u201d, convida a comiss\u00e3o organizadora.<u><\/u><u><\/u><\/p>\n<p class=\"m_-2812675482003951530MsoBodyText\">Em caso de chuva, as atividades ser\u00e3o transferidas para domingo, dia 14. A programa\u00e7\u00e3o da tarde de sexta-feira integra a Semana do Brincar, que iniciou nesta segunda-feira, dia 8 de outubro. A realiza\u00e7\u00e3o \u00e9 da Secretaria de Educa\u00e7\u00e3o, com o apoio das secretarias de Assist\u00eancia Social e Habita\u00e7\u00e3o, de Ind\u00fastria, Com\u00e9rcio e Turismo, de Sa\u00fade e de Juventude, Cultura, Esporte e Lazer.<u><\/u><u><\/u><\/p>\n<p class=\"m_-2812675482003951530MsoBodyText\"><u><\/u><b>Passeio Cicl\u00edstico<u><\/u><u><\/u><\/b><\/p>\n<p class=\"m_-2812675482003951530MsoBodyText\">No dia 12 de outubro ainda, pela manh\u00e3, ocorre a 8\u00aa edi\u00e7\u00e3o do Passeio Cicl\u00edstico do Dia das Crian\u00e7as, organizado pelo grupo Bruxos da Bike, com apoio da Prefeitura de\u00a0<span class=\"il\">Teut\u00f4nia<\/span>, integrando a programa\u00e7\u00e3o da Semana do Brincar. O evento inicia \u00e0s 8h30min, com sa\u00edda em frente ao Col\u00e9gio\u00a0<span class=\"il\">Teut\u00f4nia<\/span>, seguindo pelos tr\u00eas principais bairros e retornando at\u00e9 o Centro Administrativo.<u><\/u><u><\/u><\/p>\n<p class=\"m_-2812675482003951530MsoBodyText\">O roteiro do 8\u00ba Passeio Cicl\u00edstico ser\u00e1 o seguinte: sa\u00edda \u00e0s 8h30min, saindo em frente ao Col\u00e9gio\u00a0<span class=\"il\">Teut\u00f4nia<\/span>, seguindo pelas ruas Asido Dreyer, D\u00e9cio B\u00f6hmer, Daltro Filho (Estrada da V\u00e1rzea), Erno Dahmer, Senhor dos Passos, Guilherme Brust, Ewaldo Hilgemann, Fernando Ferrari, Avenida 1 Leste, Leopoldo Schneider,\u00a0\u00a0Dom Pedro II (at\u00e9 o Ieceg), Ewaldo Schaeffer, Carlos Arnt, Leopoldo Schneider, Avenida 1 Leste, at\u00e9 chegar no Pavilh\u00e3o Multiuso, no Bairro Centro Administrativo.<u><\/u><u><\/u><\/p>\n<p class=\"m_-2812675482003951530MsoBodyText\">As inscri\u00e7\u00f5es para o Passeio Cicl\u00edstico s\u00e3o gratuitas e podem ser feitas nos seguintes locais: Flach Bicicletas (Bairro Languiru), Col\u00e9gio\u00a0<span class=\"il\">Teut\u00f4nia<\/span>\u00a0(Bairro\u00a0<span class=\"il\">Teut\u00f4nia<\/span>), Ieceg\/CNEC\u00a0<span class=\"il\">Teut\u00f4nia<\/span>\u00a0(Bairro Canabarro), EMEF 24 de Maio (Bairro Canabarro), EMEF Professor Teobaldo Closs (Bairro Canabarro), EMEF Professor Guilherme Sommer (Vila Popular), EMEF Alfredo Schneider (Bairro\u00a0<span class=\"il\">Teut\u00f4nia<\/span>) e EMEF Leopoldo Klepker (Bairro Alesgut).<u><\/u><u><\/u><\/p>\n<p class=\"m_-2812675482003951530MsoBodyText\"><u><\/u>\u00a0<u><\/u><b>Semana do Brincar<u><\/u><u><\/u><\/b><\/p>\n<p class=\"m_-2812675482003951530MsoBodyText\">Desde o dia 8 at\u00e9 o dia 12 de outubro,\u00a0<span class=\"il\">Teut\u00f4nia<\/span>\u00a0est\u00e1 desenvolvendo a 1\u00aa Semana do Brincar, atividade alusiva ao Dia das Crian\u00e7as e que tem a finalidade de desenvolver a conscientiza\u00e7\u00e3o sobre a import\u00e2ncia do ato de brincar para o desenvolvimento infantil. Diversas atividades est\u00e3o programadas nas escolas, al\u00e9m de envolver outras reparti\u00e7\u00f5es p\u00fablicas e, inclusive, empresas. A realiza\u00e7\u00e3o da Semana do Brincar, que tem como tema \u201cVai come\u00e7ar a brincadeira\u201d, \u00e9 da Secretaria de Educa\u00e7\u00e3o. Apoiam a iniciativa as secretarias de Assist\u00eancia Social e Habita\u00e7\u00e3o, de Ind\u00fastria, Com\u00e9rcio e Turismo, de Sa\u00fade, e de Juventude, Cultura, Esporte e Lazer.<u><\/u><u><\/u><\/p>\n<p class=\"m_-2812675482003951530MsoBodyText\">Durante toda a semana, haver\u00e1 o interc\u00e2mbio entre escolas e turmas de Educa\u00e7\u00e3o Infantil, oportunizando, assim, a intera\u00e7\u00e3o das crian\u00e7as com brincadeiras que estimulem, ainda, a socializa\u00e7\u00e3o e o desenvolvimento cognitivo dos pequenos. Est\u00e3o previstas, ainda, integra\u00e7\u00e3o das Escolas de Educa\u00e7\u00e3o Infantil com os N\u00facleos de Cultura, oficinas de culin\u00e1ria na Padaria Escola do Centro Municipal de Ensino Fundamental Leonel de Moura Brizola e confec\u00e7\u00e3o de brinquedos com profissionais do programa Primeira Inf\u00e2ncia Melhor (PIM) e do Centro de Refer\u00eancia de Assist\u00eancia Social (Cras).<u><\/u><u><\/u><\/p>\n<p class=\"m_-2812675482003951530MsoBodyText\">Os educadores da Educa\u00e7\u00e3o Infantil tamb\u00e9m ter\u00e3o atividades, para que o brincar seja estimulado no dia a dia. Uma das atividades \u00e9 a forma\u00e7\u00e3o continuada \u201cO brincar e o desenvolvimento infantil\u201d, com as psic\u00f3logas Daniele Hauschild e Carina Wachholz, do Servi\u00e7o Municipal de Apoio Escolar e A\u00e7\u00e3o Restaurativa (Semear), no dia 9, \u00e0s 18h30min, no Audit\u00f3rio da CIC. J\u00e1 no dia 10, \u00e0s 18h30min, em local a definir, haver\u00e1 a oficina \u201cBrincar Jogando\u201d, com Daniela Eidelwein, cujas inscri\u00e7\u00f5es devem ser feitas at\u00e9 o dia 8.<u><\/u><u><\/u><\/p>\n<p class=\"m_-2812675482003951530MsoBodyText\">A programa\u00e7\u00e3o conta, ainda, com a\u00e7\u00f5es solid\u00e1rias. No dia 10 de outubro, ocorre a atividade \u201cFazer o bem&#8230; Brincando\u201d, com visita ao Hospital Ouro Branco e ao Posto de Sa\u00fade do Bairro Canabarro. E no dia 11, \u00e0s 17h, os brinquedos arrecadados pelo Corpo de Bombeiros Volunt\u00e1rios de\u00a0<span class=\"il\">Teut\u00f4nia<\/span>\u00a0em gincana interna de integra\u00e7\u00e3o ser\u00e3o entregues \u00e0s crian\u00e7as da Escola Municipal de Educa\u00e7\u00e3o Infantil Sonho de Crian\u00e7a, do Bairro Canabarro.<u><\/u><u><\/u><\/p>\n<p class=\"m_-2812675482003951530MsoBodyText\"><u><\/u>\u00a0<u><\/u><\/p>\n<p class=\"m_-2812675482003951530MsoBodyText\"><b>1\u00aa SEMANA DO BRINCAR DE\u00a0<span class=\"il\">TEUT\u00d4NIA<\/span><u><\/u><u><\/u><\/b><\/p>\n<p class=\"m_-2812675482003951530MsoBodyText\">\u00d8\u00a0\u00a0<b>Ter\u00e7a-feira (09\/10)<u><\/u><u><\/u><\/b><\/p>\n<p class=\"m_-2812675482003951530MsoBodyText\"><b>&#8211; 18h30: Forma\u00e7\u00e3o continuada \u201cO brincar e o desenvolvimento infantil\u201d<\/b>, para educadores da Educa\u00e7\u00e3o Infantil, com as psic\u00f3logas Daniele Hauschild e Carina Wachholz, do Semear. Local: audit\u00f3rio da CIC<\/p>\n<p class=\"m_-2812675482003951530MsoBodyText\"><u><\/u>\u00d8\u00a0\u00a0<b>Quarta-feira (10\/10)<u><\/u><u><\/u><\/b><\/p>\n<p class=\"m_-2812675482003951530MsoBodyText\"><b>&#8211; \u201cFazer o bem&#8230; Brincando\u201d<\/b>: visita ao Hospital Ouro Branco e Posto de Sa\u00fade do Bairro Canabarro<u><\/u><u><\/u><\/p>\n<p class=\"m_-2812675482003951530MsoBodyText\"><b>&#8211; 18h30: Oficina \u201cBrincar jogando\u201d<\/b>, para educadores de Educa\u00e7\u00e3o Infantil, com a professora Let\u00edcia Eidelwein. Inscri\u00e7\u00f5es nas escolas at\u00e9 dia 8, ao custo de R$ 10,00. Local: a definir<u><\/u><u><\/u><\/p>\n<p class=\"m_-2812675482003951530MsoBodyText\"><u><\/u>\u00a0<u><\/u>\u00d8\u00a0\u00a0<b>Quinta-feira (11\/10)<u><\/u><u><\/u><\/b><\/p>\n<p class=\"m_-2812675482003951530MsoBodyText\"><b>&#8211; 17h: \u201cCrian\u00e7a feliz \u00e9 crian\u00e7a brincando\u201d<\/b>\u00a0\u2013 doa\u00e7\u00e3o dos brinquedos arrecadados pelo Corpo de Bombeiros Volunt\u00e1rios \u00e0s crian\u00e7as da EMEI Sonho de Crian\u00e7a<u><\/u><u><\/u><\/p>\n<p class=\"m_-2812675482003951530MsoBodyText\"><u><\/u>\u00a0<u><\/u>\u00d8\u00a0\u00a0<b>Sexta-feira (12\/10)<u><\/u><u><\/u><\/b><\/p>\n<p class=\"m_-2812675482003951530MsoBodyText\"><b>&#8211; 8h30min: 8\u00ba Passeio Cicl\u00edstico do Dia das Crian\u00e7as<\/b>. Local de partida: Col\u00e9gio\u00a0<span class=\"il\">Teut\u00f4nia<\/span><u><\/u><u><\/u><\/p>\n<p class=\"m_-2812675482003951530MsoBodyText\">&#8211;<b>13h em diante<\/b>: Brinquedos infl\u00e1veis e apresenta\u00e7\u00f5es art\u00edsticas e culturais. Local: Pavilh\u00e3o Multiuso<u><\/u><u><\/u><\/p>\n<p class=\"m_-2812675482003951530MsoBodyText\"><u><\/u>\u00a0<u><\/u>\u00d8\u00a0\u00a0<b>Ainda fazem parte da programa\u00e7\u00e3o:<u><\/u><u><\/u><\/b><\/p>\n<p class=\"m_-2812675482003951530MsoBodyText\"><b>&#8211; \u201cBrincando&#8230; com a Cultura\u201d<\/b>: integra\u00e7\u00e3o das Escolas de Educa\u00e7\u00e3o Infantil com os N\u00facleos de Cultura<u><\/u><u><\/u><\/p>\n<p class=\"m_-2812675482003951530MsoBodyText\"><b>&#8211; \u201cMini chef saud\u00e1vel\u201d<\/b>: oficina de culin\u00e1ria. Local: Padaria Escola do CEMEF<u><\/u><u><\/u><\/p>\n<p class=\"m_-2812675482003951530MsoBodyText\"><b>&#8211; \u201cBrincando, aprendendo, interagindo\u201d<\/b>: integra\u00e7\u00e3o entre turmas de Educa\u00e7\u00e3o Infantil<u><\/u><u><\/u><\/p>\n<p class=\"m_-2812675482003951530MsoBodyText\"><b>&#8211; \u201cBrinque construindo!\u201d<\/b>: confec\u00e7\u00e3o de brinquedos e resgate de brincadeira de antigamente com o PIM e confec\u00e7\u00e3o de brinquedos com o Cras<\/p>\n","protected":false},"excerpt":{"rendered":"<p>Na sexta-feira (12\/10), feriado de Nossa Senhora de Aparecida, tamb\u00e9m se comemora o Dia das Crian\u00e7as. Para marcar a passagem da data, diversas atividades est\u00e3o sendo programadas junto ao Pavilh\u00e3o Multiuso, no Centro Administrativo, em\u00a0Teut\u00f4nia. Alegria, divers\u00e3o e cultura ir\u00e3o marcar a tarde intensa da programa\u00e7\u00e3o. Durante a tarde, haver\u00e1 apresenta\u00e7\u00f5es do Grupo Dan\u00e7as &amp; [&hellip;]<\/p>\n","protected":false},"author":8,"featured_media":48762,"comment_status":"open","ping_status":"open","sticky":false,"template":"","format":"standard","meta":{"pmpro_default_level":"","_jetpack_memberships_contains_paid_content":false,"footnotes":""},"categories":[2,6],"tags":[1119,3478,26],"class_list":{"0":"post-48761","1":"post","2":"type-post","3":"status-publish","4":"format-standard","5":"has-post-thumbnail","7":"category-featured","8":"category-inclusive","9":"tag-dia-das-criancas","10":"tag-semana-do-brincar","11":"tag-teutonia","12":"pmpro-has-access"},"yoast_head":"<!-- This site is optimized with the Yoast SEO plugin v27.5 - https:\/\/yoast.com\/product\/yoast-seo-wordpress\/ -->\n<title>Diversas atividades na Prefeitura de Teut\u00f4nia marcar\u00e3o o Dia das Crian\u00e7as - Folha Popular<\/title>\n<meta name=\"robots\" content=\"index, follow, max-snippet:-1, max-image-preview:large, max-video-preview:-1\" \/>\n<link rel=\"canonical\" href=\"https:\/\/folhapopular.info\/index.php\/2018\/10\/09\/diversas-atividades-na-prefeitura-de-teutonia-marcarao-o-dia-das-criancas\/\" \/>\n<meta property=\"og:locale\" content=\"pt_BR\" \/>\n<meta property=\"og:type\" content=\"article\" \/>\n<meta property=\"og:title\" content=\"Diversas atividades na Prefeitura de Teut\u00f4nia marcar\u00e3o o Dia das Crian\u00e7as - Folha Popular\" \/>\n<meta property=\"og:description\" content=\"Na sexta-feira (12\/10), feriado de Nossa Senhora de Aparecida, tamb\u00e9m se comemora o Dia das Crian\u00e7as. Para marcar a passagem da data, diversas atividades est\u00e3o sendo programadas junto ao Pavilh\u00e3o Multiuso, no Centro Administrativo, em\u00a0Teut\u00f4nia. Alegria, divers\u00e3o e cultura ir\u00e3o marcar a tarde intensa da programa\u00e7\u00e3o. Durante a tarde, haver\u00e1 apresenta\u00e7\u00f5es do Grupo Dan\u00e7as &amp; [&hellip;]\" \/>\n<meta property=\"og:url\" content=\"https:\/\/folhapopular.info\/index.php\/2018\/10\/09\/diversas-atividades-na-prefeitura-de-teutonia-marcarao-o-dia-das-criancas\/\" \/>\n<meta property=\"og:site_name\" content=\"Folha Popular\" \/>\n<meta property=\"article:published_time\" content=\"2018-10-09T19:00:56+00:00\" \/>\n<meta property=\"og:image\" content=\"https:\/\/folhapopular.info\/wp-content\/uploads\/2018\/10\/Brinquedos-infl\u00e1veis-e-outras-atra\u00e7\u00f5es-integram-a-programa\u00e7\u00e3o-e1539110202261.jpg\" \/>\n\t<meta property=\"og:image:width\" content=\"800\" \/>\n\t<meta property=\"og:image:height\" content=\"533\" \/>\n\t<meta property=\"og:image:type\" content=\"image\/jpeg\" \/>\n<meta name=\"author\" content=\"Reda\u00e7\u00e3o Folha Popular\" \/>\n<meta name=\"twitter:card\" content=\"summary_large_image\" \/>\n<meta name=\"twitter:label1\" content=\"Escrito por\" \/>\n\t<meta name=\"twitter:data1\" content=\"Reda\u00e7\u00e3o Folha Popular\" \/>\n\t<meta name=\"twitter:label2\" content=\"Est. tempo de leitura\" \/>\n\t<meta name=\"twitter:data2\" content=\"5 minutos\" \/>\n<script type=\"application\/ld+json\" class=\"yoast-schema-graph\">{\"@context\":\"https:\\\/\\\/schema.org\",\"@graph\":[{\"@type\":\"Article\",\"@id\":\"https:\\\/\\\/folhapopular.info\\\/index.php\\\/2018\\\/10\\\/09\\\/diversas-atividades-na-prefeitura-de-teutonia-marcarao-o-dia-das-criancas\\\/#article\",\"isPartOf\":{\"@id\":\"https:\\\/\\\/folhapopular.info\\\/index.php\\\/2018\\\/10\\\/09\\\/diversas-atividades-na-prefeitura-de-teutonia-marcarao-o-dia-das-criancas\\\/\"},\"author\":{\"name\":\"Reda\u00e7\u00e3o Folha Popular\",\"@id\":\"https:\\\/\\\/folhapopular.info\\\/#\\\/schema\\\/person\\\/2814e8a0df7643585a9ca38bc6eb9d4b\"},\"headline\":\"Diversas atividades na Prefeitura de Teut\u00f4nia marcar\u00e3o o Dia das Crian\u00e7as\",\"datePublished\":\"2018-10-09T19:00:56+00:00\",\"mainEntityOfPage\":{\"@id\":\"https:\\\/\\\/folhapopular.info\\\/index.php\\\/2018\\\/10\\\/09\\\/diversas-atividades-na-prefeitura-de-teutonia-marcarao-o-dia-das-criancas\\\/\"},\"wordCount\":1089,\"commentCount\":0,\"image\":{\"@id\":\"https:\\\/\\\/folhapopular.info\\\/index.php\\\/2018\\\/10\\\/09\\\/diversas-atividades-na-prefeitura-de-teutonia-marcarao-o-dia-das-criancas\\\/#primaryimage\"},\"thumbnailUrl\":\"https:\\\/\\\/folhapopular.info\\\/wp-content\\\/uploads\\\/2018\\\/10\\\/Brinquedos-infl\u00e1veis-e-outras-atra\u00e7\u00f5es-integram-a-programa\u00e7\u00e3o-e1539110202261.jpg\",\"keywords\":[\"Dia das Crian\u00e7as\",\"Semana do Brincar\",\"Teut\u00f4nia\"],\"articleSection\":[\"Destaques\",\"Inclusive\"],\"inLanguage\":\"pt-BR\",\"potentialAction\":[{\"@type\":\"CommentAction\",\"name\":\"Comment\",\"target\":[\"https:\\\/\\\/folhapopular.info\\\/index.php\\\/2018\\\/10\\\/09\\\/diversas-atividades-na-prefeitura-de-teutonia-marcarao-o-dia-das-criancas\\\/#respond\"]}]},{\"@type\":\"WebPage\",\"@id\":\"https:\\\/\\\/folhapopular.info\\\/index.php\\\/2018\\\/10\\\/09\\\/diversas-atividades-na-prefeitura-de-teutonia-marcarao-o-dia-das-criancas\\\/\",\"url\":\"https:\\\/\\\/folhapopular.info\\\/index.php\\\/2018\\\/10\\\/09\\\/diversas-atividades-na-prefeitura-de-teutonia-marcarao-o-dia-das-criancas\\\/\",\"name\":\"Diversas atividades na Prefeitura de Teut\u00f4nia marcar\u00e3o o Dia das Crian\u00e7as - Folha Popular\",\"isPartOf\":{\"@id\":\"https:\\\/\\\/folhapopular.info\\\/#website\"},\"primaryImageOfPage\":{\"@id\":\"https:\\\/\\\/folhapopular.info\\\/index.php\\\/2018\\\/10\\\/09\\\/diversas-atividades-na-prefeitura-de-teutonia-marcarao-o-dia-das-criancas\\\/#primaryimage\"},\"image\":{\"@id\":\"https:\\\/\\\/folhapopular.info\\\/index.php\\\/2018\\\/10\\\/09\\\/diversas-atividades-na-prefeitura-de-teutonia-marcarao-o-dia-das-criancas\\\/#primaryimage\"},\"thumbnailUrl\":\"https:\\\/\\\/folhapopular.info\\\/wp-content\\\/uploads\\\/2018\\\/10\\\/Brinquedos-infl\u00e1veis-e-outras-atra\u00e7\u00f5es-integram-a-programa\u00e7\u00e3o-e1539110202261.jpg\",\"datePublished\":\"2018-10-09T19:00:56+00:00\",\"author\":{\"@id\":\"https:\\\/\\\/folhapopular.info\\\/#\\\/schema\\\/person\\\/2814e8a0df7643585a9ca38bc6eb9d4b\"},\"breadcrumb\":{\"@id\":\"https:\\\/\\\/folhapopular.info\\\/index.php\\\/2018\\\/10\\\/09\\\/diversas-atividades-na-prefeitura-de-teutonia-marcarao-o-dia-das-criancas\\\/#breadcrumb\"},\"inLanguage\":\"pt-BR\",\"potentialAction\":[{\"@type\":\"ReadAction\",\"target\":[\"https:\\\/\\\/folhapopular.info\\\/index.php\\\/2018\\\/10\\\/09\\\/diversas-atividades-na-prefeitura-de-teutonia-marcarao-o-dia-das-criancas\\\/\"]}]},{\"@type\":\"ImageObject\",\"inLanguage\":\"pt-BR\",\"@id\":\"https:\\\/\\\/folhapopular.info\\\/index.php\\\/2018\\\/10\\\/09\\\/diversas-atividades-na-prefeitura-de-teutonia-marcarao-o-dia-das-criancas\\\/#primaryimage\",\"url\":\"https:\\\/\\\/folhapopular.info\\\/wp-content\\\/uploads\\\/2018\\\/10\\\/Brinquedos-infl\u00e1veis-e-outras-atra\u00e7\u00f5es-integram-a-programa\u00e7\u00e3o-e1539110202261.jpg\",\"contentUrl\":\"https:\\\/\\\/folhapopular.info\\\/wp-content\\\/uploads\\\/2018\\\/10\\\/Brinquedos-infl\u00e1veis-e-outras-atra\u00e7\u00f5es-integram-a-programa\u00e7\u00e3o-e1539110202261.jpg\",\"width\":800,\"height\":533,\"caption\":\"Brinquedos infl\u00e1veis e outras atra\u00e7\u00f5es integram a programa\u00e7\u00e3o\\\/Cr\u00e9dito da foto: Larissa Santos\\\/arquivo\\\/divulga\u00e7\u00e3o\"},{\"@type\":\"BreadcrumbList\",\"@id\":\"https:\\\/\\\/folhapopular.info\\\/index.php\\\/2018\\\/10\\\/09\\\/diversas-atividades-na-prefeitura-de-teutonia-marcarao-o-dia-das-criancas\\\/#breadcrumb\",\"itemListElement\":[{\"@type\":\"ListItem\",\"position\":1,\"name\":\"In\u00edcio\",\"item\":\"https:\\\/\\\/folhapopular.info\\\/\"},{\"@type\":\"ListItem\",\"position\":2,\"name\":\"Diversas atividades na Prefeitura de Teut\u00f4nia marcar\u00e3o o Dia das Crian\u00e7as\"}]},{\"@type\":\"WebSite\",\"@id\":\"https:\\\/\\\/folhapopular.info\\\/#website\",\"url\":\"https:\\\/\\\/folhapopular.info\\\/\",\"name\":\"Folha Popular\",\"description\":\"Onde voc\u00ea tem vez e voz\",\"potentialAction\":[{\"@type\":\"SearchAction\",\"target\":{\"@type\":\"EntryPoint\",\"urlTemplate\":\"https:\\\/\\\/folhapopular.info\\\/?s={search_term_string}\"},\"query-input\":{\"@type\":\"PropertyValueSpecification\",\"valueRequired\":true,\"valueName\":\"search_term_string\"}}],\"inLanguage\":\"pt-BR\"},{\"@type\":\"Person\",\"@id\":\"https:\\\/\\\/folhapopular.info\\\/#\\\/schema\\\/person\\\/2814e8a0df7643585a9ca38bc6eb9d4b\",\"name\":\"Reda\u00e7\u00e3o Folha Popular\",\"image\":{\"@type\":\"ImageObject\",\"inLanguage\":\"pt-BR\",\"@id\":\"https:\\\/\\\/folhapopular.info\\\/wp-content\\\/uploads\\\/2026\\\/04\\\/Folha-1.webp\",\"url\":\"https:\\\/\\\/folhapopular.info\\\/wp-content\\\/uploads\\\/2026\\\/04\\\/Folha-1.webp\",\"contentUrl\":\"https:\\\/\\\/folhapopular.info\\\/wp-content\\\/uploads\\\/2026\\\/04\\\/Folha-1.webp\",\"caption\":\"Reda\u00e7\u00e3o Folha Popular\"},\"url\":\"https:\\\/\\\/folhapopular.info\\\/index.php\\\/author\\\/redacao\\\/\"}]}<\/script>\n<!-- \/ Yoast SEO plugin. -->","yoast_head_json":{"title":"Diversas atividades na Prefeitura de Teut\u00f4nia marcar\u00e3o o Dia das Crian\u00e7as - Folha Popular","robots":{"index":"index","follow":"follow","max-snippet":"max-snippet:-1","max-image-preview":"max-image-preview:large","max-video-preview":"max-video-preview:-1"},"canonical":"https:\/\/folhapopular.info\/index.php\/2018\/10\/09\/diversas-atividades-na-prefeitura-de-teutonia-marcarao-o-dia-das-criancas\/","og_locale":"pt_BR","og_type":"article","og_title":"Diversas atividades na Prefeitura de Teut\u00f4nia marcar\u00e3o o Dia das Crian\u00e7as - Folha Popular","og_description":"Na sexta-feira (12\/10), feriado de Nossa Senhora de Aparecida, tamb\u00e9m se comemora o Dia das Crian\u00e7as. Para marcar a passagem da data, diversas atividades est\u00e3o sendo programadas junto ao Pavilh\u00e3o Multiuso, no Centro Administrativo, em\u00a0Teut\u00f4nia. Alegria, divers\u00e3o e cultura ir\u00e3o marcar a tarde intensa da programa\u00e7\u00e3o. Durante a tarde, haver\u00e1 apresenta\u00e7\u00f5es do Grupo Dan\u00e7as &amp; [&hellip;]","og_url":"https:\/\/folhapopular.info\/index.php\/2018\/10\/09\/diversas-atividades-na-prefeitura-de-teutonia-marcarao-o-dia-das-criancas\/","og_site_name":"Folha Popular","article_published_time":"2018-10-09T19:00:56+00:00","og_image":[{"width":800,"height":533,"url":"https:\/\/folhapopular.info\/wp-content\/uploads\/2018\/10\/Brinquedos-infl\u00e1veis-e-outras-atra\u00e7\u00f5es-integram-a-programa\u00e7\u00e3o-e1539110202261.jpg","type":"image\/jpeg"}],"author":"Reda\u00e7\u00e3o Folha Popular","twitter_card":"summary_large_image","twitter_misc":{"Escrito por":"Reda\u00e7\u00e3o Folha Popular","Est. tempo de leitura":"5 minutos"},"schema":{"@context":"https:\/\/schema.org","@graph":[{"@type":"Article","@id":"https:\/\/folhapopular.info\/index.php\/2018\/10\/09\/diversas-atividades-na-prefeitura-de-teutonia-marcarao-o-dia-das-criancas\/#article","isPartOf":{"@id":"https:\/\/folhapopular.info\/index.php\/2018\/10\/09\/diversas-atividades-na-prefeitura-de-teutonia-marcarao-o-dia-das-criancas\/"},"author":{"name":"Reda\u00e7\u00e3o Folha Popular","@id":"https:\/\/folhapopular.info\/#\/schema\/person\/2814e8a0df7643585a9ca38bc6eb9d4b"},"headline":"Diversas atividades na Prefeitura de Teut\u00f4nia marcar\u00e3o o Dia das Crian\u00e7as","datePublished":"2018-10-09T19:00:56+00:00","mainEntityOfPage":{"@id":"https:\/\/folhapopular.info\/index.php\/2018\/10\/09\/diversas-atividades-na-prefeitura-de-teutonia-marcarao-o-dia-das-criancas\/"},"wordCount":1089,"commentCount":0,"image":{"@id":"https:\/\/folhapopular.info\/index.php\/2018\/10\/09\/diversas-atividades-na-prefeitura-de-teutonia-marcarao-o-dia-das-criancas\/#primaryimage"},"thumbnailUrl":"https:\/\/folhapopular.info\/wp-content\/uploads\/2018\/10\/Brinquedos-infl\u00e1veis-e-outras-atra\u00e7\u00f5es-integram-a-programa\u00e7\u00e3o-e1539110202261.jpg","keywords":["Dia das Crian\u00e7as","Semana do Brincar","Teut\u00f4nia"],"articleSection":["Destaques","Inclusive"],"inLanguage":"pt-BR","potentialAction":[{"@type":"CommentAction","name":"Comment","target":["https:\/\/folhapopular.info\/index.php\/2018\/10\/09\/diversas-atividades-na-prefeitura-de-teutonia-marcarao-o-dia-das-criancas\/#respond"]}]},{"@type":"WebPage","@id":"https:\/\/folhapopular.info\/index.php\/2018\/10\/09\/diversas-atividades-na-prefeitura-de-teutonia-marcarao-o-dia-das-criancas\/","url":"https:\/\/folhapopular.info\/index.php\/2018\/10\/09\/diversas-atividades-na-prefeitura-de-teutonia-marcarao-o-dia-das-criancas\/","name":"Diversas atividades na Prefeitura de Teut\u00f4nia marcar\u00e3o o Dia das Crian\u00e7as - Folha Popular","isPartOf":{"@id":"https:\/\/folhapopular.info\/#website"},"primaryImageOfPage":{"@id":"https:\/\/folhapopular.info\/index.php\/2018\/10\/09\/diversas-atividades-na-prefeitura-de-teutonia-marcarao-o-dia-das-criancas\/#primaryimage"},"image":{"@id":"https:\/\/folhapopular.info\/index.php\/2018\/10\/09\/diversas-atividades-na-prefeitura-de-teutonia-marcarao-o-dia-das-criancas\/#primaryimage"},"thumbnailUrl":"https:\/\/folhapopular.info\/wp-content\/uploads\/2018\/10\/Brinquedos-infl\u00e1veis-e-outras-atra\u00e7\u00f5es-integram-a-programa\u00e7\u00e3o-e1539110202261.jpg","datePublished":"2018-10-09T19:00:56+00:00","author":{"@id":"https:\/\/folhapopular.info\/#\/schema\/person\/2814e8a0df7643585a9ca38bc6eb9d4b"},"breadcrumb":{"@id":"https:\/\/folhapopular.info\/index.php\/2018\/10\/09\/diversas-atividades-na-prefeitura-de-teutonia-marcarao-o-dia-das-criancas\/#breadcrumb"},"inLanguage":"pt-BR","potentialAction":[{"@type":"ReadAction","target":["https:\/\/folhapopular.info\/index.php\/2018\/10\/09\/diversas-atividades-na-prefeitura-de-teutonia-marcarao-o-dia-das-criancas\/"]}]},{"@type":"ImageObject","inLanguage":"pt-BR","@id":"https:\/\/folhapopular.info\/index.php\/2018\/10\/09\/diversas-atividades-na-prefeitura-de-teutonia-marcarao-o-dia-das-criancas\/#primaryimage","url":"https:\/\/folhapopular.info\/wp-content\/uploads\/2018\/10\/Brinquedos-infl\u00e1veis-e-outras-atra\u00e7\u00f5es-integram-a-programa\u00e7\u00e3o-e1539110202261.jpg","contentUrl":"https:\/\/folhapopular.info\/wp-content\/uploads\/2018\/10\/Brinquedos-infl\u00e1veis-e-outras-atra\u00e7\u00f5es-integram-a-programa\u00e7\u00e3o-e1539110202261.jpg","width":800,"height":533,"caption":"Brinquedos infl\u00e1veis e outras atra\u00e7\u00f5es integram a programa\u00e7\u00e3o\/Cr\u00e9dito da foto: Larissa Santos\/arquivo\/divulga\u00e7\u00e3o"},{"@type":"BreadcrumbList","@id":"https:\/\/folhapopular.info\/index.php\/2018\/10\/09\/diversas-atividades-na-prefeitura-de-teutonia-marcarao-o-dia-das-criancas\/#breadcrumb","itemListElement":[{"@type":"ListItem","position":1,"name":"In\u00edcio","item":"https:\/\/folhapopular.info\/"},{"@type":"ListItem","position":2,"name":"Diversas atividades na Prefeitura de Teut\u00f4nia marcar\u00e3o o Dia das Crian\u00e7as"}]},{"@type":"WebSite","@id":"https:\/\/folhapopular.info\/#website","url":"https:\/\/folhapopular.info\/","name":"Folha Popular","description":"Onde voc\u00ea tem vez e voz","potentialAction":[{"@type":"SearchAction","target":{"@type":"EntryPoint","urlTemplate":"https:\/\/folhapopular.info\/?s={search_term_string}"},"query-input":{"@type":"PropertyValueSpecification","valueRequired":true,"valueName":"search_term_string"}}],"inLanguage":"pt-BR"},{"@type":"Person","@id":"https:\/\/folhapopular.info\/#\/schema\/person\/2814e8a0df7643585a9ca38bc6eb9d4b","name":"Reda\u00e7\u00e3o Folha Popular","image":{"@type":"ImageObject","inLanguage":"pt-BR","@id":"https:\/\/folhapopular.info\/wp-content\/uploads\/2026\/04\/Folha-1.webp","url":"https:\/\/folhapopular.info\/wp-content\/uploads\/2026\/04\/Folha-1.webp","contentUrl":"https:\/\/folhapopular.info\/wp-content\/uploads\/2026\/04\/Folha-1.webp","caption":"Reda\u00e7\u00e3o Folha Popular"},"url":"https:\/\/folhapopular.info\/index.php\/author\/redacao\/"}]}},"jetpack_featured_media_url":"https:\/\/folhapopular.info\/wp-content\/uploads\/2018\/10\/Brinquedos-infl\u00e1veis-e-outras-atra\u00e7\u00f5es-integram-a-programa\u00e7\u00e3o-e1539110202261.jpg","jetpack_sharing_enabled":true,"amp_enabled":true,"_links":{"self":[{"href":"https:\/\/folhapopular.info\/index.php\/wp-json\/wp\/v2\/posts\/48761","targetHints":{"allow":["GET"]}}],"collection":[{"href":"https:\/\/folhapopular.info\/index.php\/wp-json\/wp\/v2\/posts"}],"about":[{"href":"https:\/\/folhapopular.info\/index.php\/wp-json\/wp\/v2\/types\/post"}],"author":[{"embeddable":true,"href":"https:\/\/folhapopular.info\/index.php\/wp-json\/wp\/v2\/users\/8"}],"replies":[{"embeddable":true,"href":"https:\/\/folhapopular.info\/index.php\/wp-json\/wp\/v2\/comments?post=48761"}],"version-history":[{"count":0,"href":"https:\/\/folhapopular.info\/index.php\/wp-json\/wp\/v2\/posts\/48761\/revisions"}],"wp:featuredmedia":[{"embeddable":true,"href":"https:\/\/folhapopular.info\/index.php\/wp-json\/wp\/v2\/media\/48762"}],"wp:attachment":[{"href":"https:\/\/folhapopular.info\/index.php\/wp-json\/wp\/v2\/media?parent=48761"}],"wp:term":[{"taxonomy":"category","embeddable":true,"href":"https:\/\/folhapopular.info\/index.php\/wp-json\/wp\/v2\/categories?post=48761"},{"taxonomy":"post_tag","embeddable":true,"href":"https:\/\/folhapopular.info\/index.php\/wp-json\/wp\/v2\/tags?post=48761"}],"curies":[{"name":"wp","href":"https:\/\/api.w.org\/{rel}","templated":true}]}}