{"id":48811,"date":"2018-10-11T18:30:04","date_gmt":"2018-10-11T21:30:04","guid":{"rendered":"http:\/\/folhapopular.info\/?p=48811"},"modified":"2018-10-11T14:50:33","modified_gmt":"2018-10-11T17:50:33","slug":"semana-do-brincar-leva-alegria-as-criancas-no-hospital-e-unidades-de-saude","status":"publish","type":"post","link":"https:\/\/folhapopular.info\/index.php\/2018\/10\/11\/semana-do-brincar-leva-alegria-as-criancas-no-hospital-e-unidades-de-saude\/","title":{"rendered":"Semana do Brincar leva alegria \u00e0s crian\u00e7as no hospital e unidades de sa\u00fade"},"content":{"rendered":"<p>Crian\u00e7as internadas ou em consulta no Hospital Ouro Branco, em Teut\u00f4nia, tiveram alguns minutos de alegria nesta quarta-feira (10\/10). Uma dupla de palha\u00e7os percorreu corredores da casa de sa\u00fade distribuindo bal\u00f5es e espalhando alegria \u00e0s crian\u00e7as e, tamb\u00e9m, aos adultos. A atividade ainda foi realizada no Centro Avan\u00e7ado de Sa\u00fade do Bairro Canabarro e no Posto de Sa\u00fade do Loteamento 8.<\/p>\n<p>A a\u00e7\u00e3o, intitulada \u201cFazer o bem&#8230; Brincando\u201d, integrou a Semana do Brincar, que ocorre desde segunda-feira (08\/10), com o objetivo de desenvolver a conscientiza\u00e7\u00e3o sobre a import\u00e2ncia do ato de brincar. Al\u00e9m de atividades nas escolas, a programa\u00e7\u00e3o contemplou a\u00e7\u00f5es solid\u00e1rias, como a visita ao Hospital Ouro Branco e \u00e0s unidades de sa\u00fade.<\/p>\n<p>Para a coordenadora da Educa\u00e7\u00e3o Infantil de Teut\u00f4nia, Alessandra Surkamp, a a\u00e7\u00e3o solid\u00e1ria gerou resultados inesquec\u00edveis. \u201cFoi muito gratificante ver o sorriso de cada crian\u00e7a ao receber a visita dos palha\u00e7os. Foram alguns minutos em que a dor deu lugar ao sorriso no rosto das crian\u00e7as e dos adultos. E isso n\u00e3o tem pre\u00e7o\u201d, frisa.<\/p>\n<p>No final da tarde desta quinta-feira (11\/10), nova a\u00e7\u00e3o solid\u00e1ria foi programada, quando os brinquedos arrecadados pelo Corpo de Bombeiros Volunt\u00e1rios de Teut\u00f4nia, em gincana interna de integra\u00e7\u00e3o, foram entregues \u00e0s crian\u00e7as da Escola Municipal de Educa\u00e7\u00e3o Infantil Sonho de Crian\u00e7a, do Bairro Canabarro.<\/p>\n<figure id=\"attachment_48813\" aria-describedby=\"caption-attachment-48813\" style=\"width: 696px\" class=\"wp-caption aligncenter\"><a href=\"https:\/\/folhapopular.info\/wp-content\/uploads\/2018\/10\/Um-dos-locais-visitados-foi-o-Centro-Avan\u00e7ado-de-Sa\u00fade-e1539280038840.jpg\"><img loading=\"lazy\" decoding=\"async\" class=\"size-large wp-image-48813\" src=\"https:\/\/folhapopular.info\/wp-content\/uploads\/2018\/10\/Um-dos-locais-visitados-foi-o-Centro-Avan\u00e7ado-de-Sa\u00fade-1024x683.jpg\" alt=\"\" width=\"696\" height=\"464\" \/><\/a><figcaption id=\"caption-attachment-48813\" class=\"wp-caption-text\">Um dos locais visitados foi o Centro Avan\u00e7ado de Sa\u00fade<\/figcaption><\/figure>\n","protected":false},"excerpt":{"rendered":"<p>Crian\u00e7as internadas ou em consulta no Hospital Ouro Branco, em Teut\u00f4nia, tiveram alguns minutos de alegria nesta quarta-feira (10\/10). Uma dupla de palha\u00e7os percorreu corredores da casa de sa\u00fade distribuindo bal\u00f5es e espalhando alegria \u00e0s crian\u00e7as e, tamb\u00e9m, aos adultos. A atividade ainda foi realizada no Centro Avan\u00e7ado de Sa\u00fade do Bairro Canabarro e no [&hellip;]<\/p>\n","protected":false},"author":8,"featured_media":48812,"comment_status":"open","ping_status":"open","sticky":false,"template":"","format":"standard","meta":{"pmpro_default_level":"","_jetpack_memberships_contains_paid_content":false,"footnotes":""},"categories":[3],"tags":[3478,26],"class_list":{"0":"post-48811","1":"post","2":"type-post","3":"status-publish","4":"format-standard","5":"has-post-thumbnail","7":"category-geral","8":"tag-semana-do-brincar","9":"tag-teutonia","10":"pmpro-has-access"},"yoast_head":"<!-- This site is optimized with the Yoast SEO plugin v27.5 - https:\/\/yoast.com\/product\/yoast-seo-wordpress\/ -->\n<title>Semana do Brincar leva alegria \u00e0s crian\u00e7as no hospital e unidades de sa\u00fade - Folha Popular<\/title>\n<meta name=\"robots\" content=\"index, follow, max-snippet:-1, max-image-preview:large, max-video-preview:-1\" \/>\n<link rel=\"canonical\" href=\"https:\/\/folhapopular.info\/index.php\/2018\/10\/11\/semana-do-brincar-leva-alegria-as-criancas-no-hospital-e-unidades-de-saude\/\" \/>\n<meta property=\"og:locale\" content=\"pt_BR\" \/>\n<meta property=\"og:type\" content=\"article\" \/>\n<meta property=\"og:title\" content=\"Semana do Brincar leva alegria \u00e0s crian\u00e7as no hospital e unidades de sa\u00fade - Folha Popular\" \/>\n<meta property=\"og:description\" content=\"Crian\u00e7as internadas ou em consulta no Hospital Ouro Branco, em Teut\u00f4nia, tiveram alguns minutos de alegria nesta quarta-feira (10\/10). Uma dupla de palha\u00e7os percorreu corredores da casa de sa\u00fade distribuindo bal\u00f5es e espalhando alegria \u00e0s crian\u00e7as e, tamb\u00e9m, aos adultos. A atividade ainda foi realizada no Centro Avan\u00e7ado de Sa\u00fade do Bairro Canabarro e no [&hellip;]\" \/>\n<meta property=\"og:url\" content=\"https:\/\/folhapopular.info\/index.php\/2018\/10\/11\/semana-do-brincar-leva-alegria-as-criancas-no-hospital-e-unidades-de-saude\/\" \/>\n<meta property=\"og:site_name\" content=\"Folha Popular\" \/>\n<meta property=\"article:published_time\" content=\"2018-10-11T21:30:04+00:00\" \/>\n<meta property=\"og:image\" content=\"https:\/\/folhapopular.info\/wp-content\/uploads\/2018\/10\/Crian\u00e7as-internadas-no-Hospital-Ouro-Branco-tiveram-alguns-minutos-de-alegria-e1539280130616.jpg\" \/>\n\t<meta property=\"og:image:width\" content=\"1000\" \/>\n\t<meta property=\"og:image:height\" content=\"667\" \/>\n\t<meta property=\"og:image:type\" content=\"image\/jpeg\" \/>\n<meta name=\"author\" content=\"Reda\u00e7\u00e3o Folha Popular\" \/>\n<meta name=\"twitter:card\" content=\"summary_large_image\" \/>\n<meta name=\"twitter:label1\" content=\"Escrito por\" \/>\n\t<meta name=\"twitter:data1\" content=\"Reda\u00e7\u00e3o Folha Popular\" \/>\n\t<meta name=\"twitter:label2\" content=\"Est. tempo de leitura\" \/>\n\t<meta name=\"twitter:data2\" content=\"1 minuto\" \/>\n<script type=\"application\/ld+json\" class=\"yoast-schema-graph\">{\"@context\":\"https:\\\/\\\/schema.org\",\"@graph\":[{\"@type\":\"Article\",\"@id\":\"https:\\\/\\\/folhapopular.info\\\/index.php\\\/2018\\\/10\\\/11\\\/semana-do-brincar-leva-alegria-as-criancas-no-hospital-e-unidades-de-saude\\\/#article\",\"isPartOf\":{\"@id\":\"https:\\\/\\\/folhapopular.info\\\/index.php\\\/2018\\\/10\\\/11\\\/semana-do-brincar-leva-alegria-as-criancas-no-hospital-e-unidades-de-saude\\\/\"},\"author\":{\"name\":\"Reda\u00e7\u00e3o Folha Popular\",\"@id\":\"https:\\\/\\\/folhapopular.info\\\/#\\\/schema\\\/person\\\/2814e8a0df7643585a9ca38bc6eb9d4b\"},\"headline\":\"Semana do Brincar leva alegria \u00e0s crian\u00e7as no hospital e unidades de sa\u00fade\",\"datePublished\":\"2018-10-11T21:30:04+00:00\",\"mainEntityOfPage\":{\"@id\":\"https:\\\/\\\/folhapopular.info\\\/index.php\\\/2018\\\/10\\\/11\\\/semana-do-brincar-leva-alegria-as-criancas-no-hospital-e-unidades-de-saude\\\/\"},\"wordCount\":279,\"commentCount\":0,\"image\":{\"@id\":\"https:\\\/\\\/folhapopular.info\\\/index.php\\\/2018\\\/10\\\/11\\\/semana-do-brincar-leva-alegria-as-criancas-no-hospital-e-unidades-de-saude\\\/#primaryimage\"},\"thumbnailUrl\":\"https:\\\/\\\/folhapopular.info\\\/wp-content\\\/uploads\\\/2018\\\/10\\\/Crian\u00e7as-internadas-no-Hospital-Ouro-Branco-tiveram-alguns-minutos-de-alegria-e1539280130616.jpg\",\"keywords\":[\"Semana do Brincar\",\"Teut\u00f4nia\"],\"articleSection\":[\"Geral\"],\"inLanguage\":\"pt-BR\",\"potentialAction\":[{\"@type\":\"CommentAction\",\"name\":\"Comment\",\"target\":[\"https:\\\/\\\/folhapopular.info\\\/index.php\\\/2018\\\/10\\\/11\\\/semana-do-brincar-leva-alegria-as-criancas-no-hospital-e-unidades-de-saude\\\/#respond\"]}]},{\"@type\":\"WebPage\",\"@id\":\"https:\\\/\\\/folhapopular.info\\\/index.php\\\/2018\\\/10\\\/11\\\/semana-do-brincar-leva-alegria-as-criancas-no-hospital-e-unidades-de-saude\\\/\",\"url\":\"https:\\\/\\\/folhapopular.info\\\/index.php\\\/2018\\\/10\\\/11\\\/semana-do-brincar-leva-alegria-as-criancas-no-hospital-e-unidades-de-saude\\\/\",\"name\":\"Semana do Brincar leva alegria \u00e0s crian\u00e7as no hospital e unidades de sa\u00fade - Folha Popular\",\"isPartOf\":{\"@id\":\"https:\\\/\\\/folhapopular.info\\\/#website\"},\"primaryImageOfPage\":{\"@id\":\"https:\\\/\\\/folhapopular.info\\\/index.php\\\/2018\\\/10\\\/11\\\/semana-do-brincar-leva-alegria-as-criancas-no-hospital-e-unidades-de-saude\\\/#primaryimage\"},\"image\":{\"@id\":\"https:\\\/\\\/folhapopular.info\\\/index.php\\\/2018\\\/10\\\/11\\\/semana-do-brincar-leva-alegria-as-criancas-no-hospital-e-unidades-de-saude\\\/#primaryimage\"},\"thumbnailUrl\":\"https:\\\/\\\/folhapopular.info\\\/wp-content\\\/uploads\\\/2018\\\/10\\\/Crian\u00e7as-internadas-no-Hospital-Ouro-Branco-tiveram-alguns-minutos-de-alegria-e1539280130616.jpg\",\"datePublished\":\"2018-10-11T21:30:04+00:00\",\"author\":{\"@id\":\"https:\\\/\\\/folhapopular.info\\\/#\\\/schema\\\/person\\\/2814e8a0df7643585a9ca38bc6eb9d4b\"},\"breadcrumb\":{\"@id\":\"https:\\\/\\\/folhapopular.info\\\/index.php\\\/2018\\\/10\\\/11\\\/semana-do-brincar-leva-alegria-as-criancas-no-hospital-e-unidades-de-saude\\\/#breadcrumb\"},\"inLanguage\":\"pt-BR\",\"potentialAction\":[{\"@type\":\"ReadAction\",\"target\":[\"https:\\\/\\\/folhapopular.info\\\/index.php\\\/2018\\\/10\\\/11\\\/semana-do-brincar-leva-alegria-as-criancas-no-hospital-e-unidades-de-saude\\\/\"]}]},{\"@type\":\"ImageObject\",\"inLanguage\":\"pt-BR\",\"@id\":\"https:\\\/\\\/folhapopular.info\\\/index.php\\\/2018\\\/10\\\/11\\\/semana-do-brincar-leva-alegria-as-criancas-no-hospital-e-unidades-de-saude\\\/#primaryimage\",\"url\":\"https:\\\/\\\/folhapopular.info\\\/wp-content\\\/uploads\\\/2018\\\/10\\\/Crian\u00e7as-internadas-no-Hospital-Ouro-Branco-tiveram-alguns-minutos-de-alegria-e1539280130616.jpg\",\"contentUrl\":\"https:\\\/\\\/folhapopular.info\\\/wp-content\\\/uploads\\\/2018\\\/10\\\/Crian\u00e7as-internadas-no-Hospital-Ouro-Branco-tiveram-alguns-minutos-de-alegria-e1539280130616.jpg\",\"width\":1000,\"height\":667,\"caption\":\"Crian\u00e7as internadas no Hospital Ouro Branco tiveram alguns minutos de alegria\"},{\"@type\":\"BreadcrumbList\",\"@id\":\"https:\\\/\\\/folhapopular.info\\\/index.php\\\/2018\\\/10\\\/11\\\/semana-do-brincar-leva-alegria-as-criancas-no-hospital-e-unidades-de-saude\\\/#breadcrumb\",\"itemListElement\":[{\"@type\":\"ListItem\",\"position\":1,\"name\":\"In\u00edcio\",\"item\":\"https:\\\/\\\/folhapopular.info\\\/\"},{\"@type\":\"ListItem\",\"position\":2,\"name\":\"Semana do Brincar leva alegria \u00e0s crian\u00e7as no hospital e unidades de sa\u00fade\"}]},{\"@type\":\"WebSite\",\"@id\":\"https:\\\/\\\/folhapopular.info\\\/#website\",\"url\":\"https:\\\/\\\/folhapopular.info\\\/\",\"name\":\"Folha Popular\",\"description\":\"Onde voc\u00ea tem vez e voz\",\"potentialAction\":[{\"@type\":\"SearchAction\",\"target\":{\"@type\":\"EntryPoint\",\"urlTemplate\":\"https:\\\/\\\/folhapopular.info\\\/?s={search_term_string}\"},\"query-input\":{\"@type\":\"PropertyValueSpecification\",\"valueRequired\":true,\"valueName\":\"search_term_string\"}}],\"inLanguage\":\"pt-BR\"},{\"@type\":\"Person\",\"@id\":\"https:\\\/\\\/folhapopular.info\\\/#\\\/schema\\\/person\\\/2814e8a0df7643585a9ca38bc6eb9d4b\",\"name\":\"Reda\u00e7\u00e3o Folha Popular\",\"image\":{\"@type\":\"ImageObject\",\"inLanguage\":\"pt-BR\",\"@id\":\"https:\\\/\\\/folhapopular.info\\\/wp-content\\\/uploads\\\/2026\\\/04\\\/Folha-1.webp\",\"url\":\"https:\\\/\\\/folhapopular.info\\\/wp-content\\\/uploads\\\/2026\\\/04\\\/Folha-1.webp\",\"contentUrl\":\"https:\\\/\\\/folhapopular.info\\\/wp-content\\\/uploads\\\/2026\\\/04\\\/Folha-1.webp\",\"caption\":\"Reda\u00e7\u00e3o Folha Popular\"},\"url\":\"https:\\\/\\\/folhapopular.info\\\/index.php\\\/author\\\/redacao\\\/\"}]}<\/script>\n<!-- \/ Yoast SEO plugin. -->","yoast_head_json":{"title":"Semana do Brincar leva alegria \u00e0s crian\u00e7as no hospital e unidades de sa\u00fade - Folha Popular","robots":{"index":"index","follow":"follow","max-snippet":"max-snippet:-1","max-image-preview":"max-image-preview:large","max-video-preview":"max-video-preview:-1"},"canonical":"https:\/\/folhapopular.info\/index.php\/2018\/10\/11\/semana-do-brincar-leva-alegria-as-criancas-no-hospital-e-unidades-de-saude\/","og_locale":"pt_BR","og_type":"article","og_title":"Semana do Brincar leva alegria \u00e0s crian\u00e7as no hospital e unidades de sa\u00fade - Folha Popular","og_description":"Crian\u00e7as internadas ou em consulta no Hospital Ouro Branco, em Teut\u00f4nia, tiveram alguns minutos de alegria nesta quarta-feira (10\/10). Uma dupla de palha\u00e7os percorreu corredores da casa de sa\u00fade distribuindo bal\u00f5es e espalhando alegria \u00e0s crian\u00e7as e, tamb\u00e9m, aos adultos. A atividade ainda foi realizada no Centro Avan\u00e7ado de Sa\u00fade do Bairro Canabarro e no [&hellip;]","og_url":"https:\/\/folhapopular.info\/index.php\/2018\/10\/11\/semana-do-brincar-leva-alegria-as-criancas-no-hospital-e-unidades-de-saude\/","og_site_name":"Folha Popular","article_published_time":"2018-10-11T21:30:04+00:00","og_image":[{"width":1000,"height":667,"url":"https:\/\/folhapopular.info\/wp-content\/uploads\/2018\/10\/Crian\u00e7as-internadas-no-Hospital-Ouro-Branco-tiveram-alguns-minutos-de-alegria-e1539280130616.jpg","type":"image\/jpeg"}],"author":"Reda\u00e7\u00e3o Folha Popular","twitter_card":"summary_large_image","twitter_misc":{"Escrito por":"Reda\u00e7\u00e3o Folha Popular","Est. tempo de leitura":"1 minuto"},"schema":{"@context":"https:\/\/schema.org","@graph":[{"@type":"Article","@id":"https:\/\/folhapopular.info\/index.php\/2018\/10\/11\/semana-do-brincar-leva-alegria-as-criancas-no-hospital-e-unidades-de-saude\/#article","isPartOf":{"@id":"https:\/\/folhapopular.info\/index.php\/2018\/10\/11\/semana-do-brincar-leva-alegria-as-criancas-no-hospital-e-unidades-de-saude\/"},"author":{"name":"Reda\u00e7\u00e3o Folha Popular","@id":"https:\/\/folhapopular.info\/#\/schema\/person\/2814e8a0df7643585a9ca38bc6eb9d4b"},"headline":"Semana do Brincar leva alegria \u00e0s crian\u00e7as no hospital e unidades de sa\u00fade","datePublished":"2018-10-11T21:30:04+00:00","mainEntityOfPage":{"@id":"https:\/\/folhapopular.info\/index.php\/2018\/10\/11\/semana-do-brincar-leva-alegria-as-criancas-no-hospital-e-unidades-de-saude\/"},"wordCount":279,"commentCount":0,"image":{"@id":"https:\/\/folhapopular.info\/index.php\/2018\/10\/11\/semana-do-brincar-leva-alegria-as-criancas-no-hospital-e-unidades-de-saude\/#primaryimage"},"thumbnailUrl":"https:\/\/folhapopular.info\/wp-content\/uploads\/2018\/10\/Crian\u00e7as-internadas-no-Hospital-Ouro-Branco-tiveram-alguns-minutos-de-alegria-e1539280130616.jpg","keywords":["Semana do Brincar","Teut\u00f4nia"],"articleSection":["Geral"],"inLanguage":"pt-BR","potentialAction":[{"@type":"CommentAction","name":"Comment","target":["https:\/\/folhapopular.info\/index.php\/2018\/10\/11\/semana-do-brincar-leva-alegria-as-criancas-no-hospital-e-unidades-de-saude\/#respond"]}]},{"@type":"WebPage","@id":"https:\/\/folhapopular.info\/index.php\/2018\/10\/11\/semana-do-brincar-leva-alegria-as-criancas-no-hospital-e-unidades-de-saude\/","url":"https:\/\/folhapopular.info\/index.php\/2018\/10\/11\/semana-do-brincar-leva-alegria-as-criancas-no-hospital-e-unidades-de-saude\/","name":"Semana do Brincar leva alegria \u00e0s crian\u00e7as no hospital e unidades de sa\u00fade - Folha Popular","isPartOf":{"@id":"https:\/\/folhapopular.info\/#website"},"primaryImageOfPage":{"@id":"https:\/\/folhapopular.info\/index.php\/2018\/10\/11\/semana-do-brincar-leva-alegria-as-criancas-no-hospital-e-unidades-de-saude\/#primaryimage"},"image":{"@id":"https:\/\/folhapopular.info\/index.php\/2018\/10\/11\/semana-do-brincar-leva-alegria-as-criancas-no-hospital-e-unidades-de-saude\/#primaryimage"},"thumbnailUrl":"https:\/\/folhapopular.info\/wp-content\/uploads\/2018\/10\/Crian\u00e7as-internadas-no-Hospital-Ouro-Branco-tiveram-alguns-minutos-de-alegria-e1539280130616.jpg","datePublished":"2018-10-11T21:30:04+00:00","author":{"@id":"https:\/\/folhapopular.info\/#\/schema\/person\/2814e8a0df7643585a9ca38bc6eb9d4b"},"breadcrumb":{"@id":"https:\/\/folhapopular.info\/index.php\/2018\/10\/11\/semana-do-brincar-leva-alegria-as-criancas-no-hospital-e-unidades-de-saude\/#breadcrumb"},"inLanguage":"pt-BR","potentialAction":[{"@type":"ReadAction","target":["https:\/\/folhapopular.info\/index.php\/2018\/10\/11\/semana-do-brincar-leva-alegria-as-criancas-no-hospital-e-unidades-de-saude\/"]}]},{"@type":"ImageObject","inLanguage":"pt-BR","@id":"https:\/\/folhapopular.info\/index.php\/2018\/10\/11\/semana-do-brincar-leva-alegria-as-criancas-no-hospital-e-unidades-de-saude\/#primaryimage","url":"https:\/\/folhapopular.info\/wp-content\/uploads\/2018\/10\/Crian\u00e7as-internadas-no-Hospital-Ouro-Branco-tiveram-alguns-minutos-de-alegria-e1539280130616.jpg","contentUrl":"https:\/\/folhapopular.info\/wp-content\/uploads\/2018\/10\/Crian\u00e7as-internadas-no-Hospital-Ouro-Branco-tiveram-alguns-minutos-de-alegria-e1539280130616.jpg","width":1000,"height":667,"caption":"Crian\u00e7as internadas no Hospital Ouro Branco tiveram alguns minutos de alegria"},{"@type":"BreadcrumbList","@id":"https:\/\/folhapopular.info\/index.php\/2018\/10\/11\/semana-do-brincar-leva-alegria-as-criancas-no-hospital-e-unidades-de-saude\/#breadcrumb","itemListElement":[{"@type":"ListItem","position":1,"name":"In\u00edcio","item":"https:\/\/folhapopular.info\/"},{"@type":"ListItem","position":2,"name":"Semana do Brincar leva alegria \u00e0s crian\u00e7as no hospital e unidades de sa\u00fade"}]},{"@type":"WebSite","@id":"https:\/\/folhapopular.info\/#website","url":"https:\/\/folhapopular.info\/","name":"Folha Popular","description":"Onde voc\u00ea tem vez e voz","potentialAction":[{"@type":"SearchAction","target":{"@type":"EntryPoint","urlTemplate":"https:\/\/folhapopular.info\/?s={search_term_string}"},"query-input":{"@type":"PropertyValueSpecification","valueRequired":true,"valueName":"search_term_string"}}],"inLanguage":"pt-BR"},{"@type":"Person","@id":"https:\/\/folhapopular.info\/#\/schema\/person\/2814e8a0df7643585a9ca38bc6eb9d4b","name":"Reda\u00e7\u00e3o Folha Popular","image":{"@type":"ImageObject","inLanguage":"pt-BR","@id":"https:\/\/folhapopular.info\/wp-content\/uploads\/2026\/04\/Folha-1.webp","url":"https:\/\/folhapopular.info\/wp-content\/uploads\/2026\/04\/Folha-1.webp","contentUrl":"https:\/\/folhapopular.info\/wp-content\/uploads\/2026\/04\/Folha-1.webp","caption":"Reda\u00e7\u00e3o Folha Popular"},"url":"https:\/\/folhapopular.info\/index.php\/author\/redacao\/"}]}},"jetpack_featured_media_url":"https:\/\/folhapopular.info\/wp-content\/uploads\/2018\/10\/Crian\u00e7as-internadas-no-Hospital-Ouro-Branco-tiveram-alguns-minutos-de-alegria-e1539280130616.jpg","jetpack_sharing_enabled":true,"amp_enabled":true,"_links":{"self":[{"href":"https:\/\/folhapopular.info\/index.php\/wp-json\/wp\/v2\/posts\/48811","targetHints":{"allow":["GET"]}}],"collection":[{"href":"https:\/\/folhapopular.info\/index.php\/wp-json\/wp\/v2\/posts"}],"about":[{"href":"https:\/\/folhapopular.info\/index.php\/wp-json\/wp\/v2\/types\/post"}],"author":[{"embeddable":true,"href":"https:\/\/folhapopular.info\/index.php\/wp-json\/wp\/v2\/users\/8"}],"replies":[{"embeddable":true,"href":"https:\/\/folhapopular.info\/index.php\/wp-json\/wp\/v2\/comments?post=48811"}],"version-history":[{"count":0,"href":"https:\/\/folhapopular.info\/index.php\/wp-json\/wp\/v2\/posts\/48811\/revisions"}],"wp:featuredmedia":[{"embeddable":true,"href":"https:\/\/folhapopular.info\/index.php\/wp-json\/wp\/v2\/media\/48812"}],"wp:attachment":[{"href":"https:\/\/folhapopular.info\/index.php\/wp-json\/wp\/v2\/media?parent=48811"}],"wp:term":[{"taxonomy":"category","embeddable":true,"href":"https:\/\/folhapopular.info\/index.php\/wp-json\/wp\/v2\/categories?post=48811"},{"taxonomy":"post_tag","embeddable":true,"href":"https:\/\/folhapopular.info\/index.php\/wp-json\/wp\/v2\/tags?post=48811"}],"curies":[{"name":"wp","href":"https:\/\/api.w.org\/{rel}","templated":true}]}}