{"id":48839,"date":"2018-10-12T16:07:12","date_gmt":"2018-10-12T19:07:12","guid":{"rendered":"http:\/\/folhapopular.info\/?p=48839"},"modified":"2018-10-12T16:08:35","modified_gmt":"2018-10-12T19:08:35","slug":"mais-de-540-ciclistas-participam-do-passeio-ciclistico-do-dia-das-criancas-de-teutonia","status":"publish","type":"post","link":"https:\/\/folhapopular.info\/index.php\/2018\/10\/12\/mais-de-540-ciclistas-participam-do-passeio-ciclistico-do-dia-das-criancas-de-teutonia\/","title":{"rendered":"Mais de 540 ciclistas participam do Passeio Cicl\u00edstico do Dia das Crian\u00e7as de Teut\u00f4nia"},"content":{"rendered":"<p>Na manh\u00e3 desta sexta-feir (12\/10), mais de 540 bicicletas invadiram as ruas de Teut\u00f4nia, durante a 8\u00aa edi\u00e7\u00e3o do Passeio Cicl\u00edstico do Dia das Crian\u00e7as. O evento foi organizado pelo grupo Bruxos da Bike e contou com o apoio da Prefeitura de Teut\u00f4nia. Segundo os organizadores, a edi\u00e7\u00e3o deste ano foi o maior Passeio Cicl\u00edstico j\u00e1 realizado no munic\u00edpio.<\/p>\n<p>O objetivo do evento, que reuniu participantes de todas as idades, foi estimular o uso da bicicleta como meio de transporte e de lazer. Al\u00e9m de promover a sa\u00fade e entretenimento, o uso da bicicleta diminui a emiss\u00e3o de gases poluentes e \u00e9 um dos meios vi\u00e1veis de mobilidade urbana.<\/p>\n<p>O roteiro do Passeio Cicl\u00edstico iniciou em frente ao Col\u00e9gio Teut\u00f4nia e seguiu pelas ruas Asido Dreyer, D\u00e9cio B\u00f6hmer, Daltro Filho (Estrada da V\u00e1rzea), Erno Dahmer, Senhor dos Passos, Guilherme Brust, Ewaldo Hilgemann, Fernando Ferrari, Avenida 1 Leste, Leopoldo Schneider, Dom Pedro II (at\u00e9 o Ieceg), Ewaldo Schaeffer, Carlos Arnt, Leopoldo Schneider, Avenida 1 Leste, at\u00e9 chegar no Pavilh\u00e3o Multiuso, no Bairro Centro Administrativo.<\/p>\n<p>Todos os participantes receberam medalhas de participa\u00e7\u00e3o. Ainda houve o sorteio de cerca de 80 brindes e de uma bicicleta, que foi para Welinton Pilz, do Bairro Canabarro. Tamb\u00e9m foram conhecidos os ciclistas participantes mais idosos, Silvane Luersen (70 anos) e Romeu Feldkircher (72 anos), e mais jovens, Cau\u00e3 Oliveira (3 anos) e as irm\u00e3s Bianca e Luise Rinaldi (5 anos).<\/p>\n<p>O prefeito, Jonatan Br\u00f6nstrup, que pedalou com sua filha Mariana, lembrou que o Passeio Cicl\u00edstico \u00e9 um evento muito aguardado. \u201cA demonstra\u00e7\u00e3o disso ocorreu hoje, com mais de 540 ciclistas participando do maior passeio cicl\u00edstico que Teut\u00f4nia j\u00e1 teve. Isto \u00e9 um recado para n\u00f3s, gestores, de que precisamos criar espa\u00e7os apropriados para os ciclistas, o que j\u00e1 estamos estudando\u201d, frisou.<\/p>\n<p>O 8\u00ba Passeio Cicl\u00edstico integrou a programa\u00e7\u00e3o da 1\u00aa Semana do Brincar de Teut\u00f4nia, que tem como tema \u201cVai come\u00e7ar a brincadeira\u201d, organizada pela Secretaria de Educa\u00e7\u00e3o. Apoiam a iniciativa as secretarias de Assist\u00eancia Social e Habita\u00e7\u00e3o, de Ind\u00fastria, Com\u00e9rcio e Turismo, de Sa\u00fade, e de Juventude, Cultura, Esporte e Lazer.<\/p>\n<div id='gallery-1' class='gallery galleryid-48839 gallery-columns-2 gallery-size-thumbnail'><figure class='gallery-item'>\n\t\t\t<div class='gallery-icon landscape'>\n\t\t\t\t<a href='https:\/\/folhapopular.info\/index.php\/2018\/10\/12\/mais-de-540-ciclistas-participam-do-passeio-ciclistico-do-dia-das-criancas-de-teutonia\/ciclistas-mais-jovens-feminino\/'><img loading=\"lazy\" decoding=\"async\" width=\"150\" height=\"150\" src=\"https:\/\/folhapopular.info\/wp-content\/uploads\/2018\/10\/Ciclistas-mais-jovens-feminino-150x150.jpg\" class=\"attachment-thumbnail size-thumbnail\" alt=\"\" aria-describedby=\"gallery-1-48847\" \/><\/a>\n\t\t\t<\/div>\n\t\t\t\t<figcaption class='wp-caption-text gallery-caption' id='gallery-1-48847'>\n\t\t\t\tCiclistas mais jovens &#8211; feminino\n\t\t\t\t<\/figcaption><\/figure><figure class='gallery-item'>\n\t\t\t<div class='gallery-icon landscape'>\n\t\t\t\t<a href='https:\/\/folhapopular.info\/index.php\/2018\/10\/12\/mais-de-540-ciclistas-participam-do-passeio-ciclistico-do-dia-das-criancas-de-teutonia\/ciclista-mais-jovem-masculino\/'><img loading=\"lazy\" decoding=\"async\" width=\"150\" height=\"150\" src=\"https:\/\/folhapopular.info\/wp-content\/uploads\/2018\/10\/Ciclista-mais-jovem-masculino-150x150.jpg\" class=\"attachment-thumbnail size-thumbnail\" alt=\"\" aria-describedby=\"gallery-1-48842\" \/><\/a>\n\t\t\t<\/div>\n\t\t\t\t<figcaption class='wp-caption-text gallery-caption' id='gallery-1-48842'>\n\t\t\t\tCiclista mais jovem &#8211; masculino\n\t\t\t\t<\/figcaption><\/figure><figure class='gallery-item'>\n\t\t\t<div class='gallery-icon landscape'>\n\t\t\t\t<a href='https:\/\/folhapopular.info\/index.php\/2018\/10\/12\/mais-de-540-ciclistas-participam-do-passeio-ciclistico-do-dia-das-criancas-de-teutonia\/ciclista-mais-idosa\/'><img loading=\"lazy\" decoding=\"async\" width=\"150\" height=\"150\" src=\"https:\/\/folhapopular.info\/wp-content\/uploads\/2018\/10\/Ciclista-mais-idosa-150x150.jpg\" class=\"attachment-thumbnail size-thumbnail\" alt=\"\" aria-describedby=\"gallery-1-48841\" \/><\/a>\n\t\t\t<\/div>\n\t\t\t\t<figcaption class='wp-caption-text gallery-caption' id='gallery-1-48841'>\n\t\t\t\tCiclista mais idosa\n\t\t\t\t<\/figcaption><\/figure><figure class='gallery-item'>\n\t\t\t<div class='gallery-icon landscape'>\n\t\t\t\t<a href='https:\/\/folhapopular.info\/index.php\/2018\/10\/12\/mais-de-540-ciclistas-participam-do-passeio-ciclistico-do-dia-das-criancas-de-teutonia\/ciclista-mais-idoso\/'><img loading=\"lazy\" decoding=\"async\" width=\"150\" height=\"150\" src=\"https:\/\/folhapopular.info\/wp-content\/uploads\/2018\/10\/Ciclista-mais-idoso-150x150.jpg\" class=\"attachment-thumbnail size-thumbnail\" alt=\"\" aria-describedby=\"gallery-1-48840\" \/><\/a>\n\t\t\t<\/div>\n\t\t\t\t<figcaption class='wp-caption-text gallery-caption' id='gallery-1-48840'>\n\t\t\t\tCiclista mais idoso\n\t\t\t\t<\/figcaption><\/figure><figure class='gallery-item'>\n\t\t\t<div class='gallery-icon landscape'>\n\t\t\t\t<a href='https:\/\/folhapopular.info\/index.php\/2018\/10\/12\/mais-de-540-ciclistas-participam-do-passeio-ciclistico-do-dia-das-criancas-de-teutonia\/welinton-pilz-foi-o-ganhador-da-bicicleta\/'><img loading=\"lazy\" decoding=\"async\" width=\"150\" height=\"150\" src=\"https:\/\/folhapopular.info\/wp-content\/uploads\/2018\/10\/Welinton-Pilz-foi-o-ganhador-da-bicicleta-150x150.jpg\" class=\"attachment-thumbnail size-thumbnail\" alt=\"\" aria-describedby=\"gallery-1-48843\" \/><\/a>\n\t\t\t<\/div>\n\t\t\t\t<figcaption class='wp-caption-text gallery-caption' id='gallery-1-48843'>\n\t\t\t\tWelinton Pilz foi o ganhador da bicicleta\n\t\t\t\t<\/figcaption><\/figure><figure class='gallery-item'>\n\t\t\t<div class='gallery-icon landscape'>\n\t\t\t\t<a href='https:\/\/folhapopular.info\/index.php\/2018\/10\/12\/mais-de-540-ciclistas-participam-do-passeio-ciclistico-do-dia-das-criancas-de-teutonia\/prefeito-jonatan-bronstrup-participou-com-sua-filha\/'><img loading=\"lazy\" decoding=\"async\" width=\"150\" height=\"150\" src=\"https:\/\/folhapopular.info\/wp-content\/uploads\/2018\/10\/Prefeito-Jonatan-Br\u00f6nstrup-participou-com-sua-filha-150x150.jpg\" class=\"attachment-thumbnail size-thumbnail\" alt=\"\" aria-describedby=\"gallery-1-48844\" \/><\/a>\n\t\t\t<\/div>\n\t\t\t\t<figcaption class='wp-caption-text gallery-caption' id='gallery-1-48844'>\n\t\t\t\tPrefeito Jonatan Br\u00f6nstrup participou com sua filha\n\t\t\t\t<\/figcaption><\/figure><figure class='gallery-item'>\n\t\t\t<div class='gallery-icon landscape'>\n\t\t\t\t<a href='https:\/\/folhapopular.info\/index.php\/2018\/10\/12\/mais-de-540-ciclistas-participam-do-passeio-ciclistico-do-dia-das-criancas-de-teutonia\/passeio-ciclistico-movimentou-as-ruas-de-teutonia\/'><img loading=\"lazy\" decoding=\"async\" width=\"150\" height=\"150\" src=\"https:\/\/folhapopular.info\/wp-content\/uploads\/2018\/10\/Passeio-Cicl\u00edstico-movimentou-as-ruas-de-Teut\u00f4nia-150x150.jpg\" class=\"attachment-thumbnail size-thumbnail\" alt=\"\" aria-describedby=\"gallery-1-48845\" \/><\/a>\n\t\t\t<\/div>\n\t\t\t\t<figcaption class='wp-caption-text gallery-caption' id='gallery-1-48845'>\n\t\t\t\tPasseio Cicl\u00edstico movimentou as ruas de Teut\u00f4nia\n\t\t\t\t<\/figcaption><\/figure>\n\t\t<\/div>\n\n","protected":false},"excerpt":{"rendered":"<p>Na manh\u00e3 desta sexta-feir (12\/10), mais de 540 bicicletas invadiram as ruas de Teut\u00f4nia, durante a 8\u00aa edi\u00e7\u00e3o do Passeio Cicl\u00edstico do Dia das Crian\u00e7as. O evento foi organizado pelo grupo Bruxos da Bike e contou com o apoio da Prefeitura de Teut\u00f4nia. Segundo os organizadores, a edi\u00e7\u00e3o deste ano foi o maior Passeio Cicl\u00edstico [&hellip;]<\/p>\n","protected":false},"author":8,"featured_media":48846,"comment_status":"open","ping_status":"open","sticky":false,"template":"","format":"standard","meta":{"pmpro_default_level":"","_jetpack_memberships_contains_paid_content":false,"footnotes":""},"categories":[2,6],"tags":[1120,3478,26],"class_list":{"0":"post-48839","1":"post","2":"type-post","3":"status-publish","4":"format-standard","5":"has-post-thumbnail","7":"category-featured","8":"category-inclusive","9":"tag-passeio-ciclistico","10":"tag-semana-do-brincar","11":"tag-teutonia","12":"pmpro-has-access"},"yoast_head":"<!-- This site is optimized with the Yoast SEO plugin v27.5 - https:\/\/yoast.com\/product\/yoast-seo-wordpress\/ -->\n<title>Mais de 540 ciclistas participam do Passeio Cicl\u00edstico do Dia das Crian\u00e7as de Teut\u00f4nia - Folha Popular<\/title>\n<meta name=\"robots\" content=\"index, follow, max-snippet:-1, max-image-preview:large, max-video-preview:-1\" \/>\n<link rel=\"canonical\" href=\"https:\/\/folhapopular.info\/index.php\/2018\/10\/12\/mais-de-540-ciclistas-participam-do-passeio-ciclistico-do-dia-das-criancas-de-teutonia\/\" \/>\n<meta property=\"og:locale\" content=\"pt_BR\" \/>\n<meta property=\"og:type\" content=\"article\" \/>\n<meta property=\"og:title\" content=\"Mais de 540 ciclistas participam do Passeio Cicl\u00edstico do Dia das Crian\u00e7as de Teut\u00f4nia - Folha Popular\" \/>\n<meta property=\"og:description\" content=\"Na manh\u00e3 desta sexta-feir (12\/10), mais de 540 bicicletas invadiram as ruas de Teut\u00f4nia, durante a 8\u00aa edi\u00e7\u00e3o do Passeio Cicl\u00edstico do Dia das Crian\u00e7as. O evento foi organizado pelo grupo Bruxos da Bike e contou com o apoio da Prefeitura de Teut\u00f4nia. Segundo os organizadores, a edi\u00e7\u00e3o deste ano foi o maior Passeio Cicl\u00edstico [&hellip;]\" \/>\n<meta property=\"og:url\" content=\"https:\/\/folhapopular.info\/index.php\/2018\/10\/12\/mais-de-540-ciclistas-participam-do-passeio-ciclistico-do-dia-das-criancas-de-teutonia\/\" \/>\n<meta property=\"og:site_name\" content=\"Folha Popular\" \/>\n<meta property=\"article:published_time\" content=\"2018-10-12T19:07:12+00:00\" \/>\n<meta property=\"article:modified_time\" content=\"2018-10-12T19:08:35+00:00\" \/>\n<meta property=\"og:image\" content=\"https:\/\/folhapopular.info\/wp-content\/uploads\/2018\/10\/Mais-de-540-ciclistas-participaram-e1539370911359.jpg\" \/>\n\t<meta property=\"og:image:width\" content=\"1000\" \/>\n\t<meta property=\"og:image:height\" content=\"667\" \/>\n\t<meta property=\"og:image:type\" content=\"image\/jpeg\" \/>\n<meta name=\"author\" content=\"Reda\u00e7\u00e3o Folha Popular\" \/>\n<meta name=\"twitter:card\" content=\"summary_large_image\" \/>\n<meta name=\"twitter:label1\" content=\"Escrito por\" \/>\n\t<meta name=\"twitter:data1\" content=\"Reda\u00e7\u00e3o Folha Popular\" \/>\n\t<meta name=\"twitter:label2\" content=\"Est. tempo de leitura\" \/>\n\t<meta name=\"twitter:data2\" content=\"2 minutos\" \/>\n<script type=\"application\/ld+json\" class=\"yoast-schema-graph\">{\"@context\":\"https:\\\/\\\/schema.org\",\"@graph\":[{\"@type\":\"Article\",\"@id\":\"https:\\\/\\\/folhapopular.info\\\/index.php\\\/2018\\\/10\\\/12\\\/mais-de-540-ciclistas-participam-do-passeio-ciclistico-do-dia-das-criancas-de-teutonia\\\/#article\",\"isPartOf\":{\"@id\":\"https:\\\/\\\/folhapopular.info\\\/index.php\\\/2018\\\/10\\\/12\\\/mais-de-540-ciclistas-participam-do-passeio-ciclistico-do-dia-das-criancas-de-teutonia\\\/\"},\"author\":{\"name\":\"Reda\u00e7\u00e3o Folha Popular\",\"@id\":\"https:\\\/\\\/folhapopular.info\\\/#\\\/schema\\\/person\\\/2814e8a0df7643585a9ca38bc6eb9d4b\"},\"headline\":\"Mais de 540 ciclistas participam do Passeio Cicl\u00edstico do Dia das Crian\u00e7as de Teut\u00f4nia\",\"datePublished\":\"2018-10-12T19:07:12+00:00\",\"dateModified\":\"2018-10-12T19:08:35+00:00\",\"mainEntityOfPage\":{\"@id\":\"https:\\\/\\\/folhapopular.info\\\/index.php\\\/2018\\\/10\\\/12\\\/mais-de-540-ciclistas-participam-do-passeio-ciclistico-do-dia-das-criancas-de-teutonia\\\/\"},\"wordCount\":397,\"commentCount\":0,\"image\":{\"@id\":\"https:\\\/\\\/folhapopular.info\\\/index.php\\\/2018\\\/10\\\/12\\\/mais-de-540-ciclistas-participam-do-passeio-ciclistico-do-dia-das-criancas-de-teutonia\\\/#primaryimage\"},\"thumbnailUrl\":\"https:\\\/\\\/folhapopular.info\\\/wp-content\\\/uploads\\\/2018\\\/10\\\/Mais-de-540-ciclistas-participaram-e1539370911359.jpg\",\"keywords\":[\"Passeio Ciclistico\",\"Semana do Brincar\",\"Teut\u00f4nia\"],\"articleSection\":[\"Destaques\",\"Inclusive\"],\"inLanguage\":\"pt-BR\",\"potentialAction\":[{\"@type\":\"CommentAction\",\"name\":\"Comment\",\"target\":[\"https:\\\/\\\/folhapopular.info\\\/index.php\\\/2018\\\/10\\\/12\\\/mais-de-540-ciclistas-participam-do-passeio-ciclistico-do-dia-das-criancas-de-teutonia\\\/#respond\"]}]},{\"@type\":\"WebPage\",\"@id\":\"https:\\\/\\\/folhapopular.info\\\/index.php\\\/2018\\\/10\\\/12\\\/mais-de-540-ciclistas-participam-do-passeio-ciclistico-do-dia-das-criancas-de-teutonia\\\/\",\"url\":\"https:\\\/\\\/folhapopular.info\\\/index.php\\\/2018\\\/10\\\/12\\\/mais-de-540-ciclistas-participam-do-passeio-ciclistico-do-dia-das-criancas-de-teutonia\\\/\",\"name\":\"Mais de 540 ciclistas participam do Passeio Cicl\u00edstico do Dia das Crian\u00e7as de Teut\u00f4nia - Folha Popular\",\"isPartOf\":{\"@id\":\"https:\\\/\\\/folhapopular.info\\\/#website\"},\"primaryImageOfPage\":{\"@id\":\"https:\\\/\\\/folhapopular.info\\\/index.php\\\/2018\\\/10\\\/12\\\/mais-de-540-ciclistas-participam-do-passeio-ciclistico-do-dia-das-criancas-de-teutonia\\\/#primaryimage\"},\"image\":{\"@id\":\"https:\\\/\\\/folhapopular.info\\\/index.php\\\/2018\\\/10\\\/12\\\/mais-de-540-ciclistas-participam-do-passeio-ciclistico-do-dia-das-criancas-de-teutonia\\\/#primaryimage\"},\"thumbnailUrl\":\"https:\\\/\\\/folhapopular.info\\\/wp-content\\\/uploads\\\/2018\\\/10\\\/Mais-de-540-ciclistas-participaram-e1539370911359.jpg\",\"datePublished\":\"2018-10-12T19:07:12+00:00\",\"dateModified\":\"2018-10-12T19:08:35+00:00\",\"author\":{\"@id\":\"https:\\\/\\\/folhapopular.info\\\/#\\\/schema\\\/person\\\/2814e8a0df7643585a9ca38bc6eb9d4b\"},\"breadcrumb\":{\"@id\":\"https:\\\/\\\/folhapopular.info\\\/index.php\\\/2018\\\/10\\\/12\\\/mais-de-540-ciclistas-participam-do-passeio-ciclistico-do-dia-das-criancas-de-teutonia\\\/#breadcrumb\"},\"inLanguage\":\"pt-BR\",\"potentialAction\":[{\"@type\":\"ReadAction\",\"target\":[\"https:\\\/\\\/folhapopular.info\\\/index.php\\\/2018\\\/10\\\/12\\\/mais-de-540-ciclistas-participam-do-passeio-ciclistico-do-dia-das-criancas-de-teutonia\\\/\"]}]},{\"@type\":\"ImageObject\",\"inLanguage\":\"pt-BR\",\"@id\":\"https:\\\/\\\/folhapopular.info\\\/index.php\\\/2018\\\/10\\\/12\\\/mais-de-540-ciclistas-participam-do-passeio-ciclistico-do-dia-das-criancas-de-teutonia\\\/#primaryimage\",\"url\":\"https:\\\/\\\/folhapopular.info\\\/wp-content\\\/uploads\\\/2018\\\/10\\\/Mais-de-540-ciclistas-participaram-e1539370911359.jpg\",\"contentUrl\":\"https:\\\/\\\/folhapopular.info\\\/wp-content\\\/uploads\\\/2018\\\/10\\\/Mais-de-540-ciclistas-participaram-e1539370911359.jpg\",\"width\":1000,\"height\":667,\"caption\":\"Mais de 540 ciclistas participaram\"},{\"@type\":\"BreadcrumbList\",\"@id\":\"https:\\\/\\\/folhapopular.info\\\/index.php\\\/2018\\\/10\\\/12\\\/mais-de-540-ciclistas-participam-do-passeio-ciclistico-do-dia-das-criancas-de-teutonia\\\/#breadcrumb\",\"itemListElement\":[{\"@type\":\"ListItem\",\"position\":1,\"name\":\"In\u00edcio\",\"item\":\"https:\\\/\\\/folhapopular.info\\\/\"},{\"@type\":\"ListItem\",\"position\":2,\"name\":\"Mais de 540 ciclistas participam do Passeio Cicl\u00edstico do Dia das Crian\u00e7as de Teut\u00f4nia\"}]},{\"@type\":\"WebSite\",\"@id\":\"https:\\\/\\\/folhapopular.info\\\/#website\",\"url\":\"https:\\\/\\\/folhapopular.info\\\/\",\"name\":\"Folha Popular\",\"description\":\"Onde voc\u00ea tem vez e voz\",\"potentialAction\":[{\"@type\":\"SearchAction\",\"target\":{\"@type\":\"EntryPoint\",\"urlTemplate\":\"https:\\\/\\\/folhapopular.info\\\/?s={search_term_string}\"},\"query-input\":{\"@type\":\"PropertyValueSpecification\",\"valueRequired\":true,\"valueName\":\"search_term_string\"}}],\"inLanguage\":\"pt-BR\"},{\"@type\":\"Person\",\"@id\":\"https:\\\/\\\/folhapopular.info\\\/#\\\/schema\\\/person\\\/2814e8a0df7643585a9ca38bc6eb9d4b\",\"name\":\"Reda\u00e7\u00e3o Folha Popular\",\"image\":{\"@type\":\"ImageObject\",\"inLanguage\":\"pt-BR\",\"@id\":\"https:\\\/\\\/folhapopular.info\\\/wp-content\\\/uploads\\\/2026\\\/04\\\/Folha-1.webp\",\"url\":\"https:\\\/\\\/folhapopular.info\\\/wp-content\\\/uploads\\\/2026\\\/04\\\/Folha-1.webp\",\"contentUrl\":\"https:\\\/\\\/folhapopular.info\\\/wp-content\\\/uploads\\\/2026\\\/04\\\/Folha-1.webp\",\"caption\":\"Reda\u00e7\u00e3o Folha Popular\"},\"url\":\"https:\\\/\\\/folhapopular.info\\\/index.php\\\/author\\\/redacao\\\/\"}]}<\/script>\n<!-- \/ Yoast SEO plugin. -->","yoast_head_json":{"title":"Mais de 540 ciclistas participam do Passeio Cicl\u00edstico do Dia das Crian\u00e7as de Teut\u00f4nia - Folha Popular","robots":{"index":"index","follow":"follow","max-snippet":"max-snippet:-1","max-image-preview":"max-image-preview:large","max-video-preview":"max-video-preview:-1"},"canonical":"https:\/\/folhapopular.info\/index.php\/2018\/10\/12\/mais-de-540-ciclistas-participam-do-passeio-ciclistico-do-dia-das-criancas-de-teutonia\/","og_locale":"pt_BR","og_type":"article","og_title":"Mais de 540 ciclistas participam do Passeio Cicl\u00edstico do Dia das Crian\u00e7as de Teut\u00f4nia - Folha Popular","og_description":"Na manh\u00e3 desta sexta-feir (12\/10), mais de 540 bicicletas invadiram as ruas de Teut\u00f4nia, durante a 8\u00aa edi\u00e7\u00e3o do Passeio Cicl\u00edstico do Dia das Crian\u00e7as. O evento foi organizado pelo grupo Bruxos da Bike e contou com o apoio da Prefeitura de Teut\u00f4nia. Segundo os organizadores, a edi\u00e7\u00e3o deste ano foi o maior Passeio Cicl\u00edstico [&hellip;]","og_url":"https:\/\/folhapopular.info\/index.php\/2018\/10\/12\/mais-de-540-ciclistas-participam-do-passeio-ciclistico-do-dia-das-criancas-de-teutonia\/","og_site_name":"Folha Popular","article_published_time":"2018-10-12T19:07:12+00:00","article_modified_time":"2018-10-12T19:08:35+00:00","og_image":[{"width":1000,"height":667,"url":"https:\/\/folhapopular.info\/wp-content\/uploads\/2018\/10\/Mais-de-540-ciclistas-participaram-e1539370911359.jpg","type":"image\/jpeg"}],"author":"Reda\u00e7\u00e3o Folha Popular","twitter_card":"summary_large_image","twitter_misc":{"Escrito por":"Reda\u00e7\u00e3o Folha Popular","Est. tempo de leitura":"2 minutos"},"schema":{"@context":"https:\/\/schema.org","@graph":[{"@type":"Article","@id":"https:\/\/folhapopular.info\/index.php\/2018\/10\/12\/mais-de-540-ciclistas-participam-do-passeio-ciclistico-do-dia-das-criancas-de-teutonia\/#article","isPartOf":{"@id":"https:\/\/folhapopular.info\/index.php\/2018\/10\/12\/mais-de-540-ciclistas-participam-do-passeio-ciclistico-do-dia-das-criancas-de-teutonia\/"},"author":{"name":"Reda\u00e7\u00e3o Folha Popular","@id":"https:\/\/folhapopular.info\/#\/schema\/person\/2814e8a0df7643585a9ca38bc6eb9d4b"},"headline":"Mais de 540 ciclistas participam do Passeio Cicl\u00edstico do Dia das Crian\u00e7as de Teut\u00f4nia","datePublished":"2018-10-12T19:07:12+00:00","dateModified":"2018-10-12T19:08:35+00:00","mainEntityOfPage":{"@id":"https:\/\/folhapopular.info\/index.php\/2018\/10\/12\/mais-de-540-ciclistas-participam-do-passeio-ciclistico-do-dia-das-criancas-de-teutonia\/"},"wordCount":397,"commentCount":0,"image":{"@id":"https:\/\/folhapopular.info\/index.php\/2018\/10\/12\/mais-de-540-ciclistas-participam-do-passeio-ciclistico-do-dia-das-criancas-de-teutonia\/#primaryimage"},"thumbnailUrl":"https:\/\/folhapopular.info\/wp-content\/uploads\/2018\/10\/Mais-de-540-ciclistas-participaram-e1539370911359.jpg","keywords":["Passeio Ciclistico","Semana do Brincar","Teut\u00f4nia"],"articleSection":["Destaques","Inclusive"],"inLanguage":"pt-BR","potentialAction":[{"@type":"CommentAction","name":"Comment","target":["https:\/\/folhapopular.info\/index.php\/2018\/10\/12\/mais-de-540-ciclistas-participam-do-passeio-ciclistico-do-dia-das-criancas-de-teutonia\/#respond"]}]},{"@type":"WebPage","@id":"https:\/\/folhapopular.info\/index.php\/2018\/10\/12\/mais-de-540-ciclistas-participam-do-passeio-ciclistico-do-dia-das-criancas-de-teutonia\/","url":"https:\/\/folhapopular.info\/index.php\/2018\/10\/12\/mais-de-540-ciclistas-participam-do-passeio-ciclistico-do-dia-das-criancas-de-teutonia\/","name":"Mais de 540 ciclistas participam do Passeio Cicl\u00edstico do Dia das Crian\u00e7as de Teut\u00f4nia - Folha Popular","isPartOf":{"@id":"https:\/\/folhapopular.info\/#website"},"primaryImageOfPage":{"@id":"https:\/\/folhapopular.info\/index.php\/2018\/10\/12\/mais-de-540-ciclistas-participam-do-passeio-ciclistico-do-dia-das-criancas-de-teutonia\/#primaryimage"},"image":{"@id":"https:\/\/folhapopular.info\/index.php\/2018\/10\/12\/mais-de-540-ciclistas-participam-do-passeio-ciclistico-do-dia-das-criancas-de-teutonia\/#primaryimage"},"thumbnailUrl":"https:\/\/folhapopular.info\/wp-content\/uploads\/2018\/10\/Mais-de-540-ciclistas-participaram-e1539370911359.jpg","datePublished":"2018-10-12T19:07:12+00:00","dateModified":"2018-10-12T19:08:35+00:00","author":{"@id":"https:\/\/folhapopular.info\/#\/schema\/person\/2814e8a0df7643585a9ca38bc6eb9d4b"},"breadcrumb":{"@id":"https:\/\/folhapopular.info\/index.php\/2018\/10\/12\/mais-de-540-ciclistas-participam-do-passeio-ciclistico-do-dia-das-criancas-de-teutonia\/#breadcrumb"},"inLanguage":"pt-BR","potentialAction":[{"@type":"ReadAction","target":["https:\/\/folhapopular.info\/index.php\/2018\/10\/12\/mais-de-540-ciclistas-participam-do-passeio-ciclistico-do-dia-das-criancas-de-teutonia\/"]}]},{"@type":"ImageObject","inLanguage":"pt-BR","@id":"https:\/\/folhapopular.info\/index.php\/2018\/10\/12\/mais-de-540-ciclistas-participam-do-passeio-ciclistico-do-dia-das-criancas-de-teutonia\/#primaryimage","url":"https:\/\/folhapopular.info\/wp-content\/uploads\/2018\/10\/Mais-de-540-ciclistas-participaram-e1539370911359.jpg","contentUrl":"https:\/\/folhapopular.info\/wp-content\/uploads\/2018\/10\/Mais-de-540-ciclistas-participaram-e1539370911359.jpg","width":1000,"height":667,"caption":"Mais de 540 ciclistas participaram"},{"@type":"BreadcrumbList","@id":"https:\/\/folhapopular.info\/index.php\/2018\/10\/12\/mais-de-540-ciclistas-participam-do-passeio-ciclistico-do-dia-das-criancas-de-teutonia\/#breadcrumb","itemListElement":[{"@type":"ListItem","position":1,"name":"In\u00edcio","item":"https:\/\/folhapopular.info\/"},{"@type":"ListItem","position":2,"name":"Mais de 540 ciclistas participam do Passeio Cicl\u00edstico do Dia das Crian\u00e7as de Teut\u00f4nia"}]},{"@type":"WebSite","@id":"https:\/\/folhapopular.info\/#website","url":"https:\/\/folhapopular.info\/","name":"Folha Popular","description":"Onde voc\u00ea tem vez e voz","potentialAction":[{"@type":"SearchAction","target":{"@type":"EntryPoint","urlTemplate":"https:\/\/folhapopular.info\/?s={search_term_string}"},"query-input":{"@type":"PropertyValueSpecification","valueRequired":true,"valueName":"search_term_string"}}],"inLanguage":"pt-BR"},{"@type":"Person","@id":"https:\/\/folhapopular.info\/#\/schema\/person\/2814e8a0df7643585a9ca38bc6eb9d4b","name":"Reda\u00e7\u00e3o Folha Popular","image":{"@type":"ImageObject","inLanguage":"pt-BR","@id":"https:\/\/folhapopular.info\/wp-content\/uploads\/2026\/04\/Folha-1.webp","url":"https:\/\/folhapopular.info\/wp-content\/uploads\/2026\/04\/Folha-1.webp","contentUrl":"https:\/\/folhapopular.info\/wp-content\/uploads\/2026\/04\/Folha-1.webp","caption":"Reda\u00e7\u00e3o Folha Popular"},"url":"https:\/\/folhapopular.info\/index.php\/author\/redacao\/"}]}},"jetpack_featured_media_url":"https:\/\/folhapopular.info\/wp-content\/uploads\/2018\/10\/Mais-de-540-ciclistas-participaram-e1539370911359.jpg","jetpack_sharing_enabled":true,"amp_enabled":true,"_links":{"self":[{"href":"https:\/\/folhapopular.info\/index.php\/wp-json\/wp\/v2\/posts\/48839","targetHints":{"allow":["GET"]}}],"collection":[{"href":"https:\/\/folhapopular.info\/index.php\/wp-json\/wp\/v2\/posts"}],"about":[{"href":"https:\/\/folhapopular.info\/index.php\/wp-json\/wp\/v2\/types\/post"}],"author":[{"embeddable":true,"href":"https:\/\/folhapopular.info\/index.php\/wp-json\/wp\/v2\/users\/8"}],"replies":[{"embeddable":true,"href":"https:\/\/folhapopular.info\/index.php\/wp-json\/wp\/v2\/comments?post=48839"}],"version-history":[{"count":0,"href":"https:\/\/folhapopular.info\/index.php\/wp-json\/wp\/v2\/posts\/48839\/revisions"}],"wp:featuredmedia":[{"embeddable":true,"href":"https:\/\/folhapopular.info\/index.php\/wp-json\/wp\/v2\/media\/48846"}],"wp:attachment":[{"href":"https:\/\/folhapopular.info\/index.php\/wp-json\/wp\/v2\/media?parent=48839"}],"wp:term":[{"taxonomy":"category","embeddable":true,"href":"https:\/\/folhapopular.info\/index.php\/wp-json\/wp\/v2\/categories?post=48839"},{"taxonomy":"post_tag","embeddable":true,"href":"https:\/\/folhapopular.info\/index.php\/wp-json\/wp\/v2\/tags?post=48839"}],"curies":[{"name":"wp","href":"https:\/\/api.w.org\/{rel}","templated":true}]}}