{"id":48849,"date":"2018-10-12T18:16:09","date_gmt":"2018-10-12T21:16:09","guid":{"rendered":"http:\/\/folhapopular.info\/?p=48849"},"modified":"2018-10-12T18:29:32","modified_gmt":"2018-10-12T21:29:32","slug":"esperanca-am-e-o-primeiro-classificado-no-regional-certel-sicredi-2018","status":"publish","type":"post","link":"https:\/\/folhapopular.info\/index.php\/2018\/10\/12\/esperanca-am-e-o-primeiro-classificado-no-regional-certel-sicredi-2018\/","title":{"rendered":"Esperan\u00e7a-AM \u00e9 o primeiro classificado no Regional Certel Sicredi 2018"},"content":{"rendered":"<p>O Esperan\u00e7a de Rui Barbosa, Arroio do Meio, confirmou sua classifica\u00e7\u00e3o para a fase de quartas de final da 21\u00aa Copa Certel Sicredi &#8211; Regional da Aslivata 2018. A equipe venceu o Brasil de Marques de Souza por 2 a 0, na tarde desta sexta-feira (12\/10), em jogo antecipado da rodada de volta das oitavas de final.<\/p>\n<p>O Esperan\u00e7a aguarda o fechamento da rodada no pr\u00f3ximo domingo (14\/10), quando ser\u00e3o conhecidos os outros 7 clubes classificados para apurar, via ranking, os cruzamentos da fase seguinte. No primeiro jogo, em Marques de Souza, o Esperan\u00e7a j\u00e1 havia vencido por 3 a 2, e com esta nova vit\u00f3ria atinge 19 pontos, obtendo uma das melhores campanhas gerais.<\/p>\n<p>Nos Aspirantes, o Palanque de Ven\u00e2ncio Aires confirmou sua classifica\u00e7\u00e3o ao derrotar o Brasil de Marques de Souza pelo mesmo placar da primeira partida: 3 a 1. O Palanque tamb\u00e9m espera o fechamento da fase, no pr\u00f3ximo domingo, para conhecer seu advers\u00e1rio.<\/p>\n<p><strong><a href=\"https:\/\/folhapopular.info\/index.php\/2018\/09\/30\/visitantes-vao-bem-nos-jogos-de-ida-das-oitavas-de-final-dos-titulares\/\">Veja como foram os jogos de ida das oitavas de final<\/a><\/strong>, dia 30 de setembro.<\/p>\n<style type=\"text\/css\"><!--td {border: 1px solid #ccc;}br {mso-data-placement:same-cell;}--><\/style>\n<table dir=\"ltr\" border=\"1\" cellspacing=\"0\" cellpadding=\"0\">\n<colgroup>\n<col width=\"58\" \/>\n<col width=\"166\" \/>\n<col width=\"177\" \/>\n<col width=\"35\" \/>\n<col width=\"42\" \/>\n<col width=\"35\" \/>\n<col width=\"170\" \/><\/colgroup>\n<tbody>\n<tr>\n<td style=\"text-align: center;\" colspan=\"7\" rowspan=\"1\" data-sheets-value=\"{&quot;1&quot;:2,&quot;2&quot;:&quot;Regional 2018 - Titulares&quot;}\"><strong>Regional 2018 &#8211; Titulares<\/strong><\/td>\n<\/tr>\n<tr>\n<td style=\"text-align: center;\" colspan=\"7\" rowspan=\"1\" data-sheets-value=\"{&quot;1&quot;:2,&quot;2&quot;:&quot;Oitavas de final&quot;}\"><strong>Oitavas de final<\/strong><\/td>\n<\/tr>\n<tr>\n<td style=\"text-align: center;\" colspan=\"7\" rowspan=\"1\" data-sheets-value=\"{&quot;1&quot;:2,&quot;2&quot;:&quot;Jogo de VOLTA - 12 e 14\/10 - 15h30min&quot;}\"><strong>Jogo de VOLTA &#8211; 12 e 14\/10 &#8211; 15h30min<\/strong><\/td>\n<\/tr>\n<tr>\n<td style=\"text-align: center;\" data-sheets-value=\"{&quot;1&quot;:2,&quot;2&quot;:&quot;Chave&quot;}\"><strong>Chave<\/strong><\/td>\n<td style=\"text-align: center;\" data-sheets-value=\"{&quot;1&quot;:2,&quot;2&quot;:&quot;Cidade&quot;}\"><strong>Cidade<\/strong><\/td>\n<td style=\"text-align: center;\"><\/td>\n<td style=\"text-align: center;\" colspan=\"3\" rowspan=\"1\" data-sheets-value=\"{&quot;1&quot;:2,&quot;2&quot;:&quot;Jogos&quot;}\"><strong>Jogos<\/strong><\/td>\n<td><\/td>\n<\/tr>\n<tr>\n<td data-sheets-value=\"{&quot;1&quot;:2,&quot;2&quot;:&quot;D&quot;}\">D<\/td>\n<td data-sheets-value=\"{&quot;1&quot;:2,&quot;2&quot;:&quot;Capit\u00e3o&quot;}\">Capit\u00e3o<\/td>\n<td data-sheets-value=\"{&quot;1&quot;:2,&quot;2&quot;:&quot;7 de Setembro-Cap.&quot;}\">7 de Setembro-Cap.<\/td>\n<td><\/td>\n<td data-sheets-value=\"{&quot;1&quot;:2,&quot;2&quot;:&quot;x&quot;}\">x<\/td>\n<td><\/td>\n<td data-sheets-value=\"{&quot;1&quot;:2,&quot;2&quot;:&quot;Cruzeiro&quot;}\">Cruzeiro<\/td>\n<\/tr>\n<tr>\n<td data-sheets-value=\"{&quot;1&quot;:2,&quot;2&quot;:&quot;E&quot;}\">E<\/td>\n<td data-sheets-value=\"{&quot;1&quot;:2,&quot;2&quot;:&quot;Arroio do Meio&quot;}\">Arroio do Meio<\/td>\n<td data-sheets-value=\"{&quot;1&quot;:2,&quot;2&quot;:&quot;Rui Barbosa-AM&quot;}\">Rui Barbosa-AM<\/td>\n<td><\/td>\n<td data-sheets-value=\"{&quot;1&quot;:2,&quot;2&quot;:&quot;x&quot;}\">x<\/td>\n<td><\/td>\n<td data-sheets-value=\"{&quot;1&quot;:2,&quot;2&quot;:&quot;Sete de Setembro-AM&quot;}\">Sete de Setembro-AM<\/td>\n<\/tr>\n<tr>\n<td data-sheets-value=\"{&quot;1&quot;:2,&quot;2&quot;:&quot;F&quot;}\">F<\/td>\n<td data-sheets-value=\"{&quot;1&quot;:2,&quot;2&quot;:&quot;Encantado&quot;}\">Encantado<\/td>\n<td data-sheets-value=\"{&quot;1&quot;:2,&quot;2&quot;:&quot;Ouro Verde&quot;}\">Ouro Verde<\/td>\n<td><\/td>\n<td data-sheets-value=\"{&quot;1&quot;:2,&quot;2&quot;:&quot;x&quot;}\">x<\/td>\n<td><\/td>\n<td data-sheets-value=\"{&quot;1&quot;:2,&quot;2&quot;:&quot;S\u00e3o Crist\u00f3v\u00e3o&quot;}\">S\u00e3o Crist\u00f3v\u00e3o<\/td>\n<\/tr>\n<tr>\n<td data-sheets-value=\"{&quot;1&quot;:2,&quot;2&quot;:&quot;G&quot;}\">G<\/td>\n<td data-sheets-value=\"{&quot;1&quot;:2,&quot;2&quot;:&quot;Arroio do Meio (12\/10)&quot;}\">Arroio do Meio (12\/10)<\/td>\n<td data-sheets-value=\"{&quot;1&quot;:2,&quot;2&quot;:&quot;Esperan\u00e7a-AM&quot;}\">Esperan\u00e7a-AM<\/td>\n<td data-sheets-value=\"{&quot;1&quot;:3,&quot;3&quot;:2}\">2<\/td>\n<td data-sheets-value=\"{&quot;1&quot;:2,&quot;2&quot;:&quot;x&quot;}\">x<\/td>\n<td data-sheets-value=\"{&quot;1&quot;:3,&quot;3&quot;:0}\">0<\/td>\n<td data-sheets-value=\"{&quot;1&quot;:2,&quot;2&quot;:&quot;Brasil&quot;}\">Brasil<\/td>\n<\/tr>\n<tr>\n<td data-sheets-value=\"{&quot;1&quot;:2,&quot;2&quot;:&quot;H&quot;}\">H<\/td>\n<td data-sheets-value=\"{&quot;1&quot;:2,&quot;2&quot;:&quot;Teut\u00f4nia&quot;}\">Teut\u00f4nia<\/td>\n<td data-sheets-value=\"{&quot;1&quot;:2,&quot;2&quot;:&quot;Atl\u00e9tico Ga\u00facho&quot;}\">Atl\u00e9tico Ga\u00facho<\/td>\n<td><\/td>\n<td data-sheets-value=\"{&quot;1&quot;:2,&quot;2&quot;:&quot;x&quot;}\">x<\/td>\n<td><\/td>\n<td data-sheets-value=\"{&quot;1&quot;:2,&quot;2&quot;:&quot;Rudibar&quot;}\">Rudibar<\/td>\n<\/tr>\n<tr>\n<td data-sheets-value=\"{&quot;1&quot;:2,&quot;2&quot;:&quot;I&quot;}\">I<\/td>\n<td data-sheets-value=\"{&quot;1&quot;:2,&quot;2&quot;:&quot;Westf\u00e1lia&quot;}\">Westf\u00e1lia<\/td>\n<td data-sheets-value=\"{&quot;1&quot;:2,&quot;2&quot;:&quot;Juventude-We&quot;}\">Juventude-We<\/td>\n<td><\/td>\n<td data-sheets-value=\"{&quot;1&quot;:2,&quot;2&quot;:&quot;x&quot;}\">x<\/td>\n<td><\/td>\n<td data-sheets-value=\"{&quot;1&quot;:2,&quot;2&quot;:&quot;Flor de Maio&quot;}\">Flor de Maio<\/td>\n<\/tr>\n<tr>\n<td data-sheets-value=\"{&quot;1&quot;:2,&quot;2&quot;:&quot;J&quot;}\">J<\/td>\n<td data-sheets-value=\"{&quot;1&quot;:2,&quot;2&quot;:&quot;Cruzeiro do Sul&quot;}\">Cruzeiro do Sul<\/td>\n<td data-sheets-value=\"{&quot;1&quot;:2,&quot;2&quot;:&quot;Independente&quot;}\">Independente<\/td>\n<td><\/td>\n<td data-sheets-value=\"{&quot;1&quot;:2,&quot;2&quot;:&quot;x&quot;}\">x<\/td>\n<td><\/td>\n<td data-sheets-value=\"{&quot;1&quot;:2,&quot;2&quot;:&quot;Boavistense&quot;}\">Boavistense<\/td>\n<\/tr>\n<tr>\n<td data-sheets-value=\"{&quot;1&quot;:2,&quot;2&quot;:&quot;K&quot;}\">K<\/td>\n<td data-sheets-value=\"{&quot;1&quot;:2,&quot;2&quot;:&quot;Brochier&quot;}\">Brochier<\/td>\n<td data-sheets-value=\"{&quot;1&quot;:2,&quot;2&quot;:&quot;Juventude-Bro&quot;}\">Juventude-Bro<\/td>\n<td><\/td>\n<td data-sheets-value=\"{&quot;1&quot;:2,&quot;2&quot;:&quot;x&quot;}\">x<\/td>\n<td><\/td>\n<td data-sheets-value=\"{&quot;1&quot;:2,&quot;2&quot;:&quot;ASSESPE&quot;}\">ASSESPE<\/td>\n<\/tr>\n<\/tbody>\n<\/table>\n<style type=\"text\/css\"><!--td {border: 1px solid #ccc;}br {mso-data-placement:same-cell;}--><\/style>\n<table dir=\"ltr\" border=\"1\" cellspacing=\"0\" cellpadding=\"0\">\n<colgroup>\n<col width=\"58\" \/>\n<col width=\"166\" \/>\n<col width=\"177\" \/>\n<col width=\"35\" \/>\n<col width=\"42\" \/>\n<col width=\"35\" \/>\n<col width=\"170\" \/><\/colgroup>\n<tbody>\n<tr>\n<td style=\"text-align: center;\" colspan=\"7\" rowspan=\"1\" data-sheets-value=\"{&quot;1&quot;:2,&quot;2&quot;:&quot;Regional 2018 - Aspirantes&quot;}\"><strong>Regional 2018 &#8211; Aspirantes<\/strong><\/td>\n<\/tr>\n<tr>\n<td style=\"text-align: center;\" colspan=\"7\" rowspan=\"1\" data-sheets-value=\"{&quot;1&quot;:2,&quot;2&quot;:&quot;Oitavas de final&quot;}\"><strong>Oitavas de final<\/strong><\/td>\n<\/tr>\n<tr>\n<td style=\"text-align: center;\" colspan=\"7\" rowspan=\"1\" data-sheets-value=\"{&quot;1&quot;:2,&quot;2&quot;:&quot;Jogo de VOLTA - 12 e 14\/10 - 13h30min&quot;}\"><strong>Jogo de VOLTA &#8211; 12 e 14\/10 &#8211; 13h30min<\/strong><\/td>\n<\/tr>\n<tr>\n<td style=\"text-align: center;\" data-sheets-value=\"{&quot;1&quot;:2,&quot;2&quot;:&quot;Chave&quot;}\"><strong>Chave<\/strong><\/td>\n<td style=\"text-align: center;\" data-sheets-value=\"{&quot;1&quot;:2,&quot;2&quot;:&quot;Cidade&quot;}\"><strong>Cidade<\/strong><\/td>\n<td style=\"text-align: center;\"><\/td>\n<td style=\"text-align: center;\" colspan=\"3\" rowspan=\"1\" data-sheets-value=\"{&quot;1&quot;:2,&quot;2&quot;:&quot;Jogos&quot;}\"><strong>Jogos<\/strong><\/td>\n<td><\/td>\n<\/tr>\n<tr>\n<td data-sheets-value=\"{&quot;1&quot;:2,&quot;2&quot;:&quot;D&quot;}\">D<\/td>\n<td data-sheets-value=\"{&quot;1&quot;:2,&quot;2&quot;:&quot;Capit\u00e3o&quot;}\">Capit\u00e3o<\/td>\n<td data-sheets-value=\"{&quot;1&quot;:2,&quot;2&quot;:&quot;7 de Setembro-Cap.&quot;}\">7 de Setembro-Cap.<\/td>\n<td><\/td>\n<td data-sheets-value=\"{&quot;1&quot;:2,&quot;2&quot;:&quot;x&quot;}\">x<\/td>\n<td><\/td>\n<td data-sheets-value=\"{&quot;1&quot;:2,&quot;2&quot;:&quot;Estudiantes&quot;}\">Estudiantes<\/td>\n<\/tr>\n<tr>\n<td data-sheets-value=\"{&quot;1&quot;:2,&quot;2&quot;:&quot;E&quot;}\">E<\/td>\n<td data-sheets-value=\"{&quot;1&quot;:2,&quot;2&quot;:&quot;Arroio do Meio&quot;}\">Arroio do Meio<\/td>\n<td data-sheets-value=\"{&quot;1&quot;:2,&quot;2&quot;:&quot;Rui Barbosa-AM&quot;}\">Rui Barbosa-AM<\/td>\n<td><\/td>\n<td data-sheets-value=\"{&quot;1&quot;:2,&quot;2&quot;:&quot;x&quot;}\">x<\/td>\n<td><\/td>\n<td data-sheets-value=\"{&quot;1&quot;:2,&quot;2&quot;:&quot;Sete de Setembro-AM&quot;}\">Sete de Setembro-AM<\/td>\n<\/tr>\n<tr>\n<td data-sheets-value=\"{&quot;1&quot;:2,&quot;2&quot;:&quot;F&quot;}\">F<\/td>\n<td data-sheets-value=\"{&quot;1&quot;:2,&quot;2&quot;:&quot;Encantado&quot;}\">Encantado<\/td>\n<td data-sheets-value=\"{&quot;1&quot;:2,&quot;2&quot;:&quot;Ouro Verde&quot;}\">Ouro Verde<\/td>\n<td><\/td>\n<td data-sheets-value=\"{&quot;1&quot;:2,&quot;2&quot;:&quot;x&quot;}\">x<\/td>\n<td><\/td>\n<td data-sheets-value=\"{&quot;1&quot;:2,&quot;2&quot;:&quot;S\u00e3o Crist\u00f3v\u00e3o&quot;}\">S\u00e3o Crist\u00f3v\u00e3o<\/td>\n<\/tr>\n<tr>\n<td data-sheets-value=\"{&quot;1&quot;:2,&quot;2&quot;:&quot;G&quot;}\">G<\/td>\n<td data-sheets-value=\"{&quot;1&quot;:2,&quot;2&quot;:&quot;Arroio do Meio (12\/10)&quot;}\">Arroio do Meio (12\/10)<\/td>\n<td data-sheets-value=\"{&quot;1&quot;:2,&quot;2&quot;:&quot;Palanque&quot;}\">Palanque<\/td>\n<td data-sheets-value=\"{&quot;1&quot;:3,&quot;3&quot;:3}\">3<\/td>\n<td data-sheets-value=\"{&quot;1&quot;:2,&quot;2&quot;:&quot;x&quot;}\">x<\/td>\n<td data-sheets-value=\"{&quot;1&quot;:3,&quot;3&quot;:1}\">1<\/td>\n<td data-sheets-value=\"{&quot;1&quot;:2,&quot;2&quot;:&quot;Brasil&quot;}\">Brasil<\/td>\n<\/tr>\n<tr>\n<td data-sheets-value=\"{&quot;1&quot;:2,&quot;2&quot;:&quot;H&quot;}\">H<\/td>\n<td data-sheets-value=\"{&quot;1&quot;:2,&quot;2&quot;:&quot;Teut\u00f4nia&quot;}\">Teut\u00f4nia<\/td>\n<td data-sheets-value=\"{&quot;1&quot;:2,&quot;2&quot;:&quot;Atl\u00e9tico Ga\u00facho&quot;}\">Atl\u00e9tico Ga\u00facho<\/td>\n<td><\/td>\n<td data-sheets-value=\"{&quot;1&quot;:2,&quot;2&quot;:&quot;x&quot;}\">x<\/td>\n<td><\/td>\n<td data-sheets-value=\"{&quot;1&quot;:2,&quot;2&quot;:&quot;Rudibar&quot;}\">Rudibar<\/td>\n<\/tr>\n<tr>\n<td data-sheets-value=\"{&quot;1&quot;:2,&quot;2&quot;:&quot;I&quot;}\">I<\/td>\n<td data-sheets-value=\"{&quot;1&quot;:2,&quot;2&quot;:&quot;Westf\u00e1lia&quot;}\">Westf\u00e1lia<\/td>\n<td data-sheets-value=\"{&quot;1&quot;:2,&quot;2&quot;:&quot;Imigrante&quot;}\">Imigrante<\/td>\n<td><\/td>\n<td data-sheets-value=\"{&quot;1&quot;:2,&quot;2&quot;:&quot;x&quot;}\">x<\/td>\n<td><\/td>\n<td data-sheets-value=\"{&quot;1&quot;:2,&quot;2&quot;:&quot;Flor de Maio&quot;}\">Flor de Maio<\/td>\n<\/tr>\n<tr>\n<td data-sheets-value=\"{&quot;1&quot;:2,&quot;2&quot;:&quot;J&quot;}\">J<\/td>\n<td data-sheets-value=\"{&quot;1&quot;:2,&quot;2&quot;:&quot;Cruzeiro do Sul&quot;}\">Cruzeiro do Sul<\/td>\n<td data-sheets-value=\"{&quot;1&quot;:2,&quot;2&quot;:&quot;Independente&quot;}\">Independente<\/td>\n<td><\/td>\n<td data-sheets-value=\"{&quot;1&quot;:2,&quot;2&quot;:&quot;x&quot;}\">x<\/td>\n<td><\/td>\n<td data-sheets-value=\"{&quot;1&quot;:2,&quot;2&quot;:&quot;Taquariense&quot;}\">Taquariense<\/td>\n<\/tr>\n<tr>\n<td data-sheets-value=\"{&quot;1&quot;:2,&quot;2&quot;:&quot;K&quot;}\">K<\/td>\n<td data-sheets-value=\"{&quot;1&quot;:2,&quot;2&quot;:&quot;Brochier&quot;}\">Brochier<\/td>\n<td data-sheets-value=\"{&quot;1&quot;:2,&quot;2&quot;:&quot;Juventude-Bro&quot;}\">Juventude-Bro<\/td>\n<td><\/td>\n<td data-sheets-value=\"{&quot;1&quot;:2,&quot;2&quot;:&quot;x&quot;}\">x<\/td>\n<td><\/td>\n<td data-sheets-value=\"{&quot;1&quot;:2,&quot;2&quot;:&quot;ASSESPE&quot;}\">ASSESPE<\/td>\n<\/tr>\n<\/tbody>\n<\/table>\n","protected":false},"excerpt":{"rendered":"<p>O Esperan\u00e7a de Rui Barbosa, Arroio do Meio, confirmou sua classifica\u00e7\u00e3o para a fase de quartas de final da 21\u00aa Copa Certel Sicredi &#8211; Regional da Aslivata 2018. A equipe venceu o Brasil de Marques de Souza por 2 a 0, na tarde desta sexta-feira (12\/10), em jogo antecipado da rodada de volta das oitavas [&hellip;]<\/p>\n","protected":false},"author":7,"featured_media":46699,"comment_status":"open","ping_status":"open","sticky":false,"template":"","format":"standard","meta":{"pmpro_default_level":"","_jetpack_memberships_contains_paid_content":false,"footnotes":""},"categories":[5,240,288],"tags":[140,318,147,156],"class_list":{"0":"post-48849","1":"post","2":"type-post","3":"status-publish","4":"format-standard","5":"has-post-thumbnail","7":"category-esportes","8":"category-futebol-amador","9":"category-regional-da-aslivata","10":"tag-arroio-do-meio","11":"tag-copa-certel-sicredi","12":"tag-futebol-amador","13":"tag-vale-do-taquari","14":"pmpro-has-access"},"yoast_head":"<!-- This site is optimized with the Yoast SEO plugin v27.5 - https:\/\/yoast.com\/product\/yoast-seo-wordpress\/ -->\n<title>Esperan\u00e7a-AM \u00e9 o primeiro classificado no Regional Certel Sicredi 2018 - Folha Popular<\/title>\n<meta name=\"robots\" content=\"index, follow, max-snippet:-1, max-image-preview:large, max-video-preview:-1\" \/>\n<link rel=\"canonical\" href=\"https:\/\/folhapopular.info\/index.php\/2018\/10\/12\/esperanca-am-e-o-primeiro-classificado-no-regional-certel-sicredi-2018\/\" \/>\n<meta property=\"og:locale\" content=\"pt_BR\" \/>\n<meta property=\"og:type\" content=\"article\" \/>\n<meta property=\"og:title\" content=\"Esperan\u00e7a-AM \u00e9 o primeiro classificado no Regional Certel Sicredi 2018 - Folha Popular\" \/>\n<meta property=\"og:description\" content=\"O Esperan\u00e7a de Rui Barbosa, Arroio do Meio, confirmou sua classifica\u00e7\u00e3o para a fase de quartas de final da 21\u00aa Copa Certel Sicredi &#8211; Regional da Aslivata 2018. A equipe venceu o Brasil de Marques de Souza por 2 a 0, na tarde desta sexta-feira (12\/10), em jogo antecipado da rodada de volta das oitavas [&hellip;]\" \/>\n<meta property=\"og:url\" content=\"https:\/\/folhapopular.info\/index.php\/2018\/10\/12\/esperanca-am-e-o-primeiro-classificado-no-regional-certel-sicredi-2018\/\" \/>\n<meta property=\"og:site_name\" content=\"Folha Popular\" \/>\n<meta property=\"article:published_time\" content=\"2018-10-12T21:16:09+00:00\" \/>\n<meta property=\"article:modified_time\" content=\"2018-10-12T21:29:32+00:00\" \/>\n<meta property=\"og:image\" content=\"https:\/\/folhapopular.info\/wp-content\/uploads\/2018\/08\/Logo-Regional-Certel-Sicredi-2018-menor-e1533493887609.png\" \/>\n\t<meta property=\"og:image:width\" content=\"800\" \/>\n\t<meta property=\"og:image:height\" content=\"917\" \/>\n\t<meta property=\"og:image:type\" content=\"image\/png\" \/>\n<meta name=\"author\" content=\"Lucas Leandro Brune\" \/>\n<meta name=\"twitter:card\" content=\"summary_large_image\" \/>\n<meta name=\"twitter:label1\" content=\"Escrito por\" \/>\n\t<meta name=\"twitter:data1\" content=\"Lucas Leandro Brune\" \/>\n\t<meta name=\"twitter:label2\" content=\"Est. tempo de leitura\" \/>\n\t<meta name=\"twitter:data2\" content=\"2 minutos\" \/>\n<script type=\"application\/ld+json\" class=\"yoast-schema-graph\">{\"@context\":\"https:\\\/\\\/schema.org\",\"@graph\":[{\"@type\":\"Article\",\"@id\":\"https:\\\/\\\/folhapopular.info\\\/index.php\\\/2018\\\/10\\\/12\\\/esperanca-am-e-o-primeiro-classificado-no-regional-certel-sicredi-2018\\\/#article\",\"isPartOf\":{\"@id\":\"https:\\\/\\\/folhapopular.info\\\/index.php\\\/2018\\\/10\\\/12\\\/esperanca-am-e-o-primeiro-classificado-no-regional-certel-sicredi-2018\\\/\"},\"author\":{\"name\":\"Lucas Leandro Brune\",\"@id\":\"https:\\\/\\\/folhapopular.info\\\/#\\\/schema\\\/person\\\/533a15f60cd49e81ab3a90b4ca33cb36\"},\"headline\":\"Esperan\u00e7a-AM \u00e9 o primeiro classificado no Regional Certel Sicredi 2018\",\"datePublished\":\"2018-10-12T21:16:09+00:00\",\"dateModified\":\"2018-10-12T21:29:32+00:00\",\"mainEntityOfPage\":{\"@id\":\"https:\\\/\\\/folhapopular.info\\\/index.php\\\/2018\\\/10\\\/12\\\/esperanca-am-e-o-primeiro-classificado-no-regional-certel-sicredi-2018\\\/\"},\"wordCount\":341,\"commentCount\":0,\"image\":{\"@id\":\"https:\\\/\\\/folhapopular.info\\\/index.php\\\/2018\\\/10\\\/12\\\/esperanca-am-e-o-primeiro-classificado-no-regional-certel-sicredi-2018\\\/#primaryimage\"},\"thumbnailUrl\":\"https:\\\/\\\/folhapopular.info\\\/wp-content\\\/uploads\\\/2018\\\/08\\\/Logo-Regional-Certel-Sicredi-2018-menor-e1533493887609.png\",\"keywords\":[\"Arroio do Meio\",\"Copa Certel Sicredi\",\"futebol amador\",\"Vale do Taquari\"],\"articleSection\":[\"Esportes\",\"Futebol Amador\",\"Regional da Aslivata\"],\"inLanguage\":\"pt-BR\",\"potentialAction\":[{\"@type\":\"CommentAction\",\"name\":\"Comment\",\"target\":[\"https:\\\/\\\/folhapopular.info\\\/index.php\\\/2018\\\/10\\\/12\\\/esperanca-am-e-o-primeiro-classificado-no-regional-certel-sicredi-2018\\\/#respond\"]}]},{\"@type\":\"WebPage\",\"@id\":\"https:\\\/\\\/folhapopular.info\\\/index.php\\\/2018\\\/10\\\/12\\\/esperanca-am-e-o-primeiro-classificado-no-regional-certel-sicredi-2018\\\/\",\"url\":\"https:\\\/\\\/folhapopular.info\\\/index.php\\\/2018\\\/10\\\/12\\\/esperanca-am-e-o-primeiro-classificado-no-regional-certel-sicredi-2018\\\/\",\"name\":\"Esperan\u00e7a-AM \u00e9 o primeiro classificado no Regional Certel Sicredi 2018 - Folha Popular\",\"isPartOf\":{\"@id\":\"https:\\\/\\\/folhapopular.info\\\/#website\"},\"primaryImageOfPage\":{\"@id\":\"https:\\\/\\\/folhapopular.info\\\/index.php\\\/2018\\\/10\\\/12\\\/esperanca-am-e-o-primeiro-classificado-no-regional-certel-sicredi-2018\\\/#primaryimage\"},\"image\":{\"@id\":\"https:\\\/\\\/folhapopular.info\\\/index.php\\\/2018\\\/10\\\/12\\\/esperanca-am-e-o-primeiro-classificado-no-regional-certel-sicredi-2018\\\/#primaryimage\"},\"thumbnailUrl\":\"https:\\\/\\\/folhapopular.info\\\/wp-content\\\/uploads\\\/2018\\\/08\\\/Logo-Regional-Certel-Sicredi-2018-menor-e1533493887609.png\",\"datePublished\":\"2018-10-12T21:16:09+00:00\",\"dateModified\":\"2018-10-12T21:29:32+00:00\",\"author\":{\"@id\":\"https:\\\/\\\/folhapopular.info\\\/#\\\/schema\\\/person\\\/533a15f60cd49e81ab3a90b4ca33cb36\"},\"breadcrumb\":{\"@id\":\"https:\\\/\\\/folhapopular.info\\\/index.php\\\/2018\\\/10\\\/12\\\/esperanca-am-e-o-primeiro-classificado-no-regional-certel-sicredi-2018\\\/#breadcrumb\"},\"inLanguage\":\"pt-BR\",\"potentialAction\":[{\"@type\":\"ReadAction\",\"target\":[\"https:\\\/\\\/folhapopular.info\\\/index.php\\\/2018\\\/10\\\/12\\\/esperanca-am-e-o-primeiro-classificado-no-regional-certel-sicredi-2018\\\/\"]}]},{\"@type\":\"ImageObject\",\"inLanguage\":\"pt-BR\",\"@id\":\"https:\\\/\\\/folhapopular.info\\\/index.php\\\/2018\\\/10\\\/12\\\/esperanca-am-e-o-primeiro-classificado-no-regional-certel-sicredi-2018\\\/#primaryimage\",\"url\":\"https:\\\/\\\/folhapopular.info\\\/wp-content\\\/uploads\\\/2018\\\/08\\\/Logo-Regional-Certel-Sicredi-2018-menor-e1533493887609.png\",\"contentUrl\":\"https:\\\/\\\/folhapopular.info\\\/wp-content\\\/uploads\\\/2018\\\/08\\\/Logo-Regional-Certel-Sicredi-2018-menor-e1533493887609.png\",\"width\":800,\"height\":917},{\"@type\":\"BreadcrumbList\",\"@id\":\"https:\\\/\\\/folhapopular.info\\\/index.php\\\/2018\\\/10\\\/12\\\/esperanca-am-e-o-primeiro-classificado-no-regional-certel-sicredi-2018\\\/#breadcrumb\",\"itemListElement\":[{\"@type\":\"ListItem\",\"position\":1,\"name\":\"In\u00edcio\",\"item\":\"https:\\\/\\\/folhapopular.info\\\/\"},{\"@type\":\"ListItem\",\"position\":2,\"name\":\"Esperan\u00e7a-AM \u00e9 o primeiro classificado no Regional Certel Sicredi 2018\"}]},{\"@type\":\"WebSite\",\"@id\":\"https:\\\/\\\/folhapopular.info\\\/#website\",\"url\":\"https:\\\/\\\/folhapopular.info\\\/\",\"name\":\"Folha Popular\",\"description\":\"Onde voc\u00ea tem vez e voz\",\"potentialAction\":[{\"@type\":\"SearchAction\",\"target\":{\"@type\":\"EntryPoint\",\"urlTemplate\":\"https:\\\/\\\/folhapopular.info\\\/?s={search_term_string}\"},\"query-input\":{\"@type\":\"PropertyValueSpecification\",\"valueRequired\":true,\"valueName\":\"search_term_string\"}}],\"inLanguage\":\"pt-BR\"},{\"@type\":\"Person\",\"@id\":\"https:\\\/\\\/folhapopular.info\\\/#\\\/schema\\\/person\\\/533a15f60cd49e81ab3a90b4ca33cb36\",\"name\":\"Lucas Leandro Brune\",\"image\":{\"@type\":\"ImageObject\",\"inLanguage\":\"pt-BR\",\"@id\":\"https:\\\/\\\/folhapopular.info\\\/wp-content\\\/uploads\\\/2026\\\/04\\\/LUCAS-1-1.webp\",\"url\":\"https:\\\/\\\/folhapopular.info\\\/wp-content\\\/uploads\\\/2026\\\/04\\\/LUCAS-1-1.webp\",\"contentUrl\":\"https:\\\/\\\/folhapopular.info\\\/wp-content\\\/uploads\\\/2026\\\/04\\\/LUCAS-1-1.webp\",\"caption\":\"Lucas Leandro Brune\"},\"description\":\"Jornalista Profissional Diplomado MTB\\\/RS 14.333\",\"url\":\"https:\\\/\\\/folhapopular.info\\\/index.php\\\/author\\\/lucas-brune\\\/\"}]}<\/script>\n<!-- \/ Yoast SEO plugin. -->","yoast_head_json":{"title":"Esperan\u00e7a-AM \u00e9 o primeiro classificado no Regional Certel Sicredi 2018 - Folha Popular","robots":{"index":"index","follow":"follow","max-snippet":"max-snippet:-1","max-image-preview":"max-image-preview:large","max-video-preview":"max-video-preview:-1"},"canonical":"https:\/\/folhapopular.info\/index.php\/2018\/10\/12\/esperanca-am-e-o-primeiro-classificado-no-regional-certel-sicredi-2018\/","og_locale":"pt_BR","og_type":"article","og_title":"Esperan\u00e7a-AM \u00e9 o primeiro classificado no Regional Certel Sicredi 2018 - Folha Popular","og_description":"O Esperan\u00e7a de Rui Barbosa, Arroio do Meio, confirmou sua classifica\u00e7\u00e3o para a fase de quartas de final da 21\u00aa Copa Certel Sicredi &#8211; Regional da Aslivata 2018. A equipe venceu o Brasil de Marques de Souza por 2 a 0, na tarde desta sexta-feira (12\/10), em jogo antecipado da rodada de volta das oitavas [&hellip;]","og_url":"https:\/\/folhapopular.info\/index.php\/2018\/10\/12\/esperanca-am-e-o-primeiro-classificado-no-regional-certel-sicredi-2018\/","og_site_name":"Folha Popular","article_published_time":"2018-10-12T21:16:09+00:00","article_modified_time":"2018-10-12T21:29:32+00:00","og_image":[{"width":800,"height":917,"url":"https:\/\/folhapopular.info\/wp-content\/uploads\/2018\/08\/Logo-Regional-Certel-Sicredi-2018-menor-e1533493887609.png","type":"image\/png"}],"author":"Lucas Leandro Brune","twitter_card":"summary_large_image","twitter_misc":{"Escrito por":"Lucas Leandro Brune","Est. tempo de leitura":"2 minutos"},"schema":{"@context":"https:\/\/schema.org","@graph":[{"@type":"Article","@id":"https:\/\/folhapopular.info\/index.php\/2018\/10\/12\/esperanca-am-e-o-primeiro-classificado-no-regional-certel-sicredi-2018\/#article","isPartOf":{"@id":"https:\/\/folhapopular.info\/index.php\/2018\/10\/12\/esperanca-am-e-o-primeiro-classificado-no-regional-certel-sicredi-2018\/"},"author":{"name":"Lucas Leandro Brune","@id":"https:\/\/folhapopular.info\/#\/schema\/person\/533a15f60cd49e81ab3a90b4ca33cb36"},"headline":"Esperan\u00e7a-AM \u00e9 o primeiro classificado no Regional Certel Sicredi 2018","datePublished":"2018-10-12T21:16:09+00:00","dateModified":"2018-10-12T21:29:32+00:00","mainEntityOfPage":{"@id":"https:\/\/folhapopular.info\/index.php\/2018\/10\/12\/esperanca-am-e-o-primeiro-classificado-no-regional-certel-sicredi-2018\/"},"wordCount":341,"commentCount":0,"image":{"@id":"https:\/\/folhapopular.info\/index.php\/2018\/10\/12\/esperanca-am-e-o-primeiro-classificado-no-regional-certel-sicredi-2018\/#primaryimage"},"thumbnailUrl":"https:\/\/folhapopular.info\/wp-content\/uploads\/2018\/08\/Logo-Regional-Certel-Sicredi-2018-menor-e1533493887609.png","keywords":["Arroio do Meio","Copa Certel Sicredi","futebol amador","Vale do Taquari"],"articleSection":["Esportes","Futebol Amador","Regional da Aslivata"],"inLanguage":"pt-BR","potentialAction":[{"@type":"CommentAction","name":"Comment","target":["https:\/\/folhapopular.info\/index.php\/2018\/10\/12\/esperanca-am-e-o-primeiro-classificado-no-regional-certel-sicredi-2018\/#respond"]}]},{"@type":"WebPage","@id":"https:\/\/folhapopular.info\/index.php\/2018\/10\/12\/esperanca-am-e-o-primeiro-classificado-no-regional-certel-sicredi-2018\/","url":"https:\/\/folhapopular.info\/index.php\/2018\/10\/12\/esperanca-am-e-o-primeiro-classificado-no-regional-certel-sicredi-2018\/","name":"Esperan\u00e7a-AM \u00e9 o primeiro classificado no Regional Certel Sicredi 2018 - Folha Popular","isPartOf":{"@id":"https:\/\/folhapopular.info\/#website"},"primaryImageOfPage":{"@id":"https:\/\/folhapopular.info\/index.php\/2018\/10\/12\/esperanca-am-e-o-primeiro-classificado-no-regional-certel-sicredi-2018\/#primaryimage"},"image":{"@id":"https:\/\/folhapopular.info\/index.php\/2018\/10\/12\/esperanca-am-e-o-primeiro-classificado-no-regional-certel-sicredi-2018\/#primaryimage"},"thumbnailUrl":"https:\/\/folhapopular.info\/wp-content\/uploads\/2018\/08\/Logo-Regional-Certel-Sicredi-2018-menor-e1533493887609.png","datePublished":"2018-10-12T21:16:09+00:00","dateModified":"2018-10-12T21:29:32+00:00","author":{"@id":"https:\/\/folhapopular.info\/#\/schema\/person\/533a15f60cd49e81ab3a90b4ca33cb36"},"breadcrumb":{"@id":"https:\/\/folhapopular.info\/index.php\/2018\/10\/12\/esperanca-am-e-o-primeiro-classificado-no-regional-certel-sicredi-2018\/#breadcrumb"},"inLanguage":"pt-BR","potentialAction":[{"@type":"ReadAction","target":["https:\/\/folhapopular.info\/index.php\/2018\/10\/12\/esperanca-am-e-o-primeiro-classificado-no-regional-certel-sicredi-2018\/"]}]},{"@type":"ImageObject","inLanguage":"pt-BR","@id":"https:\/\/folhapopular.info\/index.php\/2018\/10\/12\/esperanca-am-e-o-primeiro-classificado-no-regional-certel-sicredi-2018\/#primaryimage","url":"https:\/\/folhapopular.info\/wp-content\/uploads\/2018\/08\/Logo-Regional-Certel-Sicredi-2018-menor-e1533493887609.png","contentUrl":"https:\/\/folhapopular.info\/wp-content\/uploads\/2018\/08\/Logo-Regional-Certel-Sicredi-2018-menor-e1533493887609.png","width":800,"height":917},{"@type":"BreadcrumbList","@id":"https:\/\/folhapopular.info\/index.php\/2018\/10\/12\/esperanca-am-e-o-primeiro-classificado-no-regional-certel-sicredi-2018\/#breadcrumb","itemListElement":[{"@type":"ListItem","position":1,"name":"In\u00edcio","item":"https:\/\/folhapopular.info\/"},{"@type":"ListItem","position":2,"name":"Esperan\u00e7a-AM \u00e9 o primeiro classificado no Regional Certel Sicredi 2018"}]},{"@type":"WebSite","@id":"https:\/\/folhapopular.info\/#website","url":"https:\/\/folhapopular.info\/","name":"Folha Popular","description":"Onde voc\u00ea tem vez e voz","potentialAction":[{"@type":"SearchAction","target":{"@type":"EntryPoint","urlTemplate":"https:\/\/folhapopular.info\/?s={search_term_string}"},"query-input":{"@type":"PropertyValueSpecification","valueRequired":true,"valueName":"search_term_string"}}],"inLanguage":"pt-BR"},{"@type":"Person","@id":"https:\/\/folhapopular.info\/#\/schema\/person\/533a15f60cd49e81ab3a90b4ca33cb36","name":"Lucas Leandro Brune","image":{"@type":"ImageObject","inLanguage":"pt-BR","@id":"https:\/\/folhapopular.info\/wp-content\/uploads\/2026\/04\/LUCAS-1-1.webp","url":"https:\/\/folhapopular.info\/wp-content\/uploads\/2026\/04\/LUCAS-1-1.webp","contentUrl":"https:\/\/folhapopular.info\/wp-content\/uploads\/2026\/04\/LUCAS-1-1.webp","caption":"Lucas Leandro Brune"},"description":"Jornalista Profissional Diplomado MTB\/RS 14.333","url":"https:\/\/folhapopular.info\/index.php\/author\/lucas-brune\/"}]}},"jetpack_featured_media_url":"https:\/\/folhapopular.info\/wp-content\/uploads\/2018\/08\/Logo-Regional-Certel-Sicredi-2018-menor-e1533493887609.png","jetpack_sharing_enabled":true,"amp_enabled":true,"_links":{"self":[{"href":"https:\/\/folhapopular.info\/index.php\/wp-json\/wp\/v2\/posts\/48849","targetHints":{"allow":["GET"]}}],"collection":[{"href":"https:\/\/folhapopular.info\/index.php\/wp-json\/wp\/v2\/posts"}],"about":[{"href":"https:\/\/folhapopular.info\/index.php\/wp-json\/wp\/v2\/types\/post"}],"author":[{"embeddable":true,"href":"https:\/\/folhapopular.info\/index.php\/wp-json\/wp\/v2\/users\/7"}],"replies":[{"embeddable":true,"href":"https:\/\/folhapopular.info\/index.php\/wp-json\/wp\/v2\/comments?post=48849"}],"version-history":[{"count":0,"href":"https:\/\/folhapopular.info\/index.php\/wp-json\/wp\/v2\/posts\/48849\/revisions"}],"wp:featuredmedia":[{"embeddable":true,"href":"https:\/\/folhapopular.info\/index.php\/wp-json\/wp\/v2\/media\/46699"}],"wp:attachment":[{"href":"https:\/\/folhapopular.info\/index.php\/wp-json\/wp\/v2\/media?parent=48849"}],"wp:term":[{"taxonomy":"category","embeddable":true,"href":"https:\/\/folhapopular.info\/index.php\/wp-json\/wp\/v2\/categories?post=48849"},{"taxonomy":"post_tag","embeddable":true,"href":"https:\/\/folhapopular.info\/index.php\/wp-json\/wp\/v2\/tags?post=48849"}],"curies":[{"name":"wp","href":"https:\/\/api.w.org\/{rel}","templated":true}]}}