{"id":48865,"date":"2018-10-13T09:00:15","date_gmt":"2018-10-13T12:00:15","guid":{"rendered":"http:\/\/folhapopular.info\/?p=48865"},"modified":"2018-10-13T08:10:35","modified_gmt":"2018-10-13T11:10:35","slug":"semana-do-brincar-oportuniza-integracao-entre-escolas","status":"publish","type":"post","link":"https:\/\/folhapopular.info\/index.php\/2018\/10\/13\/semana-do-brincar-oportuniza-integracao-entre-escolas\/","title":{"rendered":"Semana do Brincar oportuniza integra\u00e7\u00e3o entre escolas"},"content":{"rendered":"<p>A 1\u00aa Semana do Brincar, entre os dias 8 e 12 de outubro, teve como marca a integra\u00e7\u00e3o. Durante toda a semana, turmas da Educa\u00e7\u00e3o Infantil das escolas do munic\u00edpio se visitaram entre si e oportunizaram aos alunos a intera\u00e7\u00e3o e a integra\u00e7\u00e3o com as demais crian\u00e7as.<\/p>\n<p>Em escala pr\u00e9-definida, uma escola visitou a outra. Como consequ\u00eancia, tudo virou em brincadeiras saud\u00e1veis, que estimularam a socializa\u00e7\u00e3o e o desenvolvimento cognitivo dos pequenos. A movimenta\u00e7\u00e3o nas escolas foi intensa e oportunizou experi\u00eancias incr\u00edveis \u00e0s crian\u00e7as. Os N\u00facleos de Cultura de Teut\u00f4nia, da mesma forma, foram \u00e0s escolas, levando arte e cultura para os pequenos.<\/p>\n<p>Conforme a coordenadora da Educa\u00e7\u00e3o Infantil da Prefeitura de Teut\u00f4nia, Alessandra Surkamp, os atos de brincar e de integra\u00e7\u00e3o s\u00e3o de suma import\u00e2ncia para o desenvolvimento infantil. \u201cCrian\u00e7a aprende atrav\u00e9s das brincadeiras e intera\u00e7\u00f5es. Brincar tamb\u00e9m fortalece as fun\u00e7\u00f5es cognitivas, promove a autonomia, estimula o imagin\u00e1rio, estabelece v\u00ednculos, ajuda a lidar com ang\u00fastias e anseios, ajuda a desenvolver a coordena\u00e7\u00e3o motora, al\u00e9m de contribuir para a forma\u00e7\u00e3o de um cidad\u00e3o cr\u00edtico e respons\u00e1vel\u201d, frisou.<\/p>\n<p>A realiza\u00e7\u00e3o da Semana do Brincar, que teve como tema \u201cVai come\u00e7ar a brincadeira\u201d, \u00e9 da Secretaria de Educa\u00e7\u00e3o. Apoiam a iniciativa as secretarias de Assist\u00eancia Social e Habita\u00e7\u00e3o, de Ind\u00fastria, Com\u00e9rcio e Turismo, de Sa\u00fade, e de Juventude, Cultura, Esporte e Lazer.<\/p>\n","protected":false},"excerpt":{"rendered":"<p>A 1\u00aa Semana do Brincar, entre os dias 8 e 12 de outubro, teve como marca a integra\u00e7\u00e3o. Durante toda a semana, turmas da Educa\u00e7\u00e3o Infantil das escolas do munic\u00edpio se visitaram entre si e oportunizaram aos alunos a intera\u00e7\u00e3o e a integra\u00e7\u00e3o com as demais crian\u00e7as. Em escala pr\u00e9-definida, uma escola visitou a outra. [&hellip;]<\/p>\n","protected":false},"author":8,"featured_media":48866,"comment_status":"open","ping_status":"open","sticky":false,"template":"","format":"standard","meta":{"pmpro_default_level":"","_jetpack_memberships_contains_paid_content":false,"footnotes":""},"categories":[6],"tags":[3478,26],"class_list":{"0":"post-48865","1":"post","2":"type-post","3":"status-publish","4":"format-standard","5":"has-post-thumbnail","7":"category-inclusive","8":"tag-semana-do-brincar","9":"tag-teutonia","10":"pmpro-has-access"},"yoast_head":"<!-- This site is optimized with the Yoast SEO plugin v27.5 - https:\/\/yoast.com\/product\/yoast-seo-wordpress\/ -->\n<title>Semana do Brincar oportuniza integra\u00e7\u00e3o entre escolas - Folha Popular<\/title>\n<meta name=\"robots\" content=\"index, follow, max-snippet:-1, max-image-preview:large, max-video-preview:-1\" \/>\n<link rel=\"canonical\" href=\"https:\/\/folhapopular.info\/index.php\/2018\/10\/13\/semana-do-brincar-oportuniza-integracao-entre-escolas\/\" \/>\n<meta property=\"og:locale\" content=\"pt_BR\" \/>\n<meta property=\"og:type\" content=\"article\" \/>\n<meta property=\"og:title\" content=\"Semana do Brincar oportuniza integra\u00e7\u00e3o entre escolas - Folha Popular\" \/>\n<meta property=\"og:description\" content=\"A 1\u00aa Semana do Brincar, entre os dias 8 e 12 de outubro, teve como marca a integra\u00e7\u00e3o. Durante toda a semana, turmas da Educa\u00e7\u00e3o Infantil das escolas do munic\u00edpio se visitaram entre si e oportunizaram aos alunos a intera\u00e7\u00e3o e a integra\u00e7\u00e3o com as demais crian\u00e7as. Em escala pr\u00e9-definida, uma escola visitou a outra. [&hellip;]\" \/>\n<meta property=\"og:url\" content=\"https:\/\/folhapopular.info\/index.php\/2018\/10\/13\/semana-do-brincar-oportuniza-integracao-entre-escolas\/\" \/>\n<meta property=\"og:site_name\" content=\"Folha Popular\" \/>\n<meta property=\"article:published_time\" content=\"2018-10-13T12:00:15+00:00\" \/>\n<meta property=\"og:image\" content=\"https:\/\/folhapopular.info\/wp-content\/uploads\/2018\/10\/Semana-do-Brincar-oportunizou-a-integra\u00e7\u00e3o-entre-turmas-5-e1539428987641.jpg\" \/>\n\t<meta property=\"og:image:width\" content=\"800\" \/>\n\t<meta property=\"og:image:height\" content=\"600\" \/>\n\t<meta property=\"og:image:type\" content=\"image\/jpeg\" \/>\n<meta name=\"author\" content=\"Reda\u00e7\u00e3o Folha Popular\" \/>\n<meta name=\"twitter:card\" content=\"summary_large_image\" \/>\n<meta name=\"twitter:label1\" content=\"Escrito por\" \/>\n\t<meta name=\"twitter:data1\" content=\"Reda\u00e7\u00e3o Folha Popular\" \/>\n\t<meta name=\"twitter:label2\" content=\"Est. tempo de leitura\" \/>\n\t<meta name=\"twitter:data2\" content=\"1 minuto\" \/>\n<script type=\"application\/ld+json\" class=\"yoast-schema-graph\">{\"@context\":\"https:\\\/\\\/schema.org\",\"@graph\":[{\"@type\":\"Article\",\"@id\":\"https:\\\/\\\/folhapopular.info\\\/index.php\\\/2018\\\/10\\\/13\\\/semana-do-brincar-oportuniza-integracao-entre-escolas\\\/#article\",\"isPartOf\":{\"@id\":\"https:\\\/\\\/folhapopular.info\\\/index.php\\\/2018\\\/10\\\/13\\\/semana-do-brincar-oportuniza-integracao-entre-escolas\\\/\"},\"author\":{\"name\":\"Reda\u00e7\u00e3o Folha Popular\",\"@id\":\"https:\\\/\\\/folhapopular.info\\\/#\\\/schema\\\/person\\\/2814e8a0df7643585a9ca38bc6eb9d4b\"},\"headline\":\"Semana do Brincar oportuniza integra\u00e7\u00e3o entre escolas\",\"datePublished\":\"2018-10-13T12:00:15+00:00\",\"mainEntityOfPage\":{\"@id\":\"https:\\\/\\\/folhapopular.info\\\/index.php\\\/2018\\\/10\\\/13\\\/semana-do-brincar-oportuniza-integracao-entre-escolas\\\/\"},\"wordCount\":267,\"commentCount\":0,\"image\":{\"@id\":\"https:\\\/\\\/folhapopular.info\\\/index.php\\\/2018\\\/10\\\/13\\\/semana-do-brincar-oportuniza-integracao-entre-escolas\\\/#primaryimage\"},\"thumbnailUrl\":\"https:\\\/\\\/folhapopular.info\\\/wp-content\\\/uploads\\\/2018\\\/10\\\/Semana-do-Brincar-oportunizou-a-integra\u00e7\u00e3o-entre-turmas-5-e1539428987641.jpg\",\"keywords\":[\"Semana do Brincar\",\"Teut\u00f4nia\"],\"articleSection\":[\"Inclusive\"],\"inLanguage\":\"pt-BR\",\"potentialAction\":[{\"@type\":\"CommentAction\",\"name\":\"Comment\",\"target\":[\"https:\\\/\\\/folhapopular.info\\\/index.php\\\/2018\\\/10\\\/13\\\/semana-do-brincar-oportuniza-integracao-entre-escolas\\\/#respond\"]}]},{\"@type\":\"WebPage\",\"@id\":\"https:\\\/\\\/folhapopular.info\\\/index.php\\\/2018\\\/10\\\/13\\\/semana-do-brincar-oportuniza-integracao-entre-escolas\\\/\",\"url\":\"https:\\\/\\\/folhapopular.info\\\/index.php\\\/2018\\\/10\\\/13\\\/semana-do-brincar-oportuniza-integracao-entre-escolas\\\/\",\"name\":\"Semana do Brincar oportuniza integra\u00e7\u00e3o entre escolas - Folha Popular\",\"isPartOf\":{\"@id\":\"https:\\\/\\\/folhapopular.info\\\/#website\"},\"primaryImageOfPage\":{\"@id\":\"https:\\\/\\\/folhapopular.info\\\/index.php\\\/2018\\\/10\\\/13\\\/semana-do-brincar-oportuniza-integracao-entre-escolas\\\/#primaryimage\"},\"image\":{\"@id\":\"https:\\\/\\\/folhapopular.info\\\/index.php\\\/2018\\\/10\\\/13\\\/semana-do-brincar-oportuniza-integracao-entre-escolas\\\/#primaryimage\"},\"thumbnailUrl\":\"https:\\\/\\\/folhapopular.info\\\/wp-content\\\/uploads\\\/2018\\\/10\\\/Semana-do-Brincar-oportunizou-a-integra\u00e7\u00e3o-entre-turmas-5-e1539428987641.jpg\",\"datePublished\":\"2018-10-13T12:00:15+00:00\",\"author\":{\"@id\":\"https:\\\/\\\/folhapopular.info\\\/#\\\/schema\\\/person\\\/2814e8a0df7643585a9ca38bc6eb9d4b\"},\"breadcrumb\":{\"@id\":\"https:\\\/\\\/folhapopular.info\\\/index.php\\\/2018\\\/10\\\/13\\\/semana-do-brincar-oportuniza-integracao-entre-escolas\\\/#breadcrumb\"},\"inLanguage\":\"pt-BR\",\"potentialAction\":[{\"@type\":\"ReadAction\",\"target\":[\"https:\\\/\\\/folhapopular.info\\\/index.php\\\/2018\\\/10\\\/13\\\/semana-do-brincar-oportuniza-integracao-entre-escolas\\\/\"]}]},{\"@type\":\"ImageObject\",\"inLanguage\":\"pt-BR\",\"@id\":\"https:\\\/\\\/folhapopular.info\\\/index.php\\\/2018\\\/10\\\/13\\\/semana-do-brincar-oportuniza-integracao-entre-escolas\\\/#primaryimage\",\"url\":\"https:\\\/\\\/folhapopular.info\\\/wp-content\\\/uploads\\\/2018\\\/10\\\/Semana-do-Brincar-oportunizou-a-integra\u00e7\u00e3o-entre-turmas-5-e1539428987641.jpg\",\"contentUrl\":\"https:\\\/\\\/folhapopular.info\\\/wp-content\\\/uploads\\\/2018\\\/10\\\/Semana-do-Brincar-oportunizou-a-integra\u00e7\u00e3o-entre-turmas-5-e1539428987641.jpg\",\"width\":800,\"height\":600,\"caption\":\"Semana do Brincar oportunizou a integra\u00e7\u00e3o entre turmas\"},{\"@type\":\"BreadcrumbList\",\"@id\":\"https:\\\/\\\/folhapopular.info\\\/index.php\\\/2018\\\/10\\\/13\\\/semana-do-brincar-oportuniza-integracao-entre-escolas\\\/#breadcrumb\",\"itemListElement\":[{\"@type\":\"ListItem\",\"position\":1,\"name\":\"In\u00edcio\",\"item\":\"https:\\\/\\\/folhapopular.info\\\/\"},{\"@type\":\"ListItem\",\"position\":2,\"name\":\"Semana do Brincar oportuniza integra\u00e7\u00e3o entre escolas\"}]},{\"@type\":\"WebSite\",\"@id\":\"https:\\\/\\\/folhapopular.info\\\/#website\",\"url\":\"https:\\\/\\\/folhapopular.info\\\/\",\"name\":\"Folha Popular\",\"description\":\"Onde voc\u00ea tem vez e voz\",\"potentialAction\":[{\"@type\":\"SearchAction\",\"target\":{\"@type\":\"EntryPoint\",\"urlTemplate\":\"https:\\\/\\\/folhapopular.info\\\/?s={search_term_string}\"},\"query-input\":{\"@type\":\"PropertyValueSpecification\",\"valueRequired\":true,\"valueName\":\"search_term_string\"}}],\"inLanguage\":\"pt-BR\"},{\"@type\":\"Person\",\"@id\":\"https:\\\/\\\/folhapopular.info\\\/#\\\/schema\\\/person\\\/2814e8a0df7643585a9ca38bc6eb9d4b\",\"name\":\"Reda\u00e7\u00e3o Folha Popular\",\"image\":{\"@type\":\"ImageObject\",\"inLanguage\":\"pt-BR\",\"@id\":\"https:\\\/\\\/folhapopular.info\\\/wp-content\\\/uploads\\\/2026\\\/04\\\/Folha-1.webp\",\"url\":\"https:\\\/\\\/folhapopular.info\\\/wp-content\\\/uploads\\\/2026\\\/04\\\/Folha-1.webp\",\"contentUrl\":\"https:\\\/\\\/folhapopular.info\\\/wp-content\\\/uploads\\\/2026\\\/04\\\/Folha-1.webp\",\"caption\":\"Reda\u00e7\u00e3o Folha Popular\"},\"url\":\"https:\\\/\\\/folhapopular.info\\\/index.php\\\/author\\\/redacao\\\/\"}]}<\/script>\n<!-- \/ Yoast SEO plugin. -->","yoast_head_json":{"title":"Semana do Brincar oportuniza integra\u00e7\u00e3o entre escolas - Folha Popular","robots":{"index":"index","follow":"follow","max-snippet":"max-snippet:-1","max-image-preview":"max-image-preview:large","max-video-preview":"max-video-preview:-1"},"canonical":"https:\/\/folhapopular.info\/index.php\/2018\/10\/13\/semana-do-brincar-oportuniza-integracao-entre-escolas\/","og_locale":"pt_BR","og_type":"article","og_title":"Semana do Brincar oportuniza integra\u00e7\u00e3o entre escolas - Folha Popular","og_description":"A 1\u00aa Semana do Brincar, entre os dias 8 e 12 de outubro, teve como marca a integra\u00e7\u00e3o. Durante toda a semana, turmas da Educa\u00e7\u00e3o Infantil das escolas do munic\u00edpio se visitaram entre si e oportunizaram aos alunos a intera\u00e7\u00e3o e a integra\u00e7\u00e3o com as demais crian\u00e7as. Em escala pr\u00e9-definida, uma escola visitou a outra. [&hellip;]","og_url":"https:\/\/folhapopular.info\/index.php\/2018\/10\/13\/semana-do-brincar-oportuniza-integracao-entre-escolas\/","og_site_name":"Folha Popular","article_published_time":"2018-10-13T12:00:15+00:00","og_image":[{"width":800,"height":600,"url":"https:\/\/folhapopular.info\/wp-content\/uploads\/2018\/10\/Semana-do-Brincar-oportunizou-a-integra\u00e7\u00e3o-entre-turmas-5-e1539428987641.jpg","type":"image\/jpeg"}],"author":"Reda\u00e7\u00e3o Folha Popular","twitter_card":"summary_large_image","twitter_misc":{"Escrito por":"Reda\u00e7\u00e3o Folha Popular","Est. tempo de leitura":"1 minuto"},"schema":{"@context":"https:\/\/schema.org","@graph":[{"@type":"Article","@id":"https:\/\/folhapopular.info\/index.php\/2018\/10\/13\/semana-do-brincar-oportuniza-integracao-entre-escolas\/#article","isPartOf":{"@id":"https:\/\/folhapopular.info\/index.php\/2018\/10\/13\/semana-do-brincar-oportuniza-integracao-entre-escolas\/"},"author":{"name":"Reda\u00e7\u00e3o Folha Popular","@id":"https:\/\/folhapopular.info\/#\/schema\/person\/2814e8a0df7643585a9ca38bc6eb9d4b"},"headline":"Semana do Brincar oportuniza integra\u00e7\u00e3o entre escolas","datePublished":"2018-10-13T12:00:15+00:00","mainEntityOfPage":{"@id":"https:\/\/folhapopular.info\/index.php\/2018\/10\/13\/semana-do-brincar-oportuniza-integracao-entre-escolas\/"},"wordCount":267,"commentCount":0,"image":{"@id":"https:\/\/folhapopular.info\/index.php\/2018\/10\/13\/semana-do-brincar-oportuniza-integracao-entre-escolas\/#primaryimage"},"thumbnailUrl":"https:\/\/folhapopular.info\/wp-content\/uploads\/2018\/10\/Semana-do-Brincar-oportunizou-a-integra\u00e7\u00e3o-entre-turmas-5-e1539428987641.jpg","keywords":["Semana do Brincar","Teut\u00f4nia"],"articleSection":["Inclusive"],"inLanguage":"pt-BR","potentialAction":[{"@type":"CommentAction","name":"Comment","target":["https:\/\/folhapopular.info\/index.php\/2018\/10\/13\/semana-do-brincar-oportuniza-integracao-entre-escolas\/#respond"]}]},{"@type":"WebPage","@id":"https:\/\/folhapopular.info\/index.php\/2018\/10\/13\/semana-do-brincar-oportuniza-integracao-entre-escolas\/","url":"https:\/\/folhapopular.info\/index.php\/2018\/10\/13\/semana-do-brincar-oportuniza-integracao-entre-escolas\/","name":"Semana do Brincar oportuniza integra\u00e7\u00e3o entre escolas - Folha Popular","isPartOf":{"@id":"https:\/\/folhapopular.info\/#website"},"primaryImageOfPage":{"@id":"https:\/\/folhapopular.info\/index.php\/2018\/10\/13\/semana-do-brincar-oportuniza-integracao-entre-escolas\/#primaryimage"},"image":{"@id":"https:\/\/folhapopular.info\/index.php\/2018\/10\/13\/semana-do-brincar-oportuniza-integracao-entre-escolas\/#primaryimage"},"thumbnailUrl":"https:\/\/folhapopular.info\/wp-content\/uploads\/2018\/10\/Semana-do-Brincar-oportunizou-a-integra\u00e7\u00e3o-entre-turmas-5-e1539428987641.jpg","datePublished":"2018-10-13T12:00:15+00:00","author":{"@id":"https:\/\/folhapopular.info\/#\/schema\/person\/2814e8a0df7643585a9ca38bc6eb9d4b"},"breadcrumb":{"@id":"https:\/\/folhapopular.info\/index.php\/2018\/10\/13\/semana-do-brincar-oportuniza-integracao-entre-escolas\/#breadcrumb"},"inLanguage":"pt-BR","potentialAction":[{"@type":"ReadAction","target":["https:\/\/folhapopular.info\/index.php\/2018\/10\/13\/semana-do-brincar-oportuniza-integracao-entre-escolas\/"]}]},{"@type":"ImageObject","inLanguage":"pt-BR","@id":"https:\/\/folhapopular.info\/index.php\/2018\/10\/13\/semana-do-brincar-oportuniza-integracao-entre-escolas\/#primaryimage","url":"https:\/\/folhapopular.info\/wp-content\/uploads\/2018\/10\/Semana-do-Brincar-oportunizou-a-integra\u00e7\u00e3o-entre-turmas-5-e1539428987641.jpg","contentUrl":"https:\/\/folhapopular.info\/wp-content\/uploads\/2018\/10\/Semana-do-Brincar-oportunizou-a-integra\u00e7\u00e3o-entre-turmas-5-e1539428987641.jpg","width":800,"height":600,"caption":"Semana do Brincar oportunizou a integra\u00e7\u00e3o entre turmas"},{"@type":"BreadcrumbList","@id":"https:\/\/folhapopular.info\/index.php\/2018\/10\/13\/semana-do-brincar-oportuniza-integracao-entre-escolas\/#breadcrumb","itemListElement":[{"@type":"ListItem","position":1,"name":"In\u00edcio","item":"https:\/\/folhapopular.info\/"},{"@type":"ListItem","position":2,"name":"Semana do Brincar oportuniza integra\u00e7\u00e3o entre escolas"}]},{"@type":"WebSite","@id":"https:\/\/folhapopular.info\/#website","url":"https:\/\/folhapopular.info\/","name":"Folha Popular","description":"Onde voc\u00ea tem vez e voz","potentialAction":[{"@type":"SearchAction","target":{"@type":"EntryPoint","urlTemplate":"https:\/\/folhapopular.info\/?s={search_term_string}"},"query-input":{"@type":"PropertyValueSpecification","valueRequired":true,"valueName":"search_term_string"}}],"inLanguage":"pt-BR"},{"@type":"Person","@id":"https:\/\/folhapopular.info\/#\/schema\/person\/2814e8a0df7643585a9ca38bc6eb9d4b","name":"Reda\u00e7\u00e3o Folha Popular","image":{"@type":"ImageObject","inLanguage":"pt-BR","@id":"https:\/\/folhapopular.info\/wp-content\/uploads\/2026\/04\/Folha-1.webp","url":"https:\/\/folhapopular.info\/wp-content\/uploads\/2026\/04\/Folha-1.webp","contentUrl":"https:\/\/folhapopular.info\/wp-content\/uploads\/2026\/04\/Folha-1.webp","caption":"Reda\u00e7\u00e3o Folha Popular"},"url":"https:\/\/folhapopular.info\/index.php\/author\/redacao\/"}]}},"jetpack_featured_media_url":"https:\/\/folhapopular.info\/wp-content\/uploads\/2018\/10\/Semana-do-Brincar-oportunizou-a-integra\u00e7\u00e3o-entre-turmas-5-e1539428987641.jpg","jetpack_sharing_enabled":true,"amp_enabled":true,"_links":{"self":[{"href":"https:\/\/folhapopular.info\/index.php\/wp-json\/wp\/v2\/posts\/48865","targetHints":{"allow":["GET"]}}],"collection":[{"href":"https:\/\/folhapopular.info\/index.php\/wp-json\/wp\/v2\/posts"}],"about":[{"href":"https:\/\/folhapopular.info\/index.php\/wp-json\/wp\/v2\/types\/post"}],"author":[{"embeddable":true,"href":"https:\/\/folhapopular.info\/index.php\/wp-json\/wp\/v2\/users\/8"}],"replies":[{"embeddable":true,"href":"https:\/\/folhapopular.info\/index.php\/wp-json\/wp\/v2\/comments?post=48865"}],"version-history":[{"count":0,"href":"https:\/\/folhapopular.info\/index.php\/wp-json\/wp\/v2\/posts\/48865\/revisions"}],"wp:featuredmedia":[{"embeddable":true,"href":"https:\/\/folhapopular.info\/index.php\/wp-json\/wp\/v2\/media\/48866"}],"wp:attachment":[{"href":"https:\/\/folhapopular.info\/index.php\/wp-json\/wp\/v2\/media?parent=48865"}],"wp:term":[{"taxonomy":"category","embeddable":true,"href":"https:\/\/folhapopular.info\/index.php\/wp-json\/wp\/v2\/categories?post=48865"},{"taxonomy":"post_tag","embeddable":true,"href":"https:\/\/folhapopular.info\/index.php\/wp-json\/wp\/v2\/tags?post=48865"}],"curies":[{"name":"wp","href":"https:\/\/api.w.org\/{rel}","templated":true}]}}