{"id":48951,"date":"2018-10-15T12:00:28","date_gmt":"2018-10-15T15:00:28","guid":{"rendered":"http:\/\/folhapopular.info\/?p=48951"},"modified":"2018-10-15T08:30:41","modified_gmt":"2018-10-15T11:30:41","slug":"inaugurada-feira-de-agricultores-agroecologistas-no-shoppinglajeado","status":"publish","type":"post","link":"https:\/\/folhapopular.info\/index.php\/2018\/10\/15\/inaugurada-feira-de-agricultores-agroecologistas-no-shoppinglajeado\/","title":{"rendered":"Inaugurada Feira de Agricultores Agroecologistas no ShoppingLajeado"},"content":{"rendered":"<p>Foi inaugurada na quarta-feira (10\/10), a\u00a0Feira de Agricultores Agroecologistas no Shopping\u00a0Lajeado.\u00a0A partir de agora, acomunidade poder\u00e1 comprar alimentos agroecol\u00f3gicos no Shopping\u00a0Lajeado,\u00a0todas as quartas-feiras, das 16h30 \u00e0s 20h, no 1\u00ba piso do centro de compras. Iniciativa do Shopping\u00a0Lajeado, Emater\/RS-Ascar, Articula\u00e7\u00e3o de Agroecologia do Vale do Taquari (AAVT) e da Prefeitura de\u00a0Lajeado, por meio da Secretaria do Desenvolvimento Econ\u00f4mico, Turismo e Agricultura (Sedetag),\u00a0a feira\u00a0conta com a oferta de produtos org\u00e2nicos, devidamente certificados ou em processo de certifica\u00e7\u00e3o, cultivados pelos grupos de Organiza\u00e7\u00e3o de Controle Social (OCS), Org\u00e2nicos do Vale e Defensores da Natureza, formados por agricultores dos munic\u00edpios de Cruzeiro do Sul, Santa Clara do Sul, Arroio do Meio e\u00a0Lajeado.<\/p>\n<p>\u201cIsso \u00e9 um avan\u00e7o que se realiza atrav\u00e9s de parcerias entre a prefeitura, Emater, Shopping\u00a0Lajeado\u00a0e os agricultores\u201d, afirmou a vice-prefeita de\u00a0Lajeado, Gl\u00e1ucia Schumacher, ao refor\u00e7ar a necessidade das pessoas se alimentarem com produtos saud\u00e1veis. Por sua vez, o chefe do escrit\u00f3rio municipal da Emater, Claudio Jos\u00e9 Boone, destacou que a feira valoriza o trabalho dos agricultores, que acabam beneficiando toda sociedade com a oferta de alimentos saud\u00e1veis. Representando os agricultores, a produtora de morangos, temperos e plantas bioativas, M\u00e1rcia In\u00eas Hickmann, agradeceu ao empenho da prefeitura, Emater e do Shopping\u00a0Lajeado\u00a0que viabilizaram mais esta op\u00e7\u00e3o para compra de alimentos saud\u00e1veis em\u00a0Lajeado. \u201cVamos prestigiar essa feira\u201d, salientou M\u00e1rcia.<\/p>\n<p>Conforme a engenheira agr\u00f4noma da Sedetag, Anelise Bohn, a prefeitura auxiliar\u00e1 na organiza\u00e7\u00e3o e controle da feira, promovendo reuni\u00f5es, orientando sobre os regulamentos, bem como realizar\u00e1 a intermedia\u00e7\u00e3o entre a equipe do Shopping e os agricultores. Para Anelise, as feiras contribuem para o desenvolvimento da agricultura familiar da regi\u00e3o pois viabilizam o com\u00e9rcio direto entre consumidores e produtores. \u201cEstamos proporcionando mais um ponto de comercializa\u00e7\u00e3o de produtos saud\u00e1veis para a popula\u00e7\u00e3o, onde os clientes podem interagir com quem produz os alimentos&#8221;. Conforme Anelise, essas feiras contribuem para o desenvolvimento da agricultura familiar da regi\u00e3o e disponibilizam alimentos saud\u00e1veis e fresquinhos para a popula\u00e7\u00e3o. Al\u00e9m disso, \u00e9 mais uma op\u00e7\u00e3o para o p\u00fablico que frequenta o Shopping\u00a0Lajeado, disponibilizando mais um dia para adquirir produtos da agricultura org\u00e2nica no munic\u00edpio.<\/p>\n<p><strong>Outras\u00a0op\u00e7\u00f5es<\/strong><\/p>\n<p>Al\u00e9m da feira realizada todas as quartas-feiras a partir de agora no Shopping\u00a0Lajeado, a comunidade encontra alimentos saud\u00e1veis nas segundas-feiras, das 15h \u00e0s 19h, na Feira Regional de Agricultores Agroecologistas, que acontece na Pra\u00e7a Jo\u00e3o Zart Sobrinho, popularmente conhecida como Pra\u00e7a do Papai Noel. Outra op\u00e7\u00e3o ocorre na Univates, que promove a Feira Regional de Agricultores Familiares Agroecologistas nas quintas-feiras, das 16h30 \u00e0s 19h30.<\/p>\n","protected":false},"excerpt":{"rendered":"<p>Foi inaugurada na quarta-feira (10\/10), a\u00a0Feira de Agricultores Agroecologistas no Shopping\u00a0Lajeado.\u00a0A partir de agora, acomunidade poder\u00e1 comprar alimentos agroecol\u00f3gicos no Shopping\u00a0Lajeado,\u00a0todas as quartas-feiras, das 16h30 \u00e0s 20h, no 1\u00ba piso do centro de compras. Iniciativa do Shopping\u00a0Lajeado, Emater\/RS-Ascar, Articula\u00e7\u00e3o de Agroecologia do Vale do Taquari (AAVT) e da Prefeitura de\u00a0Lajeado, por meio da Secretaria do [&hellip;]<\/p>\n","protected":false},"author":8,"featured_media":48952,"comment_status":"open","ping_status":"open","sticky":false,"template":"","format":"standard","meta":{"pmpro_default_level":"","_jetpack_memberships_contains_paid_content":false,"footnotes":""},"categories":[3],"tags":[3499,173,3498,27,3487],"class_list":{"0":"post-48951","1":"post","2":"type-post","3":"status-publish","4":"format-standard","5":"has-post-thumbnail","7":"category-geral","8":"tag-aavt","9":"tag-emater","10":"tag-feira-de-agricultores-agroecologistas","11":"tag-lajeado","12":"tag-shopping-lajeado","13":"pmpro-has-access"},"yoast_head":"<!-- This site is optimized with the Yoast SEO plugin v27.5 - https:\/\/yoast.com\/product\/yoast-seo-wordpress\/ -->\n<title>Inaugurada Feira de Agricultores Agroecologistas no ShoppingLajeado - Folha Popular<\/title>\n<meta name=\"robots\" content=\"index, follow, max-snippet:-1, max-image-preview:large, max-video-preview:-1\" \/>\n<link rel=\"canonical\" href=\"https:\/\/folhapopular.info\/index.php\/2018\/10\/15\/inaugurada-feira-de-agricultores-agroecologistas-no-shoppinglajeado\/\" \/>\n<meta property=\"og:locale\" content=\"pt_BR\" \/>\n<meta property=\"og:type\" content=\"article\" \/>\n<meta property=\"og:title\" content=\"Inaugurada Feira de Agricultores Agroecologistas no ShoppingLajeado - Folha Popular\" \/>\n<meta property=\"og:description\" content=\"Foi inaugurada na quarta-feira (10\/10), a\u00a0Feira de Agricultores Agroecologistas no Shopping\u00a0Lajeado.\u00a0A partir de agora, acomunidade poder\u00e1 comprar alimentos agroecol\u00f3gicos no Shopping\u00a0Lajeado,\u00a0todas as quartas-feiras, das 16h30 \u00e0s 20h, no 1\u00ba piso do centro de compras. Iniciativa do Shopping\u00a0Lajeado, Emater\/RS-Ascar, Articula\u00e7\u00e3o de Agroecologia do Vale do Taquari (AAVT) e da Prefeitura de\u00a0Lajeado, por meio da Secretaria do [&hellip;]\" \/>\n<meta property=\"og:url\" content=\"https:\/\/folhapopular.info\/index.php\/2018\/10\/15\/inaugurada-feira-de-agricultores-agroecologistas-no-shoppinglajeado\/\" \/>\n<meta property=\"og:site_name\" content=\"Folha Popular\" \/>\n<meta property=\"article:published_time\" content=\"2018-10-15T15:00:28+00:00\" \/>\n<meta property=\"og:image\" content=\"https:\/\/folhapopular.info\/wp-content\/uploads\/2018\/10\/Feira-Agroecol\u00f3gica-inaugura\u00e7\u00e3o-no-Shopping-Lajeado-e1539603020657.jpg\" \/>\n\t<meta property=\"og:image:width\" content=\"800\" \/>\n\t<meta property=\"og:image:height\" content=\"533\" \/>\n\t<meta property=\"og:image:type\" content=\"image\/jpeg\" \/>\n<meta name=\"author\" content=\"Reda\u00e7\u00e3o Folha Popular\" \/>\n<meta name=\"twitter:card\" content=\"summary_large_image\" \/>\n<meta name=\"twitter:label1\" content=\"Escrito por\" \/>\n\t<meta name=\"twitter:data1\" content=\"Reda\u00e7\u00e3o Folha Popular\" \/>\n\t<meta name=\"twitter:label2\" content=\"Est. tempo de leitura\" \/>\n\t<meta name=\"twitter:data2\" content=\"2 minutos\" \/>\n<script type=\"application\/ld+json\" class=\"yoast-schema-graph\">{\"@context\":\"https:\\\/\\\/schema.org\",\"@graph\":[{\"@type\":\"Article\",\"@id\":\"https:\\\/\\\/folhapopular.info\\\/index.php\\\/2018\\\/10\\\/15\\\/inaugurada-feira-de-agricultores-agroecologistas-no-shoppinglajeado\\\/#article\",\"isPartOf\":{\"@id\":\"https:\\\/\\\/folhapopular.info\\\/index.php\\\/2018\\\/10\\\/15\\\/inaugurada-feira-de-agricultores-agroecologistas-no-shoppinglajeado\\\/\"},\"author\":{\"name\":\"Reda\u00e7\u00e3o Folha Popular\",\"@id\":\"https:\\\/\\\/folhapopular.info\\\/#\\\/schema\\\/person\\\/2814e8a0df7643585a9ca38bc6eb9d4b\"},\"headline\":\"Inaugurada Feira de Agricultores Agroecologistas no ShoppingLajeado\",\"datePublished\":\"2018-10-15T15:00:28+00:00\",\"mainEntityOfPage\":{\"@id\":\"https:\\\/\\\/folhapopular.info\\\/index.php\\\/2018\\\/10\\\/15\\\/inaugurada-feira-de-agricultores-agroecologistas-no-shoppinglajeado\\\/\"},\"wordCount\":474,\"commentCount\":0,\"image\":{\"@id\":\"https:\\\/\\\/folhapopular.info\\\/index.php\\\/2018\\\/10\\\/15\\\/inaugurada-feira-de-agricultores-agroecologistas-no-shoppinglajeado\\\/#primaryimage\"},\"thumbnailUrl\":\"https:\\\/\\\/folhapopular.info\\\/wp-content\\\/uploads\\\/2018\\\/10\\\/Feira-Agroecol\u00f3gica-inaugura\u00e7\u00e3o-no-Shopping-Lajeado-e1539603020657.jpg\",\"keywords\":[\"AAVT\",\"Emater\",\"Feira de Agricultores Agroecologistas\",\"Lajeado\",\"Shopping Lajeado\"],\"articleSection\":[\"Geral\"],\"inLanguage\":\"pt-BR\",\"potentialAction\":[{\"@type\":\"CommentAction\",\"name\":\"Comment\",\"target\":[\"https:\\\/\\\/folhapopular.info\\\/index.php\\\/2018\\\/10\\\/15\\\/inaugurada-feira-de-agricultores-agroecologistas-no-shoppinglajeado\\\/#respond\"]}]},{\"@type\":\"WebPage\",\"@id\":\"https:\\\/\\\/folhapopular.info\\\/index.php\\\/2018\\\/10\\\/15\\\/inaugurada-feira-de-agricultores-agroecologistas-no-shoppinglajeado\\\/\",\"url\":\"https:\\\/\\\/folhapopular.info\\\/index.php\\\/2018\\\/10\\\/15\\\/inaugurada-feira-de-agricultores-agroecologistas-no-shoppinglajeado\\\/\",\"name\":\"Inaugurada Feira de Agricultores Agroecologistas no ShoppingLajeado - Folha Popular\",\"isPartOf\":{\"@id\":\"https:\\\/\\\/folhapopular.info\\\/#website\"},\"primaryImageOfPage\":{\"@id\":\"https:\\\/\\\/folhapopular.info\\\/index.php\\\/2018\\\/10\\\/15\\\/inaugurada-feira-de-agricultores-agroecologistas-no-shoppinglajeado\\\/#primaryimage\"},\"image\":{\"@id\":\"https:\\\/\\\/folhapopular.info\\\/index.php\\\/2018\\\/10\\\/15\\\/inaugurada-feira-de-agricultores-agroecologistas-no-shoppinglajeado\\\/#primaryimage\"},\"thumbnailUrl\":\"https:\\\/\\\/folhapopular.info\\\/wp-content\\\/uploads\\\/2018\\\/10\\\/Feira-Agroecol\u00f3gica-inaugura\u00e7\u00e3o-no-Shopping-Lajeado-e1539603020657.jpg\",\"datePublished\":\"2018-10-15T15:00:28+00:00\",\"author\":{\"@id\":\"https:\\\/\\\/folhapopular.info\\\/#\\\/schema\\\/person\\\/2814e8a0df7643585a9ca38bc6eb9d4b\"},\"breadcrumb\":{\"@id\":\"https:\\\/\\\/folhapopular.info\\\/index.php\\\/2018\\\/10\\\/15\\\/inaugurada-feira-de-agricultores-agroecologistas-no-shoppinglajeado\\\/#breadcrumb\"},\"inLanguage\":\"pt-BR\",\"potentialAction\":[{\"@type\":\"ReadAction\",\"target\":[\"https:\\\/\\\/folhapopular.info\\\/index.php\\\/2018\\\/10\\\/15\\\/inaugurada-feira-de-agricultores-agroecologistas-no-shoppinglajeado\\\/\"]}]},{\"@type\":\"ImageObject\",\"inLanguage\":\"pt-BR\",\"@id\":\"https:\\\/\\\/folhapopular.info\\\/index.php\\\/2018\\\/10\\\/15\\\/inaugurada-feira-de-agricultores-agroecologistas-no-shoppinglajeado\\\/#primaryimage\",\"url\":\"https:\\\/\\\/folhapopular.info\\\/wp-content\\\/uploads\\\/2018\\\/10\\\/Feira-Agroecol\u00f3gica-inaugura\u00e7\u00e3o-no-Shopping-Lajeado-e1539603020657.jpg\",\"contentUrl\":\"https:\\\/\\\/folhapopular.info\\\/wp-content\\\/uploads\\\/2018\\\/10\\\/Feira-Agroecol\u00f3gica-inaugura\u00e7\u00e3o-no-Shopping-Lajeado-e1539603020657.jpg\",\"width\":800,\"height\":533,\"caption\":\"Feira atraiu muitos clientes no dia em que foi inaugurada\\\/Cr\u00e9dito da foto: Rafael Scheeren Gr\u00fcn\\\/Divulga\u00e7\u00e3o\"},{\"@type\":\"BreadcrumbList\",\"@id\":\"https:\\\/\\\/folhapopular.info\\\/index.php\\\/2018\\\/10\\\/15\\\/inaugurada-feira-de-agricultores-agroecologistas-no-shoppinglajeado\\\/#breadcrumb\",\"itemListElement\":[{\"@type\":\"ListItem\",\"position\":1,\"name\":\"In\u00edcio\",\"item\":\"https:\\\/\\\/folhapopular.info\\\/\"},{\"@type\":\"ListItem\",\"position\":2,\"name\":\"Inaugurada Feira de Agricultores Agroecologistas no ShoppingLajeado\"}]},{\"@type\":\"WebSite\",\"@id\":\"https:\\\/\\\/folhapopular.info\\\/#website\",\"url\":\"https:\\\/\\\/folhapopular.info\\\/\",\"name\":\"Folha Popular\",\"description\":\"Onde voc\u00ea tem vez e voz\",\"potentialAction\":[{\"@type\":\"SearchAction\",\"target\":{\"@type\":\"EntryPoint\",\"urlTemplate\":\"https:\\\/\\\/folhapopular.info\\\/?s={search_term_string}\"},\"query-input\":{\"@type\":\"PropertyValueSpecification\",\"valueRequired\":true,\"valueName\":\"search_term_string\"}}],\"inLanguage\":\"pt-BR\"},{\"@type\":\"Person\",\"@id\":\"https:\\\/\\\/folhapopular.info\\\/#\\\/schema\\\/person\\\/2814e8a0df7643585a9ca38bc6eb9d4b\",\"name\":\"Reda\u00e7\u00e3o Folha Popular\",\"image\":{\"@type\":\"ImageObject\",\"inLanguage\":\"pt-BR\",\"@id\":\"https:\\\/\\\/folhapopular.info\\\/wp-content\\\/uploads\\\/2026\\\/04\\\/Folha-1.webp\",\"url\":\"https:\\\/\\\/folhapopular.info\\\/wp-content\\\/uploads\\\/2026\\\/04\\\/Folha-1.webp\",\"contentUrl\":\"https:\\\/\\\/folhapopular.info\\\/wp-content\\\/uploads\\\/2026\\\/04\\\/Folha-1.webp\",\"caption\":\"Reda\u00e7\u00e3o Folha Popular\"},\"url\":\"https:\\\/\\\/folhapopular.info\\\/index.php\\\/author\\\/redacao\\\/\"}]}<\/script>\n<!-- \/ Yoast SEO plugin. -->","yoast_head_json":{"title":"Inaugurada Feira de Agricultores Agroecologistas no ShoppingLajeado - Folha Popular","robots":{"index":"index","follow":"follow","max-snippet":"max-snippet:-1","max-image-preview":"max-image-preview:large","max-video-preview":"max-video-preview:-1"},"canonical":"https:\/\/folhapopular.info\/index.php\/2018\/10\/15\/inaugurada-feira-de-agricultores-agroecologistas-no-shoppinglajeado\/","og_locale":"pt_BR","og_type":"article","og_title":"Inaugurada Feira de Agricultores Agroecologistas no ShoppingLajeado - Folha Popular","og_description":"Foi inaugurada na quarta-feira (10\/10), a\u00a0Feira de Agricultores Agroecologistas no Shopping\u00a0Lajeado.\u00a0A partir de agora, acomunidade poder\u00e1 comprar alimentos agroecol\u00f3gicos no Shopping\u00a0Lajeado,\u00a0todas as quartas-feiras, das 16h30 \u00e0s 20h, no 1\u00ba piso do centro de compras. Iniciativa do Shopping\u00a0Lajeado, Emater\/RS-Ascar, Articula\u00e7\u00e3o de Agroecologia do Vale do Taquari (AAVT) e da Prefeitura de\u00a0Lajeado, por meio da Secretaria do [&hellip;]","og_url":"https:\/\/folhapopular.info\/index.php\/2018\/10\/15\/inaugurada-feira-de-agricultores-agroecologistas-no-shoppinglajeado\/","og_site_name":"Folha Popular","article_published_time":"2018-10-15T15:00:28+00:00","og_image":[{"width":800,"height":533,"url":"https:\/\/folhapopular.info\/wp-content\/uploads\/2018\/10\/Feira-Agroecol\u00f3gica-inaugura\u00e7\u00e3o-no-Shopping-Lajeado-e1539603020657.jpg","type":"image\/jpeg"}],"author":"Reda\u00e7\u00e3o Folha Popular","twitter_card":"summary_large_image","twitter_misc":{"Escrito por":"Reda\u00e7\u00e3o Folha Popular","Est. tempo de leitura":"2 minutos"},"schema":{"@context":"https:\/\/schema.org","@graph":[{"@type":"Article","@id":"https:\/\/folhapopular.info\/index.php\/2018\/10\/15\/inaugurada-feira-de-agricultores-agroecologistas-no-shoppinglajeado\/#article","isPartOf":{"@id":"https:\/\/folhapopular.info\/index.php\/2018\/10\/15\/inaugurada-feira-de-agricultores-agroecologistas-no-shoppinglajeado\/"},"author":{"name":"Reda\u00e7\u00e3o Folha Popular","@id":"https:\/\/folhapopular.info\/#\/schema\/person\/2814e8a0df7643585a9ca38bc6eb9d4b"},"headline":"Inaugurada Feira de Agricultores Agroecologistas no ShoppingLajeado","datePublished":"2018-10-15T15:00:28+00:00","mainEntityOfPage":{"@id":"https:\/\/folhapopular.info\/index.php\/2018\/10\/15\/inaugurada-feira-de-agricultores-agroecologistas-no-shoppinglajeado\/"},"wordCount":474,"commentCount":0,"image":{"@id":"https:\/\/folhapopular.info\/index.php\/2018\/10\/15\/inaugurada-feira-de-agricultores-agroecologistas-no-shoppinglajeado\/#primaryimage"},"thumbnailUrl":"https:\/\/folhapopular.info\/wp-content\/uploads\/2018\/10\/Feira-Agroecol\u00f3gica-inaugura\u00e7\u00e3o-no-Shopping-Lajeado-e1539603020657.jpg","keywords":["AAVT","Emater","Feira de Agricultores Agroecologistas","Lajeado","Shopping Lajeado"],"articleSection":["Geral"],"inLanguage":"pt-BR","potentialAction":[{"@type":"CommentAction","name":"Comment","target":["https:\/\/folhapopular.info\/index.php\/2018\/10\/15\/inaugurada-feira-de-agricultores-agroecologistas-no-shoppinglajeado\/#respond"]}]},{"@type":"WebPage","@id":"https:\/\/folhapopular.info\/index.php\/2018\/10\/15\/inaugurada-feira-de-agricultores-agroecologistas-no-shoppinglajeado\/","url":"https:\/\/folhapopular.info\/index.php\/2018\/10\/15\/inaugurada-feira-de-agricultores-agroecologistas-no-shoppinglajeado\/","name":"Inaugurada Feira de Agricultores Agroecologistas no ShoppingLajeado - Folha Popular","isPartOf":{"@id":"https:\/\/folhapopular.info\/#website"},"primaryImageOfPage":{"@id":"https:\/\/folhapopular.info\/index.php\/2018\/10\/15\/inaugurada-feira-de-agricultores-agroecologistas-no-shoppinglajeado\/#primaryimage"},"image":{"@id":"https:\/\/folhapopular.info\/index.php\/2018\/10\/15\/inaugurada-feira-de-agricultores-agroecologistas-no-shoppinglajeado\/#primaryimage"},"thumbnailUrl":"https:\/\/folhapopular.info\/wp-content\/uploads\/2018\/10\/Feira-Agroecol\u00f3gica-inaugura\u00e7\u00e3o-no-Shopping-Lajeado-e1539603020657.jpg","datePublished":"2018-10-15T15:00:28+00:00","author":{"@id":"https:\/\/folhapopular.info\/#\/schema\/person\/2814e8a0df7643585a9ca38bc6eb9d4b"},"breadcrumb":{"@id":"https:\/\/folhapopular.info\/index.php\/2018\/10\/15\/inaugurada-feira-de-agricultores-agroecologistas-no-shoppinglajeado\/#breadcrumb"},"inLanguage":"pt-BR","potentialAction":[{"@type":"ReadAction","target":["https:\/\/folhapopular.info\/index.php\/2018\/10\/15\/inaugurada-feira-de-agricultores-agroecologistas-no-shoppinglajeado\/"]}]},{"@type":"ImageObject","inLanguage":"pt-BR","@id":"https:\/\/folhapopular.info\/index.php\/2018\/10\/15\/inaugurada-feira-de-agricultores-agroecologistas-no-shoppinglajeado\/#primaryimage","url":"https:\/\/folhapopular.info\/wp-content\/uploads\/2018\/10\/Feira-Agroecol\u00f3gica-inaugura\u00e7\u00e3o-no-Shopping-Lajeado-e1539603020657.jpg","contentUrl":"https:\/\/folhapopular.info\/wp-content\/uploads\/2018\/10\/Feira-Agroecol\u00f3gica-inaugura\u00e7\u00e3o-no-Shopping-Lajeado-e1539603020657.jpg","width":800,"height":533,"caption":"Feira atraiu muitos clientes no dia em que foi inaugurada\/Cr\u00e9dito da foto: Rafael Scheeren Gr\u00fcn\/Divulga\u00e7\u00e3o"},{"@type":"BreadcrumbList","@id":"https:\/\/folhapopular.info\/index.php\/2018\/10\/15\/inaugurada-feira-de-agricultores-agroecologistas-no-shoppinglajeado\/#breadcrumb","itemListElement":[{"@type":"ListItem","position":1,"name":"In\u00edcio","item":"https:\/\/folhapopular.info\/"},{"@type":"ListItem","position":2,"name":"Inaugurada Feira de Agricultores Agroecologistas no ShoppingLajeado"}]},{"@type":"WebSite","@id":"https:\/\/folhapopular.info\/#website","url":"https:\/\/folhapopular.info\/","name":"Folha Popular","description":"Onde voc\u00ea tem vez e voz","potentialAction":[{"@type":"SearchAction","target":{"@type":"EntryPoint","urlTemplate":"https:\/\/folhapopular.info\/?s={search_term_string}"},"query-input":{"@type":"PropertyValueSpecification","valueRequired":true,"valueName":"search_term_string"}}],"inLanguage":"pt-BR"},{"@type":"Person","@id":"https:\/\/folhapopular.info\/#\/schema\/person\/2814e8a0df7643585a9ca38bc6eb9d4b","name":"Reda\u00e7\u00e3o Folha Popular","image":{"@type":"ImageObject","inLanguage":"pt-BR","@id":"https:\/\/folhapopular.info\/wp-content\/uploads\/2026\/04\/Folha-1.webp","url":"https:\/\/folhapopular.info\/wp-content\/uploads\/2026\/04\/Folha-1.webp","contentUrl":"https:\/\/folhapopular.info\/wp-content\/uploads\/2026\/04\/Folha-1.webp","caption":"Reda\u00e7\u00e3o Folha Popular"},"url":"https:\/\/folhapopular.info\/index.php\/author\/redacao\/"}]}},"jetpack_featured_media_url":"https:\/\/folhapopular.info\/wp-content\/uploads\/2018\/10\/Feira-Agroecol\u00f3gica-inaugura\u00e7\u00e3o-no-Shopping-Lajeado-e1539603020657.jpg","jetpack_sharing_enabled":true,"amp_enabled":true,"_links":{"self":[{"href":"https:\/\/folhapopular.info\/index.php\/wp-json\/wp\/v2\/posts\/48951","targetHints":{"allow":["GET"]}}],"collection":[{"href":"https:\/\/folhapopular.info\/index.php\/wp-json\/wp\/v2\/posts"}],"about":[{"href":"https:\/\/folhapopular.info\/index.php\/wp-json\/wp\/v2\/types\/post"}],"author":[{"embeddable":true,"href":"https:\/\/folhapopular.info\/index.php\/wp-json\/wp\/v2\/users\/8"}],"replies":[{"embeddable":true,"href":"https:\/\/folhapopular.info\/index.php\/wp-json\/wp\/v2\/comments?post=48951"}],"version-history":[{"count":0,"href":"https:\/\/folhapopular.info\/index.php\/wp-json\/wp\/v2\/posts\/48951\/revisions"}],"wp:featuredmedia":[{"embeddable":true,"href":"https:\/\/folhapopular.info\/index.php\/wp-json\/wp\/v2\/media\/48952"}],"wp:attachment":[{"href":"https:\/\/folhapopular.info\/index.php\/wp-json\/wp\/v2\/media?parent=48951"}],"wp:term":[{"taxonomy":"category","embeddable":true,"href":"https:\/\/folhapopular.info\/index.php\/wp-json\/wp\/v2\/categories?post=48951"},{"taxonomy":"post_tag","embeddable":true,"href":"https:\/\/folhapopular.info\/index.php\/wp-json\/wp\/v2\/tags?post=48951"}],"curies":[{"name":"wp","href":"https:\/\/api.w.org\/{rel}","templated":true}]}}