{"id":49011,"date":"2018-10-17T10:53:03","date_gmt":"2018-10-17T13:53:03","guid":{"rendered":"http:\/\/folhapopular.info\/?p=49011"},"modified":"2018-10-17T10:53:49","modified_gmt":"2018-10-17T13:53:49","slug":"caminhao-perde-parte-da-carga-e-causa-congestionamento-na-br-386-em-montenegro","status":"publish","type":"post","link":"https:\/\/folhapopular.info\/index.php\/2018\/10\/17\/caminhao-perde-parte-da-carga-e-causa-congestionamento-na-br-386-em-montenegro\/","title":{"rendered":"Caminh\u00e3o perde parte da carga e causa congestionamento na BR-386, em Montenegro"},"content":{"rendered":"<p>\u00c0s 6h10min desta quarta-feira (17\/10), um derramamento de carga foi registrado no km 417 da BR-386, em Montenegro. A Pol\u00edcia Rodovi\u00e1ria Federal informou que o caminh\u00e3o carregava 670 caixas de refrigerante e 576 gal\u00f5es de 5L de \u00e1gua e cerca de 1\/3 foi espalhado na rodovia.<\/p>\n<p>A suspeita \u00e9 que o derramamento ocorreu devido ao rompimento de uma das cintas que prendiam a carga e, possivelmente, a velocidade incompat\u00edvel para o local. A faixa da direita, que segue no sentido interior \u2013 capital est\u00e1 interditada. A limpeza da BR iniciou \u00e0s 6h30min e tem previs\u00e3o de t\u00e9rmino para o in\u00edcio da tarde. O tr\u00e2nsito no local est\u00e1 congestionado e a PRF j\u00e1 registrou fila de mais de 3 quil\u00f4metros de extens\u00e3o na faixa da direita.<\/p>\n","protected":false},"excerpt":{"rendered":"<p>\u00c0s 6h10min desta quarta-feira (17\/10), um derramamento de carga foi registrado no km 417 da BR-386, em Montenegro. A Pol\u00edcia Rodovi\u00e1ria Federal informou que o caminh\u00e3o carregava 670 caixas de refrigerante e 576 gal\u00f5es de 5L de \u00e1gua e cerca de 1\/3 foi espalhado na rodovia. A suspeita \u00e9 que o derramamento ocorreu devido ao [&hellip;]<\/p>\n","protected":false},"author":8,"featured_media":49012,"comment_status":"open","ping_status":"open","sticky":false,"template":"","format":"standard","meta":{"pmpro_default_level":"","_jetpack_memberships_contains_paid_content":false,"footnotes":""},"categories":[3,7],"tags":[91,3328,1197,294],"class_list":{"0":"post-49011","1":"post","2":"type-post","3":"status-publish","4":"format-standard","5":"has-post-thumbnail","7":"category-geral","8":"category-seguranca","9":"tag-br-386","10":"tag-derramamento-de-carga","11":"tag-montenegro","12":"tag-prf","13":"pmpro-has-access"},"yoast_head":"<!-- This site is optimized with the Yoast SEO plugin v27.5 - https:\/\/yoast.com\/product\/yoast-seo-wordpress\/ -->\n<title>Caminh\u00e3o perde parte da carga e causa congestionamento na BR-386, em Montenegro - Folha Popular<\/title>\n<meta name=\"robots\" content=\"index, follow, max-snippet:-1, max-image-preview:large, max-video-preview:-1\" \/>\n<link rel=\"canonical\" href=\"https:\/\/folhapopular.info\/index.php\/2018\/10\/17\/caminhao-perde-parte-da-carga-e-causa-congestionamento-na-br-386-em-montenegro\/\" \/>\n<meta property=\"og:locale\" content=\"pt_BR\" \/>\n<meta property=\"og:type\" content=\"article\" \/>\n<meta property=\"og:title\" content=\"Caminh\u00e3o perde parte da carga e causa congestionamento na BR-386, em Montenegro - Folha Popular\" \/>\n<meta property=\"og:description\" content=\"\u00c0s 6h10min desta quarta-feira (17\/10), um derramamento de carga foi registrado no km 417 da BR-386, em Montenegro. A Pol\u00edcia Rodovi\u00e1ria Federal informou que o caminh\u00e3o carregava 670 caixas de refrigerante e 576 gal\u00f5es de 5L de \u00e1gua e cerca de 1\/3 foi espalhado na rodovia. A suspeita \u00e9 que o derramamento ocorreu devido ao [&hellip;]\" \/>\n<meta property=\"og:url\" content=\"https:\/\/folhapopular.info\/index.php\/2018\/10\/17\/caminhao-perde-parte-da-carga-e-causa-congestionamento-na-br-386-em-montenegro\/\" \/>\n<meta property=\"og:site_name\" content=\"Folha Popular\" \/>\n<meta property=\"article:published_time\" content=\"2018-10-17T13:53:03+00:00\" \/>\n<meta property=\"article:modified_time\" content=\"2018-10-17T13:53:49+00:00\" \/>\n<meta property=\"og:image\" content=\"https:\/\/folhapopular.info\/wp-content\/uploads\/2018\/10\/unnamed-2-e1539784310724.jpg\" \/>\n\t<meta property=\"og:image:width\" content=\"800\" \/>\n\t<meta property=\"og:image:height\" content=\"450\" \/>\n\t<meta property=\"og:image:type\" content=\"image\/jpeg\" \/>\n<meta name=\"author\" content=\"Reda\u00e7\u00e3o Folha Popular\" \/>\n<meta name=\"twitter:card\" content=\"summary_large_image\" \/>\n<meta name=\"twitter:label1\" content=\"Escrito por\" \/>\n\t<meta name=\"twitter:data1\" content=\"Reda\u00e7\u00e3o Folha Popular\" \/>\n\t<meta name=\"twitter:label2\" content=\"Est. tempo de leitura\" \/>\n\t<meta name=\"twitter:data2\" content=\"1 minuto\" \/>\n<script type=\"application\/ld+json\" class=\"yoast-schema-graph\">{\"@context\":\"https:\\\/\\\/schema.org\",\"@graph\":[{\"@type\":\"Article\",\"@id\":\"https:\\\/\\\/folhapopular.info\\\/index.php\\\/2018\\\/10\\\/17\\\/caminhao-perde-parte-da-carga-e-causa-congestionamento-na-br-386-em-montenegro\\\/#article\",\"isPartOf\":{\"@id\":\"https:\\\/\\\/folhapopular.info\\\/index.php\\\/2018\\\/10\\\/17\\\/caminhao-perde-parte-da-carga-e-causa-congestionamento-na-br-386-em-montenegro\\\/\"},\"author\":{\"name\":\"Reda\u00e7\u00e3o Folha Popular\",\"@id\":\"https:\\\/\\\/folhapopular.info\\\/#\\\/schema\\\/person\\\/2814e8a0df7643585a9ca38bc6eb9d4b\"},\"headline\":\"Caminh\u00e3o perde parte da carga e causa congestionamento na BR-386, em Montenegro\",\"datePublished\":\"2018-10-17T13:53:03+00:00\",\"dateModified\":\"2018-10-17T13:53:49+00:00\",\"mainEntityOfPage\":{\"@id\":\"https:\\\/\\\/folhapopular.info\\\/index.php\\\/2018\\\/10\\\/17\\\/caminhao-perde-parte-da-carga-e-causa-congestionamento-na-br-386-em-montenegro\\\/\"},\"wordCount\":143,\"commentCount\":0,\"image\":{\"@id\":\"https:\\\/\\\/folhapopular.info\\\/index.php\\\/2018\\\/10\\\/17\\\/caminhao-perde-parte-da-carga-e-causa-congestionamento-na-br-386-em-montenegro\\\/#primaryimage\"},\"thumbnailUrl\":\"https:\\\/\\\/folhapopular.info\\\/wp-content\\\/uploads\\\/2018\\\/10\\\/unnamed-2-e1539784310724.jpg\",\"keywords\":[\"BR-386\",\"Derramamento de carga\",\"Montenegro\",\"PRF\"],\"articleSection\":[\"Geral\",\"Seguran\u00e7a\"],\"inLanguage\":\"pt-BR\",\"potentialAction\":[{\"@type\":\"CommentAction\",\"name\":\"Comment\",\"target\":[\"https:\\\/\\\/folhapopular.info\\\/index.php\\\/2018\\\/10\\\/17\\\/caminhao-perde-parte-da-carga-e-causa-congestionamento-na-br-386-em-montenegro\\\/#respond\"]}]},{\"@type\":\"WebPage\",\"@id\":\"https:\\\/\\\/folhapopular.info\\\/index.php\\\/2018\\\/10\\\/17\\\/caminhao-perde-parte-da-carga-e-causa-congestionamento-na-br-386-em-montenegro\\\/\",\"url\":\"https:\\\/\\\/folhapopular.info\\\/index.php\\\/2018\\\/10\\\/17\\\/caminhao-perde-parte-da-carga-e-causa-congestionamento-na-br-386-em-montenegro\\\/\",\"name\":\"Caminh\u00e3o perde parte da carga e causa congestionamento na BR-386, em Montenegro - Folha Popular\",\"isPartOf\":{\"@id\":\"https:\\\/\\\/folhapopular.info\\\/#website\"},\"primaryImageOfPage\":{\"@id\":\"https:\\\/\\\/folhapopular.info\\\/index.php\\\/2018\\\/10\\\/17\\\/caminhao-perde-parte-da-carga-e-causa-congestionamento-na-br-386-em-montenegro\\\/#primaryimage\"},\"image\":{\"@id\":\"https:\\\/\\\/folhapopular.info\\\/index.php\\\/2018\\\/10\\\/17\\\/caminhao-perde-parte-da-carga-e-causa-congestionamento-na-br-386-em-montenegro\\\/#primaryimage\"},\"thumbnailUrl\":\"https:\\\/\\\/folhapopular.info\\\/wp-content\\\/uploads\\\/2018\\\/10\\\/unnamed-2-e1539784310724.jpg\",\"datePublished\":\"2018-10-17T13:53:03+00:00\",\"dateModified\":\"2018-10-17T13:53:49+00:00\",\"author\":{\"@id\":\"https:\\\/\\\/folhapopular.info\\\/#\\\/schema\\\/person\\\/2814e8a0df7643585a9ca38bc6eb9d4b\"},\"breadcrumb\":{\"@id\":\"https:\\\/\\\/folhapopular.info\\\/index.php\\\/2018\\\/10\\\/17\\\/caminhao-perde-parte-da-carga-e-causa-congestionamento-na-br-386-em-montenegro\\\/#breadcrumb\"},\"inLanguage\":\"pt-BR\",\"potentialAction\":[{\"@type\":\"ReadAction\",\"target\":[\"https:\\\/\\\/folhapopular.info\\\/index.php\\\/2018\\\/10\\\/17\\\/caminhao-perde-parte-da-carga-e-causa-congestionamento-na-br-386-em-montenegro\\\/\"]}]},{\"@type\":\"ImageObject\",\"inLanguage\":\"pt-BR\",\"@id\":\"https:\\\/\\\/folhapopular.info\\\/index.php\\\/2018\\\/10\\\/17\\\/caminhao-perde-parte-da-carga-e-causa-congestionamento-na-br-386-em-montenegro\\\/#primaryimage\",\"url\":\"https:\\\/\\\/folhapopular.info\\\/wp-content\\\/uploads\\\/2018\\\/10\\\/unnamed-2-e1539784310724.jpg\",\"contentUrl\":\"https:\\\/\\\/folhapopular.info\\\/wp-content\\\/uploads\\\/2018\\\/10\\\/unnamed-2-e1539784310724.jpg\",\"width\":800,\"height\":450,\"caption\":\"A faixa do sentido interior - capital ficou interrompida durante toda a manh\u00e3 para a limpeza da rodovia\"},{\"@type\":\"BreadcrumbList\",\"@id\":\"https:\\\/\\\/folhapopular.info\\\/index.php\\\/2018\\\/10\\\/17\\\/caminhao-perde-parte-da-carga-e-causa-congestionamento-na-br-386-em-montenegro\\\/#breadcrumb\",\"itemListElement\":[{\"@type\":\"ListItem\",\"position\":1,\"name\":\"In\u00edcio\",\"item\":\"https:\\\/\\\/folhapopular.info\\\/\"},{\"@type\":\"ListItem\",\"position\":2,\"name\":\"Caminh\u00e3o perde parte da carga e causa congestionamento na BR-386, em Montenegro\"}]},{\"@type\":\"WebSite\",\"@id\":\"https:\\\/\\\/folhapopular.info\\\/#website\",\"url\":\"https:\\\/\\\/folhapopular.info\\\/\",\"name\":\"Folha Popular\",\"description\":\"Onde voc\u00ea tem vez e voz\",\"potentialAction\":[{\"@type\":\"SearchAction\",\"target\":{\"@type\":\"EntryPoint\",\"urlTemplate\":\"https:\\\/\\\/folhapopular.info\\\/?s={search_term_string}\"},\"query-input\":{\"@type\":\"PropertyValueSpecification\",\"valueRequired\":true,\"valueName\":\"search_term_string\"}}],\"inLanguage\":\"pt-BR\"},{\"@type\":\"Person\",\"@id\":\"https:\\\/\\\/folhapopular.info\\\/#\\\/schema\\\/person\\\/2814e8a0df7643585a9ca38bc6eb9d4b\",\"name\":\"Reda\u00e7\u00e3o Folha Popular\",\"image\":{\"@type\":\"ImageObject\",\"inLanguage\":\"pt-BR\",\"@id\":\"https:\\\/\\\/folhapopular.info\\\/wp-content\\\/uploads\\\/2026\\\/04\\\/Folha-1.webp\",\"url\":\"https:\\\/\\\/folhapopular.info\\\/wp-content\\\/uploads\\\/2026\\\/04\\\/Folha-1.webp\",\"contentUrl\":\"https:\\\/\\\/folhapopular.info\\\/wp-content\\\/uploads\\\/2026\\\/04\\\/Folha-1.webp\",\"caption\":\"Reda\u00e7\u00e3o Folha Popular\"},\"url\":\"https:\\\/\\\/folhapopular.info\\\/index.php\\\/author\\\/redacao\\\/\"}]}<\/script>\n<!-- \/ Yoast SEO plugin. -->","yoast_head_json":{"title":"Caminh\u00e3o perde parte da carga e causa congestionamento na BR-386, em Montenegro - Folha Popular","robots":{"index":"index","follow":"follow","max-snippet":"max-snippet:-1","max-image-preview":"max-image-preview:large","max-video-preview":"max-video-preview:-1"},"canonical":"https:\/\/folhapopular.info\/index.php\/2018\/10\/17\/caminhao-perde-parte-da-carga-e-causa-congestionamento-na-br-386-em-montenegro\/","og_locale":"pt_BR","og_type":"article","og_title":"Caminh\u00e3o perde parte da carga e causa congestionamento na BR-386, em Montenegro - Folha Popular","og_description":"\u00c0s 6h10min desta quarta-feira (17\/10), um derramamento de carga foi registrado no km 417 da BR-386, em Montenegro. A Pol\u00edcia Rodovi\u00e1ria Federal informou que o caminh\u00e3o carregava 670 caixas de refrigerante e 576 gal\u00f5es de 5L de \u00e1gua e cerca de 1\/3 foi espalhado na rodovia. A suspeita \u00e9 que o derramamento ocorreu devido ao [&hellip;]","og_url":"https:\/\/folhapopular.info\/index.php\/2018\/10\/17\/caminhao-perde-parte-da-carga-e-causa-congestionamento-na-br-386-em-montenegro\/","og_site_name":"Folha Popular","article_published_time":"2018-10-17T13:53:03+00:00","article_modified_time":"2018-10-17T13:53:49+00:00","og_image":[{"width":800,"height":450,"url":"https:\/\/folhapopular.info\/wp-content\/uploads\/2018\/10\/unnamed-2-e1539784310724.jpg","type":"image\/jpeg"}],"author":"Reda\u00e7\u00e3o Folha Popular","twitter_card":"summary_large_image","twitter_misc":{"Escrito por":"Reda\u00e7\u00e3o Folha Popular","Est. tempo de leitura":"1 minuto"},"schema":{"@context":"https:\/\/schema.org","@graph":[{"@type":"Article","@id":"https:\/\/folhapopular.info\/index.php\/2018\/10\/17\/caminhao-perde-parte-da-carga-e-causa-congestionamento-na-br-386-em-montenegro\/#article","isPartOf":{"@id":"https:\/\/folhapopular.info\/index.php\/2018\/10\/17\/caminhao-perde-parte-da-carga-e-causa-congestionamento-na-br-386-em-montenegro\/"},"author":{"name":"Reda\u00e7\u00e3o Folha Popular","@id":"https:\/\/folhapopular.info\/#\/schema\/person\/2814e8a0df7643585a9ca38bc6eb9d4b"},"headline":"Caminh\u00e3o perde parte da carga e causa congestionamento na BR-386, em Montenegro","datePublished":"2018-10-17T13:53:03+00:00","dateModified":"2018-10-17T13:53:49+00:00","mainEntityOfPage":{"@id":"https:\/\/folhapopular.info\/index.php\/2018\/10\/17\/caminhao-perde-parte-da-carga-e-causa-congestionamento-na-br-386-em-montenegro\/"},"wordCount":143,"commentCount":0,"image":{"@id":"https:\/\/folhapopular.info\/index.php\/2018\/10\/17\/caminhao-perde-parte-da-carga-e-causa-congestionamento-na-br-386-em-montenegro\/#primaryimage"},"thumbnailUrl":"https:\/\/folhapopular.info\/wp-content\/uploads\/2018\/10\/unnamed-2-e1539784310724.jpg","keywords":["BR-386","Derramamento de carga","Montenegro","PRF"],"articleSection":["Geral","Seguran\u00e7a"],"inLanguage":"pt-BR","potentialAction":[{"@type":"CommentAction","name":"Comment","target":["https:\/\/folhapopular.info\/index.php\/2018\/10\/17\/caminhao-perde-parte-da-carga-e-causa-congestionamento-na-br-386-em-montenegro\/#respond"]}]},{"@type":"WebPage","@id":"https:\/\/folhapopular.info\/index.php\/2018\/10\/17\/caminhao-perde-parte-da-carga-e-causa-congestionamento-na-br-386-em-montenegro\/","url":"https:\/\/folhapopular.info\/index.php\/2018\/10\/17\/caminhao-perde-parte-da-carga-e-causa-congestionamento-na-br-386-em-montenegro\/","name":"Caminh\u00e3o perde parte da carga e causa congestionamento na BR-386, em Montenegro - Folha Popular","isPartOf":{"@id":"https:\/\/folhapopular.info\/#website"},"primaryImageOfPage":{"@id":"https:\/\/folhapopular.info\/index.php\/2018\/10\/17\/caminhao-perde-parte-da-carga-e-causa-congestionamento-na-br-386-em-montenegro\/#primaryimage"},"image":{"@id":"https:\/\/folhapopular.info\/index.php\/2018\/10\/17\/caminhao-perde-parte-da-carga-e-causa-congestionamento-na-br-386-em-montenegro\/#primaryimage"},"thumbnailUrl":"https:\/\/folhapopular.info\/wp-content\/uploads\/2018\/10\/unnamed-2-e1539784310724.jpg","datePublished":"2018-10-17T13:53:03+00:00","dateModified":"2018-10-17T13:53:49+00:00","author":{"@id":"https:\/\/folhapopular.info\/#\/schema\/person\/2814e8a0df7643585a9ca38bc6eb9d4b"},"breadcrumb":{"@id":"https:\/\/folhapopular.info\/index.php\/2018\/10\/17\/caminhao-perde-parte-da-carga-e-causa-congestionamento-na-br-386-em-montenegro\/#breadcrumb"},"inLanguage":"pt-BR","potentialAction":[{"@type":"ReadAction","target":["https:\/\/folhapopular.info\/index.php\/2018\/10\/17\/caminhao-perde-parte-da-carga-e-causa-congestionamento-na-br-386-em-montenegro\/"]}]},{"@type":"ImageObject","inLanguage":"pt-BR","@id":"https:\/\/folhapopular.info\/index.php\/2018\/10\/17\/caminhao-perde-parte-da-carga-e-causa-congestionamento-na-br-386-em-montenegro\/#primaryimage","url":"https:\/\/folhapopular.info\/wp-content\/uploads\/2018\/10\/unnamed-2-e1539784310724.jpg","contentUrl":"https:\/\/folhapopular.info\/wp-content\/uploads\/2018\/10\/unnamed-2-e1539784310724.jpg","width":800,"height":450,"caption":"A faixa do sentido interior - capital ficou interrompida durante toda a manh\u00e3 para a limpeza da rodovia"},{"@type":"BreadcrumbList","@id":"https:\/\/folhapopular.info\/index.php\/2018\/10\/17\/caminhao-perde-parte-da-carga-e-causa-congestionamento-na-br-386-em-montenegro\/#breadcrumb","itemListElement":[{"@type":"ListItem","position":1,"name":"In\u00edcio","item":"https:\/\/folhapopular.info\/"},{"@type":"ListItem","position":2,"name":"Caminh\u00e3o perde parte da carga e causa congestionamento na BR-386, em Montenegro"}]},{"@type":"WebSite","@id":"https:\/\/folhapopular.info\/#website","url":"https:\/\/folhapopular.info\/","name":"Folha Popular","description":"Onde voc\u00ea tem vez e voz","potentialAction":[{"@type":"SearchAction","target":{"@type":"EntryPoint","urlTemplate":"https:\/\/folhapopular.info\/?s={search_term_string}"},"query-input":{"@type":"PropertyValueSpecification","valueRequired":true,"valueName":"search_term_string"}}],"inLanguage":"pt-BR"},{"@type":"Person","@id":"https:\/\/folhapopular.info\/#\/schema\/person\/2814e8a0df7643585a9ca38bc6eb9d4b","name":"Reda\u00e7\u00e3o Folha Popular","image":{"@type":"ImageObject","inLanguage":"pt-BR","@id":"https:\/\/folhapopular.info\/wp-content\/uploads\/2026\/04\/Folha-1.webp","url":"https:\/\/folhapopular.info\/wp-content\/uploads\/2026\/04\/Folha-1.webp","contentUrl":"https:\/\/folhapopular.info\/wp-content\/uploads\/2026\/04\/Folha-1.webp","caption":"Reda\u00e7\u00e3o Folha Popular"},"url":"https:\/\/folhapopular.info\/index.php\/author\/redacao\/"}]}},"jetpack_featured_media_url":"https:\/\/folhapopular.info\/wp-content\/uploads\/2018\/10\/unnamed-2-e1539784310724.jpg","jetpack_sharing_enabled":true,"amp_enabled":true,"_links":{"self":[{"href":"https:\/\/folhapopular.info\/index.php\/wp-json\/wp\/v2\/posts\/49011","targetHints":{"allow":["GET"]}}],"collection":[{"href":"https:\/\/folhapopular.info\/index.php\/wp-json\/wp\/v2\/posts"}],"about":[{"href":"https:\/\/folhapopular.info\/index.php\/wp-json\/wp\/v2\/types\/post"}],"author":[{"embeddable":true,"href":"https:\/\/folhapopular.info\/index.php\/wp-json\/wp\/v2\/users\/8"}],"replies":[{"embeddable":true,"href":"https:\/\/folhapopular.info\/index.php\/wp-json\/wp\/v2\/comments?post=49011"}],"version-history":[{"count":0,"href":"https:\/\/folhapopular.info\/index.php\/wp-json\/wp\/v2\/posts\/49011\/revisions"}],"wp:featuredmedia":[{"embeddable":true,"href":"https:\/\/folhapopular.info\/index.php\/wp-json\/wp\/v2\/media\/49012"}],"wp:attachment":[{"href":"https:\/\/folhapopular.info\/index.php\/wp-json\/wp\/v2\/media?parent=49011"}],"wp:term":[{"taxonomy":"category","embeddable":true,"href":"https:\/\/folhapopular.info\/index.php\/wp-json\/wp\/v2\/categories?post=49011"},{"taxonomy":"post_tag","embeddable":true,"href":"https:\/\/folhapopular.info\/index.php\/wp-json\/wp\/v2\/tags?post=49011"}],"curies":[{"name":"wp","href":"https:\/\/api.w.org\/{rel}","templated":true}]}}