{"id":49160,"date":"2018-10-22T13:00:24","date_gmt":"2018-10-22T16:00:24","guid":{"rendered":"http:\/\/folhapopular.info\/?p=49160"},"modified":"2018-10-22T10:39:33","modified_gmt":"2018-10-22T13:39:33","slug":"westfalische-tanzgruppe-representa-westfalia-na-34a-oktoberfest","status":"publish","type":"post","link":"https:\/\/folhapopular.info\/index.php\/2018\/10\/22\/westfalische-tanzgruppe-representa-westfalia-na-34a-oktoberfest\/","title":{"rendered":"Westf\u00e4lische Tanzgruppe representa Westf\u00e1lia na 34\u00aa Oktoberfest"},"content":{"rendered":"<p>A cultura de Westf\u00e1lia tamb\u00e9m esteve representada na 34\u00aa Oktoberfest de Santa Cruz do Sul. Na quinta-feira (18\/10), as categorias Mirim, Infantil e Infanto Juvenil do Grupo de Dan\u00e7as Folcl\u00f3ricas Alem\u00e3s Westf\u00e4lische Tanzgruppe se apresentaram junto ao p\u00f3rtico de entrada da festa.<\/p>\n<p>Sob a coordena\u00e7\u00e3o de Glaci Kunzler Dickel, os pequenos dan\u00e7arinos representaram a cultura westfaliana atrav\u00e9s da dan\u00e7a com sapato de pau. Esta \u00e9 uma forte marca do Westf\u00e4lische Tanzgruppe para homenagear os antepassados, que cal\u00e7avam os tamancos para protegerem os p\u00e9s do frio e da umidade. Os trajes utilizados pelo grupo tamb\u00e9m remetem aos imigrantes alem\u00e3es e, baseados em estudos e pesquisas, s\u00e3o uma forma de homenage\u00e1-los.<\/p>\n<p>Com alegria e entusiasmo, al\u00e9m do orgulho em representarem a cultura dos antepassados, os dan\u00e7arinos contagiaram a todos que chegavam ao Parque da Oktoberfest. Al\u00e9m de m\u00e3es e familiares, tamb\u00e9m acompanharam o grupo a vice-prefeita de Westf\u00e1lia, Evanete Inez Horst Grave, e a secret\u00e1ria de Educa\u00e7\u00e3o, Cultura, Turismo e Desporto, Elisangela Schneider Wieth\u00f6lter.<\/p>\n<p>\u201cPara n\u00f3s, \u00e9 motivo de orgulho ver a nossa cultura encantando e atraindo pessoas de outros munic\u00edpios. Nossas crian\u00e7as est\u00e3o de parab\u00e9ns por t\u00e3o bem representarem a cultura westfaliana. Que continuem valorizando a tradi\u00e7\u00e3o, pois esta \u00e9 uma riqueza que jamais podemos perder\u201d, enalteceu Evanete.<\/p>\n","protected":false},"excerpt":{"rendered":"<p>A cultura de Westf\u00e1lia tamb\u00e9m esteve representada na 34\u00aa Oktoberfest de Santa Cruz do Sul. Na quinta-feira (18\/10), as categorias Mirim, Infantil e Infanto Juvenil do Grupo de Dan\u00e7as Folcl\u00f3ricas Alem\u00e3s Westf\u00e4lische Tanzgruppe se apresentaram junto ao p\u00f3rtico de entrada da festa. Sob a coordena\u00e7\u00e3o de Glaci Kunzler Dickel, os pequenos dan\u00e7arinos representaram a cultura [&hellip;]<\/p>\n","protected":false},"author":8,"featured_media":49161,"comment_status":"open","ping_status":"open","sticky":false,"template":"","format":"standard","meta":{"pmpro_default_level":"","_jetpack_memberships_contains_paid_content":false,"footnotes":""},"categories":[2,6],"tags":[1213,25,345],"class_list":{"0":"post-49160","1":"post","2":"type-post","3":"status-publish","4":"format-standard","5":"has-post-thumbnail","7":"category-featured","8":"category-inclusive","9":"tag-oktoberfest","10":"tag-westfalia","11":"tag-westfalische-tanzgruppe","12":"pmpro-has-access"},"yoast_head":"<!-- This site is optimized with the Yoast SEO plugin v27.4 - https:\/\/yoast.com\/product\/yoast-seo-wordpress\/ -->\n<title>Westf\u00e4lische Tanzgruppe representa Westf\u00e1lia na 34\u00aa Oktoberfest - Folha Popular<\/title>\n<meta name=\"robots\" content=\"index, follow, max-snippet:-1, max-image-preview:large, max-video-preview:-1\" \/>\n<link rel=\"canonical\" href=\"https:\/\/folhapopular.info\/index.php\/2018\/10\/22\/westfalische-tanzgruppe-representa-westfalia-na-34a-oktoberfest\/\" \/>\n<meta property=\"og:locale\" content=\"pt_BR\" \/>\n<meta property=\"og:type\" content=\"article\" \/>\n<meta property=\"og:title\" content=\"Westf\u00e4lische Tanzgruppe representa Westf\u00e1lia na 34\u00aa Oktoberfest - Folha Popular\" \/>\n<meta property=\"og:description\" content=\"A cultura de Westf\u00e1lia tamb\u00e9m esteve representada na 34\u00aa Oktoberfest de Santa Cruz do Sul. Na quinta-feira (18\/10), as categorias Mirim, Infantil e Infanto Juvenil do Grupo de Dan\u00e7as Folcl\u00f3ricas Alem\u00e3s Westf\u00e4lische Tanzgruppe se apresentaram junto ao p\u00f3rtico de entrada da festa. Sob a coordena\u00e7\u00e3o de Glaci Kunzler Dickel, os pequenos dan\u00e7arinos representaram a cultura [&hellip;]\" \/>\n<meta property=\"og:url\" content=\"https:\/\/folhapopular.info\/index.php\/2018\/10\/22\/westfalische-tanzgruppe-representa-westfalia-na-34a-oktoberfest\/\" \/>\n<meta property=\"og:site_name\" content=\"Folha Popular\" \/>\n<meta property=\"article:published_time\" content=\"2018-10-22T16:00:24+00:00\" \/>\n<meta property=\"og:image\" content=\"https:\/\/folhapopular.info\/wp-content\/uploads\/2018\/10\/Dan\u00e7arinos-westfalianos-se-apresentaram-no-lon\u00e3o-de-entrada-do-Parque-da-Oktoberfest_PDV-1-e1540215561370.jpeg\" \/>\n\t<meta property=\"og:image:width\" content=\"800\" \/>\n\t<meta property=\"og:image:height\" content=\"450\" \/>\n\t<meta property=\"og:image:type\" content=\"image\/jpeg\" \/>\n<meta name=\"author\" content=\"Reda\u00e7\u00e3o Folha Popular\" \/>\n<meta name=\"twitter:card\" content=\"summary_large_image\" \/>\n<meta name=\"twitter:label1\" content=\"Escrito por\" \/>\n\t<meta name=\"twitter:data1\" content=\"Reda\u00e7\u00e3o Folha Popular\" \/>\n\t<meta name=\"twitter:label2\" content=\"Est. tempo de leitura\" \/>\n\t<meta name=\"twitter:data2\" content=\"1 minuto\" \/>\n<script type=\"application\/ld+json\" class=\"yoast-schema-graph\">{\"@context\":\"https:\\\/\\\/schema.org\",\"@graph\":[{\"@type\":\"Article\",\"@id\":\"https:\\\/\\\/folhapopular.info\\\/index.php\\\/2018\\\/10\\\/22\\\/westfalische-tanzgruppe-representa-westfalia-na-34a-oktoberfest\\\/#article\",\"isPartOf\":{\"@id\":\"https:\\\/\\\/folhapopular.info\\\/index.php\\\/2018\\\/10\\\/22\\\/westfalische-tanzgruppe-representa-westfalia-na-34a-oktoberfest\\\/\"},\"author\":{\"name\":\"Reda\u00e7\u00e3o Folha Popular\",\"@id\":\"https:\\\/\\\/folhapopular.info\\\/#\\\/schema\\\/person\\\/2814e8a0df7643585a9ca38bc6eb9d4b\"},\"headline\":\"Westf\u00e4lische Tanzgruppe representa Westf\u00e1lia na 34\u00aa Oktoberfest\",\"datePublished\":\"2018-10-22T16:00:24+00:00\",\"mainEntityOfPage\":{\"@id\":\"https:\\\/\\\/folhapopular.info\\\/index.php\\\/2018\\\/10\\\/22\\\/westfalische-tanzgruppe-representa-westfalia-na-34a-oktoberfest\\\/\"},\"wordCount\":244,\"commentCount\":0,\"image\":{\"@id\":\"https:\\\/\\\/folhapopular.info\\\/index.php\\\/2018\\\/10\\\/22\\\/westfalische-tanzgruppe-representa-westfalia-na-34a-oktoberfest\\\/#primaryimage\"},\"thumbnailUrl\":\"https:\\\/\\\/folhapopular.info\\\/wp-content\\\/uploads\\\/2018\\\/10\\\/Dan\u00e7arinos-westfalianos-se-apresentaram-no-lon\u00e3o-de-entrada-do-Parque-da-Oktoberfest_PDV-1-e1540215561370.jpeg\",\"keywords\":[\"Oktoberfest\",\"Westf\u00e1lia\",\"Westf\u00e4lische Tanzgruppe\"],\"articleSection\":[\"Destaques\",\"Inclusive\"],\"inLanguage\":\"pt-BR\",\"potentialAction\":[{\"@type\":\"CommentAction\",\"name\":\"Comment\",\"target\":[\"https:\\\/\\\/folhapopular.info\\\/index.php\\\/2018\\\/10\\\/22\\\/westfalische-tanzgruppe-representa-westfalia-na-34a-oktoberfest\\\/#respond\"]}]},{\"@type\":\"WebPage\",\"@id\":\"https:\\\/\\\/folhapopular.info\\\/index.php\\\/2018\\\/10\\\/22\\\/westfalische-tanzgruppe-representa-westfalia-na-34a-oktoberfest\\\/\",\"url\":\"https:\\\/\\\/folhapopular.info\\\/index.php\\\/2018\\\/10\\\/22\\\/westfalische-tanzgruppe-representa-westfalia-na-34a-oktoberfest\\\/\",\"name\":\"Westf\u00e4lische Tanzgruppe representa Westf\u00e1lia na 34\u00aa Oktoberfest - Folha Popular\",\"isPartOf\":{\"@id\":\"https:\\\/\\\/folhapopular.info\\\/#website\"},\"primaryImageOfPage\":{\"@id\":\"https:\\\/\\\/folhapopular.info\\\/index.php\\\/2018\\\/10\\\/22\\\/westfalische-tanzgruppe-representa-westfalia-na-34a-oktoberfest\\\/#primaryimage\"},\"image\":{\"@id\":\"https:\\\/\\\/folhapopular.info\\\/index.php\\\/2018\\\/10\\\/22\\\/westfalische-tanzgruppe-representa-westfalia-na-34a-oktoberfest\\\/#primaryimage\"},\"thumbnailUrl\":\"https:\\\/\\\/folhapopular.info\\\/wp-content\\\/uploads\\\/2018\\\/10\\\/Dan\u00e7arinos-westfalianos-se-apresentaram-no-lon\u00e3o-de-entrada-do-Parque-da-Oktoberfest_PDV-1-e1540215561370.jpeg\",\"datePublished\":\"2018-10-22T16:00:24+00:00\",\"author\":{\"@id\":\"https:\\\/\\\/folhapopular.info\\\/#\\\/schema\\\/person\\\/2814e8a0df7643585a9ca38bc6eb9d4b\"},\"breadcrumb\":{\"@id\":\"https:\\\/\\\/folhapopular.info\\\/index.php\\\/2018\\\/10\\\/22\\\/westfalische-tanzgruppe-representa-westfalia-na-34a-oktoberfest\\\/#breadcrumb\"},\"inLanguage\":\"pt-BR\",\"potentialAction\":[{\"@type\":\"ReadAction\",\"target\":[\"https:\\\/\\\/folhapopular.info\\\/index.php\\\/2018\\\/10\\\/22\\\/westfalische-tanzgruppe-representa-westfalia-na-34a-oktoberfest\\\/\"]}]},{\"@type\":\"ImageObject\",\"inLanguage\":\"pt-BR\",\"@id\":\"https:\\\/\\\/folhapopular.info\\\/index.php\\\/2018\\\/10\\\/22\\\/westfalische-tanzgruppe-representa-westfalia-na-34a-oktoberfest\\\/#primaryimage\",\"url\":\"https:\\\/\\\/folhapopular.info\\\/wp-content\\\/uploads\\\/2018\\\/10\\\/Dan\u00e7arinos-westfalianos-se-apresentaram-no-lon\u00e3o-de-entrada-do-Parque-da-Oktoberfest_PDV-1-e1540215561370.jpeg\",\"contentUrl\":\"https:\\\/\\\/folhapopular.info\\\/wp-content\\\/uploads\\\/2018\\\/10\\\/Dan\u00e7arinos-westfalianos-se-apresentaram-no-lon\u00e3o-de-entrada-do-Parque-da-Oktoberfest_PDV-1-e1540215561370.jpeg\",\"width\":800,\"height\":450,\"caption\":\"Dan\u00e7arinos westfalianos se apresentaram no lon\u00e3o de entrada do Parque da Oktoberfest\\\/Cr\u00e9dito da foto: Paloma Driemeyer Valandro\\\/Divulga\u00e7\u00e3o\"},{\"@type\":\"BreadcrumbList\",\"@id\":\"https:\\\/\\\/folhapopular.info\\\/index.php\\\/2018\\\/10\\\/22\\\/westfalische-tanzgruppe-representa-westfalia-na-34a-oktoberfest\\\/#breadcrumb\",\"itemListElement\":[{\"@type\":\"ListItem\",\"position\":1,\"name\":\"In\u00edcio\",\"item\":\"https:\\\/\\\/folhapopular.info\\\/\"},{\"@type\":\"ListItem\",\"position\":2,\"name\":\"Westf\u00e4lische Tanzgruppe representa Westf\u00e1lia na 34\u00aa Oktoberfest\"}]},{\"@type\":\"WebSite\",\"@id\":\"https:\\\/\\\/folhapopular.info\\\/#website\",\"url\":\"https:\\\/\\\/folhapopular.info\\\/\",\"name\":\"Folha Popular\",\"description\":\"Onde voc\u00ea tem vez e voz\",\"potentialAction\":[{\"@type\":\"SearchAction\",\"target\":{\"@type\":\"EntryPoint\",\"urlTemplate\":\"https:\\\/\\\/folhapopular.info\\\/?s={search_term_string}\"},\"query-input\":{\"@type\":\"PropertyValueSpecification\",\"valueRequired\":true,\"valueName\":\"search_term_string\"}}],\"inLanguage\":\"pt-BR\"},{\"@type\":\"Person\",\"@id\":\"https:\\\/\\\/folhapopular.info\\\/#\\\/schema\\\/person\\\/2814e8a0df7643585a9ca38bc6eb9d4b\",\"name\":\"Reda\u00e7\u00e3o Folha Popular\",\"image\":{\"@type\":\"ImageObject\",\"inLanguage\":\"pt-BR\",\"@id\":\"https:\\\/\\\/folhapopular.info\\\/wp-content\\\/uploads\\\/2026\\\/04\\\/Folha-1.webp\",\"url\":\"https:\\\/\\\/folhapopular.info\\\/wp-content\\\/uploads\\\/2026\\\/04\\\/Folha-1.webp\",\"contentUrl\":\"https:\\\/\\\/folhapopular.info\\\/wp-content\\\/uploads\\\/2026\\\/04\\\/Folha-1.webp\",\"caption\":\"Reda\u00e7\u00e3o Folha Popular\"},\"url\":\"https:\\\/\\\/folhapopular.info\\\/index.php\\\/author\\\/redacao\\\/\"}]}<\/script>\n<!-- \/ Yoast SEO plugin. -->","yoast_head_json":{"title":"Westf\u00e4lische Tanzgruppe representa Westf\u00e1lia na 34\u00aa Oktoberfest - Folha Popular","robots":{"index":"index","follow":"follow","max-snippet":"max-snippet:-1","max-image-preview":"max-image-preview:large","max-video-preview":"max-video-preview:-1"},"canonical":"https:\/\/folhapopular.info\/index.php\/2018\/10\/22\/westfalische-tanzgruppe-representa-westfalia-na-34a-oktoberfest\/","og_locale":"pt_BR","og_type":"article","og_title":"Westf\u00e4lische Tanzgruppe representa Westf\u00e1lia na 34\u00aa Oktoberfest - Folha Popular","og_description":"A cultura de Westf\u00e1lia tamb\u00e9m esteve representada na 34\u00aa Oktoberfest de Santa Cruz do Sul. Na quinta-feira (18\/10), as categorias Mirim, Infantil e Infanto Juvenil do Grupo de Dan\u00e7as Folcl\u00f3ricas Alem\u00e3s Westf\u00e4lische Tanzgruppe se apresentaram junto ao p\u00f3rtico de entrada da festa. Sob a coordena\u00e7\u00e3o de Glaci Kunzler Dickel, os pequenos dan\u00e7arinos representaram a cultura [&hellip;]","og_url":"https:\/\/folhapopular.info\/index.php\/2018\/10\/22\/westfalische-tanzgruppe-representa-westfalia-na-34a-oktoberfest\/","og_site_name":"Folha Popular","article_published_time":"2018-10-22T16:00:24+00:00","og_image":[{"width":800,"height":450,"url":"https:\/\/folhapopular.info\/wp-content\/uploads\/2018\/10\/Dan\u00e7arinos-westfalianos-se-apresentaram-no-lon\u00e3o-de-entrada-do-Parque-da-Oktoberfest_PDV-1-e1540215561370.jpeg","type":"image\/jpeg"}],"author":"Reda\u00e7\u00e3o Folha Popular","twitter_card":"summary_large_image","twitter_misc":{"Escrito por":"Reda\u00e7\u00e3o Folha Popular","Est. tempo de leitura":"1 minuto"},"schema":{"@context":"https:\/\/schema.org","@graph":[{"@type":"Article","@id":"https:\/\/folhapopular.info\/index.php\/2018\/10\/22\/westfalische-tanzgruppe-representa-westfalia-na-34a-oktoberfest\/#article","isPartOf":{"@id":"https:\/\/folhapopular.info\/index.php\/2018\/10\/22\/westfalische-tanzgruppe-representa-westfalia-na-34a-oktoberfest\/"},"author":{"name":"Reda\u00e7\u00e3o Folha Popular","@id":"https:\/\/folhapopular.info\/#\/schema\/person\/2814e8a0df7643585a9ca38bc6eb9d4b"},"headline":"Westf\u00e4lische Tanzgruppe representa Westf\u00e1lia na 34\u00aa Oktoberfest","datePublished":"2018-10-22T16:00:24+00:00","mainEntityOfPage":{"@id":"https:\/\/folhapopular.info\/index.php\/2018\/10\/22\/westfalische-tanzgruppe-representa-westfalia-na-34a-oktoberfest\/"},"wordCount":244,"commentCount":0,"image":{"@id":"https:\/\/folhapopular.info\/index.php\/2018\/10\/22\/westfalische-tanzgruppe-representa-westfalia-na-34a-oktoberfest\/#primaryimage"},"thumbnailUrl":"https:\/\/folhapopular.info\/wp-content\/uploads\/2018\/10\/Dan\u00e7arinos-westfalianos-se-apresentaram-no-lon\u00e3o-de-entrada-do-Parque-da-Oktoberfest_PDV-1-e1540215561370.jpeg","keywords":["Oktoberfest","Westf\u00e1lia","Westf\u00e4lische Tanzgruppe"],"articleSection":["Destaques","Inclusive"],"inLanguage":"pt-BR","potentialAction":[{"@type":"CommentAction","name":"Comment","target":["https:\/\/folhapopular.info\/index.php\/2018\/10\/22\/westfalische-tanzgruppe-representa-westfalia-na-34a-oktoberfest\/#respond"]}]},{"@type":"WebPage","@id":"https:\/\/folhapopular.info\/index.php\/2018\/10\/22\/westfalische-tanzgruppe-representa-westfalia-na-34a-oktoberfest\/","url":"https:\/\/folhapopular.info\/index.php\/2018\/10\/22\/westfalische-tanzgruppe-representa-westfalia-na-34a-oktoberfest\/","name":"Westf\u00e4lische Tanzgruppe representa Westf\u00e1lia na 34\u00aa Oktoberfest - Folha Popular","isPartOf":{"@id":"https:\/\/folhapopular.info\/#website"},"primaryImageOfPage":{"@id":"https:\/\/folhapopular.info\/index.php\/2018\/10\/22\/westfalische-tanzgruppe-representa-westfalia-na-34a-oktoberfest\/#primaryimage"},"image":{"@id":"https:\/\/folhapopular.info\/index.php\/2018\/10\/22\/westfalische-tanzgruppe-representa-westfalia-na-34a-oktoberfest\/#primaryimage"},"thumbnailUrl":"https:\/\/folhapopular.info\/wp-content\/uploads\/2018\/10\/Dan\u00e7arinos-westfalianos-se-apresentaram-no-lon\u00e3o-de-entrada-do-Parque-da-Oktoberfest_PDV-1-e1540215561370.jpeg","datePublished":"2018-10-22T16:00:24+00:00","author":{"@id":"https:\/\/folhapopular.info\/#\/schema\/person\/2814e8a0df7643585a9ca38bc6eb9d4b"},"breadcrumb":{"@id":"https:\/\/folhapopular.info\/index.php\/2018\/10\/22\/westfalische-tanzgruppe-representa-westfalia-na-34a-oktoberfest\/#breadcrumb"},"inLanguage":"pt-BR","potentialAction":[{"@type":"ReadAction","target":["https:\/\/folhapopular.info\/index.php\/2018\/10\/22\/westfalische-tanzgruppe-representa-westfalia-na-34a-oktoberfest\/"]}]},{"@type":"ImageObject","inLanguage":"pt-BR","@id":"https:\/\/folhapopular.info\/index.php\/2018\/10\/22\/westfalische-tanzgruppe-representa-westfalia-na-34a-oktoberfest\/#primaryimage","url":"https:\/\/folhapopular.info\/wp-content\/uploads\/2018\/10\/Dan\u00e7arinos-westfalianos-se-apresentaram-no-lon\u00e3o-de-entrada-do-Parque-da-Oktoberfest_PDV-1-e1540215561370.jpeg","contentUrl":"https:\/\/folhapopular.info\/wp-content\/uploads\/2018\/10\/Dan\u00e7arinos-westfalianos-se-apresentaram-no-lon\u00e3o-de-entrada-do-Parque-da-Oktoberfest_PDV-1-e1540215561370.jpeg","width":800,"height":450,"caption":"Dan\u00e7arinos westfalianos se apresentaram no lon\u00e3o de entrada do Parque da Oktoberfest\/Cr\u00e9dito da foto: Paloma Driemeyer Valandro\/Divulga\u00e7\u00e3o"},{"@type":"BreadcrumbList","@id":"https:\/\/folhapopular.info\/index.php\/2018\/10\/22\/westfalische-tanzgruppe-representa-westfalia-na-34a-oktoberfest\/#breadcrumb","itemListElement":[{"@type":"ListItem","position":1,"name":"In\u00edcio","item":"https:\/\/folhapopular.info\/"},{"@type":"ListItem","position":2,"name":"Westf\u00e4lische Tanzgruppe representa Westf\u00e1lia na 34\u00aa Oktoberfest"}]},{"@type":"WebSite","@id":"https:\/\/folhapopular.info\/#website","url":"https:\/\/folhapopular.info\/","name":"Folha Popular","description":"Onde voc\u00ea tem vez e voz","potentialAction":[{"@type":"SearchAction","target":{"@type":"EntryPoint","urlTemplate":"https:\/\/folhapopular.info\/?s={search_term_string}"},"query-input":{"@type":"PropertyValueSpecification","valueRequired":true,"valueName":"search_term_string"}}],"inLanguage":"pt-BR"},{"@type":"Person","@id":"https:\/\/folhapopular.info\/#\/schema\/person\/2814e8a0df7643585a9ca38bc6eb9d4b","name":"Reda\u00e7\u00e3o Folha Popular","image":{"@type":"ImageObject","inLanguage":"pt-BR","@id":"https:\/\/folhapopular.info\/wp-content\/uploads\/2026\/04\/Folha-1.webp","url":"https:\/\/folhapopular.info\/wp-content\/uploads\/2026\/04\/Folha-1.webp","contentUrl":"https:\/\/folhapopular.info\/wp-content\/uploads\/2026\/04\/Folha-1.webp","caption":"Reda\u00e7\u00e3o Folha Popular"},"url":"https:\/\/folhapopular.info\/index.php\/author\/redacao\/"}]}},"jetpack_featured_media_url":"https:\/\/folhapopular.info\/wp-content\/uploads\/2018\/10\/Dan\u00e7arinos-westfalianos-se-apresentaram-no-lon\u00e3o-de-entrada-do-Parque-da-Oktoberfest_PDV-1-e1540215561370.jpeg","jetpack_sharing_enabled":true,"amp_enabled":true,"_links":{"self":[{"href":"https:\/\/folhapopular.info\/index.php\/wp-json\/wp\/v2\/posts\/49160","targetHints":{"allow":["GET"]}}],"collection":[{"href":"https:\/\/folhapopular.info\/index.php\/wp-json\/wp\/v2\/posts"}],"about":[{"href":"https:\/\/folhapopular.info\/index.php\/wp-json\/wp\/v2\/types\/post"}],"author":[{"embeddable":true,"href":"https:\/\/folhapopular.info\/index.php\/wp-json\/wp\/v2\/users\/8"}],"replies":[{"embeddable":true,"href":"https:\/\/folhapopular.info\/index.php\/wp-json\/wp\/v2\/comments?post=49160"}],"version-history":[{"count":0,"href":"https:\/\/folhapopular.info\/index.php\/wp-json\/wp\/v2\/posts\/49160\/revisions"}],"wp:featuredmedia":[{"embeddable":true,"href":"https:\/\/folhapopular.info\/index.php\/wp-json\/wp\/v2\/media\/49161"}],"wp:attachment":[{"href":"https:\/\/folhapopular.info\/index.php\/wp-json\/wp\/v2\/media?parent=49160"}],"wp:term":[{"taxonomy":"category","embeddable":true,"href":"https:\/\/folhapopular.info\/index.php\/wp-json\/wp\/v2\/categories?post=49160"},{"taxonomy":"post_tag","embeddable":true,"href":"https:\/\/folhapopular.info\/index.php\/wp-json\/wp\/v2\/tags?post=49160"}],"curies":[{"name":"wp","href":"https:\/\/api.w.org\/{rel}","templated":true}]}}