{"id":49343,"date":"2018-10-29T08:21:25","date_gmt":"2018-10-29T11:21:25","guid":{"rendered":"http:\/\/folhapopular.info\/?p=49343"},"modified":"2018-10-29T16:49:43","modified_gmt":"2018-10-29T19:49:43","slug":"condutor-e-detido-apos-acidente-por-embriaguez-em-teutonia","status":"publish","type":"post","link":"https:\/\/folhapopular.info\/index.php\/2018\/10\/29\/condutor-e-detido-apos-acidente-por-embriaguez-em-teutonia\/","title":{"rendered":"Condutor \u00e9 preso por embriaguez ao volante em Teut\u00f4nia"},"content":{"rendered":"<p align=\"justify\"><span style=\"color: #000000\"><span style=\"font-family: arial, sans-serif\"><span style=\"font-size: medium\">Um homem foi preso por embriaguez ao volante em Teut\u00f4nia. O acidente ocorreu por volta das 23h30min deste domingo (28\/10). O condutor estava em um Golf quando colidiu em um Fox, na Rua Dom Pedro II, pr\u00f3ximo ao Centro Cl\u00ednico, no Bairro Canabarro. Segundo informa\u00e7\u00f5es da Brigada Militar, os ve\u00edculos participavam de uma carreata em fun\u00e7\u00e3o do resultado das elei\u00e7\u00f5es deste domingo. O condutor do Golf estava embriagado e com a Carteira Nacional de Habilita\u00e7\u00e3o suspensa. Ele se negou a fazer o teste do etil\u00f4metro, mas foi detido e preso em flagrante por embriaguez ao volante. <\/span><\/span><\/span><\/p>\n","protected":false},"excerpt":{"rendered":"<p>Um homem foi preso por embriaguez ao volante em Teut\u00f4nia. O acidente ocorreu por volta das 23h30min deste domingo (28\/10). O condutor estava em um Golf quando colidiu em um Fox, na Rua Dom Pedro II, pr\u00f3ximo ao Centro Cl\u00ednico, no Bairro Canabarro. Segundo informa\u00e7\u00f5es da Brigada Militar, os ve\u00edculos participavam de uma carreata em [&hellip;]<\/p>\n","protected":false},"author":8,"featured_media":32487,"comment_status":"open","ping_status":"open","sticky":false,"template":"","format":"standard","meta":{"pmpro_default_level":"","_jetpack_memberships_contains_paid_content":false,"footnotes":""},"categories":[7],"tags":[216,832],"class_list":{"0":"post-49343","1":"post","2":"type-post","3":"status-publish","4":"format-standard","5":"has-post-thumbnail","7":"category-seguranca","8":"tag-bairro-canabarro","9":"tag-embriaguez","10":"pmpro-has-access"},"yoast_head":"<!-- This site is optimized with the Yoast SEO plugin v27.5 - https:\/\/yoast.com\/product\/yoast-seo-wordpress\/ -->\n<title>Condutor \u00e9 preso por embriaguez ao volante em Teut\u00f4nia - Folha Popular<\/title>\n<meta name=\"robots\" content=\"index, follow, max-snippet:-1, max-image-preview:large, max-video-preview:-1\" \/>\n<link rel=\"canonical\" href=\"https:\/\/folhapopular.info\/index.php\/2018\/10\/29\/condutor-e-detido-apos-acidente-por-embriaguez-em-teutonia\/\" \/>\n<meta property=\"og:locale\" content=\"pt_BR\" \/>\n<meta property=\"og:type\" content=\"article\" \/>\n<meta property=\"og:title\" content=\"Condutor \u00e9 preso por embriaguez ao volante em Teut\u00f4nia - Folha Popular\" \/>\n<meta property=\"og:description\" content=\"Um homem foi preso por embriaguez ao volante em Teut\u00f4nia. O acidente ocorreu por volta das 23h30min deste domingo (28\/10). O condutor estava em um Golf quando colidiu em um Fox, na Rua Dom Pedro II, pr\u00f3ximo ao Centro Cl\u00ednico, no Bairro Canabarro. Segundo informa\u00e7\u00f5es da Brigada Militar, os ve\u00edculos participavam de uma carreata em [&hellip;]\" \/>\n<meta property=\"og:url\" content=\"https:\/\/folhapopular.info\/index.php\/2018\/10\/29\/condutor-e-detido-apos-acidente-por-embriaguez-em-teutonia\/\" \/>\n<meta property=\"og:site_name\" content=\"Folha Popular\" \/>\n<meta property=\"article:published_time\" content=\"2018-10-29T11:21:25+00:00\" \/>\n<meta property=\"article:modified_time\" content=\"2018-10-29T19:49:43+00:00\" \/>\n<meta property=\"og:image\" content=\"https:\/\/folhapopular.info\/wp-content\/uploads\/2017\/07\/Tr\u00e2nsito_SITE-e1500062800181.jpg\" \/>\n\t<meta property=\"og:image:width\" content=\"1000\" \/>\n\t<meta property=\"og:image:height\" content=\"643\" \/>\n\t<meta property=\"og:image:type\" content=\"image\/jpeg\" \/>\n<meta name=\"author\" content=\"Reda\u00e7\u00e3o Folha Popular\" \/>\n<meta name=\"twitter:card\" content=\"summary_large_image\" \/>\n<meta name=\"twitter:label1\" content=\"Escrito por\" \/>\n\t<meta name=\"twitter:data1\" content=\"Reda\u00e7\u00e3o Folha Popular\" \/>\n\t<meta name=\"twitter:label2\" content=\"Est. tempo de leitura\" \/>\n\t<meta name=\"twitter:data2\" content=\"1 minuto\" \/>\n<script type=\"application\/ld+json\" class=\"yoast-schema-graph\">{\"@context\":\"https:\\\/\\\/schema.org\",\"@graph\":[{\"@type\":\"Article\",\"@id\":\"https:\\\/\\\/folhapopular.info\\\/index.php\\\/2018\\\/10\\\/29\\\/condutor-e-detido-apos-acidente-por-embriaguez-em-teutonia\\\/#article\",\"isPartOf\":{\"@id\":\"https:\\\/\\\/folhapopular.info\\\/index.php\\\/2018\\\/10\\\/29\\\/condutor-e-detido-apos-acidente-por-embriaguez-em-teutonia\\\/\"},\"author\":{\"name\":\"Reda\u00e7\u00e3o Folha Popular\",\"@id\":\"https:\\\/\\\/folhapopular.info\\\/#\\\/schema\\\/person\\\/2814e8a0df7643585a9ca38bc6eb9d4b\"},\"headline\":\"Condutor \u00e9 preso por embriaguez ao volante em Teut\u00f4nia\",\"datePublished\":\"2018-10-29T11:21:25+00:00\",\"dateModified\":\"2018-10-29T19:49:43+00:00\",\"mainEntityOfPage\":{\"@id\":\"https:\\\/\\\/folhapopular.info\\\/index.php\\\/2018\\\/10\\\/29\\\/condutor-e-detido-apos-acidente-por-embriaguez-em-teutonia\\\/\"},\"wordCount\":114,\"commentCount\":0,\"image\":{\"@id\":\"https:\\\/\\\/folhapopular.info\\\/index.php\\\/2018\\\/10\\\/29\\\/condutor-e-detido-apos-acidente-por-embriaguez-em-teutonia\\\/#primaryimage\"},\"thumbnailUrl\":\"https:\\\/\\\/folhapopular.info\\\/wp-content\\\/uploads\\\/2017\\\/07\\\/Tr\u00e2nsito_SITE-e1500062800181.jpg\",\"keywords\":[\"Bairro Canabarro\",\"Embriaguez\"],\"articleSection\":[\"Seguran\u00e7a\"],\"inLanguage\":\"pt-BR\",\"potentialAction\":[{\"@type\":\"CommentAction\",\"name\":\"Comment\",\"target\":[\"https:\\\/\\\/folhapopular.info\\\/index.php\\\/2018\\\/10\\\/29\\\/condutor-e-detido-apos-acidente-por-embriaguez-em-teutonia\\\/#respond\"]}]},{\"@type\":\"WebPage\",\"@id\":\"https:\\\/\\\/folhapopular.info\\\/index.php\\\/2018\\\/10\\\/29\\\/condutor-e-detido-apos-acidente-por-embriaguez-em-teutonia\\\/\",\"url\":\"https:\\\/\\\/folhapopular.info\\\/index.php\\\/2018\\\/10\\\/29\\\/condutor-e-detido-apos-acidente-por-embriaguez-em-teutonia\\\/\",\"name\":\"Condutor \u00e9 preso por embriaguez ao volante em Teut\u00f4nia - Folha Popular\",\"isPartOf\":{\"@id\":\"https:\\\/\\\/folhapopular.info\\\/#website\"},\"primaryImageOfPage\":{\"@id\":\"https:\\\/\\\/folhapopular.info\\\/index.php\\\/2018\\\/10\\\/29\\\/condutor-e-detido-apos-acidente-por-embriaguez-em-teutonia\\\/#primaryimage\"},\"image\":{\"@id\":\"https:\\\/\\\/folhapopular.info\\\/index.php\\\/2018\\\/10\\\/29\\\/condutor-e-detido-apos-acidente-por-embriaguez-em-teutonia\\\/#primaryimage\"},\"thumbnailUrl\":\"https:\\\/\\\/folhapopular.info\\\/wp-content\\\/uploads\\\/2017\\\/07\\\/Tr\u00e2nsito_SITE-e1500062800181.jpg\",\"datePublished\":\"2018-10-29T11:21:25+00:00\",\"dateModified\":\"2018-10-29T19:49:43+00:00\",\"author\":{\"@id\":\"https:\\\/\\\/folhapopular.info\\\/#\\\/schema\\\/person\\\/2814e8a0df7643585a9ca38bc6eb9d4b\"},\"breadcrumb\":{\"@id\":\"https:\\\/\\\/folhapopular.info\\\/index.php\\\/2018\\\/10\\\/29\\\/condutor-e-detido-apos-acidente-por-embriaguez-em-teutonia\\\/#breadcrumb\"},\"inLanguage\":\"pt-BR\",\"potentialAction\":[{\"@type\":\"ReadAction\",\"target\":[\"https:\\\/\\\/folhapopular.info\\\/index.php\\\/2018\\\/10\\\/29\\\/condutor-e-detido-apos-acidente-por-embriaguez-em-teutonia\\\/\"]}]},{\"@type\":\"ImageObject\",\"inLanguage\":\"pt-BR\",\"@id\":\"https:\\\/\\\/folhapopular.info\\\/index.php\\\/2018\\\/10\\\/29\\\/condutor-e-detido-apos-acidente-por-embriaguez-em-teutonia\\\/#primaryimage\",\"url\":\"https:\\\/\\\/folhapopular.info\\\/wp-content\\\/uploads\\\/2017\\\/07\\\/Tr\u00e2nsito_SITE-e1500062800181.jpg\",\"contentUrl\":\"https:\\\/\\\/folhapopular.info\\\/wp-content\\\/uploads\\\/2017\\\/07\\\/Tr\u00e2nsito_SITE-e1500062800181.jpg\",\"width\":1000,\"height\":643},{\"@type\":\"BreadcrumbList\",\"@id\":\"https:\\\/\\\/folhapopular.info\\\/index.php\\\/2018\\\/10\\\/29\\\/condutor-e-detido-apos-acidente-por-embriaguez-em-teutonia\\\/#breadcrumb\",\"itemListElement\":[{\"@type\":\"ListItem\",\"position\":1,\"name\":\"In\u00edcio\",\"item\":\"https:\\\/\\\/folhapopular.info\\\/\"},{\"@type\":\"ListItem\",\"position\":2,\"name\":\"Condutor \u00e9 preso por embriaguez ao volante em Teut\u00f4nia\"}]},{\"@type\":\"WebSite\",\"@id\":\"https:\\\/\\\/folhapopular.info\\\/#website\",\"url\":\"https:\\\/\\\/folhapopular.info\\\/\",\"name\":\"Folha Popular\",\"description\":\"Onde voc\u00ea tem vez e voz\",\"potentialAction\":[{\"@type\":\"SearchAction\",\"target\":{\"@type\":\"EntryPoint\",\"urlTemplate\":\"https:\\\/\\\/folhapopular.info\\\/?s={search_term_string}\"},\"query-input\":{\"@type\":\"PropertyValueSpecification\",\"valueRequired\":true,\"valueName\":\"search_term_string\"}}],\"inLanguage\":\"pt-BR\"},{\"@type\":\"Person\",\"@id\":\"https:\\\/\\\/folhapopular.info\\\/#\\\/schema\\\/person\\\/2814e8a0df7643585a9ca38bc6eb9d4b\",\"name\":\"Reda\u00e7\u00e3o Folha Popular\",\"image\":{\"@type\":\"ImageObject\",\"inLanguage\":\"pt-BR\",\"@id\":\"https:\\\/\\\/folhapopular.info\\\/wp-content\\\/uploads\\\/2026\\\/04\\\/Folha-1.webp\",\"url\":\"https:\\\/\\\/folhapopular.info\\\/wp-content\\\/uploads\\\/2026\\\/04\\\/Folha-1.webp\",\"contentUrl\":\"https:\\\/\\\/folhapopular.info\\\/wp-content\\\/uploads\\\/2026\\\/04\\\/Folha-1.webp\",\"caption\":\"Reda\u00e7\u00e3o Folha Popular\"},\"url\":\"https:\\\/\\\/folhapopular.info\\\/index.php\\\/author\\\/redacao\\\/\"}]}<\/script>\n<!-- \/ Yoast SEO plugin. -->","yoast_head_json":{"title":"Condutor \u00e9 preso por embriaguez ao volante em Teut\u00f4nia - Folha Popular","robots":{"index":"index","follow":"follow","max-snippet":"max-snippet:-1","max-image-preview":"max-image-preview:large","max-video-preview":"max-video-preview:-1"},"canonical":"https:\/\/folhapopular.info\/index.php\/2018\/10\/29\/condutor-e-detido-apos-acidente-por-embriaguez-em-teutonia\/","og_locale":"pt_BR","og_type":"article","og_title":"Condutor \u00e9 preso por embriaguez ao volante em Teut\u00f4nia - Folha Popular","og_description":"Um homem foi preso por embriaguez ao volante em Teut\u00f4nia. O acidente ocorreu por volta das 23h30min deste domingo (28\/10). O condutor estava em um Golf quando colidiu em um Fox, na Rua Dom Pedro II, pr\u00f3ximo ao Centro Cl\u00ednico, no Bairro Canabarro. Segundo informa\u00e7\u00f5es da Brigada Militar, os ve\u00edculos participavam de uma carreata em [&hellip;]","og_url":"https:\/\/folhapopular.info\/index.php\/2018\/10\/29\/condutor-e-detido-apos-acidente-por-embriaguez-em-teutonia\/","og_site_name":"Folha Popular","article_published_time":"2018-10-29T11:21:25+00:00","article_modified_time":"2018-10-29T19:49:43+00:00","og_image":[{"width":1000,"height":643,"url":"https:\/\/folhapopular.info\/wp-content\/uploads\/2017\/07\/Tr\u00e2nsito_SITE-e1500062800181.jpg","type":"image\/jpeg"}],"author":"Reda\u00e7\u00e3o Folha Popular","twitter_card":"summary_large_image","twitter_misc":{"Escrito por":"Reda\u00e7\u00e3o Folha Popular","Est. tempo de leitura":"1 minuto"},"schema":{"@context":"https:\/\/schema.org","@graph":[{"@type":"Article","@id":"https:\/\/folhapopular.info\/index.php\/2018\/10\/29\/condutor-e-detido-apos-acidente-por-embriaguez-em-teutonia\/#article","isPartOf":{"@id":"https:\/\/folhapopular.info\/index.php\/2018\/10\/29\/condutor-e-detido-apos-acidente-por-embriaguez-em-teutonia\/"},"author":{"name":"Reda\u00e7\u00e3o Folha Popular","@id":"https:\/\/folhapopular.info\/#\/schema\/person\/2814e8a0df7643585a9ca38bc6eb9d4b"},"headline":"Condutor \u00e9 preso por embriaguez ao volante em Teut\u00f4nia","datePublished":"2018-10-29T11:21:25+00:00","dateModified":"2018-10-29T19:49:43+00:00","mainEntityOfPage":{"@id":"https:\/\/folhapopular.info\/index.php\/2018\/10\/29\/condutor-e-detido-apos-acidente-por-embriaguez-em-teutonia\/"},"wordCount":114,"commentCount":0,"image":{"@id":"https:\/\/folhapopular.info\/index.php\/2018\/10\/29\/condutor-e-detido-apos-acidente-por-embriaguez-em-teutonia\/#primaryimage"},"thumbnailUrl":"https:\/\/folhapopular.info\/wp-content\/uploads\/2017\/07\/Tr\u00e2nsito_SITE-e1500062800181.jpg","keywords":["Bairro Canabarro","Embriaguez"],"articleSection":["Seguran\u00e7a"],"inLanguage":"pt-BR","potentialAction":[{"@type":"CommentAction","name":"Comment","target":["https:\/\/folhapopular.info\/index.php\/2018\/10\/29\/condutor-e-detido-apos-acidente-por-embriaguez-em-teutonia\/#respond"]}]},{"@type":"WebPage","@id":"https:\/\/folhapopular.info\/index.php\/2018\/10\/29\/condutor-e-detido-apos-acidente-por-embriaguez-em-teutonia\/","url":"https:\/\/folhapopular.info\/index.php\/2018\/10\/29\/condutor-e-detido-apos-acidente-por-embriaguez-em-teutonia\/","name":"Condutor \u00e9 preso por embriaguez ao volante em Teut\u00f4nia - Folha Popular","isPartOf":{"@id":"https:\/\/folhapopular.info\/#website"},"primaryImageOfPage":{"@id":"https:\/\/folhapopular.info\/index.php\/2018\/10\/29\/condutor-e-detido-apos-acidente-por-embriaguez-em-teutonia\/#primaryimage"},"image":{"@id":"https:\/\/folhapopular.info\/index.php\/2018\/10\/29\/condutor-e-detido-apos-acidente-por-embriaguez-em-teutonia\/#primaryimage"},"thumbnailUrl":"https:\/\/folhapopular.info\/wp-content\/uploads\/2017\/07\/Tr\u00e2nsito_SITE-e1500062800181.jpg","datePublished":"2018-10-29T11:21:25+00:00","dateModified":"2018-10-29T19:49:43+00:00","author":{"@id":"https:\/\/folhapopular.info\/#\/schema\/person\/2814e8a0df7643585a9ca38bc6eb9d4b"},"breadcrumb":{"@id":"https:\/\/folhapopular.info\/index.php\/2018\/10\/29\/condutor-e-detido-apos-acidente-por-embriaguez-em-teutonia\/#breadcrumb"},"inLanguage":"pt-BR","potentialAction":[{"@type":"ReadAction","target":["https:\/\/folhapopular.info\/index.php\/2018\/10\/29\/condutor-e-detido-apos-acidente-por-embriaguez-em-teutonia\/"]}]},{"@type":"ImageObject","inLanguage":"pt-BR","@id":"https:\/\/folhapopular.info\/index.php\/2018\/10\/29\/condutor-e-detido-apos-acidente-por-embriaguez-em-teutonia\/#primaryimage","url":"https:\/\/folhapopular.info\/wp-content\/uploads\/2017\/07\/Tr\u00e2nsito_SITE-e1500062800181.jpg","contentUrl":"https:\/\/folhapopular.info\/wp-content\/uploads\/2017\/07\/Tr\u00e2nsito_SITE-e1500062800181.jpg","width":1000,"height":643},{"@type":"BreadcrumbList","@id":"https:\/\/folhapopular.info\/index.php\/2018\/10\/29\/condutor-e-detido-apos-acidente-por-embriaguez-em-teutonia\/#breadcrumb","itemListElement":[{"@type":"ListItem","position":1,"name":"In\u00edcio","item":"https:\/\/folhapopular.info\/"},{"@type":"ListItem","position":2,"name":"Condutor \u00e9 preso por embriaguez ao volante em Teut\u00f4nia"}]},{"@type":"WebSite","@id":"https:\/\/folhapopular.info\/#website","url":"https:\/\/folhapopular.info\/","name":"Folha Popular","description":"Onde voc\u00ea tem vez e voz","potentialAction":[{"@type":"SearchAction","target":{"@type":"EntryPoint","urlTemplate":"https:\/\/folhapopular.info\/?s={search_term_string}"},"query-input":{"@type":"PropertyValueSpecification","valueRequired":true,"valueName":"search_term_string"}}],"inLanguage":"pt-BR"},{"@type":"Person","@id":"https:\/\/folhapopular.info\/#\/schema\/person\/2814e8a0df7643585a9ca38bc6eb9d4b","name":"Reda\u00e7\u00e3o Folha Popular","image":{"@type":"ImageObject","inLanguage":"pt-BR","@id":"https:\/\/folhapopular.info\/wp-content\/uploads\/2026\/04\/Folha-1.webp","url":"https:\/\/folhapopular.info\/wp-content\/uploads\/2026\/04\/Folha-1.webp","contentUrl":"https:\/\/folhapopular.info\/wp-content\/uploads\/2026\/04\/Folha-1.webp","caption":"Reda\u00e7\u00e3o Folha Popular"},"url":"https:\/\/folhapopular.info\/index.php\/author\/redacao\/"}]}},"jetpack_featured_media_url":"https:\/\/folhapopular.info\/wp-content\/uploads\/2017\/07\/Tr\u00e2nsito_SITE-e1500062800181.jpg","jetpack_sharing_enabled":true,"amp_enabled":true,"_links":{"self":[{"href":"https:\/\/folhapopular.info\/index.php\/wp-json\/wp\/v2\/posts\/49343","targetHints":{"allow":["GET"]}}],"collection":[{"href":"https:\/\/folhapopular.info\/index.php\/wp-json\/wp\/v2\/posts"}],"about":[{"href":"https:\/\/folhapopular.info\/index.php\/wp-json\/wp\/v2\/types\/post"}],"author":[{"embeddable":true,"href":"https:\/\/folhapopular.info\/index.php\/wp-json\/wp\/v2\/users\/8"}],"replies":[{"embeddable":true,"href":"https:\/\/folhapopular.info\/index.php\/wp-json\/wp\/v2\/comments?post=49343"}],"version-history":[{"count":0,"href":"https:\/\/folhapopular.info\/index.php\/wp-json\/wp\/v2\/posts\/49343\/revisions"}],"wp:featuredmedia":[{"embeddable":true,"href":"https:\/\/folhapopular.info\/index.php\/wp-json\/wp\/v2\/media\/32487"}],"wp:attachment":[{"href":"https:\/\/folhapopular.info\/index.php\/wp-json\/wp\/v2\/media?parent=49343"}],"wp:term":[{"taxonomy":"category","embeddable":true,"href":"https:\/\/folhapopular.info\/index.php\/wp-json\/wp\/v2\/categories?post=49343"},{"taxonomy":"post_tag","embeddable":true,"href":"https:\/\/folhapopular.info\/index.php\/wp-json\/wp\/v2\/tags?post=49343"}],"curies":[{"name":"wp","href":"https:\/\/api.w.org\/{rel}","templated":true}]}}